{"id":77955,"date":"2025-02-28T12:38:07","date_gmt":"2025-02-28T11:38:07","guid":{"rendered":"https:\/\/balkangreenenergynews.com\/rs\/?p=77955"},"modified":"2025-02-28T16:11:46","modified_gmt":"2025-02-28T15:11:46","slug":"svetski-dan-divljih-vrsta-2025-ulaganje-u-prirodu-za-odrzivu-buducnost","status":"publish","type":"post","link":"https:\/\/balkangreenenergynews.com\/rs\/svetski-dan-divljih-vrsta-2025-ulaganje-u-prirodu-za-odrzivu-buducnost\/","title":{"rendered":"Svetski dan divljih vrsta 2025: Ulaganje u prirodu za odr\u017eivu budu\u0107nost"},"content":{"rendered":"<h2 data-start=\"135\" data-end=\"533\">Svetski dan divljih vrsta obele\u017eava se svake godine 3. marta, podse\u0107aju\u0107i na bogatstvo biljnog i \u017eivotinjskog sveta, ali i na izazove koji ga ugro\u017eavaju. Ovogodi\u0161nja tema &#8216;Finansiranje o\u010duvanja divljih vrsta: Ulaganje u ljude i planetu&#8217;\u00a0nagla\u0161ava hitnu potrebu za mobilizacijom finansijskih sredstava kako bi se zaustavio gubitak biodiverziteta i osigurala odr\u017eiva budu\u0107nost.<\/h2>\n<p data-pm-slice=\"1 1 []\">Datum obele\u017eavanja Svetskog dana divljih vrsta simboli\u010dno je izabran. Naime, upravo 3. marta 1973. godine potpisana je Konvencija o me\u0111unarodnoj trgovini ugro\u017eenim vrstama divlje faune i flore (CITES), klju\u010dni sporazum za za\u0161titu biodiverziteta.<\/p>\n<p>Danas se planeta suo\u010dava sa tri istovremene i me\u0111usobno povezane krize za koje je u najve\u0107oj meri odgovoran \u010dovek: klimatskim promenama, gubitkom biodiverziteta i zaga\u0111enjem.<\/p>\n<p data-pm-slice=\"1 1 []\">Neodr\u017eiva eksploatacija resursa, krivolov, uni\u0161tavanje stani\u0161ta i klimatske promene ozbiljno ugro\u017eavaju mnoge vrste. Izve\u0161taj o stanju planete Svetskog fonda za prirodu (<span lang=\"en\"><span lang=\"en\" title=\"\u0435\u043d\u0433\u043b\u0435\u0441\u043a\u0438 \u0442\u0435\u043a\u0441\u0442\">WWF<\/span><\/span>) za 2024. godinu pokazuje da je prose\u010dna veli\u010dina populacija divljih vrsta opala za 73 odsto od 1970. godine.<\/p>\n<div>\n<div>Na Crvenoj listi ugro\u017eenih vrsta koju vodi Me\u0111unarodna unija za o\u010duvanje prirode (IUCN) trenutno se nalazi 166.000 vrsta, od kojih je 46.300 vrsta kojima preti izumiranje.<\/div>\n<div>\n<p><iframe loading=\"lazy\" title=\"Wildlife Conservation Finance: Investing in People and Planet\" width=\"500\" height=\"281\" src=\"https:\/\/www.youtube.com\/embed\/OPEDvG66cXM?feature=oembed\" frameborder=\"0\" allow=\"accelerometer; autoplay; clipboard-write; encrypted-media; gyroscope; picture-in-picture; web-share\" referrerpolicy=\"strict-origin-when-cross-origin\" allowfullscreen><\/iframe><\/p>\n<\/div>\n<\/div>\n<p>Istovremeno, vi\u0161e od polovine svetskog bruto dru\u0161tvenog proizvoda zavisi od prirodnih resursa, zbog \u010dega gubitak biodiverziteta postaje sve ve\u0107a pretnja finansijskoj stabilnosti i sredstvima za \u017eivot. Upravo zato <a href=\"https:\/\/www.wildlifeday.org\/en\/about\">tema ovogodi\u0161njeg<\/a> Svetskog dana divljih vrsta glasi &#8216;Finansiranje o\u010duvanja divljih vrsta: Ulaganje u ljude i planetu&#8217;.<\/p>\n<p>Trenutni finansijski tokovi nisu dovoljni da vlade ispune nacionalne ciljeve o\u010duvanja biodiverziteta, posebno u \u017eari\u0161tima biodiverziteta koji se nalaze u zemljama sa niskim i srednjim prihodima. \u017dari\u0161ta biodiverziteta predstavljaju biogeografske regione koje karakteri\u0161e visok stepen endemizma flore i znatan stepen degradacije primarnih stani\u0161ta.<\/p>\n<p>Prema procenama, svake godine je potrebno ulo\u017eiti 824 milijarde dolara u o\u010duvanje biodiverziteta. Za sada se godi\u0161nje ula\u017ee 143 milijarde dolara, \u0161to je zna\u010dajno manje. Generalni sekretar Ujedinjenih nacija Antonio Guteres pozvao je na pove\u0107anje finansiranja ciljeva odr\u017eivog razvoja (SDG) za najmanje 500 milijardi dolara godi\u0161nje, uklju\u010duju\u0107i za\u0161titu prirode.<\/p>\n<p>&#8222;Na nama je odgovornost da oslobodimo potencijal finansijskog sektora i ugradimo ekolo\u0161ke aspekte u investicione sfere. Finansiranje o\u010duvanja divljih vrsta nije samo za\u0161tita biljnih i \u017eivotinjskih vrsta u njihovim prirodnim stani\u0161tima, ve\u0107 i o\u010duvanje globalnog biodiverziteta, koji odr\u017eava ekosisteme i zajednice \u0161irom sveta&#8220;, rekla je Generalna sekretarka CITES-a Ivon Iguero.<\/p>\n<h3>Inovativni mehanizmni finansiranja<\/h3>\n<p data-start=\"0\" data-end=\"262\">S obzirom na sve ve\u0107i jaz izme\u0111u potrebnih i dostupnih sredstava, pa\u017enja se usmerava ka inovativnim finansijskim mehanizmima. Globalni okvir za biodiverzitet Kunming-Montreal postavio je ambiciozne ciljeve za suzbijanje gubitka biodiverziteta do 2030. godine, uklju\u010duju\u0107i mobilizaciju najmanje 200 milijardi dolara godi\u0161nje i ukidanje ili reformu subvencija koje \u0161tete \u017eivotnoj sredini.<\/p>\n<p data-pm-slice=\"1 1 []\">Programi poput Duga za prirodu omogu\u0107avaju da se deo dr\u017eavnog duga preusmeri u fondove za za\u0161titu ekosistema. Obveznice za o\u010duvanje divljih vrsta podsti\u010du privatne investicije u za\u0161titu ugro\u017eenih \u017eivotinja, dok pla\u0107anja za ekosistemske usluge omogu\u0107avaju da vlasnici zemlji\u0161ta i lokalne zajednice ostvaruju prihod kroz o\u010duvanje prirodnih resursa.<\/p>\n<p data-pm-slice=\"1 1 []\">Svetski dan divljih vrsta 2025. godine poslu\u017ei\u0107e kao platforma za razmenu znanja, istra\u017eivanje finansijskih inovacija i ja\u010danje saradnje izme\u0111u vlada, privatnog sektora i civilnog dru\u0161tva.<\/p>\n<p data-start=\"3147\" data-end=\"3459\">Pored glavnog doga\u0111aja Ujedinjenih nacija, koji \u0107e se odr\u017eati 3. marta u Palati nacija u \u017denevi, obele\u017eavanje Svetskog dana divljih vrsta uklju\u010duje i online aktivnosti: filmski festival Jackson Wild i Me\u0111unarodni umetni\u010dki konkurs za mlade kojeg organizuje Me\u0111unarodni fond za za\u0161titu \u017eivotinja (IFAW).<\/p>\n","protected":false},"excerpt":{"rendered":"<p>Svetski dan divljih vrsta obele\u017eava se 3. marta, podse\u0107aju\u0107i na bogatstvo biljnog i \u017eivotinjskog sveta, ali i na izazove koji ga ugro\u017eavaju.<\/p>\n","protected":false},"author":34,"featured_media":77972,"comment_status":"open","ping_status":"open","sticky":false,"template":"","format":"standard","meta":{"_acf_changed":false,"_monsterinsights_skip_tracking":false,"_monsterinsights_sitenote_active":false,"_monsterinsights_sitenote_note":"","_monsterinsights_sitenote_category":0,"footnotes":""},"categories":[5253,4],"tags":[1739,809,6467,5404,886],"class_list":["post-77955","post","type-post","status-publish","format-standard","has-post-thumbnail","hentry","category-biodiverzitet","category-zivotna-sredina","tag-biodiverzitet","tag-ciljevi-odrzivog-razvoja","tag-crvena-lista","tag-iucn","tag-wwf","country-svet"],"acf":[],"yoast_head":"<!-- This site is optimized with the Yoast SEO plugin v27.4 - https:\/\/yoast.com\/product\/yoast-seo-wordpress\/ -->\n<title>Svetski dan divljih vrsta 2025: Ulaganje u prirodu za odr\u017eivu budu\u0107nost<\/title>\n<meta name=\"description\" content=\"Svetski dan divljih vrsta obele\u017eava se 3. marta, podse\u0107aju\u0107i na bogatstvo biljnog i \u017eivotinjskog sveta, ali i na izazove koji ga ugro\u017eavaju.\" \/>\n<meta name=\"robots\" content=\"index, follow, max-snippet:-1, max-image-preview:large, max-video-preview:-1\" \/>\n<link rel=\"canonical\" href=\"https:\/\/balkangreenenergynews.com\/rs\/svetski-dan-divljih-vrsta-2025-ulaganje-u-prirodu-za-odrzivu-buducnost\/\" \/>\n<meta property=\"og:locale\" content=\"sr_RS\" \/>\n<meta property=\"og:type\" content=\"article\" \/>\n<meta property=\"og:title\" content=\"Svetski dan divljih vrsta 2025: Ulaganje u prirodu za odr\u017eivu budu\u0107nost\" \/>\n<meta property=\"og:description\" content=\"Svetski dan divljih vrsta obele\u017eava se 3. marta, podse\u0107aju\u0107i na bogatstvo biljnog i \u017eivotinjskog sveta, ali i na izazove koji ga ugro\u017eavaju.\" \/>\n<meta property=\"og:url\" content=\"https:\/\/balkangreenenergynews.com\/rs\/svetski-dan-divljih-vrsta-2025-ulaganje-u-prirodu-za-odrzivu-buducnost\/\" \/>\n<meta property=\"og:site_name\" content=\"Balkan Green Energy News\" \/>\n<meta property=\"article:published_time\" content=\"2025-02-28T11:38:07+00:00\" \/>\n<meta property=\"article:modified_time\" content=\"2025-02-28T15:11:46+00:00\" \/>\n<meta property=\"og:image\" content=\"https:\/\/balkangreenenergynews.com\/rs\/wp-content\/uploads\/2025\/02\/svetski-dan-divljih-vrsta.png?wsr\" \/>\n\t<meta property=\"og:image:width\" content=\"840\" \/>\n\t<meta property=\"og:image:height\" content=\"430\" \/>\n\t<meta property=\"og:image:type\" content=\"image\/png\" \/>\n<meta name=\"author\" content=\"Jelisaveta Peri\u0161i\u0107\" \/>\n<meta name=\"twitter:card\" content=\"summary_large_image\" \/>\n<meta name=\"twitter:label1\" content=\"\u041d\u0430\u043f\u0438\u0441\u0430\u043d\u043e \u043e\u0434\" \/>\n\t<meta name=\"twitter:data1\" content=\"Jelisaveta Peri\u0161i\u0107\" \/>\n\t<meta name=\"twitter:label2\" content=\"\u041f\u0440\u043e\u0446\u0435\u045a\u0435\u043d\u043e \u0432\u0440\u0435\u043c\u0435 \u0447\u0438\u0442\u0430\u045a\u0430\" \/>\n\t<meta name=\"twitter:data2\" content=\"4 \u043c\u0438\u043d\u0443\u0442\u0430\" \/>\n<script type=\"application\/ld+json\" class=\"yoast-schema-graph\">{\"@context\":\"https:\\\/\\\/schema.org\",\"@graph\":[{\"@type\":\"Article\",\"@id\":\"https:\\\/\\\/balkangreenenergynews.com\\\/rs\\\/svetski-dan-divljih-vrsta-2025-ulaganje-u-prirodu-za-odrzivu-buducnost\\\/#article\",\"isPartOf\":{\"@id\":\"https:\\\/\\\/balkangreenenergynews.com\\\/rs\\\/svetski-dan-divljih-vrsta-2025-ulaganje-u-prirodu-za-odrzivu-buducnost\\\/\"},\"author\":{\"name\":\"Jelisaveta Peri\u0161i\u0107\",\"@id\":\"https:\\\/\\\/balkangreenenergynews.com\\\/rs\\\/#\\\/schema\\\/person\\\/4b3c5831bbc05a72630d12560df2b3f8\"},\"headline\":\"Svetski dan divljih vrsta 2025: Ulaganje u prirodu za odr\u017eivu budu\u0107nost\",\"datePublished\":\"2025-02-28T11:38:07+00:00\",\"dateModified\":\"2025-02-28T15:11:46+00:00\",\"mainEntityOfPage\":{\"@id\":\"https:\\\/\\\/balkangreenenergynews.com\\\/rs\\\/svetski-dan-divljih-vrsta-2025-ulaganje-u-prirodu-za-odrzivu-buducnost\\\/\"},\"wordCount\":627,\"commentCount\":0,\"image\":{\"@id\":\"https:\\\/\\\/balkangreenenergynews.com\\\/rs\\\/svetski-dan-divljih-vrsta-2025-ulaganje-u-prirodu-za-odrzivu-buducnost\\\/#primaryimage\"},\"thumbnailUrl\":\"https:\\\/\\\/balkangreenenergynews.com\\\/rs\\\/wp-content\\\/uploads\\\/2025\\\/02\\\/svetski-dan-divljih-vrsta.png?wsr\",\"keywords\":[\"biodiverzitet\",\"ciljevi odr\u017eivog razvoja\",\"Crvena lista\",\"IUCN\",\"WWF\"],\"articleSection\":[\"Biodiverzitet\",\"\u017divotna sredina\"],\"inLanguage\":\"sr-RS\",\"potentialAction\":[{\"@type\":\"CommentAction\",\"name\":\"Comment\",\"target\":[\"https:\\\/\\\/balkangreenenergynews.com\\\/rs\\\/svetski-dan-divljih-vrsta-2025-ulaganje-u-prirodu-za-odrzivu-buducnost\\\/#respond\"]}]},{\"@type\":\"WebPage\",\"@id\":\"https:\\\/\\\/balkangreenenergynews.com\\\/rs\\\/svetski-dan-divljih-vrsta-2025-ulaganje-u-prirodu-za-odrzivu-buducnost\\\/\",\"url\":\"https:\\\/\\\/balkangreenenergynews.com\\\/rs\\\/svetski-dan-divljih-vrsta-2025-ulaganje-u-prirodu-za-odrzivu-buducnost\\\/\",\"name\":\"Svetski dan divljih vrsta 2025: Ulaganje u prirodu za odr\u017eivu budu\u0107nost\",\"isPartOf\":{\"@id\":\"https:\\\/\\\/balkangreenenergynews.com\\\/rs\\\/#website\"},\"primaryImageOfPage\":{\"@id\":\"https:\\\/\\\/balkangreenenergynews.com\\\/rs\\\/svetski-dan-divljih-vrsta-2025-ulaganje-u-prirodu-za-odrzivu-buducnost\\\/#primaryimage\"},\"image\":{\"@id\":\"https:\\\/\\\/balkangreenenergynews.com\\\/rs\\\/svetski-dan-divljih-vrsta-2025-ulaganje-u-prirodu-za-odrzivu-buducnost\\\/#primaryimage\"},\"thumbnailUrl\":\"https:\\\/\\\/balkangreenenergynews.com\\\/rs\\\/wp-content\\\/uploads\\\/2025\\\/02\\\/svetski-dan-divljih-vrsta.png?wsr\",\"datePublished\":\"2025-02-28T11:38:07+00:00\",\"dateModified\":\"2025-02-28T15:11:46+00:00\",\"author\":{\"@id\":\"https:\\\/\\\/balkangreenenergynews.com\\\/rs\\\/#\\\/schema\\\/person\\\/4b3c5831bbc05a72630d12560df2b3f8\"},\"description\":\"Svetski dan divljih vrsta obele\u017eava se 3. marta, podse\u0107aju\u0107i na bogatstvo biljnog i \u017eivotinjskog sveta, ali i na izazove koji ga ugro\u017eavaju.\",\"breadcrumb\":{\"@id\":\"https:\\\/\\\/balkangreenenergynews.com\\\/rs\\\/svetski-dan-divljih-vrsta-2025-ulaganje-u-prirodu-za-odrzivu-buducnost\\\/#breadcrumb\"},\"inLanguage\":\"sr-RS\",\"potentialAction\":[{\"@type\":\"ReadAction\",\"target\":[\"https:\\\/\\\/balkangreenenergynews.com\\\/rs\\\/svetski-dan-divljih-vrsta-2025-ulaganje-u-prirodu-za-odrzivu-buducnost\\\/\"]}]},{\"@type\":\"ImageObject\",\"inLanguage\":\"sr-RS\",\"@id\":\"https:\\\/\\\/balkangreenenergynews.com\\\/rs\\\/svetski-dan-divljih-vrsta-2025-ulaganje-u-prirodu-za-odrzivu-buducnost\\\/#primaryimage\",\"url\":\"https:\\\/\\\/balkangreenenergynews.com\\\/rs\\\/wp-content\\\/uploads\\\/2025\\\/02\\\/svetski-dan-divljih-vrsta.png?wsr\",\"contentUrl\":\"https:\\\/\\\/balkangreenenergynews.com\\\/rs\\\/wp-content\\\/uploads\\\/2025\\\/02\\\/svetski-dan-divljih-vrsta.png?wsr\",\"width\":840,\"height\":430,\"caption\":\"svetski dan divljih vrsta\"},{\"@type\":\"BreadcrumbList\",\"@id\":\"https:\\\/\\\/balkangreenenergynews.com\\\/rs\\\/svetski-dan-divljih-vrsta-2025-ulaganje-u-prirodu-za-odrzivu-buducnost\\\/#breadcrumb\",\"itemListElement\":[{\"@type\":\"ListItem\",\"position\":1,\"name\":\"Po\u010detna\",\"item\":\"https:\\\/\\\/balkangreenenergynews.com\\\/rs\\\/\"},{\"@type\":\"ListItem\",\"position\":2,\"name\":\"Vesti\",\"item\":\"https:\\\/\\\/balkangreenenergynews.com\\\/rs\\\/kategorija\\\/vesti\\\/\"},{\"@type\":\"ListItem\",\"position\":3,\"name\":\"Biodiverzitet\",\"item\":\"https:\\\/\\\/balkangreenenergynews.com\\\/rs\\\/kategorija\\\/vesti\\\/biodiverzitet\\\/\"},{\"@type\":\"ListItem\",\"position\":4,\"name\":\"Svetski dan divljih vrsta 2025: Ulaganje u prirodu za odr\u017eivu budu\u0107nost\"}]},{\"@type\":\"WebSite\",\"@id\":\"https:\\\/\\\/balkangreenenergynews.com\\\/rs\\\/#website\",\"url\":\"https:\\\/\\\/balkangreenenergynews.com\\\/rs\\\/\",\"name\":\"Balkan Green Energy News\",\"description\":\"Naj\u0161iri izbor vesti sa Balkana o zelenoj energiji\",\"potentialAction\":[{\"@type\":\"SearchAction\",\"target\":{\"@type\":\"EntryPoint\",\"urlTemplate\":\"https:\\\/\\\/balkangreenenergynews.com\\\/rs\\\/?s={search_term_string}\"},\"query-input\":{\"@type\":\"PropertyValueSpecification\",\"valueRequired\":true,\"valueName\":\"search_term_string\"}}],\"inLanguage\":\"sr-RS\"},{\"@type\":\"Person\",\"@id\":\"https:\\\/\\\/balkangreenenergynews.com\\\/rs\\\/#\\\/schema\\\/person\\\/4b3c5831bbc05a72630d12560df2b3f8\",\"name\":\"Jelisaveta Peri\u0161i\u0107\",\"url\":\"https:\\\/\\\/balkangreenenergynews.com\\\/rs\\\/author\\\/jelisavet-perisic\\\/\"}]}<\/script>\n<!-- \/ Yoast SEO plugin. -->","yoast_head_json":{"title":"Svetski dan divljih vrsta 2025: Ulaganje u prirodu za odr\u017eivu budu\u0107nost","description":"Svetski dan divljih vrsta obele\u017eava se 3. marta, podse\u0107aju\u0107i na bogatstvo biljnog i \u017eivotinjskog sveta, ali i na izazove koji ga ugro\u017eavaju.","robots":{"index":"index","follow":"follow","max-snippet":"max-snippet:-1","max-image-preview":"max-image-preview:large","max-video-preview":"max-video-preview:-1"},"canonical":"https:\/\/balkangreenenergynews.com\/rs\/svetski-dan-divljih-vrsta-2025-ulaganje-u-prirodu-za-odrzivu-buducnost\/","og_locale":"sr_RS","og_type":"article","og_title":"Svetski dan divljih vrsta 2025: Ulaganje u prirodu za odr\u017eivu budu\u0107nost","og_description":"Svetski dan divljih vrsta obele\u017eava se 3. marta, podse\u0107aju\u0107i na bogatstvo biljnog i \u017eivotinjskog sveta, ali i na izazove koji ga ugro\u017eavaju.","og_url":"https:\/\/balkangreenenergynews.com\/rs\/svetski-dan-divljih-vrsta-2025-ulaganje-u-prirodu-za-odrzivu-buducnost\/","og_site_name":"Balkan Green Energy News","article_published_time":"2025-02-28T11:38:07+00:00","article_modified_time":"2025-02-28T15:11:46+00:00","og_image":[{"width":840,"height":430,"url":"https:\/\/balkangreenenergynews.com\/rs\/wp-content\/uploads\/2025\/02\/svetski-dan-divljih-vrsta.png?wsr","type":"image\/png"}],"author":"Jelisaveta Peri\u0161i\u0107","twitter_card":"summary_large_image","twitter_misc":{"\u041d\u0430\u043f\u0438\u0441\u0430\u043d\u043e \u043e\u0434":"Jelisaveta Peri\u0161i\u0107","\u041f\u0440\u043e\u0446\u0435\u045a\u0435\u043d\u043e \u0432\u0440\u0435\u043c\u0435 \u0447\u0438\u0442\u0430\u045a\u0430":"4 \u043c\u0438\u043d\u0443\u0442\u0430"},"schema":{"@context":"https:\/\/schema.org","@graph":[{"@type":"Article","@id":"https:\/\/balkangreenenergynews.com\/rs\/svetski-dan-divljih-vrsta-2025-ulaganje-u-prirodu-za-odrzivu-buducnost\/#article","isPartOf":{"@id":"https:\/\/balkangreenenergynews.com\/rs\/svetski-dan-divljih-vrsta-2025-ulaganje-u-prirodu-za-odrzivu-buducnost\/"},"author":{"name":"Jelisaveta Peri\u0161i\u0107","@id":"https:\/\/balkangreenenergynews.com\/rs\/#\/schema\/person\/4b3c5831bbc05a72630d12560df2b3f8"},"headline":"Svetski dan divljih vrsta 2025: Ulaganje u prirodu za odr\u017eivu budu\u0107nost","datePublished":"2025-02-28T11:38:07+00:00","dateModified":"2025-02-28T15:11:46+00:00","mainEntityOfPage":{"@id":"https:\/\/balkangreenenergynews.com\/rs\/svetski-dan-divljih-vrsta-2025-ulaganje-u-prirodu-za-odrzivu-buducnost\/"},"wordCount":627,"commentCount":0,"image":{"@id":"https:\/\/balkangreenenergynews.com\/rs\/svetski-dan-divljih-vrsta-2025-ulaganje-u-prirodu-za-odrzivu-buducnost\/#primaryimage"},"thumbnailUrl":"https:\/\/balkangreenenergynews.com\/rs\/wp-content\/uploads\/2025\/02\/svetski-dan-divljih-vrsta.png?wsr","keywords":["biodiverzitet","ciljevi odr\u017eivog razvoja","Crvena lista","IUCN","WWF"],"articleSection":["Biodiverzitet","\u017divotna sredina"],"inLanguage":"sr-RS","potentialAction":[{"@type":"CommentAction","name":"Comment","target":["https:\/\/balkangreenenergynews.com\/rs\/svetski-dan-divljih-vrsta-2025-ulaganje-u-prirodu-za-odrzivu-buducnost\/#respond"]}]},{"@type":"WebPage","@id":"https:\/\/balkangreenenergynews.com\/rs\/svetski-dan-divljih-vrsta-2025-ulaganje-u-prirodu-za-odrzivu-buducnost\/","url":"https:\/\/balkangreenenergynews.com\/rs\/svetski-dan-divljih-vrsta-2025-ulaganje-u-prirodu-za-odrzivu-buducnost\/","name":"Svetski dan divljih vrsta 2025: Ulaganje u prirodu za odr\u017eivu budu\u0107nost","isPartOf":{"@id":"https:\/\/balkangreenenergynews.com\/rs\/#website"},"primaryImageOfPage":{"@id":"https:\/\/balkangreenenergynews.com\/rs\/svetski-dan-divljih-vrsta-2025-ulaganje-u-prirodu-za-odrzivu-buducnost\/#primaryimage"},"image":{"@id":"https:\/\/balkangreenenergynews.com\/rs\/svetski-dan-divljih-vrsta-2025-ulaganje-u-prirodu-za-odrzivu-buducnost\/#primaryimage"},"thumbnailUrl":"https:\/\/balkangreenenergynews.com\/rs\/wp-content\/uploads\/2025\/02\/svetski-dan-divljih-vrsta.png?wsr","datePublished":"2025-02-28T11:38:07+00:00","dateModified":"2025-02-28T15:11:46+00:00","author":{"@id":"https:\/\/balkangreenenergynews.com\/rs\/#\/schema\/person\/4b3c5831bbc05a72630d12560df2b3f8"},"description":"Svetski dan divljih vrsta obele\u017eava se 3. marta, podse\u0107aju\u0107i na bogatstvo biljnog i \u017eivotinjskog sveta, ali i na izazove koji ga ugro\u017eavaju.","breadcrumb":{"@id":"https:\/\/balkangreenenergynews.com\/rs\/svetski-dan-divljih-vrsta-2025-ulaganje-u-prirodu-za-odrzivu-buducnost\/#breadcrumb"},"inLanguage":"sr-RS","potentialAction":[{"@type":"ReadAction","target":["https:\/\/balkangreenenergynews.com\/rs\/svetski-dan-divljih-vrsta-2025-ulaganje-u-prirodu-za-odrzivu-buducnost\/"]}]},{"@type":"ImageObject","inLanguage":"sr-RS","@id":"https:\/\/balkangreenenergynews.com\/rs\/svetski-dan-divljih-vrsta-2025-ulaganje-u-prirodu-za-odrzivu-buducnost\/#primaryimage","url":"https:\/\/balkangreenenergynews.com\/rs\/wp-content\/uploads\/2025\/02\/svetski-dan-divljih-vrsta.png?wsr","contentUrl":"https:\/\/balkangreenenergynews.com\/rs\/wp-content\/uploads\/2025\/02\/svetski-dan-divljih-vrsta.png?wsr","width":840,"height":430,"caption":"svetski dan divljih vrsta"},{"@type":"BreadcrumbList","@id":"https:\/\/balkangreenenergynews.com\/rs\/svetski-dan-divljih-vrsta-2025-ulaganje-u-prirodu-za-odrzivu-buducnost\/#breadcrumb","itemListElement":[{"@type":"ListItem","position":1,"name":"Po\u010detna","item":"https:\/\/balkangreenenergynews.com\/rs\/"},{"@type":"ListItem","position":2,"name":"Vesti","item":"https:\/\/balkangreenenergynews.com\/rs\/kategorija\/vesti\/"},{"@type":"ListItem","position":3,"name":"Biodiverzitet","item":"https:\/\/balkangreenenergynews.com\/rs\/kategorija\/vesti\/biodiverzitet\/"},{"@type":"ListItem","position":4,"name":"Svetski dan divljih vrsta 2025: Ulaganje u prirodu za odr\u017eivu budu\u0107nost"}]},{"@type":"WebSite","@id":"https:\/\/balkangreenenergynews.com\/rs\/#website","url":"https:\/\/balkangreenenergynews.com\/rs\/","name":"Balkan Green Energy News","description":"Naj\u0161iri izbor vesti sa Balkana o zelenoj energiji","potentialAction":[{"@type":"SearchAction","target":{"@type":"EntryPoint","urlTemplate":"https:\/\/balkangreenenergynews.com\/rs\/?s={search_term_string}"},"query-input":{"@type":"PropertyValueSpecification","valueRequired":true,"valueName":"search_term_string"}}],"inLanguage":"sr-RS"},{"@type":"Person","@id":"https:\/\/balkangreenenergynews.com\/rs\/#\/schema\/person\/4b3c5831bbc05a72630d12560df2b3f8","name":"Jelisaveta Peri\u0161i\u0107","url":"https:\/\/balkangreenenergynews.com\/rs\/author\/jelisavet-perisic\/"}]}},"_links":{"self":[{"href":"https:\/\/balkangreenenergynews.com\/rs\/wp-json\/wp\/v2\/posts\/77955","targetHints":{"allow":["GET"]}}],"collection":[{"href":"https:\/\/balkangreenenergynews.com\/rs\/wp-json\/wp\/v2\/posts"}],"about":[{"href":"https:\/\/balkangreenenergynews.com\/rs\/wp-json\/wp\/v2\/types\/post"}],"author":[{"embeddable":true,"href":"https:\/\/balkangreenenergynews.com\/rs\/wp-json\/wp\/v2\/users\/34"}],"replies":[{"embeddable":true,"href":"https:\/\/balkangreenenergynews.com\/rs\/wp-json\/wp\/v2\/comments?post=77955"}],"version-history":[{"count":0,"href":"https:\/\/balkangreenenergynews.com\/rs\/wp-json\/wp\/v2\/posts\/77955\/revisions"}],"wp:featuredmedia":[{"embeddable":true,"href":"https:\/\/balkangreenenergynews.com\/rs\/wp-json\/wp\/v2\/media\/77972"}],"wp:attachment":[{"href":"https:\/\/balkangreenenergynews.com\/rs\/wp-json\/wp\/v2\/media?parent=77955"}],"wp:term":[{"taxonomy":"category","embeddable":true,"href":"https:\/\/balkangreenenergynews.com\/rs\/wp-json\/wp\/v2\/categories?post=77955"},{"taxonomy":"post_tag","embeddable":true,"href":"https:\/\/balkangreenenergynews.com\/rs\/wp-json\/wp\/v2\/tags?post=77955"}],"curies":[{"name":"wp","href":"https:\/\/api.w.org\/{rel}","templated":true}]}}