{"id":77738,"date":"2025-02-20T16:46:46","date_gmt":"2025-02-20T15:46:46","guid":{"rendered":"https:\/\/balkangreenenergynews.com\/rs\/?p=77738"},"modified":"2025-02-20T16:46:46","modified_gmt":"2025-02-20T15:46:46","slug":"elektro-ljubljana-stiti-rode-i-njihova-stanista","status":"publish","type":"post","link":"https:\/\/balkangreenenergynews.com\/rs\/elektro-ljubljana-stiti-rode-i-njihova-stanista\/","title":{"rendered":"Elektro Ljubljana \u0161titi rode i njihova stani\u0161ta"},"content":{"rendered":"<div class=\"type-lead\">\n<h2>Elektro Ljubljana ve\u0107 godinama radi na za\u0161titi roda, osiguravaju\u0107i im sigurna gnezdili\u0161ta i prate\u0107i njihove migracije. Ova kompanija, koja ima rodu u logotipu, pokazuje kroz razne projekte kako se za\u0161tita ptica mo\u017ee uskladiti sa infrastrukturnim potrebama.<\/h2>\n<p>Za rode se tradicionalno veruje da donose bebe i blagostanje. Gnezda prave na visokim i izdvojenim mestima, \u010desto u naseljenim podru\u010djima \u2013 na drve\u0107u, krovovima ku\u0107a, dimnjacima ili banderama. Ovakav izbor lokacije pru\u017ea njihovim mladuncima za\u0161titu od predatora. Rode su izuzetno privr\u017eene svojim <a href=\"https:\/\/balkangreenenergynews.com\/rs\/pogledajte-uzivo-kako-rode-sara-i-novko-dobijaju-ptice\/\">gnezdima<\/a> i koriste ih nekoliko godina uzastopno, popravljaju\u0107i ih ako su o\u0161te\u0107ena.<\/p>\n<p>Me\u0111utim, gnezda na banderama \u010desto mogu biti ugro\u017eena, ali i ometati nesmetano snabdevanje elektri\u010dnom energijom. Kompanija Elektro Ljubljana, koja upravlja distributivnom mre\u017eom u oblasti glavnog grada Slovenije, ve\u0107 dugi niz godina posebnu pa\u017enju posve\u0107uje brizi o rodama i njihovim gnezdili\u0161tima. \u010cak je i logo ove kompanije u znaku rode. Kombinacijom simbola munje i bele rode, kompanija \u0161alje poruku o svojoj delatnosti i posve\u0107enosti o\u010duvanju prirode.<\/p>\n<figure id=\"attachment_77760\" aria-describedby=\"caption-attachment-77760\" style=\"width: 840px\" class=\"wp-caption aligncenter\"><img loading=\"lazy\" decoding=\"async\" class=\"wp-image-77760 size-full\" src=\"https:\/\/balkangreenenergynews.com\/rs\/wp-content\/uploads\/2025\/02\/elektro-ljubljana.jpg\" alt=\"Foto: Elektro Ljubljana\" width=\"840\" height=\"560\" srcset=\"https:\/\/balkangreenenergynews.com\/rs\/wp-content\/uploads\/2025\/02\/elektro-ljubljana.jpg 840w, https:\/\/balkangreenenergynews.com\/rs\/wp-content\/uploads\/2025\/02\/elektro-ljubljana-500x333.jpg 500w, https:\/\/balkangreenenergynews.com\/rs\/wp-content\/uploads\/2025\/02\/elektro-ljubljana-768x512.jpg 768w, https:\/\/balkangreenenergynews.com\/rs\/wp-content\/uploads\/2025\/02\/elektro-ljubljana-635x422.jpg 635w, https:\/\/balkangreenenergynews.com\/rs\/wp-content\/uploads\/2025\/02\/elektro-ljubljana-300x200.jpg 300w\" sizes=\"auto, (max-width: 840px) 100vw, 840px\" \/><figcaption id=\"caption-attachment-77760\" class=\"wp-caption-text\">Foto: Elektro Ljubljana<\/figcaption><\/figure>\n<p>U januaru je Elektro Ljubljana sprovela dve akcije za\u0161tite gnezda roda.<\/p>\n<p>Kompaniji se obratio zabrinuti me\u0161tanin iz Logatca, u \u010dijem su se dimnjaku gnezdile \u010detiri rode.<\/p>\n<p>Zbog lo\u0161eg stanja, dimnjak nije bio sigurno mesto za gne\u017e\u0111enje, zbog \u010dega je bilo potrebno gnezdo premestiti na neku sigurnu lokaciju u blizini. Ubrzo nakon \u0161to su rode odletele na jug, gnezdo je spalo. Ogranak Elektro Ljubljane postavio je novi stub sa metalnom korpom za gnezdo, koju je obezbedio vlasnik.<\/p>\n<figure id=\"attachment_77761\" aria-describedby=\"caption-attachment-77761\" style=\"width: 840px\" class=\"wp-caption aligncenter\"><img loading=\"lazy\" decoding=\"async\" class=\"wp-image-77761 size-full\" src=\"https:\/\/balkangreenenergynews.com\/rs\/wp-content\/uploads\/2025\/02\/postavljanje-novog-gnezda-za-rode.jpg\" alt=\"postavljanje novog gnezda za rode\" width=\"840\" height=\"430\" srcset=\"https:\/\/balkangreenenergynews.com\/rs\/wp-content\/uploads\/2025\/02\/postavljanje-novog-gnezda-za-rode.jpg 840w, https:\/\/balkangreenenergynews.com\/rs\/wp-content\/uploads\/2025\/02\/postavljanje-novog-gnezda-za-rode-500x256.jpg 500w, https:\/\/balkangreenenergynews.com\/rs\/wp-content\/uploads\/2025\/02\/postavljanje-novog-gnezda-za-rode-768x393.jpg 768w, https:\/\/balkangreenenergynews.com\/rs\/wp-content\/uploads\/2025\/02\/postavljanje-novog-gnezda-za-rode-300x154.jpg 300w\" sizes=\"auto, (max-width: 840px) 100vw, 840px\" \/><figcaption id=\"caption-attachment-77761\" class=\"wp-caption-text\">Foto: postavljanje novog gnezda za rode, Energo Ljubljana<\/figcaption><\/figure>\n<p data-start=\"2008\" data-end=\"2394\">U mestu Zapoge, u op\u0161tini Vodice, rode su napravile gnezdo na neizolovanim elektri\u010dnim \u017eicama. U saradnji sa stru\u010dnjacima iz Prirodnja\u010dkog muzeja Slovenije, zaposleni Elektro Ljubljane izgradili su novu platformu za gne\u017e\u0111enje i sanirali deo mre\u017ee.<\/p>\n<h3 data-start=\"2008\" data-end=\"2394\">Prstenovanje roda omogu\u0107ava pra\u0107enje njihove populacije<\/h3>\n<p>Elektro Ljubljana ve\u0107 dugi niz godina sara\u0111uje sa Slovenskim centrom za prstenovanje ptica na istra\u017eivanju roda. Postavljanje prstenova va\u017eno je za identifikaciju. Na osnovu prstena, bez obzira gde se roda nalazi u svetu, mogu\u0107e je dobiti podatke o polu, starosti, datumu i mestu prstenovanja.<\/p>\n<p>Ovo je jedan od klju\u010dnih na\u010dina za pra\u0107enje populacije roda u Sloveniji i \u0161ire. Zahvaljuju\u0107i prstenovanju utvr\u0111eno je da se mlade rode ne vra\u0107aju u svoje gnezdili\u0161te u prve dve godine, odnosno dok ne dostignu polnu zrelost. Tokom te dve godine one uglavnom borave po Africi.<\/p>\n<p>Elektro Ljubljana je 2019. godine, u saradnji sa Slovenskim dru\u0161tvom za posmatranje i prou\u010davanje ptica, pokrenula projekat Leti, leti roda. Tada su dve jedinke opremljene GPS ure\u0111ajima kako bi se pratila njihova migracija do Afrike. Najdu\u017ee je pra\u0107eno putovanje bele rode po imenu Bela.<\/p>\n<blockquote><p>Roda Bela je za \u010detiri godine preletela 53.842 kilometra<\/p><\/blockquote>\n<p>Beli je 15. juna 2019. dok je jo\u0161 bila pti\u0107, u gnezdu u blizini Ljubljane postavljen GPS predajnik. Me\u0111utim, baterija se pokvarila. Poslednji kontakt je uspostavljen 19. januara 2023. godine. Za \u010detiri godine, Bela je pre\u0161la \u010dak 53.842 kilometra. Za to vreme je samo jednom, 2022. godine, nakratko pre\u0161la Bosfor i ponovo se na\u0161la u Evropi. Iako su izgubili svaki kontakt, u Elektro Ljubljani se ipak nadaju da \u0107e se Bela ponovo vratiti u Sloveniju.<\/p>\n<p>Rode imaju va\u017enu ulogu u ekosistemima u kojima \u017eive. Kao predatori, one poma\u017eu u kontroli populacija insekata i drugih malih \u017eivotinja, \u010dime doprinose zdravlju svog stani\u0161ta. Me\u0111utim, rode se suo\u010davaju s brojnim izazovima, uklju\u010duju\u0107i gubitak prirodnih stani\u0161ta. Promene u poljoprivrednim praksama i klimatske promene uti\u010du na njihove migracijske rute i dostupnost hrane.<\/p>\n<p>O\u010duvanje rode i njenog prirodnog okru\u017eenja od klju\u010dnog je zna\u010daja ne samo za ove ptice, ve\u0107 i za odr\u017eavanje ravnote\u017ee u ekosistemima.<\/p>\n<\/div>\n<picture class=\"ratio r:16-9\"><source srcset=\"\/Portals\/0\/EasyDNNNews\/23559\/images\/\u0161torklje-gnezdo-Vodice-864-486-p-C-99.jpg\" type=\"image\/jpg\" media=\"(min-width:768px)\" sizes=\"864px\" data-srcset=\"\/Portals\/0\/EasyDNNNews\/23559\/images\/\u0161torklje-gnezdo-Vodice-864-486-p-C-99.jpg\" \/><source srcset=\"\/Portals\/0\/EasyDNNNews\/23559\/images\/\u0161torklje-gnezdo-Vodice-440-248-p-C-99.jpg\" type=\"image\/jpg\" sizes=\"864px\" data-srcset=\"\/Portals\/0\/EasyDNNNews\/23559\/images\/\u0161torklje-gnezdo-Vodice-440-248-p-C-99.jpg\" \/><\/picture>\n","protected":false},"excerpt":{"rendered":"<p>Elektro Ljubljana godinama doprinosi za\u0161titi roda, osiguravaju\u0107i im sigurna gnezdili\u0161ta i prate\u0107i njihove migracije<\/p>\n","protected":false},"author":34,"featured_media":77757,"comment_status":"open","ping_status":"open","sticky":false,"template":"","format":"standard","meta":{"_acf_changed":false,"_monsterinsights_skip_tracking":false,"_monsterinsights_sitenote_active":false,"_monsterinsights_sitenote_note":"","_monsterinsights_sitenote_category":0,"footnotes":""},"categories":[5253,4],"tags":[5297,5921],"class_list":["post-77738","post","type-post","status-publish","format-standard","has-post-thumbnail","hentry","category-biodiverzitet","category-zivotna-sredina","tag-ptice","tag-zivotna-sredina","country-slovenija"],"acf":[],"yoast_head":"<!-- This site is optimized with the Yoast SEO plugin v27.4 - https:\/\/yoast.com\/product\/yoast-seo-wordpress\/ -->\n<title>Elektro Ljubljana \u0161titi rode i njihova stani\u0161ta<\/title>\n<meta name=\"description\" content=\"Elektro Ljubljana godinama doprinosi za\u0161titi roda, osiguravaju\u0107i im sigurna gnezdili\u0161ta i prate\u0107i njihove migracije.\" \/>\n<meta name=\"robots\" content=\"index, follow, max-snippet:-1, max-image-preview:large, max-video-preview:-1\" \/>\n<link rel=\"canonical\" href=\"https:\/\/balkangreenenergynews.com\/rs\/elektro-ljubljana-stiti-rode-i-njihova-stanista\/\" \/>\n<meta property=\"og:locale\" content=\"sr_RS\" \/>\n<meta property=\"og:type\" content=\"article\" \/>\n<meta property=\"og:title\" content=\"Elektro Ljubljana \u0161titi rode i njihova stani\u0161ta\" \/>\n<meta property=\"og:description\" content=\"Elektro Ljubljana godinama doprinosi za\u0161titi roda, osiguravaju\u0107i im sigurna gnezdili\u0161ta i prate\u0107i njihove migracije.\" \/>\n<meta property=\"og:url\" content=\"https:\/\/balkangreenenergynews.com\/rs\/elektro-ljubljana-stiti-rode-i-njihova-stanista\/\" \/>\n<meta property=\"og:site_name\" content=\"Balkan Green Energy News\" \/>\n<meta property=\"article:published_time\" content=\"2025-02-20T15:46:46+00:00\" \/>\n<meta property=\"og:image\" content=\"https:\/\/balkangreenenergynews.com\/rs\/wp-content\/uploads\/2025\/02\/elektro-ljubljana-rode.jpg?wsr\" \/>\n\t<meta property=\"og:image:width\" content=\"840\" \/>\n\t<meta property=\"og:image:height\" content=\"430\" \/>\n\t<meta property=\"og:image:type\" content=\"image\/jpeg\" \/>\n<meta name=\"author\" content=\"Jelisaveta Peri\u0161i\u0107\" \/>\n<meta name=\"twitter:card\" content=\"summary_large_image\" \/>\n<meta name=\"twitter:label1\" content=\"\u041d\u0430\u043f\u0438\u0441\u0430\u043d\u043e \u043e\u0434\" \/>\n\t<meta name=\"twitter:data1\" content=\"Jelisaveta Peri\u0161i\u0107\" \/>\n\t<meta name=\"twitter:label2\" content=\"\u041f\u0440\u043e\u0446\u0435\u045a\u0435\u043d\u043e \u0432\u0440\u0435\u043c\u0435 \u0447\u0438\u0442\u0430\u045a\u0430\" \/>\n\t<meta name=\"twitter:data2\" content=\"4 \u043c\u0438\u043d\u0443\u0442\u0430\" \/>\n<script type=\"application\/ld+json\" class=\"yoast-schema-graph\">{\"@context\":\"https:\\\/\\\/schema.org\",\"@graph\":[{\"@type\":\"Article\",\"@id\":\"https:\\\/\\\/balkangreenenergynews.com\\\/rs\\\/elektro-ljubljana-stiti-rode-i-njihova-stanista\\\/#article\",\"isPartOf\":{\"@id\":\"https:\\\/\\\/balkangreenenergynews.com\\\/rs\\\/elektro-ljubljana-stiti-rode-i-njihova-stanista\\\/\"},\"author\":{\"name\":\"Jelisaveta Peri\u0161i\u0107\",\"@id\":\"https:\\\/\\\/balkangreenenergynews.com\\\/rs\\\/#\\\/schema\\\/person\\\/4b3c5831bbc05a72630d12560df2b3f8\"},\"headline\":\"Elektro Ljubljana \u0161titi rode i njihova stani\u0161ta\",\"datePublished\":\"2025-02-20T15:46:46+00:00\",\"mainEntityOfPage\":{\"@id\":\"https:\\\/\\\/balkangreenenergynews.com\\\/rs\\\/elektro-ljubljana-stiti-rode-i-njihova-stanista\\\/\"},\"wordCount\":660,\"commentCount\":0,\"image\":{\"@id\":\"https:\\\/\\\/balkangreenenergynews.com\\\/rs\\\/elektro-ljubljana-stiti-rode-i-njihova-stanista\\\/#primaryimage\"},\"thumbnailUrl\":\"https:\\\/\\\/balkangreenenergynews.com\\\/rs\\\/wp-content\\\/uploads\\\/2025\\\/02\\\/elektro-ljubljana-rode.jpg?wsr\",\"keywords\":[\"ptice\",\"\u017eivotna sredina\"],\"articleSection\":[\"Biodiverzitet\",\"\u017divotna sredina\"],\"inLanguage\":\"sr-RS\",\"potentialAction\":[{\"@type\":\"CommentAction\",\"name\":\"Comment\",\"target\":[\"https:\\\/\\\/balkangreenenergynews.com\\\/rs\\\/elektro-ljubljana-stiti-rode-i-njihova-stanista\\\/#respond\"]}]},{\"@type\":\"WebPage\",\"@id\":\"https:\\\/\\\/balkangreenenergynews.com\\\/rs\\\/elektro-ljubljana-stiti-rode-i-njihova-stanista\\\/\",\"url\":\"https:\\\/\\\/balkangreenenergynews.com\\\/rs\\\/elektro-ljubljana-stiti-rode-i-njihova-stanista\\\/\",\"name\":\"Elektro Ljubljana \u0161titi rode i njihova stani\u0161ta\",\"isPartOf\":{\"@id\":\"https:\\\/\\\/balkangreenenergynews.com\\\/rs\\\/#website\"},\"primaryImageOfPage\":{\"@id\":\"https:\\\/\\\/balkangreenenergynews.com\\\/rs\\\/elektro-ljubljana-stiti-rode-i-njihova-stanista\\\/#primaryimage\"},\"image\":{\"@id\":\"https:\\\/\\\/balkangreenenergynews.com\\\/rs\\\/elektro-ljubljana-stiti-rode-i-njihova-stanista\\\/#primaryimage\"},\"thumbnailUrl\":\"https:\\\/\\\/balkangreenenergynews.com\\\/rs\\\/wp-content\\\/uploads\\\/2025\\\/02\\\/elektro-ljubljana-rode.jpg?wsr\",\"datePublished\":\"2025-02-20T15:46:46+00:00\",\"author\":{\"@id\":\"https:\\\/\\\/balkangreenenergynews.com\\\/rs\\\/#\\\/schema\\\/person\\\/4b3c5831bbc05a72630d12560df2b3f8\"},\"description\":\"Elektro Ljubljana godinama doprinosi za\u0161titi roda, osiguravaju\u0107i im sigurna gnezdili\u0161ta i prate\u0107i njihove migracije.\",\"breadcrumb\":{\"@id\":\"https:\\\/\\\/balkangreenenergynews.com\\\/rs\\\/elektro-ljubljana-stiti-rode-i-njihova-stanista\\\/#breadcrumb\"},\"inLanguage\":\"sr-RS\",\"potentialAction\":[{\"@type\":\"ReadAction\",\"target\":[\"https:\\\/\\\/balkangreenenergynews.com\\\/rs\\\/elektro-ljubljana-stiti-rode-i-njihova-stanista\\\/\"]}]},{\"@type\":\"ImageObject\",\"inLanguage\":\"sr-RS\",\"@id\":\"https:\\\/\\\/balkangreenenergynews.com\\\/rs\\\/elektro-ljubljana-stiti-rode-i-njihova-stanista\\\/#primaryimage\",\"url\":\"https:\\\/\\\/balkangreenenergynews.com\\\/rs\\\/wp-content\\\/uploads\\\/2025\\\/02\\\/elektro-ljubljana-rode.jpg?wsr\",\"contentUrl\":\"https:\\\/\\\/balkangreenenergynews.com\\\/rs\\\/wp-content\\\/uploads\\\/2025\\\/02\\\/elektro-ljubljana-rode.jpg?wsr\",\"width\":840,\"height\":430,\"caption\":\"elektro ljubljana, rode\"},{\"@type\":\"BreadcrumbList\",\"@id\":\"https:\\\/\\\/balkangreenenergynews.com\\\/rs\\\/elektro-ljubljana-stiti-rode-i-njihova-stanista\\\/#breadcrumb\",\"itemListElement\":[{\"@type\":\"ListItem\",\"position\":1,\"name\":\"Po\u010detna\",\"item\":\"https:\\\/\\\/balkangreenenergynews.com\\\/rs\\\/\"},{\"@type\":\"ListItem\",\"position\":2,\"name\":\"Vesti\",\"item\":\"https:\\\/\\\/balkangreenenergynews.com\\\/rs\\\/kategorija\\\/vesti\\\/\"},{\"@type\":\"ListItem\",\"position\":3,\"name\":\"Biodiverzitet\",\"item\":\"https:\\\/\\\/balkangreenenergynews.com\\\/rs\\\/kategorija\\\/vesti\\\/biodiverzitet\\\/\"},{\"@type\":\"ListItem\",\"position\":4,\"name\":\"Elektro Ljubljana \u0161titi rode i njihova stani\u0161ta\"}]},{\"@type\":\"WebSite\",\"@id\":\"https:\\\/\\\/balkangreenenergynews.com\\\/rs\\\/#website\",\"url\":\"https:\\\/\\\/balkangreenenergynews.com\\\/rs\\\/\",\"name\":\"Balkan Green Energy News\",\"description\":\"Naj\u0161iri izbor vesti sa Balkana o zelenoj energiji\",\"potentialAction\":[{\"@type\":\"SearchAction\",\"target\":{\"@type\":\"EntryPoint\",\"urlTemplate\":\"https:\\\/\\\/balkangreenenergynews.com\\\/rs\\\/?s={search_term_string}\"},\"query-input\":{\"@type\":\"PropertyValueSpecification\",\"valueRequired\":true,\"valueName\":\"search_term_string\"}}],\"inLanguage\":\"sr-RS\"},{\"@type\":\"Person\",\"@id\":\"https:\\\/\\\/balkangreenenergynews.com\\\/rs\\\/#\\\/schema\\\/person\\\/4b3c5831bbc05a72630d12560df2b3f8\",\"name\":\"Jelisaveta Peri\u0161i\u0107\",\"url\":\"https:\\\/\\\/balkangreenenergynews.com\\\/rs\\\/author\\\/jelisavet-perisic\\\/\"}]}<\/script>\n<!-- \/ Yoast SEO plugin. -->","yoast_head_json":{"title":"Elektro Ljubljana \u0161titi rode i njihova stani\u0161ta","description":"Elektro Ljubljana godinama doprinosi za\u0161titi roda, osiguravaju\u0107i im sigurna gnezdili\u0161ta i prate\u0107i njihove migracije.","robots":{"index":"index","follow":"follow","max-snippet":"max-snippet:-1","max-image-preview":"max-image-preview:large","max-video-preview":"max-video-preview:-1"},"canonical":"https:\/\/balkangreenenergynews.com\/rs\/elektro-ljubljana-stiti-rode-i-njihova-stanista\/","og_locale":"sr_RS","og_type":"article","og_title":"Elektro Ljubljana \u0161titi rode i njihova stani\u0161ta","og_description":"Elektro Ljubljana godinama doprinosi za\u0161titi roda, osiguravaju\u0107i im sigurna gnezdili\u0161ta i prate\u0107i njihove migracije.","og_url":"https:\/\/balkangreenenergynews.com\/rs\/elektro-ljubljana-stiti-rode-i-njihova-stanista\/","og_site_name":"Balkan Green Energy News","article_published_time":"2025-02-20T15:46:46+00:00","og_image":[{"width":840,"height":430,"url":"https:\/\/balkangreenenergynews.com\/rs\/wp-content\/uploads\/2025\/02\/elektro-ljubljana-rode.jpg?wsr","type":"image\/jpeg"}],"author":"Jelisaveta Peri\u0161i\u0107","twitter_card":"summary_large_image","twitter_misc":{"\u041d\u0430\u043f\u0438\u0441\u0430\u043d\u043e \u043e\u0434":"Jelisaveta Peri\u0161i\u0107","\u041f\u0440\u043e\u0446\u0435\u045a\u0435\u043d\u043e \u0432\u0440\u0435\u043c\u0435 \u0447\u0438\u0442\u0430\u045a\u0430":"4 \u043c\u0438\u043d\u0443\u0442\u0430"},"schema":{"@context":"https:\/\/schema.org","@graph":[{"@type":"Article","@id":"https:\/\/balkangreenenergynews.com\/rs\/elektro-ljubljana-stiti-rode-i-njihova-stanista\/#article","isPartOf":{"@id":"https:\/\/balkangreenenergynews.com\/rs\/elektro-ljubljana-stiti-rode-i-njihova-stanista\/"},"author":{"name":"Jelisaveta Peri\u0161i\u0107","@id":"https:\/\/balkangreenenergynews.com\/rs\/#\/schema\/person\/4b3c5831bbc05a72630d12560df2b3f8"},"headline":"Elektro Ljubljana \u0161titi rode i njihova stani\u0161ta","datePublished":"2025-02-20T15:46:46+00:00","mainEntityOfPage":{"@id":"https:\/\/balkangreenenergynews.com\/rs\/elektro-ljubljana-stiti-rode-i-njihova-stanista\/"},"wordCount":660,"commentCount":0,"image":{"@id":"https:\/\/balkangreenenergynews.com\/rs\/elektro-ljubljana-stiti-rode-i-njihova-stanista\/#primaryimage"},"thumbnailUrl":"https:\/\/balkangreenenergynews.com\/rs\/wp-content\/uploads\/2025\/02\/elektro-ljubljana-rode.jpg?wsr","keywords":["ptice","\u017eivotna sredina"],"articleSection":["Biodiverzitet","\u017divotna sredina"],"inLanguage":"sr-RS","potentialAction":[{"@type":"CommentAction","name":"Comment","target":["https:\/\/balkangreenenergynews.com\/rs\/elektro-ljubljana-stiti-rode-i-njihova-stanista\/#respond"]}]},{"@type":"WebPage","@id":"https:\/\/balkangreenenergynews.com\/rs\/elektro-ljubljana-stiti-rode-i-njihova-stanista\/","url":"https:\/\/balkangreenenergynews.com\/rs\/elektro-ljubljana-stiti-rode-i-njihova-stanista\/","name":"Elektro Ljubljana \u0161titi rode i njihova stani\u0161ta","isPartOf":{"@id":"https:\/\/balkangreenenergynews.com\/rs\/#website"},"primaryImageOfPage":{"@id":"https:\/\/balkangreenenergynews.com\/rs\/elektro-ljubljana-stiti-rode-i-njihova-stanista\/#primaryimage"},"image":{"@id":"https:\/\/balkangreenenergynews.com\/rs\/elektro-ljubljana-stiti-rode-i-njihova-stanista\/#primaryimage"},"thumbnailUrl":"https:\/\/balkangreenenergynews.com\/rs\/wp-content\/uploads\/2025\/02\/elektro-ljubljana-rode.jpg?wsr","datePublished":"2025-02-20T15:46:46+00:00","author":{"@id":"https:\/\/balkangreenenergynews.com\/rs\/#\/schema\/person\/4b3c5831bbc05a72630d12560df2b3f8"},"description":"Elektro Ljubljana godinama doprinosi za\u0161titi roda, osiguravaju\u0107i im sigurna gnezdili\u0161ta i prate\u0107i njihove migracije.","breadcrumb":{"@id":"https:\/\/balkangreenenergynews.com\/rs\/elektro-ljubljana-stiti-rode-i-njihova-stanista\/#breadcrumb"},"inLanguage":"sr-RS","potentialAction":[{"@type":"ReadAction","target":["https:\/\/balkangreenenergynews.com\/rs\/elektro-ljubljana-stiti-rode-i-njihova-stanista\/"]}]},{"@type":"ImageObject","inLanguage":"sr-RS","@id":"https:\/\/balkangreenenergynews.com\/rs\/elektro-ljubljana-stiti-rode-i-njihova-stanista\/#primaryimage","url":"https:\/\/balkangreenenergynews.com\/rs\/wp-content\/uploads\/2025\/02\/elektro-ljubljana-rode.jpg?wsr","contentUrl":"https:\/\/balkangreenenergynews.com\/rs\/wp-content\/uploads\/2025\/02\/elektro-ljubljana-rode.jpg?wsr","width":840,"height":430,"caption":"elektro ljubljana, rode"},{"@type":"BreadcrumbList","@id":"https:\/\/balkangreenenergynews.com\/rs\/elektro-ljubljana-stiti-rode-i-njihova-stanista\/#breadcrumb","itemListElement":[{"@type":"ListItem","position":1,"name":"Po\u010detna","item":"https:\/\/balkangreenenergynews.com\/rs\/"},{"@type":"ListItem","position":2,"name":"Vesti","item":"https:\/\/balkangreenenergynews.com\/rs\/kategorija\/vesti\/"},{"@type":"ListItem","position":3,"name":"Biodiverzitet","item":"https:\/\/balkangreenenergynews.com\/rs\/kategorija\/vesti\/biodiverzitet\/"},{"@type":"ListItem","position":4,"name":"Elektro Ljubljana \u0161titi rode i njihova stani\u0161ta"}]},{"@type":"WebSite","@id":"https:\/\/balkangreenenergynews.com\/rs\/#website","url":"https:\/\/balkangreenenergynews.com\/rs\/","name":"Balkan Green Energy News","description":"Naj\u0161iri izbor vesti sa Balkana o zelenoj energiji","potentialAction":[{"@type":"SearchAction","target":{"@type":"EntryPoint","urlTemplate":"https:\/\/balkangreenenergynews.com\/rs\/?s={search_term_string}"},"query-input":{"@type":"PropertyValueSpecification","valueRequired":true,"valueName":"search_term_string"}}],"inLanguage":"sr-RS"},{"@type":"Person","@id":"https:\/\/balkangreenenergynews.com\/rs\/#\/schema\/person\/4b3c5831bbc05a72630d12560df2b3f8","name":"Jelisaveta Peri\u0161i\u0107","url":"https:\/\/balkangreenenergynews.com\/rs\/author\/jelisavet-perisic\/"}]}},"_links":{"self":[{"href":"https:\/\/balkangreenenergynews.com\/rs\/wp-json\/wp\/v2\/posts\/77738","targetHints":{"allow":["GET"]}}],"collection":[{"href":"https:\/\/balkangreenenergynews.com\/rs\/wp-json\/wp\/v2\/posts"}],"about":[{"href":"https:\/\/balkangreenenergynews.com\/rs\/wp-json\/wp\/v2\/types\/post"}],"author":[{"embeddable":true,"href":"https:\/\/balkangreenenergynews.com\/rs\/wp-json\/wp\/v2\/users\/34"}],"replies":[{"embeddable":true,"href":"https:\/\/balkangreenenergynews.com\/rs\/wp-json\/wp\/v2\/comments?post=77738"}],"version-history":[{"count":0,"href":"https:\/\/balkangreenenergynews.com\/rs\/wp-json\/wp\/v2\/posts\/77738\/revisions"}],"wp:featuredmedia":[{"embeddable":true,"href":"https:\/\/balkangreenenergynews.com\/rs\/wp-json\/wp\/v2\/media\/77757"}],"wp:attachment":[{"href":"https:\/\/balkangreenenergynews.com\/rs\/wp-json\/wp\/v2\/media?parent=77738"}],"wp:term":[{"taxonomy":"category","embeddable":true,"href":"https:\/\/balkangreenenergynews.com\/rs\/wp-json\/wp\/v2\/categories?post=77738"},{"taxonomy":"post_tag","embeddable":true,"href":"https:\/\/balkangreenenergynews.com\/rs\/wp-json\/wp\/v2\/tags?post=77738"}],"curies":[{"name":"wp","href":"https:\/\/api.w.org\/{rel}","templated":true}]}}