{"id":77302,"date":"2025-02-04T21:38:52","date_gmt":"2025-02-04T20:38:52","guid":{"rendered":"https:\/\/balkangreenenergynews.com\/rs\/?p=77302"},"modified":"2025-07-18T12:12:09","modified_gmt":"2025-07-18T10:12:09","slug":"protest-u-briselu-pred-prikazivanje-dokumentarca-debatu-o-rio-tintovom-projektu-jadar","status":"publish","type":"post","link":"https:\/\/balkangreenenergynews.com\/rs\/protest-u-briselu-pred-prikazivanje-dokumentarca-debatu-o-rio-tintovom-projektu-jadar\/","title":{"rendered":"Protest u Briselu pred prikazivanje dokumentarca, debatu o Rio Tintovom projektu Jadar"},"content":{"rendered":"<h2>Udru\u017eenje dijaspore Palac gore organizuje 5. februara protest ispred Evropskog parlamenta u Briselu protiv rudarenja litijuma u Srbiji. Termin skupa je pred odr\u017eavanje debate u zdanju te institucije o istom pitanju, uz pretpremijeru dokumentarca o Rio Tintovom projektu Jadar. Film je podigao pra\u0161inu mnogo pre nego \u0161to je uop\u0161te dovr\u0161en.<\/h2>\n<h2>U me\u0111uvremenu, aktivisti su najavili odr\u017eavanje protesta u Bogati\u0107u u Ma\u010dvi protiv jo\u0161 jedne dozvole za istra\u017eivanje prisustva litijuma i bora. Osim toga, novinari istra\u017eiva\u010di su otkrili da je pro\u0161le godine Zavod za za\u0161titu prirode izdao uslove za\u0161tite prirode za Rio Tintovu investiciju ne uzimaju\u0107i u obzir primedbe dela svojih stru\u010dnjaka.<\/h2>\n<p>Predstoje\u0107a panel-diskusija u Briselu o rudarskoj eksploataciji litijuma u Srbiji navela je za\u0161titnike i za\u0161titnice \u017eivotne sredine da zaka\u017eu protest ispred Evropskog parlamenta, u kojem \u0107e se debata odr\u017eati. U skup visokog ranga uklju\u010dena je i pretpremijera dokumentarnog filma reditelja Stajna van Barlea o Rio Tintovom kontroverznom projektu Jadar. Kao prezenter u ovom delu naveden je Peter Tom Jones.<\/p>\n<p>Nau\u010dni saradnik na Institutu ekonomskih nauka u Beogradu <a href=\"https:\/\/balkangreenenergynews.com\/rs\/zaostravaju-se-podele-u-srbiji-oko-planova-za-rudarenje-litijuma\/\">Aleksandar Matkovi\u0107<\/a> govori i na protestu i, zatim unutar sedi\u0161ta Evropskog parlamenta. Uo\u010di navedena dva skupa, on je izjavio da je Peter Tom Jones, direktor instituta SIM\u00b2 KU Leuven za odr\u017eive metale i minerale, aktiviste u Srbiji koji se protive projektu Jadar prikazao kao &#8222;ruske agente.&#8220;<\/p>\n<h3>Niko jo\u0161 nije video dokumentarac<\/h3>\n<p>Matkovi\u0107 je <a href=\"https:\/\/youtu.be\/c5m4qOD8nMI?si=jCaEvfcIIb5stMe3\">u jednom intervjuu<\/a> priznao da nije pogledao re\u010deni dokumentarni film, koji se zove Ne u mojoj zemlji: litijumska dilema Srbije. Dodao je i da ga nije video niko od najavljenih govornica i govornika.<\/p>\n<p>Bez obzira na to, optu\u017eio je Jonesa da favorizuje Rio Tinto: &#8222;Svaki mu je film isti. Malo predstavi kompanije, malo aktiviste, koji ispadnu budale, a u filmu o Srbiji ismejava seljake i prikazuje nas kao ruske pla\u0107enike.&#8220;<\/p>\n<p>Matkovi\u0107 tvrdi da su snimanje filma finansirale strane korporacije uklju\u010duju\u0107i Rio Tinto kao i neke doma\u0107e korporacije.<\/p>\n<p>Autori su u decembru objavili <a href=\"https:\/\/youtu.be\/tvaxeyHVC-0?si=_yeF6x6YhJJcx8LU\">trejler.<\/a> Matkovi\u0107 je tako\u0111e naveo da je odbio poziv da u\u010destvuje u dokumentarcu.<\/p>\n<p>&#8222;Na\u0161 pokret je pre svega, zbog svoje borbe protiv Rio Tinta i zbog svih stvari koje smo izneli na kraju u\u010dinio vidljivim gomilu korupcije i koruptivnih dela koja su nastala kao posledica vladinog uvo\u0111enja projekta Jadar; od lo\u0161ih procena uticaja na \u017eivotnu sredinu, od takozvanog salami slicinga \u2013 cepanja projekta na nekoliko delova, od ekonomske studije koja je bila upitnog zna\u010daja, od tretmana aktivista pa i od pretnji i batina koje su aktivisti dobili, i nau\u010dnici koji su bili prozivani od strane \u010dlanova vlade ili ponekad se direktno konfrontirali sa \u010dlanovima vlade zbog svojih stvari koje su pisali,&#8220; izjavio je Matkovi\u0107.<\/p>\n<p>Ina\u010de, i njemu je pre\u0107eno smr\u0107u nakon \u0161to je <a href=\"https:\/\/www.danas.rs\/dijalog\/licni-stavovi\/otvoreno-pismo-rio-tinto\/\">kritikovao projekat Jadar i podr\u0161ku dr\u017eavnih vlasti.<\/a><\/p>\n<h3>Rasprava o projektu Jadar je va\u017ena za odluku EU o njegovom statusu<\/h3>\n<p>Peter Tom Jones \u0107e govoriti na debati, navedeno je u najavi. <a href=\"https:\/\/balkangreenenergynews.com\/rs\/krivicne-prijave-protiv-demonstranata-u-loznici-koji-se-protive-projektu-jadar\/\">Neboj\u0161a Petkovi\u0107,<\/a> aktivista iz lokalne grupe <a href=\"https:\/\/balkangreenenergynews.com\/rs\/blokadom-puteva-obnovljeni-protesti-protiv-rudarenja-litijuma\/\">Ne damo Jadar,<\/a> koja se protivi Rio Tintovom projektu, objavio je da \u0107e tako\u0111e u\u010destvovati.<\/p>\n<p>Rio Sava Exploration, Rio Tintova ispostava u Srbiji, prijavila je svoj planirani rudnik litijuma i bora u dolini reke Jadar u Srbiji za dobijanje <a href=\"https:\/\/balkangreenenergynews.com\/rs\/ekoloske-grupe-traze-od-eu-da-ne-proglasi-jadar-strateskim-litijumskim-projektom\/\">statusa strate\u0161kog projekta<\/a> u skladu sa Zakonom o kriti\u010dnim sirovinama\u00a0<a href=\"https:\/\/balkangreenenergynews.com\/rs\/eu-u-zakonu-o-kriticnim-sirovinama-olabavila-propise-o-zastiti-stanovnistva-prirode\/\">(CRMA)<\/a> Evropske unije. Matkovi\u0107 je kazao da se o\u010dekuje da se ovog meseca o\u010dekuje sastanak Odbora za kriti\u010dne sirovine i naglasio zna\u010daj panel-diskusije u tom pogledu.<\/p>\n<p>Protest organizuje udru\u017eenje srpske dijaspore Palac gore. Pozvalo je nekoliko evroparlamentaraca da govore na skupu. &#8222;Stojimo na strani civilnog dru\u0161tva koje se protivi Rio Tintovom projektu i ho\u0107emo jasno da poka\u017eemo da kompanijska propaganda nije dobrodo\u0161la ovde u parlamentu&#8220;, izjavila je za Balkan Green Energy News poslanica u Evropskom parlamentu Karola Rakete.<\/p>\n<p>Me\u0111u govornicima je i <a href=\"https:\/\/balkangreenenergynews.com\/rs\/aktivisti-iz-jadra-poveli-u-blokade-sa-protesta-u-beogradu-protiv-kopanja-litijuma\/\">Zlatko Kokanovi\u0107<\/a> iz Ne damo Jadar. Ta grupa je iz Gornjih Nedeljica, u kojima je lokacija predlo\u017eenog rudnika litijuma i postrojenja za preradu rude.<\/p>\n<p>&#8222;Pozivamo internacionalne zagovara\u010de o\u010duvanja \u017eivotne sredine,\u00a0branioce ljudskih prava i pripadnike dijaspore iz Srbije i sa Balkana kao i zabrinute gra\u0111ane iz \u010ditave Evrope da u\u010destvuju u mirnim demonstracijama i protiv pristrasnog pristupa u ovom dokumentarcu i protiv ekstrakcije litijuma na \u0161tetu zajednica, ekosistema i demokratije u \u0161irem smislu&#8220;, poru\u010dili su organizatori.<\/p>\n<h3>Jones: Gluposti od ljudi koji nisu pogledali film niti gledali prve verzije<\/h3>\n<p>Balkan Green Energy News, koji u septembru nije pristao da u\u010destvuje u dokumentarcu, kontaktirao je Petera Toma Jonesa da prokomentari\u0161e navode o pristrasnosti.<\/p>\n<p>&#8222;Svakakve gluposti pi\u0161u ljudi koji nisu ni pogledali film ili su gledali (procurele?) prve verzije, koje su slate u poverenju, u svrhu dobijanja povratnih informacija. Ljudi se vode jednominutnim trejlerom, koji je namenjen podsticanju apetita gledalaca. Ni vi\u0161e ni manje od toga. Kritikovanje ne\u010dega na osnovu spekulacija nije ba\u0161 jako nau\u010dni pristup&#8220;, izjavio je.<\/p>\n<p>Dokumentarac je koproducirao i potpuno finansirao Univerzitet u Levenu (KU Leuven), konkretno preko instituta SIM\u00b2 KU Leuven, napisao je Jones ranije, &#8222;reaguju\u0107i na niz upita i neprijateljski nastrojenih poruka na dru\u0161tvenim medijima&#8220;. Sredstva su obezbe\u0111ena preko projekta LITHOS iz programa Horizon Europe, a deo je pokriven iz internih sredstava univerziteta i kraudfandinga, dodao je.<\/p>\n<p>&#8222;Ovo je pri\u010da o protestima na lokalnom i nacionalnom nivou, o metalima koji su nam potrebni da se borimo protiv klimatskih promena te o nepoverenju i dezinformacijama&#8220;, ka\u017ee naratorka trejlera.<\/p>\n<p>U jednom insertu, Jones stoji ispred ise\u010daka iz novina s naslovima u kojima je kritikovan projekat Jadar. &#8222;Ovo je organizovana kampanja dezinformisanja. Ko stoji iza nje. Jesu li to Rusi?&#8220;, pita.<\/p>\n<h3>Negativne reakcije na mogu\u0107nost istra\u017eivanja nalazi\u0161ta litijuma u Bogati\u0107u, \u0160apcu<\/h3>\n<p>Geolo\u0161ka istra\u017eivanja prisutnosti litijuma u Srbiji ve\u0107 nekoliko godina izazvaju kontroverze i otpor lokalnog stanovni\u0161tva i ekolo\u0161kih organizacija. Osim Rio Tintovu investiciju, masovni protesti su zako\u010dili mnogobrojne projekte te vrste. Na portalu Balkan Green Energy News mo\u017eete pro\u010ditati <a href=\"https:\/\/balkangreenenergynews.com\/rs\/projekat-jadar-najvazniji-dogadjaji-koji-su-obelezili-najktontroverzniju-investiciju-u-novijoj-istoriji-srbije\/\">hronolo\u0161ki pregled najva\u017enijih doga\u0111aja vezanih za projekat Jadar od 2001,<\/a>\u00a0kada je Rio Tinto do\u0161ao u Srbiju.<\/p>\n<p>Nedugo pre najavljene debate u Briselu, aktivisti su za 7. februar zakazali protest i u Bogati\u0107u protiv mogu\u0107eg geolo\u0161kog istra\u017eivanja litijuma i bora.<\/p>\n<p>Ova op\u0161tina severno od Gornjih Nedeljica, koje su na teritoriji Loznice, objavila je nacrt prostornog plana i stavila ga na javnu raspravu. U dokumentu stoji da je Ministarstvo rudarstva i energetike &#8222;odobrilo aplikaciju&#8220; preduze\u0107a <a href=\"https:\/\/bogatic.rs\/wp-content\/uploads\/2025\/01\/21-1-2025-a-Nacrt-PPO-Bogatic-tekstualni-deo.pdf\">Edelweis Mineral Exploration<\/a> za lokaciju <a href=\"https:\/\/balkangreenenergynews.com\/rs\/australijska-kompanija-ceka-da-se-ukljuci-u-potragu-za-litijumom-u-srbiji\/\">Petlova\u010da.<\/a> Tri petine tog istra\u017enog polja su pritom na teritoriji susednog \u0160apca.<\/p>\n<p>Op\u0161tinske vlasti u Bogati\u0107u su se \u010dvrsto izjasnile protiv takvog projekta i objavile da tra\u017ee da se izbri\u0161e iz lokalnog prostornog plana.<\/p>\n<h3>Uslovi za\u0161tite prirode za projekat Jadar izdati mimo stru\u010dnih ocena<\/h3>\n<p>Zavod za za\u0161titu prirode je u avgustu izdao Rio Tintu svoje uslove za\u0161tite prirode za projekat Jadar. Me\u0111utim, nije uzeo u obzir primedbe i predloge nekoliko svojih stru\u010dnjaka koji su radili na predmetu, objavila je istra\u017eiva\u010dka redakcija <a href=\"https:\/\/www.cins.rs\/procureli-mejlovi-rio-tintu-izdati-uslovi-zastite-prirode-bez-saglasnosti-strucnjaka\/\">CINS.<\/a><\/p>\n<p>Na primer, iz dokumenta je izostavljena predlo\u017eena napomena o stani\u0161tima za\u0161ti\u0107enih vrsta.<\/p>\n<p>Zavod je uslove utvrdio ubrzo nakon \u0161to su Srbija i EU u Beogradu potpisale memorandum o razumevanju o strate\u0161kom partnerstvu u oblasti <a href=\"https:\/\/balkangreenenergynews.com\/rs\/srbija-i-eu-potpisale-memorandum-koji-podrzava-otvaranje-rudnika-litijuma-rio-tinta\/\">odr\u017eivih sirovina i lanaca vrednosti za baterije i elektri\u010dna vozila,<\/a> podse\u0107a se u \u010dlanku. Doga\u0111aju su prisustvovali predsednik Srbije Aleksandar Vu\u010di\u0107 i nema\u010dki kancelar Olaf \u0160olc.<\/p>\n<p>Njih dvojica i <a href=\"https:\/\/balkangreenenergynews.com\/rs\/trecina-nove-evropske-komisije-bice-zaduzena-za-energetsku-tranziciju-zivotnu-sredinu\/\">Maro\u0161 \u0160ef\u010dovi\u010d,<\/a> tada izvr\u0161ni potpredsednik Evropske komisije za Evropski zeleni dogovor, me\u0111uinstitucionalne odnose i prognoziranje, ovom su prilikom nahvalili projekat Jadar.<\/p>\n","protected":false},"excerpt":{"rendered":"<p>Aktivisti koji spremaju protest kod Evropskog parlamenta protiv rudarenja litijuma u Srbiji tvrde da su autori novog dokumentarca pristrasni<\/p>\n","protected":false},"author":27,"featured_media":77306,"comment_status":"open","ping_status":"open","sticky":false,"template":"","format":"standard","meta":{"_acf_changed":false,"_monsterinsights_skip_tracking":false,"_monsterinsights_sitenote_active":false,"_monsterinsights_sitenote_note":"","_monsterinsights_sitenote_category":0,"footnotes":""},"categories":[4],"tags":[6355,2899,6338,7082,7071,5161,5921,6286],"class_list":["post-77302","post","type-post","status-publish","format-standard","has-post-thumbnail","hentry","category-zivotna-sredina","tag-horizon-europe","tag-litijum","tag-ne-damo-jadar","tag-nebojsa-petkovic","tag-projekat-jadar","tag-rio-tinto","tag-zivotna-sredina","tag-zlatko-kokanovic","country-regioneu","country-srbija"],"acf":[],"yoast_head":"<!-- This site is optimized with the Yoast SEO plugin v27.4 - https:\/\/yoast.com\/product\/yoast-seo-wordpress\/ -->\n<title>Protest u Briselu pred prikazivanje dokumentarca, debatu o Rio Tintovom projektu Jadar<\/title>\n<meta name=\"description\" content=\"Aktivisti koji spremaju protest kod Evropskog parlamenta protiv rudarenja litijuma u Srbiji tvrde da su autori novog dokumentarca pristrasni.\" \/>\n<meta name=\"robots\" content=\"index, follow, max-snippet:-1, max-image-preview:large, max-video-preview:-1\" \/>\n<link rel=\"canonical\" href=\"https:\/\/balkangreenenergynews.com\/rs\/protest-u-briselu-pred-prikazivanje-dokumentarca-debatu-o-rio-tintovom-projektu-jadar\/\" \/>\n<meta property=\"og:locale\" content=\"sr_RS\" \/>\n<meta property=\"og:type\" content=\"article\" \/>\n<meta property=\"og:title\" content=\"Protest u Briselu pred prikazivanje dokumentarca, debatu o Rio Tintovom projektu Jadar\" \/>\n<meta property=\"og:description\" content=\"Aktivisti koji spremaju protest kod Evropskog parlamenta protiv rudarenja litijuma u Srbiji tvrde da su autori novog dokumentarca pristrasni.\" \/>\n<meta property=\"og:url\" content=\"https:\/\/balkangreenenergynews.com\/rs\/protest-u-briselu-pred-prikazivanje-dokumentarca-debatu-o-rio-tintovom-projektu-jadar\/\" \/>\n<meta property=\"og:site_name\" content=\"Balkan Green Energy News\" \/>\n<meta property=\"article:published_time\" content=\"2025-02-04T20:38:52+00:00\" \/>\n<meta property=\"article:modified_time\" content=\"2025-07-18T10:12:09+00:00\" \/>\n<meta property=\"og:image\" content=\"https:\/\/balkangreenenergynews.com\/rs\/wp-content\/uploads\/2025\/02\/Protest-Briselu-dokumentarca-debatu-Rio-Tintovom-projektu-Jadar.jpg?wsr\" \/>\n\t<meta property=\"og:image:width\" content=\"840\" \/>\n\t<meta property=\"og:image:height\" content=\"430\" \/>\n\t<meta property=\"og:image:type\" content=\"image\/jpeg\" \/>\n<meta name=\"author\" content=\"Igor Todorovi\u0107\" \/>\n<meta name=\"twitter:card\" content=\"summary_large_image\" \/>\n<meta name=\"twitter:label1\" content=\"\u041d\u0430\u043f\u0438\u0441\u0430\u043d\u043e \u043e\u0434\" \/>\n\t<meta name=\"twitter:data1\" content=\"Igor Todorovi\u0107\" \/>\n\t<meta name=\"twitter:label2\" content=\"\u041f\u0440\u043e\u0446\u0435\u045a\u0435\u043d\u043e \u0432\u0440\u0435\u043c\u0435 \u0447\u0438\u0442\u0430\u045a\u0430\" \/>\n\t<meta name=\"twitter:data2\" content=\"7 \u043c\u0438\u043d\u0443\u0442\u0430\" \/>\n<script type=\"application\/ld+json\" class=\"yoast-schema-graph\">{\"@context\":\"https:\\\/\\\/schema.org\",\"@graph\":[{\"@type\":\"Article\",\"@id\":\"https:\\\/\\\/balkangreenenergynews.com\\\/rs\\\/protest-u-briselu-pred-prikazivanje-dokumentarca-debatu-o-rio-tintovom-projektu-jadar\\\/#article\",\"isPartOf\":{\"@id\":\"https:\\\/\\\/balkangreenenergynews.com\\\/rs\\\/protest-u-briselu-pred-prikazivanje-dokumentarca-debatu-o-rio-tintovom-projektu-jadar\\\/\"},\"author\":{\"name\":\"Igor Todorovi\u0107\",\"@id\":\"https:\\\/\\\/balkangreenenergynews.com\\\/rs\\\/#\\\/schema\\\/person\\\/d8f80a244c4e9f2b55e4f6968c253246\"},\"headline\":\"Protest u Briselu pred prikazivanje dokumentarca, debatu o Rio Tintovom projektu Jadar\",\"datePublished\":\"2025-02-04T20:38:52+00:00\",\"dateModified\":\"2025-07-18T10:12:09+00:00\",\"mainEntityOfPage\":{\"@id\":\"https:\\\/\\\/balkangreenenergynews.com\\\/rs\\\/protest-u-briselu-pred-prikazivanje-dokumentarca-debatu-o-rio-tintovom-projektu-jadar\\\/\"},\"wordCount\":1312,\"commentCount\":0,\"image\":{\"@id\":\"https:\\\/\\\/balkangreenenergynews.com\\\/rs\\\/protest-u-briselu-pred-prikazivanje-dokumentarca-debatu-o-rio-tintovom-projektu-jadar\\\/#primaryimage\"},\"thumbnailUrl\":\"https:\\\/\\\/balkangreenenergynews.com\\\/rs\\\/wp-content\\\/uploads\\\/2025\\\/02\\\/Protest-Briselu-dokumentarca-debatu-Rio-Tintovom-projektu-Jadar.jpg?wsr\",\"keywords\":[\"Horizon Europe\",\"litijum\",\"Ne damo Jadar\",\"Neboj\u0161a Petkovi\u0107\",\"Projekat Jadar\",\"Rio Tinto\",\"\u017eivotna sredina\",\"Zlatko Kokanovi\u0107\"],\"articleSection\":[\"\u017divotna sredina\"],\"inLanguage\":\"sr-RS\",\"potentialAction\":[{\"@type\":\"CommentAction\",\"name\":\"Comment\",\"target\":[\"https:\\\/\\\/balkangreenenergynews.com\\\/rs\\\/protest-u-briselu-pred-prikazivanje-dokumentarca-debatu-o-rio-tintovom-projektu-jadar\\\/#respond\"]}]},{\"@type\":\"WebPage\",\"@id\":\"https:\\\/\\\/balkangreenenergynews.com\\\/rs\\\/protest-u-briselu-pred-prikazivanje-dokumentarca-debatu-o-rio-tintovom-projektu-jadar\\\/\",\"url\":\"https:\\\/\\\/balkangreenenergynews.com\\\/rs\\\/protest-u-briselu-pred-prikazivanje-dokumentarca-debatu-o-rio-tintovom-projektu-jadar\\\/\",\"name\":\"Protest u Briselu pred prikazivanje dokumentarca, debatu o Rio Tintovom projektu Jadar\",\"isPartOf\":{\"@id\":\"https:\\\/\\\/balkangreenenergynews.com\\\/rs\\\/#website\"},\"primaryImageOfPage\":{\"@id\":\"https:\\\/\\\/balkangreenenergynews.com\\\/rs\\\/protest-u-briselu-pred-prikazivanje-dokumentarca-debatu-o-rio-tintovom-projektu-jadar\\\/#primaryimage\"},\"image\":{\"@id\":\"https:\\\/\\\/balkangreenenergynews.com\\\/rs\\\/protest-u-briselu-pred-prikazivanje-dokumentarca-debatu-o-rio-tintovom-projektu-jadar\\\/#primaryimage\"},\"thumbnailUrl\":\"https:\\\/\\\/balkangreenenergynews.com\\\/rs\\\/wp-content\\\/uploads\\\/2025\\\/02\\\/Protest-Briselu-dokumentarca-debatu-Rio-Tintovom-projektu-Jadar.jpg?wsr\",\"datePublished\":\"2025-02-04T20:38:52+00:00\",\"dateModified\":\"2025-07-18T10:12:09+00:00\",\"author\":{\"@id\":\"https:\\\/\\\/balkangreenenergynews.com\\\/rs\\\/#\\\/schema\\\/person\\\/d8f80a244c4e9f2b55e4f6968c253246\"},\"description\":\"Aktivisti koji spremaju protest kod Evropskog parlamenta protiv rudarenja litijuma u Srbiji tvrde da su autori novog dokumentarca pristrasni.\",\"breadcrumb\":{\"@id\":\"https:\\\/\\\/balkangreenenergynews.com\\\/rs\\\/protest-u-briselu-pred-prikazivanje-dokumentarca-debatu-o-rio-tintovom-projektu-jadar\\\/#breadcrumb\"},\"inLanguage\":\"sr-RS\",\"potentialAction\":[{\"@type\":\"ReadAction\",\"target\":[\"https:\\\/\\\/balkangreenenergynews.com\\\/rs\\\/protest-u-briselu-pred-prikazivanje-dokumentarca-debatu-o-rio-tintovom-projektu-jadar\\\/\"]}]},{\"@type\":\"ImageObject\",\"inLanguage\":\"sr-RS\",\"@id\":\"https:\\\/\\\/balkangreenenergynews.com\\\/rs\\\/protest-u-briselu-pred-prikazivanje-dokumentarca-debatu-o-rio-tintovom-projektu-jadar\\\/#primaryimage\",\"url\":\"https:\\\/\\\/balkangreenenergynews.com\\\/rs\\\/wp-content\\\/uploads\\\/2025\\\/02\\\/Protest-Briselu-dokumentarca-debatu-Rio-Tintovom-projektu-Jadar.jpg?wsr\",\"contentUrl\":\"https:\\\/\\\/balkangreenenergynews.com\\\/rs\\\/wp-content\\\/uploads\\\/2025\\\/02\\\/Protest-Briselu-dokumentarca-debatu-Rio-Tintovom-projektu-Jadar.jpg?wsr\",\"width\":840,\"height\":430,\"caption\":\"Protest Briselu dokumentarca debatu Rio Tintovom projektu Jadar\"},{\"@type\":\"BreadcrumbList\",\"@id\":\"https:\\\/\\\/balkangreenenergynews.com\\\/rs\\\/protest-u-briselu-pred-prikazivanje-dokumentarca-debatu-o-rio-tintovom-projektu-jadar\\\/#breadcrumb\",\"itemListElement\":[{\"@type\":\"ListItem\",\"position\":1,\"name\":\"Po\u010detna\",\"item\":\"https:\\\/\\\/balkangreenenergynews.com\\\/rs\\\/\"},{\"@type\":\"ListItem\",\"position\":2,\"name\":\"Vesti\",\"item\":\"https:\\\/\\\/balkangreenenergynews.com\\\/rs\\\/kategorija\\\/vesti\\\/\"},{\"@type\":\"ListItem\",\"position\":3,\"name\":\"\u017divotna sredina\",\"item\":\"https:\\\/\\\/balkangreenenergynews.com\\\/rs\\\/kategorija\\\/vesti\\\/zivotna-sredina\\\/\"},{\"@type\":\"ListItem\",\"position\":4,\"name\":\"Protest u Briselu pred prikazivanje dokumentarca, debatu o Rio Tintovom projektu Jadar\"}]},{\"@type\":\"WebSite\",\"@id\":\"https:\\\/\\\/balkangreenenergynews.com\\\/rs\\\/#website\",\"url\":\"https:\\\/\\\/balkangreenenergynews.com\\\/rs\\\/\",\"name\":\"Balkan Green Energy News\",\"description\":\"Naj\u0161iri izbor vesti sa Balkana o zelenoj energiji\",\"potentialAction\":[{\"@type\":\"SearchAction\",\"target\":{\"@type\":\"EntryPoint\",\"urlTemplate\":\"https:\\\/\\\/balkangreenenergynews.com\\\/rs\\\/?s={search_term_string}\"},\"query-input\":{\"@type\":\"PropertyValueSpecification\",\"valueRequired\":true,\"valueName\":\"search_term_string\"}}],\"inLanguage\":\"sr-RS\"},{\"@type\":\"Person\",\"@id\":\"https:\\\/\\\/balkangreenenergynews.com\\\/rs\\\/#\\\/schema\\\/person\\\/d8f80a244c4e9f2b55e4f6968c253246\",\"name\":\"Igor Todorovi\u0107\",\"url\":\"https:\\\/\\\/balkangreenenergynews.com\\\/rs\\\/author\\\/igor-todorovic\\\/\"}]}<\/script>\n<!-- \/ Yoast SEO plugin. -->","yoast_head_json":{"title":"Protest u Briselu pred prikazivanje dokumentarca, debatu o Rio Tintovom projektu Jadar","description":"Aktivisti koji spremaju protest kod Evropskog parlamenta protiv rudarenja litijuma u Srbiji tvrde da su autori novog dokumentarca pristrasni.","robots":{"index":"index","follow":"follow","max-snippet":"max-snippet:-1","max-image-preview":"max-image-preview:large","max-video-preview":"max-video-preview:-1"},"canonical":"https:\/\/balkangreenenergynews.com\/rs\/protest-u-briselu-pred-prikazivanje-dokumentarca-debatu-o-rio-tintovom-projektu-jadar\/","og_locale":"sr_RS","og_type":"article","og_title":"Protest u Briselu pred prikazivanje dokumentarca, debatu o Rio Tintovom projektu Jadar","og_description":"Aktivisti koji spremaju protest kod Evropskog parlamenta protiv rudarenja litijuma u Srbiji tvrde da su autori novog dokumentarca pristrasni.","og_url":"https:\/\/balkangreenenergynews.com\/rs\/protest-u-briselu-pred-prikazivanje-dokumentarca-debatu-o-rio-tintovom-projektu-jadar\/","og_site_name":"Balkan Green Energy News","article_published_time":"2025-02-04T20:38:52+00:00","article_modified_time":"2025-07-18T10:12:09+00:00","og_image":[{"width":840,"height":430,"url":"https:\/\/balkangreenenergynews.com\/rs\/wp-content\/uploads\/2025\/02\/Protest-Briselu-dokumentarca-debatu-Rio-Tintovom-projektu-Jadar.jpg?wsr","type":"image\/jpeg"}],"author":"Igor Todorovi\u0107","twitter_card":"summary_large_image","twitter_misc":{"\u041d\u0430\u043f\u0438\u0441\u0430\u043d\u043e \u043e\u0434":"Igor Todorovi\u0107","\u041f\u0440\u043e\u0446\u0435\u045a\u0435\u043d\u043e \u0432\u0440\u0435\u043c\u0435 \u0447\u0438\u0442\u0430\u045a\u0430":"7 \u043c\u0438\u043d\u0443\u0442\u0430"},"schema":{"@context":"https:\/\/schema.org","@graph":[{"@type":"Article","@id":"https:\/\/balkangreenenergynews.com\/rs\/protest-u-briselu-pred-prikazivanje-dokumentarca-debatu-o-rio-tintovom-projektu-jadar\/#article","isPartOf":{"@id":"https:\/\/balkangreenenergynews.com\/rs\/protest-u-briselu-pred-prikazivanje-dokumentarca-debatu-o-rio-tintovom-projektu-jadar\/"},"author":{"name":"Igor Todorovi\u0107","@id":"https:\/\/balkangreenenergynews.com\/rs\/#\/schema\/person\/d8f80a244c4e9f2b55e4f6968c253246"},"headline":"Protest u Briselu pred prikazivanje dokumentarca, debatu o Rio Tintovom projektu Jadar","datePublished":"2025-02-04T20:38:52+00:00","dateModified":"2025-07-18T10:12:09+00:00","mainEntityOfPage":{"@id":"https:\/\/balkangreenenergynews.com\/rs\/protest-u-briselu-pred-prikazivanje-dokumentarca-debatu-o-rio-tintovom-projektu-jadar\/"},"wordCount":1312,"commentCount":0,"image":{"@id":"https:\/\/balkangreenenergynews.com\/rs\/protest-u-briselu-pred-prikazivanje-dokumentarca-debatu-o-rio-tintovom-projektu-jadar\/#primaryimage"},"thumbnailUrl":"https:\/\/balkangreenenergynews.com\/rs\/wp-content\/uploads\/2025\/02\/Protest-Briselu-dokumentarca-debatu-Rio-Tintovom-projektu-Jadar.jpg?wsr","keywords":["Horizon Europe","litijum","Ne damo Jadar","Neboj\u0161a Petkovi\u0107","Projekat Jadar","Rio Tinto","\u017eivotna sredina","Zlatko Kokanovi\u0107"],"articleSection":["\u017divotna sredina"],"inLanguage":"sr-RS","potentialAction":[{"@type":"CommentAction","name":"Comment","target":["https:\/\/balkangreenenergynews.com\/rs\/protest-u-briselu-pred-prikazivanje-dokumentarca-debatu-o-rio-tintovom-projektu-jadar\/#respond"]}]},{"@type":"WebPage","@id":"https:\/\/balkangreenenergynews.com\/rs\/protest-u-briselu-pred-prikazivanje-dokumentarca-debatu-o-rio-tintovom-projektu-jadar\/","url":"https:\/\/balkangreenenergynews.com\/rs\/protest-u-briselu-pred-prikazivanje-dokumentarca-debatu-o-rio-tintovom-projektu-jadar\/","name":"Protest u Briselu pred prikazivanje dokumentarca, debatu o Rio Tintovom projektu Jadar","isPartOf":{"@id":"https:\/\/balkangreenenergynews.com\/rs\/#website"},"primaryImageOfPage":{"@id":"https:\/\/balkangreenenergynews.com\/rs\/protest-u-briselu-pred-prikazivanje-dokumentarca-debatu-o-rio-tintovom-projektu-jadar\/#primaryimage"},"image":{"@id":"https:\/\/balkangreenenergynews.com\/rs\/protest-u-briselu-pred-prikazivanje-dokumentarca-debatu-o-rio-tintovom-projektu-jadar\/#primaryimage"},"thumbnailUrl":"https:\/\/balkangreenenergynews.com\/rs\/wp-content\/uploads\/2025\/02\/Protest-Briselu-dokumentarca-debatu-Rio-Tintovom-projektu-Jadar.jpg?wsr","datePublished":"2025-02-04T20:38:52+00:00","dateModified":"2025-07-18T10:12:09+00:00","author":{"@id":"https:\/\/balkangreenenergynews.com\/rs\/#\/schema\/person\/d8f80a244c4e9f2b55e4f6968c253246"},"description":"Aktivisti koji spremaju protest kod Evropskog parlamenta protiv rudarenja litijuma u Srbiji tvrde da su autori novog dokumentarca pristrasni.","breadcrumb":{"@id":"https:\/\/balkangreenenergynews.com\/rs\/protest-u-briselu-pred-prikazivanje-dokumentarca-debatu-o-rio-tintovom-projektu-jadar\/#breadcrumb"},"inLanguage":"sr-RS","potentialAction":[{"@type":"ReadAction","target":["https:\/\/balkangreenenergynews.com\/rs\/protest-u-briselu-pred-prikazivanje-dokumentarca-debatu-o-rio-tintovom-projektu-jadar\/"]}]},{"@type":"ImageObject","inLanguage":"sr-RS","@id":"https:\/\/balkangreenenergynews.com\/rs\/protest-u-briselu-pred-prikazivanje-dokumentarca-debatu-o-rio-tintovom-projektu-jadar\/#primaryimage","url":"https:\/\/balkangreenenergynews.com\/rs\/wp-content\/uploads\/2025\/02\/Protest-Briselu-dokumentarca-debatu-Rio-Tintovom-projektu-Jadar.jpg?wsr","contentUrl":"https:\/\/balkangreenenergynews.com\/rs\/wp-content\/uploads\/2025\/02\/Protest-Briselu-dokumentarca-debatu-Rio-Tintovom-projektu-Jadar.jpg?wsr","width":840,"height":430,"caption":"Protest Briselu dokumentarca debatu Rio Tintovom projektu Jadar"},{"@type":"BreadcrumbList","@id":"https:\/\/balkangreenenergynews.com\/rs\/protest-u-briselu-pred-prikazivanje-dokumentarca-debatu-o-rio-tintovom-projektu-jadar\/#breadcrumb","itemListElement":[{"@type":"ListItem","position":1,"name":"Po\u010detna","item":"https:\/\/balkangreenenergynews.com\/rs\/"},{"@type":"ListItem","position":2,"name":"Vesti","item":"https:\/\/balkangreenenergynews.com\/rs\/kategorija\/vesti\/"},{"@type":"ListItem","position":3,"name":"\u017divotna sredina","item":"https:\/\/balkangreenenergynews.com\/rs\/kategorija\/vesti\/zivotna-sredina\/"},{"@type":"ListItem","position":4,"name":"Protest u Briselu pred prikazivanje dokumentarca, debatu o Rio Tintovom projektu Jadar"}]},{"@type":"WebSite","@id":"https:\/\/balkangreenenergynews.com\/rs\/#website","url":"https:\/\/balkangreenenergynews.com\/rs\/","name":"Balkan Green Energy News","description":"Naj\u0161iri izbor vesti sa Balkana o zelenoj energiji","potentialAction":[{"@type":"SearchAction","target":{"@type":"EntryPoint","urlTemplate":"https:\/\/balkangreenenergynews.com\/rs\/?s={search_term_string}"},"query-input":{"@type":"PropertyValueSpecification","valueRequired":true,"valueName":"search_term_string"}}],"inLanguage":"sr-RS"},{"@type":"Person","@id":"https:\/\/balkangreenenergynews.com\/rs\/#\/schema\/person\/d8f80a244c4e9f2b55e4f6968c253246","name":"Igor Todorovi\u0107","url":"https:\/\/balkangreenenergynews.com\/rs\/author\/igor-todorovic\/"}]}},"_links":{"self":[{"href":"https:\/\/balkangreenenergynews.com\/rs\/wp-json\/wp\/v2\/posts\/77302","targetHints":{"allow":["GET"]}}],"collection":[{"href":"https:\/\/balkangreenenergynews.com\/rs\/wp-json\/wp\/v2\/posts"}],"about":[{"href":"https:\/\/balkangreenenergynews.com\/rs\/wp-json\/wp\/v2\/types\/post"}],"author":[{"embeddable":true,"href":"https:\/\/balkangreenenergynews.com\/rs\/wp-json\/wp\/v2\/users\/27"}],"replies":[{"embeddable":true,"href":"https:\/\/balkangreenenergynews.com\/rs\/wp-json\/wp\/v2\/comments?post=77302"}],"version-history":[{"count":0,"href":"https:\/\/balkangreenenergynews.com\/rs\/wp-json\/wp\/v2\/posts\/77302\/revisions"}],"wp:featuredmedia":[{"embeddable":true,"href":"https:\/\/balkangreenenergynews.com\/rs\/wp-json\/wp\/v2\/media\/77306"}],"wp:attachment":[{"href":"https:\/\/balkangreenenergynews.com\/rs\/wp-json\/wp\/v2\/media?parent=77302"}],"wp:term":[{"taxonomy":"category","embeddable":true,"href":"https:\/\/balkangreenenergynews.com\/rs\/wp-json\/wp\/v2\/categories?post=77302"},{"taxonomy":"post_tag","embeddable":true,"href":"https:\/\/balkangreenenergynews.com\/rs\/wp-json\/wp\/v2\/tags?post=77302"}],"curies":[{"name":"wp","href":"https:\/\/api.w.org\/{rel}","templated":true}]}}