{"id":77075,"date":"2025-01-28T17:33:21","date_gmt":"2025-01-28T16:33:21","guid":{"rendered":"https:\/\/balkangreenenergynews.com\/rs\/?p=77075"},"modified":"2025-01-28T17:33:21","modified_gmt":"2025-01-28T16:33:21","slug":"ekoloska-katastrofa-u-baja-mareu-25-godina-nakon-toksicnog-talasa","status":"publish","type":"post","link":"https:\/\/balkangreenenergynews.com\/rs\/ekoloska-katastrofa-u-baja-mareu-25-godina-nakon-toksicnog-talasa\/","title":{"rendered":"Ekolo\u0161ka katastrofa u Baja Mareu: 25 godina nakon toksi\u010dnog talasa"},"content":{"rendered":"<h2>Pre 25 godina, dogodila se jedna od najve\u0107ih ekolo\u0161kih katastrofa u Evropi. Brana kod jalovi\u0161ta rudnika zlata kod rumunskog grada Baja Mare je pukla, oslobodiv\u0161i 100 hiljada kubnih metara vode zaga\u0111ene cijanidom i te\u0161kim metalima. Toksini no\u0161eni rekom Samo\u0161 zavr\u0161ili su u Tisi i Dunavu, uni\u0161tavaju\u0107i ekosisteme u \u010detiri zemlje.<\/h2>\n<p>Rudarska kompanija Aurul po\u010dela je sa radom u Rumuniji 1999. godine. U postrojenju za preradu se obra\u0111ivala jalovina preostala nakon ranijih rudarskih projekata <a href=\"https:\/\/balkangreenenergynews.com\/rs\/homoljskom-kraju-preti-devastacija-cijanidom-sa-rudnikom-zlata-potaj-cuka\/\">ekstrakcije zlata<\/a> i srebra.<\/p>\n<p>Preuzimana je iz jalovi\u0161ta Meda, koje je sadr\u017ealo oko 4,43 miliona tona \u010dvrstog materijala sa prose\u010dnom koncentracijom zlata od 0,6 grama po toni. U planu je bila ponovna obrada jalovine sa jo\u0161 dva jalovi\u0161ta.<\/p>\n<p>Postrojenje za obradu plemenitih metala projektovano je sa kapacitetom obrade od 2,5 miliona tona godi\u0161nje. Proizvodilo bi pribli\u017eno 1,6 tona zlata i devet tona srebra godi\u0161nje.<\/p>\n<p>Polovinu vlasni\u0161tva nad fabrikom imala je australijska rudarska kompanija Esmeralda Exploration, vlada Rumunije 45 odsto, a drugi investitori pet procenata.<\/p>\n<blockquote><p>Nakon ekstrakcije preostalog zlata, jalovina sadr\u017ei 400 miligrama cijanida po litru<\/p><\/blockquote>\n<p>Tehnologija koju je uveo Aurul oslanja se na visoke koncentracije cijanida u procesnim vodama za ekstrakciju plemenitih metala. Taj postupak je lu\u017eenje cijanidom. \u010cvrsti materijal se prvo drobi i melje do fine pra\u0161kaste forme. Stavlja se u rezervoare ili jame, gde se preliva rastvorom natrijum-cijanida ili kalijum-cijanida. Cijanid reaguje sa zlatom i rastvara ga u vodi. Nastala rastvorljiva jedinjenja zlata se odvajaju od \u010dvrstog otpada kroz procese kao \u0161to su filtracija ili gravitaciono odvajanje, a zlato procesom talo\u017eenja.<\/p>\n<p>Proces funkcioni\u0161e u zatvorenom krugu, pri \u010demu se voda koje sadr\u017ei cijanid ponovo koristi, nakon sedimentacije \u010dvrstih materija u jezeru Aurul. Jalovina nakon izdvajanja preostalog zlata sadr\u017ei 400 miligrama cijanida po litru.<\/p>\n<p>Da napomenemo, cijanid lako i brzo reaguje sa \u017eivim organizmima. Njegova velika toksi\u010dnost proizlazi iz ometanja osnovnih biolo\u0161kih procesa u \u0107elijama, a posebno disanje na \u0107elijskom nivou.<\/p>\n<h3>Najve\u0107a ekolo\u0161ka katastrofa nakon \u010cernobilja<\/h3>\n<p>Najve\u0107a ekolo\u0161ka katastrofa nakon \u010cernobilja dogodila se 30. januara 2000. godine. Do\u0161lo je do pucanja brane na jezeru za talo\u017eenje jalovine Aurul. Tom prilikom iscurelo je oko 100 hiljada kubnih metara odlo\u017eene jalovine koja je u sebi sadr\u017eala izme\u0111u 50 i 100 tona cijanida kao i te\u0161ke metale, uklju\u010duju\u0107i bakar. Do pucanja brane do\u0161lo je zbog kombinacije propusta u\u010dinjenih jo\u0161 u izgradnji brane i nepovoljnih vremenskih uslova, konkretno brzog otapanja snega.<\/p>\n<p>Poplavni otrovni talas je do Crnog mora putovao \u010detiri nedelje. Rekama Lapo\u0161 i Samo\u0161 i Tisom je stigao u Srbiju i ulio se u Dunav.<\/p>\n<p>Povi\u0161ena koncentracija cijanida ugrozila je 62 vrste ribe, od kojih je 20 bilo za\u0161ti\u0107eno. Procenjeno je da je uginulo preko 1.200 tona ribe, a veliki delovi ekosistema u ovim rekama su uni\u0161teni.<\/p>\n<p>Zaga\u0111enje je dovelo u opasnost i neke od drugih ugro\u017eenih vrsta u Rumuniji, kao \u0161to su vidre i beloglavi orao.<\/p>\n<blockquote><p>Tisa je podnela najve\u0107i teret katastrofe<\/p><\/blockquote>\n<p>Kada se cijanid izlio u reku Samo\u0161, testovi su pokazali da su koncentracije bile 700 puta ve\u0107e od dozvoljenog nivoa. Samo\u0161 se u Ma\u0111arskoj uliva u Tisu.<\/p>\n<p>Tisa, druga reka po du\u017eini u Ma\u0111arskoj, podnela je najve\u0107i teret katastrofe. Toksi\u010dni talas je zbrisao 80 odsto ekosistema Tise, ozbiljno ugroziv\u0161i \u017eivote, zdravlje i ekonomski opstanak poljoprivrednika koji \u017eive du\u017e njenog 960 kilometara dugog toka. Vi\u0161e od dva miliona ljudi u Ma\u0111arskoj privremeno je ostalo bez pristupa bezbednoj pija\u0107oj vodi.<\/p>\n<h3>Reakcije i odgovornost<\/h3>\n<p>Bret Montgomeri, predsednik uprave Esmeralde, negirao je odgovornost, tvrde\u0107i da je \u0161teta od izlivanja &#8222;mnogo preuveli\u010dana&#8220; i da je riba umirala u tolikom broju zbog nedostatka kiseonika izazvanog zamrzavanjem reke.<\/p>\n<p>Evropska unija i Ujedinjene nacije su posle <a href=\"https:\/\/wwfint.awsassets.panda.org\/downloads\/baia_mare_task_force_report_2000.pdf\">istrage<\/a> zaklju\u010dile je da je uzrok katastrofe bilo neadekvatno projektovanje brane i da ona nije mogla da izdr\u017ei ekstremne vremenske uslove poput obilne ki\u0161e i topljenja velike koli\u010dine snega. Dalje, ukazano je na nedostatak nadzora i upravljanja tokom gradnje i rada postrojenja i neodgovaraju\u0107e planiranje skladi\u0161nog kapaciteta. \u0160ef radne grupe EU Tom Garvi izjavio je da je kompanija direktno odgovorna za ekolo\u0161ku katastrofu i da je &#8222;preko 100 tona cijanida uni\u0161tilo sve na svom putu&#8220;.<\/p>\n<p>Ma\u0111arska je u julu 2000. podnela od\u0161tetni zahtev u iznosu od 179 miliona dolara protiv kompanije Esmeralda Exploration. Me\u0111utim, ova je ubrzo nakon toga bankrotirala.<\/p>\n<p>Rumunske vlasti nisu preduzele ozbiljnije korake protiv firme Aurul. Nastavila je s radom nekoliko meseci nakon akcidenta, uz minimalne izmene u sigurnosnim merama.<\/p>\n","protected":false},"excerpt":{"rendered":"<p>Pre 25 godina se dogodila se jedna od najve\u0107ih ekolo\u0161kih katastrofa u Evropi: kod rumunskog grada Baja Mare pukla je brana jezera za talo\u017eenje toksi\u010dne jalovine.<\/p>\n","protected":false},"author":34,"featured_media":77115,"comment_status":"open","ping_status":"open","sticky":false,"template":"","format":"standard","meta":{"_acf_changed":false,"_monsterinsights_skip_tracking":false,"_monsterinsights_sitenote_active":false,"_monsterinsights_sitenote_note":"","_monsterinsights_sitenote_category":0,"footnotes":""},"categories":[4],"tags":[6230,6345,5921],"class_list":["post-77075","post","type-post","status-publish","format-standard","has-post-thumbnail","hentry","category-zivotna-sredina","tag-cijanid","tag-rudarstvo","tag-zivotna-sredina","country-regioneu","country-rumunija"],"acf":[],"yoast_head":"<!-- This site is optimized with the Yoast SEO plugin v27.4 - https:\/\/yoast.com\/product\/yoast-seo-wordpress\/ -->\n<title>Ekolo\u0161ka katastrofa u Baja Mareu: 25 godina nakon toksi\u010dnog talasa<\/title>\n<meta name=\"description\" content=\"Pre 25 godina se dogodila se jedna od najve\u0107ih ekolo\u0161kih katastrofa u Evropi: kod rumunskog grada Baja Mare pukla je brana jezera za talo\u017eenje toksi\u010dne jalovine.\" \/>\n<meta name=\"robots\" content=\"index, follow, max-snippet:-1, max-image-preview:large, max-video-preview:-1\" \/>\n<link rel=\"canonical\" href=\"https:\/\/balkangreenenergynews.com\/rs\/ekoloska-katastrofa-u-baja-mareu-25-godina-nakon-toksicnog-talasa\/\" \/>\n<meta property=\"og:locale\" content=\"sr_RS\" \/>\n<meta property=\"og:type\" content=\"article\" \/>\n<meta property=\"og:title\" content=\"Ekolo\u0161ka katastrofa u Baja Mareu: 25 godina nakon toksi\u010dnog talasa\" \/>\n<meta property=\"og:description\" content=\"Pre 25 godina se dogodila se jedna od najve\u0107ih ekolo\u0161kih katastrofa u Evropi: kod rumunskog grada Baja Mare pukla je brana jezera za talo\u017eenje toksi\u010dne jalovine.\" \/>\n<meta property=\"og:url\" content=\"https:\/\/balkangreenenergynews.com\/rs\/ekoloska-katastrofa-u-baja-mareu-25-godina-nakon-toksicnog-talasa\/\" \/>\n<meta property=\"og:site_name\" content=\"Balkan Green Energy News\" \/>\n<meta property=\"article:published_time\" content=\"2025-01-28T16:33:21+00:00\" \/>\n<meta property=\"og:image\" content=\"https:\/\/balkangreenenergynews.com\/rs\/wp-content\/uploads\/2025\/01\/rumunija-akcident-u-rudniku-zlata.webp?wsr\" \/>\n\t<meta property=\"og:image:width\" content=\"840\" \/>\n\t<meta property=\"og:image:height\" content=\"430\" \/>\n\t<meta property=\"og:image:type\" content=\"image\/webp\" \/>\n<meta name=\"author\" content=\"Jelisaveta Peri\u0161i\u0107\" \/>\n<meta name=\"twitter:card\" content=\"summary_large_image\" \/>\n<meta name=\"twitter:label1\" content=\"\u041d\u0430\u043f\u0438\u0441\u0430\u043d\u043e \u043e\u0434\" \/>\n\t<meta name=\"twitter:data1\" content=\"Jelisaveta Peri\u0161i\u0107\" \/>\n\t<meta name=\"twitter:label2\" content=\"\u041f\u0440\u043e\u0446\u0435\u045a\u0435\u043d\u043e \u0432\u0440\u0435\u043c\u0435 \u0447\u0438\u0442\u0430\u045a\u0430\" \/>\n\t<meta name=\"twitter:data2\" content=\"4 \u043c\u0438\u043d\u0443\u0442\u0430\" \/>\n<script type=\"application\/ld+json\" class=\"yoast-schema-graph\">{\"@context\":\"https:\\\/\\\/schema.org\",\"@graph\":[{\"@type\":\"Article\",\"@id\":\"https:\\\/\\\/balkangreenenergynews.com\\\/rs\\\/ekoloska-katastrofa-u-baja-mareu-25-godina-nakon-toksicnog-talasa\\\/#article\",\"isPartOf\":{\"@id\":\"https:\\\/\\\/balkangreenenergynews.com\\\/rs\\\/ekoloska-katastrofa-u-baja-mareu-25-godina-nakon-toksicnog-talasa\\\/\"},\"author\":{\"name\":\"Jelisaveta Peri\u0161i\u0107\",\"@id\":\"https:\\\/\\\/balkangreenenergynews.com\\\/rs\\\/#\\\/schema\\\/person\\\/4b3c5831bbc05a72630d12560df2b3f8\"},\"headline\":\"Ekolo\u0161ka katastrofa u Baja Mareu: 25 godina nakon toksi\u010dnog talasa\",\"datePublished\":\"2025-01-28T16:33:21+00:00\",\"mainEntityOfPage\":{\"@id\":\"https:\\\/\\\/balkangreenenergynews.com\\\/rs\\\/ekoloska-katastrofa-u-baja-mareu-25-godina-nakon-toksicnog-talasa\\\/\"},\"wordCount\":765,\"commentCount\":0,\"image\":{\"@id\":\"https:\\\/\\\/balkangreenenergynews.com\\\/rs\\\/ekoloska-katastrofa-u-baja-mareu-25-godina-nakon-toksicnog-talasa\\\/#primaryimage\"},\"thumbnailUrl\":\"https:\\\/\\\/balkangreenenergynews.com\\\/rs\\\/wp-content\\\/uploads\\\/2025\\\/01\\\/rumunija-akcident-u-rudniku-zlata.webp?wsr\",\"keywords\":[\"cijanid\",\"rudarstvo\",\"\u017eivotna sredina\"],\"articleSection\":[\"\u017divotna sredina\"],\"inLanguage\":\"sr-RS\",\"potentialAction\":[{\"@type\":\"CommentAction\",\"name\":\"Comment\",\"target\":[\"https:\\\/\\\/balkangreenenergynews.com\\\/rs\\\/ekoloska-katastrofa-u-baja-mareu-25-godina-nakon-toksicnog-talasa\\\/#respond\"]}]},{\"@type\":\"WebPage\",\"@id\":\"https:\\\/\\\/balkangreenenergynews.com\\\/rs\\\/ekoloska-katastrofa-u-baja-mareu-25-godina-nakon-toksicnog-talasa\\\/\",\"url\":\"https:\\\/\\\/balkangreenenergynews.com\\\/rs\\\/ekoloska-katastrofa-u-baja-mareu-25-godina-nakon-toksicnog-talasa\\\/\",\"name\":\"Ekolo\u0161ka katastrofa u Baja Mareu: 25 godina nakon toksi\u010dnog talasa\",\"isPartOf\":{\"@id\":\"https:\\\/\\\/balkangreenenergynews.com\\\/rs\\\/#website\"},\"primaryImageOfPage\":{\"@id\":\"https:\\\/\\\/balkangreenenergynews.com\\\/rs\\\/ekoloska-katastrofa-u-baja-mareu-25-godina-nakon-toksicnog-talasa\\\/#primaryimage\"},\"image\":{\"@id\":\"https:\\\/\\\/balkangreenenergynews.com\\\/rs\\\/ekoloska-katastrofa-u-baja-mareu-25-godina-nakon-toksicnog-talasa\\\/#primaryimage\"},\"thumbnailUrl\":\"https:\\\/\\\/balkangreenenergynews.com\\\/rs\\\/wp-content\\\/uploads\\\/2025\\\/01\\\/rumunija-akcident-u-rudniku-zlata.webp?wsr\",\"datePublished\":\"2025-01-28T16:33:21+00:00\",\"author\":{\"@id\":\"https:\\\/\\\/balkangreenenergynews.com\\\/rs\\\/#\\\/schema\\\/person\\\/4b3c5831bbc05a72630d12560df2b3f8\"},\"description\":\"Pre 25 godina se dogodila se jedna od najve\u0107ih ekolo\u0161kih katastrofa u Evropi: kod rumunskog grada Baja Mare pukla je brana jezera za talo\u017eenje toksi\u010dne jalovine.\",\"breadcrumb\":{\"@id\":\"https:\\\/\\\/balkangreenenergynews.com\\\/rs\\\/ekoloska-katastrofa-u-baja-mareu-25-godina-nakon-toksicnog-talasa\\\/#breadcrumb\"},\"inLanguage\":\"sr-RS\",\"potentialAction\":[{\"@type\":\"ReadAction\",\"target\":[\"https:\\\/\\\/balkangreenenergynews.com\\\/rs\\\/ekoloska-katastrofa-u-baja-mareu-25-godina-nakon-toksicnog-talasa\\\/\"]}]},{\"@type\":\"ImageObject\",\"inLanguage\":\"sr-RS\",\"@id\":\"https:\\\/\\\/balkangreenenergynews.com\\\/rs\\\/ekoloska-katastrofa-u-baja-mareu-25-godina-nakon-toksicnog-talasa\\\/#primaryimage\",\"url\":\"https:\\\/\\\/balkangreenenergynews.com\\\/rs\\\/wp-content\\\/uploads\\\/2025\\\/01\\\/rumunija-akcident-u-rudniku-zlata.webp?wsr\",\"contentUrl\":\"https:\\\/\\\/balkangreenenergynews.com\\\/rs\\\/wp-content\\\/uploads\\\/2025\\\/01\\\/rumunija-akcident-u-rudniku-zlata.webp?wsr\",\"width\":840,\"height\":430,\"caption\":\"rumunija akcident u rudniku zlata\"},{\"@type\":\"BreadcrumbList\",\"@id\":\"https:\\\/\\\/balkangreenenergynews.com\\\/rs\\\/ekoloska-katastrofa-u-baja-mareu-25-godina-nakon-toksicnog-talasa\\\/#breadcrumb\",\"itemListElement\":[{\"@type\":\"ListItem\",\"position\":1,\"name\":\"Po\u010detna\",\"item\":\"https:\\\/\\\/balkangreenenergynews.com\\\/rs\\\/\"},{\"@type\":\"ListItem\",\"position\":2,\"name\":\"Vesti\",\"item\":\"https:\\\/\\\/balkangreenenergynews.com\\\/rs\\\/kategorija\\\/vesti\\\/\"},{\"@type\":\"ListItem\",\"position\":3,\"name\":\"\u017divotna sredina\",\"item\":\"https:\\\/\\\/balkangreenenergynews.com\\\/rs\\\/kategorija\\\/vesti\\\/zivotna-sredina\\\/\"},{\"@type\":\"ListItem\",\"position\":4,\"name\":\"Ekolo\u0161ka katastrofa u Baja Mareu: 25 godina nakon toksi\u010dnog talasa\"}]},{\"@type\":\"WebSite\",\"@id\":\"https:\\\/\\\/balkangreenenergynews.com\\\/rs\\\/#website\",\"url\":\"https:\\\/\\\/balkangreenenergynews.com\\\/rs\\\/\",\"name\":\"Balkan Green Energy News\",\"description\":\"Naj\u0161iri izbor vesti sa Balkana o zelenoj energiji\",\"potentialAction\":[{\"@type\":\"SearchAction\",\"target\":{\"@type\":\"EntryPoint\",\"urlTemplate\":\"https:\\\/\\\/balkangreenenergynews.com\\\/rs\\\/?s={search_term_string}\"},\"query-input\":{\"@type\":\"PropertyValueSpecification\",\"valueRequired\":true,\"valueName\":\"search_term_string\"}}],\"inLanguage\":\"sr-RS\"},{\"@type\":\"Person\",\"@id\":\"https:\\\/\\\/balkangreenenergynews.com\\\/rs\\\/#\\\/schema\\\/person\\\/4b3c5831bbc05a72630d12560df2b3f8\",\"name\":\"Jelisaveta Peri\u0161i\u0107\",\"url\":\"https:\\\/\\\/balkangreenenergynews.com\\\/rs\\\/author\\\/jelisavet-perisic\\\/\"}]}<\/script>\n<!-- \/ Yoast SEO plugin. -->","yoast_head_json":{"title":"Ekolo\u0161ka katastrofa u Baja Mareu: 25 godina nakon toksi\u010dnog talasa","description":"Pre 25 godina se dogodila se jedna od najve\u0107ih ekolo\u0161kih katastrofa u Evropi: kod rumunskog grada Baja Mare pukla je brana jezera za talo\u017eenje toksi\u010dne jalovine.","robots":{"index":"index","follow":"follow","max-snippet":"max-snippet:-1","max-image-preview":"max-image-preview:large","max-video-preview":"max-video-preview:-1"},"canonical":"https:\/\/balkangreenenergynews.com\/rs\/ekoloska-katastrofa-u-baja-mareu-25-godina-nakon-toksicnog-talasa\/","og_locale":"sr_RS","og_type":"article","og_title":"Ekolo\u0161ka katastrofa u Baja Mareu: 25 godina nakon toksi\u010dnog talasa","og_description":"Pre 25 godina se dogodila se jedna od najve\u0107ih ekolo\u0161kih katastrofa u Evropi: kod rumunskog grada Baja Mare pukla je brana jezera za talo\u017eenje toksi\u010dne jalovine.","og_url":"https:\/\/balkangreenenergynews.com\/rs\/ekoloska-katastrofa-u-baja-mareu-25-godina-nakon-toksicnog-talasa\/","og_site_name":"Balkan Green Energy News","article_published_time":"2025-01-28T16:33:21+00:00","og_image":[{"width":840,"height":430,"url":"https:\/\/balkangreenenergynews.com\/rs\/wp-content\/uploads\/2025\/01\/rumunija-akcident-u-rudniku-zlata.webp?wsr","type":"image\/webp"}],"author":"Jelisaveta Peri\u0161i\u0107","twitter_card":"summary_large_image","twitter_misc":{"\u041d\u0430\u043f\u0438\u0441\u0430\u043d\u043e \u043e\u0434":"Jelisaveta Peri\u0161i\u0107","\u041f\u0440\u043e\u0446\u0435\u045a\u0435\u043d\u043e \u0432\u0440\u0435\u043c\u0435 \u0447\u0438\u0442\u0430\u045a\u0430":"4 \u043c\u0438\u043d\u0443\u0442\u0430"},"schema":{"@context":"https:\/\/schema.org","@graph":[{"@type":"Article","@id":"https:\/\/balkangreenenergynews.com\/rs\/ekoloska-katastrofa-u-baja-mareu-25-godina-nakon-toksicnog-talasa\/#article","isPartOf":{"@id":"https:\/\/balkangreenenergynews.com\/rs\/ekoloska-katastrofa-u-baja-mareu-25-godina-nakon-toksicnog-talasa\/"},"author":{"name":"Jelisaveta Peri\u0161i\u0107","@id":"https:\/\/balkangreenenergynews.com\/rs\/#\/schema\/person\/4b3c5831bbc05a72630d12560df2b3f8"},"headline":"Ekolo\u0161ka katastrofa u Baja Mareu: 25 godina nakon toksi\u010dnog talasa","datePublished":"2025-01-28T16:33:21+00:00","mainEntityOfPage":{"@id":"https:\/\/balkangreenenergynews.com\/rs\/ekoloska-katastrofa-u-baja-mareu-25-godina-nakon-toksicnog-talasa\/"},"wordCount":765,"commentCount":0,"image":{"@id":"https:\/\/balkangreenenergynews.com\/rs\/ekoloska-katastrofa-u-baja-mareu-25-godina-nakon-toksicnog-talasa\/#primaryimage"},"thumbnailUrl":"https:\/\/balkangreenenergynews.com\/rs\/wp-content\/uploads\/2025\/01\/rumunija-akcident-u-rudniku-zlata.webp?wsr","keywords":["cijanid","rudarstvo","\u017eivotna sredina"],"articleSection":["\u017divotna sredina"],"inLanguage":"sr-RS","potentialAction":[{"@type":"CommentAction","name":"Comment","target":["https:\/\/balkangreenenergynews.com\/rs\/ekoloska-katastrofa-u-baja-mareu-25-godina-nakon-toksicnog-talasa\/#respond"]}]},{"@type":"WebPage","@id":"https:\/\/balkangreenenergynews.com\/rs\/ekoloska-katastrofa-u-baja-mareu-25-godina-nakon-toksicnog-talasa\/","url":"https:\/\/balkangreenenergynews.com\/rs\/ekoloska-katastrofa-u-baja-mareu-25-godina-nakon-toksicnog-talasa\/","name":"Ekolo\u0161ka katastrofa u Baja Mareu: 25 godina nakon toksi\u010dnog talasa","isPartOf":{"@id":"https:\/\/balkangreenenergynews.com\/rs\/#website"},"primaryImageOfPage":{"@id":"https:\/\/balkangreenenergynews.com\/rs\/ekoloska-katastrofa-u-baja-mareu-25-godina-nakon-toksicnog-talasa\/#primaryimage"},"image":{"@id":"https:\/\/balkangreenenergynews.com\/rs\/ekoloska-katastrofa-u-baja-mareu-25-godina-nakon-toksicnog-talasa\/#primaryimage"},"thumbnailUrl":"https:\/\/balkangreenenergynews.com\/rs\/wp-content\/uploads\/2025\/01\/rumunija-akcident-u-rudniku-zlata.webp?wsr","datePublished":"2025-01-28T16:33:21+00:00","author":{"@id":"https:\/\/balkangreenenergynews.com\/rs\/#\/schema\/person\/4b3c5831bbc05a72630d12560df2b3f8"},"description":"Pre 25 godina se dogodila se jedna od najve\u0107ih ekolo\u0161kih katastrofa u Evropi: kod rumunskog grada Baja Mare pukla je brana jezera za talo\u017eenje toksi\u010dne jalovine.","breadcrumb":{"@id":"https:\/\/balkangreenenergynews.com\/rs\/ekoloska-katastrofa-u-baja-mareu-25-godina-nakon-toksicnog-talasa\/#breadcrumb"},"inLanguage":"sr-RS","potentialAction":[{"@type":"ReadAction","target":["https:\/\/balkangreenenergynews.com\/rs\/ekoloska-katastrofa-u-baja-mareu-25-godina-nakon-toksicnog-talasa\/"]}]},{"@type":"ImageObject","inLanguage":"sr-RS","@id":"https:\/\/balkangreenenergynews.com\/rs\/ekoloska-katastrofa-u-baja-mareu-25-godina-nakon-toksicnog-talasa\/#primaryimage","url":"https:\/\/balkangreenenergynews.com\/rs\/wp-content\/uploads\/2025\/01\/rumunija-akcident-u-rudniku-zlata.webp?wsr","contentUrl":"https:\/\/balkangreenenergynews.com\/rs\/wp-content\/uploads\/2025\/01\/rumunija-akcident-u-rudniku-zlata.webp?wsr","width":840,"height":430,"caption":"rumunija akcident u rudniku zlata"},{"@type":"BreadcrumbList","@id":"https:\/\/balkangreenenergynews.com\/rs\/ekoloska-katastrofa-u-baja-mareu-25-godina-nakon-toksicnog-talasa\/#breadcrumb","itemListElement":[{"@type":"ListItem","position":1,"name":"Po\u010detna","item":"https:\/\/balkangreenenergynews.com\/rs\/"},{"@type":"ListItem","position":2,"name":"Vesti","item":"https:\/\/balkangreenenergynews.com\/rs\/kategorija\/vesti\/"},{"@type":"ListItem","position":3,"name":"\u017divotna sredina","item":"https:\/\/balkangreenenergynews.com\/rs\/kategorija\/vesti\/zivotna-sredina\/"},{"@type":"ListItem","position":4,"name":"Ekolo\u0161ka katastrofa u Baja Mareu: 25 godina nakon toksi\u010dnog talasa"}]},{"@type":"WebSite","@id":"https:\/\/balkangreenenergynews.com\/rs\/#website","url":"https:\/\/balkangreenenergynews.com\/rs\/","name":"Balkan Green Energy News","description":"Naj\u0161iri izbor vesti sa Balkana o zelenoj energiji","potentialAction":[{"@type":"SearchAction","target":{"@type":"EntryPoint","urlTemplate":"https:\/\/balkangreenenergynews.com\/rs\/?s={search_term_string}"},"query-input":{"@type":"PropertyValueSpecification","valueRequired":true,"valueName":"search_term_string"}}],"inLanguage":"sr-RS"},{"@type":"Person","@id":"https:\/\/balkangreenenergynews.com\/rs\/#\/schema\/person\/4b3c5831bbc05a72630d12560df2b3f8","name":"Jelisaveta Peri\u0161i\u0107","url":"https:\/\/balkangreenenergynews.com\/rs\/author\/jelisavet-perisic\/"}]}},"_links":{"self":[{"href":"https:\/\/balkangreenenergynews.com\/rs\/wp-json\/wp\/v2\/posts\/77075","targetHints":{"allow":["GET"]}}],"collection":[{"href":"https:\/\/balkangreenenergynews.com\/rs\/wp-json\/wp\/v2\/posts"}],"about":[{"href":"https:\/\/balkangreenenergynews.com\/rs\/wp-json\/wp\/v2\/types\/post"}],"author":[{"embeddable":true,"href":"https:\/\/balkangreenenergynews.com\/rs\/wp-json\/wp\/v2\/users\/34"}],"replies":[{"embeddable":true,"href":"https:\/\/balkangreenenergynews.com\/rs\/wp-json\/wp\/v2\/comments?post=77075"}],"version-history":[{"count":0,"href":"https:\/\/balkangreenenergynews.com\/rs\/wp-json\/wp\/v2\/posts\/77075\/revisions"}],"wp:featuredmedia":[{"embeddable":true,"href":"https:\/\/balkangreenenergynews.com\/rs\/wp-json\/wp\/v2\/media\/77115"}],"wp:attachment":[{"href":"https:\/\/balkangreenenergynews.com\/rs\/wp-json\/wp\/v2\/media?parent=77075"}],"wp:term":[{"taxonomy":"category","embeddable":true,"href":"https:\/\/balkangreenenergynews.com\/rs\/wp-json\/wp\/v2\/categories?post=77075"},{"taxonomy":"post_tag","embeddable":true,"href":"https:\/\/balkangreenenergynews.com\/rs\/wp-json\/wp\/v2\/tags?post=77075"}],"curies":[{"name":"wp","href":"https:\/\/api.w.org\/{rel}","templated":true}]}}