{"id":75821,"date":"2024-12-12T08:15:13","date_gmt":"2024-12-12T07:15:13","guid":{"rendered":"https:\/\/balkangreenenergynews.com\/rs\/?p=75821"},"modified":"2024-12-12T08:15:13","modified_gmt":"2024-12-12T07:15:13","slug":"grcka-suspenduje-tri-projekta-vetroelektrana-zbog-pretnje-po-biodiverzitet","status":"publish","type":"post","link":"https:\/\/balkangreenenergynews.com\/rs\/grcka-suspenduje-tri-projekta-vetroelektrana-zbog-pretnje-po-biodiverzitet\/","title":{"rendered":"Gr\u010dka suspenduje tri projekta vetroelektrana zbog pretnje po biodiverzitet"},"content":{"rendered":"<h2>Gr\u010dko Ministarstvo \u017eivotne sredine i energetike poni\u0161tilo je ekolo\u0161ke dozvole za tri projekta vetroelektrana u regionu Trakije nakon \u017ealbe tri ekolo\u0161ke organizacije. Organizacije sada pozivaju ministarstvo da obustavi sve projekte energije vetra u oblastima pogo\u0111enim katastrofalnim po\u017earima 2023. godine, kao i u susednim oblastima, kako bi se za\u0161titile ugro\u017eene populacije ptica.<\/h2>\n<p>U \u017ealbi se tvrdi da procene uticaja vetroelektrana na \u017eivotnu sredinu nisu bile zasnovane na najnovijim i najrelevantnijim podacima, kako to nala\u017ee zakon.<\/p>\n<blockquote><p>Procene uticaja na \u017eivotnu sredinu nisu bile zasnovane na najnovijim podacima<\/p><\/blockquote>\n<p>Procene uticaja projekata nisu na adekvatan na\u010din uzele u obzir <a href=\"https:\/\/balkangreenenergynews.com\/rs\/zastita-ugrozenih-vrsta-ptica-vaznija-od-izgradnje-vetroparka-u-grckoj\/\">posledice po \u017eivotnu sredinu<\/a> razornih po\u017eara u leto 2023. godine, tvrde ove organizacije.<\/p>\n<p>Dozvole je izdala lokalna administracija u avgustu 2024. godine. Uprkos negativnom mi\u0161ljenju organa upravljanja nacionalnim parkovima Evros Delta i Dadija, dozvole su dodeljene na osnovu pozitivnog mi\u0161ljenja sektora za prirodnu sredinu i biodiverzitet u okviru ministarstva \u017eivotne sredine i energetike.<\/p>\n<p>Ministarstvo sada priznaje da se pri <a href=\"https:\/\/balkangreenenergynews.com\/rs\/gradjani-bugarske-traze-referendum-o-izgradnji-vetroelektrana-na-poljoprivrednom-zemljistu\/\">evaluaciji projekata<\/a> moraju uzeti u obzir uticaji katastrofalnih \u0161umskih po\u017eara i na izgorela i na susedna neizgorela podru\u010dja, kao i mi\u0161ljenja klju\u010dnih aktera o projektima koji zna\u010dajno uti\u010du na biodiverzitet, navodi Dru\u0161tvo za za\u0161titu biodiverziteta Trakije.<\/p>\n<h3>Ekolozi tra\u017ee suspenziju projekata vetroelektrana da bi se za\u0161titile ptice<\/h3>\n<p>Organizacije za za\u0161titu \u017eivotne sredine o\u010dekuju od ministarstva da suspenduje sve dozvole za projekte i aktivnosti u izgorelim podru\u010djima, kao i da pro\u0161iri obustavu projekata vetroelektrana na susedne oblasti koje su od vitalnog zna\u010daja za o\u010duvanje osetljive faune ptica, navodi se u saop\u0161tenju.<\/p>\n<p>U aprilu 2023. godine, za\u0161tic\u0301eni sup je te\u0161ko povre\u0111en <a href=\"https:\/\/4vultures.org\/blog\/one-more-cinereous-vulture-collides-with-wind-turbine-in-thrace-greece-highlighting-growing-concerns\/\">u sudaru sa vetroturbinom<\/a> u podru\u010dju od zna\u010daja za ptice u Trakiji. Taj incident je jo\u0161 jednom skrenuo po\u017enju na kumulativni uticaj vetroturbina na za\u0161tic\u0301ene ptice grabljivice i le\u0161inare u regionu.<\/p>\n<p>Nekih godinu dana ranije, ugro\u017eeni crni sup je stradao nakon \u0161to je <a href=\"https:\/\/www.ekathimerini.com\/news\/1187060\/endangered-black-vulture-killed-by-wind-turbine-in-protected-parkland\/\">udario u lopaticu vetroturbine<\/a> koja se nalazi u za\u0161tic\u0301enom podru\u010dju koje pripada mre\u017ei Natura 2000.<\/p>\n","protected":false},"excerpt":{"rendered":"<p>Ekolozi tra\u017ee suspenziju projekata vetroelektrana u svim oblastima izgorelim u po\u017earima 2023. kako bi se za\u0161titile ptice<\/p>\n","protected":false},"author":26,"featured_media":75824,"comment_status":"open","ping_status":"open","sticky":false,"template":"","format":"standard","meta":{"_acf_changed":false,"_monsterinsights_skip_tracking":false,"_monsterinsights_sitenote_active":false,"_monsterinsights_sitenote_note":"","_monsterinsights_sitenote_category":0,"footnotes":""},"categories":[5253],"tags":[1739,1411,6614,5297,2341,886],"class_list":["post-75821","post","type-post","status-publish","format-standard","has-post-thumbnail","hentry","category-biodiverzitet","tag-biodiverzitet","tag-natura-2000","tag-pozari","tag-ptice","tag-vetroelektrane","tag-wwf","country-grcka"],"acf":[],"yoast_head":"<!-- This site is optimized with the Yoast SEO plugin v27.4 - https:\/\/yoast.com\/product\/yoast-seo-wordpress\/ -->\n<title>Gr\u010dka suspenduje tri projekta vetroelektrana zbog pretnje po biodiverzitet<\/title>\n<meta name=\"description\" content=\"Ekolozi tra\u017ee suspenziju projekata vetroelektrana u svim oblastima izgorelim u po\u017earima 2023. kako bi se za\u0161titile ptice.\" \/>\n<meta name=\"robots\" content=\"index, follow, max-snippet:-1, max-image-preview:large, max-video-preview:-1\" \/>\n<link rel=\"canonical\" href=\"https:\/\/balkangreenenergynews.com\/rs\/grcka-suspenduje-tri-projekta-vetroelektrana-zbog-pretnje-po-biodiverzitet\/\" \/>\n<meta property=\"og:locale\" content=\"sr_RS\" \/>\n<meta property=\"og:type\" content=\"article\" \/>\n<meta property=\"og:title\" content=\"Gr\u010dka suspenduje tri projekta vetroelektrana zbog pretnje po biodiverzitet\" \/>\n<meta property=\"og:description\" content=\"Ekolozi tra\u017ee suspenziju projekata vetroelektrana u svim oblastima izgorelim u po\u017earima 2023. kako bi se za\u0161titile ptice.\" \/>\n<meta property=\"og:url\" content=\"https:\/\/balkangreenenergynews.com\/rs\/grcka-suspenduje-tri-projekta-vetroelektrana-zbog-pretnje-po-biodiverzitet\/\" \/>\n<meta property=\"og:site_name\" content=\"Balkan Green Energy News\" \/>\n<meta property=\"article:published_time\" content=\"2024-12-12T07:15:13+00:00\" \/>\n<meta property=\"og:image\" content=\"https:\/\/balkangreenenergynews.com\/rs\/wp-content\/uploads\/2024\/12\/biodiverzitet-ptice.jpg?wsr\" \/>\n\t<meta property=\"og:image:width\" content=\"840\" \/>\n\t<meta property=\"og:image:height\" content=\"430\" \/>\n\t<meta property=\"og:image:type\" content=\"image\/jpeg\" \/>\n<meta name=\"author\" content=\"Vladimir Berbatovi\u0107\" \/>\n<meta name=\"twitter:card\" content=\"summary_large_image\" \/>\n<meta name=\"twitter:label1\" content=\"\u041d\u0430\u043f\u0438\u0441\u0430\u043d\u043e \u043e\u0434\" \/>\n\t<meta name=\"twitter:data1\" content=\"Vladimir Berbatovi\u0107\" \/>\n\t<meta name=\"twitter:label2\" content=\"\u041f\u0440\u043e\u0446\u0435\u045a\u0435\u043d\u043e \u0432\u0440\u0435\u043c\u0435 \u0447\u0438\u0442\u0430\u045a\u0430\" \/>\n\t<meta name=\"twitter:data2\" content=\"2 \u043c\u0438\u043d\u0443\u0442\u0430\" \/>\n<script type=\"application\/ld+json\" class=\"yoast-schema-graph\">{\"@context\":\"https:\\\/\\\/schema.org\",\"@graph\":[{\"@type\":\"Article\",\"@id\":\"https:\\\/\\\/balkangreenenergynews.com\\\/rs\\\/grcka-suspenduje-tri-projekta-vetroelektrana-zbog-pretnje-po-biodiverzitet\\\/#article\",\"isPartOf\":{\"@id\":\"https:\\\/\\\/balkangreenenergynews.com\\\/rs\\\/grcka-suspenduje-tri-projekta-vetroelektrana-zbog-pretnje-po-biodiverzitet\\\/\"},\"author\":{\"name\":\"Vladimir Berbatovi\u0107\",\"@id\":\"https:\\\/\\\/balkangreenenergynews.com\\\/rs\\\/#\\\/schema\\\/person\\\/d5ebbc091d544566bb305e434e429cbd\"},\"headline\":\"Gr\u010dka suspenduje tri projekta vetroelektrana zbog pretnje po biodiverzitet\",\"datePublished\":\"2024-12-12T07:15:13+00:00\",\"mainEntityOfPage\":{\"@id\":\"https:\\\/\\\/balkangreenenergynews.com\\\/rs\\\/grcka-suspenduje-tri-projekta-vetroelektrana-zbog-pretnje-po-biodiverzitet\\\/\"},\"wordCount\":360,\"commentCount\":0,\"image\":{\"@id\":\"https:\\\/\\\/balkangreenenergynews.com\\\/rs\\\/grcka-suspenduje-tri-projekta-vetroelektrana-zbog-pretnje-po-biodiverzitet\\\/#primaryimage\"},\"thumbnailUrl\":\"https:\\\/\\\/balkangreenenergynews.com\\\/rs\\\/wp-content\\\/uploads\\\/2024\\\/12\\\/biodiverzitet-ptice.jpg?wsr\",\"keywords\":[\"biodiverzitet\",\"Natura 2000\",\"po\u017eari\",\"ptice\",\"vetroelektrane\",\"WWF\"],\"articleSection\":[\"Biodiverzitet\"],\"inLanguage\":\"sr-RS\",\"potentialAction\":[{\"@type\":\"CommentAction\",\"name\":\"Comment\",\"target\":[\"https:\\\/\\\/balkangreenenergynews.com\\\/rs\\\/grcka-suspenduje-tri-projekta-vetroelektrana-zbog-pretnje-po-biodiverzitet\\\/#respond\"]}]},{\"@type\":\"WebPage\",\"@id\":\"https:\\\/\\\/balkangreenenergynews.com\\\/rs\\\/grcka-suspenduje-tri-projekta-vetroelektrana-zbog-pretnje-po-biodiverzitet\\\/\",\"url\":\"https:\\\/\\\/balkangreenenergynews.com\\\/rs\\\/grcka-suspenduje-tri-projekta-vetroelektrana-zbog-pretnje-po-biodiverzitet\\\/\",\"name\":\"Gr\u010dka suspenduje tri projekta vetroelektrana zbog pretnje po biodiverzitet\",\"isPartOf\":{\"@id\":\"https:\\\/\\\/balkangreenenergynews.com\\\/rs\\\/#website\"},\"primaryImageOfPage\":{\"@id\":\"https:\\\/\\\/balkangreenenergynews.com\\\/rs\\\/grcka-suspenduje-tri-projekta-vetroelektrana-zbog-pretnje-po-biodiverzitet\\\/#primaryimage\"},\"image\":{\"@id\":\"https:\\\/\\\/balkangreenenergynews.com\\\/rs\\\/grcka-suspenduje-tri-projekta-vetroelektrana-zbog-pretnje-po-biodiverzitet\\\/#primaryimage\"},\"thumbnailUrl\":\"https:\\\/\\\/balkangreenenergynews.com\\\/rs\\\/wp-content\\\/uploads\\\/2024\\\/12\\\/biodiverzitet-ptice.jpg?wsr\",\"datePublished\":\"2024-12-12T07:15:13+00:00\",\"author\":{\"@id\":\"https:\\\/\\\/balkangreenenergynews.com\\\/rs\\\/#\\\/schema\\\/person\\\/d5ebbc091d544566bb305e434e429cbd\"},\"description\":\"Ekolozi tra\u017ee suspenziju projekata vetroelektrana u svim oblastima izgorelim u po\u017earima 2023. kako bi se za\u0161titile ptice.\",\"breadcrumb\":{\"@id\":\"https:\\\/\\\/balkangreenenergynews.com\\\/rs\\\/grcka-suspenduje-tri-projekta-vetroelektrana-zbog-pretnje-po-biodiverzitet\\\/#breadcrumb\"},\"inLanguage\":\"sr-RS\",\"potentialAction\":[{\"@type\":\"ReadAction\",\"target\":[\"https:\\\/\\\/balkangreenenergynews.com\\\/rs\\\/grcka-suspenduje-tri-projekta-vetroelektrana-zbog-pretnje-po-biodiverzitet\\\/\"]}]},{\"@type\":\"ImageObject\",\"inLanguage\":\"sr-RS\",\"@id\":\"https:\\\/\\\/balkangreenenergynews.com\\\/rs\\\/grcka-suspenduje-tri-projekta-vetroelektrana-zbog-pretnje-po-biodiverzitet\\\/#primaryimage\",\"url\":\"https:\\\/\\\/balkangreenenergynews.com\\\/rs\\\/wp-content\\\/uploads\\\/2024\\\/12\\\/biodiverzitet-ptice.jpg?wsr\",\"contentUrl\":\"https:\\\/\\\/balkangreenenergynews.com\\\/rs\\\/wp-content\\\/uploads\\\/2024\\\/12\\\/biodiverzitet-ptice.jpg?wsr\",\"width\":840,\"height\":430,\"caption\":\"biodiverzitet ptice\"},{\"@type\":\"BreadcrumbList\",\"@id\":\"https:\\\/\\\/balkangreenenergynews.com\\\/rs\\\/grcka-suspenduje-tri-projekta-vetroelektrana-zbog-pretnje-po-biodiverzitet\\\/#breadcrumb\",\"itemListElement\":[{\"@type\":\"ListItem\",\"position\":1,\"name\":\"Po\u010detna\",\"item\":\"https:\\\/\\\/balkangreenenergynews.com\\\/rs\\\/\"},{\"@type\":\"ListItem\",\"position\":2,\"name\":\"Vesti\",\"item\":\"https:\\\/\\\/balkangreenenergynews.com\\\/rs\\\/kategorija\\\/vesti\\\/\"},{\"@type\":\"ListItem\",\"position\":3,\"name\":\"Biodiverzitet\",\"item\":\"https:\\\/\\\/balkangreenenergynews.com\\\/rs\\\/kategorija\\\/vesti\\\/biodiverzitet\\\/\"},{\"@type\":\"ListItem\",\"position\":4,\"name\":\"Gr\u010dka suspenduje tri projekta vetroelektrana zbog pretnje po biodiverzitet\"}]},{\"@type\":\"WebSite\",\"@id\":\"https:\\\/\\\/balkangreenenergynews.com\\\/rs\\\/#website\",\"url\":\"https:\\\/\\\/balkangreenenergynews.com\\\/rs\\\/\",\"name\":\"Balkan Green Energy News\",\"description\":\"Naj\u0161iri izbor vesti sa Balkana o zelenoj energiji\",\"potentialAction\":[{\"@type\":\"SearchAction\",\"target\":{\"@type\":\"EntryPoint\",\"urlTemplate\":\"https:\\\/\\\/balkangreenenergynews.com\\\/rs\\\/?s={search_term_string}\"},\"query-input\":{\"@type\":\"PropertyValueSpecification\",\"valueRequired\":true,\"valueName\":\"search_term_string\"}}],\"inLanguage\":\"sr-RS\"},{\"@type\":\"Person\",\"@id\":\"https:\\\/\\\/balkangreenenergynews.com\\\/rs\\\/#\\\/schema\\\/person\\\/d5ebbc091d544566bb305e434e429cbd\",\"name\":\"Vladimir Berbatovi\u0107\",\"url\":\"https:\\\/\\\/balkangreenenergynews.com\\\/rs\\\/author\\\/vladimir-berbatovic\\\/\"}]}<\/script>\n<!-- \/ Yoast SEO plugin. -->","yoast_head_json":{"title":"Gr\u010dka suspenduje tri projekta vetroelektrana zbog pretnje po biodiverzitet","description":"Ekolozi tra\u017ee suspenziju projekata vetroelektrana u svim oblastima izgorelim u po\u017earima 2023. kako bi se za\u0161titile ptice.","robots":{"index":"index","follow":"follow","max-snippet":"max-snippet:-1","max-image-preview":"max-image-preview:large","max-video-preview":"max-video-preview:-1"},"canonical":"https:\/\/balkangreenenergynews.com\/rs\/grcka-suspenduje-tri-projekta-vetroelektrana-zbog-pretnje-po-biodiverzitet\/","og_locale":"sr_RS","og_type":"article","og_title":"Gr\u010dka suspenduje tri projekta vetroelektrana zbog pretnje po biodiverzitet","og_description":"Ekolozi tra\u017ee suspenziju projekata vetroelektrana u svim oblastima izgorelim u po\u017earima 2023. kako bi se za\u0161titile ptice.","og_url":"https:\/\/balkangreenenergynews.com\/rs\/grcka-suspenduje-tri-projekta-vetroelektrana-zbog-pretnje-po-biodiverzitet\/","og_site_name":"Balkan Green Energy News","article_published_time":"2024-12-12T07:15:13+00:00","og_image":[{"width":840,"height":430,"url":"https:\/\/balkangreenenergynews.com\/rs\/wp-content\/uploads\/2024\/12\/biodiverzitet-ptice.jpg?wsr","type":"image\/jpeg"}],"author":"Vladimir Berbatovi\u0107","twitter_card":"summary_large_image","twitter_misc":{"\u041d\u0430\u043f\u0438\u0441\u0430\u043d\u043e \u043e\u0434":"Vladimir Berbatovi\u0107","\u041f\u0440\u043e\u0446\u0435\u045a\u0435\u043d\u043e \u0432\u0440\u0435\u043c\u0435 \u0447\u0438\u0442\u0430\u045a\u0430":"2 \u043c\u0438\u043d\u0443\u0442\u0430"},"schema":{"@context":"https:\/\/schema.org","@graph":[{"@type":"Article","@id":"https:\/\/balkangreenenergynews.com\/rs\/grcka-suspenduje-tri-projekta-vetroelektrana-zbog-pretnje-po-biodiverzitet\/#article","isPartOf":{"@id":"https:\/\/balkangreenenergynews.com\/rs\/grcka-suspenduje-tri-projekta-vetroelektrana-zbog-pretnje-po-biodiverzitet\/"},"author":{"name":"Vladimir Berbatovi\u0107","@id":"https:\/\/balkangreenenergynews.com\/rs\/#\/schema\/person\/d5ebbc091d544566bb305e434e429cbd"},"headline":"Gr\u010dka suspenduje tri projekta vetroelektrana zbog pretnje po biodiverzitet","datePublished":"2024-12-12T07:15:13+00:00","mainEntityOfPage":{"@id":"https:\/\/balkangreenenergynews.com\/rs\/grcka-suspenduje-tri-projekta-vetroelektrana-zbog-pretnje-po-biodiverzitet\/"},"wordCount":360,"commentCount":0,"image":{"@id":"https:\/\/balkangreenenergynews.com\/rs\/grcka-suspenduje-tri-projekta-vetroelektrana-zbog-pretnje-po-biodiverzitet\/#primaryimage"},"thumbnailUrl":"https:\/\/balkangreenenergynews.com\/rs\/wp-content\/uploads\/2024\/12\/biodiverzitet-ptice.jpg?wsr","keywords":["biodiverzitet","Natura 2000","po\u017eari","ptice","vetroelektrane","WWF"],"articleSection":["Biodiverzitet"],"inLanguage":"sr-RS","potentialAction":[{"@type":"CommentAction","name":"Comment","target":["https:\/\/balkangreenenergynews.com\/rs\/grcka-suspenduje-tri-projekta-vetroelektrana-zbog-pretnje-po-biodiverzitet\/#respond"]}]},{"@type":"WebPage","@id":"https:\/\/balkangreenenergynews.com\/rs\/grcka-suspenduje-tri-projekta-vetroelektrana-zbog-pretnje-po-biodiverzitet\/","url":"https:\/\/balkangreenenergynews.com\/rs\/grcka-suspenduje-tri-projekta-vetroelektrana-zbog-pretnje-po-biodiverzitet\/","name":"Gr\u010dka suspenduje tri projekta vetroelektrana zbog pretnje po biodiverzitet","isPartOf":{"@id":"https:\/\/balkangreenenergynews.com\/rs\/#website"},"primaryImageOfPage":{"@id":"https:\/\/balkangreenenergynews.com\/rs\/grcka-suspenduje-tri-projekta-vetroelektrana-zbog-pretnje-po-biodiverzitet\/#primaryimage"},"image":{"@id":"https:\/\/balkangreenenergynews.com\/rs\/grcka-suspenduje-tri-projekta-vetroelektrana-zbog-pretnje-po-biodiverzitet\/#primaryimage"},"thumbnailUrl":"https:\/\/balkangreenenergynews.com\/rs\/wp-content\/uploads\/2024\/12\/biodiverzitet-ptice.jpg?wsr","datePublished":"2024-12-12T07:15:13+00:00","author":{"@id":"https:\/\/balkangreenenergynews.com\/rs\/#\/schema\/person\/d5ebbc091d544566bb305e434e429cbd"},"description":"Ekolozi tra\u017ee suspenziju projekata vetroelektrana u svim oblastima izgorelim u po\u017earima 2023. kako bi se za\u0161titile ptice.","breadcrumb":{"@id":"https:\/\/balkangreenenergynews.com\/rs\/grcka-suspenduje-tri-projekta-vetroelektrana-zbog-pretnje-po-biodiverzitet\/#breadcrumb"},"inLanguage":"sr-RS","potentialAction":[{"@type":"ReadAction","target":["https:\/\/balkangreenenergynews.com\/rs\/grcka-suspenduje-tri-projekta-vetroelektrana-zbog-pretnje-po-biodiverzitet\/"]}]},{"@type":"ImageObject","inLanguage":"sr-RS","@id":"https:\/\/balkangreenenergynews.com\/rs\/grcka-suspenduje-tri-projekta-vetroelektrana-zbog-pretnje-po-biodiverzitet\/#primaryimage","url":"https:\/\/balkangreenenergynews.com\/rs\/wp-content\/uploads\/2024\/12\/biodiverzitet-ptice.jpg?wsr","contentUrl":"https:\/\/balkangreenenergynews.com\/rs\/wp-content\/uploads\/2024\/12\/biodiverzitet-ptice.jpg?wsr","width":840,"height":430,"caption":"biodiverzitet ptice"},{"@type":"BreadcrumbList","@id":"https:\/\/balkangreenenergynews.com\/rs\/grcka-suspenduje-tri-projekta-vetroelektrana-zbog-pretnje-po-biodiverzitet\/#breadcrumb","itemListElement":[{"@type":"ListItem","position":1,"name":"Po\u010detna","item":"https:\/\/balkangreenenergynews.com\/rs\/"},{"@type":"ListItem","position":2,"name":"Vesti","item":"https:\/\/balkangreenenergynews.com\/rs\/kategorija\/vesti\/"},{"@type":"ListItem","position":3,"name":"Biodiverzitet","item":"https:\/\/balkangreenenergynews.com\/rs\/kategorija\/vesti\/biodiverzitet\/"},{"@type":"ListItem","position":4,"name":"Gr\u010dka suspenduje tri projekta vetroelektrana zbog pretnje po biodiverzitet"}]},{"@type":"WebSite","@id":"https:\/\/balkangreenenergynews.com\/rs\/#website","url":"https:\/\/balkangreenenergynews.com\/rs\/","name":"Balkan Green Energy News","description":"Naj\u0161iri izbor vesti sa Balkana o zelenoj energiji","potentialAction":[{"@type":"SearchAction","target":{"@type":"EntryPoint","urlTemplate":"https:\/\/balkangreenenergynews.com\/rs\/?s={search_term_string}"},"query-input":{"@type":"PropertyValueSpecification","valueRequired":true,"valueName":"search_term_string"}}],"inLanguage":"sr-RS"},{"@type":"Person","@id":"https:\/\/balkangreenenergynews.com\/rs\/#\/schema\/person\/d5ebbc091d544566bb305e434e429cbd","name":"Vladimir Berbatovi\u0107","url":"https:\/\/balkangreenenergynews.com\/rs\/author\/vladimir-berbatovic\/"}]}},"_links":{"self":[{"href":"https:\/\/balkangreenenergynews.com\/rs\/wp-json\/wp\/v2\/posts\/75821","targetHints":{"allow":["GET"]}}],"collection":[{"href":"https:\/\/balkangreenenergynews.com\/rs\/wp-json\/wp\/v2\/posts"}],"about":[{"href":"https:\/\/balkangreenenergynews.com\/rs\/wp-json\/wp\/v2\/types\/post"}],"author":[{"embeddable":true,"href":"https:\/\/balkangreenenergynews.com\/rs\/wp-json\/wp\/v2\/users\/26"}],"replies":[{"embeddable":true,"href":"https:\/\/balkangreenenergynews.com\/rs\/wp-json\/wp\/v2\/comments?post=75821"}],"version-history":[{"count":0,"href":"https:\/\/balkangreenenergynews.com\/rs\/wp-json\/wp\/v2\/posts\/75821\/revisions"}],"wp:featuredmedia":[{"embeddable":true,"href":"https:\/\/balkangreenenergynews.com\/rs\/wp-json\/wp\/v2\/media\/75824"}],"wp:attachment":[{"href":"https:\/\/balkangreenenergynews.com\/rs\/wp-json\/wp\/v2\/media?parent=75821"}],"wp:term":[{"taxonomy":"category","embeddable":true,"href":"https:\/\/balkangreenenergynews.com\/rs\/wp-json\/wp\/v2\/categories?post=75821"},{"taxonomy":"post_tag","embeddable":true,"href":"https:\/\/balkangreenenergynews.com\/rs\/wp-json\/wp\/v2\/tags?post=75821"}],"curies":[{"name":"wp","href":"https:\/\/api.w.org\/{rel}","templated":true}]}}