{"id":75144,"date":"2024-11-22T16:27:01","date_gmt":"2024-11-22T15:27:01","guid":{"rendered":"https:\/\/balkangreenenergynews.com\/rs\/?p=75144"},"modified":"2024-11-23T19:06:32","modified_gmt":"2024-11-23T18:06:32","slug":"odrzana-prva-obuka-o-solarnim-fotonaponskim-sistemima-namenjena-zenama","status":"publish","type":"post","link":"https:\/\/balkangreenenergynews.com\/rs\/odrzana-prva-obuka-o-solarnim-fotonaponskim-sistemima-namenjena-zenama\/","title":{"rendered":"Odr\u017eana prva obuka o solarnim fotonaponskim sistemima namenjena \u017eenama"},"content":{"rendered":"<h2>Kompanija Energy Net organizovala je prvu besplatnu obuku pod nazivom <em>\u017denski solarni start<\/em>, namenjenu \u017eenama koje su zainteresovane za solarne fotonaponske sisteme, ali i za mogu\u0107nosti za razvoj karijere u oblasti obnovljivih izvora energije. Trodnevni seminar je okupio 20 \u017eena koje \u017eele da zapo\u010dnu karijeru u ovom dinami\u010dnom sektoru, kao i za one koje ve\u0107 imaju osnovno znanje i \u017eele da unaprede svoje ve\u0161tine.<\/h2>\n<p><em>\u017denski solarni start<\/em>, trodnevni besplatni seminar, odr\u017ean je od 18. do 20. novembra u Trening centru Energy Net akademije u Ka\u0107u i upravnoj zgradi kompanije u Novom Sadu. Polaznice su imale\u00a0 priliku da kroz teoriju, prakti\u010dan rad i mentorstvo razvijaju poslovne ve\u0161tine za pokretanje sopstvenog biznisa u sektoru solarne energije, kao i da se pove\u017eu sa \u017eenama liderkama u industriji.<\/p>\n<p><a href=\"https:\/\/balkangreenenergynews.com\/rs\/zenski-solarni-start-besplatna-obuka-o-fotonaponskim-sistemima-namenjena-zenama\/\">Seminar<\/a> je realizovala kompanija Energy Net, za potrebe projekta Nema\u010dke razvojne saradnje kojeg sprovodi Deutsche Gesellschaft f\u00fcr Internationale Zusammenarbeit (GIZ) u partnerstvu sa Ministarstvom rudarstva i energetike Republike Srbije.<\/p>\n<p>\u201eObuke isklju\u010divo za \u017eene o tehnologijama baziranim na obnovljivim izvorima energije jesu nov korak za nas u GIZ-u i prilika da pove\u017eemo vi\u0161e oblasti na kojima radimo u okviru na\u0161ih razvojnih projekata, kao \u0161to su osna\u017eivanje \u017eena, promocija obnovljivih izvora energije i borba protiv klimatskih promena&#8220;, rekla je Jelena Ivan\u010devi\u0107, savetnica u GIZ-u.<\/p>\n<p>Istakla je da je neophodno uklju\u010diti sve segmente dru\u0161tva u proces zelene energetske tranzicije, kako bi ona bila uspe\u0161na i pravedna.<\/p>\n<p><img loading=\"lazy\" decoding=\"async\" class=\"aligncenter size-full wp-image-75193\" src=\"https:\/\/balkangreenenergynews.com\/rs\/wp-content\/uploads\/2024\/11\/obuka-trening-centar-Energy-Net-akademija-Kac.jpg\" alt=\"obuka, trening centar Energy Net akademija Kac\" width=\"840\" height=\"430\" srcset=\"https:\/\/balkangreenenergynews.com\/rs\/wp-content\/uploads\/2024\/11\/obuka-trening-centar-Energy-Net-akademija-Kac.jpg 840w, https:\/\/balkangreenenergynews.com\/rs\/wp-content\/uploads\/2024\/11\/obuka-trening-centar-Energy-Net-akademija-Kac-500x256.jpg 500w, https:\/\/balkangreenenergynews.com\/rs\/wp-content\/uploads\/2024\/11\/obuka-trening-centar-Energy-Net-akademija-Kac-768x393.jpg 768w, https:\/\/balkangreenenergynews.com\/rs\/wp-content\/uploads\/2024\/11\/obuka-trening-centar-Energy-Net-akademija-Kac-300x154.jpg 300w\" sizes=\"auto, (max-width: 840px) 100vw, 840px\" \/><\/p>\n<p>Menad\u017eerka operacija u Energy Net akademiji Marijana Topo isti\u010de da je interesovanje bilo veliko. &#8222;Imali smo preko 100 prijava, iako je broj mesta zbog pilot-prirode obuke bio ograni\u010den na 20. \u017delja nam je bila da im uka\u017eemo na mogu\u0107nosti pokretanja i razvoja karijere u oblasti solarne energije, te da ih osna\u017eimo i informi\u0161emo o tome \u0161ta sve takav karijerni korak podrazumeva, ukoliko bi se za to opredelile&#8220;, rekla je.<\/p>\n<p>Veliko interesovanje za obuku pokazalo je da tr\u017ei\u0161tu nedostaju inicijative poput \u017denskog solarnog starta. &#8222;Namera nam je da u skorijoj budu\u0107nosti imamo vi\u0161e sli\u010dnih obuka namenjenih \u017eenama,\u201c navela je Topo.<\/p>\n<p>Prvog i drugog dana, polaznice su se u Ka\u0107u u prostorijama Energy Net akademije upoznale s ulogom solarne energije u energetskoj tranziciji te sa klju\u010dnim komponentama solarnih sistema kao \u0161to su solarni paneli, invertori, kablovi i monta\u017ene strukture. Obuka je tako\u0111e poslu\u017eila kao odli\u010dna osnova za poha\u0111anje daljih edukacija fokusiranih na ve\u0161tine instaliranja i servisiranja solarnih fotonaponskih sistema.<\/p>\n<h3>Inspirativne pri\u010de uspe\u0161nih \u017eena u industriji<\/h3>\n<p>Tre\u0107i dan obuke je bio namenjen umre\u017eavanju, mentorstvu i prakti\u010dnim ve\u017ebama koje su imale za cilj da pomognu u\u010desnicama da razviju planove za svoju karijeru u sektoru odr\u017eive energetike. Na panel-diskusiji pod nazivom Inspirativne pri\u010de uspe\u0161nih \u017eena u industriji, polaznice su \u010dule primere li\u010dnih i profesionalnih uspeha \u017eena sa vi\u0161egodi\u0161njim iskustvom u sektoru energetike.<\/p>\n<figure id=\"attachment_75189\" aria-describedby=\"caption-attachment-75189\" style=\"width: 840px\" class=\"wp-caption aligncenter\"><img loading=\"lazy\" decoding=\"async\" class=\"wp-image-75189 size-full\" src=\"https:\/\/balkangreenenergynews.com\/rs\/wp-content\/uploads\/2024\/11\/zenski-solarni-start-panel-diskusija.jpeg\" alt=\"zenski solarni start, panel diskusija\" width=\"840\" height=\"430\" srcset=\"https:\/\/balkangreenenergynews.com\/rs\/wp-content\/uploads\/2024\/11\/zenski-solarni-start-panel-diskusija.jpeg 840w, https:\/\/balkangreenenergynews.com\/rs\/wp-content\/uploads\/2024\/11\/zenski-solarni-start-panel-diskusija-500x256.jpeg 500w, https:\/\/balkangreenenergynews.com\/rs\/wp-content\/uploads\/2024\/11\/zenski-solarni-start-panel-diskusija-768x393.jpeg 768w, https:\/\/balkangreenenergynews.com\/rs\/wp-content\/uploads\/2024\/11\/zenski-solarni-start-panel-diskusija-300x154.jpeg 300w\" sizes=\"auto, (max-width: 840px) 100vw, 840px\" \/><figcaption id=\"caption-attachment-75189\" class=\"wp-caption-text\">Foto: Branislava Jovi\u010di\u0107, Mina Rankovi\u0107, Ankica Barbulov<\/figcaption><\/figure>\n<p>Svoja iskustva sa polaznicama su podelile <a href=\"https:\/\/www.linkedin.com\/in\/branislava-jovicic-043080a\/\">Branislava Jovi\u010di\u0107<\/a>, osniva\u010dica i urednica portala Balkan Green Energy News i suosniva\u010dica mre\u017ee <a href=\"https:\/\/wisesrbija.org\/\">WISE Srbija,<\/a> jedne od prvih mre\u017ea u svetu koja okuplja \u017eene iz sektora odr\u017eive energetike, klimatske akcije i zelene ekonomije, zatim Ankica Barbulov, suosniva\u010dica i direktorka kompanije Negawatt Solutions, i Mina Rankovi\u0107, direktorka prodaje u kompaniji Sollux Group.<\/p>\n<p>&#8222;Mi smo danas u\u010desnici energetske revolucije, a solarna energija je jedan od njenih pokreta\u010da. Postoji velika potreba za obrazovanim, vrednim i posve\u0107enim ljudima, pa tako i \u017eenama koje \u0107e kroz razli\u010dite poslove u\u010destvovati u ovom sektoru. Budite vredne, uporne i iskoristite svoje potencijale, jer vam sektor pru\u017ea brojne prilike za uspeh&#8220;, istakla je Jovi\u010di\u0107 i dodala da je mre\u017ea WISE Srbija otvorena za sve one \u017eene koje ne samo da se bave energetikom, ve\u0107 u umre\u017eavanju i saradnji sa drugim \u017eenama vide priliku za li\u010dni razvoj.<\/p>\n","protected":false},"excerpt":{"rendered":"<p>Energy Net je organizovao besplatnu obuku \u017denski solarni start za \u017eene zainteresovane za fotonaponske sisteme i razvoj karijere u oblasti zelene energije<\/p>\n","protected":false},"author":34,"featured_media":75191,"comment_status":"open","ping_status":"open","sticky":false,"template":"","format":"standard","meta":{"_acf_changed":false,"_monsterinsights_skip_tracking":false,"_monsterinsights_sitenote_active":false,"_monsterinsights_sitenote_note":"","_monsterinsights_sitenote_category":0,"footnotes":""},"categories":[6596,1],"tags":[225,898,966,6861],"class_list":["post-75144","post","type-post","status-publish","format-standard","has-post-thumbnail","hentry","category-giz","category-obnovljivi-izvori-energije","tag-giz","tag-solarna-energija","tag-solarni-paneli","tag-wise-srbija","country-srbija"],"acf":[],"yoast_head":"<!-- This site is optimized with the Yoast SEO plugin v27.4 - https:\/\/yoast.com\/product\/yoast-seo-wordpress\/ -->\n<title>Odr\u017eana prva obuka o solarnim fotonaponskim sistemima namenjena \u017eenama<\/title>\n<meta name=\"description\" content=\"Energy Net je organizovao besplatnu obuku \u017denski solarni start za \u017eene zainteresovane za fotonaponske sisteme i razvoj karijere u oblasti zelene energije.\" \/>\n<meta name=\"robots\" content=\"index, follow, max-snippet:-1, max-image-preview:large, max-video-preview:-1\" \/>\n<link rel=\"canonical\" href=\"https:\/\/balkangreenenergynews.com\/rs\/odrzana-prva-obuka-o-solarnim-fotonaponskim-sistemima-namenjena-zenama\/\" \/>\n<meta property=\"og:locale\" content=\"sr_RS\" \/>\n<meta property=\"og:type\" content=\"article\" \/>\n<meta property=\"og:title\" content=\"Odr\u017eana prva obuka o solarnim fotonaponskim sistemima namenjena \u017eenama\" \/>\n<meta property=\"og:description\" content=\"Energy Net je organizovao besplatnu obuku \u017denski solarni start za \u017eene zainteresovane za fotonaponske sisteme i razvoj karijere u oblasti zelene energije.\" \/>\n<meta property=\"og:url\" content=\"https:\/\/balkangreenenergynews.com\/rs\/odrzana-prva-obuka-o-solarnim-fotonaponskim-sistemima-namenjena-zenama\/\" \/>\n<meta property=\"og:site_name\" content=\"Balkan Green Energy News\" \/>\n<meta property=\"article:published_time\" content=\"2024-11-22T15:27:01+00:00\" \/>\n<meta property=\"article:modified_time\" content=\"2024-11-23T18:06:32+00:00\" \/>\n<meta property=\"og:image\" content=\"https:\/\/balkangreenenergynews.com\/rs\/wp-content\/uploads\/2024\/11\/Zenski-solarni-start_2.jpg?wsr\" \/>\n\t<meta property=\"og:image:width\" content=\"840\" \/>\n\t<meta property=\"og:image:height\" content=\"430\" \/>\n\t<meta property=\"og:image:type\" content=\"image\/jpeg\" \/>\n<meta name=\"author\" content=\"Jelisaveta Peri\u0161i\u0107\" \/>\n<meta name=\"twitter:card\" content=\"summary_large_image\" \/>\n<meta name=\"twitter:label1\" content=\"\u041d\u0430\u043f\u0438\u0441\u0430\u043d\u043e \u043e\u0434\" \/>\n\t<meta name=\"twitter:data1\" content=\"Jelisaveta Peri\u0161i\u0107\" \/>\n\t<meta name=\"twitter:label2\" content=\"\u041f\u0440\u043e\u0446\u0435\u045a\u0435\u043d\u043e \u0432\u0440\u0435\u043c\u0435 \u0447\u0438\u0442\u0430\u045a\u0430\" \/>\n\t<meta name=\"twitter:data2\" content=\"4 \u043c\u0438\u043d\u0443\u0442\u0430\" \/>\n<script type=\"application\/ld+json\" class=\"yoast-schema-graph\">{\"@context\":\"https:\\\/\\\/schema.org\",\"@graph\":[{\"@type\":\"Article\",\"@id\":\"https:\\\/\\\/balkangreenenergynews.com\\\/rs\\\/odrzana-prva-obuka-o-solarnim-fotonaponskim-sistemima-namenjena-zenama\\\/#article\",\"isPartOf\":{\"@id\":\"https:\\\/\\\/balkangreenenergynews.com\\\/rs\\\/odrzana-prva-obuka-o-solarnim-fotonaponskim-sistemima-namenjena-zenama\\\/\"},\"author\":{\"name\":\"Jelisaveta Peri\u0161i\u0107\",\"@id\":\"https:\\\/\\\/balkangreenenergynews.com\\\/rs\\\/#\\\/schema\\\/person\\\/4b3c5831bbc05a72630d12560df2b3f8\"},\"headline\":\"Odr\u017eana prva obuka o solarnim fotonaponskim sistemima namenjena \u017eenama\",\"datePublished\":\"2024-11-22T15:27:01+00:00\",\"dateModified\":\"2024-11-23T18:06:32+00:00\",\"mainEntityOfPage\":{\"@id\":\"https:\\\/\\\/balkangreenenergynews.com\\\/rs\\\/odrzana-prva-obuka-o-solarnim-fotonaponskim-sistemima-namenjena-zenama\\\/\"},\"wordCount\":677,\"commentCount\":0,\"image\":{\"@id\":\"https:\\\/\\\/balkangreenenergynews.com\\\/rs\\\/odrzana-prva-obuka-o-solarnim-fotonaponskim-sistemima-namenjena-zenama\\\/#primaryimage\"},\"thumbnailUrl\":\"https:\\\/\\\/balkangreenenergynews.com\\\/rs\\\/wp-content\\\/uploads\\\/2024\\\/11\\\/Zenski-solarni-start_2.jpg?wsr\",\"keywords\":[\"GIZ\",\"solarna energija\",\"solarni paneli\",\"WISE Srbija\"],\"articleSection\":[\"GIZ\",\"OIE\"],\"inLanguage\":\"sr-RS\",\"potentialAction\":[{\"@type\":\"CommentAction\",\"name\":\"Comment\",\"target\":[\"https:\\\/\\\/balkangreenenergynews.com\\\/rs\\\/odrzana-prva-obuka-o-solarnim-fotonaponskim-sistemima-namenjena-zenama\\\/#respond\"]}]},{\"@type\":\"WebPage\",\"@id\":\"https:\\\/\\\/balkangreenenergynews.com\\\/rs\\\/odrzana-prva-obuka-o-solarnim-fotonaponskim-sistemima-namenjena-zenama\\\/\",\"url\":\"https:\\\/\\\/balkangreenenergynews.com\\\/rs\\\/odrzana-prva-obuka-o-solarnim-fotonaponskim-sistemima-namenjena-zenama\\\/\",\"name\":\"Odr\u017eana prva obuka o solarnim fotonaponskim sistemima namenjena \u017eenama\",\"isPartOf\":{\"@id\":\"https:\\\/\\\/balkangreenenergynews.com\\\/rs\\\/#website\"},\"primaryImageOfPage\":{\"@id\":\"https:\\\/\\\/balkangreenenergynews.com\\\/rs\\\/odrzana-prva-obuka-o-solarnim-fotonaponskim-sistemima-namenjena-zenama\\\/#primaryimage\"},\"image\":{\"@id\":\"https:\\\/\\\/balkangreenenergynews.com\\\/rs\\\/odrzana-prva-obuka-o-solarnim-fotonaponskim-sistemima-namenjena-zenama\\\/#primaryimage\"},\"thumbnailUrl\":\"https:\\\/\\\/balkangreenenergynews.com\\\/rs\\\/wp-content\\\/uploads\\\/2024\\\/11\\\/Zenski-solarni-start_2.jpg?wsr\",\"datePublished\":\"2024-11-22T15:27:01+00:00\",\"dateModified\":\"2024-11-23T18:06:32+00:00\",\"author\":{\"@id\":\"https:\\\/\\\/balkangreenenergynews.com\\\/rs\\\/#\\\/schema\\\/person\\\/4b3c5831bbc05a72630d12560df2b3f8\"},\"description\":\"Energy Net je organizovao besplatnu obuku \u017denski solarni start za \u017eene zainteresovane za fotonaponske sisteme i razvoj karijere u oblasti zelene energije.\",\"breadcrumb\":{\"@id\":\"https:\\\/\\\/balkangreenenergynews.com\\\/rs\\\/odrzana-prva-obuka-o-solarnim-fotonaponskim-sistemima-namenjena-zenama\\\/#breadcrumb\"},\"inLanguage\":\"sr-RS\",\"potentialAction\":[{\"@type\":\"ReadAction\",\"target\":[\"https:\\\/\\\/balkangreenenergynews.com\\\/rs\\\/odrzana-prva-obuka-o-solarnim-fotonaponskim-sistemima-namenjena-zenama\\\/\"]}]},{\"@type\":\"ImageObject\",\"inLanguage\":\"sr-RS\",\"@id\":\"https:\\\/\\\/balkangreenenergynews.com\\\/rs\\\/odrzana-prva-obuka-o-solarnim-fotonaponskim-sistemima-namenjena-zenama\\\/#primaryimage\",\"url\":\"https:\\\/\\\/balkangreenenergynews.com\\\/rs\\\/wp-content\\\/uploads\\\/2024\\\/11\\\/Zenski-solarni-start_2.jpg?wsr\",\"contentUrl\":\"https:\\\/\\\/balkangreenenergynews.com\\\/rs\\\/wp-content\\\/uploads\\\/2024\\\/11\\\/Zenski-solarni-start_2.jpg?wsr\",\"width\":840,\"height\":430,\"caption\":\"Zenski solarni start, Odr\u017eana prva obuka o fotonaponskim sistemima namenjena zenama\"},{\"@type\":\"BreadcrumbList\",\"@id\":\"https:\\\/\\\/balkangreenenergynews.com\\\/rs\\\/odrzana-prva-obuka-o-solarnim-fotonaponskim-sistemima-namenjena-zenama\\\/#breadcrumb\",\"itemListElement\":[{\"@type\":\"ListItem\",\"position\":1,\"name\":\"Po\u010detna\",\"item\":\"https:\\\/\\\/balkangreenenergynews.com\\\/rs\\\/\"},{\"@type\":\"ListItem\",\"position\":2,\"name\":\"Vesti\",\"item\":\"https:\\\/\\\/balkangreenenergynews.com\\\/rs\\\/kategorija\\\/vesti\\\/\"},{\"@type\":\"ListItem\",\"position\":3,\"name\":\"OIE\",\"item\":\"https:\\\/\\\/balkangreenenergynews.com\\\/rs\\\/kategorija\\\/vesti\\\/obnovljivi-izvori-energije\\\/\"},{\"@type\":\"ListItem\",\"position\":4,\"name\":\"Odr\u017eana prva obuka o solarnim fotonaponskim sistemima namenjena \u017eenama\"}]},{\"@type\":\"WebSite\",\"@id\":\"https:\\\/\\\/balkangreenenergynews.com\\\/rs\\\/#website\",\"url\":\"https:\\\/\\\/balkangreenenergynews.com\\\/rs\\\/\",\"name\":\"Balkan Green Energy News\",\"description\":\"Naj\u0161iri izbor vesti sa Balkana o zelenoj energiji\",\"potentialAction\":[{\"@type\":\"SearchAction\",\"target\":{\"@type\":\"EntryPoint\",\"urlTemplate\":\"https:\\\/\\\/balkangreenenergynews.com\\\/rs\\\/?s={search_term_string}\"},\"query-input\":{\"@type\":\"PropertyValueSpecification\",\"valueRequired\":true,\"valueName\":\"search_term_string\"}}],\"inLanguage\":\"sr-RS\"},{\"@type\":\"Person\",\"@id\":\"https:\\\/\\\/balkangreenenergynews.com\\\/rs\\\/#\\\/schema\\\/person\\\/4b3c5831bbc05a72630d12560df2b3f8\",\"name\":\"Jelisaveta Peri\u0161i\u0107\",\"url\":\"https:\\\/\\\/balkangreenenergynews.com\\\/rs\\\/author\\\/jelisavet-perisic\\\/\"}]}<\/script>\n<!-- \/ Yoast SEO plugin. -->","yoast_head_json":{"title":"Odr\u017eana prva obuka o solarnim fotonaponskim sistemima namenjena \u017eenama","description":"Energy Net je organizovao besplatnu obuku \u017denski solarni start za \u017eene zainteresovane za fotonaponske sisteme i razvoj karijere u oblasti zelene energije.","robots":{"index":"index","follow":"follow","max-snippet":"max-snippet:-1","max-image-preview":"max-image-preview:large","max-video-preview":"max-video-preview:-1"},"canonical":"https:\/\/balkangreenenergynews.com\/rs\/odrzana-prva-obuka-o-solarnim-fotonaponskim-sistemima-namenjena-zenama\/","og_locale":"sr_RS","og_type":"article","og_title":"Odr\u017eana prva obuka o solarnim fotonaponskim sistemima namenjena \u017eenama","og_description":"Energy Net je organizovao besplatnu obuku \u017denski solarni start za \u017eene zainteresovane za fotonaponske sisteme i razvoj karijere u oblasti zelene energije.","og_url":"https:\/\/balkangreenenergynews.com\/rs\/odrzana-prva-obuka-o-solarnim-fotonaponskim-sistemima-namenjena-zenama\/","og_site_name":"Balkan Green Energy News","article_published_time":"2024-11-22T15:27:01+00:00","article_modified_time":"2024-11-23T18:06:32+00:00","og_image":[{"width":840,"height":430,"url":"https:\/\/balkangreenenergynews.com\/rs\/wp-content\/uploads\/2024\/11\/Zenski-solarni-start_2.jpg?wsr","type":"image\/jpeg"}],"author":"Jelisaveta Peri\u0161i\u0107","twitter_card":"summary_large_image","twitter_misc":{"\u041d\u0430\u043f\u0438\u0441\u0430\u043d\u043e \u043e\u0434":"Jelisaveta Peri\u0161i\u0107","\u041f\u0440\u043e\u0446\u0435\u045a\u0435\u043d\u043e \u0432\u0440\u0435\u043c\u0435 \u0447\u0438\u0442\u0430\u045a\u0430":"4 \u043c\u0438\u043d\u0443\u0442\u0430"},"schema":{"@context":"https:\/\/schema.org","@graph":[{"@type":"Article","@id":"https:\/\/balkangreenenergynews.com\/rs\/odrzana-prva-obuka-o-solarnim-fotonaponskim-sistemima-namenjena-zenama\/#article","isPartOf":{"@id":"https:\/\/balkangreenenergynews.com\/rs\/odrzana-prva-obuka-o-solarnim-fotonaponskim-sistemima-namenjena-zenama\/"},"author":{"name":"Jelisaveta Peri\u0161i\u0107","@id":"https:\/\/balkangreenenergynews.com\/rs\/#\/schema\/person\/4b3c5831bbc05a72630d12560df2b3f8"},"headline":"Odr\u017eana prva obuka o solarnim fotonaponskim sistemima namenjena \u017eenama","datePublished":"2024-11-22T15:27:01+00:00","dateModified":"2024-11-23T18:06:32+00:00","mainEntityOfPage":{"@id":"https:\/\/balkangreenenergynews.com\/rs\/odrzana-prva-obuka-o-solarnim-fotonaponskim-sistemima-namenjena-zenama\/"},"wordCount":677,"commentCount":0,"image":{"@id":"https:\/\/balkangreenenergynews.com\/rs\/odrzana-prva-obuka-o-solarnim-fotonaponskim-sistemima-namenjena-zenama\/#primaryimage"},"thumbnailUrl":"https:\/\/balkangreenenergynews.com\/rs\/wp-content\/uploads\/2024\/11\/Zenski-solarni-start_2.jpg?wsr","keywords":["GIZ","solarna energija","solarni paneli","WISE Srbija"],"articleSection":["GIZ","OIE"],"inLanguage":"sr-RS","potentialAction":[{"@type":"CommentAction","name":"Comment","target":["https:\/\/balkangreenenergynews.com\/rs\/odrzana-prva-obuka-o-solarnim-fotonaponskim-sistemima-namenjena-zenama\/#respond"]}]},{"@type":"WebPage","@id":"https:\/\/balkangreenenergynews.com\/rs\/odrzana-prva-obuka-o-solarnim-fotonaponskim-sistemima-namenjena-zenama\/","url":"https:\/\/balkangreenenergynews.com\/rs\/odrzana-prva-obuka-o-solarnim-fotonaponskim-sistemima-namenjena-zenama\/","name":"Odr\u017eana prva obuka o solarnim fotonaponskim sistemima namenjena \u017eenama","isPartOf":{"@id":"https:\/\/balkangreenenergynews.com\/rs\/#website"},"primaryImageOfPage":{"@id":"https:\/\/balkangreenenergynews.com\/rs\/odrzana-prva-obuka-o-solarnim-fotonaponskim-sistemima-namenjena-zenama\/#primaryimage"},"image":{"@id":"https:\/\/balkangreenenergynews.com\/rs\/odrzana-prva-obuka-o-solarnim-fotonaponskim-sistemima-namenjena-zenama\/#primaryimage"},"thumbnailUrl":"https:\/\/balkangreenenergynews.com\/rs\/wp-content\/uploads\/2024\/11\/Zenski-solarni-start_2.jpg?wsr","datePublished":"2024-11-22T15:27:01+00:00","dateModified":"2024-11-23T18:06:32+00:00","author":{"@id":"https:\/\/balkangreenenergynews.com\/rs\/#\/schema\/person\/4b3c5831bbc05a72630d12560df2b3f8"},"description":"Energy Net je organizovao besplatnu obuku \u017denski solarni start za \u017eene zainteresovane za fotonaponske sisteme i razvoj karijere u oblasti zelene energije.","breadcrumb":{"@id":"https:\/\/balkangreenenergynews.com\/rs\/odrzana-prva-obuka-o-solarnim-fotonaponskim-sistemima-namenjena-zenama\/#breadcrumb"},"inLanguage":"sr-RS","potentialAction":[{"@type":"ReadAction","target":["https:\/\/balkangreenenergynews.com\/rs\/odrzana-prva-obuka-o-solarnim-fotonaponskim-sistemima-namenjena-zenama\/"]}]},{"@type":"ImageObject","inLanguage":"sr-RS","@id":"https:\/\/balkangreenenergynews.com\/rs\/odrzana-prva-obuka-o-solarnim-fotonaponskim-sistemima-namenjena-zenama\/#primaryimage","url":"https:\/\/balkangreenenergynews.com\/rs\/wp-content\/uploads\/2024\/11\/Zenski-solarni-start_2.jpg?wsr","contentUrl":"https:\/\/balkangreenenergynews.com\/rs\/wp-content\/uploads\/2024\/11\/Zenski-solarni-start_2.jpg?wsr","width":840,"height":430,"caption":"Zenski solarni start, Odr\u017eana prva obuka o fotonaponskim sistemima namenjena zenama"},{"@type":"BreadcrumbList","@id":"https:\/\/balkangreenenergynews.com\/rs\/odrzana-prva-obuka-o-solarnim-fotonaponskim-sistemima-namenjena-zenama\/#breadcrumb","itemListElement":[{"@type":"ListItem","position":1,"name":"Po\u010detna","item":"https:\/\/balkangreenenergynews.com\/rs\/"},{"@type":"ListItem","position":2,"name":"Vesti","item":"https:\/\/balkangreenenergynews.com\/rs\/kategorija\/vesti\/"},{"@type":"ListItem","position":3,"name":"OIE","item":"https:\/\/balkangreenenergynews.com\/rs\/kategorija\/vesti\/obnovljivi-izvori-energije\/"},{"@type":"ListItem","position":4,"name":"Odr\u017eana prva obuka o solarnim fotonaponskim sistemima namenjena \u017eenama"}]},{"@type":"WebSite","@id":"https:\/\/balkangreenenergynews.com\/rs\/#website","url":"https:\/\/balkangreenenergynews.com\/rs\/","name":"Balkan Green Energy News","description":"Naj\u0161iri izbor vesti sa Balkana o zelenoj energiji","potentialAction":[{"@type":"SearchAction","target":{"@type":"EntryPoint","urlTemplate":"https:\/\/balkangreenenergynews.com\/rs\/?s={search_term_string}"},"query-input":{"@type":"PropertyValueSpecification","valueRequired":true,"valueName":"search_term_string"}}],"inLanguage":"sr-RS"},{"@type":"Person","@id":"https:\/\/balkangreenenergynews.com\/rs\/#\/schema\/person\/4b3c5831bbc05a72630d12560df2b3f8","name":"Jelisaveta Peri\u0161i\u0107","url":"https:\/\/balkangreenenergynews.com\/rs\/author\/jelisavet-perisic\/"}]}},"_links":{"self":[{"href":"https:\/\/balkangreenenergynews.com\/rs\/wp-json\/wp\/v2\/posts\/75144","targetHints":{"allow":["GET"]}}],"collection":[{"href":"https:\/\/balkangreenenergynews.com\/rs\/wp-json\/wp\/v2\/posts"}],"about":[{"href":"https:\/\/balkangreenenergynews.com\/rs\/wp-json\/wp\/v2\/types\/post"}],"author":[{"embeddable":true,"href":"https:\/\/balkangreenenergynews.com\/rs\/wp-json\/wp\/v2\/users\/34"}],"replies":[{"embeddable":true,"href":"https:\/\/balkangreenenergynews.com\/rs\/wp-json\/wp\/v2\/comments?post=75144"}],"version-history":[{"count":0,"href":"https:\/\/balkangreenenergynews.com\/rs\/wp-json\/wp\/v2\/posts\/75144\/revisions"}],"wp:featuredmedia":[{"embeddable":true,"href":"https:\/\/balkangreenenergynews.com\/rs\/wp-json\/wp\/v2\/media\/75191"}],"wp:attachment":[{"href":"https:\/\/balkangreenenergynews.com\/rs\/wp-json\/wp\/v2\/media?parent=75144"}],"wp:term":[{"taxonomy":"category","embeddable":true,"href":"https:\/\/balkangreenenergynews.com\/rs\/wp-json\/wp\/v2\/categories?post=75144"},{"taxonomy":"post_tag","embeddable":true,"href":"https:\/\/balkangreenenergynews.com\/rs\/wp-json\/wp\/v2\/tags?post=75144"}],"curies":[{"name":"wp","href":"https:\/\/api.w.org\/{rel}","templated":true}]}}