{"id":75033,"date":"2024-11-20T13:16:38","date_gmt":"2024-11-20T12:16:38","guid":{"rendered":"https:\/\/balkangreenenergynews.com\/rs\/?p=75033"},"modified":"2025-10-16T15:22:47","modified_gmt":"2025-10-16T13:22:47","slug":"crna-gora-potpisala-ugovor-o-kreditu-sa-francuskom-razvojnom-agencijom","status":"publish","type":"post","link":"https:\/\/balkangreenenergynews.com\/rs\/crna-gora-potpisala-ugovor-o-kreditu-sa-francuskom-razvojnom-agencijom\/","title":{"rendered":"Crna Gora potpisala ugovor o kreditu sa Francuskom razvojnom agencijom"},"content":{"rendered":"<h2>Crna Gora i Francuska potpisale su sporazum o kreditu za javne politike u sektoru \u017eivotne sredine u iznosu od 50 miliona evra, kao i ugovor o donaciji od 950.000 evra za Crnogorski elektroprenosni sistem.<\/h2>\n<p>Sporazum o kreditnom aran\u017emanu za javne politike u iznosu od 50 miliona evra potpisali su Ministarstvo finansija Crne Gore i <a href=\"https:\/\/balkangreenenergynews.com\/rs\/francuska-i-srbija-potpisale-pet-sporazuma-za-kriticne-sirovine-otpad-i-energetiku\/\">Francuska razvojna agencija (AFD)<\/a> i podr\u017ea\u0107e reforme u sektorima upravljanja otpadom, obnovljive energije, odr\u017eivog \u0161umarstva i klimatskih akcija.<\/p>\n<p>Sporazum koji su potpisali ministar finansija Crne Gore Novica Vukovi\u0107 i direktor AFD-a za Evropu, Bliski istok i Aziju Siril Belije (fra. Cyrille Bellier), predstavlja, kako je saop\u0161tila Vlada Crne Gore, zna\u010dajnu prekretnicu za Crnu Goru na putu odr\u017eivog razvoja. Potpisan je u prisustvu premijera Crne Gore Milojka Spaji\u0107a i ambasadorke Francuske u Crnoj Gori Anamari Maske (fra. Anne-Marie Maskay).<\/p>\n<p>Podr\u017eavaju\u0107i niz uticajnih reformi u klju\u010dnim sektorima kao \u0161to su sektor za otpad i energiju, ovo partnerstvo nastoji da smanji zaga\u0111enje, promovi\u0161e \u010distu energiju i pobolj\u0161a klimatsku otpornost, naveli su iz Vlade Crne Gore.<\/p>\n<blockquote><p>Crna Gora \u0107e uskladiti svoje standarde sa standardima EU o za\u0161titi \u017eivotne sredine, energiji i klimatskim promenama<\/p><\/blockquote>\n<p>Saradnja, kako su dodali, uklju\u010duje i postepeno ukidanje plastike za jednokratnu upotrebu, pro\u0161ireni plan za odgovornost proizvo\u0111a\u010da, pravni i regulatorni mehanizam za cene emisija CO2, kao i institucionalnu reformu \u0161umarstva.<\/p>\n<p>Na ovaj na\u010din \u0107e Crna Gora uskladiti svoje standarde sa standardima EU o za\u0161titi \u017eivotne sredine, energiji i klimatskim promenama i postaviti temelje za zeleniju ekonomiju, navela je crnogorska Vlada.<\/p>\n<p>Zajedno sa sporazumom od 50 miliona evra, AFD c\u0301e pru\u017eiti tehni\u010dku pomoc\u0301 za ja\u010danje institucionalnih kapaciteta u upravljanju energijom i otpadom, obezbe\u0111uju\u0107i efektivnu implementaciju i nadzor ovih reformi.<\/p>\n<blockquote><p>Program kofinansira Svetska banka<\/p><\/blockquote>\n<p>Ministar finansija Novica Vukovi\u0107 rekao je da je ovo prvi kreditni aran\u017eman koji Crna Gora zaklju\u010duje sa AFD-om i o\u010dekuje da \u0107e se partnerstvo nastaviti.<\/p>\n<p>Direktor AFD-a Siril Belije je istakao zna\u010daj ovog zelenog razvojnog programa za postizanje strate\u0161kih prioriteta Crne Gore u skladu sa Pariskim sporazumom o klimi i usvajanjem pravnih tekovina EU.<\/p>\n<p>Crnogorska Vlada je navela da program kofinansira Svetska banka. Zajedni\u010dko finansiranje AFD-a i Svetske banke u iznosu od 130 miliona evra predstavlja zna\u010dajnu podr\u0161ku Crnoj Gori u ambicijama da pristupi EU, kao i predanom radu na Zelenoj agendi, <a href=\"https:\/\/www.gov.me\/clanak\/partnerstvo-crne-gore-i-francuske-za-zeleniju-buducnost-podrska-od-50-miliona-eura-za-odrzivi-razvoj\">naveli<\/a> su u Vladi Crne Gore.<\/p>\n<h3>Tehni\u010dka pomo\u0107 za CGES<\/h3>\n<figure id=\"attachment_75034\" aria-describedby=\"caption-attachment-75034\" style=\"width: 840px\" class=\"wp-caption aligncenter\"><img loading=\"lazy\" decoding=\"async\" class=\"wp-image-75034 size-full\" src=\"https:\/\/balkangreenenergynews.com\/rs\/wp-content\/uploads\/2024\/11\/crna-gora-francuska-afd-sporazum-kredit-spajic-asanovic-cges.jpg\" alt=\"crna gora francuska afd sporazum kredit spajic asanovic cges\" width=\"840\" height=\"430\" srcset=\"https:\/\/balkangreenenergynews.com\/rs\/wp-content\/uploads\/2024\/11\/crna-gora-francuska-afd-sporazum-kredit-spajic-asanovic-cges.jpg 840w, https:\/\/balkangreenenergynews.com\/rs\/wp-content\/uploads\/2024\/11\/crna-gora-francuska-afd-sporazum-kredit-spajic-asanovic-cges-500x256.jpg 500w, https:\/\/balkangreenenergynews.com\/rs\/wp-content\/uploads\/2024\/11\/crna-gora-francuska-afd-sporazum-kredit-spajic-asanovic-cges-768x393.jpg 768w, https:\/\/balkangreenenergynews.com\/rs\/wp-content\/uploads\/2024\/11\/crna-gora-francuska-afd-sporazum-kredit-spajic-asanovic-cges-300x154.jpg 300w\" sizes=\"auto, (max-width: 840px) 100vw, 840px\" \/><figcaption id=\"caption-attachment-75034\" class=\"wp-caption-text\">Tjeri Buja\u017ear, Siril Belije i Igor Asanovi\u0107 (foto: \u0110or\u0111e Cmiljani\u0107\/Vlada Crne Gore\/Flickr)<\/figcaption><\/figure>\n<p>U cilju ja\u010danja energetske tranzicije i uskla\u0111ivanja sa evropskim standardima, Crnogorski elektroprenosni sistem (CGES), Francuska razvojna agencija i RTE International potpisali su Ugovor o grantu za tehni\u010dku podr\u0161ku, saop\u0161tio je CGES.<\/p>\n<p>Podr\u0161ka se odnosi na projekat rekonstrukcije i pro\u0161irenja trafostanice 225\/110 kV Peru\u0107ica i zamenu dva zastarela autotransformatora u trafostanici Pljevlja, oba klju\u010dna za stabilnost nacionalne mre\u017ee. Namera je, kako se obja\u0161njava, da se pobolj\u0161a kapacitet crnogorske mre\u017ee u cilju integracije novih obnovljivih izvora energije i smanjenja gubitaka, doprinose\u0107i opredeljenju Crne Gore da ostvari ugljeni\u010dnu neutralnost do 2050. godine.<\/p>\n<p>Program, vredan 950.000 evra uklju\u010duje studije za primenu digitalnih re\u0161enja i optimizaciju upravljanja i nadzora crnogorske mre\u017ee, naveo je crnogorski operator prenosnog sistema. AFD, kako se dodaje, finansira ovaj strate\u0161ki projekat uz tehni\u010dku stru\u010dnost firme RTE International.<\/p>\n<p>RTE International &#8211; podru\u017enica francuskog operatora za prenos elektri\u010dne energije RTE, jedna je od vode\u0107ih evropskih konsultanata za elektroenergetske sisteme koja pru\u017ea prilago\u0111ena re\u0161enja za pobolj\u0161anje pouzdanosti i efikasnosti elektri\u010dne infrastrukture \u0161irom sveta, naveo je CGES.<\/p>\n<p>Ugovor su potpisali Ivan Asanovi\u0107, direktor CGES-a, Tjeri Buja\u017ear (fra. Thierry Buhagiar), u ime firme RTE International, i Siril Belije, direktor AFD-a.<\/p>\n","protected":false},"excerpt":{"rendered":"<p>Francuska razvojna agencija \u0107e podr\u017eati reforme u sektorima upravljanja otpada, obnovljive energije, odr\u017eivog \u0161umarstva i klimatskih akcija<\/p>\n","protected":false},"author":23,"featured_media":75035,"comment_status":"open","ping_status":"open","sticky":false,"template":"","format":"standard","meta":{"_acf_changed":false,"_monsterinsights_skip_tracking":false,"_monsterinsights_sitenote_active":false,"_monsterinsights_sitenote_note":"","_monsterinsights_sitenote_category":0,"footnotes":""},"categories":[504,5909,1,5,4],"tags":[6114,6108,111,3141,6262,6509,766,1144,4277,3248,5111,771,680,1485,6244,2796],"class_list":["post-75033","post","type-post","status-publish","format-standard","has-post-thumbnail","hentry","category-elektricna-energija","category-klimatske-promene","category-obnovljivi-izvori-energije","category-otpad","category-zivotna-sredina","tag-afd","tag-cena-emisija-co2","tag-cges","tag-crnogorski-elektroprenosni-sistem","tag-francuska","tag-jednokratna-plastika","tag-klimatske-promene","tag-kredit","tag-plastika-za-jednokratnu-upotrebu","tag-prenosni-sistem","tag-sume","tag-svetska-banka","tag-upravljanje-otpadom","tag-zagadenje","tag-zelena-agenda","tag-zelena-ekonomija","country-crna-gora"],"acf":[],"yoast_head":"<!-- This site is optimized with the Yoast SEO plugin v27.4 - https:\/\/yoast.com\/product\/yoast-seo-wordpress\/ -->\n<title>Crna Gora potpisala ugovor o kreditu sa Francuskom razvojnom agencijom<\/title>\n<meta name=\"description\" content=\"Francuska razvojna agencija \u0107e podr\u017eati reforme u sektorima upravljanja otpada, obnovljive energije, odr\u017eivog \u0161umarstva i klimatskih akcija\" \/>\n<meta name=\"robots\" content=\"index, follow, max-snippet:-1, max-image-preview:large, max-video-preview:-1\" \/>\n<link rel=\"canonical\" href=\"https:\/\/balkangreenenergynews.com\/rs\/crna-gora-potpisala-ugovor-o-kreditu-sa-francuskom-razvojnom-agencijom\/\" \/>\n<meta property=\"og:locale\" content=\"sr_RS\" \/>\n<meta property=\"og:type\" content=\"article\" \/>\n<meta property=\"og:title\" content=\"Crna Gora potpisala ugovor o kreditu sa Francuskom razvojnom agencijom\" \/>\n<meta property=\"og:description\" content=\"Francuska razvojna agencija \u0107e podr\u017eati reforme u sektorima upravljanja otpada, obnovljive energije, odr\u017eivog \u0161umarstva i klimatskih akcija\" \/>\n<meta property=\"og:url\" content=\"https:\/\/balkangreenenergynews.com\/rs\/crna-gora-potpisala-ugovor-o-kreditu-sa-francuskom-razvojnom-agencijom\/\" \/>\n<meta property=\"og:site_name\" content=\"Balkan Green Energy News\" \/>\n<meta property=\"article:published_time\" content=\"2024-11-20T12:16:38+00:00\" \/>\n<meta property=\"article:modified_time\" content=\"2025-10-16T13:22:47+00:00\" \/>\n<meta property=\"og:image\" content=\"https:\/\/balkangreenenergynews.com\/rs\/wp-content\/uploads\/2024\/11\/crna-gora-francuska-afd-sporazum-kredit-spajic-vukovic.jpg?wsr\" \/>\n\t<meta property=\"og:image:width\" content=\"840\" \/>\n\t<meta property=\"og:image:height\" content=\"430\" \/>\n\t<meta property=\"og:image:type\" content=\"image\/jpeg\" \/>\n<meta name=\"author\" content=\"Vladimir Spasi\u0107\" \/>\n<meta name=\"twitter:card\" content=\"summary_large_image\" \/>\n<meta name=\"twitter:label1\" content=\"\u041d\u0430\u043f\u0438\u0441\u0430\u043d\u043e \u043e\u0434\" \/>\n\t<meta name=\"twitter:data1\" content=\"Vladimir Spasi\u0107\" \/>\n\t<meta name=\"twitter:label2\" content=\"\u041f\u0440\u043e\u0446\u0435\u045a\u0435\u043d\u043e \u0432\u0440\u0435\u043c\u0435 \u0447\u0438\u0442\u0430\u045a\u0430\" \/>\n\t<meta name=\"twitter:data2\" content=\"4 \u043c\u0438\u043d\u0443\u0442\u0430\" \/>\n<script type=\"application\/ld+json\" class=\"yoast-schema-graph\">{\"@context\":\"https:\\\/\\\/schema.org\",\"@graph\":[{\"@type\":\"Article\",\"@id\":\"https:\\\/\\\/balkangreenenergynews.com\\\/rs\\\/crna-gora-potpisala-ugovor-o-kreditu-sa-francuskom-razvojnom-agencijom\\\/#article\",\"isPartOf\":{\"@id\":\"https:\\\/\\\/balkangreenenergynews.com\\\/rs\\\/crna-gora-potpisala-ugovor-o-kreditu-sa-francuskom-razvojnom-agencijom\\\/\"},\"author\":{\"name\":\"Vladimir Spasi\u0107\",\"@id\":\"https:\\\/\\\/balkangreenenergynews.com\\\/rs\\\/#\\\/schema\\\/person\\\/99dc721c46113fea22caffad06ef7317\"},\"headline\":\"Crna Gora potpisala ugovor o kreditu sa Francuskom razvojnom agencijom\",\"datePublished\":\"2024-11-20T12:16:38+00:00\",\"dateModified\":\"2025-10-16T13:22:47+00:00\",\"mainEntityOfPage\":{\"@id\":\"https:\\\/\\\/balkangreenenergynews.com\\\/rs\\\/crna-gora-potpisala-ugovor-o-kreditu-sa-francuskom-razvojnom-agencijom\\\/\"},\"wordCount\":652,\"commentCount\":0,\"image\":{\"@id\":\"https:\\\/\\\/balkangreenenergynews.com\\\/rs\\\/crna-gora-potpisala-ugovor-o-kreditu-sa-francuskom-razvojnom-agencijom\\\/#primaryimage\"},\"thumbnailUrl\":\"https:\\\/\\\/balkangreenenergynews.com\\\/rs\\\/wp-content\\\/uploads\\\/2024\\\/11\\\/crna-gora-francuska-afd-sporazum-kredit-spajic-vukovic.jpg?wsr\",\"keywords\":[\"AFD\",\"cena emisija CO2\",\"CGES\",\"Crnogorski elektroprenosni sistem\",\"Francuska\",\"jednokratna plastika\",\"klimatske promene\",\"kredit\",\"plastika za jednokratnu upotrebu\",\"prenosni sistem\",\"\u0161ume\",\"Svetska banka\",\"upravljanje otpadom\",\"zaga\u0111enje\",\"Zelena agenda\",\"zelena ekonomija\"],\"articleSection\":[\"Elektri\u010dna energija\",\"Klimatske promene\",\"OIE\",\"Otpad\",\"\u017divotna sredina\"],\"inLanguage\":\"sr-RS\",\"potentialAction\":[{\"@type\":\"CommentAction\",\"name\":\"Comment\",\"target\":[\"https:\\\/\\\/balkangreenenergynews.com\\\/rs\\\/crna-gora-potpisala-ugovor-o-kreditu-sa-francuskom-razvojnom-agencijom\\\/#respond\"]}]},{\"@type\":\"WebPage\",\"@id\":\"https:\\\/\\\/balkangreenenergynews.com\\\/rs\\\/crna-gora-potpisala-ugovor-o-kreditu-sa-francuskom-razvojnom-agencijom\\\/\",\"url\":\"https:\\\/\\\/balkangreenenergynews.com\\\/rs\\\/crna-gora-potpisala-ugovor-o-kreditu-sa-francuskom-razvojnom-agencijom\\\/\",\"name\":\"Crna Gora potpisala ugovor o kreditu sa Francuskom razvojnom agencijom\",\"isPartOf\":{\"@id\":\"https:\\\/\\\/balkangreenenergynews.com\\\/rs\\\/#website\"},\"primaryImageOfPage\":{\"@id\":\"https:\\\/\\\/balkangreenenergynews.com\\\/rs\\\/crna-gora-potpisala-ugovor-o-kreditu-sa-francuskom-razvojnom-agencijom\\\/#primaryimage\"},\"image\":{\"@id\":\"https:\\\/\\\/balkangreenenergynews.com\\\/rs\\\/crna-gora-potpisala-ugovor-o-kreditu-sa-francuskom-razvojnom-agencijom\\\/#primaryimage\"},\"thumbnailUrl\":\"https:\\\/\\\/balkangreenenergynews.com\\\/rs\\\/wp-content\\\/uploads\\\/2024\\\/11\\\/crna-gora-francuska-afd-sporazum-kredit-spajic-vukovic.jpg?wsr\",\"datePublished\":\"2024-11-20T12:16:38+00:00\",\"dateModified\":\"2025-10-16T13:22:47+00:00\",\"author\":{\"@id\":\"https:\\\/\\\/balkangreenenergynews.com\\\/rs\\\/#\\\/schema\\\/person\\\/99dc721c46113fea22caffad06ef7317\"},\"description\":\"Francuska razvojna agencija \u0107e podr\u017eati reforme u sektorima upravljanja otpada, obnovljive energije, odr\u017eivog \u0161umarstva i klimatskih akcija\",\"breadcrumb\":{\"@id\":\"https:\\\/\\\/balkangreenenergynews.com\\\/rs\\\/crna-gora-potpisala-ugovor-o-kreditu-sa-francuskom-razvojnom-agencijom\\\/#breadcrumb\"},\"inLanguage\":\"sr-RS\",\"potentialAction\":[{\"@type\":\"ReadAction\",\"target\":[\"https:\\\/\\\/balkangreenenergynews.com\\\/rs\\\/crna-gora-potpisala-ugovor-o-kreditu-sa-francuskom-razvojnom-agencijom\\\/\"]}]},{\"@type\":\"ImageObject\",\"inLanguage\":\"sr-RS\",\"@id\":\"https:\\\/\\\/balkangreenenergynews.com\\\/rs\\\/crna-gora-potpisala-ugovor-o-kreditu-sa-francuskom-razvojnom-agencijom\\\/#primaryimage\",\"url\":\"https:\\\/\\\/balkangreenenergynews.com\\\/rs\\\/wp-content\\\/uploads\\\/2024\\\/11\\\/crna-gora-francuska-afd-sporazum-kredit-spajic-vukovic.jpg?wsr\",\"contentUrl\":\"https:\\\/\\\/balkangreenenergynews.com\\\/rs\\\/wp-content\\\/uploads\\\/2024\\\/11\\\/crna-gora-francuska-afd-sporazum-kredit-spajic-vukovic.jpg?wsr\",\"width\":840,\"height\":430,\"caption\":\"crna gora francuska afd sporazum kredit spajic vukovic\"},{\"@type\":\"BreadcrumbList\",\"@id\":\"https:\\\/\\\/balkangreenenergynews.com\\\/rs\\\/crna-gora-potpisala-ugovor-o-kreditu-sa-francuskom-razvojnom-agencijom\\\/#breadcrumb\",\"itemListElement\":[{\"@type\":\"ListItem\",\"position\":1,\"name\":\"Po\u010detna\",\"item\":\"https:\\\/\\\/balkangreenenergynews.com\\\/rs\\\/\"},{\"@type\":\"ListItem\",\"position\":2,\"name\":\"Klimatske promene\",\"item\":\"https:\\\/\\\/balkangreenenergynews.com\\\/rs\\\/kategorija\\\/klimatske-promene\\\/\"},{\"@type\":\"ListItem\",\"position\":3,\"name\":\"Crna Gora potpisala ugovor o kreditu sa Francuskom razvojnom agencijom\"}]},{\"@type\":\"WebSite\",\"@id\":\"https:\\\/\\\/balkangreenenergynews.com\\\/rs\\\/#website\",\"url\":\"https:\\\/\\\/balkangreenenergynews.com\\\/rs\\\/\",\"name\":\"Balkan Green Energy News\",\"description\":\"Naj\u0161iri izbor vesti sa Balkana o zelenoj energiji\",\"potentialAction\":[{\"@type\":\"SearchAction\",\"target\":{\"@type\":\"EntryPoint\",\"urlTemplate\":\"https:\\\/\\\/balkangreenenergynews.com\\\/rs\\\/?s={search_term_string}\"},\"query-input\":{\"@type\":\"PropertyValueSpecification\",\"valueRequired\":true,\"valueName\":\"search_term_string\"}}],\"inLanguage\":\"sr-RS\"},{\"@type\":\"Person\",\"@id\":\"https:\\\/\\\/balkangreenenergynews.com\\\/rs\\\/#\\\/schema\\\/person\\\/99dc721c46113fea22caffad06ef7317\",\"name\":\"Vladimir Spasi\u0107\",\"url\":\"https:\\\/\\\/balkangreenenergynews.com\\\/rs\\\/author\\\/vladimir-spasic\\\/\"}]}<\/script>\n<!-- \/ Yoast SEO plugin. -->","yoast_head_json":{"title":"Crna Gora potpisala ugovor o kreditu sa Francuskom razvojnom agencijom","description":"Francuska razvojna agencija \u0107e podr\u017eati reforme u sektorima upravljanja otpada, obnovljive energije, odr\u017eivog \u0161umarstva i klimatskih akcija","robots":{"index":"index","follow":"follow","max-snippet":"max-snippet:-1","max-image-preview":"max-image-preview:large","max-video-preview":"max-video-preview:-1"},"canonical":"https:\/\/balkangreenenergynews.com\/rs\/crna-gora-potpisala-ugovor-o-kreditu-sa-francuskom-razvojnom-agencijom\/","og_locale":"sr_RS","og_type":"article","og_title":"Crna Gora potpisala ugovor o kreditu sa Francuskom razvojnom agencijom","og_description":"Francuska razvojna agencija \u0107e podr\u017eati reforme u sektorima upravljanja otpada, obnovljive energije, odr\u017eivog \u0161umarstva i klimatskih akcija","og_url":"https:\/\/balkangreenenergynews.com\/rs\/crna-gora-potpisala-ugovor-o-kreditu-sa-francuskom-razvojnom-agencijom\/","og_site_name":"Balkan Green Energy News","article_published_time":"2024-11-20T12:16:38+00:00","article_modified_time":"2025-10-16T13:22:47+00:00","og_image":[{"width":840,"height":430,"url":"https:\/\/balkangreenenergynews.com\/rs\/wp-content\/uploads\/2024\/11\/crna-gora-francuska-afd-sporazum-kredit-spajic-vukovic.jpg?wsr","type":"image\/jpeg"}],"author":"Vladimir Spasi\u0107","twitter_card":"summary_large_image","twitter_misc":{"\u041d\u0430\u043f\u0438\u0441\u0430\u043d\u043e \u043e\u0434":"Vladimir Spasi\u0107","\u041f\u0440\u043e\u0446\u0435\u045a\u0435\u043d\u043e \u0432\u0440\u0435\u043c\u0435 \u0447\u0438\u0442\u0430\u045a\u0430":"4 \u043c\u0438\u043d\u0443\u0442\u0430"},"schema":{"@context":"https:\/\/schema.org","@graph":[{"@type":"Article","@id":"https:\/\/balkangreenenergynews.com\/rs\/crna-gora-potpisala-ugovor-o-kreditu-sa-francuskom-razvojnom-agencijom\/#article","isPartOf":{"@id":"https:\/\/balkangreenenergynews.com\/rs\/crna-gora-potpisala-ugovor-o-kreditu-sa-francuskom-razvojnom-agencijom\/"},"author":{"name":"Vladimir Spasi\u0107","@id":"https:\/\/balkangreenenergynews.com\/rs\/#\/schema\/person\/99dc721c46113fea22caffad06ef7317"},"headline":"Crna Gora potpisala ugovor o kreditu sa Francuskom razvojnom agencijom","datePublished":"2024-11-20T12:16:38+00:00","dateModified":"2025-10-16T13:22:47+00:00","mainEntityOfPage":{"@id":"https:\/\/balkangreenenergynews.com\/rs\/crna-gora-potpisala-ugovor-o-kreditu-sa-francuskom-razvojnom-agencijom\/"},"wordCount":652,"commentCount":0,"image":{"@id":"https:\/\/balkangreenenergynews.com\/rs\/crna-gora-potpisala-ugovor-o-kreditu-sa-francuskom-razvojnom-agencijom\/#primaryimage"},"thumbnailUrl":"https:\/\/balkangreenenergynews.com\/rs\/wp-content\/uploads\/2024\/11\/crna-gora-francuska-afd-sporazum-kredit-spajic-vukovic.jpg?wsr","keywords":["AFD","cena emisija CO2","CGES","Crnogorski elektroprenosni sistem","Francuska","jednokratna plastika","klimatske promene","kredit","plastika za jednokratnu upotrebu","prenosni sistem","\u0161ume","Svetska banka","upravljanje otpadom","zaga\u0111enje","Zelena agenda","zelena ekonomija"],"articleSection":["Elektri\u010dna energija","Klimatske promene","OIE","Otpad","\u017divotna sredina"],"inLanguage":"sr-RS","potentialAction":[{"@type":"CommentAction","name":"Comment","target":["https:\/\/balkangreenenergynews.com\/rs\/crna-gora-potpisala-ugovor-o-kreditu-sa-francuskom-razvojnom-agencijom\/#respond"]}]},{"@type":"WebPage","@id":"https:\/\/balkangreenenergynews.com\/rs\/crna-gora-potpisala-ugovor-o-kreditu-sa-francuskom-razvojnom-agencijom\/","url":"https:\/\/balkangreenenergynews.com\/rs\/crna-gora-potpisala-ugovor-o-kreditu-sa-francuskom-razvojnom-agencijom\/","name":"Crna Gora potpisala ugovor o kreditu sa Francuskom razvojnom agencijom","isPartOf":{"@id":"https:\/\/balkangreenenergynews.com\/rs\/#website"},"primaryImageOfPage":{"@id":"https:\/\/balkangreenenergynews.com\/rs\/crna-gora-potpisala-ugovor-o-kreditu-sa-francuskom-razvojnom-agencijom\/#primaryimage"},"image":{"@id":"https:\/\/balkangreenenergynews.com\/rs\/crna-gora-potpisala-ugovor-o-kreditu-sa-francuskom-razvojnom-agencijom\/#primaryimage"},"thumbnailUrl":"https:\/\/balkangreenenergynews.com\/rs\/wp-content\/uploads\/2024\/11\/crna-gora-francuska-afd-sporazum-kredit-spajic-vukovic.jpg?wsr","datePublished":"2024-11-20T12:16:38+00:00","dateModified":"2025-10-16T13:22:47+00:00","author":{"@id":"https:\/\/balkangreenenergynews.com\/rs\/#\/schema\/person\/99dc721c46113fea22caffad06ef7317"},"description":"Francuska razvojna agencija \u0107e podr\u017eati reforme u sektorima upravljanja otpada, obnovljive energije, odr\u017eivog \u0161umarstva i klimatskih akcija","breadcrumb":{"@id":"https:\/\/balkangreenenergynews.com\/rs\/crna-gora-potpisala-ugovor-o-kreditu-sa-francuskom-razvojnom-agencijom\/#breadcrumb"},"inLanguage":"sr-RS","potentialAction":[{"@type":"ReadAction","target":["https:\/\/balkangreenenergynews.com\/rs\/crna-gora-potpisala-ugovor-o-kreditu-sa-francuskom-razvojnom-agencijom\/"]}]},{"@type":"ImageObject","inLanguage":"sr-RS","@id":"https:\/\/balkangreenenergynews.com\/rs\/crna-gora-potpisala-ugovor-o-kreditu-sa-francuskom-razvojnom-agencijom\/#primaryimage","url":"https:\/\/balkangreenenergynews.com\/rs\/wp-content\/uploads\/2024\/11\/crna-gora-francuska-afd-sporazum-kredit-spajic-vukovic.jpg?wsr","contentUrl":"https:\/\/balkangreenenergynews.com\/rs\/wp-content\/uploads\/2024\/11\/crna-gora-francuska-afd-sporazum-kredit-spajic-vukovic.jpg?wsr","width":840,"height":430,"caption":"crna gora francuska afd sporazum kredit spajic vukovic"},{"@type":"BreadcrumbList","@id":"https:\/\/balkangreenenergynews.com\/rs\/crna-gora-potpisala-ugovor-o-kreditu-sa-francuskom-razvojnom-agencijom\/#breadcrumb","itemListElement":[{"@type":"ListItem","position":1,"name":"Po\u010detna","item":"https:\/\/balkangreenenergynews.com\/rs\/"},{"@type":"ListItem","position":2,"name":"Klimatske promene","item":"https:\/\/balkangreenenergynews.com\/rs\/kategorija\/klimatske-promene\/"},{"@type":"ListItem","position":3,"name":"Crna Gora potpisala ugovor o kreditu sa Francuskom razvojnom agencijom"}]},{"@type":"WebSite","@id":"https:\/\/balkangreenenergynews.com\/rs\/#website","url":"https:\/\/balkangreenenergynews.com\/rs\/","name":"Balkan Green Energy News","description":"Naj\u0161iri izbor vesti sa Balkana o zelenoj energiji","potentialAction":[{"@type":"SearchAction","target":{"@type":"EntryPoint","urlTemplate":"https:\/\/balkangreenenergynews.com\/rs\/?s={search_term_string}"},"query-input":{"@type":"PropertyValueSpecification","valueRequired":true,"valueName":"search_term_string"}}],"inLanguage":"sr-RS"},{"@type":"Person","@id":"https:\/\/balkangreenenergynews.com\/rs\/#\/schema\/person\/99dc721c46113fea22caffad06ef7317","name":"Vladimir Spasi\u0107","url":"https:\/\/balkangreenenergynews.com\/rs\/author\/vladimir-spasic\/"}]}},"_links":{"self":[{"href":"https:\/\/balkangreenenergynews.com\/rs\/wp-json\/wp\/v2\/posts\/75033","targetHints":{"allow":["GET"]}}],"collection":[{"href":"https:\/\/balkangreenenergynews.com\/rs\/wp-json\/wp\/v2\/posts"}],"about":[{"href":"https:\/\/balkangreenenergynews.com\/rs\/wp-json\/wp\/v2\/types\/post"}],"author":[{"embeddable":true,"href":"https:\/\/balkangreenenergynews.com\/rs\/wp-json\/wp\/v2\/users\/23"}],"replies":[{"embeddable":true,"href":"https:\/\/balkangreenenergynews.com\/rs\/wp-json\/wp\/v2\/comments?post=75033"}],"version-history":[{"count":0,"href":"https:\/\/balkangreenenergynews.com\/rs\/wp-json\/wp\/v2\/posts\/75033\/revisions"}],"wp:featuredmedia":[{"embeddable":true,"href":"https:\/\/balkangreenenergynews.com\/rs\/wp-json\/wp\/v2\/media\/75035"}],"wp:attachment":[{"href":"https:\/\/balkangreenenergynews.com\/rs\/wp-json\/wp\/v2\/media?parent=75033"}],"wp:term":[{"taxonomy":"category","embeddable":true,"href":"https:\/\/balkangreenenergynews.com\/rs\/wp-json\/wp\/v2\/categories?post=75033"},{"taxonomy":"post_tag","embeddable":true,"href":"https:\/\/balkangreenenergynews.com\/rs\/wp-json\/wp\/v2\/tags?post=75033"}],"curies":[{"name":"wp","href":"https:\/\/api.w.org\/{rel}","templated":true}]}}