{"id":74755,"date":"2024-11-12T15:05:06","date_gmt":"2024-11-12T14:05:06","guid":{"rendered":"https:\/\/balkangreenenergynews.com\/rs\/?p=74755"},"modified":"2024-11-12T15:05:06","modified_gmt":"2024-11-12T14:05:06","slug":"cop29-postignut-dogovor-kljucan-za-buduce-globalno-trziste-emisija","status":"publish","type":"post","link":"https:\/\/balkangreenenergynews.com\/rs\/cop29-postignut-dogovor-kljucan-za-buduce-globalno-trziste-emisija\/","title":{"rendered":"COP29: Postignut dogovor klju\u010dan za budu\u0107e globalno tr\u017ei\u0161te emisija"},"content":{"rendered":"<h2>Dr\u017eave koje u\u010destvuju na Konferenciji Ujedinjenih nacija o klimatskim promenama COP29 postigle su konsenzus o standardima za uvo\u0111enje emisionih kredita za ugljenik, u skladu sa Pariskim sporazumom iz 2015. godine. Ipak, jo\u0161 mnogo toga je ostalo da se ispregovara.<\/h2>\n<p>Nakon vi\u0161egodi\u0161njih rasprava, po\u010dinje uobli\u010davanje globalnog tr\u017ei\u0161ta kvota iliti dozvola za ispu\u0161tanje gasova s efektom staklene ba\u0161te \u2013 takozvanih emisionih jedinica ili karbonskih kredita. Prvog dana <a href=\"https:\/\/balkangreenenergynews.com\/rs\/svet-duplirao-kapacitet-solara-na-dva-teravata-za-samo-dve-godine\/\">Konferencije UN o klimatskim promenama<\/a> COP29 u Azerbejd\u017eanu, okupljene strane su se slo\u017eile oko standarda za kredite za ugljen-dioksid. Taj potez je od velikog zna\u010daja za stvaranje me\u0111unarodnog sistema za trgovanje emisijama. Postignuti konsenzus je zasnovan na odlukama iz Pariskog sporazuma o klimi, usvojenog 2015. godine.<\/p>\n<p>Tr\u017ei\u0161te sertifikata o emisijama bi nadgledale Ujedinjene nacije. &#8222;Ova alatka \u0107e napraviti preokret ka usmeravanju resursa prema zemljama u razvoju. Nakon vi\u0161e godina zastoja, u Bakuu su sada krenuli veliki koraci napred. Ali jo\u0161 mnogo toga treba ispuniti&#8220;, kazao je predsednik samita COP29 Muhtar Babajev.<\/p>\n<p>Postizanje sveobuhvatnog sporazuma o svetskom finansijskom klimatskom mehanizmu po \u010dlanu 6 Sporazuma iz Pariza otvorilo bi put ka mogu\u0107em smanjenju tro\u0161kova sprovo\u0111enja nacionalnih klimatskih planova za ukupno 250 milijardi dolara godi\u0161nje, stoji u objavi. Naime, to bi bio okvir za prekograni\u010dnu i me\u0111unarodnu saradnju.<\/p>\n<p>Samit u Bakuu se zvani\u010dno zove Konferencija strana Okvirne konvencije UN-a o klimatskim promenama (UNFCCC). Traje do 22. novembra, a prijavilo se 70.000 delegata.<\/p>\n<h3>Predsednik konferencije COP29 Babajev upozorio da se aktuelnim merama globalno zagrevanje ne\u0107e zadr\u017eati ispod tri stepena<\/h3>\n<p>U svom pozdravnom govoru, Babajev je naglasio da aktuelne i najavljene mere i propisi vode svet u katastrofalno zagrevanje od tri stepena Celzijusa. Pozvao se na poslednji izve\u0161taj Programa UN za \u017eivotnu sredinu (UNEP) o jazu izme\u0111u projektovanih emisija i neophodnog smanjenja.<\/p>\n<p>&#8222;Na putu smo u propast&#8230; Bilo da ih vidite ili ne, u senci ljudi pate. Umiru u mraku. A treba im ne\u0161to vi\u0161e od saose\u0107anja, vi\u0161e od molitvi i papirologije. Oni \u017eude za vo\u0111stvom i delovanjem. COP29 je trenutak koji se ne sme propustiti i koji mo\u017ee da za sve ljude zacrta novi put napred&#8220;, poru\u010dio je delegatima \u0161ef konferencije. Babajev je i azerbejd\u017eanski ministar ekologije i prirodnih resursa.<\/p>\n<p>Predsedni\u0161tvo samita je saop\u0161tilo da je ove godine prioritet da se ispregovara potpuna operacionalizacija \u010dlana 6. Pomenuti dogovor u na\u010delu obuhvata \u010dlan 6.4, o okviru za tr\u017ei\u0161te potvrda o emisijama ugljen-dioksida i drugih gasova \u0161tetnih za klimu. \u0160to se ti\u010de celokupnog globalnog finansijskog klimatskog sistema, zamisao je da se investicije usmere u zemlje u razvoju. Cilj je usredsre\u0111ivanje na one mere za ubla\u017eavanje klimatskih promena za koje \u0107e tro\u0161kovi biti najni\u017ei.<\/p>\n<blockquote><p>Standardi za emisione tr\u017ei\u0161ne kredite treba da budu garancija da je smanjenje i uklanjanje koli\u010dina ispu\u0161tenih gasova stvarno, verifikovano i merljivo<\/p><\/blockquote>\n<p>&#8222;Znamo da se potrebe mere u bilionima&#8220;, rekao je Babajev, pritom priznaju\u0107i da postoje nesuglasice oko na\u010dina da se do novca do\u0111e. Dodao je da se \u010dini da se realisti\u010dan cilj po pitanju iznosa kojeg javni sektor mo\u017ee da obezbedi i mobili\u0161e meri u stotinama milijardi. &#8222;Iako ovi brojevi zvu\u010de veliki, to nije ni\u0161ta u pore\u0111enju s tro\u0161kovima nedelovanja. Ove investicije se isplate&#8220;, istakao je glavni klimatski pregovara\u010d.<\/p>\n<h3>Globalne dozvole za emisije bi zemljama, firmama dale pristup \u0161irokom arsenalu mera za dekarbonizaciju<\/h3>\n<p>Postoje brojne forme dozvola ili kreditnih jedinica za emisije, a svaka obi\u010dno va\u017ei za jednu tonu CO2 ili ekvivalenta CO2 za neki od ostalih gasova sa efektom staklene ba\u0161te. Sistemi naplate postoje u Evropskoj uniji, Velikoj Britaniji, Kini, na Novom Zelandu i u drugim dr\u017eavama.<\/p>\n<p>Standardi za kvote za ugljen-dioksid treba da garantuju visok integritet tr\u017ei\u0161ta i u\u010dine smanjenje i uklanjanje koli\u010dina ispu\u0161tenih gasova stvarnima, verifikovanima i merljivima. Emisije mogu da se napla\u0107uju kroz mehanizme me\u0111u kojima su aukcije, porezi i poreske olak\u0161ice, po\u0161umljavanje, sekvestracija CO2 iz zemlji\u0161ta i hvatanje, upotreba i skladi\u0161tenje ugljenika (CCS ili CCUS).<\/p>\n<p>Dr\u017eave, kompanije i drugi entiteti bi na me\u0111unarodnom tr\u017ei\u0161tu kupovali sertifikate i usluge za smanjenje ili kompenzovanje njihovih emisija.<\/p>\n<p>Klimatska akcija je &#8222;najva\u017enija trka u na\u0161em \u017eivotu&#8220;, podvukao je Babajev.<\/p>\n<h3>Klimatsko finansiranje nije milostinja<\/h3>\n<p>Usvajanje ambicioznih novih ciljeva u domenu klimatskog finansiranja je u interesu svake dr\u017eave, uklju\u010duju\u0107i one najve\u0107e i najbogatije, naveo je izvr\u0161ni sekretar UNFCCC-a Sajmon Stil. &#8222;Kad barem dve tre\u0107ine dr\u017eava sveta ne mo\u017ee da priu\u0161ti hitro smanjenje emisija, onda svaka dr\u017eava pla\u0107a brutalnu cenu. Stoga odbacimo svaku pomisao da je klimatsko finansiranje milostinja&#8220;, izjavio je.<\/p>\n<p>Me\u0111utim, ukoliko <a href=\"https:\/\/balkangreenenergynews.com\/rs\/novoizabrani-predsednik-donald-tramp-sprema-ponovno-istupanje-sad-iz-pariskog-sporazuma\/\">novoizabrani predsednik Sjedinjenih Dr\u017eava Donald Tramp<\/a> povu\u010de potpis svoje dr\u017eave sa Pariskog sporazuma \u2013 ponovo \u2013 to \u0107e verovatno ograni\u010diti mogu\u0107nost napretka na polju obuzdavanja klimatskih promena i prilago\u0111avanju na njihove posledice.<\/p>\n","protected":false},"excerpt":{"rendered":"<p>Dr\u017eave koje u\u010destvuju na konferenciji COP29 postigle su konsenzus o standardima za uvo\u0111enje emisionih kredita za emisije ugljenika<\/p>\n","protected":false},"author":27,"featured_media":74783,"comment_status":"open","ping_status":"open","sticky":false,"template":"","format":"standard","meta":{"_acf_changed":false,"_monsterinsights_skip_tracking":false,"_monsterinsights_sitenote_active":false,"_monsterinsights_sitenote_note":"","_monsterinsights_sitenote_category":0,"footnotes":""},"categories":[5909,4],"tags":[6727,7092,3279,6828,3537,883,6730,6415,766,4750,6609,6893,3304,5921],"class_list":["post-74755","post","type-post","status-publish","format-standard","has-post-thumbnail","hentry","category-klimatske-promene","category-zivotna-sredina","tag-ccs","tag-cop29","tag-dekarbonizacija","tag-ets","tag-eu-ets","tag-globalno-zagrevanje","tag-hvatanje-i-skladistenje-ugljenika","tag-izjava-dana","tag-klimatske-promene","tag-prikupljanje-i-skladistenje-co2","tag-sekvestracija-ugljenika","tag-sistem-za-trgovanje-emisijama","tag-sistem-za-trgovanje-emisijama-eu","tag-zivotna-sredina","country-svet"],"acf":[],"yoast_head":"<!-- This site is optimized with the Yoast SEO plugin v27.4 - https:\/\/yoast.com\/product\/yoast-seo-wordpress\/ -->\n<title>COP29: Postignut dogovor klju\u010dan za budu\u0107e globalno tr\u017ei\u0161te emisija<\/title>\n<meta name=\"description\" content=\"Dr\u017eave koje u\u010destvuju na konferenciji COP29 postigle su konsenzus o standardima za uvo\u0111enje emisionih kredita za emisije ugljenika.\" \/>\n<meta name=\"robots\" content=\"index, follow, max-snippet:-1, max-image-preview:large, max-video-preview:-1\" \/>\n<link rel=\"canonical\" href=\"https:\/\/balkangreenenergynews.com\/rs\/cop29-postignut-dogovor-kljucan-za-buduce-globalno-trziste-emisija\/\" \/>\n<meta property=\"og:locale\" content=\"sr_RS\" \/>\n<meta property=\"og:type\" content=\"article\" \/>\n<meta property=\"og:title\" content=\"COP29: Postignut dogovor klju\u010dan za budu\u0107e globalno tr\u017ei\u0161te emisija\" \/>\n<meta property=\"og:description\" content=\"Dr\u017eave koje u\u010destvuju na konferenciji COP29 postigle su konsenzus o standardima za uvo\u0111enje emisionih kredita za emisije ugljenika.\" \/>\n<meta property=\"og:url\" content=\"https:\/\/balkangreenenergynews.com\/rs\/cop29-postignut-dogovor-kljucan-za-buduce-globalno-trziste-emisija\/\" \/>\n<meta property=\"og:site_name\" content=\"Balkan Green Energy News\" \/>\n<meta property=\"article:published_time\" content=\"2024-11-12T14:05:06+00:00\" \/>\n<meta property=\"og:image\" content=\"https:\/\/balkangreenenergynews.com\/rs\/wp-content\/uploads\/2024\/11\/COP29-dogovor-kljucan-buduce-globalno-trziste-emisija.jpg?wsr\" \/>\n\t<meta property=\"og:image:width\" content=\"840\" \/>\n\t<meta property=\"og:image:height\" content=\"430\" \/>\n\t<meta property=\"og:image:type\" content=\"image\/jpeg\" \/>\n<meta name=\"author\" content=\"Igor Todorovi\u0107\" \/>\n<meta name=\"twitter:card\" content=\"summary_large_image\" \/>\n<meta name=\"twitter:label1\" content=\"\u041d\u0430\u043f\u0438\u0441\u0430\u043d\u043e \u043e\u0434\" \/>\n\t<meta name=\"twitter:data1\" content=\"Igor Todorovi\u0107\" \/>\n\t<meta name=\"twitter:label2\" content=\"\u041f\u0440\u043e\u0446\u0435\u045a\u0435\u043d\u043e \u0432\u0440\u0435\u043c\u0435 \u0447\u0438\u0442\u0430\u045a\u0430\" \/>\n\t<meta name=\"twitter:data2\" content=\"5 \u043c\u0438\u043d\u0443\u0442\u0430\" \/>\n<script type=\"application\/ld+json\" class=\"yoast-schema-graph\">{\"@context\":\"https:\\\/\\\/schema.org\",\"@graph\":[{\"@type\":\"Article\",\"@id\":\"https:\\\/\\\/balkangreenenergynews.com\\\/rs\\\/cop29-postignut-dogovor-kljucan-za-buduce-globalno-trziste-emisija\\\/#article\",\"isPartOf\":{\"@id\":\"https:\\\/\\\/balkangreenenergynews.com\\\/rs\\\/cop29-postignut-dogovor-kljucan-za-buduce-globalno-trziste-emisija\\\/\"},\"author\":{\"name\":\"Igor Todorovi\u0107\",\"@id\":\"https:\\\/\\\/balkangreenenergynews.com\\\/rs\\\/#\\\/schema\\\/person\\\/d8f80a244c4e9f2b55e4f6968c253246\"},\"headline\":\"COP29: Postignut dogovor klju\u010dan za budu\u0107e globalno tr\u017ei\u0161te emisija\",\"datePublished\":\"2024-11-12T14:05:06+00:00\",\"mainEntityOfPage\":{\"@id\":\"https:\\\/\\\/balkangreenenergynews.com\\\/rs\\\/cop29-postignut-dogovor-kljucan-za-buduce-globalno-trziste-emisija\\\/\"},\"wordCount\":847,\"commentCount\":0,\"image\":{\"@id\":\"https:\\\/\\\/balkangreenenergynews.com\\\/rs\\\/cop29-postignut-dogovor-kljucan-za-buduce-globalno-trziste-emisija\\\/#primaryimage\"},\"thumbnailUrl\":\"https:\\\/\\\/balkangreenenergynews.com\\\/rs\\\/wp-content\\\/uploads\\\/2024\\\/11\\\/COP29-dogovor-kljucan-buduce-globalno-trziste-emisija.jpg?wsr\",\"keywords\":[\"CCS\",\"COP29\",\"dekarbonizacija\",\"ETS\",\"EU ETS\",\"globalno zagrevanje\",\"hvatanje i skladi\u0161tenje ugljenika\",\"Izjava dana\",\"klimatske promene\",\"prikupljanje i skladi\u0161tenje CO2\",\"sekvestracija ugljenika\",\"sistem za trgovanje emisijama\",\"Sistem za trgovanje emisijama EU\",\"\u017eivotna sredina\"],\"articleSection\":[\"Klimatske promene\",\"\u017divotna sredina\"],\"inLanguage\":\"sr-RS\",\"potentialAction\":[{\"@type\":\"CommentAction\",\"name\":\"Comment\",\"target\":[\"https:\\\/\\\/balkangreenenergynews.com\\\/rs\\\/cop29-postignut-dogovor-kljucan-za-buduce-globalno-trziste-emisija\\\/#respond\"]}]},{\"@type\":\"WebPage\",\"@id\":\"https:\\\/\\\/balkangreenenergynews.com\\\/rs\\\/cop29-postignut-dogovor-kljucan-za-buduce-globalno-trziste-emisija\\\/\",\"url\":\"https:\\\/\\\/balkangreenenergynews.com\\\/rs\\\/cop29-postignut-dogovor-kljucan-za-buduce-globalno-trziste-emisija\\\/\",\"name\":\"COP29: Postignut dogovor klju\u010dan za budu\u0107e globalno tr\u017ei\u0161te emisija\",\"isPartOf\":{\"@id\":\"https:\\\/\\\/balkangreenenergynews.com\\\/rs\\\/#website\"},\"primaryImageOfPage\":{\"@id\":\"https:\\\/\\\/balkangreenenergynews.com\\\/rs\\\/cop29-postignut-dogovor-kljucan-za-buduce-globalno-trziste-emisija\\\/#primaryimage\"},\"image\":{\"@id\":\"https:\\\/\\\/balkangreenenergynews.com\\\/rs\\\/cop29-postignut-dogovor-kljucan-za-buduce-globalno-trziste-emisija\\\/#primaryimage\"},\"thumbnailUrl\":\"https:\\\/\\\/balkangreenenergynews.com\\\/rs\\\/wp-content\\\/uploads\\\/2024\\\/11\\\/COP29-dogovor-kljucan-buduce-globalno-trziste-emisija.jpg?wsr\",\"datePublished\":\"2024-11-12T14:05:06+00:00\",\"author\":{\"@id\":\"https:\\\/\\\/balkangreenenergynews.com\\\/rs\\\/#\\\/schema\\\/person\\\/d8f80a244c4e9f2b55e4f6968c253246\"},\"description\":\"Dr\u017eave koje u\u010destvuju na konferenciji COP29 postigle su konsenzus o standardima za uvo\u0111enje emisionih kredita za emisije ugljenika.\",\"breadcrumb\":{\"@id\":\"https:\\\/\\\/balkangreenenergynews.com\\\/rs\\\/cop29-postignut-dogovor-kljucan-za-buduce-globalno-trziste-emisija\\\/#breadcrumb\"},\"inLanguage\":\"sr-RS\",\"potentialAction\":[{\"@type\":\"ReadAction\",\"target\":[\"https:\\\/\\\/balkangreenenergynews.com\\\/rs\\\/cop29-postignut-dogovor-kljucan-za-buduce-globalno-trziste-emisija\\\/\"]}]},{\"@type\":\"ImageObject\",\"inLanguage\":\"sr-RS\",\"@id\":\"https:\\\/\\\/balkangreenenergynews.com\\\/rs\\\/cop29-postignut-dogovor-kljucan-za-buduce-globalno-trziste-emisija\\\/#primaryimage\",\"url\":\"https:\\\/\\\/balkangreenenergynews.com\\\/rs\\\/wp-content\\\/uploads\\\/2024\\\/11\\\/COP29-dogovor-kljucan-buduce-globalno-trziste-emisija.jpg?wsr\",\"contentUrl\":\"https:\\\/\\\/balkangreenenergynews.com\\\/rs\\\/wp-content\\\/uploads\\\/2024\\\/11\\\/COP29-dogovor-kljucan-buduce-globalno-trziste-emisija.jpg?wsr\",\"width\":840,\"height\":430,\"caption\":\"COP29 dogovor kljucan buduce globalno trziste emisija\"},{\"@type\":\"BreadcrumbList\",\"@id\":\"https:\\\/\\\/balkangreenenergynews.com\\\/rs\\\/cop29-postignut-dogovor-kljucan-za-buduce-globalno-trziste-emisija\\\/#breadcrumb\",\"itemListElement\":[{\"@type\":\"ListItem\",\"position\":1,\"name\":\"Po\u010detna\",\"item\":\"https:\\\/\\\/balkangreenenergynews.com\\\/rs\\\/\"},{\"@type\":\"ListItem\",\"position\":2,\"name\":\"Klimatske promene\",\"item\":\"https:\\\/\\\/balkangreenenergynews.com\\\/rs\\\/kategorija\\\/klimatske-promene\\\/\"},{\"@type\":\"ListItem\",\"position\":3,\"name\":\"COP29: Postignut dogovor klju\u010dan za budu\u0107e globalno tr\u017ei\u0161te emisija\"}]},{\"@type\":\"WebSite\",\"@id\":\"https:\\\/\\\/balkangreenenergynews.com\\\/rs\\\/#website\",\"url\":\"https:\\\/\\\/balkangreenenergynews.com\\\/rs\\\/\",\"name\":\"Balkan Green Energy News\",\"description\":\"Naj\u0161iri izbor vesti sa Balkana o zelenoj energiji\",\"potentialAction\":[{\"@type\":\"SearchAction\",\"target\":{\"@type\":\"EntryPoint\",\"urlTemplate\":\"https:\\\/\\\/balkangreenenergynews.com\\\/rs\\\/?s={search_term_string}\"},\"query-input\":{\"@type\":\"PropertyValueSpecification\",\"valueRequired\":true,\"valueName\":\"search_term_string\"}}],\"inLanguage\":\"sr-RS\"},{\"@type\":\"Person\",\"@id\":\"https:\\\/\\\/balkangreenenergynews.com\\\/rs\\\/#\\\/schema\\\/person\\\/d8f80a244c4e9f2b55e4f6968c253246\",\"name\":\"Igor Todorovi\u0107\",\"url\":\"https:\\\/\\\/balkangreenenergynews.com\\\/rs\\\/author\\\/igor-todorovic\\\/\"}]}<\/script>\n<!-- \/ Yoast SEO plugin. -->","yoast_head_json":{"title":"COP29: Postignut dogovor klju\u010dan za budu\u0107e globalno tr\u017ei\u0161te emisija","description":"Dr\u017eave koje u\u010destvuju na konferenciji COP29 postigle su konsenzus o standardima za uvo\u0111enje emisionih kredita za emisije ugljenika.","robots":{"index":"index","follow":"follow","max-snippet":"max-snippet:-1","max-image-preview":"max-image-preview:large","max-video-preview":"max-video-preview:-1"},"canonical":"https:\/\/balkangreenenergynews.com\/rs\/cop29-postignut-dogovor-kljucan-za-buduce-globalno-trziste-emisija\/","og_locale":"sr_RS","og_type":"article","og_title":"COP29: Postignut dogovor klju\u010dan za budu\u0107e globalno tr\u017ei\u0161te emisija","og_description":"Dr\u017eave koje u\u010destvuju na konferenciji COP29 postigle su konsenzus o standardima za uvo\u0111enje emisionih kredita za emisije ugljenika.","og_url":"https:\/\/balkangreenenergynews.com\/rs\/cop29-postignut-dogovor-kljucan-za-buduce-globalno-trziste-emisija\/","og_site_name":"Balkan Green Energy News","article_published_time":"2024-11-12T14:05:06+00:00","og_image":[{"width":840,"height":430,"url":"https:\/\/balkangreenenergynews.com\/rs\/wp-content\/uploads\/2024\/11\/COP29-dogovor-kljucan-buduce-globalno-trziste-emisija.jpg?wsr","type":"image\/jpeg"}],"author":"Igor Todorovi\u0107","twitter_card":"summary_large_image","twitter_misc":{"\u041d\u0430\u043f\u0438\u0441\u0430\u043d\u043e \u043e\u0434":"Igor Todorovi\u0107","\u041f\u0440\u043e\u0446\u0435\u045a\u0435\u043d\u043e \u0432\u0440\u0435\u043c\u0435 \u0447\u0438\u0442\u0430\u045a\u0430":"5 \u043c\u0438\u043d\u0443\u0442\u0430"},"schema":{"@context":"https:\/\/schema.org","@graph":[{"@type":"Article","@id":"https:\/\/balkangreenenergynews.com\/rs\/cop29-postignut-dogovor-kljucan-za-buduce-globalno-trziste-emisija\/#article","isPartOf":{"@id":"https:\/\/balkangreenenergynews.com\/rs\/cop29-postignut-dogovor-kljucan-za-buduce-globalno-trziste-emisija\/"},"author":{"name":"Igor Todorovi\u0107","@id":"https:\/\/balkangreenenergynews.com\/rs\/#\/schema\/person\/d8f80a244c4e9f2b55e4f6968c253246"},"headline":"COP29: Postignut dogovor klju\u010dan za budu\u0107e globalno tr\u017ei\u0161te emisija","datePublished":"2024-11-12T14:05:06+00:00","mainEntityOfPage":{"@id":"https:\/\/balkangreenenergynews.com\/rs\/cop29-postignut-dogovor-kljucan-za-buduce-globalno-trziste-emisija\/"},"wordCount":847,"commentCount":0,"image":{"@id":"https:\/\/balkangreenenergynews.com\/rs\/cop29-postignut-dogovor-kljucan-za-buduce-globalno-trziste-emisija\/#primaryimage"},"thumbnailUrl":"https:\/\/balkangreenenergynews.com\/rs\/wp-content\/uploads\/2024\/11\/COP29-dogovor-kljucan-buduce-globalno-trziste-emisija.jpg?wsr","keywords":["CCS","COP29","dekarbonizacija","ETS","EU ETS","globalno zagrevanje","hvatanje i skladi\u0161tenje ugljenika","Izjava dana","klimatske promene","prikupljanje i skladi\u0161tenje CO2","sekvestracija ugljenika","sistem za trgovanje emisijama","Sistem za trgovanje emisijama EU","\u017eivotna sredina"],"articleSection":["Klimatske promene","\u017divotna sredina"],"inLanguage":"sr-RS","potentialAction":[{"@type":"CommentAction","name":"Comment","target":["https:\/\/balkangreenenergynews.com\/rs\/cop29-postignut-dogovor-kljucan-za-buduce-globalno-trziste-emisija\/#respond"]}]},{"@type":"WebPage","@id":"https:\/\/balkangreenenergynews.com\/rs\/cop29-postignut-dogovor-kljucan-za-buduce-globalno-trziste-emisija\/","url":"https:\/\/balkangreenenergynews.com\/rs\/cop29-postignut-dogovor-kljucan-za-buduce-globalno-trziste-emisija\/","name":"COP29: Postignut dogovor klju\u010dan za budu\u0107e globalno tr\u017ei\u0161te emisija","isPartOf":{"@id":"https:\/\/balkangreenenergynews.com\/rs\/#website"},"primaryImageOfPage":{"@id":"https:\/\/balkangreenenergynews.com\/rs\/cop29-postignut-dogovor-kljucan-za-buduce-globalno-trziste-emisija\/#primaryimage"},"image":{"@id":"https:\/\/balkangreenenergynews.com\/rs\/cop29-postignut-dogovor-kljucan-za-buduce-globalno-trziste-emisija\/#primaryimage"},"thumbnailUrl":"https:\/\/balkangreenenergynews.com\/rs\/wp-content\/uploads\/2024\/11\/COP29-dogovor-kljucan-buduce-globalno-trziste-emisija.jpg?wsr","datePublished":"2024-11-12T14:05:06+00:00","author":{"@id":"https:\/\/balkangreenenergynews.com\/rs\/#\/schema\/person\/d8f80a244c4e9f2b55e4f6968c253246"},"description":"Dr\u017eave koje u\u010destvuju na konferenciji COP29 postigle su konsenzus o standardima za uvo\u0111enje emisionih kredita za emisije ugljenika.","breadcrumb":{"@id":"https:\/\/balkangreenenergynews.com\/rs\/cop29-postignut-dogovor-kljucan-za-buduce-globalno-trziste-emisija\/#breadcrumb"},"inLanguage":"sr-RS","potentialAction":[{"@type":"ReadAction","target":["https:\/\/balkangreenenergynews.com\/rs\/cop29-postignut-dogovor-kljucan-za-buduce-globalno-trziste-emisija\/"]}]},{"@type":"ImageObject","inLanguage":"sr-RS","@id":"https:\/\/balkangreenenergynews.com\/rs\/cop29-postignut-dogovor-kljucan-za-buduce-globalno-trziste-emisija\/#primaryimage","url":"https:\/\/balkangreenenergynews.com\/rs\/wp-content\/uploads\/2024\/11\/COP29-dogovor-kljucan-buduce-globalno-trziste-emisija.jpg?wsr","contentUrl":"https:\/\/balkangreenenergynews.com\/rs\/wp-content\/uploads\/2024\/11\/COP29-dogovor-kljucan-buduce-globalno-trziste-emisija.jpg?wsr","width":840,"height":430,"caption":"COP29 dogovor kljucan buduce globalno trziste emisija"},{"@type":"BreadcrumbList","@id":"https:\/\/balkangreenenergynews.com\/rs\/cop29-postignut-dogovor-kljucan-za-buduce-globalno-trziste-emisija\/#breadcrumb","itemListElement":[{"@type":"ListItem","position":1,"name":"Po\u010detna","item":"https:\/\/balkangreenenergynews.com\/rs\/"},{"@type":"ListItem","position":2,"name":"Klimatske promene","item":"https:\/\/balkangreenenergynews.com\/rs\/kategorija\/klimatske-promene\/"},{"@type":"ListItem","position":3,"name":"COP29: Postignut dogovor klju\u010dan za budu\u0107e globalno tr\u017ei\u0161te emisija"}]},{"@type":"WebSite","@id":"https:\/\/balkangreenenergynews.com\/rs\/#website","url":"https:\/\/balkangreenenergynews.com\/rs\/","name":"Balkan Green Energy News","description":"Naj\u0161iri izbor vesti sa Balkana o zelenoj energiji","potentialAction":[{"@type":"SearchAction","target":{"@type":"EntryPoint","urlTemplate":"https:\/\/balkangreenenergynews.com\/rs\/?s={search_term_string}"},"query-input":{"@type":"PropertyValueSpecification","valueRequired":true,"valueName":"search_term_string"}}],"inLanguage":"sr-RS"},{"@type":"Person","@id":"https:\/\/balkangreenenergynews.com\/rs\/#\/schema\/person\/d8f80a244c4e9f2b55e4f6968c253246","name":"Igor Todorovi\u0107","url":"https:\/\/balkangreenenergynews.com\/rs\/author\/igor-todorovic\/"}]}},"_links":{"self":[{"href":"https:\/\/balkangreenenergynews.com\/rs\/wp-json\/wp\/v2\/posts\/74755","targetHints":{"allow":["GET"]}}],"collection":[{"href":"https:\/\/balkangreenenergynews.com\/rs\/wp-json\/wp\/v2\/posts"}],"about":[{"href":"https:\/\/balkangreenenergynews.com\/rs\/wp-json\/wp\/v2\/types\/post"}],"author":[{"embeddable":true,"href":"https:\/\/balkangreenenergynews.com\/rs\/wp-json\/wp\/v2\/users\/27"}],"replies":[{"embeddable":true,"href":"https:\/\/balkangreenenergynews.com\/rs\/wp-json\/wp\/v2\/comments?post=74755"}],"version-history":[{"count":0,"href":"https:\/\/balkangreenenergynews.com\/rs\/wp-json\/wp\/v2\/posts\/74755\/revisions"}],"wp:featuredmedia":[{"embeddable":true,"href":"https:\/\/balkangreenenergynews.com\/rs\/wp-json\/wp\/v2\/media\/74783"}],"wp:attachment":[{"href":"https:\/\/balkangreenenergynews.com\/rs\/wp-json\/wp\/v2\/media?parent=74755"}],"wp:term":[{"taxonomy":"category","embeddable":true,"href":"https:\/\/balkangreenenergynews.com\/rs\/wp-json\/wp\/v2\/categories?post=74755"},{"taxonomy":"post_tag","embeddable":true,"href":"https:\/\/balkangreenenergynews.com\/rs\/wp-json\/wp\/v2\/tags?post=74755"}],"curies":[{"name":"wp","href":"https:\/\/api.w.org\/{rel}","templated":true}]}}