{"id":74697,"date":"2024-11-08T17:14:51","date_gmt":"2024-11-08T16:14:51","guid":{"rendered":"https:\/\/balkangreenenergynews.com\/rs\/?p=74697"},"modified":"2024-11-08T17:14:51","modified_gmt":"2024-11-08T16:14:51","slug":"slovenija-usvojila-prostorni-plan-za-vetropark-ojstrica-uprkos-protivljenju-gradjana","status":"publish","type":"post","link":"https:\/\/balkangreenenergynews.com\/rs\/slovenija-usvojila-prostorni-plan-za-vetropark-ojstrica-uprkos-protivljenju-gradjana\/","title":{"rendered":"Slovenija usvojila prostorni plan za vetropark Ojstrica uprkos protivljenju gra\u0111ana"},"content":{"rendered":"<h2>Vlada Slovenije je za projekat vetroelektrane Ojstrica usvojila prostorni plan na nacionalnom nivou. Lokalna samouprava i stanovnici mu se i dalje protive zbog zabrinutosti za stani\u0161te ptica i akvifer sa rezervama vode i zbog buke i blizine turbina stambenim objektima.<\/h2>\n<p><a href=\"https:\/\/balkangreenenergynews.com\/rs\/slovenacka-vlada-odbila-zahtev-za-gradnju-prvog-vetroparka-u-zemlji\/\">Poduga\u010dka procedura,<\/a> strogi ekolo\u0161ki propisi i otpor na lokalnom nivou zadr\u017eavaju Sloveniju pri dnu tabele nacionalnih kapaciteta energije vetra u Evropskoj uniji. U ovoj zemlji su izgra\u0111ene samo tri turbine, svaka za sebe, a Dravske elektrarne Maribor (DEM) su <a href=\"https:\/\/balkangreenenergynews.com\/rs\/pocinje-izgradnja-cetvrte-vetroturbine-u-sloveniji-objavio-drzavni-dem\/\">ugovorile postavljanje \u010detvrte.<\/a> Taj dr\u017eavni operater hidroelektrana se tako\u0111e mu\u010di sa sprovo\u0111enjem svog projekta vetroparka Ojstrica, za kojeg je vlada upravo usvojila prostorni plan na nacionalnom nivou.<\/p>\n<p>Kompanija namerava da na padinama planine Ko\u0161enjak kod Dravograda instalira tri vetroturbine. O\u010dekuje da \u0107e to postrojenje od 19,8 megavata pustiti u rad po\u010detkom 2028. godine. U originalnom planu je bilo osam ma\u0161ina, ali DEM ga je revidirao da bi sa\u010duvao stani\u0161te velikog tetreba (Tetrao urogallus).<\/p>\n<p>Me\u0111utim, lokalna grupa koja se protivi projektu upozorava i na posledice niskofrekventne buke. Slovenija nije propisala minimalnu udaljenost vetroturbina od stambenih objekata, dodaju u inicijativi, izra\u017eavaju\u0107i zabrinutost za zdravlje i \u017eivotnu sredinu.<\/p>\n<p>\u0160tavi\u0161e, \u017eupan odnosno na\u010delnik Dravograda Anton Preksavec izjavio je da su rezerve pitke vode u opasnosti od zaga\u0111ivanja. Kako stoji u hidrogeolo\u0161koj studiji javnog komunalnog preduze\u0107a Dravograd, moglo bi da do\u0111e do probijanja lokalnog plitkog izdana-akvifera. Najve\u0107i problem je izgradnja i pro\u0161irenje pristupnih puteva, pi\u0161e u dokumentu. &#8222;Rizik je prevelik&#8220;, naglasio je Preksavec.<\/p>\n<h3>Ministarstvo negiralo da je odluku objavilo na mestu na vebsajtu koje nije lako na\u0107i<\/h3>\n<p>Ministarstvo za okolinu, klimu i energetiku odobrilo je 13. juna ekolo\u0161ku dokumentaciju za vetropark Ojstrica. Predstavnici lokalne aktivisti\u010dke inicijative u Dravogradu propustili su rok za \u017ealbe. Optu\u017eili su ministarstvo da je odluku namerno objavilo na mestu na sajtu koje se te\u0161ko prona\u0111e i objasnili da su je uo\u010dili tek tri meseca kasnije.<\/p>\n<blockquote><p>\u017dupan Anton Preksavec upozorava da bi izgradnja pristupnih puteva mogla da na\u0161kodi plitkom akviferu<\/p><\/blockquote>\n<p>Ali postupak nije gotov: Ova grupa se \u017ealila, pa \u010dak i dopunila \u017ealbu na zahtev ministarstva, a ono pritom pori\u010de navedene tvrdnje.<\/p>\n<p>Tea Lubej iz inicijative ukazala je na, osim ostalih pitanja, nedostatak odredbe o minimalnom razmaku te na protivljenje projektu \u010dak i vlasnik\u00e2 obuhva\u0107enog zemlji\u0161ta. Dodala je da ona nije protiv vetroparkova i da takvi projekti moraju da se rade na &#8222;zdravim osnovama&#8220;.<\/p>\n<p>DEM posluje u okviru Holdinga Slovenske elektrarne \u2013 HSE.<\/p>\n<h3>Sporovi oko projekata vetroelektrana sve \u010de\u0161\u0107i u Jugoisto\u010dnoj Evropi<\/h3>\n<p>\u0160to se ti\u010de ostatka regiona kojeg pokriva Balkan Green Energy News, developeri u segmentu vetroparkova se u poslednje vreme suo\u010davaju sa ekolo\u0161kim i drugim protestima. Sporovi su zabele\u017eeni <a href=\"https:\/\/balkangreenenergynews.com\/rs\/oboren-projekat-vetroelektrane-orlovaca-u-bosni-i-hercegovini\/\">u Bugarskoj, Bosni i Hercegovini,<\/a> Srbiji i Crnoj Gori. Osim toga, u Rumuniji je i <a href=\"https:\/\/balkangreenenergynews.com\/rs\/zastitnici-ptica-u-rumuniji-blokirali-izgradnju-jednog-od-najvecih-projekata-solarnih-elektrana-u-evropi\/\">jedan od najve\u0107ih projekata solarnih elektrana u Evropi<\/a> blokiran zbog zabrinutosti za ptice.<\/p>\n<p>S druge strane, u Gr\u010dkoj i Turskoj su negodovanje i otpor lokalaca i aktivista u Gr\u010dkoj i Turskoj redovna pojava ve\u0107 vi\u0161e godina.<\/p>\n","protected":false},"excerpt":{"rendered":"<p>Vlada Slovenije je odobrila prostorni plan za vetroelektranu Ojstrica, a lokalno stanovni\u0161tvo i op\u0161tina su i dalje protiv tog projekta<\/p>\n","protected":false},"author":27,"featured_media":74703,"comment_status":"open","ping_status":"open","sticky":false,"template":"","format":"standard","meta":{"_acf_changed":false,"_monsterinsights_skip_tracking":false,"_monsterinsights_sitenote_active":false,"_monsterinsights_sitenote_note":"","_monsterinsights_sitenote_category":0,"footnotes":""},"categories":[5253,504,1,6,4],"tags":[1739,6120,669,647,2341,4993,5921],"class_list":["post-74697","post","type-post","status-publish","format-standard","has-post-thumbnail","hentry","category-biodiverzitet","category-elektricna-energija","category-obnovljivi-izvori-energije","category-voda","category-zivotna-sredina","tag-biodiverzitet","tag-dravske-elektrarne-maribor","tag-elektricna-energija","tag-obnovljivi-izvori-energije","tag-vetroelektrane","tag-voda","tag-zivotna-sredina","country-slovenija"],"acf":[],"yoast_head":"<!-- This site is optimized with the Yoast SEO plugin v27.4 - https:\/\/yoast.com\/product\/yoast-seo-wordpress\/ -->\n<title>Slovenija usvojila prostorni plan za vetropark Ojstrica uprkos protivljenju gra\u0111ana<\/title>\n<meta name=\"description\" content=\"Vlada Slovenije je odobrila prostorni plan za vetroelektranu Ojstrica, a lokalno stanovni\u0161tvo i op\u0161tina su i dalje protiv tog projekta.\" \/>\n<meta name=\"robots\" content=\"index, follow, max-snippet:-1, max-image-preview:large, max-video-preview:-1\" \/>\n<link rel=\"canonical\" href=\"https:\/\/balkangreenenergynews.com\/rs\/slovenija-usvojila-prostorni-plan-za-vetropark-ojstrica-uprkos-protivljenju-gradjana\/\" \/>\n<meta property=\"og:locale\" content=\"sr_RS\" \/>\n<meta property=\"og:type\" content=\"article\" \/>\n<meta property=\"og:title\" content=\"Slovenija usvojila prostorni plan za vetropark Ojstrica uprkos protivljenju gra\u0111ana\" \/>\n<meta property=\"og:description\" content=\"Vlada Slovenije je odobrila prostorni plan za vetroelektranu Ojstrica, a lokalno stanovni\u0161tvo i op\u0161tina su i dalje protiv tog projekta.\" \/>\n<meta property=\"og:url\" content=\"https:\/\/balkangreenenergynews.com\/rs\/slovenija-usvojila-prostorni-plan-za-vetropark-ojstrica-uprkos-protivljenju-gradjana\/\" \/>\n<meta property=\"og:site_name\" content=\"Balkan Green Energy News\" \/>\n<meta property=\"article:published_time\" content=\"2024-11-08T16:14:51+00:00\" \/>\n<meta property=\"og:image\" content=\"https:\/\/balkangreenenergynews.com\/rs\/wp-content\/uploads\/2024\/11\/Slovenija-prostorni-plan-vetropark-Ojstrica-protivljenju-gradana-gradjana.jpg?wsr\" \/>\n\t<meta property=\"og:image:width\" content=\"840\" \/>\n\t<meta property=\"og:image:height\" content=\"430\" \/>\n\t<meta property=\"og:image:type\" content=\"image\/jpeg\" \/>\n<meta name=\"author\" content=\"Igor Todorovi\u0107\" \/>\n<meta name=\"twitter:card\" content=\"summary_large_image\" \/>\n<meta name=\"twitter:label1\" content=\"\u041d\u0430\u043f\u0438\u0441\u0430\u043d\u043e \u043e\u0434\" \/>\n\t<meta name=\"twitter:data1\" content=\"Igor Todorovi\u0107\" \/>\n\t<meta name=\"twitter:label2\" content=\"\u041f\u0440\u043e\u0446\u0435\u045a\u0435\u043d\u043e \u0432\u0440\u0435\u043c\u0435 \u0447\u0438\u0442\u0430\u045a\u0430\" \/>\n\t<meta name=\"twitter:data2\" content=\"3 \u043c\u0438\u043d\u0443\u0442\u0430\" \/>\n<script type=\"application\/ld+json\" class=\"yoast-schema-graph\">{\"@context\":\"https:\\\/\\\/schema.org\",\"@graph\":[{\"@type\":\"Article\",\"@id\":\"https:\\\/\\\/balkangreenenergynews.com\\\/rs\\\/slovenija-usvojila-prostorni-plan-za-vetropark-ojstrica-uprkos-protivljenju-gradjana\\\/#article\",\"isPartOf\":{\"@id\":\"https:\\\/\\\/balkangreenenergynews.com\\\/rs\\\/slovenija-usvojila-prostorni-plan-za-vetropark-ojstrica-uprkos-protivljenju-gradjana\\\/\"},\"author\":{\"name\":\"Igor Todorovi\u0107\",\"@id\":\"https:\\\/\\\/balkangreenenergynews.com\\\/rs\\\/#\\\/schema\\\/person\\\/d8f80a244c4e9f2b55e4f6968c253246\"},\"headline\":\"Slovenija usvojila prostorni plan za vetropark Ojstrica uprkos protivljenju gra\u0111ana\",\"datePublished\":\"2024-11-08T16:14:51+00:00\",\"mainEntityOfPage\":{\"@id\":\"https:\\\/\\\/balkangreenenergynews.com\\\/rs\\\/slovenija-usvojila-prostorni-plan-za-vetropark-ojstrica-uprkos-protivljenju-gradjana\\\/\"},\"wordCount\":533,\"commentCount\":0,\"image\":{\"@id\":\"https:\\\/\\\/balkangreenenergynews.com\\\/rs\\\/slovenija-usvojila-prostorni-plan-za-vetropark-ojstrica-uprkos-protivljenju-gradjana\\\/#primaryimage\"},\"thumbnailUrl\":\"https:\\\/\\\/balkangreenenergynews.com\\\/rs\\\/wp-content\\\/uploads\\\/2024\\\/11\\\/Slovenija-prostorni-plan-vetropark-Ojstrica-protivljenju-gradana-gradjana.jpg?wsr\",\"keywords\":[\"biodiverzitet\",\"Dravske elektrarne Maribor\",\"elektri\u010dna energija\",\"obnovljivi izvori energije\",\"vetroelektrane\",\"voda\",\"\u017eivotna sredina\"],\"articleSection\":[\"Biodiverzitet\",\"Elektri\u010dna energija\",\"OIE\",\"Voda\",\"\u017divotna sredina\"],\"inLanguage\":\"sr-RS\",\"potentialAction\":[{\"@type\":\"CommentAction\",\"name\":\"Comment\",\"target\":[\"https:\\\/\\\/balkangreenenergynews.com\\\/rs\\\/slovenija-usvojila-prostorni-plan-za-vetropark-ojstrica-uprkos-protivljenju-gradjana\\\/#respond\"]}]},{\"@type\":\"WebPage\",\"@id\":\"https:\\\/\\\/balkangreenenergynews.com\\\/rs\\\/slovenija-usvojila-prostorni-plan-za-vetropark-ojstrica-uprkos-protivljenju-gradjana\\\/\",\"url\":\"https:\\\/\\\/balkangreenenergynews.com\\\/rs\\\/slovenija-usvojila-prostorni-plan-za-vetropark-ojstrica-uprkos-protivljenju-gradjana\\\/\",\"name\":\"Slovenija usvojila prostorni plan za vetropark Ojstrica uprkos protivljenju gra\u0111ana\",\"isPartOf\":{\"@id\":\"https:\\\/\\\/balkangreenenergynews.com\\\/rs\\\/#website\"},\"primaryImageOfPage\":{\"@id\":\"https:\\\/\\\/balkangreenenergynews.com\\\/rs\\\/slovenija-usvojila-prostorni-plan-za-vetropark-ojstrica-uprkos-protivljenju-gradjana\\\/#primaryimage\"},\"image\":{\"@id\":\"https:\\\/\\\/balkangreenenergynews.com\\\/rs\\\/slovenija-usvojila-prostorni-plan-za-vetropark-ojstrica-uprkos-protivljenju-gradjana\\\/#primaryimage\"},\"thumbnailUrl\":\"https:\\\/\\\/balkangreenenergynews.com\\\/rs\\\/wp-content\\\/uploads\\\/2024\\\/11\\\/Slovenija-prostorni-plan-vetropark-Ojstrica-protivljenju-gradana-gradjana.jpg?wsr\",\"datePublished\":\"2024-11-08T16:14:51+00:00\",\"author\":{\"@id\":\"https:\\\/\\\/balkangreenenergynews.com\\\/rs\\\/#\\\/schema\\\/person\\\/d8f80a244c4e9f2b55e4f6968c253246\"},\"description\":\"Vlada Slovenije je odobrila prostorni plan za vetroelektranu Ojstrica, a lokalno stanovni\u0161tvo i op\u0161tina su i dalje protiv tog projekta.\",\"breadcrumb\":{\"@id\":\"https:\\\/\\\/balkangreenenergynews.com\\\/rs\\\/slovenija-usvojila-prostorni-plan-za-vetropark-ojstrica-uprkos-protivljenju-gradjana\\\/#breadcrumb\"},\"inLanguage\":\"sr-RS\",\"potentialAction\":[{\"@type\":\"ReadAction\",\"target\":[\"https:\\\/\\\/balkangreenenergynews.com\\\/rs\\\/slovenija-usvojila-prostorni-plan-za-vetropark-ojstrica-uprkos-protivljenju-gradjana\\\/\"]}]},{\"@type\":\"ImageObject\",\"inLanguage\":\"sr-RS\",\"@id\":\"https:\\\/\\\/balkangreenenergynews.com\\\/rs\\\/slovenija-usvojila-prostorni-plan-za-vetropark-ojstrica-uprkos-protivljenju-gradjana\\\/#primaryimage\",\"url\":\"https:\\\/\\\/balkangreenenergynews.com\\\/rs\\\/wp-content\\\/uploads\\\/2024\\\/11\\\/Slovenija-prostorni-plan-vetropark-Ojstrica-protivljenju-gradana-gradjana.jpg?wsr\",\"contentUrl\":\"https:\\\/\\\/balkangreenenergynews.com\\\/rs\\\/wp-content\\\/uploads\\\/2024\\\/11\\\/Slovenija-prostorni-plan-vetropark-Ojstrica-protivljenju-gradana-gradjana.jpg?wsr\",\"width\":840,\"height\":430,\"caption\":\"Slovenija prostorni plan vetropark Ojstrica protivljenju gradana gradjana\"},{\"@type\":\"BreadcrumbList\",\"@id\":\"https:\\\/\\\/balkangreenenergynews.com\\\/rs\\\/slovenija-usvojila-prostorni-plan-za-vetropark-ojstrica-uprkos-protivljenju-gradjana\\\/#breadcrumb\",\"itemListElement\":[{\"@type\":\"ListItem\",\"position\":1,\"name\":\"Po\u010detna\",\"item\":\"https:\\\/\\\/balkangreenenergynews.com\\\/rs\\\/\"},{\"@type\":\"ListItem\",\"position\":2,\"name\":\"Vesti\",\"item\":\"https:\\\/\\\/balkangreenenergynews.com\\\/rs\\\/kategorija\\\/vesti\\\/\"},{\"@type\":\"ListItem\",\"position\":3,\"name\":\"\u017divotna sredina\",\"item\":\"https:\\\/\\\/balkangreenenergynews.com\\\/rs\\\/kategorija\\\/vesti\\\/zivotna-sredina\\\/\"},{\"@type\":\"ListItem\",\"position\":4,\"name\":\"Slovenija usvojila prostorni plan za vetropark Ojstrica uprkos protivljenju gra\u0111ana\"}]},{\"@type\":\"WebSite\",\"@id\":\"https:\\\/\\\/balkangreenenergynews.com\\\/rs\\\/#website\",\"url\":\"https:\\\/\\\/balkangreenenergynews.com\\\/rs\\\/\",\"name\":\"Balkan Green Energy News\",\"description\":\"Naj\u0161iri izbor vesti sa Balkana o zelenoj energiji\",\"potentialAction\":[{\"@type\":\"SearchAction\",\"target\":{\"@type\":\"EntryPoint\",\"urlTemplate\":\"https:\\\/\\\/balkangreenenergynews.com\\\/rs\\\/?s={search_term_string}\"},\"query-input\":{\"@type\":\"PropertyValueSpecification\",\"valueRequired\":true,\"valueName\":\"search_term_string\"}}],\"inLanguage\":\"sr-RS\"},{\"@type\":\"Person\",\"@id\":\"https:\\\/\\\/balkangreenenergynews.com\\\/rs\\\/#\\\/schema\\\/person\\\/d8f80a244c4e9f2b55e4f6968c253246\",\"name\":\"Igor Todorovi\u0107\",\"url\":\"https:\\\/\\\/balkangreenenergynews.com\\\/rs\\\/author\\\/igor-todorovic\\\/\"}]}<\/script>\n<!-- \/ Yoast SEO plugin. -->","yoast_head_json":{"title":"Slovenija usvojila prostorni plan za vetropark Ojstrica uprkos protivljenju gra\u0111ana","description":"Vlada Slovenije je odobrila prostorni plan za vetroelektranu Ojstrica, a lokalno stanovni\u0161tvo i op\u0161tina su i dalje protiv tog projekta.","robots":{"index":"index","follow":"follow","max-snippet":"max-snippet:-1","max-image-preview":"max-image-preview:large","max-video-preview":"max-video-preview:-1"},"canonical":"https:\/\/balkangreenenergynews.com\/rs\/slovenija-usvojila-prostorni-plan-za-vetropark-ojstrica-uprkos-protivljenju-gradjana\/","og_locale":"sr_RS","og_type":"article","og_title":"Slovenija usvojila prostorni plan za vetropark Ojstrica uprkos protivljenju gra\u0111ana","og_description":"Vlada Slovenije je odobrila prostorni plan za vetroelektranu Ojstrica, a lokalno stanovni\u0161tvo i op\u0161tina su i dalje protiv tog projekta.","og_url":"https:\/\/balkangreenenergynews.com\/rs\/slovenija-usvojila-prostorni-plan-za-vetropark-ojstrica-uprkos-protivljenju-gradjana\/","og_site_name":"Balkan Green Energy News","article_published_time":"2024-11-08T16:14:51+00:00","og_image":[{"width":840,"height":430,"url":"https:\/\/balkangreenenergynews.com\/rs\/wp-content\/uploads\/2024\/11\/Slovenija-prostorni-plan-vetropark-Ojstrica-protivljenju-gradana-gradjana.jpg?wsr","type":"image\/jpeg"}],"author":"Igor Todorovi\u0107","twitter_card":"summary_large_image","twitter_misc":{"\u041d\u0430\u043f\u0438\u0441\u0430\u043d\u043e \u043e\u0434":"Igor Todorovi\u0107","\u041f\u0440\u043e\u0446\u0435\u045a\u0435\u043d\u043e \u0432\u0440\u0435\u043c\u0435 \u0447\u0438\u0442\u0430\u045a\u0430":"3 \u043c\u0438\u043d\u0443\u0442\u0430"},"schema":{"@context":"https:\/\/schema.org","@graph":[{"@type":"Article","@id":"https:\/\/balkangreenenergynews.com\/rs\/slovenija-usvojila-prostorni-plan-za-vetropark-ojstrica-uprkos-protivljenju-gradjana\/#article","isPartOf":{"@id":"https:\/\/balkangreenenergynews.com\/rs\/slovenija-usvojila-prostorni-plan-za-vetropark-ojstrica-uprkos-protivljenju-gradjana\/"},"author":{"name":"Igor Todorovi\u0107","@id":"https:\/\/balkangreenenergynews.com\/rs\/#\/schema\/person\/d8f80a244c4e9f2b55e4f6968c253246"},"headline":"Slovenija usvojila prostorni plan za vetropark Ojstrica uprkos protivljenju gra\u0111ana","datePublished":"2024-11-08T16:14:51+00:00","mainEntityOfPage":{"@id":"https:\/\/balkangreenenergynews.com\/rs\/slovenija-usvojila-prostorni-plan-za-vetropark-ojstrica-uprkos-protivljenju-gradjana\/"},"wordCount":533,"commentCount":0,"image":{"@id":"https:\/\/balkangreenenergynews.com\/rs\/slovenija-usvojila-prostorni-plan-za-vetropark-ojstrica-uprkos-protivljenju-gradjana\/#primaryimage"},"thumbnailUrl":"https:\/\/balkangreenenergynews.com\/rs\/wp-content\/uploads\/2024\/11\/Slovenija-prostorni-plan-vetropark-Ojstrica-protivljenju-gradana-gradjana.jpg?wsr","keywords":["biodiverzitet","Dravske elektrarne Maribor","elektri\u010dna energija","obnovljivi izvori energije","vetroelektrane","voda","\u017eivotna sredina"],"articleSection":["Biodiverzitet","Elektri\u010dna energija","OIE","Voda","\u017divotna sredina"],"inLanguage":"sr-RS","potentialAction":[{"@type":"CommentAction","name":"Comment","target":["https:\/\/balkangreenenergynews.com\/rs\/slovenija-usvojila-prostorni-plan-za-vetropark-ojstrica-uprkos-protivljenju-gradjana\/#respond"]}]},{"@type":"WebPage","@id":"https:\/\/balkangreenenergynews.com\/rs\/slovenija-usvojila-prostorni-plan-za-vetropark-ojstrica-uprkos-protivljenju-gradjana\/","url":"https:\/\/balkangreenenergynews.com\/rs\/slovenija-usvojila-prostorni-plan-za-vetropark-ojstrica-uprkos-protivljenju-gradjana\/","name":"Slovenija usvojila prostorni plan za vetropark Ojstrica uprkos protivljenju gra\u0111ana","isPartOf":{"@id":"https:\/\/balkangreenenergynews.com\/rs\/#website"},"primaryImageOfPage":{"@id":"https:\/\/balkangreenenergynews.com\/rs\/slovenija-usvojila-prostorni-plan-za-vetropark-ojstrica-uprkos-protivljenju-gradjana\/#primaryimage"},"image":{"@id":"https:\/\/balkangreenenergynews.com\/rs\/slovenija-usvojila-prostorni-plan-za-vetropark-ojstrica-uprkos-protivljenju-gradjana\/#primaryimage"},"thumbnailUrl":"https:\/\/balkangreenenergynews.com\/rs\/wp-content\/uploads\/2024\/11\/Slovenija-prostorni-plan-vetropark-Ojstrica-protivljenju-gradana-gradjana.jpg?wsr","datePublished":"2024-11-08T16:14:51+00:00","author":{"@id":"https:\/\/balkangreenenergynews.com\/rs\/#\/schema\/person\/d8f80a244c4e9f2b55e4f6968c253246"},"description":"Vlada Slovenije je odobrila prostorni plan za vetroelektranu Ojstrica, a lokalno stanovni\u0161tvo i op\u0161tina su i dalje protiv tog projekta.","breadcrumb":{"@id":"https:\/\/balkangreenenergynews.com\/rs\/slovenija-usvojila-prostorni-plan-za-vetropark-ojstrica-uprkos-protivljenju-gradjana\/#breadcrumb"},"inLanguage":"sr-RS","potentialAction":[{"@type":"ReadAction","target":["https:\/\/balkangreenenergynews.com\/rs\/slovenija-usvojila-prostorni-plan-za-vetropark-ojstrica-uprkos-protivljenju-gradjana\/"]}]},{"@type":"ImageObject","inLanguage":"sr-RS","@id":"https:\/\/balkangreenenergynews.com\/rs\/slovenija-usvojila-prostorni-plan-za-vetropark-ojstrica-uprkos-protivljenju-gradjana\/#primaryimage","url":"https:\/\/balkangreenenergynews.com\/rs\/wp-content\/uploads\/2024\/11\/Slovenija-prostorni-plan-vetropark-Ojstrica-protivljenju-gradana-gradjana.jpg?wsr","contentUrl":"https:\/\/balkangreenenergynews.com\/rs\/wp-content\/uploads\/2024\/11\/Slovenija-prostorni-plan-vetropark-Ojstrica-protivljenju-gradana-gradjana.jpg?wsr","width":840,"height":430,"caption":"Slovenija prostorni plan vetropark Ojstrica protivljenju gradana gradjana"},{"@type":"BreadcrumbList","@id":"https:\/\/balkangreenenergynews.com\/rs\/slovenija-usvojila-prostorni-plan-za-vetropark-ojstrica-uprkos-protivljenju-gradjana\/#breadcrumb","itemListElement":[{"@type":"ListItem","position":1,"name":"Po\u010detna","item":"https:\/\/balkangreenenergynews.com\/rs\/"},{"@type":"ListItem","position":2,"name":"Vesti","item":"https:\/\/balkangreenenergynews.com\/rs\/kategorija\/vesti\/"},{"@type":"ListItem","position":3,"name":"\u017divotna sredina","item":"https:\/\/balkangreenenergynews.com\/rs\/kategorija\/vesti\/zivotna-sredina\/"},{"@type":"ListItem","position":4,"name":"Slovenija usvojila prostorni plan za vetropark Ojstrica uprkos protivljenju gra\u0111ana"}]},{"@type":"WebSite","@id":"https:\/\/balkangreenenergynews.com\/rs\/#website","url":"https:\/\/balkangreenenergynews.com\/rs\/","name":"Balkan Green Energy News","description":"Naj\u0161iri izbor vesti sa Balkana o zelenoj energiji","potentialAction":[{"@type":"SearchAction","target":{"@type":"EntryPoint","urlTemplate":"https:\/\/balkangreenenergynews.com\/rs\/?s={search_term_string}"},"query-input":{"@type":"PropertyValueSpecification","valueRequired":true,"valueName":"search_term_string"}}],"inLanguage":"sr-RS"},{"@type":"Person","@id":"https:\/\/balkangreenenergynews.com\/rs\/#\/schema\/person\/d8f80a244c4e9f2b55e4f6968c253246","name":"Igor Todorovi\u0107","url":"https:\/\/balkangreenenergynews.com\/rs\/author\/igor-todorovic\/"}]}},"_links":{"self":[{"href":"https:\/\/balkangreenenergynews.com\/rs\/wp-json\/wp\/v2\/posts\/74697","targetHints":{"allow":["GET"]}}],"collection":[{"href":"https:\/\/balkangreenenergynews.com\/rs\/wp-json\/wp\/v2\/posts"}],"about":[{"href":"https:\/\/balkangreenenergynews.com\/rs\/wp-json\/wp\/v2\/types\/post"}],"author":[{"embeddable":true,"href":"https:\/\/balkangreenenergynews.com\/rs\/wp-json\/wp\/v2\/users\/27"}],"replies":[{"embeddable":true,"href":"https:\/\/balkangreenenergynews.com\/rs\/wp-json\/wp\/v2\/comments?post=74697"}],"version-history":[{"count":0,"href":"https:\/\/balkangreenenergynews.com\/rs\/wp-json\/wp\/v2\/posts\/74697\/revisions"}],"wp:featuredmedia":[{"embeddable":true,"href":"https:\/\/balkangreenenergynews.com\/rs\/wp-json\/wp\/v2\/media\/74703"}],"wp:attachment":[{"href":"https:\/\/balkangreenenergynews.com\/rs\/wp-json\/wp\/v2\/media?parent=74697"}],"wp:term":[{"taxonomy":"category","embeddable":true,"href":"https:\/\/balkangreenenergynews.com\/rs\/wp-json\/wp\/v2\/categories?post=74697"},{"taxonomy":"post_tag","embeddable":true,"href":"https:\/\/balkangreenenergynews.com\/rs\/wp-json\/wp\/v2\/tags?post=74697"}],"curies":[{"name":"wp","href":"https:\/\/api.w.org\/{rel}","templated":true}]}}