{"id":72895,"date":"2024-09-19T15:46:17","date_gmt":"2024-09-19T13:46:17","guid":{"rendered":"https:\/\/balkangreenenergynews.com\/rs\/?p=72895"},"modified":"2024-10-22T13:03:21","modified_gmt":"2024-10-22T11:03:21","slug":"srbija-planira-da-raspise-aukcije-za-vetar-i-solar-u-novembru","status":"publish","type":"post","link":"https:\/\/balkangreenenergynews.com\/rs\/srbija-planira-da-raspise-aukcije-za-vetar-i-solar-u-novembru\/","title":{"rendered":"Srbija planira da raspi\u0161e aukcije za vetar i solar u novembru"},"content":{"rendered":"<h2>Ministarstvo rudarstva i energetike planira da druge aukcije za raspodelu kvota za gradnju vetroparkova i solarnih elektrana raspi\u0161e u \u010detvrtom kvartalu, a cilja se novembar. Kvote bi trebalo da budu u skladu sa trogodi\u0161njim planom aukcija koji je pripremilo Ministarstvo.<\/h2>\n<p>&#8222;Aktivno radimo na pripremi regulatornog okvira za druge aukcije. Tehni\u010dka pomo\u0107 je obezbe\u0111ena preko Evropske banke za obnovu i razvij (EBRD), ali dosta toga smo sami obavili&#8220;, rekao je <a href=\"https:\/\/balkangreenenergynews.com\/rs\/druga-epizoda-solarnog-podkasta-domacinstva-i-firme-predali-zahteve-za-prikljucenje-solarnih-panela-snage-200-mw\/\">Rade Mrdak<\/a>, savetnik za obnovljive izvore energije u Ministarstvu rudarstva i energetike, na panel diskusiji konferencije Privreda na putu zelene tranzicije u organizaciji Ameri\u010dke privredne komore u Srbiji (<a href=\"https:\/\/balkangreenenergynews.com\/rs\/vlada-srbije-zamrzla-cene-elektricne-energije-za-privredu-u-novembru\/\">AmCham Srbija<\/a>).<\/p>\n<p>Plan je, kako je dodao, ako sve bude i\u0161lo kako treba, da se u poslednjem kvartalu, u novembru, raspi\u0161u aukcije, po\u0161tuju\u0107i okvir trogodi\u0161njeg plana. &#8222;To je na\u0161a \u017eelja, ali vide\u0107emo kako \u0107e se razvijati stvari. Novembar je zacrtan kao cilj&#8220;, dodao je Mrdak.<\/p>\n<blockquote><p>Kvota bi trebalo da bude u skladu sa trogodi\u0161njim planom aukcija<\/p><\/blockquote>\n<p>Na pitanje kolike \u0107e biti kvote, Mrdak je za Balkan Green energy News rekao da bi trebalo da budu u skladu sa trogodi\u0161njim planom, ali da \u0107e sve biti odlu\u010deno pred raspisivanje aukcija.<\/p>\n<p>Srbija je prve aukcije <a href=\"https:\/\/balkangreenenergynews.com\/rs\/srbija-raspisala-aukcije-za-vetar-i-solar\/\">raspisala u junu<\/a> pro\u0161le godine i <a href=\"https:\/\/balkangreenenergynews.com\/rs\/srbija-odobrila-premije-za-jos-dva-projekta-koja-su-ucestvovala-na-aukciji-za-solarne-elektrane\/\">uspela da raspodeli celu kvotu za vetar<\/a> od 400 MW i pola kvote za solar od 50 MW.<\/p>\n<p>Pomenutim trogodi\u0161njim planom ili <a href=\"https:\/\/balkangreenenergynews.com\/rs\/usvojen-plan-aukcija-za-vetroparkove-solarne-elektrane-u-srbiji\/\">planom za aukcije u periodu 2023-2025.<\/a> bilo je predvi\u0111eno da se druge aukcije raspi\u0161u u prvom tromese\u010dju 2024, i da kvota za solar bude 100 MW, a za vetar 300 MW. U kvotu za fotonaponske elektrane bi na drugim aukcijama trebalo da u\u0111u i neraspodeljnih 25 MW sa prve.<\/p>\n<p>Na konstataciju moderatora Petra Mitrovi\u0107a, iz advokatske kancelarije Karanovi\u0107 &amp; Partners, da \u0107e na aukcijama sada biti primenjen i novi kriterijum koji je uveden pro\u0161logodi\u0161njim izmenama Zakona o kori\u0161\u0107enju obnovljivih izvora energije, Mrdak je dodao da je to mo\u017eda i glavni razlog za\u0161to se sa ovim aukcijama kasni.<\/p>\n<blockquote><p>Na aukcijama \u0107e biti primenjen i novi kriterijum<\/p><\/blockquote>\n<p>Novi kriterijum podrazumeva da se na aukcijama osim cene vrednuje i deo kapaciteta namenjen za snabdevanje krajnjih kupaca u Srbiji. Taj kapacitet mo\u017ee da se ponudi garantovanom snabdeva\u010du, \u0161to je u ovom slu\u010daju Elektroprivreda Srbije (EPS), ili preko korporativnog ugovora o otkupu elektri\u010dne energije (eng. corporate power purchase agreement &#8211; cPPA) nekom krajnjem kupcu.<\/p>\n<p>Ministarstvo \u0107e se, prema re\u010dima Mrdaka, potruditi da obavi makar neformalne konsultacije za udru\u017eenjima koje okupljaju privrednike, kao \u0161to je AMCHAM, kako bi \u010dulo njihovo mi\u0161ljenje o ovoj temi.<\/p>\n<p>Ina\u010de, konferenciju su otvorili Stefan Lazarevi\u0107, predsednik Upravnog odbora AmCham Srbija, i Stefan Srbljanovi\u0107, dr\u017eavni sekretar u Ministarstvu rudarstva i energetike. U\u010desnici panel diskusije bili su i Davor Pupovac, direktor Sektora za analizu tr\u017ei\u0161ta i upravljanje rizicima u EPS-u, Nenad \u0160ijakovi\u0107, savetnik generalne direktorke za me\u0111unarodna i regulatorna pitanja u Elektromre\u017ei Srbije (EMS), Dalibor Nikoli\u0107, direktor Direkcije za upravljanje DEES u Elektrodistribuciji Srbije (EDS) i Jovan \u0160ljivi\u0107, vi\u0161i menad\u017eer u konsultantskoj ku\u0107i KPMG.<\/p>\n","protected":false},"excerpt":{"rendered":"<p>Ministarstvo rudarstva i energetike \u017eeli da druge aukcije za raspodelu kvota za vetroparkove i solarne elektrane raspi\u0161e u \u010detvrtom kvartalu<\/p>\n","protected":false},"author":23,"featured_media":73055,"comment_status":"open","ping_status":"open","sticky":false,"template":"","format":"standard","meta":{"_acf_changed":false,"_monsterinsights_skip_tracking":false,"_monsterinsights_sitenote_active":false,"_monsterinsights_sitenote_note":"","_monsterinsights_sitenote_category":0,"footnotes":""},"categories":[504,1],"tags":[3023,3279,190,6334,6415,5999,7134,1890,4891],"class_list":["post-72895","post","type-post","status-publish","format-standard","has-post-thumbnail","hentry","category-elektricna-energija","category-obnovljivi-izvori-energije","tag-aukcije","tag-dekarbonizacija","tag-eps","tag-fotonaponske-elektrane","tag-izjava-dana","tag-ministarstvo-rudarstva-i-energetike","tag-rade-mrdak","tag-solarne-elektrane","tag-vetroparkovi","country-srbija"],"acf":[],"yoast_head":"<!-- This site is optimized with the Yoast SEO plugin v27.4 - https:\/\/yoast.com\/product\/yoast-seo-wordpress\/ -->\n<title>Srbija planira da raspi\u0161e aukcije za vetar i solar u novembru<\/title>\n<meta name=\"description\" content=\"Ministarstvo rudarstva i energetike \u017eeli da druge aukcije za raspodelu kvota za vetroparkove i solarne elektrane raspi\u0161e u \u010detvrtom kvartalu\" \/>\n<meta name=\"robots\" content=\"index, follow, max-snippet:-1, max-image-preview:large, max-video-preview:-1\" \/>\n<link rel=\"canonical\" href=\"https:\/\/balkangreenenergynews.com\/rs\/srbija-planira-da-raspise-aukcije-za-vetar-i-solar-u-novembru\/\" \/>\n<meta property=\"og:locale\" content=\"sr_RS\" \/>\n<meta property=\"og:type\" content=\"article\" \/>\n<meta property=\"og:title\" content=\"Srbija planira da raspi\u0161e aukcije za vetar i solar u novembru\" \/>\n<meta property=\"og:description\" content=\"Ministarstvo rudarstva i energetike \u017eeli da druge aukcije za raspodelu kvota za vetroparkove i solarne elektrane raspi\u0161e u \u010detvrtom kvartalu\" \/>\n<meta property=\"og:url\" content=\"https:\/\/balkangreenenergynews.com\/rs\/srbija-planira-da-raspise-aukcije-za-vetar-i-solar-u-novembru\/\" \/>\n<meta property=\"og:site_name\" content=\"Balkan Green Energy News\" \/>\n<meta property=\"article:published_time\" content=\"2024-09-19T13:46:17+00:00\" \/>\n<meta property=\"article:modified_time\" content=\"2024-10-22T11:03:21+00:00\" \/>\n<meta property=\"og:image\" content=\"https:\/\/balkangreenenergynews.com\/rs\/wp-content\/uploads\/2024\/09\/srbija-aukcije-vetar-solar-rade-mrdak-amcham-konferencija.jpg\" \/>\n\t<meta property=\"og:image:width\" content=\"840\" \/>\n\t<meta property=\"og:image:height\" content=\"430\" \/>\n\t<meta property=\"og:image:type\" content=\"image\/jpeg\" \/>\n<meta name=\"author\" content=\"Vladimir Spasi\u0107\" \/>\n<meta name=\"twitter:card\" content=\"summary_large_image\" \/>\n<meta name=\"twitter:label1\" content=\"\u041d\u0430\u043f\u0438\u0441\u0430\u043d\u043e \u043e\u0434\" \/>\n\t<meta name=\"twitter:data1\" content=\"Vladimir Spasi\u0107\" \/>\n\t<meta name=\"twitter:label2\" content=\"\u041f\u0440\u043e\u0446\u0435\u045a\u0435\u043d\u043e \u0432\u0440\u0435\u043c\u0435 \u0447\u0438\u0442\u0430\u045a\u0430\" \/>\n\t<meta name=\"twitter:data2\" content=\"3 \u043c\u0438\u043d\u0443\u0442\u0430\" \/>\n<script type=\"application\/ld+json\" class=\"yoast-schema-graph\">{\"@context\":\"https:\\\/\\\/schema.org\",\"@graph\":[{\"@type\":\"Article\",\"@id\":\"https:\\\/\\\/balkangreenenergynews.com\\\/rs\\\/srbija-planira-da-raspise-aukcije-za-vetar-i-solar-u-novembru\\\/#article\",\"isPartOf\":{\"@id\":\"https:\\\/\\\/balkangreenenergynews.com\\\/rs\\\/srbija-planira-da-raspise-aukcije-za-vetar-i-solar-u-novembru\\\/\"},\"author\":{\"name\":\"Vladimir Spasi\u0107\",\"@id\":\"https:\\\/\\\/balkangreenenergynews.com\\\/rs\\\/#\\\/schema\\\/person\\\/99dc721c46113fea22caffad06ef7317\"},\"headline\":\"Srbija planira da raspi\u0161e aukcije za vetar i solar u novembru\",\"datePublished\":\"2024-09-19T13:46:17+00:00\",\"dateModified\":\"2024-10-22T11:03:21+00:00\",\"mainEntityOfPage\":{\"@id\":\"https:\\\/\\\/balkangreenenergynews.com\\\/rs\\\/srbija-planira-da-raspise-aukcije-za-vetar-i-solar-u-novembru\\\/\"},\"wordCount\":529,\"commentCount\":0,\"image\":{\"@id\":\"https:\\\/\\\/balkangreenenergynews.com\\\/rs\\\/srbija-planira-da-raspise-aukcije-za-vetar-i-solar-u-novembru\\\/#primaryimage\"},\"thumbnailUrl\":\"https:\\\/\\\/balkangreenenergynews.com\\\/rs\\\/wp-content\\\/uploads\\\/2024\\\/09\\\/srbija-aukcije-vetar-solar-rade-mrdak-amcham-konferencija.jpg?wsr\",\"keywords\":[\"aukcije\",\"dekarbonizacija\",\"EPS\",\"fotonaponske elektrane\",\"Izjava dana\",\"Ministarstvo rudarstva i energetike\",\"Rade Mrdak\",\"solarne elektrane\",\"vetroparkovi\"],\"articleSection\":[\"Elektri\u010dna energija\",\"OIE\"],\"inLanguage\":\"sr-RS\",\"potentialAction\":[{\"@type\":\"CommentAction\",\"name\":\"Comment\",\"target\":[\"https:\\\/\\\/balkangreenenergynews.com\\\/rs\\\/srbija-planira-da-raspise-aukcije-za-vetar-i-solar-u-novembru\\\/#respond\"]}]},{\"@type\":\"WebPage\",\"@id\":\"https:\\\/\\\/balkangreenenergynews.com\\\/rs\\\/srbija-planira-da-raspise-aukcije-za-vetar-i-solar-u-novembru\\\/\",\"url\":\"https:\\\/\\\/balkangreenenergynews.com\\\/rs\\\/srbija-planira-da-raspise-aukcije-za-vetar-i-solar-u-novembru\\\/\",\"name\":\"Srbija planira da raspi\u0161e aukcije za vetar i solar u novembru\",\"isPartOf\":{\"@id\":\"https:\\\/\\\/balkangreenenergynews.com\\\/rs\\\/#website\"},\"primaryImageOfPage\":{\"@id\":\"https:\\\/\\\/balkangreenenergynews.com\\\/rs\\\/srbija-planira-da-raspise-aukcije-za-vetar-i-solar-u-novembru\\\/#primaryimage\"},\"image\":{\"@id\":\"https:\\\/\\\/balkangreenenergynews.com\\\/rs\\\/srbija-planira-da-raspise-aukcije-za-vetar-i-solar-u-novembru\\\/#primaryimage\"},\"thumbnailUrl\":\"https:\\\/\\\/balkangreenenergynews.com\\\/rs\\\/wp-content\\\/uploads\\\/2024\\\/09\\\/srbija-aukcije-vetar-solar-rade-mrdak-amcham-konferencija.jpg?wsr\",\"datePublished\":\"2024-09-19T13:46:17+00:00\",\"dateModified\":\"2024-10-22T11:03:21+00:00\",\"author\":{\"@id\":\"https:\\\/\\\/balkangreenenergynews.com\\\/rs\\\/#\\\/schema\\\/person\\\/99dc721c46113fea22caffad06ef7317\"},\"description\":\"Ministarstvo rudarstva i energetike \u017eeli da druge aukcije za raspodelu kvota za vetroparkove i solarne elektrane raspi\u0161e u \u010detvrtom kvartalu\",\"breadcrumb\":{\"@id\":\"https:\\\/\\\/balkangreenenergynews.com\\\/rs\\\/srbija-planira-da-raspise-aukcije-za-vetar-i-solar-u-novembru\\\/#breadcrumb\"},\"inLanguage\":\"sr-RS\",\"potentialAction\":[{\"@type\":\"ReadAction\",\"target\":[\"https:\\\/\\\/balkangreenenergynews.com\\\/rs\\\/srbija-planira-da-raspise-aukcije-za-vetar-i-solar-u-novembru\\\/\"]}]},{\"@type\":\"ImageObject\",\"inLanguage\":\"sr-RS\",\"@id\":\"https:\\\/\\\/balkangreenenergynews.com\\\/rs\\\/srbija-planira-da-raspise-aukcije-za-vetar-i-solar-u-novembru\\\/#primaryimage\",\"url\":\"https:\\\/\\\/balkangreenenergynews.com\\\/rs\\\/wp-content\\\/uploads\\\/2024\\\/09\\\/srbija-aukcije-vetar-solar-rade-mrdak-amcham-konferencija.jpg?wsr\",\"contentUrl\":\"https:\\\/\\\/balkangreenenergynews.com\\\/rs\\\/wp-content\\\/uploads\\\/2024\\\/09\\\/srbija-aukcije-vetar-solar-rade-mrdak-amcham-konferencija.jpg?wsr\",\"width\":840,\"height\":430,\"caption\":\"srbija aukcije vetar solar rade mrdak amcham konferencija\"},{\"@type\":\"BreadcrumbList\",\"@id\":\"https:\\\/\\\/balkangreenenergynews.com\\\/rs\\\/srbija-planira-da-raspise-aukcije-za-vetar-i-solar-u-novembru\\\/#breadcrumb\",\"itemListElement\":[{\"@type\":\"ListItem\",\"position\":1,\"name\":\"Po\u010detna\",\"item\":\"https:\\\/\\\/balkangreenenergynews.com\\\/rs\\\/\"},{\"@type\":\"ListItem\",\"position\":2,\"name\":\"Vesti\",\"item\":\"https:\\\/\\\/balkangreenenergynews.com\\\/rs\\\/kategorija\\\/vesti\\\/\"},{\"@type\":\"ListItem\",\"position\":3,\"name\":\"OIE\",\"item\":\"https:\\\/\\\/balkangreenenergynews.com\\\/rs\\\/kategorija\\\/vesti\\\/obnovljivi-izvori-energije\\\/\"},{\"@type\":\"ListItem\",\"position\":4,\"name\":\"Srbija planira da raspi\u0161e aukcije za vetar i solar u novembru\"}]},{\"@type\":\"WebSite\",\"@id\":\"https:\\\/\\\/balkangreenenergynews.com\\\/rs\\\/#website\",\"url\":\"https:\\\/\\\/balkangreenenergynews.com\\\/rs\\\/\",\"name\":\"Balkan Green Energy News\",\"description\":\"Naj\u0161iri izbor vesti sa Balkana o zelenoj energiji\",\"potentialAction\":[{\"@type\":\"SearchAction\",\"target\":{\"@type\":\"EntryPoint\",\"urlTemplate\":\"https:\\\/\\\/balkangreenenergynews.com\\\/rs\\\/?s={search_term_string}\"},\"query-input\":{\"@type\":\"PropertyValueSpecification\",\"valueRequired\":true,\"valueName\":\"search_term_string\"}}],\"inLanguage\":\"sr-RS\"},{\"@type\":\"Person\",\"@id\":\"https:\\\/\\\/balkangreenenergynews.com\\\/rs\\\/#\\\/schema\\\/person\\\/99dc721c46113fea22caffad06ef7317\",\"name\":\"Vladimir Spasi\u0107\",\"url\":\"https:\\\/\\\/balkangreenenergynews.com\\\/rs\\\/author\\\/vladimir-spasic\\\/\"}]}<\/script>\n<!-- \/ Yoast SEO plugin. -->","yoast_head_json":{"title":"Srbija planira da raspi\u0161e aukcije za vetar i solar u novembru","description":"Ministarstvo rudarstva i energetike \u017eeli da druge aukcije za raspodelu kvota za vetroparkove i solarne elektrane raspi\u0161e u \u010detvrtom kvartalu","robots":{"index":"index","follow":"follow","max-snippet":"max-snippet:-1","max-image-preview":"max-image-preview:large","max-video-preview":"max-video-preview:-1"},"canonical":"https:\/\/balkangreenenergynews.com\/rs\/srbija-planira-da-raspise-aukcije-za-vetar-i-solar-u-novembru\/","og_locale":"sr_RS","og_type":"article","og_title":"Srbija planira da raspi\u0161e aukcije za vetar i solar u novembru","og_description":"Ministarstvo rudarstva i energetike \u017eeli da druge aukcije za raspodelu kvota za vetroparkove i solarne elektrane raspi\u0161e u \u010detvrtom kvartalu","og_url":"https:\/\/balkangreenenergynews.com\/rs\/srbija-planira-da-raspise-aukcije-za-vetar-i-solar-u-novembru\/","og_site_name":"Balkan Green Energy News","article_published_time":"2024-09-19T13:46:17+00:00","article_modified_time":"2024-10-22T11:03:21+00:00","og_image":[{"width":840,"height":430,"url":"https:\/\/balkangreenenergynews.com\/rs\/wp-content\/uploads\/2024\/09\/srbija-aukcije-vetar-solar-rade-mrdak-amcham-konferencija.jpg","type":"image\/jpeg"}],"author":"Vladimir Spasi\u0107","twitter_card":"summary_large_image","twitter_misc":{"\u041d\u0430\u043f\u0438\u0441\u0430\u043d\u043e \u043e\u0434":"Vladimir Spasi\u0107","\u041f\u0440\u043e\u0446\u0435\u045a\u0435\u043d\u043e \u0432\u0440\u0435\u043c\u0435 \u0447\u0438\u0442\u0430\u045a\u0430":"3 \u043c\u0438\u043d\u0443\u0442\u0430"},"schema":{"@context":"https:\/\/schema.org","@graph":[{"@type":"Article","@id":"https:\/\/balkangreenenergynews.com\/rs\/srbija-planira-da-raspise-aukcije-za-vetar-i-solar-u-novembru\/#article","isPartOf":{"@id":"https:\/\/balkangreenenergynews.com\/rs\/srbija-planira-da-raspise-aukcije-za-vetar-i-solar-u-novembru\/"},"author":{"name":"Vladimir Spasi\u0107","@id":"https:\/\/balkangreenenergynews.com\/rs\/#\/schema\/person\/99dc721c46113fea22caffad06ef7317"},"headline":"Srbija planira da raspi\u0161e aukcije za vetar i solar u novembru","datePublished":"2024-09-19T13:46:17+00:00","dateModified":"2024-10-22T11:03:21+00:00","mainEntityOfPage":{"@id":"https:\/\/balkangreenenergynews.com\/rs\/srbija-planira-da-raspise-aukcije-za-vetar-i-solar-u-novembru\/"},"wordCount":529,"commentCount":0,"image":{"@id":"https:\/\/balkangreenenergynews.com\/rs\/srbija-planira-da-raspise-aukcije-za-vetar-i-solar-u-novembru\/#primaryimage"},"thumbnailUrl":"https:\/\/balkangreenenergynews.com\/rs\/wp-content\/uploads\/2024\/09\/srbija-aukcije-vetar-solar-rade-mrdak-amcham-konferencija.jpg?wsr","keywords":["aukcije","dekarbonizacija","EPS","fotonaponske elektrane","Izjava dana","Ministarstvo rudarstva i energetike","Rade Mrdak","solarne elektrane","vetroparkovi"],"articleSection":["Elektri\u010dna energija","OIE"],"inLanguage":"sr-RS","potentialAction":[{"@type":"CommentAction","name":"Comment","target":["https:\/\/balkangreenenergynews.com\/rs\/srbija-planira-da-raspise-aukcije-za-vetar-i-solar-u-novembru\/#respond"]}]},{"@type":"WebPage","@id":"https:\/\/balkangreenenergynews.com\/rs\/srbija-planira-da-raspise-aukcije-za-vetar-i-solar-u-novembru\/","url":"https:\/\/balkangreenenergynews.com\/rs\/srbija-planira-da-raspise-aukcije-za-vetar-i-solar-u-novembru\/","name":"Srbija planira da raspi\u0161e aukcije za vetar i solar u novembru","isPartOf":{"@id":"https:\/\/balkangreenenergynews.com\/rs\/#website"},"primaryImageOfPage":{"@id":"https:\/\/balkangreenenergynews.com\/rs\/srbija-planira-da-raspise-aukcije-za-vetar-i-solar-u-novembru\/#primaryimage"},"image":{"@id":"https:\/\/balkangreenenergynews.com\/rs\/srbija-planira-da-raspise-aukcije-za-vetar-i-solar-u-novembru\/#primaryimage"},"thumbnailUrl":"https:\/\/balkangreenenergynews.com\/rs\/wp-content\/uploads\/2024\/09\/srbija-aukcije-vetar-solar-rade-mrdak-amcham-konferencija.jpg?wsr","datePublished":"2024-09-19T13:46:17+00:00","dateModified":"2024-10-22T11:03:21+00:00","author":{"@id":"https:\/\/balkangreenenergynews.com\/rs\/#\/schema\/person\/99dc721c46113fea22caffad06ef7317"},"description":"Ministarstvo rudarstva i energetike \u017eeli da druge aukcije za raspodelu kvota za vetroparkove i solarne elektrane raspi\u0161e u \u010detvrtom kvartalu","breadcrumb":{"@id":"https:\/\/balkangreenenergynews.com\/rs\/srbija-planira-da-raspise-aukcije-za-vetar-i-solar-u-novembru\/#breadcrumb"},"inLanguage":"sr-RS","potentialAction":[{"@type":"ReadAction","target":["https:\/\/balkangreenenergynews.com\/rs\/srbija-planira-da-raspise-aukcije-za-vetar-i-solar-u-novembru\/"]}]},{"@type":"ImageObject","inLanguage":"sr-RS","@id":"https:\/\/balkangreenenergynews.com\/rs\/srbija-planira-da-raspise-aukcije-za-vetar-i-solar-u-novembru\/#primaryimage","url":"https:\/\/balkangreenenergynews.com\/rs\/wp-content\/uploads\/2024\/09\/srbija-aukcije-vetar-solar-rade-mrdak-amcham-konferencija.jpg?wsr","contentUrl":"https:\/\/balkangreenenergynews.com\/rs\/wp-content\/uploads\/2024\/09\/srbija-aukcije-vetar-solar-rade-mrdak-amcham-konferencija.jpg?wsr","width":840,"height":430,"caption":"srbija aukcije vetar solar rade mrdak amcham konferencija"},{"@type":"BreadcrumbList","@id":"https:\/\/balkangreenenergynews.com\/rs\/srbija-planira-da-raspise-aukcije-za-vetar-i-solar-u-novembru\/#breadcrumb","itemListElement":[{"@type":"ListItem","position":1,"name":"Po\u010detna","item":"https:\/\/balkangreenenergynews.com\/rs\/"},{"@type":"ListItem","position":2,"name":"Vesti","item":"https:\/\/balkangreenenergynews.com\/rs\/kategorija\/vesti\/"},{"@type":"ListItem","position":3,"name":"OIE","item":"https:\/\/balkangreenenergynews.com\/rs\/kategorija\/vesti\/obnovljivi-izvori-energije\/"},{"@type":"ListItem","position":4,"name":"Srbija planira da raspi\u0161e aukcije za vetar i solar u novembru"}]},{"@type":"WebSite","@id":"https:\/\/balkangreenenergynews.com\/rs\/#website","url":"https:\/\/balkangreenenergynews.com\/rs\/","name":"Balkan Green Energy News","description":"Naj\u0161iri izbor vesti sa Balkana o zelenoj energiji","potentialAction":[{"@type":"SearchAction","target":{"@type":"EntryPoint","urlTemplate":"https:\/\/balkangreenenergynews.com\/rs\/?s={search_term_string}"},"query-input":{"@type":"PropertyValueSpecification","valueRequired":true,"valueName":"search_term_string"}}],"inLanguage":"sr-RS"},{"@type":"Person","@id":"https:\/\/balkangreenenergynews.com\/rs\/#\/schema\/person\/99dc721c46113fea22caffad06ef7317","name":"Vladimir Spasi\u0107","url":"https:\/\/balkangreenenergynews.com\/rs\/author\/vladimir-spasic\/"}]}},"_links":{"self":[{"href":"https:\/\/balkangreenenergynews.com\/rs\/wp-json\/wp\/v2\/posts\/72895","targetHints":{"allow":["GET"]}}],"collection":[{"href":"https:\/\/balkangreenenergynews.com\/rs\/wp-json\/wp\/v2\/posts"}],"about":[{"href":"https:\/\/balkangreenenergynews.com\/rs\/wp-json\/wp\/v2\/types\/post"}],"author":[{"embeddable":true,"href":"https:\/\/balkangreenenergynews.com\/rs\/wp-json\/wp\/v2\/users\/23"}],"replies":[{"embeddable":true,"href":"https:\/\/balkangreenenergynews.com\/rs\/wp-json\/wp\/v2\/comments?post=72895"}],"version-history":[{"count":0,"href":"https:\/\/balkangreenenergynews.com\/rs\/wp-json\/wp\/v2\/posts\/72895\/revisions"}],"wp:featuredmedia":[{"embeddable":true,"href":"https:\/\/balkangreenenergynews.com\/rs\/wp-json\/wp\/v2\/media\/73055"}],"wp:attachment":[{"href":"https:\/\/balkangreenenergynews.com\/rs\/wp-json\/wp\/v2\/media?parent=72895"}],"wp:term":[{"taxonomy":"category","embeddable":true,"href":"https:\/\/balkangreenenergynews.com\/rs\/wp-json\/wp\/v2\/categories?post=72895"},{"taxonomy":"post_tag","embeddable":true,"href":"https:\/\/balkangreenenergynews.com\/rs\/wp-json\/wp\/v2\/tags?post=72895"}],"curies":[{"name":"wp","href":"https:\/\/api.w.org\/{rel}","templated":true}]}}