{"id":72824,"date":"2024-09-17T14:41:08","date_gmt":"2024-09-17T12:41:08","guid":{"rendered":"https:\/\/balkangreenenergynews.com\/rs\/?p=72824"},"modified":"2024-09-24T13:57:58","modified_gmt":"2024-09-24T11:57:58","slug":"osam-lokalnih-samouprava-u-bih-protiv-rudnika-litijuma-na-majevici","status":"publish","type":"post","link":"https:\/\/balkangreenenergynews.com\/rs\/osam-lokalnih-samouprava-u-bih-protiv-rudnika-litijuma-na-majevici\/","title":{"rendered":"Osam lokalnih samouprava u BiH protiv rudnika litijuma na Majevici"},"content":{"rendered":"<h2>Predstavnici osam lokalnih samouprava u Bosni i Hercegovini potpisali su zajedni\u010dku izjavu protiv otvaranja rudnika litijuma.<\/h2>\n<p>Gradona\u010delnici, na\u010delnici i predstavnicima Br\u010dko distrikta BiH, gradova Tuzle i Bijeljine i op\u0161tina Lopare, Ugljevik, Teo\u010dak, \u010celi\u0107 i Sapna zajedno su prisustvovali okruglom stolu pod nazivom \u201cZajedni\u010dke aktivnosti lokalnih zajednica u borbi protiv otvaranja rudnika litijuma na Majevici\u201d. Posle okruglog stola odr\u017eanog u Loparama oni su potpisali zajedni\u010dku izjavu protiv otvaranja rudnika litijuma.<\/p>\n<p>U izjavi se navodi da se se potpisinici izri\u010dito protive otvaranju rudnika litijuma i drugih prate\u0107ih elemenata na Majevici.<\/p>\n<p>Otvaranje rudnika mo\u017ee nanijeti nepopravljivu \u0161tetu za prirodu i \u017eivotnu sredinu i ugroziti opstanak stanovni\u0161tva na ovim prostorima, dodaje se u izjavi.<\/p>\n<blockquote><p>Postignuta je potpuna saglasnost<\/p><\/blockquote>\n<p>Lokalne samouprave su se izajvom dogovorile da sve aktivnosti u borbi protiv otvaranja rudnika zajedni\u010dki organizuju i i da tako nastupaju prema \u0161iroj javnosti i vi\u0161im nivoima vlasti i me\u0111unarodnim predstavnicima.<\/p>\n<p>Gradona\u010delnik Br\u010dko distrikta Bosne i Hercegovine Zijad Ni\u0161i\u0107 izjavio je da je dokazano da su reperkusije po zdravlje zaista velike. Poljoprivreda \u0107e biti ugro\u017eena, turizam i litijum ne idu zajedno i velika je dilema koliko \u0107e biti mogu\u0107 \u017eivot na tom prostoru, naglasio je Ni\u0161i\u0107.<\/p>\n<p>Cilj je bio, kako je rekao <a href=\"https:\/\/balkangreenenergynews.com\/rs\/skola-iz-lopara-prvi-prozjumer-u-bih\/\">na\u010delnik Lopara Rado Savi\u0107<\/a>, da se do\u0111e do usagla\u0161enog zvani\u010dnog stava koji bi jasno izrazio protivljenje otvaranju rudnika litijuma na Majevici. U tome su, dodao je, postigli potpunu saglasnost.<\/p>\n<blockquote><p>Investitori zainteresovani za istra\u017eivanja<\/p><\/blockquote>\n<p>Ina\u010de, investitori su zainteresovani da istra\u017euju potencijalna nalazi\u0161ta litijuma na vi\u0161e lokacija u BiH, kao \u0161to su Lopare, Ugljevik, Bijeljina. Dobrim delom re\u010d je o lokacijama koje su blizu Loznice u Srbiji, gde je u okviru <a href=\"https:\/\/balkangreenenergynews.com\/rs\/projekat-jadar-najvazniji-dogadjaji-koji-su-obelezili-najktontroverzniju-investiciju-u-novijoj-istoriji-srbije\/\">projekta Jadar<\/a> planirano otvaranje rudnika.<\/p>\n<p>Po\u010detkom februara ove godine gradona\u010delnik Br\u010dko distrikta BiH Zijad Ni\u0161i\u0107 je <a href=\"https:\/\/balkangreenenergynews.com\/rs\/gradonacelnik-brcko-distrikta-crveno-svetlo-za-litijum\/\">poru\u010dio<\/a> da istra\u017eivanja i eksploatacije litijuma ne\u0107e biti na teritoriji Br\u010dko distrikta.<\/p>\n<p>Nekoliko nedelja kasnije Op\u0161tina Lopare je <a href=\"https:\/\/balkangreenenergynews.com\/rs\/opstina-lopare-trazi-da-republika-srpska-odustane-od-litijuma\/\">predala<\/a> Narodnoj skup\u0161tini Republike Srpske peticiju protiv otvaranja rudnika litijuma na Majevici, kao i deklaraciju o protivljenju otvaranju rudnika na podru\u010dju op\u0161tine.<\/p>\n<p>Krajem jula posle <a href=\"https:\/\/balkangreenenergynews.com\/rs\/srbija-i-eu-potpisale-memorandum-koji-podrzava-otvaranje-rudnika-litijuma-rio-tinta\/\">potpisivanja memoranduma o odr\u017eivim sirovinama<\/a> izme\u0111u Srbije i Evropske unije, koji podrazumeva i otvaranje rudnika litijuma, predsednik Republike Srpske Milorad Dodik <a href=\"https:\/\/balkangreenenergynews.com\/rs\/dodik-rs-spremna-da-kao-i-srbija-podrzi-kopanje-litijuma\/\">izjavio<\/a> je da RS namerava da prati Srbiju u projektima vezanim za mineralna i rudna bogatstva.<\/p>\n","protected":false},"excerpt":{"rendered":"<p>Predstavnici osam loklanih samouprava u Bosni i Hercegovoini potpisali su zajedni\u010dku izjavu protiv otvaranja rudnika litijuma<\/p>\n","protected":false},"author":23,"featured_media":72826,"comment_status":"open","ping_status":"open","sticky":false,"template":"","format":"standard","meta":{"_acf_changed":false,"_monsterinsights_skip_tracking":false,"_monsterinsights_sitenote_active":false,"_monsterinsights_sitenote_note":"","_monsterinsights_sitenote_category":0,"footnotes":""},"categories":[4],"tags":[6248,2899,7071],"class_list":["post-72824","post","type-post","status-publish","format-standard","has-post-thumbnail","hentry","category-zivotna-sredina","tag-jadar","tag-litijum","tag-projekat-jadar","country-bosna-i-hercegovina"],"acf":[],"yoast_head":"<!-- This site is optimized with the Yoast SEO plugin v27.4 - https:\/\/yoast.com\/product\/yoast-seo-wordpress\/ -->\n<title>Osam lokalnih samouprava u BiH protiv rudnika litijuma na Majevici<\/title>\n<meta name=\"description\" content=\"Predstavnici osam loklanih samouprava u Bosni i Hercegovoini potpisali su zajedni\u010dku izjavu protiv otvaranja rudnika litijuma\" \/>\n<meta name=\"robots\" content=\"index, follow, max-snippet:-1, max-image-preview:large, max-video-preview:-1\" \/>\n<link rel=\"canonical\" href=\"https:\/\/balkangreenenergynews.com\/rs\/osam-lokalnih-samouprava-u-bih-protiv-rudnika-litijuma-na-majevici\/\" \/>\n<meta property=\"og:locale\" content=\"sr_RS\" \/>\n<meta property=\"og:type\" content=\"article\" \/>\n<meta property=\"og:title\" content=\"Osam lokalnih samouprava u BiH protiv rudnika litijuma na Majevici\" \/>\n<meta property=\"og:description\" content=\"Predstavnici osam loklanih samouprava u Bosni i Hercegovoini potpisali su zajedni\u010dku izjavu protiv otvaranja rudnika litijuma\" \/>\n<meta property=\"og:url\" content=\"https:\/\/balkangreenenergynews.com\/rs\/osam-lokalnih-samouprava-u-bih-protiv-rudnika-litijuma-na-majevici\/\" \/>\n<meta property=\"og:site_name\" content=\"Balkan Green Energy News\" \/>\n<meta property=\"article:published_time\" content=\"2024-09-17T12:41:08+00:00\" \/>\n<meta property=\"article:modified_time\" content=\"2024-09-24T11:57:58+00:00\" \/>\n<meta property=\"og:image\" content=\"https:\/\/balkangreenenergynews.com\/rs\/wp-content\/uploads\/2024\/09\/bih-litijum-zajednicka-izjava-lopare-tuzla-brcko-ugljevik.jpg\" \/>\n\t<meta property=\"og:image:width\" content=\"840\" \/>\n\t<meta property=\"og:image:height\" content=\"430\" \/>\n\t<meta property=\"og:image:type\" content=\"image\/jpeg\" \/>\n<meta name=\"author\" content=\"Vladimir Spasi\u0107\" \/>\n<meta name=\"twitter:card\" content=\"summary_large_image\" \/>\n<meta name=\"twitter:label1\" content=\"\u041d\u0430\u043f\u0438\u0441\u0430\u043d\u043e \u043e\u0434\" \/>\n\t<meta name=\"twitter:data1\" content=\"Vladimir Spasi\u0107\" \/>\n\t<meta name=\"twitter:label2\" content=\"\u041f\u0440\u043e\u0446\u0435\u045a\u0435\u043d\u043e \u0432\u0440\u0435\u043c\u0435 \u0447\u0438\u0442\u0430\u045a\u0430\" \/>\n\t<meta name=\"twitter:data2\" content=\"3 \u043c\u0438\u043d\u0443\u0442\u0430\" \/>\n<script type=\"application\/ld+json\" class=\"yoast-schema-graph\">{\"@context\":\"https:\\\/\\\/schema.org\",\"@graph\":[{\"@type\":\"Article\",\"@id\":\"https:\\\/\\\/balkangreenenergynews.com\\\/rs\\\/osam-lokalnih-samouprava-u-bih-protiv-rudnika-litijuma-na-majevici\\\/#article\",\"isPartOf\":{\"@id\":\"https:\\\/\\\/balkangreenenergynews.com\\\/rs\\\/osam-lokalnih-samouprava-u-bih-protiv-rudnika-litijuma-na-majevici\\\/\"},\"author\":{\"name\":\"Vladimir Spasi\u0107\",\"@id\":\"https:\\\/\\\/balkangreenenergynews.com\\\/rs\\\/#\\\/schema\\\/person\\\/99dc721c46113fea22caffad06ef7317\"},\"headline\":\"Osam lokalnih samouprava u BiH protiv rudnika litijuma na Majevici\",\"datePublished\":\"2024-09-17T12:41:08+00:00\",\"dateModified\":\"2024-09-24T11:57:58+00:00\",\"mainEntityOfPage\":{\"@id\":\"https:\\\/\\\/balkangreenenergynews.com\\\/rs\\\/osam-lokalnih-samouprava-u-bih-protiv-rudnika-litijuma-na-majevici\\\/\"},\"wordCount\":415,\"commentCount\":0,\"image\":{\"@id\":\"https:\\\/\\\/balkangreenenergynews.com\\\/rs\\\/osam-lokalnih-samouprava-u-bih-protiv-rudnika-litijuma-na-majevici\\\/#primaryimage\"},\"thumbnailUrl\":\"https:\\\/\\\/balkangreenenergynews.com\\\/rs\\\/wp-content\\\/uploads\\\/2024\\\/09\\\/bih-litijum-zajednicka-izjava-lopare-tuzla-brcko-ugljevik.jpg?wsr\",\"keywords\":[\"Jadar\",\"litijum\",\"Projekat Jadar\"],\"articleSection\":[\"\u017divotna sredina\"],\"inLanguage\":\"sr-RS\",\"potentialAction\":[{\"@type\":\"CommentAction\",\"name\":\"Comment\",\"target\":[\"https:\\\/\\\/balkangreenenergynews.com\\\/rs\\\/osam-lokalnih-samouprava-u-bih-protiv-rudnika-litijuma-na-majevici\\\/#respond\"]}]},{\"@type\":\"WebPage\",\"@id\":\"https:\\\/\\\/balkangreenenergynews.com\\\/rs\\\/osam-lokalnih-samouprava-u-bih-protiv-rudnika-litijuma-na-majevici\\\/\",\"url\":\"https:\\\/\\\/balkangreenenergynews.com\\\/rs\\\/osam-lokalnih-samouprava-u-bih-protiv-rudnika-litijuma-na-majevici\\\/\",\"name\":\"Osam lokalnih samouprava u BiH protiv rudnika litijuma na Majevici\",\"isPartOf\":{\"@id\":\"https:\\\/\\\/balkangreenenergynews.com\\\/rs\\\/#website\"},\"primaryImageOfPage\":{\"@id\":\"https:\\\/\\\/balkangreenenergynews.com\\\/rs\\\/osam-lokalnih-samouprava-u-bih-protiv-rudnika-litijuma-na-majevici\\\/#primaryimage\"},\"image\":{\"@id\":\"https:\\\/\\\/balkangreenenergynews.com\\\/rs\\\/osam-lokalnih-samouprava-u-bih-protiv-rudnika-litijuma-na-majevici\\\/#primaryimage\"},\"thumbnailUrl\":\"https:\\\/\\\/balkangreenenergynews.com\\\/rs\\\/wp-content\\\/uploads\\\/2024\\\/09\\\/bih-litijum-zajednicka-izjava-lopare-tuzla-brcko-ugljevik.jpg?wsr\",\"datePublished\":\"2024-09-17T12:41:08+00:00\",\"dateModified\":\"2024-09-24T11:57:58+00:00\",\"author\":{\"@id\":\"https:\\\/\\\/balkangreenenergynews.com\\\/rs\\\/#\\\/schema\\\/person\\\/99dc721c46113fea22caffad06ef7317\"},\"description\":\"Predstavnici osam loklanih samouprava u Bosni i Hercegovoini potpisali su zajedni\u010dku izjavu protiv otvaranja rudnika litijuma\",\"breadcrumb\":{\"@id\":\"https:\\\/\\\/balkangreenenergynews.com\\\/rs\\\/osam-lokalnih-samouprava-u-bih-protiv-rudnika-litijuma-na-majevici\\\/#breadcrumb\"},\"inLanguage\":\"sr-RS\",\"potentialAction\":[{\"@type\":\"ReadAction\",\"target\":[\"https:\\\/\\\/balkangreenenergynews.com\\\/rs\\\/osam-lokalnih-samouprava-u-bih-protiv-rudnika-litijuma-na-majevici\\\/\"]}]},{\"@type\":\"ImageObject\",\"inLanguage\":\"sr-RS\",\"@id\":\"https:\\\/\\\/balkangreenenergynews.com\\\/rs\\\/osam-lokalnih-samouprava-u-bih-protiv-rudnika-litijuma-na-majevici\\\/#primaryimage\",\"url\":\"https:\\\/\\\/balkangreenenergynews.com\\\/rs\\\/wp-content\\\/uploads\\\/2024\\\/09\\\/bih-litijum-zajednicka-izjava-lopare-tuzla-brcko-ugljevik.jpg?wsr\",\"contentUrl\":\"https:\\\/\\\/balkangreenenergynews.com\\\/rs\\\/wp-content\\\/uploads\\\/2024\\\/09\\\/bih-litijum-zajednicka-izjava-lopare-tuzla-brcko-ugljevik.jpg?wsr\",\"width\":840,\"height\":430,\"caption\":\"bih litijum zajednicka izjava lopare tuzla brcko ugljevik\"},{\"@type\":\"BreadcrumbList\",\"@id\":\"https:\\\/\\\/balkangreenenergynews.com\\\/rs\\\/osam-lokalnih-samouprava-u-bih-protiv-rudnika-litijuma-na-majevici\\\/#breadcrumb\",\"itemListElement\":[{\"@type\":\"ListItem\",\"position\":1,\"name\":\"Po\u010detna\",\"item\":\"https:\\\/\\\/balkangreenenergynews.com\\\/rs\\\/\"},{\"@type\":\"ListItem\",\"position\":2,\"name\":\"Vesti\",\"item\":\"https:\\\/\\\/balkangreenenergynews.com\\\/rs\\\/kategorija\\\/vesti\\\/\"},{\"@type\":\"ListItem\",\"position\":3,\"name\":\"\u017divotna sredina\",\"item\":\"https:\\\/\\\/balkangreenenergynews.com\\\/rs\\\/kategorija\\\/vesti\\\/zivotna-sredina\\\/\"},{\"@type\":\"ListItem\",\"position\":4,\"name\":\"Osam lokalnih samouprava u BiH protiv rudnika litijuma na Majevici\"}]},{\"@type\":\"WebSite\",\"@id\":\"https:\\\/\\\/balkangreenenergynews.com\\\/rs\\\/#website\",\"url\":\"https:\\\/\\\/balkangreenenergynews.com\\\/rs\\\/\",\"name\":\"Balkan Green Energy News\",\"description\":\"Naj\u0161iri izbor vesti sa Balkana o zelenoj energiji\",\"potentialAction\":[{\"@type\":\"SearchAction\",\"target\":{\"@type\":\"EntryPoint\",\"urlTemplate\":\"https:\\\/\\\/balkangreenenergynews.com\\\/rs\\\/?s={search_term_string}\"},\"query-input\":{\"@type\":\"PropertyValueSpecification\",\"valueRequired\":true,\"valueName\":\"search_term_string\"}}],\"inLanguage\":\"sr-RS\"},{\"@type\":\"Person\",\"@id\":\"https:\\\/\\\/balkangreenenergynews.com\\\/rs\\\/#\\\/schema\\\/person\\\/99dc721c46113fea22caffad06ef7317\",\"name\":\"Vladimir Spasi\u0107\",\"url\":\"https:\\\/\\\/balkangreenenergynews.com\\\/rs\\\/author\\\/vladimir-spasic\\\/\"}]}<\/script>\n<!-- \/ Yoast SEO plugin. -->","yoast_head_json":{"title":"Osam lokalnih samouprava u BiH protiv rudnika litijuma na Majevici","description":"Predstavnici osam loklanih samouprava u Bosni i Hercegovoini potpisali su zajedni\u010dku izjavu protiv otvaranja rudnika litijuma","robots":{"index":"index","follow":"follow","max-snippet":"max-snippet:-1","max-image-preview":"max-image-preview:large","max-video-preview":"max-video-preview:-1"},"canonical":"https:\/\/balkangreenenergynews.com\/rs\/osam-lokalnih-samouprava-u-bih-protiv-rudnika-litijuma-na-majevici\/","og_locale":"sr_RS","og_type":"article","og_title":"Osam lokalnih samouprava u BiH protiv rudnika litijuma na Majevici","og_description":"Predstavnici osam loklanih samouprava u Bosni i Hercegovoini potpisali su zajedni\u010dku izjavu protiv otvaranja rudnika litijuma","og_url":"https:\/\/balkangreenenergynews.com\/rs\/osam-lokalnih-samouprava-u-bih-protiv-rudnika-litijuma-na-majevici\/","og_site_name":"Balkan Green Energy News","article_published_time":"2024-09-17T12:41:08+00:00","article_modified_time":"2024-09-24T11:57:58+00:00","og_image":[{"width":840,"height":430,"url":"https:\/\/balkangreenenergynews.com\/rs\/wp-content\/uploads\/2024\/09\/bih-litijum-zajednicka-izjava-lopare-tuzla-brcko-ugljevik.jpg","type":"image\/jpeg"}],"author":"Vladimir Spasi\u0107","twitter_card":"summary_large_image","twitter_misc":{"\u041d\u0430\u043f\u0438\u0441\u0430\u043d\u043e \u043e\u0434":"Vladimir Spasi\u0107","\u041f\u0440\u043e\u0446\u0435\u045a\u0435\u043d\u043e \u0432\u0440\u0435\u043c\u0435 \u0447\u0438\u0442\u0430\u045a\u0430":"3 \u043c\u0438\u043d\u0443\u0442\u0430"},"schema":{"@context":"https:\/\/schema.org","@graph":[{"@type":"Article","@id":"https:\/\/balkangreenenergynews.com\/rs\/osam-lokalnih-samouprava-u-bih-protiv-rudnika-litijuma-na-majevici\/#article","isPartOf":{"@id":"https:\/\/balkangreenenergynews.com\/rs\/osam-lokalnih-samouprava-u-bih-protiv-rudnika-litijuma-na-majevici\/"},"author":{"name":"Vladimir Spasi\u0107","@id":"https:\/\/balkangreenenergynews.com\/rs\/#\/schema\/person\/99dc721c46113fea22caffad06ef7317"},"headline":"Osam lokalnih samouprava u BiH protiv rudnika litijuma na Majevici","datePublished":"2024-09-17T12:41:08+00:00","dateModified":"2024-09-24T11:57:58+00:00","mainEntityOfPage":{"@id":"https:\/\/balkangreenenergynews.com\/rs\/osam-lokalnih-samouprava-u-bih-protiv-rudnika-litijuma-na-majevici\/"},"wordCount":415,"commentCount":0,"image":{"@id":"https:\/\/balkangreenenergynews.com\/rs\/osam-lokalnih-samouprava-u-bih-protiv-rudnika-litijuma-na-majevici\/#primaryimage"},"thumbnailUrl":"https:\/\/balkangreenenergynews.com\/rs\/wp-content\/uploads\/2024\/09\/bih-litijum-zajednicka-izjava-lopare-tuzla-brcko-ugljevik.jpg?wsr","keywords":["Jadar","litijum","Projekat Jadar"],"articleSection":["\u017divotna sredina"],"inLanguage":"sr-RS","potentialAction":[{"@type":"CommentAction","name":"Comment","target":["https:\/\/balkangreenenergynews.com\/rs\/osam-lokalnih-samouprava-u-bih-protiv-rudnika-litijuma-na-majevici\/#respond"]}]},{"@type":"WebPage","@id":"https:\/\/balkangreenenergynews.com\/rs\/osam-lokalnih-samouprava-u-bih-protiv-rudnika-litijuma-na-majevici\/","url":"https:\/\/balkangreenenergynews.com\/rs\/osam-lokalnih-samouprava-u-bih-protiv-rudnika-litijuma-na-majevici\/","name":"Osam lokalnih samouprava u BiH protiv rudnika litijuma na Majevici","isPartOf":{"@id":"https:\/\/balkangreenenergynews.com\/rs\/#website"},"primaryImageOfPage":{"@id":"https:\/\/balkangreenenergynews.com\/rs\/osam-lokalnih-samouprava-u-bih-protiv-rudnika-litijuma-na-majevici\/#primaryimage"},"image":{"@id":"https:\/\/balkangreenenergynews.com\/rs\/osam-lokalnih-samouprava-u-bih-protiv-rudnika-litijuma-na-majevici\/#primaryimage"},"thumbnailUrl":"https:\/\/balkangreenenergynews.com\/rs\/wp-content\/uploads\/2024\/09\/bih-litijum-zajednicka-izjava-lopare-tuzla-brcko-ugljevik.jpg?wsr","datePublished":"2024-09-17T12:41:08+00:00","dateModified":"2024-09-24T11:57:58+00:00","author":{"@id":"https:\/\/balkangreenenergynews.com\/rs\/#\/schema\/person\/99dc721c46113fea22caffad06ef7317"},"description":"Predstavnici osam loklanih samouprava u Bosni i Hercegovoini potpisali su zajedni\u010dku izjavu protiv otvaranja rudnika litijuma","breadcrumb":{"@id":"https:\/\/balkangreenenergynews.com\/rs\/osam-lokalnih-samouprava-u-bih-protiv-rudnika-litijuma-na-majevici\/#breadcrumb"},"inLanguage":"sr-RS","potentialAction":[{"@type":"ReadAction","target":["https:\/\/balkangreenenergynews.com\/rs\/osam-lokalnih-samouprava-u-bih-protiv-rudnika-litijuma-na-majevici\/"]}]},{"@type":"ImageObject","inLanguage":"sr-RS","@id":"https:\/\/balkangreenenergynews.com\/rs\/osam-lokalnih-samouprava-u-bih-protiv-rudnika-litijuma-na-majevici\/#primaryimage","url":"https:\/\/balkangreenenergynews.com\/rs\/wp-content\/uploads\/2024\/09\/bih-litijum-zajednicka-izjava-lopare-tuzla-brcko-ugljevik.jpg?wsr","contentUrl":"https:\/\/balkangreenenergynews.com\/rs\/wp-content\/uploads\/2024\/09\/bih-litijum-zajednicka-izjava-lopare-tuzla-brcko-ugljevik.jpg?wsr","width":840,"height":430,"caption":"bih litijum zajednicka izjava lopare tuzla brcko ugljevik"},{"@type":"BreadcrumbList","@id":"https:\/\/balkangreenenergynews.com\/rs\/osam-lokalnih-samouprava-u-bih-protiv-rudnika-litijuma-na-majevici\/#breadcrumb","itemListElement":[{"@type":"ListItem","position":1,"name":"Po\u010detna","item":"https:\/\/balkangreenenergynews.com\/rs\/"},{"@type":"ListItem","position":2,"name":"Vesti","item":"https:\/\/balkangreenenergynews.com\/rs\/kategorija\/vesti\/"},{"@type":"ListItem","position":3,"name":"\u017divotna sredina","item":"https:\/\/balkangreenenergynews.com\/rs\/kategorija\/vesti\/zivotna-sredina\/"},{"@type":"ListItem","position":4,"name":"Osam lokalnih samouprava u BiH protiv rudnika litijuma na Majevici"}]},{"@type":"WebSite","@id":"https:\/\/balkangreenenergynews.com\/rs\/#website","url":"https:\/\/balkangreenenergynews.com\/rs\/","name":"Balkan Green Energy News","description":"Naj\u0161iri izbor vesti sa Balkana o zelenoj energiji","potentialAction":[{"@type":"SearchAction","target":{"@type":"EntryPoint","urlTemplate":"https:\/\/balkangreenenergynews.com\/rs\/?s={search_term_string}"},"query-input":{"@type":"PropertyValueSpecification","valueRequired":true,"valueName":"search_term_string"}}],"inLanguage":"sr-RS"},{"@type":"Person","@id":"https:\/\/balkangreenenergynews.com\/rs\/#\/schema\/person\/99dc721c46113fea22caffad06ef7317","name":"Vladimir Spasi\u0107","url":"https:\/\/balkangreenenergynews.com\/rs\/author\/vladimir-spasic\/"}]}},"_links":{"self":[{"href":"https:\/\/balkangreenenergynews.com\/rs\/wp-json\/wp\/v2\/posts\/72824","targetHints":{"allow":["GET"]}}],"collection":[{"href":"https:\/\/balkangreenenergynews.com\/rs\/wp-json\/wp\/v2\/posts"}],"about":[{"href":"https:\/\/balkangreenenergynews.com\/rs\/wp-json\/wp\/v2\/types\/post"}],"author":[{"embeddable":true,"href":"https:\/\/balkangreenenergynews.com\/rs\/wp-json\/wp\/v2\/users\/23"}],"replies":[{"embeddable":true,"href":"https:\/\/balkangreenenergynews.com\/rs\/wp-json\/wp\/v2\/comments?post=72824"}],"version-history":[{"count":0,"href":"https:\/\/balkangreenenergynews.com\/rs\/wp-json\/wp\/v2\/posts\/72824\/revisions"}],"wp:featuredmedia":[{"embeddable":true,"href":"https:\/\/balkangreenenergynews.com\/rs\/wp-json\/wp\/v2\/media\/72826"}],"wp:attachment":[{"href":"https:\/\/balkangreenenergynews.com\/rs\/wp-json\/wp\/v2\/media?parent=72824"}],"wp:term":[{"taxonomy":"category","embeddable":true,"href":"https:\/\/balkangreenenergynews.com\/rs\/wp-json\/wp\/v2\/categories?post=72824"},{"taxonomy":"post_tag","embeddable":true,"href":"https:\/\/balkangreenenergynews.com\/rs\/wp-json\/wp\/v2\/tags?post=72824"}],"curies":[{"name":"wp","href":"https:\/\/api.w.org\/{rel}","templated":true}]}}