{"id":72456,"date":"2024-09-04T16:59:43","date_gmt":"2024-09-04T14:59:43","guid":{"rendered":"https:\/\/balkangreenenergynews.com\/rs\/?p=72456"},"modified":"2024-09-04T17:02:39","modified_gmt":"2024-09-04T15:02:39","slug":"otvorene-prijave-za-klimatski-forum-mladih-zapadnog-balkana-2024","status":"publish","type":"post","link":"https:\/\/balkangreenenergynews.com\/rs\/otvorene-prijave-za-klimatski-forum-mladih-zapadnog-balkana-2024\/","title":{"rendered":"Otvorene prijave za Klimatski forum mladih Zapadnog Balkana 2024."},"content":{"rendered":"<h2>Evropska koalicija nevladinih organizacija Climate Action Network (CAN) Europe pozvala je mlade sa Zapadnog Balkana da se prijave za Klimatski forum mladih Zapadnog Balkana 2024.<\/h2>\n<p>Program je osmi\u0161ljen za u\u010desnike starosti izme\u0111u 18 i 30 godina koji su zainteresovani da pove\u0107aju svoje znanje o klimatskim i energetskim temama na Zapadnom Balkanu, naveo je CAN Europe.<\/p>\n<p>Ova koalicija ima 200 \u010dlanica koje su aktivne u 40 evropskih zemalja i predstavljaju vi\u0161e od 1.700 nevladinih organizacija.<\/p>\n<p>Klimatski forum mladih Zapadnog Balkana 2024. trebalo bi da okupi timove mladih iz Albanije, Bosne i Hercegovine, Crne Gore, Kosova*, Severne Makedonije i Srbije kako bi istra\u017eili najava\u017enije teme u vezi sa klimatskim promenama, energetikom, klimatskom diplomatijom i klimatskim pregovorima, navela je koalicija sa sedi\u0161tem u Briselu.<\/p>\n<p>Rok za slanje prijava je 20. septembar.<\/p>\n<p>Program c\u0301e se, tako\u0111e, pozabaviti rastuc\u0301im problemom dezinformacija, njihovog uticaja na procese dono\u0161enja odluka, kao i na oblikovanje javnog mnjenja o klimatskim i energetskim politikama.<\/p>\n<blockquote><p>Najbolji tim imac\u0301e priliku da otputuje u Be\u010d<\/p><\/blockquote>\n<p>Da bi se podstakao sveobuhvatan pristup ovim temama, Forum c\u0301e se sastojati od \u010detiri razli\u010dite faze:<\/p>\n<ul>\n<li>Izgradnja kapaciteta (Onlajn \u2013 2-3. oktobar);<\/li>\n<li>I faza takmi\u010denja: Prikupljanje informacija (3-30. oktobar);<\/li>\n<li>Takmi\u010denje: Predstavljanje radova (Onlajn \u2013 31. oktobar);<\/li>\n<li>Upoznavanje u\u017eivo (Studijsko putovanje u Be\u010d \u2013 druga polovina novembra).<\/li>\n<\/ul>\n<p>Najbolji tim c\u0301e imati priliku da otputuje u Be\u010d, da se sastane i sara\u0111uje sa vodec\u0301im me\u0111unarodnim akterima u oblasti klime i informisanja, te da se pove\u017ee sa klju\u010dnim igra\u010dima i stekne neprocenjiv uvid u globalni klimatski i energetski pejza\u017e, poru\u010dila je koalicija CAN Europe.<\/p>\n<p>Oni su, tako\u0111e,\u00a0preporu\u010dili kandidatima da se prijavljuju kao timovi od 3-4 u\u010desnika iz istog regiona Zapadnog Balkana. &#8222;Ako se prijavite pojedina\u010dno, bic\u0301ete nasumi\u010dno raspore\u0111eni u tim\u201c, dodali su.<\/p>\n<p>Za <a href=\"https:\/\/caneurope.org\/call-for-registration-can-europe-western-balkans-youth-climate-forum-2024\/\">vi\u0161e informacija<\/a> ili tehni\u010dku podr\u0161ku svi zainteresovani mogu kontaktirati Climate Action Network (CAN) Europe na eleonora.allena@caneurope.org.<\/p>\n","protected":false},"excerpt":{"rendered":"<p>Evropska koalicija nevladinih organizacija Climate Action Network (CAN) Europe pozvala je mlade sa Zapadnog Balkana da se prijave<\/p>\n","protected":false},"author":23,"featured_media":72457,"comment_status":"open","ping_status":"open","sticky":false,"template":"","format":"standard","meta":{"_acf_changed":false,"_monsterinsights_skip_tracking":false,"_monsterinsights_sitenote_active":false,"_monsterinsights_sitenote_note":"","_monsterinsights_sitenote_category":0,"footnotes":""},"categories":[504,5909],"tags":[5069,3301,766,767],"class_list":["post-72456","post","type-post","status-publish","format-standard","has-post-thumbnail","hentry","category-elektricna-energija","category-klimatske-promene","tag-can-europe","tag-klimatska-akcija","tag-klimatske-promene","tag-zapadni-balkan","country-regioneu"],"acf":[],"yoast_head":"<!-- This site is optimized with the Yoast SEO plugin v27.4 - https:\/\/yoast.com\/product\/yoast-seo-wordpress\/ -->\n<title>Otvorene prijave za Klimatski forum mladih Zapadnog Balkana 2024.<\/title>\n<meta name=\"description\" content=\"Evropska koalicija nevladinih organizacija Climate Action Network (CAN) Europe pozvala je mlade sa Zapadnog Balkana da se prijave\" \/>\n<meta name=\"robots\" content=\"index, follow, max-snippet:-1, max-image-preview:large, max-video-preview:-1\" \/>\n<link rel=\"canonical\" href=\"https:\/\/balkangreenenergynews.com\/rs\/otvorene-prijave-za-klimatski-forum-mladih-zapadnog-balkana-2024\/\" \/>\n<meta property=\"og:locale\" content=\"sr_RS\" \/>\n<meta property=\"og:type\" content=\"article\" \/>\n<meta property=\"og:title\" content=\"Otvorene prijave za Klimatski forum mladih Zapadnog Balkana 2024.\" \/>\n<meta property=\"og:description\" content=\"Evropska koalicija nevladinih organizacija Climate Action Network (CAN) Europe pozvala je mlade sa Zapadnog Balkana da se prijave\" \/>\n<meta property=\"og:url\" content=\"https:\/\/balkangreenenergynews.com\/rs\/otvorene-prijave-za-klimatski-forum-mladih-zapadnog-balkana-2024\/\" \/>\n<meta property=\"og:site_name\" content=\"Balkan Green Energy News\" \/>\n<meta property=\"article:published_time\" content=\"2024-09-04T14:59:43+00:00\" \/>\n<meta property=\"article:modified_time\" content=\"2024-09-04T15:02:39+00:00\" \/>\n<meta property=\"og:image\" content=\"https:\/\/balkangreenenergynews.com\/rs\/wp-content\/uploads\/2024\/09\/klimatski-forum-zapadnog-balkana-2024-konkurs-can-europe.jpg\" \/>\n\t<meta property=\"og:image:width\" content=\"840\" \/>\n\t<meta property=\"og:image:height\" content=\"430\" \/>\n\t<meta property=\"og:image:type\" content=\"image\/jpeg\" \/>\n<meta name=\"author\" content=\"Vladimir Spasi\u0107\" \/>\n<meta name=\"twitter:card\" content=\"summary_large_image\" \/>\n<meta name=\"twitter:label1\" content=\"\u041d\u0430\u043f\u0438\u0441\u0430\u043d\u043e \u043e\u0434\" \/>\n\t<meta name=\"twitter:data1\" content=\"Vladimir Spasi\u0107\" \/>\n\t<meta name=\"twitter:label2\" content=\"\u041f\u0440\u043e\u0446\u0435\u045a\u0435\u043d\u043e \u0432\u0440\u0435\u043c\u0435 \u0447\u0438\u0442\u0430\u045a\u0430\" \/>\n\t<meta name=\"twitter:data2\" content=\"2 \u043c\u0438\u043d\u0443\u0442\u0430\" \/>\n<script type=\"application\/ld+json\" class=\"yoast-schema-graph\">{\"@context\":\"https:\\\/\\\/schema.org\",\"@graph\":[{\"@type\":\"Article\",\"@id\":\"https:\\\/\\\/balkangreenenergynews.com\\\/rs\\\/otvorene-prijave-za-klimatski-forum-mladih-zapadnog-balkana-2024\\\/#article\",\"isPartOf\":{\"@id\":\"https:\\\/\\\/balkangreenenergynews.com\\\/rs\\\/otvorene-prijave-za-klimatski-forum-mladih-zapadnog-balkana-2024\\\/\"},\"author\":{\"name\":\"Vladimir Spasi\u0107\",\"@id\":\"https:\\\/\\\/balkangreenenergynews.com\\\/rs\\\/#\\\/schema\\\/person\\\/99dc721c46113fea22caffad06ef7317\"},\"headline\":\"Otvorene prijave za Klimatski forum mladih Zapadnog Balkana 2024.\",\"datePublished\":\"2024-09-04T14:59:43+00:00\",\"dateModified\":\"2024-09-04T15:02:39+00:00\",\"mainEntityOfPage\":{\"@id\":\"https:\\\/\\\/balkangreenenergynews.com\\\/rs\\\/otvorene-prijave-za-klimatski-forum-mladih-zapadnog-balkana-2024\\\/\"},\"wordCount\":333,\"commentCount\":0,\"image\":{\"@id\":\"https:\\\/\\\/balkangreenenergynews.com\\\/rs\\\/otvorene-prijave-za-klimatski-forum-mladih-zapadnog-balkana-2024\\\/#primaryimage\"},\"thumbnailUrl\":\"https:\\\/\\\/balkangreenenergynews.com\\\/rs\\\/wp-content\\\/uploads\\\/2024\\\/09\\\/klimatski-forum-zapadnog-balkana-2024-konkurs-can-europe.jpg?wsr\",\"keywords\":[\"CAN Europe\",\"klimatska akcija\",\"klimatske promene\",\"Zapadni Balkan\"],\"articleSection\":[\"Elektri\u010dna energija\",\"Klimatske promene\"],\"inLanguage\":\"sr-RS\",\"potentialAction\":[{\"@type\":\"CommentAction\",\"name\":\"Comment\",\"target\":[\"https:\\\/\\\/balkangreenenergynews.com\\\/rs\\\/otvorene-prijave-za-klimatski-forum-mladih-zapadnog-balkana-2024\\\/#respond\"]}]},{\"@type\":\"WebPage\",\"@id\":\"https:\\\/\\\/balkangreenenergynews.com\\\/rs\\\/otvorene-prijave-za-klimatski-forum-mladih-zapadnog-balkana-2024\\\/\",\"url\":\"https:\\\/\\\/balkangreenenergynews.com\\\/rs\\\/otvorene-prijave-za-klimatski-forum-mladih-zapadnog-balkana-2024\\\/\",\"name\":\"Otvorene prijave za Klimatski forum mladih Zapadnog Balkana 2024.\",\"isPartOf\":{\"@id\":\"https:\\\/\\\/balkangreenenergynews.com\\\/rs\\\/#website\"},\"primaryImageOfPage\":{\"@id\":\"https:\\\/\\\/balkangreenenergynews.com\\\/rs\\\/otvorene-prijave-za-klimatski-forum-mladih-zapadnog-balkana-2024\\\/#primaryimage\"},\"image\":{\"@id\":\"https:\\\/\\\/balkangreenenergynews.com\\\/rs\\\/otvorene-prijave-za-klimatski-forum-mladih-zapadnog-balkana-2024\\\/#primaryimage\"},\"thumbnailUrl\":\"https:\\\/\\\/balkangreenenergynews.com\\\/rs\\\/wp-content\\\/uploads\\\/2024\\\/09\\\/klimatski-forum-zapadnog-balkana-2024-konkurs-can-europe.jpg?wsr\",\"datePublished\":\"2024-09-04T14:59:43+00:00\",\"dateModified\":\"2024-09-04T15:02:39+00:00\",\"author\":{\"@id\":\"https:\\\/\\\/balkangreenenergynews.com\\\/rs\\\/#\\\/schema\\\/person\\\/99dc721c46113fea22caffad06ef7317\"},\"description\":\"Evropska koalicija nevladinih organizacija Climate Action Network (CAN) Europe pozvala je mlade sa Zapadnog Balkana da se prijave\",\"breadcrumb\":{\"@id\":\"https:\\\/\\\/balkangreenenergynews.com\\\/rs\\\/otvorene-prijave-za-klimatski-forum-mladih-zapadnog-balkana-2024\\\/#breadcrumb\"},\"inLanguage\":\"sr-RS\",\"potentialAction\":[{\"@type\":\"ReadAction\",\"target\":[\"https:\\\/\\\/balkangreenenergynews.com\\\/rs\\\/otvorene-prijave-za-klimatski-forum-mladih-zapadnog-balkana-2024\\\/\"]}]},{\"@type\":\"ImageObject\",\"inLanguage\":\"sr-RS\",\"@id\":\"https:\\\/\\\/balkangreenenergynews.com\\\/rs\\\/otvorene-prijave-za-klimatski-forum-mladih-zapadnog-balkana-2024\\\/#primaryimage\",\"url\":\"https:\\\/\\\/balkangreenenergynews.com\\\/rs\\\/wp-content\\\/uploads\\\/2024\\\/09\\\/klimatski-forum-zapadnog-balkana-2024-konkurs-can-europe.jpg?wsr\",\"contentUrl\":\"https:\\\/\\\/balkangreenenergynews.com\\\/rs\\\/wp-content\\\/uploads\\\/2024\\\/09\\\/klimatski-forum-zapadnog-balkana-2024-konkurs-can-europe.jpg?wsr\",\"width\":840,\"height\":430,\"caption\":\"klimatski forum zapadnog balkana 2024 konkurs can europe\"},{\"@type\":\"BreadcrumbList\",\"@id\":\"https:\\\/\\\/balkangreenenergynews.com\\\/rs\\\/otvorene-prijave-za-klimatski-forum-mladih-zapadnog-balkana-2024\\\/#breadcrumb\",\"itemListElement\":[{\"@type\":\"ListItem\",\"position\":1,\"name\":\"Po\u010detna\",\"item\":\"https:\\\/\\\/balkangreenenergynews.com\\\/rs\\\/\"},{\"@type\":\"ListItem\",\"position\":2,\"name\":\"Klimatske promene\",\"item\":\"https:\\\/\\\/balkangreenenergynews.com\\\/rs\\\/kategorija\\\/klimatske-promene\\\/\"},{\"@type\":\"ListItem\",\"position\":3,\"name\":\"Otvorene prijave za Klimatski forum mladih Zapadnog Balkana 2024.\"}]},{\"@type\":\"WebSite\",\"@id\":\"https:\\\/\\\/balkangreenenergynews.com\\\/rs\\\/#website\",\"url\":\"https:\\\/\\\/balkangreenenergynews.com\\\/rs\\\/\",\"name\":\"Balkan Green Energy News\",\"description\":\"Naj\u0161iri izbor vesti sa Balkana o zelenoj energiji\",\"potentialAction\":[{\"@type\":\"SearchAction\",\"target\":{\"@type\":\"EntryPoint\",\"urlTemplate\":\"https:\\\/\\\/balkangreenenergynews.com\\\/rs\\\/?s={search_term_string}\"},\"query-input\":{\"@type\":\"PropertyValueSpecification\",\"valueRequired\":true,\"valueName\":\"search_term_string\"}}],\"inLanguage\":\"sr-RS\"},{\"@type\":\"Person\",\"@id\":\"https:\\\/\\\/balkangreenenergynews.com\\\/rs\\\/#\\\/schema\\\/person\\\/99dc721c46113fea22caffad06ef7317\",\"name\":\"Vladimir Spasi\u0107\",\"url\":\"https:\\\/\\\/balkangreenenergynews.com\\\/rs\\\/author\\\/vladimir-spasic\\\/\"}]}<\/script>\n<!-- \/ Yoast SEO plugin. -->","yoast_head_json":{"title":"Otvorene prijave za Klimatski forum mladih Zapadnog Balkana 2024.","description":"Evropska koalicija nevladinih organizacija Climate Action Network (CAN) Europe pozvala je mlade sa Zapadnog Balkana da se prijave","robots":{"index":"index","follow":"follow","max-snippet":"max-snippet:-1","max-image-preview":"max-image-preview:large","max-video-preview":"max-video-preview:-1"},"canonical":"https:\/\/balkangreenenergynews.com\/rs\/otvorene-prijave-za-klimatski-forum-mladih-zapadnog-balkana-2024\/","og_locale":"sr_RS","og_type":"article","og_title":"Otvorene prijave za Klimatski forum mladih Zapadnog Balkana 2024.","og_description":"Evropska koalicija nevladinih organizacija Climate Action Network (CAN) Europe pozvala je mlade sa Zapadnog Balkana da se prijave","og_url":"https:\/\/balkangreenenergynews.com\/rs\/otvorene-prijave-za-klimatski-forum-mladih-zapadnog-balkana-2024\/","og_site_name":"Balkan Green Energy News","article_published_time":"2024-09-04T14:59:43+00:00","article_modified_time":"2024-09-04T15:02:39+00:00","og_image":[{"width":840,"height":430,"url":"https:\/\/balkangreenenergynews.com\/rs\/wp-content\/uploads\/2024\/09\/klimatski-forum-zapadnog-balkana-2024-konkurs-can-europe.jpg","type":"image\/jpeg"}],"author":"Vladimir Spasi\u0107","twitter_card":"summary_large_image","twitter_misc":{"\u041d\u0430\u043f\u0438\u0441\u0430\u043d\u043e \u043e\u0434":"Vladimir Spasi\u0107","\u041f\u0440\u043e\u0446\u0435\u045a\u0435\u043d\u043e \u0432\u0440\u0435\u043c\u0435 \u0447\u0438\u0442\u0430\u045a\u0430":"2 \u043c\u0438\u043d\u0443\u0442\u0430"},"schema":{"@context":"https:\/\/schema.org","@graph":[{"@type":"Article","@id":"https:\/\/balkangreenenergynews.com\/rs\/otvorene-prijave-za-klimatski-forum-mladih-zapadnog-balkana-2024\/#article","isPartOf":{"@id":"https:\/\/balkangreenenergynews.com\/rs\/otvorene-prijave-za-klimatski-forum-mladih-zapadnog-balkana-2024\/"},"author":{"name":"Vladimir Spasi\u0107","@id":"https:\/\/balkangreenenergynews.com\/rs\/#\/schema\/person\/99dc721c46113fea22caffad06ef7317"},"headline":"Otvorene prijave za Klimatski forum mladih Zapadnog Balkana 2024.","datePublished":"2024-09-04T14:59:43+00:00","dateModified":"2024-09-04T15:02:39+00:00","mainEntityOfPage":{"@id":"https:\/\/balkangreenenergynews.com\/rs\/otvorene-prijave-za-klimatski-forum-mladih-zapadnog-balkana-2024\/"},"wordCount":333,"commentCount":0,"image":{"@id":"https:\/\/balkangreenenergynews.com\/rs\/otvorene-prijave-za-klimatski-forum-mladih-zapadnog-balkana-2024\/#primaryimage"},"thumbnailUrl":"https:\/\/balkangreenenergynews.com\/rs\/wp-content\/uploads\/2024\/09\/klimatski-forum-zapadnog-balkana-2024-konkurs-can-europe.jpg?wsr","keywords":["CAN Europe","klimatska akcija","klimatske promene","Zapadni Balkan"],"articleSection":["Elektri\u010dna energija","Klimatske promene"],"inLanguage":"sr-RS","potentialAction":[{"@type":"CommentAction","name":"Comment","target":["https:\/\/balkangreenenergynews.com\/rs\/otvorene-prijave-za-klimatski-forum-mladih-zapadnog-balkana-2024\/#respond"]}]},{"@type":"WebPage","@id":"https:\/\/balkangreenenergynews.com\/rs\/otvorene-prijave-za-klimatski-forum-mladih-zapadnog-balkana-2024\/","url":"https:\/\/balkangreenenergynews.com\/rs\/otvorene-prijave-za-klimatski-forum-mladih-zapadnog-balkana-2024\/","name":"Otvorene prijave za Klimatski forum mladih Zapadnog Balkana 2024.","isPartOf":{"@id":"https:\/\/balkangreenenergynews.com\/rs\/#website"},"primaryImageOfPage":{"@id":"https:\/\/balkangreenenergynews.com\/rs\/otvorene-prijave-za-klimatski-forum-mladih-zapadnog-balkana-2024\/#primaryimage"},"image":{"@id":"https:\/\/balkangreenenergynews.com\/rs\/otvorene-prijave-za-klimatski-forum-mladih-zapadnog-balkana-2024\/#primaryimage"},"thumbnailUrl":"https:\/\/balkangreenenergynews.com\/rs\/wp-content\/uploads\/2024\/09\/klimatski-forum-zapadnog-balkana-2024-konkurs-can-europe.jpg?wsr","datePublished":"2024-09-04T14:59:43+00:00","dateModified":"2024-09-04T15:02:39+00:00","author":{"@id":"https:\/\/balkangreenenergynews.com\/rs\/#\/schema\/person\/99dc721c46113fea22caffad06ef7317"},"description":"Evropska koalicija nevladinih organizacija Climate Action Network (CAN) Europe pozvala je mlade sa Zapadnog Balkana da se prijave","breadcrumb":{"@id":"https:\/\/balkangreenenergynews.com\/rs\/otvorene-prijave-za-klimatski-forum-mladih-zapadnog-balkana-2024\/#breadcrumb"},"inLanguage":"sr-RS","potentialAction":[{"@type":"ReadAction","target":["https:\/\/balkangreenenergynews.com\/rs\/otvorene-prijave-za-klimatski-forum-mladih-zapadnog-balkana-2024\/"]}]},{"@type":"ImageObject","inLanguage":"sr-RS","@id":"https:\/\/balkangreenenergynews.com\/rs\/otvorene-prijave-za-klimatski-forum-mladih-zapadnog-balkana-2024\/#primaryimage","url":"https:\/\/balkangreenenergynews.com\/rs\/wp-content\/uploads\/2024\/09\/klimatski-forum-zapadnog-balkana-2024-konkurs-can-europe.jpg?wsr","contentUrl":"https:\/\/balkangreenenergynews.com\/rs\/wp-content\/uploads\/2024\/09\/klimatski-forum-zapadnog-balkana-2024-konkurs-can-europe.jpg?wsr","width":840,"height":430,"caption":"klimatski forum zapadnog balkana 2024 konkurs can europe"},{"@type":"BreadcrumbList","@id":"https:\/\/balkangreenenergynews.com\/rs\/otvorene-prijave-za-klimatski-forum-mladih-zapadnog-balkana-2024\/#breadcrumb","itemListElement":[{"@type":"ListItem","position":1,"name":"Po\u010detna","item":"https:\/\/balkangreenenergynews.com\/rs\/"},{"@type":"ListItem","position":2,"name":"Klimatske promene","item":"https:\/\/balkangreenenergynews.com\/rs\/kategorija\/klimatske-promene\/"},{"@type":"ListItem","position":3,"name":"Otvorene prijave za Klimatski forum mladih Zapadnog Balkana 2024."}]},{"@type":"WebSite","@id":"https:\/\/balkangreenenergynews.com\/rs\/#website","url":"https:\/\/balkangreenenergynews.com\/rs\/","name":"Balkan Green Energy News","description":"Naj\u0161iri izbor vesti sa Balkana o zelenoj energiji","potentialAction":[{"@type":"SearchAction","target":{"@type":"EntryPoint","urlTemplate":"https:\/\/balkangreenenergynews.com\/rs\/?s={search_term_string}"},"query-input":{"@type":"PropertyValueSpecification","valueRequired":true,"valueName":"search_term_string"}}],"inLanguage":"sr-RS"},{"@type":"Person","@id":"https:\/\/balkangreenenergynews.com\/rs\/#\/schema\/person\/99dc721c46113fea22caffad06ef7317","name":"Vladimir Spasi\u0107","url":"https:\/\/balkangreenenergynews.com\/rs\/author\/vladimir-spasic\/"}]}},"_links":{"self":[{"href":"https:\/\/balkangreenenergynews.com\/rs\/wp-json\/wp\/v2\/posts\/72456","targetHints":{"allow":["GET"]}}],"collection":[{"href":"https:\/\/balkangreenenergynews.com\/rs\/wp-json\/wp\/v2\/posts"}],"about":[{"href":"https:\/\/balkangreenenergynews.com\/rs\/wp-json\/wp\/v2\/types\/post"}],"author":[{"embeddable":true,"href":"https:\/\/balkangreenenergynews.com\/rs\/wp-json\/wp\/v2\/users\/23"}],"replies":[{"embeddable":true,"href":"https:\/\/balkangreenenergynews.com\/rs\/wp-json\/wp\/v2\/comments?post=72456"}],"version-history":[{"count":0,"href":"https:\/\/balkangreenenergynews.com\/rs\/wp-json\/wp\/v2\/posts\/72456\/revisions"}],"wp:featuredmedia":[{"embeddable":true,"href":"https:\/\/balkangreenenergynews.com\/rs\/wp-json\/wp\/v2\/media\/72457"}],"wp:attachment":[{"href":"https:\/\/balkangreenenergynews.com\/rs\/wp-json\/wp\/v2\/media?parent=72456"}],"wp:term":[{"taxonomy":"category","embeddable":true,"href":"https:\/\/balkangreenenergynews.com\/rs\/wp-json\/wp\/v2\/categories?post=72456"},{"taxonomy":"post_tag","embeddable":true,"href":"https:\/\/balkangreenenergynews.com\/rs\/wp-json\/wp\/v2\/tags?post=72456"}],"curies":[{"name":"wp","href":"https:\/\/api.w.org\/{rel}","templated":true}]}}