{"id":72400,"date":"2024-09-02T16:51:53","date_gmt":"2024-09-02T14:51:53","guid":{"rendered":"https:\/\/balkangreenenergynews.com\/rs\/?p=72400"},"modified":"2024-10-10T08:50:21","modified_gmt":"2024-10-10T06:50:21","slug":"bih-ce-za-cetiri-godine-dobiti-elektrane-na-solar-i-vetar-snage-2-200-mw","status":"publish","type":"post","link":"https:\/\/balkangreenenergynews.com\/rs\/bih-ce-za-cetiri-godine-dobiti-elektrane-na-solar-i-vetar-snage-2-200-mw\/","title":{"rendered":"BiH \u0107e za \u010detiri godine dobiti elektrane na solar i vetar snage 2.200 MW"},"content":{"rendered":"<h2>U naredne tri do \u010detiri godine u Bosni i Hercegovini bi\u0107e izgra\u0111ene solarne elektrane snage 1.500 MW i vetroparkovi kapaciteta 700 MW, izjavio je Edhem Bi\u010dak\u010di\u0107, predsednik Regionalnog saveta Jugoisto\u010dne Evrope Me\u0111unarodnog ve\u0107a za velike elektri\u010dne sisteme (South-East European Regional Council of CIGRE &#8211; SEERC).<\/h2>\n<p>Bosna i Hercegovina, prema re\u010dima Edhema Bi\u010dak\u010di\u0107a, raspola\u017ee sa zna\u010dajnim neiskori\u0161\u0107enim potencijalom za kori\u0161\u0107enje energije vode, vetra i sunca. On je istakao da se ubrzano grade novi vetroparkovi i fotonaponske elektrane, preneo je portal <a href=\"https:\/\/www.akta.ba\/vijesti\/bih\/182257\/bicakcic-bih-je-potreban-cvrsci-zagrljaj-eu\">Akta<\/a>.<\/p>\n<p>Dodatni podstrek investicijama u obnovljivu energiju dao je zna\u010dajan rast cena energije u poslednje tri godine, dodao je on, i naveo da prilikom odluke o investiranju trebalo bi uzeti u obzir rizike promena cene elektri\u010dne energije.<\/p>\n<p>Bi\u010dak\u010di\u0107 je rekao da o\u010dekuje u naredne tri do \u010detiri godine vi\u0161e od 1.500 MW novih solarnih elektrana i vi\u0161e od 700 MW novih vetroparkova. Te elektrane \u0107e, procenjuje, proizvesti 4.000 GWh struje, \u0161to je trenutno \u010detvrtina ukupne proizvodnje ili tre\u0107ina ukupne potro\u0161nje u BiH.<\/p>\n<blockquote><p>Najve\u0107i problem za nove elektrane je balansiranje<\/p><\/blockquote>\n<p>On smatra da \u0107e najve\u0107i problem za te nove elektrane biti balansiranje i kapacitet prenosnih i distributivnih mre\u017ea da prihvate tu energiju. Jasno je, dodaje, da nedostaje sinhronizovan razvoj prenosne i distributivne mre\u017ee za priklju\u010dak novih objekata.<\/p>\n<p>Sa druge, strane, Bi\u010dak\u010di\u0107 nagla\u0161ava da je najte\u017ei zadatak koji BiH mora da re\u0161i u energetskoj tranziciji ga\u0161enje termoelektrana i smanjenje neto emisija CO2 na nulu u 2050.<\/p>\n<blockquote><p>BiH nema ni plan, ni strategiju<\/p><\/blockquote>\n<p>On je podsetio da se energetska tranzicija ne odnosi samo na proizvodnju struje iz obnovljivih izvora, ve\u0107 i na kori\u0161\u0107enje te energije u transportu, grejanju i hla\u0111enju. Udeo elektri\u010dne energije u ukupnom bilansu energetskih potreba bi, procenjuje, trebalo da se duplira do 2050. Zbog toga \u0107e morati da se grade reverzibilne i akumulacione hidroelektrane i koristi zeleni vodonik i ostali kapaciteti za skladi\u0161tenje elektri\u010dne energije, istakao je on, i dodao da BiH za to nema ni pripremljen plan, ni strategiju.<\/p>\n<p>Bi\u010dak\u010di\u0107 je naglasio da BiH kao zemlja u razvoju nije u mogu\u0107nosti da finansijski samostalno srovede energetsku tranziciju. Bez podr\u0161ke me\u0111unarodnih finansijskih institucija kroz grantove i povoljne kredite, kao i transfere znanja i iskustava, ne\u0107e biti mogu\u0107e uspe\u0161no uraditi pravednu tranziciju regiona uglja, rekao je Bi\u010dak\u010di\u0107.<\/p>\n","protected":false},"excerpt":{"rendered":"<p>BiH, prema re\u010dima Edhema Bi\u010dak\u010di\u0107a, raspola\u017ee sa zna\u010dajnim neiskori\u0161\u0107enim potencijalom za kori\u0161\u0107enje energije vode, vetra i sunca<\/p>\n","protected":false},"author":23,"featured_media":72509,"comment_status":"open","ping_status":"open","sticky":false,"template":"","format":"standard","meta":{"_acf_changed":false,"_monsterinsights_skip_tracking":false,"_monsterinsights_sitenote_active":false,"_monsterinsights_sitenote_note":"","_monsterinsights_sitenote_category":0,"footnotes":""},"categories":[504,1],"tags":[5468,1854,6415,1890,4891,5133],"class_list":["post-72400","post","type-post","status-publish","format-standard","has-post-thumbnail","hentry","category-elektricna-energija","category-obnovljivi-izvori-energije","tag-balansiranje","tag-energetska-tranzicija","tag-izjava-dana","tag-solarne-elektrane","tag-vetroparkovi","tag-vodonik","country-bosna-i-hercegovina"],"acf":[],"yoast_head":"<!-- This site is optimized with the Yoast SEO plugin v27.4 - https:\/\/yoast.com\/product\/yoast-seo-wordpress\/ -->\n<title>BiH \u0107e za \u010detiri godine dobiti elektrane na solar i vetar snage 2.200 MW<\/title>\n<meta name=\"description\" content=\"BiH, prema re\u010dima Edhema Bi\u010dak\u010di\u0107a, raspola\u017ee sa zna\u010dajnim neiskori\u0161\u0107enim potencijalom za kori\u0161\u0107enje energije vode, vetra i sunca\" \/>\n<meta name=\"robots\" content=\"index, follow, max-snippet:-1, max-image-preview:large, max-video-preview:-1\" \/>\n<link rel=\"canonical\" href=\"https:\/\/balkangreenenergynews.com\/rs\/bih-ce-za-cetiri-godine-dobiti-elektrane-na-solar-i-vetar-snage-2-200-mw\/\" \/>\n<meta property=\"og:locale\" content=\"sr_RS\" \/>\n<meta property=\"og:type\" content=\"article\" \/>\n<meta property=\"og:title\" content=\"BiH \u0107e za \u010detiri godine dobiti elektrane na solar i vetar snage 2.200 MW\" \/>\n<meta property=\"og:description\" content=\"BiH, prema re\u010dima Edhema Bi\u010dak\u010di\u0107a, raspola\u017ee sa zna\u010dajnim neiskori\u0161\u0107enim potencijalom za kori\u0161\u0107enje energije vode, vetra i sunca\" \/>\n<meta property=\"og:url\" content=\"https:\/\/balkangreenenergynews.com\/rs\/bih-ce-za-cetiri-godine-dobiti-elektrane-na-solar-i-vetar-snage-2-200-mw\/\" \/>\n<meta property=\"og:site_name\" content=\"Balkan Green Energy News\" \/>\n<meta property=\"article:published_time\" content=\"2024-09-02T14:51:53+00:00\" \/>\n<meta property=\"article:modified_time\" content=\"2024-10-10T06:50:21+00:00\" \/>\n<meta property=\"og:image\" content=\"https:\/\/balkangreenenergynews.com\/rs\/wp-content\/uploads\/2024\/09\/bih-solar-vetar-bicakcic.jpg\" \/>\n\t<meta property=\"og:image:width\" content=\"840\" \/>\n\t<meta property=\"og:image:height\" content=\"430\" \/>\n\t<meta property=\"og:image:type\" content=\"image\/jpeg\" \/>\n<meta name=\"author\" content=\"Vladimir Spasi\u0107\" \/>\n<meta name=\"twitter:card\" content=\"summary_large_image\" \/>\n<meta name=\"twitter:label1\" content=\"\u041d\u0430\u043f\u0438\u0441\u0430\u043d\u043e \u043e\u0434\" \/>\n\t<meta name=\"twitter:data1\" content=\"Vladimir Spasi\u0107\" \/>\n\t<meta name=\"twitter:label2\" content=\"\u041f\u0440\u043e\u0446\u0435\u045a\u0435\u043d\u043e \u0432\u0440\u0435\u043c\u0435 \u0447\u0438\u0442\u0430\u045a\u0430\" \/>\n\t<meta name=\"twitter:data2\" content=\"3 \u043c\u0438\u043d\u0443\u0442\u0430\" \/>\n<script type=\"application\/ld+json\" class=\"yoast-schema-graph\">{\"@context\":\"https:\\\/\\\/schema.org\",\"@graph\":[{\"@type\":\"Article\",\"@id\":\"https:\\\/\\\/balkangreenenergynews.com\\\/rs\\\/bih-ce-za-cetiri-godine-dobiti-elektrane-na-solar-i-vetar-snage-2-200-mw\\\/#article\",\"isPartOf\":{\"@id\":\"https:\\\/\\\/balkangreenenergynews.com\\\/rs\\\/bih-ce-za-cetiri-godine-dobiti-elektrane-na-solar-i-vetar-snage-2-200-mw\\\/\"},\"author\":{\"name\":\"Vladimir Spasi\u0107\",\"@id\":\"https:\\\/\\\/balkangreenenergynews.com\\\/rs\\\/#\\\/schema\\\/person\\\/99dc721c46113fea22caffad06ef7317\"},\"headline\":\"BiH \u0107e za \u010detiri godine dobiti elektrane na solar i vetar snage 2.200 MW\",\"datePublished\":\"2024-09-02T14:51:53+00:00\",\"dateModified\":\"2024-10-10T06:50:21+00:00\",\"mainEntityOfPage\":{\"@id\":\"https:\\\/\\\/balkangreenenergynews.com\\\/rs\\\/bih-ce-za-cetiri-godine-dobiti-elektrane-na-solar-i-vetar-snage-2-200-mw\\\/\"},\"wordCount\":422,\"commentCount\":0,\"image\":{\"@id\":\"https:\\\/\\\/balkangreenenergynews.com\\\/rs\\\/bih-ce-za-cetiri-godine-dobiti-elektrane-na-solar-i-vetar-snage-2-200-mw\\\/#primaryimage\"},\"thumbnailUrl\":\"https:\\\/\\\/balkangreenenergynews.com\\\/rs\\\/wp-content\\\/uploads\\\/2024\\\/09\\\/bih-solar-vetar-bicakcic.jpg?wsr\",\"keywords\":[\"balansiranje\",\"energetska tranzicija\",\"Izjava dana\",\"solarne elektrane\",\"vetroparkovi\",\"vodonik\"],\"articleSection\":[\"Elektri\u010dna energija\",\"OIE\"],\"inLanguage\":\"sr-RS\",\"potentialAction\":[{\"@type\":\"CommentAction\",\"name\":\"Comment\",\"target\":[\"https:\\\/\\\/balkangreenenergynews.com\\\/rs\\\/bih-ce-za-cetiri-godine-dobiti-elektrane-na-solar-i-vetar-snage-2-200-mw\\\/#respond\"]}]},{\"@type\":\"WebPage\",\"@id\":\"https:\\\/\\\/balkangreenenergynews.com\\\/rs\\\/bih-ce-za-cetiri-godine-dobiti-elektrane-na-solar-i-vetar-snage-2-200-mw\\\/\",\"url\":\"https:\\\/\\\/balkangreenenergynews.com\\\/rs\\\/bih-ce-za-cetiri-godine-dobiti-elektrane-na-solar-i-vetar-snage-2-200-mw\\\/\",\"name\":\"BiH \u0107e za \u010detiri godine dobiti elektrane na solar i vetar snage 2.200 MW\",\"isPartOf\":{\"@id\":\"https:\\\/\\\/balkangreenenergynews.com\\\/rs\\\/#website\"},\"primaryImageOfPage\":{\"@id\":\"https:\\\/\\\/balkangreenenergynews.com\\\/rs\\\/bih-ce-za-cetiri-godine-dobiti-elektrane-na-solar-i-vetar-snage-2-200-mw\\\/#primaryimage\"},\"image\":{\"@id\":\"https:\\\/\\\/balkangreenenergynews.com\\\/rs\\\/bih-ce-za-cetiri-godine-dobiti-elektrane-na-solar-i-vetar-snage-2-200-mw\\\/#primaryimage\"},\"thumbnailUrl\":\"https:\\\/\\\/balkangreenenergynews.com\\\/rs\\\/wp-content\\\/uploads\\\/2024\\\/09\\\/bih-solar-vetar-bicakcic.jpg?wsr\",\"datePublished\":\"2024-09-02T14:51:53+00:00\",\"dateModified\":\"2024-10-10T06:50:21+00:00\",\"author\":{\"@id\":\"https:\\\/\\\/balkangreenenergynews.com\\\/rs\\\/#\\\/schema\\\/person\\\/99dc721c46113fea22caffad06ef7317\"},\"description\":\"BiH, prema re\u010dima Edhema Bi\u010dak\u010di\u0107a, raspola\u017ee sa zna\u010dajnim neiskori\u0161\u0107enim potencijalom za kori\u0161\u0107enje energije vode, vetra i sunca\",\"breadcrumb\":{\"@id\":\"https:\\\/\\\/balkangreenenergynews.com\\\/rs\\\/bih-ce-za-cetiri-godine-dobiti-elektrane-na-solar-i-vetar-snage-2-200-mw\\\/#breadcrumb\"},\"inLanguage\":\"sr-RS\",\"potentialAction\":[{\"@type\":\"ReadAction\",\"target\":[\"https:\\\/\\\/balkangreenenergynews.com\\\/rs\\\/bih-ce-za-cetiri-godine-dobiti-elektrane-na-solar-i-vetar-snage-2-200-mw\\\/\"]}]},{\"@type\":\"ImageObject\",\"inLanguage\":\"sr-RS\",\"@id\":\"https:\\\/\\\/balkangreenenergynews.com\\\/rs\\\/bih-ce-za-cetiri-godine-dobiti-elektrane-na-solar-i-vetar-snage-2-200-mw\\\/#primaryimage\",\"url\":\"https:\\\/\\\/balkangreenenergynews.com\\\/rs\\\/wp-content\\\/uploads\\\/2024\\\/09\\\/bih-solar-vetar-bicakcic.jpg?wsr\",\"contentUrl\":\"https:\\\/\\\/balkangreenenergynews.com\\\/rs\\\/wp-content\\\/uploads\\\/2024\\\/09\\\/bih-solar-vetar-bicakcic.jpg?wsr\",\"width\":840,\"height\":430,\"caption\":\"bih solar vetar bicakcic\"},{\"@type\":\"BreadcrumbList\",\"@id\":\"https:\\\/\\\/balkangreenenergynews.com\\\/rs\\\/bih-ce-za-cetiri-godine-dobiti-elektrane-na-solar-i-vetar-snage-2-200-mw\\\/#breadcrumb\",\"itemListElement\":[{\"@type\":\"ListItem\",\"position\":1,\"name\":\"Po\u010detna\",\"item\":\"https:\\\/\\\/balkangreenenergynews.com\\\/rs\\\/\"},{\"@type\":\"ListItem\",\"position\":2,\"name\":\"Vesti\",\"item\":\"https:\\\/\\\/balkangreenenergynews.com\\\/rs\\\/kategorija\\\/vesti\\\/\"},{\"@type\":\"ListItem\",\"position\":3,\"name\":\"Elektri\u010dna energija\",\"item\":\"https:\\\/\\\/balkangreenenergynews.com\\\/rs\\\/kategorija\\\/vesti\\\/elektricna-energija\\\/\"},{\"@type\":\"ListItem\",\"position\":4,\"name\":\"BiH \u0107e za \u010detiri godine dobiti elektrane na solar i vetar snage 2.200 MW\"}]},{\"@type\":\"WebSite\",\"@id\":\"https:\\\/\\\/balkangreenenergynews.com\\\/rs\\\/#website\",\"url\":\"https:\\\/\\\/balkangreenenergynews.com\\\/rs\\\/\",\"name\":\"Balkan Green Energy News\",\"description\":\"Naj\u0161iri izbor vesti sa Balkana o zelenoj energiji\",\"potentialAction\":[{\"@type\":\"SearchAction\",\"target\":{\"@type\":\"EntryPoint\",\"urlTemplate\":\"https:\\\/\\\/balkangreenenergynews.com\\\/rs\\\/?s={search_term_string}\"},\"query-input\":{\"@type\":\"PropertyValueSpecification\",\"valueRequired\":true,\"valueName\":\"search_term_string\"}}],\"inLanguage\":\"sr-RS\"},{\"@type\":\"Person\",\"@id\":\"https:\\\/\\\/balkangreenenergynews.com\\\/rs\\\/#\\\/schema\\\/person\\\/99dc721c46113fea22caffad06ef7317\",\"name\":\"Vladimir Spasi\u0107\",\"url\":\"https:\\\/\\\/balkangreenenergynews.com\\\/rs\\\/author\\\/vladimir-spasic\\\/\"}]}<\/script>\n<!-- \/ Yoast SEO plugin. -->","yoast_head_json":{"title":"BiH \u0107e za \u010detiri godine dobiti elektrane na solar i vetar snage 2.200 MW","description":"BiH, prema re\u010dima Edhema Bi\u010dak\u010di\u0107a, raspola\u017ee sa zna\u010dajnim neiskori\u0161\u0107enim potencijalom za kori\u0161\u0107enje energije vode, vetra i sunca","robots":{"index":"index","follow":"follow","max-snippet":"max-snippet:-1","max-image-preview":"max-image-preview:large","max-video-preview":"max-video-preview:-1"},"canonical":"https:\/\/balkangreenenergynews.com\/rs\/bih-ce-za-cetiri-godine-dobiti-elektrane-na-solar-i-vetar-snage-2-200-mw\/","og_locale":"sr_RS","og_type":"article","og_title":"BiH \u0107e za \u010detiri godine dobiti elektrane na solar i vetar snage 2.200 MW","og_description":"BiH, prema re\u010dima Edhema Bi\u010dak\u010di\u0107a, raspola\u017ee sa zna\u010dajnim neiskori\u0161\u0107enim potencijalom za kori\u0161\u0107enje energije vode, vetra i sunca","og_url":"https:\/\/balkangreenenergynews.com\/rs\/bih-ce-za-cetiri-godine-dobiti-elektrane-na-solar-i-vetar-snage-2-200-mw\/","og_site_name":"Balkan Green Energy News","article_published_time":"2024-09-02T14:51:53+00:00","article_modified_time":"2024-10-10T06:50:21+00:00","og_image":[{"width":840,"height":430,"url":"https:\/\/balkangreenenergynews.com\/rs\/wp-content\/uploads\/2024\/09\/bih-solar-vetar-bicakcic.jpg","type":"image\/jpeg"}],"author":"Vladimir Spasi\u0107","twitter_card":"summary_large_image","twitter_misc":{"\u041d\u0430\u043f\u0438\u0441\u0430\u043d\u043e \u043e\u0434":"Vladimir Spasi\u0107","\u041f\u0440\u043e\u0446\u0435\u045a\u0435\u043d\u043e \u0432\u0440\u0435\u043c\u0435 \u0447\u0438\u0442\u0430\u045a\u0430":"3 \u043c\u0438\u043d\u0443\u0442\u0430"},"schema":{"@context":"https:\/\/schema.org","@graph":[{"@type":"Article","@id":"https:\/\/balkangreenenergynews.com\/rs\/bih-ce-za-cetiri-godine-dobiti-elektrane-na-solar-i-vetar-snage-2-200-mw\/#article","isPartOf":{"@id":"https:\/\/balkangreenenergynews.com\/rs\/bih-ce-za-cetiri-godine-dobiti-elektrane-na-solar-i-vetar-snage-2-200-mw\/"},"author":{"name":"Vladimir Spasi\u0107","@id":"https:\/\/balkangreenenergynews.com\/rs\/#\/schema\/person\/99dc721c46113fea22caffad06ef7317"},"headline":"BiH \u0107e za \u010detiri godine dobiti elektrane na solar i vetar snage 2.200 MW","datePublished":"2024-09-02T14:51:53+00:00","dateModified":"2024-10-10T06:50:21+00:00","mainEntityOfPage":{"@id":"https:\/\/balkangreenenergynews.com\/rs\/bih-ce-za-cetiri-godine-dobiti-elektrane-na-solar-i-vetar-snage-2-200-mw\/"},"wordCount":422,"commentCount":0,"image":{"@id":"https:\/\/balkangreenenergynews.com\/rs\/bih-ce-za-cetiri-godine-dobiti-elektrane-na-solar-i-vetar-snage-2-200-mw\/#primaryimage"},"thumbnailUrl":"https:\/\/balkangreenenergynews.com\/rs\/wp-content\/uploads\/2024\/09\/bih-solar-vetar-bicakcic.jpg?wsr","keywords":["balansiranje","energetska tranzicija","Izjava dana","solarne elektrane","vetroparkovi","vodonik"],"articleSection":["Elektri\u010dna energija","OIE"],"inLanguage":"sr-RS","potentialAction":[{"@type":"CommentAction","name":"Comment","target":["https:\/\/balkangreenenergynews.com\/rs\/bih-ce-za-cetiri-godine-dobiti-elektrane-na-solar-i-vetar-snage-2-200-mw\/#respond"]}]},{"@type":"WebPage","@id":"https:\/\/balkangreenenergynews.com\/rs\/bih-ce-za-cetiri-godine-dobiti-elektrane-na-solar-i-vetar-snage-2-200-mw\/","url":"https:\/\/balkangreenenergynews.com\/rs\/bih-ce-za-cetiri-godine-dobiti-elektrane-na-solar-i-vetar-snage-2-200-mw\/","name":"BiH \u0107e za \u010detiri godine dobiti elektrane na solar i vetar snage 2.200 MW","isPartOf":{"@id":"https:\/\/balkangreenenergynews.com\/rs\/#website"},"primaryImageOfPage":{"@id":"https:\/\/balkangreenenergynews.com\/rs\/bih-ce-za-cetiri-godine-dobiti-elektrane-na-solar-i-vetar-snage-2-200-mw\/#primaryimage"},"image":{"@id":"https:\/\/balkangreenenergynews.com\/rs\/bih-ce-za-cetiri-godine-dobiti-elektrane-na-solar-i-vetar-snage-2-200-mw\/#primaryimage"},"thumbnailUrl":"https:\/\/balkangreenenergynews.com\/rs\/wp-content\/uploads\/2024\/09\/bih-solar-vetar-bicakcic.jpg?wsr","datePublished":"2024-09-02T14:51:53+00:00","dateModified":"2024-10-10T06:50:21+00:00","author":{"@id":"https:\/\/balkangreenenergynews.com\/rs\/#\/schema\/person\/99dc721c46113fea22caffad06ef7317"},"description":"BiH, prema re\u010dima Edhema Bi\u010dak\u010di\u0107a, raspola\u017ee sa zna\u010dajnim neiskori\u0161\u0107enim potencijalom za kori\u0161\u0107enje energije vode, vetra i sunca","breadcrumb":{"@id":"https:\/\/balkangreenenergynews.com\/rs\/bih-ce-za-cetiri-godine-dobiti-elektrane-na-solar-i-vetar-snage-2-200-mw\/#breadcrumb"},"inLanguage":"sr-RS","potentialAction":[{"@type":"ReadAction","target":["https:\/\/balkangreenenergynews.com\/rs\/bih-ce-za-cetiri-godine-dobiti-elektrane-na-solar-i-vetar-snage-2-200-mw\/"]}]},{"@type":"ImageObject","inLanguage":"sr-RS","@id":"https:\/\/balkangreenenergynews.com\/rs\/bih-ce-za-cetiri-godine-dobiti-elektrane-na-solar-i-vetar-snage-2-200-mw\/#primaryimage","url":"https:\/\/balkangreenenergynews.com\/rs\/wp-content\/uploads\/2024\/09\/bih-solar-vetar-bicakcic.jpg?wsr","contentUrl":"https:\/\/balkangreenenergynews.com\/rs\/wp-content\/uploads\/2024\/09\/bih-solar-vetar-bicakcic.jpg?wsr","width":840,"height":430,"caption":"bih solar vetar bicakcic"},{"@type":"BreadcrumbList","@id":"https:\/\/balkangreenenergynews.com\/rs\/bih-ce-za-cetiri-godine-dobiti-elektrane-na-solar-i-vetar-snage-2-200-mw\/#breadcrumb","itemListElement":[{"@type":"ListItem","position":1,"name":"Po\u010detna","item":"https:\/\/balkangreenenergynews.com\/rs\/"},{"@type":"ListItem","position":2,"name":"Vesti","item":"https:\/\/balkangreenenergynews.com\/rs\/kategorija\/vesti\/"},{"@type":"ListItem","position":3,"name":"Elektri\u010dna energija","item":"https:\/\/balkangreenenergynews.com\/rs\/kategorija\/vesti\/elektricna-energija\/"},{"@type":"ListItem","position":4,"name":"BiH \u0107e za \u010detiri godine dobiti elektrane na solar i vetar snage 2.200 MW"}]},{"@type":"WebSite","@id":"https:\/\/balkangreenenergynews.com\/rs\/#website","url":"https:\/\/balkangreenenergynews.com\/rs\/","name":"Balkan Green Energy News","description":"Naj\u0161iri izbor vesti sa Balkana o zelenoj energiji","potentialAction":[{"@type":"SearchAction","target":{"@type":"EntryPoint","urlTemplate":"https:\/\/balkangreenenergynews.com\/rs\/?s={search_term_string}"},"query-input":{"@type":"PropertyValueSpecification","valueRequired":true,"valueName":"search_term_string"}}],"inLanguage":"sr-RS"},{"@type":"Person","@id":"https:\/\/balkangreenenergynews.com\/rs\/#\/schema\/person\/99dc721c46113fea22caffad06ef7317","name":"Vladimir Spasi\u0107","url":"https:\/\/balkangreenenergynews.com\/rs\/author\/vladimir-spasic\/"}]}},"_links":{"self":[{"href":"https:\/\/balkangreenenergynews.com\/rs\/wp-json\/wp\/v2\/posts\/72400","targetHints":{"allow":["GET"]}}],"collection":[{"href":"https:\/\/balkangreenenergynews.com\/rs\/wp-json\/wp\/v2\/posts"}],"about":[{"href":"https:\/\/balkangreenenergynews.com\/rs\/wp-json\/wp\/v2\/types\/post"}],"author":[{"embeddable":true,"href":"https:\/\/balkangreenenergynews.com\/rs\/wp-json\/wp\/v2\/users\/23"}],"replies":[{"embeddable":true,"href":"https:\/\/balkangreenenergynews.com\/rs\/wp-json\/wp\/v2\/comments?post=72400"}],"version-history":[{"count":0,"href":"https:\/\/balkangreenenergynews.com\/rs\/wp-json\/wp\/v2\/posts\/72400\/revisions"}],"wp:featuredmedia":[{"embeddable":true,"href":"https:\/\/balkangreenenergynews.com\/rs\/wp-json\/wp\/v2\/media\/72509"}],"wp:attachment":[{"href":"https:\/\/balkangreenenergynews.com\/rs\/wp-json\/wp\/v2\/media?parent=72400"}],"wp:term":[{"taxonomy":"category","embeddable":true,"href":"https:\/\/balkangreenenergynews.com\/rs\/wp-json\/wp\/v2\/categories?post=72400"},{"taxonomy":"post_tag","embeddable":true,"href":"https:\/\/balkangreenenergynews.com\/rs\/wp-json\/wp\/v2\/tags?post=72400"}],"curies":[{"name":"wp","href":"https:\/\/api.w.org\/{rel}","templated":true}]}}