{"id":72255,"date":"2024-08-28T18:13:15","date_gmt":"2024-08-28T16:13:15","guid":{"rendered":"https:\/\/balkangreenenergynews.com\/rs\/?p=72255"},"modified":"2024-08-28T18:13:15","modified_gmt":"2024-08-28T16:13:15","slug":"suse-u-srbiji-postale-dvostruko-cesce-u-poslednjih-60-godina","status":"publish","type":"post","link":"https:\/\/balkangreenenergynews.com\/rs\/suse-u-srbiji-postale-dvostruko-cesce-u-poslednjih-60-godina\/","title":{"rendered":"Su\u0161e u Srbiji postale dvostruko \u010de\u0161\u0107e u poslednjih 60 godina"},"content":{"rendered":"<h2>Novo istra\u017eivanje koje su sproveli nau\u010dnici sa Instituta za meteorologiju u Beogradu pokazuje da su su\u0161e postale dvostruko \u010de\u0161\u0107e u poslednjih 60 godina, \u0161to nanosi ozbiljnu \u0161tetu poljoprivredi. Samo ove godine ekonomska \u0161teta zbog smanjenog prinosa ratarskih kultura, vo\u0107a i povr\u0107a iznosti\u0107e oko 500 miliona dolara, ka\u017ee agroekonomski analiti\u010dar \u017darko Galetin.<\/h2>\n<p>Vi\u0161enedeljni toplotni talasi pogodili su Srbiju u julu i u avgustu ove godine. Posledice klimatskih promena dovode do pojave sve \u010de\u0161\u0107ih ekstremnih nepogoda poput su\u0161a. Srbija nije po\u0161te\u0111ena, te su <a href=\"https:\/\/balkangreenenergynews.com\/rs\/uzivajte-u-letu-naredna-ce-biti-znatno-toplija\/\">toplotni talasi<\/a> koji se nadovezuju jedan na drugi i nedostatak padavina prouzrokovali su\u0161u koja traje ve\u0107 nedeljama i nanosi ozbiljnu \u0161tetu poljoprivredi.<\/p>\n<p>Istra\u017eiva\u010dica Milica To\u0161i\u0107 sa Instituta za meteorologiju u autorskom tekstu za portal <a href=\"https:\/\/klima101.rs\/suse-avgust-srbija\/\">Klima101<\/a> pi\u0161e da su\u0161e postaju normalna pojava.<\/p>\n<blockquote><p>U budu\u0107nosti \u0107e biti i gorih su\u0161a<\/p><\/blockquote>\n<p>To potvr\u0111uju i podaci iz <a href=\"https:\/\/www.sciencedirect.com\/science\/article\/pii\/S0169809524001583\">istra\u017eivanjna<\/a> koje su sproveli nau\u010dnici sa ovog Instituta, a koji pokazuju da su su\u0161e danas dva puta \u010de\u0161\u0107e nego pre 60 godina. Do 1990-tih godina pro\u0161log veka zabele\u017eene su dve ekstremne su\u0161e 1963. i 1983. godine i to samo u nekim delovima Vojvodine.<\/p>\n<p>Me\u0111utim od 2000-te godine, ekstremne su\u0161e obele\u017eile su 2000, 2003, 2007, 2011, 2012, 2017, 2022, a sada se nizu priklju\u010duje i 2024. godina.<\/p>\n<p>&#8222;Verovatno\u0107a da \u0107emo imati vi\u0161e ovakvih pa i gorih su\u0161a na na\u0161em podru\u010dju je dosta velika, mada je te\u0161ko dati prognoze kada \u0107e se ta\u010dno ove su\u0161e de\u0161avati\u201c, istakla je To\u0161i\u0107.<\/p>\n<p>Ona dodaje da se moramo adaptirati na nove uslove kako u poljoprivredi tako i u drugim oblastima i unaprediti sezonske prognoze.<\/p>\n<h3>\u017detva po\u010dela mesec dana ranije<\/h3>\n<p>Izuzetno visoke temperature i leto bez ki\u0161e izveli su kombajne u \u017eetvu mesec dana ranije. Su\u0161a je <a href=\"https:\/\/balkangreenenergynews.com\/rs\/klimatske-promene-i-proizvodnja-hrane-koje-biljne-vrste-nestaju\/\">smanjila rod<\/a> suncokreta, kukuruza i soje, a nije po\u0161te\u0111eno ni vo\u0107e. Prinosi \u0107e u proseku biti od 25 do 30 odsto manji.<\/p>\n<p>Agroekonomski analiti\u010dar \u017darko Galetin je za <a href=\"https:\/\/www.rts.rs\/lat\/vesti\/ekonomija\/5520082\/steta-susa-poljoprivreda-zarko-galetin.html\">RTS<\/a> izjavio da \u0107e ove godine \u0161teta od su\u0161e kada se prinosi ratarskih kultura, vo\u0107a i povr\u0107a pomno\u017ee sa berzanskim cenama iznositi oko pola milijarde evra.<\/p>\n<blockquote><p>Od po\u010detka 21. veka do danas ukupna ekonomska \u0161teta u poljoprivredi iznosi oko sedam milijardi dolara<\/p><\/blockquote>\n<p>Po njegovim re\u010dima, od po\u010detka 21. veka do danas imamo kumulativno ukupnu ekonomsku \u0161tetu u agraru od oko sedam milijardi dolara.<\/p>\n<p>Galetin smatra da to \u0161to je rod \u017eitarica manji ne zna\u010di da \u0107e otkupna cena rasti, jer su \u017eitarice berzanska roba i njihova cena zavisi od globalne ponude.<\/p>\n<div class=\"entry-content\">\n<p>&#8222;I dok cene hrane u marketima ne zavise mnogo od kretanja cena \u017eitarica na berzama, kod povr\u0107a je druga\u010dije. Svedoci smo da zelene pijace prve odreaguju na svaki manjak ili vi\u0161ak ponude vo\u0107a i povr\u0107a iz lokalne proizvodnje, ali i iz uvoza&#8220;, zaklju\u010duje Galetin.<\/p>\n<\/div>\n","protected":false},"excerpt":{"rendered":"<p>Su\u0161e u Srbiji postaju dvostruko \u010de\u0161\u0107e nego pre 60 godina, \u0161to rezultira ozbiljnim padom prinosa poljoprivrednih kultura i ekonomskom \u0161tetom<\/p>\n","protected":false},"author":34,"featured_media":72289,"comment_status":"open","ping_status":"open","sticky":false,"template":"","format":"standard","meta":{"_acf_changed":false,"_monsterinsights_skip_tracking":false,"_monsterinsights_sitenote_active":false,"_monsterinsights_sitenote_note":"","_monsterinsights_sitenote_category":0,"footnotes":""},"categories":[5909],"tags":[766,5115,6478,6429],"class_list":["post-72255","post","type-post","status-publish","format-standard","has-post-thumbnail","hentry","category-klimatske-promene","tag-klimatske-promene","tag-poljoprivreda","tag-susa","tag-toplotni-talas","country-srbija"],"acf":[],"yoast_head":"<!-- This site is optimized with the Yoast SEO plugin v27.4 - https:\/\/yoast.com\/product\/yoast-seo-wordpress\/ -->\n<title>Su\u0161e u Srbiji postale dvostruko \u010de\u0161\u0107e u poslednjih 60 godina<\/title>\n<meta name=\"description\" content=\"Su\u0161e u Srbiji su sve \u010de\u0161\u0107e \u0161to rezultira ozbiljnim padom prinosa poljoprivrednih kultura i ekonomskom \u0161tetom\" \/>\n<meta name=\"robots\" content=\"index, follow, max-snippet:-1, max-image-preview:large, max-video-preview:-1\" \/>\n<link rel=\"canonical\" href=\"https:\/\/balkangreenenergynews.com\/rs\/suse-u-srbiji-postale-dvostruko-cesce-u-poslednjih-60-godina\/\" \/>\n<meta property=\"og:locale\" content=\"sr_RS\" \/>\n<meta property=\"og:type\" content=\"article\" \/>\n<meta property=\"og:title\" content=\"Su\u0161e u Srbiji postale dvostruko \u010de\u0161\u0107e u poslednjih 60 godina\" \/>\n<meta property=\"og:description\" content=\"Su\u0161e u Srbiji su sve \u010de\u0161\u0107e \u0161to rezultira ozbiljnim padom prinosa poljoprivrednih kultura i ekonomskom \u0161tetom\" \/>\n<meta property=\"og:url\" content=\"https:\/\/balkangreenenergynews.com\/rs\/suse-u-srbiji-postale-dvostruko-cesce-u-poslednjih-60-godina\/\" \/>\n<meta property=\"og:site_name\" content=\"Balkan Green Energy News\" \/>\n<meta property=\"article:published_time\" content=\"2024-08-28T16:13:15+00:00\" \/>\n<meta property=\"og:image\" content=\"https:\/\/balkangreenenergynews.com\/rs\/wp-content\/uploads\/2024\/08\/susa-poljoprivreda-srbija-1.jpg\" \/>\n\t<meta property=\"og:image:width\" content=\"840\" \/>\n\t<meta property=\"og:image:height\" content=\"430\" \/>\n\t<meta property=\"og:image:type\" content=\"image\/jpeg\" \/>\n<meta name=\"author\" content=\"Jelisaveta Peri\u0161i\u0107\" \/>\n<meta name=\"twitter:card\" content=\"summary_large_image\" \/>\n<meta name=\"twitter:label1\" content=\"\u041d\u0430\u043f\u0438\u0441\u0430\u043d\u043e \u043e\u0434\" \/>\n\t<meta name=\"twitter:data1\" content=\"Jelisaveta Peri\u0161i\u0107\" \/>\n\t<meta name=\"twitter:label2\" content=\"\u041f\u0440\u043e\u0446\u0435\u045a\u0435\u043d\u043e \u0432\u0440\u0435\u043c\u0435 \u0447\u0438\u0442\u0430\u045a\u0430\" \/>\n\t<meta name=\"twitter:data2\" content=\"3 \u043c\u0438\u043d\u0443\u0442\u0430\" \/>\n<script type=\"application\/ld+json\" class=\"yoast-schema-graph\">{\"@context\":\"https:\\\/\\\/schema.org\",\"@graph\":[{\"@type\":\"Article\",\"@id\":\"https:\\\/\\\/balkangreenenergynews.com\\\/rs\\\/suse-u-srbiji-postale-dvostruko-cesce-u-poslednjih-60-godina\\\/#article\",\"isPartOf\":{\"@id\":\"https:\\\/\\\/balkangreenenergynews.com\\\/rs\\\/suse-u-srbiji-postale-dvostruko-cesce-u-poslednjih-60-godina\\\/\"},\"author\":{\"name\":\"Jelisaveta Peri\u0161i\u0107\",\"@id\":\"https:\\\/\\\/balkangreenenergynews.com\\\/rs\\\/#\\\/schema\\\/person\\\/4b3c5831bbc05a72630d12560df2b3f8\"},\"headline\":\"Su\u0161e u Srbiji postale dvostruko \u010de\u0161\u0107e u poslednjih 60 godina\",\"datePublished\":\"2024-08-28T16:13:15+00:00\",\"mainEntityOfPage\":{\"@id\":\"https:\\\/\\\/balkangreenenergynews.com\\\/rs\\\/suse-u-srbiji-postale-dvostruko-cesce-u-poslednjih-60-godina\\\/\"},\"wordCount\":496,\"commentCount\":0,\"image\":{\"@id\":\"https:\\\/\\\/balkangreenenergynews.com\\\/rs\\\/suse-u-srbiji-postale-dvostruko-cesce-u-poslednjih-60-godina\\\/#primaryimage\"},\"thumbnailUrl\":\"https:\\\/\\\/balkangreenenergynews.com\\\/rs\\\/wp-content\\\/uploads\\\/2024\\\/08\\\/susa-poljoprivreda-srbija-1.jpg?wsr\",\"keywords\":[\"klimatske promene\",\"poljoprivreda\",\"su\u0161a\",\"toplotni talas\"],\"articleSection\":[\"Klimatske promene\"],\"inLanguage\":\"sr-RS\",\"potentialAction\":[{\"@type\":\"CommentAction\",\"name\":\"Comment\",\"target\":[\"https:\\\/\\\/balkangreenenergynews.com\\\/rs\\\/suse-u-srbiji-postale-dvostruko-cesce-u-poslednjih-60-godina\\\/#respond\"]}]},{\"@type\":\"WebPage\",\"@id\":\"https:\\\/\\\/balkangreenenergynews.com\\\/rs\\\/suse-u-srbiji-postale-dvostruko-cesce-u-poslednjih-60-godina\\\/\",\"url\":\"https:\\\/\\\/balkangreenenergynews.com\\\/rs\\\/suse-u-srbiji-postale-dvostruko-cesce-u-poslednjih-60-godina\\\/\",\"name\":\"Su\u0161e u Srbiji postale dvostruko \u010de\u0161\u0107e u poslednjih 60 godina\",\"isPartOf\":{\"@id\":\"https:\\\/\\\/balkangreenenergynews.com\\\/rs\\\/#website\"},\"primaryImageOfPage\":{\"@id\":\"https:\\\/\\\/balkangreenenergynews.com\\\/rs\\\/suse-u-srbiji-postale-dvostruko-cesce-u-poslednjih-60-godina\\\/#primaryimage\"},\"image\":{\"@id\":\"https:\\\/\\\/balkangreenenergynews.com\\\/rs\\\/suse-u-srbiji-postale-dvostruko-cesce-u-poslednjih-60-godina\\\/#primaryimage\"},\"thumbnailUrl\":\"https:\\\/\\\/balkangreenenergynews.com\\\/rs\\\/wp-content\\\/uploads\\\/2024\\\/08\\\/susa-poljoprivreda-srbija-1.jpg?wsr\",\"datePublished\":\"2024-08-28T16:13:15+00:00\",\"author\":{\"@id\":\"https:\\\/\\\/balkangreenenergynews.com\\\/rs\\\/#\\\/schema\\\/person\\\/4b3c5831bbc05a72630d12560df2b3f8\"},\"description\":\"Su\u0161e u Srbiji su sve \u010de\u0161\u0107e \u0161to rezultira ozbiljnim padom prinosa poljoprivrednih kultura i ekonomskom \u0161tetom\",\"breadcrumb\":{\"@id\":\"https:\\\/\\\/balkangreenenergynews.com\\\/rs\\\/suse-u-srbiji-postale-dvostruko-cesce-u-poslednjih-60-godina\\\/#breadcrumb\"},\"inLanguage\":\"sr-RS\",\"potentialAction\":[{\"@type\":\"ReadAction\",\"target\":[\"https:\\\/\\\/balkangreenenergynews.com\\\/rs\\\/suse-u-srbiji-postale-dvostruko-cesce-u-poslednjih-60-godina\\\/\"]}]},{\"@type\":\"ImageObject\",\"inLanguage\":\"sr-RS\",\"@id\":\"https:\\\/\\\/balkangreenenergynews.com\\\/rs\\\/suse-u-srbiji-postale-dvostruko-cesce-u-poslednjih-60-godina\\\/#primaryimage\",\"url\":\"https:\\\/\\\/balkangreenenergynews.com\\\/rs\\\/wp-content\\\/uploads\\\/2024\\\/08\\\/susa-poljoprivreda-srbija-1.jpg?wsr\",\"contentUrl\":\"https:\\\/\\\/balkangreenenergynews.com\\\/rs\\\/wp-content\\\/uploads\\\/2024\\\/08\\\/susa-poljoprivreda-srbija-1.jpg?wsr\",\"width\":840,\"height\":430,\"caption\":\"susa, poljoprivreda, srbija\"},{\"@type\":\"BreadcrumbList\",\"@id\":\"https:\\\/\\\/balkangreenenergynews.com\\\/rs\\\/suse-u-srbiji-postale-dvostruko-cesce-u-poslednjih-60-godina\\\/#breadcrumb\",\"itemListElement\":[{\"@type\":\"ListItem\",\"position\":1,\"name\":\"Po\u010detna\",\"item\":\"https:\\\/\\\/balkangreenenergynews.com\\\/rs\\\/\"},{\"@type\":\"ListItem\",\"position\":2,\"name\":\"Klimatske promene\",\"item\":\"https:\\\/\\\/balkangreenenergynews.com\\\/rs\\\/kategorija\\\/klimatske-promene\\\/\"},{\"@type\":\"ListItem\",\"position\":3,\"name\":\"Su\u0161e u Srbiji postale dvostruko \u010de\u0161\u0107e u poslednjih 60 godina\"}]},{\"@type\":\"WebSite\",\"@id\":\"https:\\\/\\\/balkangreenenergynews.com\\\/rs\\\/#website\",\"url\":\"https:\\\/\\\/balkangreenenergynews.com\\\/rs\\\/\",\"name\":\"Balkan Green Energy News\",\"description\":\"Naj\u0161iri izbor vesti sa Balkana o zelenoj energiji\",\"potentialAction\":[{\"@type\":\"SearchAction\",\"target\":{\"@type\":\"EntryPoint\",\"urlTemplate\":\"https:\\\/\\\/balkangreenenergynews.com\\\/rs\\\/?s={search_term_string}\"},\"query-input\":{\"@type\":\"PropertyValueSpecification\",\"valueRequired\":true,\"valueName\":\"search_term_string\"}}],\"inLanguage\":\"sr-RS\"},{\"@type\":\"Person\",\"@id\":\"https:\\\/\\\/balkangreenenergynews.com\\\/rs\\\/#\\\/schema\\\/person\\\/4b3c5831bbc05a72630d12560df2b3f8\",\"name\":\"Jelisaveta Peri\u0161i\u0107\",\"url\":\"https:\\\/\\\/balkangreenenergynews.com\\\/rs\\\/author\\\/jelisavet-perisic\\\/\"}]}<\/script>\n<!-- \/ Yoast SEO plugin. -->","yoast_head_json":{"title":"Su\u0161e u Srbiji postale dvostruko \u010de\u0161\u0107e u poslednjih 60 godina","description":"Su\u0161e u Srbiji su sve \u010de\u0161\u0107e \u0161to rezultira ozbiljnim padom prinosa poljoprivrednih kultura i ekonomskom \u0161tetom","robots":{"index":"index","follow":"follow","max-snippet":"max-snippet:-1","max-image-preview":"max-image-preview:large","max-video-preview":"max-video-preview:-1"},"canonical":"https:\/\/balkangreenenergynews.com\/rs\/suse-u-srbiji-postale-dvostruko-cesce-u-poslednjih-60-godina\/","og_locale":"sr_RS","og_type":"article","og_title":"Su\u0161e u Srbiji postale dvostruko \u010de\u0161\u0107e u poslednjih 60 godina","og_description":"Su\u0161e u Srbiji su sve \u010de\u0161\u0107e \u0161to rezultira ozbiljnim padom prinosa poljoprivrednih kultura i ekonomskom \u0161tetom","og_url":"https:\/\/balkangreenenergynews.com\/rs\/suse-u-srbiji-postale-dvostruko-cesce-u-poslednjih-60-godina\/","og_site_name":"Balkan Green Energy News","article_published_time":"2024-08-28T16:13:15+00:00","og_image":[{"width":840,"height":430,"url":"https:\/\/balkangreenenergynews.com\/rs\/wp-content\/uploads\/2024\/08\/susa-poljoprivreda-srbija-1.jpg","type":"image\/jpeg"}],"author":"Jelisaveta Peri\u0161i\u0107","twitter_card":"summary_large_image","twitter_misc":{"\u041d\u0430\u043f\u0438\u0441\u0430\u043d\u043e \u043e\u0434":"Jelisaveta Peri\u0161i\u0107","\u041f\u0440\u043e\u0446\u0435\u045a\u0435\u043d\u043e \u0432\u0440\u0435\u043c\u0435 \u0447\u0438\u0442\u0430\u045a\u0430":"3 \u043c\u0438\u043d\u0443\u0442\u0430"},"schema":{"@context":"https:\/\/schema.org","@graph":[{"@type":"Article","@id":"https:\/\/balkangreenenergynews.com\/rs\/suse-u-srbiji-postale-dvostruko-cesce-u-poslednjih-60-godina\/#article","isPartOf":{"@id":"https:\/\/balkangreenenergynews.com\/rs\/suse-u-srbiji-postale-dvostruko-cesce-u-poslednjih-60-godina\/"},"author":{"name":"Jelisaveta Peri\u0161i\u0107","@id":"https:\/\/balkangreenenergynews.com\/rs\/#\/schema\/person\/4b3c5831bbc05a72630d12560df2b3f8"},"headline":"Su\u0161e u Srbiji postale dvostruko \u010de\u0161\u0107e u poslednjih 60 godina","datePublished":"2024-08-28T16:13:15+00:00","mainEntityOfPage":{"@id":"https:\/\/balkangreenenergynews.com\/rs\/suse-u-srbiji-postale-dvostruko-cesce-u-poslednjih-60-godina\/"},"wordCount":496,"commentCount":0,"image":{"@id":"https:\/\/balkangreenenergynews.com\/rs\/suse-u-srbiji-postale-dvostruko-cesce-u-poslednjih-60-godina\/#primaryimage"},"thumbnailUrl":"https:\/\/balkangreenenergynews.com\/rs\/wp-content\/uploads\/2024\/08\/susa-poljoprivreda-srbija-1.jpg?wsr","keywords":["klimatske promene","poljoprivreda","su\u0161a","toplotni talas"],"articleSection":["Klimatske promene"],"inLanguage":"sr-RS","potentialAction":[{"@type":"CommentAction","name":"Comment","target":["https:\/\/balkangreenenergynews.com\/rs\/suse-u-srbiji-postale-dvostruko-cesce-u-poslednjih-60-godina\/#respond"]}]},{"@type":"WebPage","@id":"https:\/\/balkangreenenergynews.com\/rs\/suse-u-srbiji-postale-dvostruko-cesce-u-poslednjih-60-godina\/","url":"https:\/\/balkangreenenergynews.com\/rs\/suse-u-srbiji-postale-dvostruko-cesce-u-poslednjih-60-godina\/","name":"Su\u0161e u Srbiji postale dvostruko \u010de\u0161\u0107e u poslednjih 60 godina","isPartOf":{"@id":"https:\/\/balkangreenenergynews.com\/rs\/#website"},"primaryImageOfPage":{"@id":"https:\/\/balkangreenenergynews.com\/rs\/suse-u-srbiji-postale-dvostruko-cesce-u-poslednjih-60-godina\/#primaryimage"},"image":{"@id":"https:\/\/balkangreenenergynews.com\/rs\/suse-u-srbiji-postale-dvostruko-cesce-u-poslednjih-60-godina\/#primaryimage"},"thumbnailUrl":"https:\/\/balkangreenenergynews.com\/rs\/wp-content\/uploads\/2024\/08\/susa-poljoprivreda-srbija-1.jpg?wsr","datePublished":"2024-08-28T16:13:15+00:00","author":{"@id":"https:\/\/balkangreenenergynews.com\/rs\/#\/schema\/person\/4b3c5831bbc05a72630d12560df2b3f8"},"description":"Su\u0161e u Srbiji su sve \u010de\u0161\u0107e \u0161to rezultira ozbiljnim padom prinosa poljoprivrednih kultura i ekonomskom \u0161tetom","breadcrumb":{"@id":"https:\/\/balkangreenenergynews.com\/rs\/suse-u-srbiji-postale-dvostruko-cesce-u-poslednjih-60-godina\/#breadcrumb"},"inLanguage":"sr-RS","potentialAction":[{"@type":"ReadAction","target":["https:\/\/balkangreenenergynews.com\/rs\/suse-u-srbiji-postale-dvostruko-cesce-u-poslednjih-60-godina\/"]}]},{"@type":"ImageObject","inLanguage":"sr-RS","@id":"https:\/\/balkangreenenergynews.com\/rs\/suse-u-srbiji-postale-dvostruko-cesce-u-poslednjih-60-godina\/#primaryimage","url":"https:\/\/balkangreenenergynews.com\/rs\/wp-content\/uploads\/2024\/08\/susa-poljoprivreda-srbija-1.jpg?wsr","contentUrl":"https:\/\/balkangreenenergynews.com\/rs\/wp-content\/uploads\/2024\/08\/susa-poljoprivreda-srbija-1.jpg?wsr","width":840,"height":430,"caption":"susa, poljoprivreda, srbija"},{"@type":"BreadcrumbList","@id":"https:\/\/balkangreenenergynews.com\/rs\/suse-u-srbiji-postale-dvostruko-cesce-u-poslednjih-60-godina\/#breadcrumb","itemListElement":[{"@type":"ListItem","position":1,"name":"Po\u010detna","item":"https:\/\/balkangreenenergynews.com\/rs\/"},{"@type":"ListItem","position":2,"name":"Klimatske promene","item":"https:\/\/balkangreenenergynews.com\/rs\/kategorija\/klimatske-promene\/"},{"@type":"ListItem","position":3,"name":"Su\u0161e u Srbiji postale dvostruko \u010de\u0161\u0107e u poslednjih 60 godina"}]},{"@type":"WebSite","@id":"https:\/\/balkangreenenergynews.com\/rs\/#website","url":"https:\/\/balkangreenenergynews.com\/rs\/","name":"Balkan Green Energy News","description":"Naj\u0161iri izbor vesti sa Balkana o zelenoj energiji","potentialAction":[{"@type":"SearchAction","target":{"@type":"EntryPoint","urlTemplate":"https:\/\/balkangreenenergynews.com\/rs\/?s={search_term_string}"},"query-input":{"@type":"PropertyValueSpecification","valueRequired":true,"valueName":"search_term_string"}}],"inLanguage":"sr-RS"},{"@type":"Person","@id":"https:\/\/balkangreenenergynews.com\/rs\/#\/schema\/person\/4b3c5831bbc05a72630d12560df2b3f8","name":"Jelisaveta Peri\u0161i\u0107","url":"https:\/\/balkangreenenergynews.com\/rs\/author\/jelisavet-perisic\/"}]}},"_links":{"self":[{"href":"https:\/\/balkangreenenergynews.com\/rs\/wp-json\/wp\/v2\/posts\/72255","targetHints":{"allow":["GET"]}}],"collection":[{"href":"https:\/\/balkangreenenergynews.com\/rs\/wp-json\/wp\/v2\/posts"}],"about":[{"href":"https:\/\/balkangreenenergynews.com\/rs\/wp-json\/wp\/v2\/types\/post"}],"author":[{"embeddable":true,"href":"https:\/\/balkangreenenergynews.com\/rs\/wp-json\/wp\/v2\/users\/34"}],"replies":[{"embeddable":true,"href":"https:\/\/balkangreenenergynews.com\/rs\/wp-json\/wp\/v2\/comments?post=72255"}],"version-history":[{"count":0,"href":"https:\/\/balkangreenenergynews.com\/rs\/wp-json\/wp\/v2\/posts\/72255\/revisions"}],"wp:featuredmedia":[{"embeddable":true,"href":"https:\/\/balkangreenenergynews.com\/rs\/wp-json\/wp\/v2\/media\/72289"}],"wp:attachment":[{"href":"https:\/\/balkangreenenergynews.com\/rs\/wp-json\/wp\/v2\/media?parent=72255"}],"wp:term":[{"taxonomy":"category","embeddable":true,"href":"https:\/\/balkangreenenergynews.com\/rs\/wp-json\/wp\/v2\/categories?post=72255"},{"taxonomy":"post_tag","embeddable":true,"href":"https:\/\/balkangreenenergynews.com\/rs\/wp-json\/wp\/v2\/tags?post=72255"}],"curies":[{"name":"wp","href":"https:\/\/api.w.org\/{rel}","templated":true}]}}