{"id":71437,"date":"2024-07-25T12:43:46","date_gmt":"2024-07-25T10:43:46","guid":{"rendered":"https:\/\/balkangreenenergynews.com\/rs\/?p=71437"},"modified":"2024-07-25T23:57:35","modified_gmt":"2024-07-25T21:57:35","slug":"srbija-usvojila-integrisani-nacionalni-energetski-i-klimatski-plan-do-2030-godine","status":"publish","type":"post","link":"https:\/\/balkangreenenergynews.com\/rs\/srbija-usvojila-integrisani-nacionalni-energetski-i-klimatski-plan-do-2030-godine\/","title":{"rendered":"Srbija usvojila Integrisani nacionalni energetski i klimatski plan do 2030. godine"},"content":{"rendered":"<h2>Srbija se uskladila sa vizijom Evrope u pogledu dekarbonizacije energetskog sektora, izjavila je ministarka rudarstva i energetike Dubravka \u0110edovi\u0107 Handanovi\u0107 i saop\u0161tila da je vlada usvojila Integrisani nacionalni energetski i klimatski plan.<\/h2>\n<p>Skoro svaki drugi megavat-sat elektri\u010dne energije \u0107e 2030. godine u Srbiji dolaziti iz \u010distih izvora, istakla je ministarka rudarstva i energetike Dubravka \u0110edovi\u0107 Handanovi\u0107. Ona je objavila da je vlada danas usvojila Integrisani nacionalni energetski i klimatski plan (INEKP ili NEKP) Republike Srbije za period do 2030. godine, sa projekcijama do 2050. godine.<\/p>\n<p>Otpo\u010dinje nova etapa u razvoju energetskog sektora, koja treba da doprinese ve\u0107oj sigurnosti snabdevanja, uz pove\u0107anje u\u010de\u0161\u0107a \u010distih izvora energije i ve\u0107u za\u0161titu \u017eivotne sredine, rekla je ministarka.<\/p>\n<p>\u201eUsvajanjem integrisanog plana, Srbija dobija strate\u0161ki dokument koji je uskla\u0111en sa vizijom Evrope u pogledu dekarbonizacije energetskog sektora, a koji predstavlja svojevrsnu mapu puta Srbije u energetskoj tranziciji. Taj plan je prilago\u0111en karakteristikama na\u0161eg energetskog sektora i imperativu da u svakom trenutku na\u0161i gra\u0111ani i privreda mogu da ra\u010dunaju na sigurno snabdevanje. Integrisani plan stavlja te\u017ei\u0161te na ulaganja u obnovljive izvore energije, gde oko 3,5 gigavata novih elektrana na energiju sunca i vetra treba da bude na mre\u017ei do 2030\u201c, kazala je \u0110edovi\u0107 Handanovi\u0107.<\/p>\n<h3>\u0110edovi\u0107 Handanovi\u0107: Plan je ambiciozan, ali ostvarljiv<\/h3>\n<p>Dokument uklju\u010duje intenzivna ulaganja u pove\u0107anje energetske efikasnosti u svim sektorima, ve\u0107e kori\u0161\u0107enje obnovljivih izvora za grejanje i hla\u0111enje i postepenu elektrifikaciju saobra\u0107aja, saop\u0161tilo je ministarstvo. Primena mera iz INEKP-a, prema re\u010dima ministarke, treba da omogu\u0107i ostvarenje glavnog cilja u borbi protiv klimatskih promena \u2013 smanjenje emisije gasova s efektom staklene ba\u0161te za 40,3 odsto sa nivoa iz 1990. godine.<\/p>\n<blockquote><p>Srbija radi i na pove\u0107anju sopstvene energetske sigurnosti i nezavisnosti i na ispunjavanju svojih me\u0111unarodnih obaveza, poru\u010dila je ministarka rudarstva i energetike<\/p><\/blockquote>\n<p>\u201eDono\u0161enjem ambicioznog ali ostvarljivog plana za energetsku tranziciju, Srbija je pokazala spremnost da, s jedne strane, radi na pove\u0107anju sopstvene energetske sigurnosti i nezavisnosti, a sa druge na ispunjenju svojih me\u0111unarodnih obaveza u pogledu ostvarivanja globalne klimatske agende. Ovo je va\u017ean strate\u0161ki dokument za usagla\u0161avanje sa zahtevima Evropske unije i uklju\u010duje cilj spajanja tr\u017ei\u0161ta elektri\u010dne energije sa jedinstvenim tr\u017ei\u0161tem EU\u201c, navela je \u0110edovi\u0107 Handanovi\u0107.<\/p>\n<p>Ministarka je podsetila da ciljevi obuhva\u0107eni INEKP-om obuhvataju realizaciju projekata javnog i privatnog sektora.<\/p>\n<p>\u201eEnergetska tranzicija je pitanje kako za dr\u017eavu, tako i za privrednike, \u010ditav privatni sektor i svakog pojedinca. Ra\u010dunamo na privatne investicije i na pove\u0107anje energetske efikasnosti u doma\u0107instvima, koje dr\u017eava svakako subvencioni\u0161e\u201d, rekla je.<\/p>\n<h3>Ciljani udeo obnovljivih izvora u potro\u0161nji energije iznosi 33,6 odsto<\/h3>\n<p>Integrisani nacionalni energetski i klimatski plan je dokument kojim se defini\u0161u strate\u0161ki ciljevi i dinamika njihovog ostvarivanja u procesu energetske tranzicije. Ima pet klju\u010dnih dimenzija: dekarbonizaciju, koja obuhvata emisije gasova s efektom staklene ba\u0161te i obnovljive izvore energije, energetsku efikasnost, energetsku sigurnost, unutra\u0161nje energetsko tr\u017ei\u0161te i istra\u017eivanje, inovacije i konkurentnost.<\/p>\n<p><a href=\"https:\/\/balkangreenenergynews.com\/rs\/energetska-zajednica-trazi-od-srbije-ambicioznije-ciljeve-za-oie-i-energetsku-efikasnost-u-nekp-u\/\">Sekretarijat Energetske zajednice<\/a> je u novembru, po dobijanju <a href=\"https:\/\/balkangreenenergynews.com\/rs\/ministarstvo-predstavilo-nacionalni-energetski-i-klimatski-plan-ukljucite-se-u-javnu-raspravu-nekp-se-tice-svih-nas\/\">nacrta,<\/a> preporu\u010dio Srbiji da, izme\u0111u ostalog, pove\u0107a cilj smanjenja emisija gasova s efektom staklene ba\u0161te sa 40 na 40,3 odsto. <a href=\"https:\/\/www.mre.gov.rs\/tekst\/sr\/1115\/-integrisani-nacionalni-energetski-i-klimatski-plan-republike-srbije-za-period-do-2030-sa-vizijom-do-2050-godine.php\">Vlada je kona\u010dnu verziju objavila u decembru.<\/a><\/p>\n<p>Udeo obnovljivih izvora u bruto finalnoj potro\u0161nji energije treba da dostigne 29,8 odsto 2025. godine i da se do kraja perioda popne na barem 33,6 odsto, stoji u planu. Putanja u proizvodnji elektri\u010dne energije se kre\u0107e od 34,7 do 45,2 odsto, a u\u010de\u0161\u0107e u grejanju i hla\u0111enju raste neznatno, sa 41,1 na 41,4 odsto.<\/p>\n<h3>Slede\u0107i energetski i klimatski plan se predaje najkasnije 1. januara 2029. godine<\/h3>\n<p>Ugovorne strane Energetske zajednice imale su rok do kraja juna da predaju NEKP-ove za period od 2025. do 2030. godine. Dosad su to u\u010dinile Albanija, Severna Makedonija, Gruzija i Ukrajina. Druge vlade su samo predale nacrte i dobile preporuke.<\/p>\n<p>Nacrt slede\u0107eg plana, za 2031-2040, obavezno je predati do 1. januara 2028, a kona\u010dnu verziju najvi\u0161e godinu dana kasnije.<\/p>\n<p>Ina\u010de, vlada je pro\u0161le nedelje otvorila <a href=\"https:\/\/balkangreenenergynews.com\/rs\/javna-rasprava-o-nacrtu-strategije-razvoja-energetike-srbije-do-2040-kako-ce-izgledati-sektor-energetike-za-16-godina\/\">javnu raspravu o Nacrtu strategije razvoja energetike<\/a> Republike Srbije do 2040. sa projekcijama do 2050. godine.<\/p>\n","protected":false},"excerpt":{"rendered":"<p>Srbija se uskladila sa vizijom Evrope, izjavila je ministarka \u0110edovi\u0107 Handanovi\u0107 nakon \u0161to je vlada usvojila Integrisani nacionalni energetski i klimatski plan<\/p>\n","protected":false},"author":27,"featured_media":71464,"comment_status":"open","ping_status":"open","sticky":false,"template":"","format":"standard","meta":{"_acf_changed":false,"_monsterinsights_skip_tracking":false,"_monsterinsights_sitenote_active":false,"_monsterinsights_sitenote_note":"","_monsterinsights_sitenote_category":0,"footnotes":""},"categories":[504,3,1],"tags":[3279,6611,669,4220,646,1854,6963,4981,6415,3316,5024,647],"class_list":["post-71437","post","type-post","status-publish","format-standard","has-post-thumbnail","hentry","category-elektricna-energija","category-energetska-efikasnost","category-obnovljivi-izvori-energije","tag-dekarbonizacija","tag-dubravka-djedovic","tag-elektricna-energija","tag-emisije-gasova-sa-efektom-staklene-baste","tag-energetska-efikasnost","tag-energetska-tranzicija","tag-inekp","tag-integrisani-nacionalni-energetski-i-klimatski-planovi","tag-izjava-dana","tag-nacionalni-energetski-i-klimatski-planovi","tag-nekp","tag-obnovljivi-izvori-energije","country-srbija"],"acf":[],"yoast_head":"<!-- This site is optimized with the Yoast SEO plugin v27.4 - https:\/\/yoast.com\/product\/yoast-seo-wordpress\/ -->\n<title>Srbija usvojila Integrisani nacionalni energetski i klimatski plan do 2030. godine<\/title>\n<meta name=\"description\" content=\"Srbija se uskladila sa vizijom Evrope, izjavila je ministarka \u0110edovi\u0107 Handanovi\u0107 nakon \u0161to je vlada usvojila Integrisani nacionalni energetski i klimatski plan.\" \/>\n<meta name=\"robots\" content=\"index, follow, max-snippet:-1, max-image-preview:large, max-video-preview:-1\" \/>\n<link rel=\"canonical\" href=\"https:\/\/balkangreenenergynews.com\/rs\/srbija-usvojila-integrisani-nacionalni-energetski-i-klimatski-plan-do-2030-godine\/\" \/>\n<meta property=\"og:locale\" content=\"sr_RS\" \/>\n<meta property=\"og:type\" content=\"article\" \/>\n<meta property=\"og:title\" content=\"Srbija usvojila Integrisani nacionalni energetski i klimatski plan do 2030. godine\" \/>\n<meta property=\"og:description\" content=\"Srbija se uskladila sa vizijom Evrope, izjavila je ministarka \u0110edovi\u0107 Handanovi\u0107 nakon \u0161to je vlada usvojila Integrisani nacionalni energetski i klimatski plan.\" \/>\n<meta property=\"og:url\" content=\"https:\/\/balkangreenenergynews.com\/rs\/srbija-usvojila-integrisani-nacionalni-energetski-i-klimatski-plan-do-2030-godine\/\" \/>\n<meta property=\"og:site_name\" content=\"Balkan Green Energy News\" \/>\n<meta property=\"article:published_time\" content=\"2024-07-25T10:43:46+00:00\" \/>\n<meta property=\"article:modified_time\" content=\"2024-07-25T21:57:35+00:00\" \/>\n<meta property=\"og:image\" content=\"https:\/\/balkangreenenergynews.com\/rs\/wp-content\/uploads\/2024\/07\/Srbija-usvojila-Integrisani-nacionalni-energetski-i-klimatski-plan-2030.jpg\" \/>\n\t<meta property=\"og:image:width\" content=\"840\" \/>\n\t<meta property=\"og:image:height\" content=\"430\" \/>\n\t<meta property=\"og:image:type\" content=\"image\/jpeg\" \/>\n<meta name=\"author\" content=\"Igor Todorovi\u0107\" \/>\n<meta name=\"twitter:card\" content=\"summary_large_image\" \/>\n<meta name=\"twitter:label1\" content=\"\u041d\u0430\u043f\u0438\u0441\u0430\u043d\u043e \u043e\u0434\" \/>\n\t<meta name=\"twitter:data1\" content=\"Igor Todorovi\u0107\" \/>\n\t<meta name=\"twitter:label2\" content=\"\u041f\u0440\u043e\u0446\u0435\u045a\u0435\u043d\u043e \u0432\u0440\u0435\u043c\u0435 \u0447\u0438\u0442\u0430\u045a\u0430\" \/>\n\t<meta name=\"twitter:data2\" content=\"4 \u043c\u0438\u043d\u0443\u0442\u0430\" \/>\n<script type=\"application\/ld+json\" class=\"yoast-schema-graph\">{\"@context\":\"https:\\\/\\\/schema.org\",\"@graph\":[{\"@type\":\"Article\",\"@id\":\"https:\\\/\\\/balkangreenenergynews.com\\\/rs\\\/srbija-usvojila-integrisani-nacionalni-energetski-i-klimatski-plan-do-2030-godine\\\/#article\",\"isPartOf\":{\"@id\":\"https:\\\/\\\/balkangreenenergynews.com\\\/rs\\\/srbija-usvojila-integrisani-nacionalni-energetski-i-klimatski-plan-do-2030-godine\\\/\"},\"author\":{\"name\":\"Igor Todorovi\u0107\",\"@id\":\"https:\\\/\\\/balkangreenenergynews.com\\\/rs\\\/#\\\/schema\\\/person\\\/d8f80a244c4e9f2b55e4f6968c253246\"},\"headline\":\"Srbija usvojila Integrisani nacionalni energetski i klimatski plan do 2030. godine\",\"datePublished\":\"2024-07-25T10:43:46+00:00\",\"dateModified\":\"2024-07-25T21:57:35+00:00\",\"mainEntityOfPage\":{\"@id\":\"https:\\\/\\\/balkangreenenergynews.com\\\/rs\\\/srbija-usvojila-integrisani-nacionalni-energetski-i-klimatski-plan-do-2030-godine\\\/\"},\"wordCount\":701,\"commentCount\":0,\"image\":{\"@id\":\"https:\\\/\\\/balkangreenenergynews.com\\\/rs\\\/srbija-usvojila-integrisani-nacionalni-energetski-i-klimatski-plan-do-2030-godine\\\/#primaryimage\"},\"thumbnailUrl\":\"https:\\\/\\\/balkangreenenergynews.com\\\/rs\\\/wp-content\\\/uploads\\\/2024\\\/07\\\/Srbija-usvojila-Integrisani-nacionalni-energetski-i-klimatski-plan-2030.jpg?wsr\",\"keywords\":[\"dekarbonizacija\",\"Dubravka \u0110edovi\u0107\",\"elektri\u010dna energija\",\"emisije gasova sa efektom staklene ba\u0161te\",\"energetska efikasnost\",\"energetska tranzicija\",\"INEKP\",\"integrisani nacionalni energetski i klimatski planovi\",\"Izjava dana\",\"nacionalni energetski i klimatski planovi\",\"NEKP\",\"obnovljivi izvori energije\"],\"articleSection\":[\"Elektri\u010dna energija\",\"Energetska efikasnost\",\"OIE\"],\"inLanguage\":\"sr-RS\",\"potentialAction\":[{\"@type\":\"CommentAction\",\"name\":\"Comment\",\"target\":[\"https:\\\/\\\/balkangreenenergynews.com\\\/rs\\\/srbija-usvojila-integrisani-nacionalni-energetski-i-klimatski-plan-do-2030-godine\\\/#respond\"]}]},{\"@type\":\"WebPage\",\"@id\":\"https:\\\/\\\/balkangreenenergynews.com\\\/rs\\\/srbija-usvojila-integrisani-nacionalni-energetski-i-klimatski-plan-do-2030-godine\\\/\",\"url\":\"https:\\\/\\\/balkangreenenergynews.com\\\/rs\\\/srbija-usvojila-integrisani-nacionalni-energetski-i-klimatski-plan-do-2030-godine\\\/\",\"name\":\"Srbija usvojila Integrisani nacionalni energetski i klimatski plan do 2030. godine\",\"isPartOf\":{\"@id\":\"https:\\\/\\\/balkangreenenergynews.com\\\/rs\\\/#website\"},\"primaryImageOfPage\":{\"@id\":\"https:\\\/\\\/balkangreenenergynews.com\\\/rs\\\/srbija-usvojila-integrisani-nacionalni-energetski-i-klimatski-plan-do-2030-godine\\\/#primaryimage\"},\"image\":{\"@id\":\"https:\\\/\\\/balkangreenenergynews.com\\\/rs\\\/srbija-usvojila-integrisani-nacionalni-energetski-i-klimatski-plan-do-2030-godine\\\/#primaryimage\"},\"thumbnailUrl\":\"https:\\\/\\\/balkangreenenergynews.com\\\/rs\\\/wp-content\\\/uploads\\\/2024\\\/07\\\/Srbija-usvojila-Integrisani-nacionalni-energetski-i-klimatski-plan-2030.jpg?wsr\",\"datePublished\":\"2024-07-25T10:43:46+00:00\",\"dateModified\":\"2024-07-25T21:57:35+00:00\",\"author\":{\"@id\":\"https:\\\/\\\/balkangreenenergynews.com\\\/rs\\\/#\\\/schema\\\/person\\\/d8f80a244c4e9f2b55e4f6968c253246\"},\"description\":\"Srbija se uskladila sa vizijom Evrope, izjavila je ministarka \u0110edovi\u0107 Handanovi\u0107 nakon \u0161to je vlada usvojila Integrisani nacionalni energetski i klimatski plan.\",\"breadcrumb\":{\"@id\":\"https:\\\/\\\/balkangreenenergynews.com\\\/rs\\\/srbija-usvojila-integrisani-nacionalni-energetski-i-klimatski-plan-do-2030-godine\\\/#breadcrumb\"},\"inLanguage\":\"sr-RS\",\"potentialAction\":[{\"@type\":\"ReadAction\",\"target\":[\"https:\\\/\\\/balkangreenenergynews.com\\\/rs\\\/srbija-usvojila-integrisani-nacionalni-energetski-i-klimatski-plan-do-2030-godine\\\/\"]}]},{\"@type\":\"ImageObject\",\"inLanguage\":\"sr-RS\",\"@id\":\"https:\\\/\\\/balkangreenenergynews.com\\\/rs\\\/srbija-usvojila-integrisani-nacionalni-energetski-i-klimatski-plan-do-2030-godine\\\/#primaryimage\",\"url\":\"https:\\\/\\\/balkangreenenergynews.com\\\/rs\\\/wp-content\\\/uploads\\\/2024\\\/07\\\/Srbija-usvojila-Integrisani-nacionalni-energetski-i-klimatski-plan-2030.jpg?wsr\",\"contentUrl\":\"https:\\\/\\\/balkangreenenergynews.com\\\/rs\\\/wp-content\\\/uploads\\\/2024\\\/07\\\/Srbija-usvojila-Integrisani-nacionalni-energetski-i-klimatski-plan-2030.jpg?wsr\",\"width\":840,\"height\":430,\"caption\":\"Srbija usvojila Integrisani nacionalni energetski i klimatski plan 2030\"},{\"@type\":\"BreadcrumbList\",\"@id\":\"https:\\\/\\\/balkangreenenergynews.com\\\/rs\\\/srbija-usvojila-integrisani-nacionalni-energetski-i-klimatski-plan-do-2030-godine\\\/#breadcrumb\",\"itemListElement\":[{\"@type\":\"ListItem\",\"position\":1,\"name\":\"Po\u010detna\",\"item\":\"https:\\\/\\\/balkangreenenergynews.com\\\/rs\\\/\"},{\"@type\":\"ListItem\",\"position\":2,\"name\":\"Vesti\",\"item\":\"https:\\\/\\\/balkangreenenergynews.com\\\/rs\\\/kategorija\\\/vesti\\\/\"},{\"@type\":\"ListItem\",\"position\":3,\"name\":\"OIE\",\"item\":\"https:\\\/\\\/balkangreenenergynews.com\\\/rs\\\/kategorija\\\/vesti\\\/obnovljivi-izvori-energije\\\/\"},{\"@type\":\"ListItem\",\"position\":4,\"name\":\"Srbija usvojila Integrisani nacionalni energetski i klimatski plan do 2030. godine\"}]},{\"@type\":\"WebSite\",\"@id\":\"https:\\\/\\\/balkangreenenergynews.com\\\/rs\\\/#website\",\"url\":\"https:\\\/\\\/balkangreenenergynews.com\\\/rs\\\/\",\"name\":\"Balkan Green Energy News\",\"description\":\"Naj\u0161iri izbor vesti sa Balkana o zelenoj energiji\",\"potentialAction\":[{\"@type\":\"SearchAction\",\"target\":{\"@type\":\"EntryPoint\",\"urlTemplate\":\"https:\\\/\\\/balkangreenenergynews.com\\\/rs\\\/?s={search_term_string}\"},\"query-input\":{\"@type\":\"PropertyValueSpecification\",\"valueRequired\":true,\"valueName\":\"search_term_string\"}}],\"inLanguage\":\"sr-RS\"},{\"@type\":\"Person\",\"@id\":\"https:\\\/\\\/balkangreenenergynews.com\\\/rs\\\/#\\\/schema\\\/person\\\/d8f80a244c4e9f2b55e4f6968c253246\",\"name\":\"Igor Todorovi\u0107\",\"url\":\"https:\\\/\\\/balkangreenenergynews.com\\\/rs\\\/author\\\/igor-todorovic\\\/\"}]}<\/script>\n<!-- \/ Yoast SEO plugin. -->","yoast_head_json":{"title":"Srbija usvojila Integrisani nacionalni energetski i klimatski plan do 2030. godine","description":"Srbija se uskladila sa vizijom Evrope, izjavila je ministarka \u0110edovi\u0107 Handanovi\u0107 nakon \u0161to je vlada usvojila Integrisani nacionalni energetski i klimatski plan.","robots":{"index":"index","follow":"follow","max-snippet":"max-snippet:-1","max-image-preview":"max-image-preview:large","max-video-preview":"max-video-preview:-1"},"canonical":"https:\/\/balkangreenenergynews.com\/rs\/srbija-usvojila-integrisani-nacionalni-energetski-i-klimatski-plan-do-2030-godine\/","og_locale":"sr_RS","og_type":"article","og_title":"Srbija usvojila Integrisani nacionalni energetski i klimatski plan do 2030. godine","og_description":"Srbija se uskladila sa vizijom Evrope, izjavila je ministarka \u0110edovi\u0107 Handanovi\u0107 nakon \u0161to je vlada usvojila Integrisani nacionalni energetski i klimatski plan.","og_url":"https:\/\/balkangreenenergynews.com\/rs\/srbija-usvojila-integrisani-nacionalni-energetski-i-klimatski-plan-do-2030-godine\/","og_site_name":"Balkan Green Energy News","article_published_time":"2024-07-25T10:43:46+00:00","article_modified_time":"2024-07-25T21:57:35+00:00","og_image":[{"width":840,"height":430,"url":"https:\/\/balkangreenenergynews.com\/rs\/wp-content\/uploads\/2024\/07\/Srbija-usvojila-Integrisani-nacionalni-energetski-i-klimatski-plan-2030.jpg","type":"image\/jpeg"}],"author":"Igor Todorovi\u0107","twitter_card":"summary_large_image","twitter_misc":{"\u041d\u0430\u043f\u0438\u0441\u0430\u043d\u043e \u043e\u0434":"Igor Todorovi\u0107","\u041f\u0440\u043e\u0446\u0435\u045a\u0435\u043d\u043e \u0432\u0440\u0435\u043c\u0435 \u0447\u0438\u0442\u0430\u045a\u0430":"4 \u043c\u0438\u043d\u0443\u0442\u0430"},"schema":{"@context":"https:\/\/schema.org","@graph":[{"@type":"Article","@id":"https:\/\/balkangreenenergynews.com\/rs\/srbija-usvojila-integrisani-nacionalni-energetski-i-klimatski-plan-do-2030-godine\/#article","isPartOf":{"@id":"https:\/\/balkangreenenergynews.com\/rs\/srbija-usvojila-integrisani-nacionalni-energetski-i-klimatski-plan-do-2030-godine\/"},"author":{"name":"Igor Todorovi\u0107","@id":"https:\/\/balkangreenenergynews.com\/rs\/#\/schema\/person\/d8f80a244c4e9f2b55e4f6968c253246"},"headline":"Srbija usvojila Integrisani nacionalni energetski i klimatski plan do 2030. godine","datePublished":"2024-07-25T10:43:46+00:00","dateModified":"2024-07-25T21:57:35+00:00","mainEntityOfPage":{"@id":"https:\/\/balkangreenenergynews.com\/rs\/srbija-usvojila-integrisani-nacionalni-energetski-i-klimatski-plan-do-2030-godine\/"},"wordCount":701,"commentCount":0,"image":{"@id":"https:\/\/balkangreenenergynews.com\/rs\/srbija-usvojila-integrisani-nacionalni-energetski-i-klimatski-plan-do-2030-godine\/#primaryimage"},"thumbnailUrl":"https:\/\/balkangreenenergynews.com\/rs\/wp-content\/uploads\/2024\/07\/Srbija-usvojila-Integrisani-nacionalni-energetski-i-klimatski-plan-2030.jpg?wsr","keywords":["dekarbonizacija","Dubravka \u0110edovi\u0107","elektri\u010dna energija","emisije gasova sa efektom staklene ba\u0161te","energetska efikasnost","energetska tranzicija","INEKP","integrisani nacionalni energetski i klimatski planovi","Izjava dana","nacionalni energetski i klimatski planovi","NEKP","obnovljivi izvori energije"],"articleSection":["Elektri\u010dna energija","Energetska efikasnost","OIE"],"inLanguage":"sr-RS","potentialAction":[{"@type":"CommentAction","name":"Comment","target":["https:\/\/balkangreenenergynews.com\/rs\/srbija-usvojila-integrisani-nacionalni-energetski-i-klimatski-plan-do-2030-godine\/#respond"]}]},{"@type":"WebPage","@id":"https:\/\/balkangreenenergynews.com\/rs\/srbija-usvojila-integrisani-nacionalni-energetski-i-klimatski-plan-do-2030-godine\/","url":"https:\/\/balkangreenenergynews.com\/rs\/srbija-usvojila-integrisani-nacionalni-energetski-i-klimatski-plan-do-2030-godine\/","name":"Srbija usvojila Integrisani nacionalni energetski i klimatski plan do 2030. godine","isPartOf":{"@id":"https:\/\/balkangreenenergynews.com\/rs\/#website"},"primaryImageOfPage":{"@id":"https:\/\/balkangreenenergynews.com\/rs\/srbija-usvojila-integrisani-nacionalni-energetski-i-klimatski-plan-do-2030-godine\/#primaryimage"},"image":{"@id":"https:\/\/balkangreenenergynews.com\/rs\/srbija-usvojila-integrisani-nacionalni-energetski-i-klimatski-plan-do-2030-godine\/#primaryimage"},"thumbnailUrl":"https:\/\/balkangreenenergynews.com\/rs\/wp-content\/uploads\/2024\/07\/Srbija-usvojila-Integrisani-nacionalni-energetski-i-klimatski-plan-2030.jpg?wsr","datePublished":"2024-07-25T10:43:46+00:00","dateModified":"2024-07-25T21:57:35+00:00","author":{"@id":"https:\/\/balkangreenenergynews.com\/rs\/#\/schema\/person\/d8f80a244c4e9f2b55e4f6968c253246"},"description":"Srbija se uskladila sa vizijom Evrope, izjavila je ministarka \u0110edovi\u0107 Handanovi\u0107 nakon \u0161to je vlada usvojila Integrisani nacionalni energetski i klimatski plan.","breadcrumb":{"@id":"https:\/\/balkangreenenergynews.com\/rs\/srbija-usvojila-integrisani-nacionalni-energetski-i-klimatski-plan-do-2030-godine\/#breadcrumb"},"inLanguage":"sr-RS","potentialAction":[{"@type":"ReadAction","target":["https:\/\/balkangreenenergynews.com\/rs\/srbija-usvojila-integrisani-nacionalni-energetski-i-klimatski-plan-do-2030-godine\/"]}]},{"@type":"ImageObject","inLanguage":"sr-RS","@id":"https:\/\/balkangreenenergynews.com\/rs\/srbija-usvojila-integrisani-nacionalni-energetski-i-klimatski-plan-do-2030-godine\/#primaryimage","url":"https:\/\/balkangreenenergynews.com\/rs\/wp-content\/uploads\/2024\/07\/Srbija-usvojila-Integrisani-nacionalni-energetski-i-klimatski-plan-2030.jpg?wsr","contentUrl":"https:\/\/balkangreenenergynews.com\/rs\/wp-content\/uploads\/2024\/07\/Srbija-usvojila-Integrisani-nacionalni-energetski-i-klimatski-plan-2030.jpg?wsr","width":840,"height":430,"caption":"Srbija usvojila Integrisani nacionalni energetski i klimatski plan 2030"},{"@type":"BreadcrumbList","@id":"https:\/\/balkangreenenergynews.com\/rs\/srbija-usvojila-integrisani-nacionalni-energetski-i-klimatski-plan-do-2030-godine\/#breadcrumb","itemListElement":[{"@type":"ListItem","position":1,"name":"Po\u010detna","item":"https:\/\/balkangreenenergynews.com\/rs\/"},{"@type":"ListItem","position":2,"name":"Vesti","item":"https:\/\/balkangreenenergynews.com\/rs\/kategorija\/vesti\/"},{"@type":"ListItem","position":3,"name":"OIE","item":"https:\/\/balkangreenenergynews.com\/rs\/kategorija\/vesti\/obnovljivi-izvori-energije\/"},{"@type":"ListItem","position":4,"name":"Srbija usvojila Integrisani nacionalni energetski i klimatski plan do 2030. godine"}]},{"@type":"WebSite","@id":"https:\/\/balkangreenenergynews.com\/rs\/#website","url":"https:\/\/balkangreenenergynews.com\/rs\/","name":"Balkan Green Energy News","description":"Naj\u0161iri izbor vesti sa Balkana o zelenoj energiji","potentialAction":[{"@type":"SearchAction","target":{"@type":"EntryPoint","urlTemplate":"https:\/\/balkangreenenergynews.com\/rs\/?s={search_term_string}"},"query-input":{"@type":"PropertyValueSpecification","valueRequired":true,"valueName":"search_term_string"}}],"inLanguage":"sr-RS"},{"@type":"Person","@id":"https:\/\/balkangreenenergynews.com\/rs\/#\/schema\/person\/d8f80a244c4e9f2b55e4f6968c253246","name":"Igor Todorovi\u0107","url":"https:\/\/balkangreenenergynews.com\/rs\/author\/igor-todorovic\/"}]}},"_links":{"self":[{"href":"https:\/\/balkangreenenergynews.com\/rs\/wp-json\/wp\/v2\/posts\/71437","targetHints":{"allow":["GET"]}}],"collection":[{"href":"https:\/\/balkangreenenergynews.com\/rs\/wp-json\/wp\/v2\/posts"}],"about":[{"href":"https:\/\/balkangreenenergynews.com\/rs\/wp-json\/wp\/v2\/types\/post"}],"author":[{"embeddable":true,"href":"https:\/\/balkangreenenergynews.com\/rs\/wp-json\/wp\/v2\/users\/27"}],"replies":[{"embeddable":true,"href":"https:\/\/balkangreenenergynews.com\/rs\/wp-json\/wp\/v2\/comments?post=71437"}],"version-history":[{"count":0,"href":"https:\/\/balkangreenenergynews.com\/rs\/wp-json\/wp\/v2\/posts\/71437\/revisions"}],"wp:featuredmedia":[{"embeddable":true,"href":"https:\/\/balkangreenenergynews.com\/rs\/wp-json\/wp\/v2\/media\/71464"}],"wp:attachment":[{"href":"https:\/\/balkangreenenergynews.com\/rs\/wp-json\/wp\/v2\/media?parent=71437"}],"wp:term":[{"taxonomy":"category","embeddable":true,"href":"https:\/\/balkangreenenergynews.com\/rs\/wp-json\/wp\/v2\/categories?post=71437"},{"taxonomy":"post_tag","embeddable":true,"href":"https:\/\/balkangreenenergynews.com\/rs\/wp-json\/wp\/v2\/tags?post=71437"}],"curies":[{"name":"wp","href":"https:\/\/api.w.org\/{rel}","templated":true}]}}