{"id":71268,"date":"2024-07-22T12:17:37","date_gmt":"2024-07-22T10:17:37","guid":{"rendered":"https:\/\/balkangreenenergynews.com\/rs\/?p=71268"},"modified":"2024-07-24T08:51:48","modified_gmt":"2024-07-24T06:51:48","slug":"biljana-komnenic-nova-direktorka-elektrodistribucije-srbije","status":"publish","type":"post","link":"https:\/\/balkangreenenergynews.com\/rs\/biljana-komnenic-nova-direktorka-elektrodistribucije-srbije\/","title":{"rendered":"Biljana Komneni\u0107 nova direktorka Elektrodistribucije Srbije"},"content":{"rendered":"<h2>Vlada Srbije razre\u0161ila je Bojana Atlagi\u0107a sa mesta vr\u0161ioca du\u017enosti direktora Elektrodistribucije Srbije i imenovala Biljanu Komneni\u0107.<\/h2>\n<p>Biljana Komneni\u0107 je od novembra 2023. godine obavljala funkciju direktora Tehni\u010dkog sistema Elektrodistribucije Srbije (EDS). EDS obavlja funkciju operatora distributivnog sistema (ODS), \u0161to zna\u010di da upravlja i vodi ra\u010duna o niskonaponskoj i srednjenaponskoj mre\u017ei preko koje se snabdevaju doma\u0107instva i firme, koje su srednji i manji potro\u0161a\u010di.<\/p>\n<p>Zamenila je Atlagi\u0107a koji je na mesto vd direktora imenovan juna 2016. U biografiji na sajtu EDS-a navodi se da je od 2000. zaposlen u Elektrovojvodini, ogranku Elektroprivrede Srbije (EPS). OD 2012 bio je direktor Elektrodistribucije Novi Sad.<\/p>\n<blockquote><p>Bojan Atlagi\u0107 je razre\u0161en du\u017enosti vd direktora<\/p><\/blockquote>\n<p>Biljana Komneni\u0107 je, kako je saop\u0161tio EDS, posle zavr\u0161enog Elektrotehni\u010dkog fakulteta, smer energetika, radno iskustvo sticala kao profesor u Elektrotehni\u010dkoj \u0161koli u Pan\u010devu. Nakon toga prelazi u HIP Azotara Pan\u010devo, gde radi kao in\u017eenjer odr\u017eavanja.<br \/>\nOd 1998. zaposlena je u Elektrovojvodini &#8211; Elektrodistribucija Pan\u010devo, gde je 2006. imenovana je za direktora, naveo je EDS.<\/p>\n<p>Za direktora Regionalnog centra Elektrovojvodina u okviru EPS Distribucija Beograd imenovana je 2015. godine. Posle reorganizacije EPS-a, kako se dodaje, obavljala je funkciju direktora Sektora za planiranje i investicije Novi Sad.<\/p>\n<blockquote><p>EDS je nastao izdvajanjem iz Elektroprivrede Srbije<\/p><\/blockquote>\n<p>Ina\u010de, EDS je nastao odvajanjem poslova distribucije elektri\u010dne energije <a href=\"https:\/\/balkangreenenergynews.com\/rs\/eps-distribucija-od-danas-vise-nije-deo-eps-a\/\">iz EPS-a<\/a>.<\/p>\n<p>Pre nekoliko dana EDS je sa Evropskom investicionom bankom potpisao ugovor o kreditu u vrednosti od 80 miliona evra kojim je predvi\u0111ena nabavka i ugradnja oko 400.000 pametnih brojila.<\/p>\n<p>Zajam \u0107e biti iskori\u0161\u0107en da se <a href=\"https:\/\/balkangreenenergynews.com\/rs\/elektrodistribucija-srbije-ugovorila-nabavku-470-000-pametnih-brojila\/\">zameni oko 400.000 postoje\u0107ih brojila<\/a>. Time \u0107e se stvoriti uslovi za dodatno smanjenje gubitaka elektri\u010dne energije i efikasnije upravljanje potro\u0161njom, kao i za smanjenje gre\u0161aka u o\u010ditavanju i olak\u0161avanje integracije obnovljivih izvora energije, s obzirom da kupci-proizvo\u0111a\u010di (prozjumeri) moraju da ugrade pametna brojila.<\/p>\n<p>Brojila \u0107e biti zamenjena u Kru\u0161evcu, U\u017eicu, Vranju, Mladenovcu, Prokuplju, Leskovcu, Jagodini, Valjevu, Smederevu, \u0160apcu i Lazarevcu.<\/p>\n","protected":false},"excerpt":{"rendered":"<p>Vlada Srbije razre\u0161ila je Bojana Atlagi\u0107a du\u017enosti vr\u0161ioca du\u017enosti Elektrodistribucije Srbije, koji je na toj poziciji bio od 2016.<\/p>\n","protected":false},"author":23,"featured_media":71269,"comment_status":"open","ping_status":"open","sticky":false,"template":"","format":"standard","meta":{"_acf_changed":false,"_monsterinsights_skip_tracking":false,"_monsterinsights_sitenote_active":false,"_monsterinsights_sitenote_note":"","_monsterinsights_sitenote_category":0,"footnotes":""},"categories":[504],"tags":[6769,6037,1307,190],"class_list":["post-71268","post","type-post","status-publish","format-standard","has-post-thumbnail","hentry","category-elektricna-energija","tag-eds","tag-elektrodistribucija-srbije","tag-elektroprivreda-srbije","tag-eps","country-srbija"],"acf":[],"yoast_head":"<!-- This site is optimized with the Yoast SEO plugin v27.4 - https:\/\/yoast.com\/product\/yoast-seo-wordpress\/ -->\n<title>Biljana Komneni\u0107 nova direktorka Elektrodistribucije Srbije<\/title>\n<meta name=\"description\" content=\"Vlada Srbije razre\u0161ila je Bojana Atlagi\u0107a du\u017enosti vr\u0161ioca du\u017enosti Elektrodistribucije Srbije, koji je na toj poziciji bio od 2016.\" \/>\n<meta name=\"robots\" content=\"index, follow, max-snippet:-1, max-image-preview:large, max-video-preview:-1\" \/>\n<link rel=\"canonical\" href=\"https:\/\/balkangreenenergynews.com\/rs\/biljana-komnenic-nova-direktorka-elektrodistribucije-srbije\/\" \/>\n<meta property=\"og:locale\" content=\"sr_RS\" \/>\n<meta property=\"og:type\" content=\"article\" \/>\n<meta property=\"og:title\" content=\"Biljana Komneni\u0107 nova direktorka Elektrodistribucije Srbije\" \/>\n<meta property=\"og:description\" content=\"Vlada Srbije razre\u0161ila je Bojana Atlagi\u0107a du\u017enosti vr\u0161ioca du\u017enosti Elektrodistribucije Srbije, koji je na toj poziciji bio od 2016.\" \/>\n<meta property=\"og:url\" content=\"https:\/\/balkangreenenergynews.com\/rs\/biljana-komnenic-nova-direktorka-elektrodistribucije-srbije\/\" \/>\n<meta property=\"og:site_name\" content=\"Balkan Green Energy News\" \/>\n<meta property=\"article:published_time\" content=\"2024-07-22T10:17:37+00:00\" \/>\n<meta property=\"article:modified_time\" content=\"2024-07-24T06:51:48+00:00\" \/>\n<meta property=\"og:image\" content=\"https:\/\/balkangreenenergynews.com\/rs\/wp-content\/uploads\/2024\/07\/eds-biljana-komnenic-elektrodistribucija-srbije.jpg\" \/>\n\t<meta property=\"og:image:width\" content=\"840\" \/>\n\t<meta property=\"og:image:height\" content=\"430\" \/>\n\t<meta property=\"og:image:type\" content=\"image\/jpeg\" \/>\n<meta name=\"author\" content=\"Vladimir Spasi\u0107\" \/>\n<meta name=\"twitter:card\" content=\"summary_large_image\" \/>\n<meta name=\"twitter:label1\" content=\"\u041d\u0430\u043f\u0438\u0441\u0430\u043d\u043e \u043e\u0434\" \/>\n\t<meta name=\"twitter:data1\" content=\"Vladimir Spasi\u0107\" \/>\n\t<meta name=\"twitter:label2\" content=\"\u041f\u0440\u043e\u0446\u0435\u045a\u0435\u043d\u043e \u0432\u0440\u0435\u043c\u0435 \u0447\u0438\u0442\u0430\u045a\u0430\" \/>\n\t<meta name=\"twitter:data2\" content=\"2 \u043c\u0438\u043d\u0443\u0442\u0430\" \/>\n<script type=\"application\/ld+json\" class=\"yoast-schema-graph\">{\"@context\":\"https:\\\/\\\/schema.org\",\"@graph\":[{\"@type\":\"Article\",\"@id\":\"https:\\\/\\\/balkangreenenergynews.com\\\/rs\\\/biljana-komnenic-nova-direktorka-elektrodistribucije-srbije\\\/#article\",\"isPartOf\":{\"@id\":\"https:\\\/\\\/balkangreenenergynews.com\\\/rs\\\/biljana-komnenic-nova-direktorka-elektrodistribucije-srbije\\\/\"},\"author\":{\"name\":\"Vladimir Spasi\u0107\",\"@id\":\"https:\\\/\\\/balkangreenenergynews.com\\\/rs\\\/#\\\/schema\\\/person\\\/99dc721c46113fea22caffad06ef7317\"},\"headline\":\"Biljana Komneni\u0107 nova direktorka Elektrodistribucije Srbije\",\"datePublished\":\"2024-07-22T10:17:37+00:00\",\"dateModified\":\"2024-07-24T06:51:48+00:00\",\"mainEntityOfPage\":{\"@id\":\"https:\\\/\\\/balkangreenenergynews.com\\\/rs\\\/biljana-komnenic-nova-direktorka-elektrodistribucije-srbije\\\/\"},\"wordCount\":340,\"commentCount\":9,\"image\":{\"@id\":\"https:\\\/\\\/balkangreenenergynews.com\\\/rs\\\/biljana-komnenic-nova-direktorka-elektrodistribucije-srbije\\\/#primaryimage\"},\"thumbnailUrl\":\"https:\\\/\\\/balkangreenenergynews.com\\\/rs\\\/wp-content\\\/uploads\\\/2024\\\/07\\\/eds-biljana-komnenic-elektrodistribucija-srbije.jpg?wsr\",\"keywords\":[\"EDS\",\"Elektrodistribucija Srbije\",\"Elektroprivreda Srbije\",\"EPS\"],\"articleSection\":[\"Elektri\u010dna energija\"],\"inLanguage\":\"sr-RS\",\"potentialAction\":[{\"@type\":\"CommentAction\",\"name\":\"Comment\",\"target\":[\"https:\\\/\\\/balkangreenenergynews.com\\\/rs\\\/biljana-komnenic-nova-direktorka-elektrodistribucije-srbije\\\/#respond\"]}]},{\"@type\":\"WebPage\",\"@id\":\"https:\\\/\\\/balkangreenenergynews.com\\\/rs\\\/biljana-komnenic-nova-direktorka-elektrodistribucije-srbije\\\/\",\"url\":\"https:\\\/\\\/balkangreenenergynews.com\\\/rs\\\/biljana-komnenic-nova-direktorka-elektrodistribucije-srbije\\\/\",\"name\":\"Biljana Komneni\u0107 nova direktorka Elektrodistribucije Srbije\",\"isPartOf\":{\"@id\":\"https:\\\/\\\/balkangreenenergynews.com\\\/rs\\\/#website\"},\"primaryImageOfPage\":{\"@id\":\"https:\\\/\\\/balkangreenenergynews.com\\\/rs\\\/biljana-komnenic-nova-direktorka-elektrodistribucije-srbije\\\/#primaryimage\"},\"image\":{\"@id\":\"https:\\\/\\\/balkangreenenergynews.com\\\/rs\\\/biljana-komnenic-nova-direktorka-elektrodistribucije-srbije\\\/#primaryimage\"},\"thumbnailUrl\":\"https:\\\/\\\/balkangreenenergynews.com\\\/rs\\\/wp-content\\\/uploads\\\/2024\\\/07\\\/eds-biljana-komnenic-elektrodistribucija-srbije.jpg?wsr\",\"datePublished\":\"2024-07-22T10:17:37+00:00\",\"dateModified\":\"2024-07-24T06:51:48+00:00\",\"author\":{\"@id\":\"https:\\\/\\\/balkangreenenergynews.com\\\/rs\\\/#\\\/schema\\\/person\\\/99dc721c46113fea22caffad06ef7317\"},\"description\":\"Vlada Srbije razre\u0161ila je Bojana Atlagi\u0107a du\u017enosti vr\u0161ioca du\u017enosti Elektrodistribucije Srbije, koji je na toj poziciji bio od 2016.\",\"breadcrumb\":{\"@id\":\"https:\\\/\\\/balkangreenenergynews.com\\\/rs\\\/biljana-komnenic-nova-direktorka-elektrodistribucije-srbije\\\/#breadcrumb\"},\"inLanguage\":\"sr-RS\",\"potentialAction\":[{\"@type\":\"ReadAction\",\"target\":[\"https:\\\/\\\/balkangreenenergynews.com\\\/rs\\\/biljana-komnenic-nova-direktorka-elektrodistribucije-srbije\\\/\"]}]},{\"@type\":\"ImageObject\",\"inLanguage\":\"sr-RS\",\"@id\":\"https:\\\/\\\/balkangreenenergynews.com\\\/rs\\\/biljana-komnenic-nova-direktorka-elektrodistribucije-srbije\\\/#primaryimage\",\"url\":\"https:\\\/\\\/balkangreenenergynews.com\\\/rs\\\/wp-content\\\/uploads\\\/2024\\\/07\\\/eds-biljana-komnenic-elektrodistribucija-srbije.jpg?wsr\",\"contentUrl\":\"https:\\\/\\\/balkangreenenergynews.com\\\/rs\\\/wp-content\\\/uploads\\\/2024\\\/07\\\/eds-biljana-komnenic-elektrodistribucija-srbije.jpg?wsr\",\"width\":840,\"height\":430,\"caption\":\"eds biljana komnenic elektrodistribucija srbije\"},{\"@type\":\"BreadcrumbList\",\"@id\":\"https:\\\/\\\/balkangreenenergynews.com\\\/rs\\\/biljana-komnenic-nova-direktorka-elektrodistribucije-srbije\\\/#breadcrumb\",\"itemListElement\":[{\"@type\":\"ListItem\",\"position\":1,\"name\":\"Po\u010detna\",\"item\":\"https:\\\/\\\/balkangreenenergynews.com\\\/rs\\\/\"},{\"@type\":\"ListItem\",\"position\":2,\"name\":\"Vesti\",\"item\":\"https:\\\/\\\/balkangreenenergynews.com\\\/rs\\\/kategorija\\\/vesti\\\/\"},{\"@type\":\"ListItem\",\"position\":3,\"name\":\"Elektri\u010dna energija\",\"item\":\"https:\\\/\\\/balkangreenenergynews.com\\\/rs\\\/kategorija\\\/vesti\\\/elektricna-energija\\\/\"},{\"@type\":\"ListItem\",\"position\":4,\"name\":\"Biljana Komneni\u0107 nova direktorka Elektrodistribucije Srbije\"}]},{\"@type\":\"WebSite\",\"@id\":\"https:\\\/\\\/balkangreenenergynews.com\\\/rs\\\/#website\",\"url\":\"https:\\\/\\\/balkangreenenergynews.com\\\/rs\\\/\",\"name\":\"Balkan Green Energy News\",\"description\":\"Naj\u0161iri izbor vesti sa Balkana o zelenoj energiji\",\"potentialAction\":[{\"@type\":\"SearchAction\",\"target\":{\"@type\":\"EntryPoint\",\"urlTemplate\":\"https:\\\/\\\/balkangreenenergynews.com\\\/rs\\\/?s={search_term_string}\"},\"query-input\":{\"@type\":\"PropertyValueSpecification\",\"valueRequired\":true,\"valueName\":\"search_term_string\"}}],\"inLanguage\":\"sr-RS\"},{\"@type\":\"Person\",\"@id\":\"https:\\\/\\\/balkangreenenergynews.com\\\/rs\\\/#\\\/schema\\\/person\\\/99dc721c46113fea22caffad06ef7317\",\"name\":\"Vladimir Spasi\u0107\",\"url\":\"https:\\\/\\\/balkangreenenergynews.com\\\/rs\\\/author\\\/vladimir-spasic\\\/\"}]}<\/script>\n<!-- \/ Yoast SEO plugin. -->","yoast_head_json":{"title":"Biljana Komneni\u0107 nova direktorka Elektrodistribucije Srbije","description":"Vlada Srbije razre\u0161ila je Bojana Atlagi\u0107a du\u017enosti vr\u0161ioca du\u017enosti Elektrodistribucije Srbije, koji je na toj poziciji bio od 2016.","robots":{"index":"index","follow":"follow","max-snippet":"max-snippet:-1","max-image-preview":"max-image-preview:large","max-video-preview":"max-video-preview:-1"},"canonical":"https:\/\/balkangreenenergynews.com\/rs\/biljana-komnenic-nova-direktorka-elektrodistribucije-srbije\/","og_locale":"sr_RS","og_type":"article","og_title":"Biljana Komneni\u0107 nova direktorka Elektrodistribucije Srbije","og_description":"Vlada Srbije razre\u0161ila je Bojana Atlagi\u0107a du\u017enosti vr\u0161ioca du\u017enosti Elektrodistribucije Srbije, koji je na toj poziciji bio od 2016.","og_url":"https:\/\/balkangreenenergynews.com\/rs\/biljana-komnenic-nova-direktorka-elektrodistribucije-srbije\/","og_site_name":"Balkan Green Energy News","article_published_time":"2024-07-22T10:17:37+00:00","article_modified_time":"2024-07-24T06:51:48+00:00","og_image":[{"width":840,"height":430,"url":"https:\/\/balkangreenenergynews.com\/rs\/wp-content\/uploads\/2024\/07\/eds-biljana-komnenic-elektrodistribucija-srbije.jpg","type":"image\/jpeg"}],"author":"Vladimir Spasi\u0107","twitter_card":"summary_large_image","twitter_misc":{"\u041d\u0430\u043f\u0438\u0441\u0430\u043d\u043e \u043e\u0434":"Vladimir Spasi\u0107","\u041f\u0440\u043e\u0446\u0435\u045a\u0435\u043d\u043e \u0432\u0440\u0435\u043c\u0435 \u0447\u0438\u0442\u0430\u045a\u0430":"2 \u043c\u0438\u043d\u0443\u0442\u0430"},"schema":{"@context":"https:\/\/schema.org","@graph":[{"@type":"Article","@id":"https:\/\/balkangreenenergynews.com\/rs\/biljana-komnenic-nova-direktorka-elektrodistribucije-srbije\/#article","isPartOf":{"@id":"https:\/\/balkangreenenergynews.com\/rs\/biljana-komnenic-nova-direktorka-elektrodistribucije-srbije\/"},"author":{"name":"Vladimir Spasi\u0107","@id":"https:\/\/balkangreenenergynews.com\/rs\/#\/schema\/person\/99dc721c46113fea22caffad06ef7317"},"headline":"Biljana Komneni\u0107 nova direktorka Elektrodistribucije Srbije","datePublished":"2024-07-22T10:17:37+00:00","dateModified":"2024-07-24T06:51:48+00:00","mainEntityOfPage":{"@id":"https:\/\/balkangreenenergynews.com\/rs\/biljana-komnenic-nova-direktorka-elektrodistribucije-srbije\/"},"wordCount":340,"commentCount":9,"image":{"@id":"https:\/\/balkangreenenergynews.com\/rs\/biljana-komnenic-nova-direktorka-elektrodistribucije-srbije\/#primaryimage"},"thumbnailUrl":"https:\/\/balkangreenenergynews.com\/rs\/wp-content\/uploads\/2024\/07\/eds-biljana-komnenic-elektrodistribucija-srbije.jpg?wsr","keywords":["EDS","Elektrodistribucija Srbije","Elektroprivreda Srbije","EPS"],"articleSection":["Elektri\u010dna energija"],"inLanguage":"sr-RS","potentialAction":[{"@type":"CommentAction","name":"Comment","target":["https:\/\/balkangreenenergynews.com\/rs\/biljana-komnenic-nova-direktorka-elektrodistribucije-srbije\/#respond"]}]},{"@type":"WebPage","@id":"https:\/\/balkangreenenergynews.com\/rs\/biljana-komnenic-nova-direktorka-elektrodistribucije-srbije\/","url":"https:\/\/balkangreenenergynews.com\/rs\/biljana-komnenic-nova-direktorka-elektrodistribucije-srbije\/","name":"Biljana Komneni\u0107 nova direktorka Elektrodistribucije Srbije","isPartOf":{"@id":"https:\/\/balkangreenenergynews.com\/rs\/#website"},"primaryImageOfPage":{"@id":"https:\/\/balkangreenenergynews.com\/rs\/biljana-komnenic-nova-direktorka-elektrodistribucije-srbije\/#primaryimage"},"image":{"@id":"https:\/\/balkangreenenergynews.com\/rs\/biljana-komnenic-nova-direktorka-elektrodistribucije-srbije\/#primaryimage"},"thumbnailUrl":"https:\/\/balkangreenenergynews.com\/rs\/wp-content\/uploads\/2024\/07\/eds-biljana-komnenic-elektrodistribucija-srbije.jpg?wsr","datePublished":"2024-07-22T10:17:37+00:00","dateModified":"2024-07-24T06:51:48+00:00","author":{"@id":"https:\/\/balkangreenenergynews.com\/rs\/#\/schema\/person\/99dc721c46113fea22caffad06ef7317"},"description":"Vlada Srbije razre\u0161ila je Bojana Atlagi\u0107a du\u017enosti vr\u0161ioca du\u017enosti Elektrodistribucije Srbije, koji je na toj poziciji bio od 2016.","breadcrumb":{"@id":"https:\/\/balkangreenenergynews.com\/rs\/biljana-komnenic-nova-direktorka-elektrodistribucije-srbije\/#breadcrumb"},"inLanguage":"sr-RS","potentialAction":[{"@type":"ReadAction","target":["https:\/\/balkangreenenergynews.com\/rs\/biljana-komnenic-nova-direktorka-elektrodistribucije-srbije\/"]}]},{"@type":"ImageObject","inLanguage":"sr-RS","@id":"https:\/\/balkangreenenergynews.com\/rs\/biljana-komnenic-nova-direktorka-elektrodistribucije-srbije\/#primaryimage","url":"https:\/\/balkangreenenergynews.com\/rs\/wp-content\/uploads\/2024\/07\/eds-biljana-komnenic-elektrodistribucija-srbije.jpg?wsr","contentUrl":"https:\/\/balkangreenenergynews.com\/rs\/wp-content\/uploads\/2024\/07\/eds-biljana-komnenic-elektrodistribucija-srbije.jpg?wsr","width":840,"height":430,"caption":"eds biljana komnenic elektrodistribucija srbije"},{"@type":"BreadcrumbList","@id":"https:\/\/balkangreenenergynews.com\/rs\/biljana-komnenic-nova-direktorka-elektrodistribucije-srbije\/#breadcrumb","itemListElement":[{"@type":"ListItem","position":1,"name":"Po\u010detna","item":"https:\/\/balkangreenenergynews.com\/rs\/"},{"@type":"ListItem","position":2,"name":"Vesti","item":"https:\/\/balkangreenenergynews.com\/rs\/kategorija\/vesti\/"},{"@type":"ListItem","position":3,"name":"Elektri\u010dna energija","item":"https:\/\/balkangreenenergynews.com\/rs\/kategorija\/vesti\/elektricna-energija\/"},{"@type":"ListItem","position":4,"name":"Biljana Komneni\u0107 nova direktorka Elektrodistribucije Srbije"}]},{"@type":"WebSite","@id":"https:\/\/balkangreenenergynews.com\/rs\/#website","url":"https:\/\/balkangreenenergynews.com\/rs\/","name":"Balkan Green Energy News","description":"Naj\u0161iri izbor vesti sa Balkana o zelenoj energiji","potentialAction":[{"@type":"SearchAction","target":{"@type":"EntryPoint","urlTemplate":"https:\/\/balkangreenenergynews.com\/rs\/?s={search_term_string}"},"query-input":{"@type":"PropertyValueSpecification","valueRequired":true,"valueName":"search_term_string"}}],"inLanguage":"sr-RS"},{"@type":"Person","@id":"https:\/\/balkangreenenergynews.com\/rs\/#\/schema\/person\/99dc721c46113fea22caffad06ef7317","name":"Vladimir Spasi\u0107","url":"https:\/\/balkangreenenergynews.com\/rs\/author\/vladimir-spasic\/"}]}},"_links":{"self":[{"href":"https:\/\/balkangreenenergynews.com\/rs\/wp-json\/wp\/v2\/posts\/71268","targetHints":{"allow":["GET"]}}],"collection":[{"href":"https:\/\/balkangreenenergynews.com\/rs\/wp-json\/wp\/v2\/posts"}],"about":[{"href":"https:\/\/balkangreenenergynews.com\/rs\/wp-json\/wp\/v2\/types\/post"}],"author":[{"embeddable":true,"href":"https:\/\/balkangreenenergynews.com\/rs\/wp-json\/wp\/v2\/users\/23"}],"replies":[{"embeddable":true,"href":"https:\/\/balkangreenenergynews.com\/rs\/wp-json\/wp\/v2\/comments?post=71268"}],"version-history":[{"count":0,"href":"https:\/\/balkangreenenergynews.com\/rs\/wp-json\/wp\/v2\/posts\/71268\/revisions"}],"wp:featuredmedia":[{"embeddable":true,"href":"https:\/\/balkangreenenergynews.com\/rs\/wp-json\/wp\/v2\/media\/71269"}],"wp:attachment":[{"href":"https:\/\/balkangreenenergynews.com\/rs\/wp-json\/wp\/v2\/media?parent=71268"}],"wp:term":[{"taxonomy":"category","embeddable":true,"href":"https:\/\/balkangreenenergynews.com\/rs\/wp-json\/wp\/v2\/categories?post=71268"},{"taxonomy":"post_tag","embeddable":true,"href":"https:\/\/balkangreenenergynews.com\/rs\/wp-json\/wp\/v2\/tags?post=71268"}],"curies":[{"name":"wp","href":"https:\/\/api.w.org\/{rel}","templated":true}]}}