{"id":71215,"date":"2024-07-19T15:20:51","date_gmt":"2024-07-19T13:20:51","guid":{"rendered":"https:\/\/balkangreenenergynews.com\/rs\/?p=71215"},"modified":"2024-07-19T15:46:13","modified_gmt":"2024-07-19T13:46:13","slug":"kokanovic-skupstina-grada-loznice-se-sprema-da-u-prostorni-plan-ubaci-projekat-jadar","status":"publish","type":"post","link":"https:\/\/balkangreenenergynews.com\/rs\/kokanovic-skupstina-grada-loznice-se-sprema-da-u-prostorni-plan-ubaci-projekat-jadar\/","title":{"rendered":"Kokanovi\u0107: Skup\u0161tina grada Loznice se sprema da u prostorni plan ubaci projekat Jadar"},"content":{"rendered":"<h2>Zlatko Kokanovi\u0107, aktivista Udru\u017eenja Ne damo Jadar pozvao je gra\u0111ane Loznice da budu u pripravnosti 25. jula, kada je zakazana sednica Skup\u0161tine grada Loznice, na \u010diji \u0107e dnevni red, po njegovim re\u010dima, biti dodata i ta\u010dka o prostornom planu grada koji uklju\u010duje i projekat Jadar.<\/h2>\n<p>&#8222;O\u010dekujemo sednicu 25. jula koja \u0107e se odr\u017eati u gradskoj Skup\u0161tini grada Loznice na \u010dijem dnevnom redu nije prostorni plan grada&#8220;, rekao je Zlatko Kokanovi\u0107 <a href=\"https:\/\/balkangreenenergynews.com\/rs\/krivicne-prijave-protiv-demonstranata-u-loznici-koji-se-protive-projektu-jadar\/\">aktivista<\/a> Udru\u017eenja Ne damo Jadar i me\u0161tanin Gornjih Nedeljica nakon \u010detvoro\u010dasovnog razgovora sa Bezbednosno &#8211; informativnom agencijom (BIA).<\/p>\n<p>On dodaje da udru\u017eenje gra\u0111ana Ne damo Jadar ima informaciju da \u0107e biti dopuna dnevnog reda. Dopunom \u0107e na dnevni red biti dodata ta\u010dka o Prostornom planu grada Loznice u koji \u0107e biti upisan Prostorni plan podru\u010dja posebne namene projekta Jadar.<\/p>\n<blockquote><p>Kokanovi\u0107: Najavljena je uzbuna ako saznamo da se stavlja ta ta\u010dka na dnevni red<\/p><\/blockquote>\n<p>&#8222;Rekli su mi da mo\u017eemo da protestvujemo do mile volje i da se \u0161etamo koliko ho\u0107emo. Mi ne znamo kako \u0107e ljudi reagovati i zato dragi gra\u0111ani Loznice pratite stranicu i 25. jula budite u pripravnosti. Najavljena je uzbuna ako saznamo da se stavlja ta ta\u010dka na dnevni red. Budite spreni da u roku od 15 do 20 minuta budete pred Gradskom ku\u0107om da im pomognemo da razmisle u dono\u0161enju te odluke\u201c, naveo je on.<\/p>\n<p><iframe loading=\"lazy\" title=\"Zlatko posle \u010detiri sata provedena u BIA\" width=\"500\" height=\"281\" src=\"https:\/\/www.youtube.com\/embed\/XAxxeJZPm0s?feature=oembed\" frameborder=\"0\" allow=\"accelerometer; autoplay; clipboard-write; encrypted-media; gyroscope; picture-in-picture; web-share\" referrerpolicy=\"strict-origin-when-cross-origin\" allowfullscreen><\/iframe><\/p>\n<p>Da podsetimo, 2021. godine Skup\u0161tina grada Loznice je usvojila prostorni plan koji je uklju\u010duvao podru\u010dje posebne namene za projekat rudnika i prerade litijuma kompanije Rio Tinto, uprkos <a href=\"https:\/\/balkangreenenergynews.com\/rs\/protest-protiv-usvajanja-prostornog-plana-za-rudnik-jadarita-cela-srbija-da-dode-u-loznicu\/\">protestima<\/a> me\u0161tana doline Jadra, ekolo\u0161kih organizacija i gra\u0111ana. Prostorni plan je <a href=\"https:\/\/balkangreenenergynews.com\/rs\/ukidanje-prostornog-plana-loznice-mali-korak-u-dobrom-pravcu-ipak-ne-sprecava-otvaranje-rudnika\/\">ukinut<\/a> u decembru iste godine.<\/p>\n<p>Za agenciju <a href=\"https:\/\/beta.rs\/content\/208645-kokanovic-pozvan-u-policiju-zbog-objave-na-fejsbuku-da-se-spremi-suzavac\">Beta<\/a> Kokanovi\u0107 je naveo da su ga iz agencije BIA pozvali kako bi videli da li zna ko je na Fejsbuk stranici tog udru\u017eenja napisao da se &#8222;spreme suzavac, biber sprej i prsluci&#8220;, na \u0161ta je on odri\u010dno odgovorio.<\/p>\n<p>O pozivu upu\u0107enom Kokanovi\u0107a na informativni razgovor, obavestio je aktivista Neboj\u0161a Petkovi\u0107 preko dru\u0161tvenih mre\u017ea i dodao da je stvaran razlog razgovora bio sastanak poljoprivrednika u Vladi Srbije koji, kako ka\u017ee, nema istu te\u017einu sa Zlatkom i bez njega.<\/p>\n","protected":false},"excerpt":{"rendered":"<p>Zlatko Kokanovi\u0107, aktivista Udru\u017eenja Ne damo Jadar pozvao je gra\u0111ane Loznice da budu u pripravnosti 25. jula, kada je zakazana sednica Skup\u0161tine grada Loznice<\/p>\n","protected":false},"author":34,"featured_media":71243,"comment_status":"open","ping_status":"open","sticky":false,"template":"","format":"standard","meta":{"_acf_changed":false,"_monsterinsights_skip_tracking":false,"_monsterinsights_sitenote_active":false,"_monsterinsights_sitenote_note":"","_monsterinsights_sitenote_category":0,"footnotes":""},"categories":[481,4],"tags":[6415,2899,6338,7071,6286],"class_list":["post-71215","post","type-post","status-publish","format-standard","has-post-thumbnail","hentry","category-vesti","category-zivotna-sredina","tag-izjava-dana","tag-litijum","tag-ne-damo-jadar","tag-projekat-jadar","tag-zlatko-kokanovic","country-srbija"],"acf":[],"yoast_head":"<!-- This site is optimized with the Yoast SEO plugin v27.4 - https:\/\/yoast.com\/product\/yoast-seo-wordpress\/ -->\n<title>Kokanovi\u0107: Skup\u0161tina grada Loznice se sprema da u prostorni plan ubaci projekat Jadar<\/title>\n<meta name=\"description\" content=\"Zlatko Kokanovi\u0107, aktivista Udru\u017eenja Ne damo Jadar pozvao je gra\u0111ane Loznice da budu u pripravnosti 25. jula, kada je zakazana sednica Skup\u0161tine grada Loznice\" \/>\n<meta name=\"robots\" content=\"index, follow, max-snippet:-1, max-image-preview:large, max-video-preview:-1\" \/>\n<link rel=\"canonical\" href=\"https:\/\/balkangreenenergynews.com\/rs\/kokanovic-skupstina-grada-loznice-se-sprema-da-u-prostorni-plan-ubaci-projekat-jadar\/\" \/>\n<meta property=\"og:locale\" content=\"sr_RS\" \/>\n<meta property=\"og:type\" content=\"article\" \/>\n<meta property=\"og:title\" content=\"Kokanovi\u0107: Skup\u0161tina grada Loznice se sprema da u prostorni plan ubaci projekat Jadar\" \/>\n<meta property=\"og:description\" content=\"Zlatko Kokanovi\u0107, aktivista Udru\u017eenja Ne damo Jadar pozvao je gra\u0111ane Loznice da budu u pripravnosti 25. jula, kada je zakazana sednica Skup\u0161tine grada Loznice\" \/>\n<meta property=\"og:url\" content=\"https:\/\/balkangreenenergynews.com\/rs\/kokanovic-skupstina-grada-loznice-se-sprema-da-u-prostorni-plan-ubaci-projekat-jadar\/\" \/>\n<meta property=\"og:site_name\" content=\"Balkan Green Energy News\" \/>\n<meta property=\"article:published_time\" content=\"2024-07-19T13:20:51+00:00\" \/>\n<meta property=\"article:modified_time\" content=\"2024-07-19T13:46:13+00:00\" \/>\n<meta property=\"og:image\" content=\"https:\/\/balkangreenenergynews.com\/rs\/wp-content\/uploads\/2024\/07\/zlatko-kokanovic-jadar-litijum-prostorni-plan-loznica.jpg\" \/>\n\t<meta property=\"og:image:width\" content=\"840\" \/>\n\t<meta property=\"og:image:height\" content=\"429\" \/>\n\t<meta property=\"og:image:type\" content=\"image\/jpeg\" \/>\n<meta name=\"author\" content=\"Jelisaveta Peri\u0161i\u0107\" \/>\n<meta name=\"twitter:card\" content=\"summary_large_image\" \/>\n<meta name=\"twitter:label1\" content=\"\u041d\u0430\u043f\u0438\u0441\u0430\u043d\u043e \u043e\u0434\" \/>\n\t<meta name=\"twitter:data1\" content=\"Jelisaveta Peri\u0161i\u0107\" \/>\n\t<meta name=\"twitter:label2\" content=\"\u041f\u0440\u043e\u0446\u0435\u045a\u0435\u043d\u043e \u0432\u0440\u0435\u043c\u0435 \u0447\u0438\u0442\u0430\u045a\u0430\" \/>\n\t<meta name=\"twitter:data2\" content=\"2 \u043c\u0438\u043d\u0443\u0442\u0430\" \/>\n<script type=\"application\/ld+json\" class=\"yoast-schema-graph\">{\"@context\":\"https:\\\/\\\/schema.org\",\"@graph\":[{\"@type\":\"Article\",\"@id\":\"https:\\\/\\\/balkangreenenergynews.com\\\/rs\\\/kokanovic-skupstina-grada-loznice-se-sprema-da-u-prostorni-plan-ubaci-projekat-jadar\\\/#article\",\"isPartOf\":{\"@id\":\"https:\\\/\\\/balkangreenenergynews.com\\\/rs\\\/kokanovic-skupstina-grada-loznice-se-sprema-da-u-prostorni-plan-ubaci-projekat-jadar\\\/\"},\"author\":{\"name\":\"Jelisaveta Peri\u0161i\u0107\",\"@id\":\"https:\\\/\\\/balkangreenenergynews.com\\\/rs\\\/#\\\/schema\\\/person\\\/4b3c5831bbc05a72630d12560df2b3f8\"},\"headline\":\"Kokanovi\u0107: Skup\u0161tina grada Loznice se sprema da u prostorni plan ubaci projekat Jadar\",\"datePublished\":\"2024-07-19T13:20:51+00:00\",\"dateModified\":\"2024-07-19T13:46:13+00:00\",\"mainEntityOfPage\":{\"@id\":\"https:\\\/\\\/balkangreenenergynews.com\\\/rs\\\/kokanovic-skupstina-grada-loznice-se-sprema-da-u-prostorni-plan-ubaci-projekat-jadar\\\/\"},\"wordCount\":395,\"commentCount\":0,\"image\":{\"@id\":\"https:\\\/\\\/balkangreenenergynews.com\\\/rs\\\/kokanovic-skupstina-grada-loznice-se-sprema-da-u-prostorni-plan-ubaci-projekat-jadar\\\/#primaryimage\"},\"thumbnailUrl\":\"https:\\\/\\\/balkangreenenergynews.com\\\/rs\\\/wp-content\\\/uploads\\\/2024\\\/07\\\/zlatko-kokanovic-jadar-litijum-prostorni-plan-loznica.jpg?wsr\",\"keywords\":[\"Izjava dana\",\"litijum\",\"Ne damo Jadar\",\"Projekat Jadar\",\"Zlatko Kokanovi\u0107\"],\"articleSection\":[\"Vesti\",\"\u017divotna sredina\"],\"inLanguage\":\"sr-RS\",\"potentialAction\":[{\"@type\":\"CommentAction\",\"name\":\"Comment\",\"target\":[\"https:\\\/\\\/balkangreenenergynews.com\\\/rs\\\/kokanovic-skupstina-grada-loznice-se-sprema-da-u-prostorni-plan-ubaci-projekat-jadar\\\/#respond\"]}]},{\"@type\":\"WebPage\",\"@id\":\"https:\\\/\\\/balkangreenenergynews.com\\\/rs\\\/kokanovic-skupstina-grada-loznice-se-sprema-da-u-prostorni-plan-ubaci-projekat-jadar\\\/\",\"url\":\"https:\\\/\\\/balkangreenenergynews.com\\\/rs\\\/kokanovic-skupstina-grada-loznice-se-sprema-da-u-prostorni-plan-ubaci-projekat-jadar\\\/\",\"name\":\"Kokanovi\u0107: Skup\u0161tina grada Loznice se sprema da u prostorni plan ubaci projekat Jadar\",\"isPartOf\":{\"@id\":\"https:\\\/\\\/balkangreenenergynews.com\\\/rs\\\/#website\"},\"primaryImageOfPage\":{\"@id\":\"https:\\\/\\\/balkangreenenergynews.com\\\/rs\\\/kokanovic-skupstina-grada-loznice-se-sprema-da-u-prostorni-plan-ubaci-projekat-jadar\\\/#primaryimage\"},\"image\":{\"@id\":\"https:\\\/\\\/balkangreenenergynews.com\\\/rs\\\/kokanovic-skupstina-grada-loznice-se-sprema-da-u-prostorni-plan-ubaci-projekat-jadar\\\/#primaryimage\"},\"thumbnailUrl\":\"https:\\\/\\\/balkangreenenergynews.com\\\/rs\\\/wp-content\\\/uploads\\\/2024\\\/07\\\/zlatko-kokanovic-jadar-litijum-prostorni-plan-loznica.jpg?wsr\",\"datePublished\":\"2024-07-19T13:20:51+00:00\",\"dateModified\":\"2024-07-19T13:46:13+00:00\",\"author\":{\"@id\":\"https:\\\/\\\/balkangreenenergynews.com\\\/rs\\\/#\\\/schema\\\/person\\\/4b3c5831bbc05a72630d12560df2b3f8\"},\"description\":\"Zlatko Kokanovi\u0107, aktivista Udru\u017eenja Ne damo Jadar pozvao je gra\u0111ane Loznice da budu u pripravnosti 25. jula, kada je zakazana sednica Skup\u0161tine grada Loznice\",\"breadcrumb\":{\"@id\":\"https:\\\/\\\/balkangreenenergynews.com\\\/rs\\\/kokanovic-skupstina-grada-loznice-se-sprema-da-u-prostorni-plan-ubaci-projekat-jadar\\\/#breadcrumb\"},\"inLanguage\":\"sr-RS\",\"potentialAction\":[{\"@type\":\"ReadAction\",\"target\":[\"https:\\\/\\\/balkangreenenergynews.com\\\/rs\\\/kokanovic-skupstina-grada-loznice-se-sprema-da-u-prostorni-plan-ubaci-projekat-jadar\\\/\"]}]},{\"@type\":\"ImageObject\",\"inLanguage\":\"sr-RS\",\"@id\":\"https:\\\/\\\/balkangreenenergynews.com\\\/rs\\\/kokanovic-skupstina-grada-loznice-se-sprema-da-u-prostorni-plan-ubaci-projekat-jadar\\\/#primaryimage\",\"url\":\"https:\\\/\\\/balkangreenenergynews.com\\\/rs\\\/wp-content\\\/uploads\\\/2024\\\/07\\\/zlatko-kokanovic-jadar-litijum-prostorni-plan-loznica.jpg?wsr\",\"contentUrl\":\"https:\\\/\\\/balkangreenenergynews.com\\\/rs\\\/wp-content\\\/uploads\\\/2024\\\/07\\\/zlatko-kokanovic-jadar-litijum-prostorni-plan-loznica.jpg?wsr\",\"width\":840,\"height\":429,\"caption\":\"zlatko kokanovic jadar litijum prostorni plan loznica\"},{\"@type\":\"BreadcrumbList\",\"@id\":\"https:\\\/\\\/balkangreenenergynews.com\\\/rs\\\/kokanovic-skupstina-grada-loznice-se-sprema-da-u-prostorni-plan-ubaci-projekat-jadar\\\/#breadcrumb\",\"itemListElement\":[{\"@type\":\"ListItem\",\"position\":1,\"name\":\"Po\u010detna\",\"item\":\"https:\\\/\\\/balkangreenenergynews.com\\\/rs\\\/\"},{\"@type\":\"ListItem\",\"position\":2,\"name\":\"Vesti\",\"item\":\"https:\\\/\\\/balkangreenenergynews.com\\\/rs\\\/kategorija\\\/vesti\\\/\"},{\"@type\":\"ListItem\",\"position\":3,\"name\":\"Kokanovi\u0107: Skup\u0161tina grada Loznice se sprema da u prostorni plan ubaci projekat Jadar\"}]},{\"@type\":\"WebSite\",\"@id\":\"https:\\\/\\\/balkangreenenergynews.com\\\/rs\\\/#website\",\"url\":\"https:\\\/\\\/balkangreenenergynews.com\\\/rs\\\/\",\"name\":\"Balkan Green Energy News\",\"description\":\"Naj\u0161iri izbor vesti sa Balkana o zelenoj energiji\",\"potentialAction\":[{\"@type\":\"SearchAction\",\"target\":{\"@type\":\"EntryPoint\",\"urlTemplate\":\"https:\\\/\\\/balkangreenenergynews.com\\\/rs\\\/?s={search_term_string}\"},\"query-input\":{\"@type\":\"PropertyValueSpecification\",\"valueRequired\":true,\"valueName\":\"search_term_string\"}}],\"inLanguage\":\"sr-RS\"},{\"@type\":\"Person\",\"@id\":\"https:\\\/\\\/balkangreenenergynews.com\\\/rs\\\/#\\\/schema\\\/person\\\/4b3c5831bbc05a72630d12560df2b3f8\",\"name\":\"Jelisaveta Peri\u0161i\u0107\",\"url\":\"https:\\\/\\\/balkangreenenergynews.com\\\/rs\\\/author\\\/jelisavet-perisic\\\/\"}]}<\/script>\n<!-- \/ Yoast SEO plugin. -->","yoast_head_json":{"title":"Kokanovi\u0107: Skup\u0161tina grada Loznice se sprema da u prostorni plan ubaci projekat Jadar","description":"Zlatko Kokanovi\u0107, aktivista Udru\u017eenja Ne damo Jadar pozvao je gra\u0111ane Loznice da budu u pripravnosti 25. jula, kada je zakazana sednica Skup\u0161tine grada Loznice","robots":{"index":"index","follow":"follow","max-snippet":"max-snippet:-1","max-image-preview":"max-image-preview:large","max-video-preview":"max-video-preview:-1"},"canonical":"https:\/\/balkangreenenergynews.com\/rs\/kokanovic-skupstina-grada-loznice-se-sprema-da-u-prostorni-plan-ubaci-projekat-jadar\/","og_locale":"sr_RS","og_type":"article","og_title":"Kokanovi\u0107: Skup\u0161tina grada Loznice se sprema da u prostorni plan ubaci projekat Jadar","og_description":"Zlatko Kokanovi\u0107, aktivista Udru\u017eenja Ne damo Jadar pozvao je gra\u0111ane Loznice da budu u pripravnosti 25. jula, kada je zakazana sednica Skup\u0161tine grada Loznice","og_url":"https:\/\/balkangreenenergynews.com\/rs\/kokanovic-skupstina-grada-loznice-se-sprema-da-u-prostorni-plan-ubaci-projekat-jadar\/","og_site_name":"Balkan Green Energy News","article_published_time":"2024-07-19T13:20:51+00:00","article_modified_time":"2024-07-19T13:46:13+00:00","og_image":[{"width":840,"height":429,"url":"https:\/\/balkangreenenergynews.com\/rs\/wp-content\/uploads\/2024\/07\/zlatko-kokanovic-jadar-litijum-prostorni-plan-loznica.jpg","type":"image\/jpeg"}],"author":"Jelisaveta Peri\u0161i\u0107","twitter_card":"summary_large_image","twitter_misc":{"\u041d\u0430\u043f\u0438\u0441\u0430\u043d\u043e \u043e\u0434":"Jelisaveta Peri\u0161i\u0107","\u041f\u0440\u043e\u0446\u0435\u045a\u0435\u043d\u043e \u0432\u0440\u0435\u043c\u0435 \u0447\u0438\u0442\u0430\u045a\u0430":"2 \u043c\u0438\u043d\u0443\u0442\u0430"},"schema":{"@context":"https:\/\/schema.org","@graph":[{"@type":"Article","@id":"https:\/\/balkangreenenergynews.com\/rs\/kokanovic-skupstina-grada-loznice-se-sprema-da-u-prostorni-plan-ubaci-projekat-jadar\/#article","isPartOf":{"@id":"https:\/\/balkangreenenergynews.com\/rs\/kokanovic-skupstina-grada-loznice-se-sprema-da-u-prostorni-plan-ubaci-projekat-jadar\/"},"author":{"name":"Jelisaveta Peri\u0161i\u0107","@id":"https:\/\/balkangreenenergynews.com\/rs\/#\/schema\/person\/4b3c5831bbc05a72630d12560df2b3f8"},"headline":"Kokanovi\u0107: Skup\u0161tina grada Loznice se sprema da u prostorni plan ubaci projekat Jadar","datePublished":"2024-07-19T13:20:51+00:00","dateModified":"2024-07-19T13:46:13+00:00","mainEntityOfPage":{"@id":"https:\/\/balkangreenenergynews.com\/rs\/kokanovic-skupstina-grada-loznice-se-sprema-da-u-prostorni-plan-ubaci-projekat-jadar\/"},"wordCount":395,"commentCount":0,"image":{"@id":"https:\/\/balkangreenenergynews.com\/rs\/kokanovic-skupstina-grada-loznice-se-sprema-da-u-prostorni-plan-ubaci-projekat-jadar\/#primaryimage"},"thumbnailUrl":"https:\/\/balkangreenenergynews.com\/rs\/wp-content\/uploads\/2024\/07\/zlatko-kokanovic-jadar-litijum-prostorni-plan-loznica.jpg?wsr","keywords":["Izjava dana","litijum","Ne damo Jadar","Projekat Jadar","Zlatko Kokanovi\u0107"],"articleSection":["Vesti","\u017divotna sredina"],"inLanguage":"sr-RS","potentialAction":[{"@type":"CommentAction","name":"Comment","target":["https:\/\/balkangreenenergynews.com\/rs\/kokanovic-skupstina-grada-loznice-se-sprema-da-u-prostorni-plan-ubaci-projekat-jadar\/#respond"]}]},{"@type":"WebPage","@id":"https:\/\/balkangreenenergynews.com\/rs\/kokanovic-skupstina-grada-loznice-se-sprema-da-u-prostorni-plan-ubaci-projekat-jadar\/","url":"https:\/\/balkangreenenergynews.com\/rs\/kokanovic-skupstina-grada-loznice-se-sprema-da-u-prostorni-plan-ubaci-projekat-jadar\/","name":"Kokanovi\u0107: Skup\u0161tina grada Loznice se sprema da u prostorni plan ubaci projekat Jadar","isPartOf":{"@id":"https:\/\/balkangreenenergynews.com\/rs\/#website"},"primaryImageOfPage":{"@id":"https:\/\/balkangreenenergynews.com\/rs\/kokanovic-skupstina-grada-loznice-se-sprema-da-u-prostorni-plan-ubaci-projekat-jadar\/#primaryimage"},"image":{"@id":"https:\/\/balkangreenenergynews.com\/rs\/kokanovic-skupstina-grada-loznice-se-sprema-da-u-prostorni-plan-ubaci-projekat-jadar\/#primaryimage"},"thumbnailUrl":"https:\/\/balkangreenenergynews.com\/rs\/wp-content\/uploads\/2024\/07\/zlatko-kokanovic-jadar-litijum-prostorni-plan-loznica.jpg?wsr","datePublished":"2024-07-19T13:20:51+00:00","dateModified":"2024-07-19T13:46:13+00:00","author":{"@id":"https:\/\/balkangreenenergynews.com\/rs\/#\/schema\/person\/4b3c5831bbc05a72630d12560df2b3f8"},"description":"Zlatko Kokanovi\u0107, aktivista Udru\u017eenja Ne damo Jadar pozvao je gra\u0111ane Loznice da budu u pripravnosti 25. jula, kada je zakazana sednica Skup\u0161tine grada Loznice","breadcrumb":{"@id":"https:\/\/balkangreenenergynews.com\/rs\/kokanovic-skupstina-grada-loznice-se-sprema-da-u-prostorni-plan-ubaci-projekat-jadar\/#breadcrumb"},"inLanguage":"sr-RS","potentialAction":[{"@type":"ReadAction","target":["https:\/\/balkangreenenergynews.com\/rs\/kokanovic-skupstina-grada-loznice-se-sprema-da-u-prostorni-plan-ubaci-projekat-jadar\/"]}]},{"@type":"ImageObject","inLanguage":"sr-RS","@id":"https:\/\/balkangreenenergynews.com\/rs\/kokanovic-skupstina-grada-loznice-se-sprema-da-u-prostorni-plan-ubaci-projekat-jadar\/#primaryimage","url":"https:\/\/balkangreenenergynews.com\/rs\/wp-content\/uploads\/2024\/07\/zlatko-kokanovic-jadar-litijum-prostorni-plan-loznica.jpg?wsr","contentUrl":"https:\/\/balkangreenenergynews.com\/rs\/wp-content\/uploads\/2024\/07\/zlatko-kokanovic-jadar-litijum-prostorni-plan-loznica.jpg?wsr","width":840,"height":429,"caption":"zlatko kokanovic jadar litijum prostorni plan loznica"},{"@type":"BreadcrumbList","@id":"https:\/\/balkangreenenergynews.com\/rs\/kokanovic-skupstina-grada-loznice-se-sprema-da-u-prostorni-plan-ubaci-projekat-jadar\/#breadcrumb","itemListElement":[{"@type":"ListItem","position":1,"name":"Po\u010detna","item":"https:\/\/balkangreenenergynews.com\/rs\/"},{"@type":"ListItem","position":2,"name":"Vesti","item":"https:\/\/balkangreenenergynews.com\/rs\/kategorija\/vesti\/"},{"@type":"ListItem","position":3,"name":"Kokanovi\u0107: Skup\u0161tina grada Loznice se sprema da u prostorni plan ubaci projekat Jadar"}]},{"@type":"WebSite","@id":"https:\/\/balkangreenenergynews.com\/rs\/#website","url":"https:\/\/balkangreenenergynews.com\/rs\/","name":"Balkan Green Energy News","description":"Naj\u0161iri izbor vesti sa Balkana o zelenoj energiji","potentialAction":[{"@type":"SearchAction","target":{"@type":"EntryPoint","urlTemplate":"https:\/\/balkangreenenergynews.com\/rs\/?s={search_term_string}"},"query-input":{"@type":"PropertyValueSpecification","valueRequired":true,"valueName":"search_term_string"}}],"inLanguage":"sr-RS"},{"@type":"Person","@id":"https:\/\/balkangreenenergynews.com\/rs\/#\/schema\/person\/4b3c5831bbc05a72630d12560df2b3f8","name":"Jelisaveta Peri\u0161i\u0107","url":"https:\/\/balkangreenenergynews.com\/rs\/author\/jelisavet-perisic\/"}]}},"_links":{"self":[{"href":"https:\/\/balkangreenenergynews.com\/rs\/wp-json\/wp\/v2\/posts\/71215","targetHints":{"allow":["GET"]}}],"collection":[{"href":"https:\/\/balkangreenenergynews.com\/rs\/wp-json\/wp\/v2\/posts"}],"about":[{"href":"https:\/\/balkangreenenergynews.com\/rs\/wp-json\/wp\/v2\/types\/post"}],"author":[{"embeddable":true,"href":"https:\/\/balkangreenenergynews.com\/rs\/wp-json\/wp\/v2\/users\/34"}],"replies":[{"embeddable":true,"href":"https:\/\/balkangreenenergynews.com\/rs\/wp-json\/wp\/v2\/comments?post=71215"}],"version-history":[{"count":0,"href":"https:\/\/balkangreenenergynews.com\/rs\/wp-json\/wp\/v2\/posts\/71215\/revisions"}],"wp:featuredmedia":[{"embeddable":true,"href":"https:\/\/balkangreenenergynews.com\/rs\/wp-json\/wp\/v2\/media\/71243"}],"wp:attachment":[{"href":"https:\/\/balkangreenenergynews.com\/rs\/wp-json\/wp\/v2\/media?parent=71215"}],"wp:term":[{"taxonomy":"category","embeddable":true,"href":"https:\/\/balkangreenenergynews.com\/rs\/wp-json\/wp\/v2\/categories?post=71215"},{"taxonomy":"post_tag","embeddable":true,"href":"https:\/\/balkangreenenergynews.com\/rs\/wp-json\/wp\/v2\/tags?post=71215"}],"curies":[{"name":"wp","href":"https:\/\/api.w.org\/{rel}","templated":true}]}}