{"id":70855,"date":"2024-07-08T04:32:06","date_gmt":"2024-07-08T02:32:06","guid":{"rendered":"https:\/\/balkangreenenergynews.com\/rs\/?p=70855"},"modified":"2024-09-12T13:35:31","modified_gmt":"2024-09-12T11:35:31","slug":"krivicne-prijave-protiv-demonstranata-u-loznici-koji-se-protive-projektu-jadar","status":"publish","type":"post","link":"https:\/\/balkangreenenergynews.com\/rs\/krivicne-prijave-protiv-demonstranata-u-loznici-koji-se-protive-projektu-jadar\/","title":{"rendered":"Krivi\u010dne prijave protiv demonstranata u Loznici koji se protive projektu Jadar"},"content":{"rendered":"<h2>Policija je na protestu u Loznici protiv Rio Tintovog projekta rudnika litijuma i postrojenja za preradu privela sedam osoba i podnela krivi\u010dne prijave. Oni su, naime, zbog najave sednice Ustavnog suda blokirali prugu. Pribojavaju se da \u0107e to ve\u0107e vratiti na snagu prostorni plan, kojeg je Vlada Srbije 2022. ukinula uz tvrdnju da tako zaustavlja ovu investiciju.<\/h2>\n<p>Dvestotinak ljudi je uz skandiranje pozdravilo dvojicu ljudi iz vo\u0111stva lokalne grupe Ne damo Jadar i jo\u0161 pet osoba kada su posle hap\u0161enja iza\u0161li iz policijske stanice <a href=\"https:\/\/balkangreenenergynews.com\/rs\/ekoloski-aktivisti-i-gradjani-najavili-radikalizaciju-protesta-protiv-istrazivanja-i-rudarenja-litijuma\/\">u Loznici.<\/a> Rio Tinto planira da otvori rudnik litijuma i postrojenje za preradu na teritoriji tog grada. Pokret Ne damo Jadar je posle jo\u0161 jedne u nizu vesti o zakonskom o\u017eivljavanju projekta blokirao prugu, nakon \u010dega je policija privela ovu grupu.<\/p>\n<p>Protiv Zlatka Kokanovi\u0107a \u0107e biti podnesena krivi\u010dna prijava zbog ugro\u017eavanja saobra\u0107aja i napada na slu\u017ebeno lice u vr\u0161enju slu\u017ebene du\u017enosti, kao i prekr\u0161ajna prijava zbog prekr\u0161aja nepropisnog parkiranja i nepostupanja po nare\u0111enju ovla\u0161\u0107enog slu\u017ebenog lica, saop\u0161tilo je Ministarstvo unutra\u0161njih poslova. Neboj\u0161a Petkovi\u0107 se sumnji\u010di da je napao policijske slu\u017ebenike na du\u017enosti.<\/p>\n<h3>Policija tvrdi da je osam njenih pripadnika povre\u0111eno<\/h3>\n<p>Osam policijskih slu\u017ebenika ima ogrebotine i krvne podlive, ka\u017eu u ministarstvu. Preostalih pet uhap\u0161enih osoba dobi\u0107e krivi\u010dne prijave zbog, kako je definisano, ometanja slu\u017ebenog lica u vr\u0161enju slu\u017ebene du\u017enosti.<\/p>\n<p>Nakon hap\u0161enja, ispred policijske ispostave su se skupili ljudi iz Loznice i okolnih mesta i gradova. Petkovi\u0107 je kazao da su svi negirali optu\u017ebe.<\/p>\n<p>U januaru 2022, posle masovnih protesta lokalaca i akvistkinja i aktivista, Vlada Srbije je objavila da \u0107e ukinuti <a href=\"https:\/\/balkangreenenergynews.com\/rs\/brnabic-vlada-srbije-ponistila-prostorni-plan-za-rio-tintov-projekat-jadar-sve-dozvole\/\">Rio Tintov projekat Jadar.<\/a> U me\u0111uvremenu, taj anglo-australijski rudarski gigant nastavio je sa svojim aktivnostima, a <a href=\"https:\/\/balkangreenenergynews.com\/rs\/vucic-rio-tinto-moze-da-nastavi-projekat-litijuma-uz-garancije-eu\/\">najvi\u0161i dr\u017eavni zvani\u010dnici<\/a> su nastavili da <a href=\"https:\/\/balkangreenenergynews.com\/rs\/kineski-minth-planira-gradnju-fabrike-komponenti-za-elektricna-vozila-u-srbiji\/\">zagovaraju<\/a> pomenutu investiciju.<\/p>\n<p>Ne damo Jadar je deo Asocijacije ekolo\u0161kih organizacija Srbije (SEOS). Lokacija predlo\u017eenog rudnika je u selu Gornje Nedeljice, gde \u017eive i Kokanovi\u0107 i Petkovi\u0107.<\/p>\n<h3>Projekat Jadar zavisi od predstoje\u0107e odluke Ustavnog suda<\/h3>\n<p>Poslednji protest je sazvan zbog najave da \u0107e 11. jula Ustavni sud Srbije odr\u017eati sednicu. Za\u0161titnici i za\u0161titnice \u017eivotne sredine o\u010dekuju da \u0107e sudije poni\u0161titi ukidanje prostornog plana iz 2022. godine.<\/p>\n<p>Ne damo Jadar i druge organizacije uputili su poziv na okupljanje ispred Ustavnog suda u Beogradu na dan sednice. Pro\u0161le nedelje su Vladi Srbije predali zahtev da donese zakon o zabrani istra\u017eivanja i rudarenja litijuma i bora u celoj zemlji.<\/p>\n<blockquote><p>Narodna skup\u0161tina Srbije je potpuno zanemarila narodnu inicijativu sa vi\u0161e od 38.000 potpisa da se na \u010ditavoj teritoriji Srbije zabrani istra\u017eivanje i eksploatisanje litijuma i bora<\/p><\/blockquote>\n<p>Aktivisti su zapretili da \u0107e, ukoliko ne bude odgovora, nakon 40 dana blokirati prugu.<\/p>\n<p>Ina\u010de, protivnici projekta Jadar su jo\u0161 2022, u skladu sa Zakonom o referendumu i narodnoj inicijativi, predali peticiju\u00a0<a href=\"https:\/\/balkangreenenergynews.com\/rs\/novoizabrana-skupstina-srbije-dobila-rok-od-sedam-dana-da-verifikuje-potpise-narodne-inicijative-protiv-litijuma\/\">sa vi\u0161e od 38.000 potpisa<\/a> da se u Srbiji zabrani istra\u017eivanje i iskopavanje litijuma i bora. Time su obavezali Narodnu skup\u0161tinu Srbije da o ovome raspravlja, ali je ona taj dokument ignorisala.<\/p>\n","protected":false},"excerpt":{"rendered":"<p>Policija je na protestu u Loznici protiv Rio Tintovog projekta rudnika litijuma i postrojenja za preradu privela sedam osoba i podnela krivi\u010dne prijave<\/p>\n","protected":false},"author":27,"featured_media":70869,"comment_status":"open","ping_status":"open","sticky":false,"template":"","format":"standard","meta":{"_acf_changed":false,"_monsterinsights_skip_tracking":false,"_monsterinsights_sitenote_active":false,"_monsterinsights_sitenote_note":"","_monsterinsights_sitenote_category":0,"footnotes":""},"categories":[4],"tags":[2899,6338,7082,7071,5161,6228,6270,5921,6286],"class_list":["post-70855","post","type-post","status-publish","format-standard","has-post-thumbnail","hentry","category-zivotna-sredina","tag-litijum","tag-ne-damo-jadar","tag-nebojsa-petkovic","tag-projekat-jadar","tag-rio-tinto","tag-savez-ekoloskih-organizacija-srbije","tag-seos","tag-zivotna-sredina","tag-zlatko-kokanovic","country-srbija"],"acf":[],"yoast_head":"<!-- This site is optimized with the Yoast SEO plugin v27.4 - https:\/\/yoast.com\/product\/yoast-seo-wordpress\/ -->\n<title>Krivi\u010dne prijave protiv demonstranata u Loznici koji se protive projektu Jadar<\/title>\n<meta name=\"description\" content=\"Policija je na protestu u Loznici protiv Rio Tintovog projekta rudnika litijuma i postrojenja za preradu privela sedam osoba i podnela krivi\u010dne prijave.\" \/>\n<meta name=\"robots\" content=\"index, follow, max-snippet:-1, max-image-preview:large, max-video-preview:-1\" \/>\n<link rel=\"canonical\" href=\"https:\/\/balkangreenenergynews.com\/rs\/krivicne-prijave-protiv-demonstranata-u-loznici-koji-se-protive-projektu-jadar\/\" \/>\n<meta property=\"og:locale\" content=\"sr_RS\" \/>\n<meta property=\"og:type\" content=\"article\" \/>\n<meta property=\"og:title\" content=\"Krivi\u010dne prijave protiv demonstranata u Loznici koji se protive projektu Jadar\" \/>\n<meta property=\"og:description\" content=\"Policija je na protestu u Loznici protiv Rio Tintovog projekta rudnika litijuma i postrojenja za preradu privela sedam osoba i podnela krivi\u010dne prijave.\" \/>\n<meta property=\"og:url\" content=\"https:\/\/balkangreenenergynews.com\/rs\/krivicne-prijave-protiv-demonstranata-u-loznici-koji-se-protive-projektu-jadar\/\" \/>\n<meta property=\"og:site_name\" content=\"Balkan Green Energy News\" \/>\n<meta property=\"article:published_time\" content=\"2024-07-08T02:32:06+00:00\" \/>\n<meta property=\"article:modified_time\" content=\"2024-09-12T11:35:31+00:00\" \/>\n<meta property=\"og:image\" content=\"https:\/\/balkangreenenergynews.com\/rs\/wp-content\/uploads\/2024\/07\/Krivicne-prijave-protiv-demonstranata-Loznici-protive-projektu-Jadar.jpg\" \/>\n\t<meta property=\"og:image:width\" content=\"840\" \/>\n\t<meta property=\"og:image:height\" content=\"430\" \/>\n\t<meta property=\"og:image:type\" content=\"image\/jpeg\" \/>\n<meta name=\"author\" content=\"Igor Todorovi\u0107\" \/>\n<meta name=\"twitter:card\" content=\"summary_large_image\" \/>\n<meta name=\"twitter:label1\" content=\"\u041d\u0430\u043f\u0438\u0441\u0430\u043d\u043e \u043e\u0434\" \/>\n\t<meta name=\"twitter:data1\" content=\"Igor Todorovi\u0107\" \/>\n\t<meta name=\"twitter:label2\" content=\"\u041f\u0440\u043e\u0446\u0435\u045a\u0435\u043d\u043e \u0432\u0440\u0435\u043c\u0435 \u0447\u0438\u0442\u0430\u045a\u0430\" \/>\n\t<meta name=\"twitter:data2\" content=\"3 \u043c\u0438\u043d\u0443\u0442\u0430\" \/>\n<script type=\"application\/ld+json\" class=\"yoast-schema-graph\">{\"@context\":\"https:\\\/\\\/schema.org\",\"@graph\":[{\"@type\":\"Article\",\"@id\":\"https:\\\/\\\/balkangreenenergynews.com\\\/rs\\\/krivicne-prijave-protiv-demonstranata-u-loznici-koji-se-protive-projektu-jadar\\\/#article\",\"isPartOf\":{\"@id\":\"https:\\\/\\\/balkangreenenergynews.com\\\/rs\\\/krivicne-prijave-protiv-demonstranata-u-loznici-koji-se-protive-projektu-jadar\\\/\"},\"author\":{\"name\":\"Igor Todorovi\u0107\",\"@id\":\"https:\\\/\\\/balkangreenenergynews.com\\\/rs\\\/#\\\/schema\\\/person\\\/d8f80a244c4e9f2b55e4f6968c253246\"},\"headline\":\"Krivi\u010dne prijave protiv demonstranata u Loznici koji se protive projektu Jadar\",\"datePublished\":\"2024-07-08T02:32:06+00:00\",\"dateModified\":\"2024-09-12T11:35:31+00:00\",\"mainEntityOfPage\":{\"@id\":\"https:\\\/\\\/balkangreenenergynews.com\\\/rs\\\/krivicne-prijave-protiv-demonstranata-u-loznici-koji-se-protive-projektu-jadar\\\/\"},\"wordCount\":535,\"commentCount\":1,\"image\":{\"@id\":\"https:\\\/\\\/balkangreenenergynews.com\\\/rs\\\/krivicne-prijave-protiv-demonstranata-u-loznici-koji-se-protive-projektu-jadar\\\/#primaryimage\"},\"thumbnailUrl\":\"https:\\\/\\\/balkangreenenergynews.com\\\/rs\\\/wp-content\\\/uploads\\\/2024\\\/07\\\/Krivicne-prijave-protiv-demonstranata-Loznici-protive-projektu-Jadar.jpg?wsr\",\"keywords\":[\"litijum\",\"Ne damo Jadar\",\"Neboj\u0161a Petkovi\u0107\",\"Projekat Jadar\",\"Rio Tinto\",\"Savez ekolo\u0161kih organizacija Srbije\",\"SEOS\",\"\u017eivotna sredina\",\"Zlatko Kokanovi\u0107\"],\"articleSection\":[\"\u017divotna sredina\"],\"inLanguage\":\"sr-RS\",\"potentialAction\":[{\"@type\":\"CommentAction\",\"name\":\"Comment\",\"target\":[\"https:\\\/\\\/balkangreenenergynews.com\\\/rs\\\/krivicne-prijave-protiv-demonstranata-u-loznici-koji-se-protive-projektu-jadar\\\/#respond\"]}]},{\"@type\":\"WebPage\",\"@id\":\"https:\\\/\\\/balkangreenenergynews.com\\\/rs\\\/krivicne-prijave-protiv-demonstranata-u-loznici-koji-se-protive-projektu-jadar\\\/\",\"url\":\"https:\\\/\\\/balkangreenenergynews.com\\\/rs\\\/krivicne-prijave-protiv-demonstranata-u-loznici-koji-se-protive-projektu-jadar\\\/\",\"name\":\"Krivi\u010dne prijave protiv demonstranata u Loznici koji se protive projektu Jadar\",\"isPartOf\":{\"@id\":\"https:\\\/\\\/balkangreenenergynews.com\\\/rs\\\/#website\"},\"primaryImageOfPage\":{\"@id\":\"https:\\\/\\\/balkangreenenergynews.com\\\/rs\\\/krivicne-prijave-protiv-demonstranata-u-loznici-koji-se-protive-projektu-jadar\\\/#primaryimage\"},\"image\":{\"@id\":\"https:\\\/\\\/balkangreenenergynews.com\\\/rs\\\/krivicne-prijave-protiv-demonstranata-u-loznici-koji-se-protive-projektu-jadar\\\/#primaryimage\"},\"thumbnailUrl\":\"https:\\\/\\\/balkangreenenergynews.com\\\/rs\\\/wp-content\\\/uploads\\\/2024\\\/07\\\/Krivicne-prijave-protiv-demonstranata-Loznici-protive-projektu-Jadar.jpg?wsr\",\"datePublished\":\"2024-07-08T02:32:06+00:00\",\"dateModified\":\"2024-09-12T11:35:31+00:00\",\"author\":{\"@id\":\"https:\\\/\\\/balkangreenenergynews.com\\\/rs\\\/#\\\/schema\\\/person\\\/d8f80a244c4e9f2b55e4f6968c253246\"},\"description\":\"Policija je na protestu u Loznici protiv Rio Tintovog projekta rudnika litijuma i postrojenja za preradu privela sedam osoba i podnela krivi\u010dne prijave.\",\"breadcrumb\":{\"@id\":\"https:\\\/\\\/balkangreenenergynews.com\\\/rs\\\/krivicne-prijave-protiv-demonstranata-u-loznici-koji-se-protive-projektu-jadar\\\/#breadcrumb\"},\"inLanguage\":\"sr-RS\",\"potentialAction\":[{\"@type\":\"ReadAction\",\"target\":[\"https:\\\/\\\/balkangreenenergynews.com\\\/rs\\\/krivicne-prijave-protiv-demonstranata-u-loznici-koji-se-protive-projektu-jadar\\\/\"]}]},{\"@type\":\"ImageObject\",\"inLanguage\":\"sr-RS\",\"@id\":\"https:\\\/\\\/balkangreenenergynews.com\\\/rs\\\/krivicne-prijave-protiv-demonstranata-u-loznici-koji-se-protive-projektu-jadar\\\/#primaryimage\",\"url\":\"https:\\\/\\\/balkangreenenergynews.com\\\/rs\\\/wp-content\\\/uploads\\\/2024\\\/07\\\/Krivicne-prijave-protiv-demonstranata-Loznici-protive-projektu-Jadar.jpg?wsr\",\"contentUrl\":\"https:\\\/\\\/balkangreenenergynews.com\\\/rs\\\/wp-content\\\/uploads\\\/2024\\\/07\\\/Krivicne-prijave-protiv-demonstranata-Loznici-protive-projektu-Jadar.jpg?wsr\",\"width\":840,\"height\":430,\"caption\":\"Krivicne prijave protiv demonstranata Loznici protive projektu Jadar\"},{\"@type\":\"BreadcrumbList\",\"@id\":\"https:\\\/\\\/balkangreenenergynews.com\\\/rs\\\/krivicne-prijave-protiv-demonstranata-u-loznici-koji-se-protive-projektu-jadar\\\/#breadcrumb\",\"itemListElement\":[{\"@type\":\"ListItem\",\"position\":1,\"name\":\"Po\u010detna\",\"item\":\"https:\\\/\\\/balkangreenenergynews.com\\\/rs\\\/\"},{\"@type\":\"ListItem\",\"position\":2,\"name\":\"Vesti\",\"item\":\"https:\\\/\\\/balkangreenenergynews.com\\\/rs\\\/kategorija\\\/vesti\\\/\"},{\"@type\":\"ListItem\",\"position\":3,\"name\":\"\u017divotna sredina\",\"item\":\"https:\\\/\\\/balkangreenenergynews.com\\\/rs\\\/kategorija\\\/vesti\\\/zivotna-sredina\\\/\"},{\"@type\":\"ListItem\",\"position\":4,\"name\":\"Krivi\u010dne prijave protiv demonstranata u Loznici koji se protive projektu Jadar\"}]},{\"@type\":\"WebSite\",\"@id\":\"https:\\\/\\\/balkangreenenergynews.com\\\/rs\\\/#website\",\"url\":\"https:\\\/\\\/balkangreenenergynews.com\\\/rs\\\/\",\"name\":\"Balkan Green Energy News\",\"description\":\"Naj\u0161iri izbor vesti sa Balkana o zelenoj energiji\",\"potentialAction\":[{\"@type\":\"SearchAction\",\"target\":{\"@type\":\"EntryPoint\",\"urlTemplate\":\"https:\\\/\\\/balkangreenenergynews.com\\\/rs\\\/?s={search_term_string}\"},\"query-input\":{\"@type\":\"PropertyValueSpecification\",\"valueRequired\":true,\"valueName\":\"search_term_string\"}}],\"inLanguage\":\"sr-RS\"},{\"@type\":\"Person\",\"@id\":\"https:\\\/\\\/balkangreenenergynews.com\\\/rs\\\/#\\\/schema\\\/person\\\/d8f80a244c4e9f2b55e4f6968c253246\",\"name\":\"Igor Todorovi\u0107\",\"url\":\"https:\\\/\\\/balkangreenenergynews.com\\\/rs\\\/author\\\/igor-todorovic\\\/\"}]}<\/script>\n<!-- \/ Yoast SEO plugin. -->","yoast_head_json":{"title":"Krivi\u010dne prijave protiv demonstranata u Loznici koji se protive projektu Jadar","description":"Policija je na protestu u Loznici protiv Rio Tintovog projekta rudnika litijuma i postrojenja za preradu privela sedam osoba i podnela krivi\u010dne prijave.","robots":{"index":"index","follow":"follow","max-snippet":"max-snippet:-1","max-image-preview":"max-image-preview:large","max-video-preview":"max-video-preview:-1"},"canonical":"https:\/\/balkangreenenergynews.com\/rs\/krivicne-prijave-protiv-demonstranata-u-loznici-koji-se-protive-projektu-jadar\/","og_locale":"sr_RS","og_type":"article","og_title":"Krivi\u010dne prijave protiv demonstranata u Loznici koji se protive projektu Jadar","og_description":"Policija je na protestu u Loznici protiv Rio Tintovog projekta rudnika litijuma i postrojenja za preradu privela sedam osoba i podnela krivi\u010dne prijave.","og_url":"https:\/\/balkangreenenergynews.com\/rs\/krivicne-prijave-protiv-demonstranata-u-loznici-koji-se-protive-projektu-jadar\/","og_site_name":"Balkan Green Energy News","article_published_time":"2024-07-08T02:32:06+00:00","article_modified_time":"2024-09-12T11:35:31+00:00","og_image":[{"width":840,"height":430,"url":"https:\/\/balkangreenenergynews.com\/rs\/wp-content\/uploads\/2024\/07\/Krivicne-prijave-protiv-demonstranata-Loznici-protive-projektu-Jadar.jpg","type":"image\/jpeg"}],"author":"Igor Todorovi\u0107","twitter_card":"summary_large_image","twitter_misc":{"\u041d\u0430\u043f\u0438\u0441\u0430\u043d\u043e \u043e\u0434":"Igor Todorovi\u0107","\u041f\u0440\u043e\u0446\u0435\u045a\u0435\u043d\u043e \u0432\u0440\u0435\u043c\u0435 \u0447\u0438\u0442\u0430\u045a\u0430":"3 \u043c\u0438\u043d\u0443\u0442\u0430"},"schema":{"@context":"https:\/\/schema.org","@graph":[{"@type":"Article","@id":"https:\/\/balkangreenenergynews.com\/rs\/krivicne-prijave-protiv-demonstranata-u-loznici-koji-se-protive-projektu-jadar\/#article","isPartOf":{"@id":"https:\/\/balkangreenenergynews.com\/rs\/krivicne-prijave-protiv-demonstranata-u-loznici-koji-se-protive-projektu-jadar\/"},"author":{"name":"Igor Todorovi\u0107","@id":"https:\/\/balkangreenenergynews.com\/rs\/#\/schema\/person\/d8f80a244c4e9f2b55e4f6968c253246"},"headline":"Krivi\u010dne prijave protiv demonstranata u Loznici koji se protive projektu Jadar","datePublished":"2024-07-08T02:32:06+00:00","dateModified":"2024-09-12T11:35:31+00:00","mainEntityOfPage":{"@id":"https:\/\/balkangreenenergynews.com\/rs\/krivicne-prijave-protiv-demonstranata-u-loznici-koji-se-protive-projektu-jadar\/"},"wordCount":535,"commentCount":1,"image":{"@id":"https:\/\/balkangreenenergynews.com\/rs\/krivicne-prijave-protiv-demonstranata-u-loznici-koji-se-protive-projektu-jadar\/#primaryimage"},"thumbnailUrl":"https:\/\/balkangreenenergynews.com\/rs\/wp-content\/uploads\/2024\/07\/Krivicne-prijave-protiv-demonstranata-Loznici-protive-projektu-Jadar.jpg?wsr","keywords":["litijum","Ne damo Jadar","Neboj\u0161a Petkovi\u0107","Projekat Jadar","Rio Tinto","Savez ekolo\u0161kih organizacija Srbije","SEOS","\u017eivotna sredina","Zlatko Kokanovi\u0107"],"articleSection":["\u017divotna sredina"],"inLanguage":"sr-RS","potentialAction":[{"@type":"CommentAction","name":"Comment","target":["https:\/\/balkangreenenergynews.com\/rs\/krivicne-prijave-protiv-demonstranata-u-loznici-koji-se-protive-projektu-jadar\/#respond"]}]},{"@type":"WebPage","@id":"https:\/\/balkangreenenergynews.com\/rs\/krivicne-prijave-protiv-demonstranata-u-loznici-koji-se-protive-projektu-jadar\/","url":"https:\/\/balkangreenenergynews.com\/rs\/krivicne-prijave-protiv-demonstranata-u-loznici-koji-se-protive-projektu-jadar\/","name":"Krivi\u010dne prijave protiv demonstranata u Loznici koji se protive projektu Jadar","isPartOf":{"@id":"https:\/\/balkangreenenergynews.com\/rs\/#website"},"primaryImageOfPage":{"@id":"https:\/\/balkangreenenergynews.com\/rs\/krivicne-prijave-protiv-demonstranata-u-loznici-koji-se-protive-projektu-jadar\/#primaryimage"},"image":{"@id":"https:\/\/balkangreenenergynews.com\/rs\/krivicne-prijave-protiv-demonstranata-u-loznici-koji-se-protive-projektu-jadar\/#primaryimage"},"thumbnailUrl":"https:\/\/balkangreenenergynews.com\/rs\/wp-content\/uploads\/2024\/07\/Krivicne-prijave-protiv-demonstranata-Loznici-protive-projektu-Jadar.jpg?wsr","datePublished":"2024-07-08T02:32:06+00:00","dateModified":"2024-09-12T11:35:31+00:00","author":{"@id":"https:\/\/balkangreenenergynews.com\/rs\/#\/schema\/person\/d8f80a244c4e9f2b55e4f6968c253246"},"description":"Policija je na protestu u Loznici protiv Rio Tintovog projekta rudnika litijuma i postrojenja za preradu privela sedam osoba i podnela krivi\u010dne prijave.","breadcrumb":{"@id":"https:\/\/balkangreenenergynews.com\/rs\/krivicne-prijave-protiv-demonstranata-u-loznici-koji-se-protive-projektu-jadar\/#breadcrumb"},"inLanguage":"sr-RS","potentialAction":[{"@type":"ReadAction","target":["https:\/\/balkangreenenergynews.com\/rs\/krivicne-prijave-protiv-demonstranata-u-loznici-koji-se-protive-projektu-jadar\/"]}]},{"@type":"ImageObject","inLanguage":"sr-RS","@id":"https:\/\/balkangreenenergynews.com\/rs\/krivicne-prijave-protiv-demonstranata-u-loznici-koji-se-protive-projektu-jadar\/#primaryimage","url":"https:\/\/balkangreenenergynews.com\/rs\/wp-content\/uploads\/2024\/07\/Krivicne-prijave-protiv-demonstranata-Loznici-protive-projektu-Jadar.jpg?wsr","contentUrl":"https:\/\/balkangreenenergynews.com\/rs\/wp-content\/uploads\/2024\/07\/Krivicne-prijave-protiv-demonstranata-Loznici-protive-projektu-Jadar.jpg?wsr","width":840,"height":430,"caption":"Krivicne prijave protiv demonstranata Loznici protive projektu Jadar"},{"@type":"BreadcrumbList","@id":"https:\/\/balkangreenenergynews.com\/rs\/krivicne-prijave-protiv-demonstranata-u-loznici-koji-se-protive-projektu-jadar\/#breadcrumb","itemListElement":[{"@type":"ListItem","position":1,"name":"Po\u010detna","item":"https:\/\/balkangreenenergynews.com\/rs\/"},{"@type":"ListItem","position":2,"name":"Vesti","item":"https:\/\/balkangreenenergynews.com\/rs\/kategorija\/vesti\/"},{"@type":"ListItem","position":3,"name":"\u017divotna sredina","item":"https:\/\/balkangreenenergynews.com\/rs\/kategorija\/vesti\/zivotna-sredina\/"},{"@type":"ListItem","position":4,"name":"Krivi\u010dne prijave protiv demonstranata u Loznici koji se protive projektu Jadar"}]},{"@type":"WebSite","@id":"https:\/\/balkangreenenergynews.com\/rs\/#website","url":"https:\/\/balkangreenenergynews.com\/rs\/","name":"Balkan Green Energy News","description":"Naj\u0161iri izbor vesti sa Balkana o zelenoj energiji","potentialAction":[{"@type":"SearchAction","target":{"@type":"EntryPoint","urlTemplate":"https:\/\/balkangreenenergynews.com\/rs\/?s={search_term_string}"},"query-input":{"@type":"PropertyValueSpecification","valueRequired":true,"valueName":"search_term_string"}}],"inLanguage":"sr-RS"},{"@type":"Person","@id":"https:\/\/balkangreenenergynews.com\/rs\/#\/schema\/person\/d8f80a244c4e9f2b55e4f6968c253246","name":"Igor Todorovi\u0107","url":"https:\/\/balkangreenenergynews.com\/rs\/author\/igor-todorovic\/"}]}},"_links":{"self":[{"href":"https:\/\/balkangreenenergynews.com\/rs\/wp-json\/wp\/v2\/posts\/70855","targetHints":{"allow":["GET"]}}],"collection":[{"href":"https:\/\/balkangreenenergynews.com\/rs\/wp-json\/wp\/v2\/posts"}],"about":[{"href":"https:\/\/balkangreenenergynews.com\/rs\/wp-json\/wp\/v2\/types\/post"}],"author":[{"embeddable":true,"href":"https:\/\/balkangreenenergynews.com\/rs\/wp-json\/wp\/v2\/users\/27"}],"replies":[{"embeddable":true,"href":"https:\/\/balkangreenenergynews.com\/rs\/wp-json\/wp\/v2\/comments?post=70855"}],"version-history":[{"count":0,"href":"https:\/\/balkangreenenergynews.com\/rs\/wp-json\/wp\/v2\/posts\/70855\/revisions"}],"wp:featuredmedia":[{"embeddable":true,"href":"https:\/\/balkangreenenergynews.com\/rs\/wp-json\/wp\/v2\/media\/70869"}],"wp:attachment":[{"href":"https:\/\/balkangreenenergynews.com\/rs\/wp-json\/wp\/v2\/media?parent=70855"}],"wp:term":[{"taxonomy":"category","embeddable":true,"href":"https:\/\/balkangreenenergynews.com\/rs\/wp-json\/wp\/v2\/categories?post=70855"},{"taxonomy":"post_tag","embeddable":true,"href":"https:\/\/balkangreenenergynews.com\/rs\/wp-json\/wp\/v2\/tags?post=70855"}],"curies":[{"name":"wp","href":"https:\/\/api.w.org\/{rel}","templated":true}]}}