{"id":70796,"date":"2024-07-04T10:45:34","date_gmt":"2024-07-04T08:45:34","guid":{"rendered":"https:\/\/balkangreenenergynews.com\/rs\/?p=70796"},"modified":"2024-07-04T15:19:46","modified_gmt":"2024-07-04T13:19:46","slug":"srbija-predlaze-oporezivanje-emisija-na-nacionalnom-nivou-umesto-regionalnog-ets-a","status":"publish","type":"post","link":"https:\/\/balkangreenenergynews.com\/rs\/srbija-predlaze-oporezivanje-emisija-na-nacionalnom-nivou-umesto-regionalnog-ets-a\/","title":{"rendered":"Srbija predla\u017ee oporezivanje emisija na nacionalnom nivou umesto regionalnog ETS-a"},"content":{"rendered":"<h2>Srbija analizira uticaj primene Mehanizma za prekograni\u010dno uskla\u0111ivanje ugljenika (CBAM) Evropske unije. Za Srbiju bi bilo prihvatljivo oporezivanje emisija na nacionalnom nivou po fiksnim cenama, umesto opcije uvo\u0111enja regionalnog sistema za trgovanje emisijama po uzoru na EU ETS, izjavila je ministarka rudarstva i energetike Dubravka \u0110edovi\u0107 Handanovi\u0107.<\/h2>\n<p>U Banjaluci je odr\u017ean neformalni ministarski sastanak Energetske zajednice uz prisustvo predstavnika Evropske komisije. Ministarka rudarstva i energetike Dubravka \u0110edovi\u0107 Handanovi\u0107 izjavila je da Srbija nastavlja uskla\u0111ivanje sa EU regulativom kao i da \u0107e se do kraja godine izmenama Zakona o energetici stvoriti regulatorni uslovi za <a href=\"https:\/\/balkangreenenergynews.com\/rs\/zapadni-balkan-ima-tesan-rok-za-spajanje-trzista-elektricne-energije\/\">integraciju u jedinstveno evropsko tr\u017ei\u0161te elektri\u010dne energije.<\/a><\/p>\n<p>&#8222;Verujem da je veoma va\u017eno da se priklju\u010dimo jedinstvenom evropskom tr\u017ei\u0161tu elektri\u010dne energije, na \u010demu posve\u0107eno radimo, vode\u0107i ra\u010duna o o\u010duvanju nacionalnih interesa. Podseti\u0107u i da Srbija jedina u regionu ima funkcionalno i unutardnevno i dan unapred tr\u017ei\u0161te elektri\u010dne energije, kao i da smo deo regionalne berze sa dve \u010dlanice EU \u2013 Ma\u0111arskom i Slovenijom&#8220;, navela je.<\/p>\n<h3>Ministarstvo radi na definisanju najprihvatljivije opcije za Srbiju za oporezivanje emisija CO2<\/h3>\n<p>\u0110edovi\u0107 Handanovi\u0107 je naglasila da je <a href=\"https:\/\/balkangreenenergynews.com\/rs\/energetska-zajednica-trazi-od-srbije-ambicioznije-ciljeve-za-oie-i-energetsku-efikasnost-u-nekp-u\/\">u pripremi<\/a> nacionalna analiza i procena uticaja primene Mehanizma za prekograni\u010dno prilago\u0111avanje ugljenika <a href=\"https:\/\/balkangreenenergynews.com\/rs\/eu-dozvolila-uvoznicima-da-odloze-dostavljanje-cbam-izvestaja\/\">(CBAM)<\/a> i da Ministarstvo rudarstva i energetike radi na definisanju najprihvatljivije opcije za oporezivanje emisija ugljen-dioksida.<\/p>\n<p>EU je u oktobru zapo\u010dela\u00a0<a href=\"https:\/\/balkangreenenergynews.com\/rs\/eu-usvojila-pravila-za-prelazni-period-cbam-a-koji-pocinje-1-oktobra\/\">prelazni period<\/a> u primeni CBAM-a. Uvoznici elektri\u010dne energije, aluminijuma, cementa, \u0111ubriva, vodonika, gvo\u017e\u0111a i \u010delika mora\u0107e od 2026. da pla\u0107aju porez na ime emisija gasova s efektom staklene ba\u0161te iz procesa proizvodnje.<\/p>\n<p>Njihovi\u00a0<a href=\"https:\/\/balkangreenenergynews.com\/rs\/sta-donosi-prelazni-period-za-uvodjenja-cbam-a-koje-su-obaveze-izvoznika-u-eu-i-kako-mogu-da-ih-ispune\/\">snabdeva\u010di<\/a>\u00a0iz takozvanih\u00a0tre\u0107ih zemalja,\u00a0uklju\u010duju\u0107i one\u00a0<a href=\"https:\/\/balkangreenenergynews.com\/rs\/energetska-zajednica-koje-uslove-je-zapadni-balkan-ispunio-za-izuzece-od-naplate-prekogranicne-takse-na-co2\/\">na Zapadnom Balkanu<\/a> i Tursku, zasad su obavezni <a href=\"https:\/\/balkangreenenergynews.com\/rs\/energetski-intenzivna-industrija-u-srbiji-se-sprema-za-cbam-za-primenu-resenja-za-dekarbonizaciju-trazi-podrsku-drzave\/\">da mere svoje emisije i \u0161alju podatke<\/a> svojim <a href=\"https:\/\/balkangreenenergynews.com\/rs\/glavni-uvoznik-proizvoda-sa-zapadnog-balkana-nedovoljno-spreman-za-cbam\/\">kupcima u EU,<\/a>\u00a0uvoznicima, koji predaju kvartalne izve\u0161taje za CBAM.<\/p>\n<p>Proizvo\u0111a\u010di pomenute robe i struje u 27-\u010dlanom bloku dr\u017eava ve\u0107 pla\u0107aju klimatsku taksu kroz Sistem za trgovanje emisijama \u2013 EU ETS. To njihovim konkurentima u tre\u0107im zemljama daje prednost, zbog \u010dega je EU uvela CBAM. Tre\u0107e zemlje uvo\u0111enjem vlastitog sistema za trgovanje emisijama mogu da obezbede izuzec\u0301e.<\/p>\n<h3>Predvidivost za privredu u periodu prilago\u0111avanja<\/h3>\n<p>Ministarka je u Banjaluci kazala da je jedna od prihvatljivijih opcija oporezivanje CO2 na nacionalnom nivou. Obrazlo\u017eila je da bi takav sistem uz fiksnu cenu obezbedio privredi predvidivost u periodu prilago\u0111avanja.<\/p>\n<blockquote><p>Za pridru\u017eivanje Srbije sistemu EU ETS potrebna je finansijska pomo\u0107 EU i odr\u017eiv period za primenu, smatra \u0110edovi\u0107 Handanovi\u0107<\/p><\/blockquote>\n<p>&#8222;Uvo\u0111enje regionalnog sistema za trgovinu emisijama ugljenika po istoj ceni i po uzoru na sistem koji postoji u EU do 2030. godine za Srbiju nije opcija, zbog prevelikih finansijskih posledica i slo\u017eene primene, pre svega. Srbija planira da bude deo EU ETS sistema, na putu pridru\u017eivanja Evropskoj uniji, za \u0161ta nam je, pored analiza i tehni\u010dke pomo\u0107i Energetske zajednice, potrebna i izvesna <a href=\"https:\/\/balkangreenenergynews.com\/rs\/djedovic-za-uvodjenje-sistema-trgovanja-emisijama-neophodna-finansijska-podrska-eu\/\">finansijska pomo\u0107<\/a> Evropske unije, kao i odr\u017eiv vremenski period za primenu, nakon 2030. godine, kada \u0107emo imati dovoljno izgra\u0111enih kapaciteta zelene energije&#8220;, poru\u010dila je \u0110edovi\u0107 Handanovi\u0107.<\/p>\n<p>Ona je kazala da je Srbija na po\u010detku pravedne energetske tranzicije, da je to dug i skup proces i da je neophodno obezbediti pristup fondovima EU da bi se sprovela na odr\u017eiv na\u010din. Dodala je da kao jedno od mogu\u0107ih re\u0161enja vidi formiranje regionalnog fonda Zapadnog Balkana za pravednu tranziciju, kojeg bi podr\u017eala EU.<\/p>\n<h3>U Srbiji dodatne bezbednosne mere nakon lan\u010danog prekida snabdevanja strujom u regionu<\/h3>\n<p>Osvrnuv\u0161i se na nedavni <a href=\"https:\/\/balkangreenenergynews.com\/rs\/lancana-havarija-na-dalekovodima-ostavila-bez-struje-crnu-goru-bih-albaniju-dalmaciju\/\">serijski prekid u snabdevanju elektri\u010dnom energijom<\/a> u susednim zemljama, kakav se u Evropi nije desio decenijama i u kojem je Srbija ostala nepogo\u0111ena, \u0110edovi\u0107 Handanovi\u0107 je istakla da su uvedene dodatne mere bezbednosti i opreza.<\/p>\n<p>&#8222;Remonti proizvodnih kapaciteta, odr\u017eavanje prenosne i distributivne mre\u017ee, uporedo sa modernizacijom, teku po planu. Deponije uglja, akumulacije i skladi\u0161ta gasa su dobro popunjeni i nastavi\u0107emo da radimo na obezbe\u0111ivanju dodatne sigurnosti za predstoje\u0107u grejnu sezonu&#8220;, rekla je ministarka.<\/p>\n<h3>Lorkovski: Ka\u0161njenje u preno\u0161enju zakona EU dovodi u pitanje mogu\u0107nost izuze\u0107a od CBAM-a<\/h3>\n<p>Zamenica \u0161efice Generalnog direktorata za energetiku (DG ENER) Evropske komisije Mehtild Versderfer istakla je da je EU posve\u0107ena pru\u017eanju podr\u0161ke ugovornim stranama Energetske zajednice u energetskoj tranziciji tog regiona i pozvala na ja\u010danje saradnje unutar regiona. Spajanje tr\u017ei\u0161ta <em>(market coupling)<\/em> \u0107e doneti va\u017ene pogodnosti privredama i konkurentnosti regiona i doprineti postizanju klimatske neutralnosti, kazala je.<\/p>\n<p>Cilj spajanja odnosno uparivanja tr\u017ei\u0161ta je da potpuno integri\u0161e ugovorne strane u jedinstveno tr\u017ei\u0161te elektri\u010dne energije EU kroz mehanizme kao \u0161to su spajanje jedinstvenog unutardnevnog (SIDC) i tr\u017ei\u0161ta za dan unapred (SDAC), uz ja\u010danje efikasnosti i prekograni\u010dne trgovine strujom. Ministri i ministarke su na sastanku imali dve glavne teme u tom domenu: uskla\u0111ivanje sa zakonima EU i odre\u0111ivanje nominovanih operatora tr\u017ei\u0161ta elektri\u010dne energije (NEMO) za svaku ugovornu stranu, saop\u0161tio je Sekretarijat energetske zajednice.<\/p>\n<blockquote><p>Za bilo kakav sistem naplate ili oporezivanja emisija CO2, paket propisa MRVA prvo mora biti transponovan u doma\u0107e zakonodavstvo<\/p><\/blockquote>\n<p>Dalja odlaganja u transponovanju i primeni Paketa za integraciju (tr\u017ei\u0161ta) elektri\u010dne energije \u2013 <a href=\"https:\/\/balkangreenenergynews.com\/rs\/beogradski-energetski-forum-energetska-tranzicija-u-jugoistocnoj-evropi-se-ubrzava\/\">EIP<\/a> donela bi zna\u010dajne izazove oko dobijanja izuze\u0107a od CBAM-a za izvoz elektri\u010dne energije iz Energetske zajednice, poru\u010dio je direktor sekretarijata Artur Lorkovski.<\/p>\n<p>Dijana Akonsija, direktorka za me\u0111unarodne odnose i klimatsko finansiranje u Generalnom direktoratu za klimatsku akciju (DG CLIMA), naglasila je da bi transponovanje paketa za monitoring, izve\u0161tavanje, verifikaciju i obra\u010dunavanje (MRVA) trebalo da postane prioritet. Ti propisi bi bili osnova za bilo koju opciju uvo\u0111enja naplate na ime koli\u010dine ispu\u0161tenih gasova s efektom staklene ba\u0161te, objasnila je.<\/p>\n","protected":false},"excerpt":{"rendered":"<p>U svetlu uvo\u0111enja CBAM-a, za Srbiju bi bilo prihvatljivo oporezivanje emisija na nacionalnom nivou po fiksnim cenama, umesto opcije uvo\u0111enja regionalnog ETS-a<\/p>\n","protected":false},"author":27,"featured_media":70806,"comment_status":"open","ping_status":"open","sticky":false,"template":"","format":"standard","meta":{"_acf_changed":false,"_monsterinsights_skip_tracking":false,"_monsterinsights_sitenote_active":false,"_monsterinsights_sitenote_note":"","_monsterinsights_sitenote_category":0,"footnotes":""},"categories":[504],"tags":[6153,3279,6611,669,1854,648,3537,5343,5908,6893,3304,4699,5341,5342],"class_list":["post-70796","post","type-post","status-publish","format-standard","has-post-thumbnail","hentry","category-elektricna-energija","tag-cbam","tag-dekarbonizacija","tag-dubravka-djedovic","tag-elektricna-energija","tag-energetska-tranzicija","tag-energetska-zajednica","tag-eu-ets","tag-porez-na-co2","tag-prekogranicna-taksa-na-co2","tag-sistem-za-trgovanje-emisijama","tag-sistem-za-trgovanje-emisijama-eu","tag-spajanje-trzista-elektricne-energije","tag-taksa-na-co2","tag-taksa-na-emisije-ugljen-dioksida","country-regioneu","country-srbija"],"acf":[],"yoast_head":"<!-- This site is optimized with the Yoast SEO plugin v27.4 - https:\/\/yoast.com\/product\/yoast-seo-wordpress\/ -->\n<title>Srbija predla\u017ee oporezivanje emisija na nacionalnom nivou umesto regionalnog ETS-a<\/title>\n<meta name=\"description\" content=\"U svetlu uvo\u0111enja CBAM-a, za Srbiju bi bilo prihvatljivo oporezivanje emisija na nacionalnom nivou po fiksnim cenama, umesto opcije uvo\u0111enja regionalnog ETS-a.\" \/>\n<meta name=\"robots\" content=\"index, follow, max-snippet:-1, max-image-preview:large, max-video-preview:-1\" \/>\n<link rel=\"canonical\" href=\"https:\/\/balkangreenenergynews.com\/rs\/srbija-predlaze-oporezivanje-emisija-na-nacionalnom-nivou-umesto-regionalnog-ets-a\/\" \/>\n<meta property=\"og:locale\" content=\"sr_RS\" \/>\n<meta property=\"og:type\" content=\"article\" \/>\n<meta property=\"og:title\" content=\"Srbija predla\u017ee oporezivanje emisija na nacionalnom nivou umesto regionalnog ETS-a\" \/>\n<meta property=\"og:description\" content=\"U svetlu uvo\u0111enja CBAM-a, za Srbiju bi bilo prihvatljivo oporezivanje emisija na nacionalnom nivou po fiksnim cenama, umesto opcije uvo\u0111enja regionalnog ETS-a.\" \/>\n<meta property=\"og:url\" content=\"https:\/\/balkangreenenergynews.com\/rs\/srbija-predlaze-oporezivanje-emisija-na-nacionalnom-nivou-umesto-regionalnog-ets-a\/\" \/>\n<meta property=\"og:site_name\" content=\"Balkan Green Energy News\" \/>\n<meta property=\"article:published_time\" content=\"2024-07-04T08:45:34+00:00\" \/>\n<meta property=\"article:modified_time\" content=\"2024-07-04T13:19:46+00:00\" \/>\n<meta property=\"og:image\" content=\"https:\/\/balkangreenenergynews.com\/rs\/wp-content\/uploads\/2024\/07\/Srbija-oporezivanje-emisija-nacionalnom-nivou-umesto-regionalnog-ETS-a.jpg\" \/>\n\t<meta property=\"og:image:width\" content=\"840\" \/>\n\t<meta property=\"og:image:height\" content=\"430\" \/>\n\t<meta property=\"og:image:type\" content=\"image\/jpeg\" \/>\n<meta name=\"author\" content=\"Igor Todorovi\u0107\" \/>\n<meta name=\"twitter:card\" content=\"summary_large_image\" \/>\n<meta name=\"twitter:label1\" content=\"\u041d\u0430\u043f\u0438\u0441\u0430\u043d\u043e \u043e\u0434\" \/>\n\t<meta name=\"twitter:data1\" content=\"Igor Todorovi\u0107\" \/>\n\t<meta name=\"twitter:label2\" content=\"\u041f\u0440\u043e\u0446\u0435\u045a\u0435\u043d\u043e \u0432\u0440\u0435\u043c\u0435 \u0447\u0438\u0442\u0430\u045a\u0430\" \/>\n\t<meta name=\"twitter:data2\" content=\"5 \u043c\u0438\u043d\u0443\u0442\u0430\" \/>\n<script type=\"application\/ld+json\" class=\"yoast-schema-graph\">{\"@context\":\"https:\\\/\\\/schema.org\",\"@graph\":[{\"@type\":\"Article\",\"@id\":\"https:\\\/\\\/balkangreenenergynews.com\\\/rs\\\/srbija-predlaze-oporezivanje-emisija-na-nacionalnom-nivou-umesto-regionalnog-ets-a\\\/#article\",\"isPartOf\":{\"@id\":\"https:\\\/\\\/balkangreenenergynews.com\\\/rs\\\/srbija-predlaze-oporezivanje-emisija-na-nacionalnom-nivou-umesto-regionalnog-ets-a\\\/\"},\"author\":{\"name\":\"Igor Todorovi\u0107\",\"@id\":\"https:\\\/\\\/balkangreenenergynews.com\\\/rs\\\/#\\\/schema\\\/person\\\/d8f80a244c4e9f2b55e4f6968c253246\"},\"headline\":\"Srbija predla\u017ee oporezivanje emisija na nacionalnom nivou umesto regionalnog ETS-a\",\"datePublished\":\"2024-07-04T08:45:34+00:00\",\"dateModified\":\"2024-07-04T13:19:46+00:00\",\"mainEntityOfPage\":{\"@id\":\"https:\\\/\\\/balkangreenenergynews.com\\\/rs\\\/srbija-predlaze-oporezivanje-emisija-na-nacionalnom-nivou-umesto-regionalnog-ets-a\\\/\"},\"wordCount\":981,\"commentCount\":0,\"image\":{\"@id\":\"https:\\\/\\\/balkangreenenergynews.com\\\/rs\\\/srbija-predlaze-oporezivanje-emisija-na-nacionalnom-nivou-umesto-regionalnog-ets-a\\\/#primaryimage\"},\"thumbnailUrl\":\"https:\\\/\\\/balkangreenenergynews.com\\\/rs\\\/wp-content\\\/uploads\\\/2024\\\/07\\\/Srbija-oporezivanje-emisija-nacionalnom-nivou-umesto-regionalnog-ETS-a.jpg?wsr\",\"keywords\":[\"CBAM\",\"dekarbonizacija\",\"Dubravka \u0110edovi\u0107\",\"elektri\u010dna energija\",\"energetska tranzicija\",\"Energetska zajednica\",\"EU ETS\",\"porez na CO2\",\"prekograni\u010dna taksa na CO2\",\"sistem za trgovanje emisijama\",\"Sistem za trgovanje emisijama EU\",\"spajanje tr\u017ei\u0161ta elektri\u010dne energije\",\"taksa na CO2\",\"taksa na emisije ugljen-dioksida\"],\"articleSection\":[\"Elektri\u010dna energija\"],\"inLanguage\":\"sr-RS\",\"potentialAction\":[{\"@type\":\"CommentAction\",\"name\":\"Comment\",\"target\":[\"https:\\\/\\\/balkangreenenergynews.com\\\/rs\\\/srbija-predlaze-oporezivanje-emisija-na-nacionalnom-nivou-umesto-regionalnog-ets-a\\\/#respond\"]}]},{\"@type\":\"WebPage\",\"@id\":\"https:\\\/\\\/balkangreenenergynews.com\\\/rs\\\/srbija-predlaze-oporezivanje-emisija-na-nacionalnom-nivou-umesto-regionalnog-ets-a\\\/\",\"url\":\"https:\\\/\\\/balkangreenenergynews.com\\\/rs\\\/srbija-predlaze-oporezivanje-emisija-na-nacionalnom-nivou-umesto-regionalnog-ets-a\\\/\",\"name\":\"Srbija predla\u017ee oporezivanje emisija na nacionalnom nivou umesto regionalnog ETS-a\",\"isPartOf\":{\"@id\":\"https:\\\/\\\/balkangreenenergynews.com\\\/rs\\\/#website\"},\"primaryImageOfPage\":{\"@id\":\"https:\\\/\\\/balkangreenenergynews.com\\\/rs\\\/srbija-predlaze-oporezivanje-emisija-na-nacionalnom-nivou-umesto-regionalnog-ets-a\\\/#primaryimage\"},\"image\":{\"@id\":\"https:\\\/\\\/balkangreenenergynews.com\\\/rs\\\/srbija-predlaze-oporezivanje-emisija-na-nacionalnom-nivou-umesto-regionalnog-ets-a\\\/#primaryimage\"},\"thumbnailUrl\":\"https:\\\/\\\/balkangreenenergynews.com\\\/rs\\\/wp-content\\\/uploads\\\/2024\\\/07\\\/Srbija-oporezivanje-emisija-nacionalnom-nivou-umesto-regionalnog-ETS-a.jpg?wsr\",\"datePublished\":\"2024-07-04T08:45:34+00:00\",\"dateModified\":\"2024-07-04T13:19:46+00:00\",\"author\":{\"@id\":\"https:\\\/\\\/balkangreenenergynews.com\\\/rs\\\/#\\\/schema\\\/person\\\/d8f80a244c4e9f2b55e4f6968c253246\"},\"description\":\"U svetlu uvo\u0111enja CBAM-a, za Srbiju bi bilo prihvatljivo oporezivanje emisija na nacionalnom nivou po fiksnim cenama, umesto opcije uvo\u0111enja regionalnog ETS-a.\",\"breadcrumb\":{\"@id\":\"https:\\\/\\\/balkangreenenergynews.com\\\/rs\\\/srbija-predlaze-oporezivanje-emisija-na-nacionalnom-nivou-umesto-regionalnog-ets-a\\\/#breadcrumb\"},\"inLanguage\":\"sr-RS\",\"potentialAction\":[{\"@type\":\"ReadAction\",\"target\":[\"https:\\\/\\\/balkangreenenergynews.com\\\/rs\\\/srbija-predlaze-oporezivanje-emisija-na-nacionalnom-nivou-umesto-regionalnog-ets-a\\\/\"]}]},{\"@type\":\"ImageObject\",\"inLanguage\":\"sr-RS\",\"@id\":\"https:\\\/\\\/balkangreenenergynews.com\\\/rs\\\/srbija-predlaze-oporezivanje-emisija-na-nacionalnom-nivou-umesto-regionalnog-ets-a\\\/#primaryimage\",\"url\":\"https:\\\/\\\/balkangreenenergynews.com\\\/rs\\\/wp-content\\\/uploads\\\/2024\\\/07\\\/Srbija-oporezivanje-emisija-nacionalnom-nivou-umesto-regionalnog-ETS-a.jpg?wsr\",\"contentUrl\":\"https:\\\/\\\/balkangreenenergynews.com\\\/rs\\\/wp-content\\\/uploads\\\/2024\\\/07\\\/Srbija-oporezivanje-emisija-nacionalnom-nivou-umesto-regionalnog-ETS-a.jpg?wsr\",\"width\":840,\"height\":430,\"caption\":\"Srbija oporezivanje emisija nacionalnom nivou umesto regionalnog ETS-a\"},{\"@type\":\"BreadcrumbList\",\"@id\":\"https:\\\/\\\/balkangreenenergynews.com\\\/rs\\\/srbija-predlaze-oporezivanje-emisija-na-nacionalnom-nivou-umesto-regionalnog-ets-a\\\/#breadcrumb\",\"itemListElement\":[{\"@type\":\"ListItem\",\"position\":1,\"name\":\"Po\u010detna\",\"item\":\"https:\\\/\\\/balkangreenenergynews.com\\\/rs\\\/\"},{\"@type\":\"ListItem\",\"position\":2,\"name\":\"Vesti\",\"item\":\"https:\\\/\\\/balkangreenenergynews.com\\\/rs\\\/kategorija\\\/vesti\\\/\"},{\"@type\":\"ListItem\",\"position\":3,\"name\":\"Elektri\u010dna energija\",\"item\":\"https:\\\/\\\/balkangreenenergynews.com\\\/rs\\\/kategorija\\\/vesti\\\/elektricna-energija\\\/\"},{\"@type\":\"ListItem\",\"position\":4,\"name\":\"Srbija predla\u017ee oporezivanje emisija na nacionalnom nivou umesto regionalnog ETS-a\"}]},{\"@type\":\"WebSite\",\"@id\":\"https:\\\/\\\/balkangreenenergynews.com\\\/rs\\\/#website\",\"url\":\"https:\\\/\\\/balkangreenenergynews.com\\\/rs\\\/\",\"name\":\"Balkan Green Energy News\",\"description\":\"Naj\u0161iri izbor vesti sa Balkana o zelenoj energiji\",\"potentialAction\":[{\"@type\":\"SearchAction\",\"target\":{\"@type\":\"EntryPoint\",\"urlTemplate\":\"https:\\\/\\\/balkangreenenergynews.com\\\/rs\\\/?s={search_term_string}\"},\"query-input\":{\"@type\":\"PropertyValueSpecification\",\"valueRequired\":true,\"valueName\":\"search_term_string\"}}],\"inLanguage\":\"sr-RS\"},{\"@type\":\"Person\",\"@id\":\"https:\\\/\\\/balkangreenenergynews.com\\\/rs\\\/#\\\/schema\\\/person\\\/d8f80a244c4e9f2b55e4f6968c253246\",\"name\":\"Igor Todorovi\u0107\",\"url\":\"https:\\\/\\\/balkangreenenergynews.com\\\/rs\\\/author\\\/igor-todorovic\\\/\"}]}<\/script>\n<!-- \/ Yoast SEO plugin. -->","yoast_head_json":{"title":"Srbija predla\u017ee oporezivanje emisija na nacionalnom nivou umesto regionalnog ETS-a","description":"U svetlu uvo\u0111enja CBAM-a, za Srbiju bi bilo prihvatljivo oporezivanje emisija na nacionalnom nivou po fiksnim cenama, umesto opcije uvo\u0111enja regionalnog ETS-a.","robots":{"index":"index","follow":"follow","max-snippet":"max-snippet:-1","max-image-preview":"max-image-preview:large","max-video-preview":"max-video-preview:-1"},"canonical":"https:\/\/balkangreenenergynews.com\/rs\/srbija-predlaze-oporezivanje-emisija-na-nacionalnom-nivou-umesto-regionalnog-ets-a\/","og_locale":"sr_RS","og_type":"article","og_title":"Srbija predla\u017ee oporezivanje emisija na nacionalnom nivou umesto regionalnog ETS-a","og_description":"U svetlu uvo\u0111enja CBAM-a, za Srbiju bi bilo prihvatljivo oporezivanje emisija na nacionalnom nivou po fiksnim cenama, umesto opcije uvo\u0111enja regionalnog ETS-a.","og_url":"https:\/\/balkangreenenergynews.com\/rs\/srbija-predlaze-oporezivanje-emisija-na-nacionalnom-nivou-umesto-regionalnog-ets-a\/","og_site_name":"Balkan Green Energy News","article_published_time":"2024-07-04T08:45:34+00:00","article_modified_time":"2024-07-04T13:19:46+00:00","og_image":[{"width":840,"height":430,"url":"https:\/\/balkangreenenergynews.com\/rs\/wp-content\/uploads\/2024\/07\/Srbija-oporezivanje-emisija-nacionalnom-nivou-umesto-regionalnog-ETS-a.jpg","type":"image\/jpeg"}],"author":"Igor Todorovi\u0107","twitter_card":"summary_large_image","twitter_misc":{"\u041d\u0430\u043f\u0438\u0441\u0430\u043d\u043e \u043e\u0434":"Igor Todorovi\u0107","\u041f\u0440\u043e\u0446\u0435\u045a\u0435\u043d\u043e \u0432\u0440\u0435\u043c\u0435 \u0447\u0438\u0442\u0430\u045a\u0430":"5 \u043c\u0438\u043d\u0443\u0442\u0430"},"schema":{"@context":"https:\/\/schema.org","@graph":[{"@type":"Article","@id":"https:\/\/balkangreenenergynews.com\/rs\/srbija-predlaze-oporezivanje-emisija-na-nacionalnom-nivou-umesto-regionalnog-ets-a\/#article","isPartOf":{"@id":"https:\/\/balkangreenenergynews.com\/rs\/srbija-predlaze-oporezivanje-emisija-na-nacionalnom-nivou-umesto-regionalnog-ets-a\/"},"author":{"name":"Igor Todorovi\u0107","@id":"https:\/\/balkangreenenergynews.com\/rs\/#\/schema\/person\/d8f80a244c4e9f2b55e4f6968c253246"},"headline":"Srbija predla\u017ee oporezivanje emisija na nacionalnom nivou umesto regionalnog ETS-a","datePublished":"2024-07-04T08:45:34+00:00","dateModified":"2024-07-04T13:19:46+00:00","mainEntityOfPage":{"@id":"https:\/\/balkangreenenergynews.com\/rs\/srbija-predlaze-oporezivanje-emisija-na-nacionalnom-nivou-umesto-regionalnog-ets-a\/"},"wordCount":981,"commentCount":0,"image":{"@id":"https:\/\/balkangreenenergynews.com\/rs\/srbija-predlaze-oporezivanje-emisija-na-nacionalnom-nivou-umesto-regionalnog-ets-a\/#primaryimage"},"thumbnailUrl":"https:\/\/balkangreenenergynews.com\/rs\/wp-content\/uploads\/2024\/07\/Srbija-oporezivanje-emisija-nacionalnom-nivou-umesto-regionalnog-ETS-a.jpg?wsr","keywords":["CBAM","dekarbonizacija","Dubravka \u0110edovi\u0107","elektri\u010dna energija","energetska tranzicija","Energetska zajednica","EU ETS","porez na CO2","prekograni\u010dna taksa na CO2","sistem za trgovanje emisijama","Sistem za trgovanje emisijama EU","spajanje tr\u017ei\u0161ta elektri\u010dne energije","taksa na CO2","taksa na emisije ugljen-dioksida"],"articleSection":["Elektri\u010dna energija"],"inLanguage":"sr-RS","potentialAction":[{"@type":"CommentAction","name":"Comment","target":["https:\/\/balkangreenenergynews.com\/rs\/srbija-predlaze-oporezivanje-emisija-na-nacionalnom-nivou-umesto-regionalnog-ets-a\/#respond"]}]},{"@type":"WebPage","@id":"https:\/\/balkangreenenergynews.com\/rs\/srbija-predlaze-oporezivanje-emisija-na-nacionalnom-nivou-umesto-regionalnog-ets-a\/","url":"https:\/\/balkangreenenergynews.com\/rs\/srbija-predlaze-oporezivanje-emisija-na-nacionalnom-nivou-umesto-regionalnog-ets-a\/","name":"Srbija predla\u017ee oporezivanje emisija na nacionalnom nivou umesto regionalnog ETS-a","isPartOf":{"@id":"https:\/\/balkangreenenergynews.com\/rs\/#website"},"primaryImageOfPage":{"@id":"https:\/\/balkangreenenergynews.com\/rs\/srbija-predlaze-oporezivanje-emisija-na-nacionalnom-nivou-umesto-regionalnog-ets-a\/#primaryimage"},"image":{"@id":"https:\/\/balkangreenenergynews.com\/rs\/srbija-predlaze-oporezivanje-emisija-na-nacionalnom-nivou-umesto-regionalnog-ets-a\/#primaryimage"},"thumbnailUrl":"https:\/\/balkangreenenergynews.com\/rs\/wp-content\/uploads\/2024\/07\/Srbija-oporezivanje-emisija-nacionalnom-nivou-umesto-regionalnog-ETS-a.jpg?wsr","datePublished":"2024-07-04T08:45:34+00:00","dateModified":"2024-07-04T13:19:46+00:00","author":{"@id":"https:\/\/balkangreenenergynews.com\/rs\/#\/schema\/person\/d8f80a244c4e9f2b55e4f6968c253246"},"description":"U svetlu uvo\u0111enja CBAM-a, za Srbiju bi bilo prihvatljivo oporezivanje emisija na nacionalnom nivou po fiksnim cenama, umesto opcije uvo\u0111enja regionalnog ETS-a.","breadcrumb":{"@id":"https:\/\/balkangreenenergynews.com\/rs\/srbija-predlaze-oporezivanje-emisija-na-nacionalnom-nivou-umesto-regionalnog-ets-a\/#breadcrumb"},"inLanguage":"sr-RS","potentialAction":[{"@type":"ReadAction","target":["https:\/\/balkangreenenergynews.com\/rs\/srbija-predlaze-oporezivanje-emisija-na-nacionalnom-nivou-umesto-regionalnog-ets-a\/"]}]},{"@type":"ImageObject","inLanguage":"sr-RS","@id":"https:\/\/balkangreenenergynews.com\/rs\/srbija-predlaze-oporezivanje-emisija-na-nacionalnom-nivou-umesto-regionalnog-ets-a\/#primaryimage","url":"https:\/\/balkangreenenergynews.com\/rs\/wp-content\/uploads\/2024\/07\/Srbija-oporezivanje-emisija-nacionalnom-nivou-umesto-regionalnog-ETS-a.jpg?wsr","contentUrl":"https:\/\/balkangreenenergynews.com\/rs\/wp-content\/uploads\/2024\/07\/Srbija-oporezivanje-emisija-nacionalnom-nivou-umesto-regionalnog-ETS-a.jpg?wsr","width":840,"height":430,"caption":"Srbija oporezivanje emisija nacionalnom nivou umesto regionalnog ETS-a"},{"@type":"BreadcrumbList","@id":"https:\/\/balkangreenenergynews.com\/rs\/srbija-predlaze-oporezivanje-emisija-na-nacionalnom-nivou-umesto-regionalnog-ets-a\/#breadcrumb","itemListElement":[{"@type":"ListItem","position":1,"name":"Po\u010detna","item":"https:\/\/balkangreenenergynews.com\/rs\/"},{"@type":"ListItem","position":2,"name":"Vesti","item":"https:\/\/balkangreenenergynews.com\/rs\/kategorija\/vesti\/"},{"@type":"ListItem","position":3,"name":"Elektri\u010dna energija","item":"https:\/\/balkangreenenergynews.com\/rs\/kategorija\/vesti\/elektricna-energija\/"},{"@type":"ListItem","position":4,"name":"Srbija predla\u017ee oporezivanje emisija na nacionalnom nivou umesto regionalnog ETS-a"}]},{"@type":"WebSite","@id":"https:\/\/balkangreenenergynews.com\/rs\/#website","url":"https:\/\/balkangreenenergynews.com\/rs\/","name":"Balkan Green Energy News","description":"Naj\u0161iri izbor vesti sa Balkana o zelenoj energiji","potentialAction":[{"@type":"SearchAction","target":{"@type":"EntryPoint","urlTemplate":"https:\/\/balkangreenenergynews.com\/rs\/?s={search_term_string}"},"query-input":{"@type":"PropertyValueSpecification","valueRequired":true,"valueName":"search_term_string"}}],"inLanguage":"sr-RS"},{"@type":"Person","@id":"https:\/\/balkangreenenergynews.com\/rs\/#\/schema\/person\/d8f80a244c4e9f2b55e4f6968c253246","name":"Igor Todorovi\u0107","url":"https:\/\/balkangreenenergynews.com\/rs\/author\/igor-todorovic\/"}]}},"_links":{"self":[{"href":"https:\/\/balkangreenenergynews.com\/rs\/wp-json\/wp\/v2\/posts\/70796","targetHints":{"allow":["GET"]}}],"collection":[{"href":"https:\/\/balkangreenenergynews.com\/rs\/wp-json\/wp\/v2\/posts"}],"about":[{"href":"https:\/\/balkangreenenergynews.com\/rs\/wp-json\/wp\/v2\/types\/post"}],"author":[{"embeddable":true,"href":"https:\/\/balkangreenenergynews.com\/rs\/wp-json\/wp\/v2\/users\/27"}],"replies":[{"embeddable":true,"href":"https:\/\/balkangreenenergynews.com\/rs\/wp-json\/wp\/v2\/comments?post=70796"}],"version-history":[{"count":0,"href":"https:\/\/balkangreenenergynews.com\/rs\/wp-json\/wp\/v2\/posts\/70796\/revisions"}],"wp:featuredmedia":[{"embeddable":true,"href":"https:\/\/balkangreenenergynews.com\/rs\/wp-json\/wp\/v2\/media\/70806"}],"wp:attachment":[{"href":"https:\/\/balkangreenenergynews.com\/rs\/wp-json\/wp\/v2\/media?parent=70796"}],"wp:term":[{"taxonomy":"category","embeddable":true,"href":"https:\/\/balkangreenenergynews.com\/rs\/wp-json\/wp\/v2\/categories?post=70796"},{"taxonomy":"post_tag","embeddable":true,"href":"https:\/\/balkangreenenergynews.com\/rs\/wp-json\/wp\/v2\/tags?post=70796"}],"curies":[{"name":"wp","href":"https:\/\/api.w.org\/{rel}","templated":true}]}}