{"id":70561,"date":"2024-06-26T05:21:59","date_gmt":"2024-06-26T03:21:59","guid":{"rendered":"https:\/\/balkangreenenergynews.com\/rs\/?p=70561"},"modified":"2024-06-26T05:21:59","modified_gmt":"2024-06-26T03:21:59","slug":"dan-dunava-2024-prosperitetan-otporan-i-bezbedan-dunavski-region","status":"publish","type":"post","link":"https:\/\/balkangreenenergynews.com\/rs\/dan-dunava-2024-prosperitetan-otporan-i-bezbedan-dunavski-region\/","title":{"rendered":"Dan Dunava 2024: prosperitetan, otporan i bezbedan Dunavski region"},"content":{"rendered":"<h2>Po\u010dev od 2004. godine, svakog 29. juna obele\u017eava se Dan Dunava u 14 zemalja potpisnica Me\u0111unarodne konvencije o saradnji na za\u0161titi i odr\u017eivom kori\u0161\u0107enju reke Dunav. To je druga reka po du\u017eini u Evropi i proti\u010de kroz \u010dak 10 zemalja.<\/h2>\n<p>Na svom putu od izvori\u0161ta na planini \u0160varcvald u Nema\u010dkoj do u\u0161\u0107a u Crno more, Dunav proti\u010de kroz deset dr\u017eava, \u0161to ga \u010dini najzna\u010dajnijom me\u0111unarodnom rekom na svetu. Svojim tokom du\u017eine 2.857 kilometra, na 33. mestu je u svetu i drugom u Evropi.<\/p>\n<p>Manifestacije povodom\u00a0<a href=\"https:\/\/danubeday.org\/\">Dana Dunava<\/a> organizuju se u svim zemljama potpisnicama Me\u0111unarodne konvencije o saradnji na za\u0161titi i odr\u017eivom kori\u0161\u0107enju reke Dunav. U Srbiji se obele\u017eava u vi\u0161e gradova. Kroz niz aktivnosti, gra\u0111anima se pru\u017eaju informacije o stanju vode Dunava i sa njim povezanih ekosistema.<\/p>\n<h3>Odr\u017eivi razvoj Podunavlja<\/h3>\n<p>U Novom Sadu je 24. juna odr\u017eana javna diskusija koja je okupila stru\u010dnjake iz Srbije i Austrije, koji su govorili o o\u010duvanju Dunava i uspostavljanju bolje saradnje me\u0111u dr\u017eavama kroz koje ova reka proti\u010de.<\/p>\n<p>Ove godine, Austrija predvodi sprovo\u0111enje strategije Evropske unije za Dunavski region uz slogan \u201eOblikovanje transformacije, stvaranje mogu\u0107nosti: prosperitetan, otporan i bezbedan Dunavski region\u201c. Usvojena je 2011. godine. Cilj strategije je da se adresiraju zajedni\u010dki izazovi i mogu\u0107nosti u regionu Dunava, fokusiraju\u0107i se na oblasti kao \u0161to su ekonomski razvoj, za\u0161tita \u017eivotne sredine, saobra\u0107aj i energetika.<\/p>\n<p>Doga\u0111aju je prisustvovao ambasador Austrije Kristijan Ebner. \u201eAustrija i Srbija su geografski povezane Dunavom. Obe zemlje \u010dine aktivne delove Dunavske strategije, a grad Novi Sad je savr\u0161en primer ove povezanosti,\u201c rekao je na skupu.<\/p>\n<figure id=\"attachment_70602\" aria-describedby=\"caption-attachment-70602\" style=\"width: 840px\" class=\"wp-caption aligncenter\"><img loading=\"lazy\" decoding=\"async\" class=\"wp-image-70602 size-full\" src=\"https:\/\/balkangreenenergynews.com\/rs\/wp-content\/uploads\/2024\/06\/Ambasador-Austrije.jpg\" alt=\"Ambasador Austrije u Srbiji, Kristijan Ebner\" width=\"840\" height=\"430\" srcset=\"https:\/\/balkangreenenergynews.com\/rs\/wp-content\/uploads\/2024\/06\/Ambasador-Austrije.jpg 840w, https:\/\/balkangreenenergynews.com\/rs\/wp-content\/uploads\/2024\/06\/Ambasador-Austrije-500x256.jpg 500w, https:\/\/balkangreenenergynews.com\/rs\/wp-content\/uploads\/2024\/06\/Ambasador-Austrije-768x393.jpg 768w, https:\/\/balkangreenenergynews.com\/rs\/wp-content\/uploads\/2024\/06\/Ambasador-Austrije-300x154.jpg 300w\" sizes=\"auto, (max-width: 840px) 100vw, 840px\" \/><figcaption id=\"caption-attachment-70602\" class=\"wp-caption-text\">Foto: Ambasador Austrije Kristijan Ebner (u sredini) (EU4Green)<\/figcaption><\/figure>\n<p>Tokom diskusije, panelisti su naglasili zna\u010daj zajedni\u010dkog delovanja u cilju o\u010duvanja ekosistema Dunava, koji je vitalan za biodiverzitet i ekonomski razvoj regiona. Razgovarano je o razli\u010ditim aspektima za\u0161tite \u017eivotne sredine, uklju\u010duju\u0107i inovativne pristupe u upravljanju vodama, obrazovanje i izgradnju kapaciteta, kao i me\u0111usektorsku saradnju.<\/p>\n<blockquote><p>Potrebno je pove\u0107ati svest javnosti o va\u017enosti o\u010duvanja Dunava<\/p><\/blockquote>\n<p>Posebno je istaknuta saradnja izme\u0111u Austrije i Srbije i razmena iskustava, kao i primena nau\u010denih lekcija u okviru ekolo\u0161kih praksi. Panelisti su tako\u0111e istakli potrebu za pove\u0107anjem svesti javnosti o va\u017enosti o\u010duvanja Dunava, kao i za ja\u010dim povezivanjem svih zainteresovanih strana, od lokalnih zajednica do me\u0111unarodnih organizacija, kako bi se postigli zajedni\u010dki ciljevi u okviru EU strategije za Dunavski region.<\/p>\n<p>Dan Dunava u Novom Sadu organizovali su <a href=\"https:\/\/www.bmeia.gv.at\/sr\/kf-belgrad\">Austrijski kulturni forum<\/a>, <a href=\"https:\/\/www.instagram.com\/euinfons\/\">EU info point Novi Sad <\/a>\u00a0i projekat <a href=\"https:\/\/www.eu4green.eu\/\">EU4Green<\/a>.<\/p>\n<h3>Krstarenje ravnicom<\/h3>\n<p>Pod geslom \u201ePlovimo zajedno\u201c, javno vodoprivredno preduze\u0107e \u201eVode Vojvodine\u201c od 2009. godine organizuje regatu povodom Me\u0111unarodnog dana Dunava, da bi na najbolji na\u010din promovisalo plovne potencijale Vojvodine.<\/p>\n<p>Za zaljubljenike u plovidbu, 600 kilometara plovnih kanala u okviru hidrosistema Dunav-Tisa-Dunav predstavljaju idealnu destinaciju. Mirna voda, dubok gaz i prilika da se do\u017eive lepote netaknute prirode od plovidbe kanalima \u010dine jedinstvenu nauti\u010dku avanturu, ka\u017eu organizatori.<\/p>\n<p>Regata \u0107e 29. juna sti\u0107i do novosadskog kupali\u0161ta \u0160trand, gde \u0107e biti organizovan zabavno-edukativni program.<\/p>\n<p>U Beogradu \u0107e biti organizovana kampanja \u010di\u0161\u0107enja obale reke u cilju promovisana ekolo\u0161ke svesti i odr\u017eivih praksi kako bi se smanjio uticaj na \u017eivotnu sredinu. Tako\u0111e, planirane su radionice ekolo\u0161ke svesti i predavanja za decu u osnovnim i srednjim \u0161kolama, kao i sportske igre, slikarske radionice i druge prate\u0107e aktivnosti.<\/p>\n","protected":false},"excerpt":{"rendered":"<p>Svakog 29. juna obele\u017eava se Dan Dunava u 14 zemalja potpisnica Me\u0111unarodne konvencije o saradnji na za\u0161titi i odr\u017eivom kori\u0161\u0107enju reke Dunav<\/p>\n","protected":false},"author":34,"featured_media":70599,"comment_status":"open","ping_status":"open","sticky":false,"template":"","format":"standard","meta":{"_acf_changed":false,"_monsterinsights_skip_tracking":false,"_monsterinsights_sitenote_active":false,"_monsterinsights_sitenote_note":"","_monsterinsights_sitenote_category":0,"footnotes":""},"categories":[4],"tags":[6438,6173,6894,4993,5921],"class_list":["post-70561","post","type-post","status-publish","format-standard","has-post-thumbnail","hentry","category-zivotna-sredina","tag-dan-dunava","tag-dunav","tag-reka","tag-voda","tag-zivotna-sredina","country-regioneu","country-srbija"],"acf":[],"yoast_head":"<!-- This site is optimized with the Yoast SEO plugin v27.4 - https:\/\/yoast.com\/product\/yoast-seo-wordpress\/ -->\n<title>Dan Dunava 2024: prosperitetan, otporan i bezbedan Dunavski region<\/title>\n<meta name=\"description\" content=\"Svakog 29. juna obele\u017eava se Dan Dunava u 14 zemalja potpisnica Me\u0111unarodne konvencije o saradnji na za\u0161titi i odr\u017eivom kori\u0161\u0107enju reke Dunav.\" \/>\n<meta name=\"robots\" content=\"index, follow, max-snippet:-1, max-image-preview:large, max-video-preview:-1\" \/>\n<link rel=\"canonical\" href=\"https:\/\/balkangreenenergynews.com\/rs\/dan-dunava-2024-prosperitetan-otporan-i-bezbedan-dunavski-region\/\" \/>\n<meta property=\"og:locale\" content=\"sr_RS\" \/>\n<meta property=\"og:type\" content=\"article\" \/>\n<meta property=\"og:title\" content=\"Dan Dunava 2024: prosperitetan, otporan i bezbedan Dunavski region\" \/>\n<meta property=\"og:description\" content=\"Svakog 29. juna obele\u017eava se Dan Dunava u 14 zemalja potpisnica Me\u0111unarodne konvencije o saradnji na za\u0161titi i odr\u017eivom kori\u0161\u0107enju reke Dunav.\" \/>\n<meta property=\"og:url\" content=\"https:\/\/balkangreenenergynews.com\/rs\/dan-dunava-2024-prosperitetan-otporan-i-bezbedan-dunavski-region\/\" \/>\n<meta property=\"og:site_name\" content=\"Balkan Green Energy News\" \/>\n<meta property=\"article:published_time\" content=\"2024-06-26T03:21:59+00:00\" \/>\n<meta property=\"og:image\" content=\"https:\/\/balkangreenenergynews.com\/rs\/wp-content\/uploads\/2024\/06\/Dan-Dunava-2024.jpg\" \/>\n\t<meta property=\"og:image:width\" content=\"840\" \/>\n\t<meta property=\"og:image:height\" content=\"431\" \/>\n\t<meta property=\"og:image:type\" content=\"image\/jpeg\" \/>\n<meta name=\"author\" content=\"Jelisaveta Peri\u0161i\u0107\" \/>\n<meta name=\"twitter:card\" content=\"summary_large_image\" \/>\n<meta name=\"twitter:label1\" content=\"\u041d\u0430\u043f\u0438\u0441\u0430\u043d\u043e \u043e\u0434\" \/>\n\t<meta name=\"twitter:data1\" content=\"Jelisaveta Peri\u0161i\u0107\" \/>\n\t<meta name=\"twitter:label2\" content=\"\u041f\u0440\u043e\u0446\u0435\u045a\u0435\u043d\u043e \u0432\u0440\u0435\u043c\u0435 \u0447\u0438\u0442\u0430\u045a\u0430\" \/>\n\t<meta name=\"twitter:data2\" content=\"4 \u043c\u0438\u043d\u0443\u0442\u0430\" \/>\n<script type=\"application\/ld+json\" class=\"yoast-schema-graph\">{\"@context\":\"https:\\\/\\\/schema.org\",\"@graph\":[{\"@type\":\"Article\",\"@id\":\"https:\\\/\\\/balkangreenenergynews.com\\\/rs\\\/dan-dunava-2024-prosperitetan-otporan-i-bezbedan-dunavski-region\\\/#article\",\"isPartOf\":{\"@id\":\"https:\\\/\\\/balkangreenenergynews.com\\\/rs\\\/dan-dunava-2024-prosperitetan-otporan-i-bezbedan-dunavski-region\\\/\"},\"author\":{\"name\":\"Jelisaveta Peri\u0161i\u0107\",\"@id\":\"https:\\\/\\\/balkangreenenergynews.com\\\/rs\\\/#\\\/schema\\\/person\\\/4b3c5831bbc05a72630d12560df2b3f8\"},\"headline\":\"Dan Dunava 2024: prosperitetan, otporan i bezbedan Dunavski region\",\"datePublished\":\"2024-06-26T03:21:59+00:00\",\"mainEntityOfPage\":{\"@id\":\"https:\\\/\\\/balkangreenenergynews.com\\\/rs\\\/dan-dunava-2024-prosperitetan-otporan-i-bezbedan-dunavski-region\\\/\"},\"wordCount\":603,\"commentCount\":1,\"image\":{\"@id\":\"https:\\\/\\\/balkangreenenergynews.com\\\/rs\\\/dan-dunava-2024-prosperitetan-otporan-i-bezbedan-dunavski-region\\\/#primaryimage\"},\"thumbnailUrl\":\"https:\\\/\\\/balkangreenenergynews.com\\\/rs\\\/wp-content\\\/uploads\\\/2024\\\/06\\\/Dan-Dunava-2024.jpg?wsr\",\"keywords\":[\"Dan Dunava\",\"Dunav\",\"reka\",\"voda\",\"\u017eivotna sredina\"],\"articleSection\":[\"\u017divotna sredina\"],\"inLanguage\":\"sr-RS\",\"potentialAction\":[{\"@type\":\"CommentAction\",\"name\":\"Comment\",\"target\":[\"https:\\\/\\\/balkangreenenergynews.com\\\/rs\\\/dan-dunava-2024-prosperitetan-otporan-i-bezbedan-dunavski-region\\\/#respond\"]}]},{\"@type\":\"WebPage\",\"@id\":\"https:\\\/\\\/balkangreenenergynews.com\\\/rs\\\/dan-dunava-2024-prosperitetan-otporan-i-bezbedan-dunavski-region\\\/\",\"url\":\"https:\\\/\\\/balkangreenenergynews.com\\\/rs\\\/dan-dunava-2024-prosperitetan-otporan-i-bezbedan-dunavski-region\\\/\",\"name\":\"Dan Dunava 2024: prosperitetan, otporan i bezbedan Dunavski region\",\"isPartOf\":{\"@id\":\"https:\\\/\\\/balkangreenenergynews.com\\\/rs\\\/#website\"},\"primaryImageOfPage\":{\"@id\":\"https:\\\/\\\/balkangreenenergynews.com\\\/rs\\\/dan-dunava-2024-prosperitetan-otporan-i-bezbedan-dunavski-region\\\/#primaryimage\"},\"image\":{\"@id\":\"https:\\\/\\\/balkangreenenergynews.com\\\/rs\\\/dan-dunava-2024-prosperitetan-otporan-i-bezbedan-dunavski-region\\\/#primaryimage\"},\"thumbnailUrl\":\"https:\\\/\\\/balkangreenenergynews.com\\\/rs\\\/wp-content\\\/uploads\\\/2024\\\/06\\\/Dan-Dunava-2024.jpg?wsr\",\"datePublished\":\"2024-06-26T03:21:59+00:00\",\"author\":{\"@id\":\"https:\\\/\\\/balkangreenenergynews.com\\\/rs\\\/#\\\/schema\\\/person\\\/4b3c5831bbc05a72630d12560df2b3f8\"},\"description\":\"Svakog 29. juna obele\u017eava se Dan Dunava u 14 zemalja potpisnica Me\u0111unarodne konvencije o saradnji na za\u0161titi i odr\u017eivom kori\u0161\u0107enju reke Dunav.\",\"breadcrumb\":{\"@id\":\"https:\\\/\\\/balkangreenenergynews.com\\\/rs\\\/dan-dunava-2024-prosperitetan-otporan-i-bezbedan-dunavski-region\\\/#breadcrumb\"},\"inLanguage\":\"sr-RS\",\"potentialAction\":[{\"@type\":\"ReadAction\",\"target\":[\"https:\\\/\\\/balkangreenenergynews.com\\\/rs\\\/dan-dunava-2024-prosperitetan-otporan-i-bezbedan-dunavski-region\\\/\"]}]},{\"@type\":\"ImageObject\",\"inLanguage\":\"sr-RS\",\"@id\":\"https:\\\/\\\/balkangreenenergynews.com\\\/rs\\\/dan-dunava-2024-prosperitetan-otporan-i-bezbedan-dunavski-region\\\/#primaryimage\",\"url\":\"https:\\\/\\\/balkangreenenergynews.com\\\/rs\\\/wp-content\\\/uploads\\\/2024\\\/06\\\/Dan-Dunava-2024.jpg?wsr\",\"contentUrl\":\"https:\\\/\\\/balkangreenenergynews.com\\\/rs\\\/wp-content\\\/uploads\\\/2024\\\/06\\\/Dan-Dunava-2024.jpg?wsr\",\"width\":840,\"height\":431,\"caption\":\"Dan Dunava 2024\"},{\"@type\":\"BreadcrumbList\",\"@id\":\"https:\\\/\\\/balkangreenenergynews.com\\\/rs\\\/dan-dunava-2024-prosperitetan-otporan-i-bezbedan-dunavski-region\\\/#breadcrumb\",\"itemListElement\":[{\"@type\":\"ListItem\",\"position\":1,\"name\":\"Po\u010detna\",\"item\":\"https:\\\/\\\/balkangreenenergynews.com\\\/rs\\\/\"},{\"@type\":\"ListItem\",\"position\":2,\"name\":\"Vesti\",\"item\":\"https:\\\/\\\/balkangreenenergynews.com\\\/rs\\\/kategorija\\\/vesti\\\/\"},{\"@type\":\"ListItem\",\"position\":3,\"name\":\"\u017divotna sredina\",\"item\":\"https:\\\/\\\/balkangreenenergynews.com\\\/rs\\\/kategorija\\\/vesti\\\/zivotna-sredina\\\/\"},{\"@type\":\"ListItem\",\"position\":4,\"name\":\"Dan Dunava 2024: prosperitetan, otporan i bezbedan Dunavski region\"}]},{\"@type\":\"WebSite\",\"@id\":\"https:\\\/\\\/balkangreenenergynews.com\\\/rs\\\/#website\",\"url\":\"https:\\\/\\\/balkangreenenergynews.com\\\/rs\\\/\",\"name\":\"Balkan Green Energy News\",\"description\":\"Naj\u0161iri izbor vesti sa Balkana o zelenoj energiji\",\"potentialAction\":[{\"@type\":\"SearchAction\",\"target\":{\"@type\":\"EntryPoint\",\"urlTemplate\":\"https:\\\/\\\/balkangreenenergynews.com\\\/rs\\\/?s={search_term_string}\"},\"query-input\":{\"@type\":\"PropertyValueSpecification\",\"valueRequired\":true,\"valueName\":\"search_term_string\"}}],\"inLanguage\":\"sr-RS\"},{\"@type\":\"Person\",\"@id\":\"https:\\\/\\\/balkangreenenergynews.com\\\/rs\\\/#\\\/schema\\\/person\\\/4b3c5831bbc05a72630d12560df2b3f8\",\"name\":\"Jelisaveta Peri\u0161i\u0107\",\"url\":\"https:\\\/\\\/balkangreenenergynews.com\\\/rs\\\/author\\\/jelisavet-perisic\\\/\"}]}<\/script>\n<!-- \/ Yoast SEO plugin. -->","yoast_head_json":{"title":"Dan Dunava 2024: prosperitetan, otporan i bezbedan Dunavski region","description":"Svakog 29. juna obele\u017eava se Dan Dunava u 14 zemalja potpisnica Me\u0111unarodne konvencije o saradnji na za\u0161titi i odr\u017eivom kori\u0161\u0107enju reke Dunav.","robots":{"index":"index","follow":"follow","max-snippet":"max-snippet:-1","max-image-preview":"max-image-preview:large","max-video-preview":"max-video-preview:-1"},"canonical":"https:\/\/balkangreenenergynews.com\/rs\/dan-dunava-2024-prosperitetan-otporan-i-bezbedan-dunavski-region\/","og_locale":"sr_RS","og_type":"article","og_title":"Dan Dunava 2024: prosperitetan, otporan i bezbedan Dunavski region","og_description":"Svakog 29. juna obele\u017eava se Dan Dunava u 14 zemalja potpisnica Me\u0111unarodne konvencije o saradnji na za\u0161titi i odr\u017eivom kori\u0161\u0107enju reke Dunav.","og_url":"https:\/\/balkangreenenergynews.com\/rs\/dan-dunava-2024-prosperitetan-otporan-i-bezbedan-dunavski-region\/","og_site_name":"Balkan Green Energy News","article_published_time":"2024-06-26T03:21:59+00:00","og_image":[{"width":840,"height":431,"url":"https:\/\/balkangreenenergynews.com\/rs\/wp-content\/uploads\/2024\/06\/Dan-Dunava-2024.jpg","type":"image\/jpeg"}],"author":"Jelisaveta Peri\u0161i\u0107","twitter_card":"summary_large_image","twitter_misc":{"\u041d\u0430\u043f\u0438\u0441\u0430\u043d\u043e \u043e\u0434":"Jelisaveta Peri\u0161i\u0107","\u041f\u0440\u043e\u0446\u0435\u045a\u0435\u043d\u043e \u0432\u0440\u0435\u043c\u0435 \u0447\u0438\u0442\u0430\u045a\u0430":"4 \u043c\u0438\u043d\u0443\u0442\u0430"},"schema":{"@context":"https:\/\/schema.org","@graph":[{"@type":"Article","@id":"https:\/\/balkangreenenergynews.com\/rs\/dan-dunava-2024-prosperitetan-otporan-i-bezbedan-dunavski-region\/#article","isPartOf":{"@id":"https:\/\/balkangreenenergynews.com\/rs\/dan-dunava-2024-prosperitetan-otporan-i-bezbedan-dunavski-region\/"},"author":{"name":"Jelisaveta Peri\u0161i\u0107","@id":"https:\/\/balkangreenenergynews.com\/rs\/#\/schema\/person\/4b3c5831bbc05a72630d12560df2b3f8"},"headline":"Dan Dunava 2024: prosperitetan, otporan i bezbedan Dunavski region","datePublished":"2024-06-26T03:21:59+00:00","mainEntityOfPage":{"@id":"https:\/\/balkangreenenergynews.com\/rs\/dan-dunava-2024-prosperitetan-otporan-i-bezbedan-dunavski-region\/"},"wordCount":603,"commentCount":1,"image":{"@id":"https:\/\/balkangreenenergynews.com\/rs\/dan-dunava-2024-prosperitetan-otporan-i-bezbedan-dunavski-region\/#primaryimage"},"thumbnailUrl":"https:\/\/balkangreenenergynews.com\/rs\/wp-content\/uploads\/2024\/06\/Dan-Dunava-2024.jpg?wsr","keywords":["Dan Dunava","Dunav","reka","voda","\u017eivotna sredina"],"articleSection":["\u017divotna sredina"],"inLanguage":"sr-RS","potentialAction":[{"@type":"CommentAction","name":"Comment","target":["https:\/\/balkangreenenergynews.com\/rs\/dan-dunava-2024-prosperitetan-otporan-i-bezbedan-dunavski-region\/#respond"]}]},{"@type":"WebPage","@id":"https:\/\/balkangreenenergynews.com\/rs\/dan-dunava-2024-prosperitetan-otporan-i-bezbedan-dunavski-region\/","url":"https:\/\/balkangreenenergynews.com\/rs\/dan-dunava-2024-prosperitetan-otporan-i-bezbedan-dunavski-region\/","name":"Dan Dunava 2024: prosperitetan, otporan i bezbedan Dunavski region","isPartOf":{"@id":"https:\/\/balkangreenenergynews.com\/rs\/#website"},"primaryImageOfPage":{"@id":"https:\/\/balkangreenenergynews.com\/rs\/dan-dunava-2024-prosperitetan-otporan-i-bezbedan-dunavski-region\/#primaryimage"},"image":{"@id":"https:\/\/balkangreenenergynews.com\/rs\/dan-dunava-2024-prosperitetan-otporan-i-bezbedan-dunavski-region\/#primaryimage"},"thumbnailUrl":"https:\/\/balkangreenenergynews.com\/rs\/wp-content\/uploads\/2024\/06\/Dan-Dunava-2024.jpg?wsr","datePublished":"2024-06-26T03:21:59+00:00","author":{"@id":"https:\/\/balkangreenenergynews.com\/rs\/#\/schema\/person\/4b3c5831bbc05a72630d12560df2b3f8"},"description":"Svakog 29. juna obele\u017eava se Dan Dunava u 14 zemalja potpisnica Me\u0111unarodne konvencije o saradnji na za\u0161titi i odr\u017eivom kori\u0161\u0107enju reke Dunav.","breadcrumb":{"@id":"https:\/\/balkangreenenergynews.com\/rs\/dan-dunava-2024-prosperitetan-otporan-i-bezbedan-dunavski-region\/#breadcrumb"},"inLanguage":"sr-RS","potentialAction":[{"@type":"ReadAction","target":["https:\/\/balkangreenenergynews.com\/rs\/dan-dunava-2024-prosperitetan-otporan-i-bezbedan-dunavski-region\/"]}]},{"@type":"ImageObject","inLanguage":"sr-RS","@id":"https:\/\/balkangreenenergynews.com\/rs\/dan-dunava-2024-prosperitetan-otporan-i-bezbedan-dunavski-region\/#primaryimage","url":"https:\/\/balkangreenenergynews.com\/rs\/wp-content\/uploads\/2024\/06\/Dan-Dunava-2024.jpg?wsr","contentUrl":"https:\/\/balkangreenenergynews.com\/rs\/wp-content\/uploads\/2024\/06\/Dan-Dunava-2024.jpg?wsr","width":840,"height":431,"caption":"Dan Dunava 2024"},{"@type":"BreadcrumbList","@id":"https:\/\/balkangreenenergynews.com\/rs\/dan-dunava-2024-prosperitetan-otporan-i-bezbedan-dunavski-region\/#breadcrumb","itemListElement":[{"@type":"ListItem","position":1,"name":"Po\u010detna","item":"https:\/\/balkangreenenergynews.com\/rs\/"},{"@type":"ListItem","position":2,"name":"Vesti","item":"https:\/\/balkangreenenergynews.com\/rs\/kategorija\/vesti\/"},{"@type":"ListItem","position":3,"name":"\u017divotna sredina","item":"https:\/\/balkangreenenergynews.com\/rs\/kategorija\/vesti\/zivotna-sredina\/"},{"@type":"ListItem","position":4,"name":"Dan Dunava 2024: prosperitetan, otporan i bezbedan Dunavski region"}]},{"@type":"WebSite","@id":"https:\/\/balkangreenenergynews.com\/rs\/#website","url":"https:\/\/balkangreenenergynews.com\/rs\/","name":"Balkan Green Energy News","description":"Naj\u0161iri izbor vesti sa Balkana o zelenoj energiji","potentialAction":[{"@type":"SearchAction","target":{"@type":"EntryPoint","urlTemplate":"https:\/\/balkangreenenergynews.com\/rs\/?s={search_term_string}"},"query-input":{"@type":"PropertyValueSpecification","valueRequired":true,"valueName":"search_term_string"}}],"inLanguage":"sr-RS"},{"@type":"Person","@id":"https:\/\/balkangreenenergynews.com\/rs\/#\/schema\/person\/4b3c5831bbc05a72630d12560df2b3f8","name":"Jelisaveta Peri\u0161i\u0107","url":"https:\/\/balkangreenenergynews.com\/rs\/author\/jelisavet-perisic\/"}]}},"_links":{"self":[{"href":"https:\/\/balkangreenenergynews.com\/rs\/wp-json\/wp\/v2\/posts\/70561","targetHints":{"allow":["GET"]}}],"collection":[{"href":"https:\/\/balkangreenenergynews.com\/rs\/wp-json\/wp\/v2\/posts"}],"about":[{"href":"https:\/\/balkangreenenergynews.com\/rs\/wp-json\/wp\/v2\/types\/post"}],"author":[{"embeddable":true,"href":"https:\/\/balkangreenenergynews.com\/rs\/wp-json\/wp\/v2\/users\/34"}],"replies":[{"embeddable":true,"href":"https:\/\/balkangreenenergynews.com\/rs\/wp-json\/wp\/v2\/comments?post=70561"}],"version-history":[{"count":0,"href":"https:\/\/balkangreenenergynews.com\/rs\/wp-json\/wp\/v2\/posts\/70561\/revisions"}],"wp:featuredmedia":[{"embeddable":true,"href":"https:\/\/balkangreenenergynews.com\/rs\/wp-json\/wp\/v2\/media\/70599"}],"wp:attachment":[{"href":"https:\/\/balkangreenenergynews.com\/rs\/wp-json\/wp\/v2\/media?parent=70561"}],"wp:term":[{"taxonomy":"category","embeddable":true,"href":"https:\/\/balkangreenenergynews.com\/rs\/wp-json\/wp\/v2\/categories?post=70561"},{"taxonomy":"post_tag","embeddable":true,"href":"https:\/\/balkangreenenergynews.com\/rs\/wp-json\/wp\/v2\/tags?post=70561"}],"curies":[{"name":"wp","href":"https:\/\/api.w.org\/{rel}","templated":true}]}}