{"id":70246,"date":"2024-06-17T16:04:10","date_gmt":"2024-06-17T14:04:10","guid":{"rendered":"https:\/\/balkangreenenergynews.com\/rs\/?p=70246"},"modified":"2024-06-17T16:04:10","modified_gmt":"2024-06-17T14:04:10","slug":"vucic-rio-tinto-moze-da-nastavi-projekat-litijuma-uz-garancije-eu","status":"publish","type":"post","link":"https:\/\/balkangreenenergynews.com\/rs\/vucic-rio-tinto-moze-da-nastavi-projekat-litijuma-uz-garancije-eu\/","title":{"rendered":"Vu\u010di\u0107: Rio Tinto mo\u017ee da nastavi projekat litijuma uz garancije EU"},"content":{"rendered":"<h2>Vi\u0161e od dve godine nakon \u0161to je poni\u0161tila skoro sva odobrenja, Srbija je spremna da ponovo podr\u017ei projekat rudnika i postrojenja za preradu litijuma kompanije Rio Tinto, poru\u010dio je predsednik Aleksandar Vu\u010di\u0107. Pored novih garancija od kompanije za investiciju u dolini Jadra, izgleda da \u0107e Evropska unija jem\u010diti za razvoj lanca snabdevanja i za\u0161titu \u017eivotne sredine, po njegovoj tvrdnji.<\/h2>\n<p><a href=\"https:\/\/balkangreenenergynews.com\/rs\/rio-tinto-podneo-devet-tuzbi-protiv-srbije\/\">Rio Tinto<\/a> nije prekinuo svoj projekat u Srbiji. Iako je vlada <a href=\"https:\/\/balkangreenenergynews.com\/rs\/brnabic-vlada-srbije-ponistila-prostorni-plan-za-rio-tintov-projekat-jadar-sve-dozvole\/\">u januaru 2022, usled masovnih ekolo\u0161kih protesta,<\/a> zaustavila razvoj te investicije u zami\u0161ljeni rudnik litijuma i postrojenje za preradu, predsednik Aleksandar Vu\u010di\u0107 je <a href=\"https:\/\/balkangreenenergynews.com\/rs\/vucic-slede-veliki-energetski-projekti-odluka-o-litijumu-ceka-novu-vladu-srbije\/\">ostavio mogu\u0107nost<\/a> da se on u nekom trenutku ponovo pokrene.<\/p>\n<p>Takav preokret omogu\u0107avaju <a href=\"https:\/\/balkangreenenergynews.com\/rs\/vucic-trazi-od-rio-tinta-da-unapredi-litijumski-projekat-jadar\/\">nove garancije<\/a> britansko-australijskog rudarskog giganta, u kombinaciji sa o\u010dekivanim jemstvom Evropske unije, nagovestio je u intervjuu za <a href=\"https:\/\/www.ft.com\/content\/2bd0d74e-ff22-442e-8be1-1250fe4bf826\">Financial Times.<\/a> Vu\u010di\u0107 je izrazio uverenje da \u0107e lideri EU garantovati za investicije u fabrike elektri\u010dnih vozila i <a href=\"https:\/\/balkangreenenergynews.com\/rs\/rio-tintov-partner-inobat-izabrao-cupriju-za-lokaciju-buduce-fabrike-baterija\/\">baterija.<\/a><\/p>\n<p>Naveo je da se njegovi zahtevi ti\u010du &#8222;celog lanca vrednosti, plus savr\u0161ene za\u0161tite \u017eivotne sredine,&#8220; pi\u0161e navedeni londonski medij. Ukoliko do\u0111e do takvog sporazuma, izjavio je Vu\u010di\u0107, o\u010dekuje da \u0107e &#8222;poslovni i politi\u010dki lideri&#8220; u julu u Beogradu ozvani\u010diti nastavak projekta. Predsednik je \u010dak procenio da bi rudnik mogao da bude otvoren 2028. godine.<\/p>\n<h3>Vu\u010di\u0107 pomo\u0107u projekta rudnika litijuma mo\u017ee da unapredi odnose sa Zapadom<\/h3>\n<p>Kompleks u Jadru bi mogao da isporu\u010duje 58.000 tona litijuma godi\u0161nje, podsetio je Vu\u010di\u0107 i dodao da bi ta koli\u010dina trenutno pokrila 17 odsto proizvodnje elektri\u010dnih vozila u Evropi \u2013 1,1 milion komada.<\/p>\n<p>U \u010dlanku je istaknuto da bi Srbija ponovnim pru\u017eanjem podr\u0161ke Rio Tintovom projektu uz blagoslov Evropske unije nazna\u010dila pribli\u017eavanje geopoliti\u010dkim pozicijama Zapada, nasuprot privrednim i politi\u010dkim inicijativama koje dolaze iz Kine, Rusije i arapskih dr\u017eava u Persijskom zalivu.<\/p>\n<blockquote><p>Rio Tinto se vratio u ofanzivu kad je re\u010d o njegovom projektu Jadar, uz zeleno svetlo od dr\u017eave i o\u010dekivanu zvani\u010dnu podr\u0161ku Evropske unije<\/p><\/blockquote>\n<p>Zvani\u010dnici EU su mislili da \u0107e vlada projekat rudnika litijuma prepustiti &#8222;Kinezima&#8220;, naglasio je Vu\u010di\u0107 i podvukao da \u0107e &#8222;raditi sa EU&#8220;. Po njegovim tvrdnjama, neke &#8222;evropske dr\u017eave&#8220;, koje nije imenovao, pomogle su organizovanju protesta pokrenutih 2021, ali su kasnije pristale na navedeni poduhvat.<\/p>\n<p>Firma Fastmarkets, koja se bavi istra\u017eivanjima na tr\u017ei\u0161tu sirovina i berzanske robe, objavila je da bi proizvodnja litijuma od rude jadarita u oblasti jadra mogla da pokrije 13 odsto potra\u017enje na kontinentu koja se o\u010dekuje 2030 godine, prenosi FT.<\/p>\n<h3>Aktivisti\u010dke grupe se zarekle da \u0107e nastaviti otpor<\/h3>\n<p>Reaguju\u0107i na to \u0161to je Vu\u010di\u0107 kazao, organizacije <a href=\"https:\/\/balkangreenenergynews.com\/rs\/rio-tinto-ispituje-sve-opcije-nakon-sto-mu-je-srbija-zaustavila-projekat-za-litijum\/\">Ekolo\u0161ki ustanak<\/a> i <a href=\"https:\/\/balkangreenenergynews.com\/rs\/debata-o-projektu-jadar-srbija-ne-treba-da-se-zrtvuje-zarad-dobrobiti-evrope-vs-dezinformacijama-se-plase-gradjani\/\">Kreni-promeni,<\/a> koje su u me\u0111uvremenu prerasle u opozicione politi\u010dke pokrete, istakle su da \u0107e <a href=\"https:\/\/balkangreenenergynews.com\/rs\/nezadovoljni-gradjani-i-eko-aktivisti-prekinuli-konferenciju-o-mineralnim-resursima-u-beogradu\/\">nastaviti da se suprotstavljaju<\/a> investiciji koju Rio Tinto planira.<\/p>\n<p>Projekat Jadar mo\u017ee postati &#8222;investicija svetskog nivoa koja bi mogla da bude katalizator&#8220; za izgradnju lanca vrednosti u industriji elektri\u010dnih vozila u Srbiji, saop\u0161tila je kompanija za <a href=\"https:\/\/www.reuters.com\/markets\/commodities\/serbia-set-give-green-light-rio-tinto-lithium-mine-ft-reports-2024-06-16\/\">Reuters.<\/a><\/p>\n<p>Vladini funkcioneri su u vi\u0161e navrata pominjali da bi izvoz litijuma trebalo da bude zabranjen, kako bi se ta sirovina koristila u doma\u0107oj izradi proizvoda visoke vrednosti.<\/p>\n<p>Rio Tinto je pro\u0161le sedmice objavio dokumentaciju koju je nazvao <a href=\"https:\/\/balkangreenenergynews.com\/rs\/rio-tinto-objavio-radne-nacrte-studija-o-proceni-uticaja-na-zivotnu-sredinu-projekta-jadar\/\">preliminarnim nacrtima studija o proceni uticaja na \u017eivotnu sredinu.<\/a><\/p>\n<p>Aktivistkinje i aktivisti su 2022, u skladu sa Zakonom o referendumu i narodnoj inicijativi, predali peticiju <a href=\"https:\/\/balkangreenenergynews.com\/rs\/novoizabrana-skupstina-srbije-dobila-rok-od-sedam-dana-da-verifikuje-potpise-narodne-inicijative-protiv-litijuma\/\">sa vi\u0161e od 38.000 potpisa<\/a> da se u Srbiji zabrani istra\u017eivanje i iskopavanje litijuma i bora, ali vlada i parlament su je ignorisali.<\/p>\n<p>Evropska unija radi na postizanju <a href=\"https:\/\/balkangreenenergynews.com\/rs\/eu-zakonom-o-podrsci-zelenoj-industriji-krece-da-osvoji-15-odsto-svetskog-trzista\/\">takozvane strate\u0161ke autonomije.<\/a> Ona podrazumeva diverzifikovanje snabdevanja komponenata klju\u010dnih za energetsku tranziciju i to iz prijateljskih zemalja. Srbija ra\u010duna na kontroverzni Zakon o kriti\u010dnim sirovinama \u2013 <a href=\"https:\/\/balkangreenenergynews.com\/rs\/eu-u-zakonu-o-kriticnim-sirovinama-olabavila-propise-o-zastiti-stanovnistva-prirode\/\">CRMA.<\/a> Njime je omogu\u0107eno uspostavljanje strate\u0161kih partnerstava u tom sektoru. EU i Srbija su u septembru potpisale pismo o namerama, <a href=\"https:\/\/balkangreenenergynews.com\/rs\/procurela-vest-o-sporazumu-vlade-srbije-i-evropske-komisije-o-eksploataciji-litijuma\/\">ali bez ikakve zvani\u010dne objave.<\/a><\/p>\n","protected":false},"excerpt":{"rendered":"<p>Srbija je spremna da ponovo podr\u017ei projekat rudnika i postrojenja za preradu litijuma kompanije Rio Tinto, poru\u010dio je Vu\u010di\u0107<\/p>\n","protected":false},"author":27,"featured_media":70273,"comment_status":"open","ping_status":"open","sticky":false,"template":"","format":"standard","meta":{"_acf_changed":false,"_monsterinsights_skip_tracking":false,"_monsterinsights_sitenote_active":false,"_monsterinsights_sitenote_note":"","_monsterinsights_sitenote_category":0,"footnotes":""},"categories":[4],"tags":[988,807,6736,707,1337,1854,6415,6248,2899,7071,5161,3571,5921],"class_list":["post-70246","post","type-post","status-publish","format-standard","has-post-thumbnail","hentry","category-zivotna-sredina","tag-aleksandar-vucic","tag-baterije","tag-baterije-za-skladistenje-energije","tag-elektricna-vozila","tag-elektricni-automobili","tag-energetska-tranzicija","tag-izjava-dana","tag-jadar","tag-litijum","tag-projekat-jadar","tag-rio-tinto","tag-skladistenje-energije","tag-zivotna-sredina","country-srbija"],"acf":[],"yoast_head":"<!-- This site is optimized with the Yoast SEO plugin v27.4 - https:\/\/yoast.com\/product\/yoast-seo-wordpress\/ -->\n<title>Vu\u010di\u0107: Rio Tinto mo\u017ee da nastavi projekat litijuma uz garancije EU<\/title>\n<meta name=\"description\" content=\"Srbija je spremna da ponovo podr\u017ei projekat rudnika i postrojenja za preradu litijuma kompanije Rio Tinto, poru\u010dio je Vu\u010di\u0107.\" \/>\n<meta name=\"robots\" content=\"index, follow, max-snippet:-1, max-image-preview:large, max-video-preview:-1\" \/>\n<link rel=\"canonical\" href=\"https:\/\/balkangreenenergynews.com\/rs\/vucic-rio-tinto-moze-da-nastavi-projekat-litijuma-uz-garancije-eu\/\" \/>\n<meta property=\"og:locale\" content=\"sr_RS\" \/>\n<meta property=\"og:type\" content=\"article\" \/>\n<meta property=\"og:title\" content=\"Vu\u010di\u0107: Rio Tinto mo\u017ee da nastavi projekat litijuma uz garancije EU\" \/>\n<meta property=\"og:description\" content=\"Srbija je spremna da ponovo podr\u017ei projekat rudnika i postrojenja za preradu litijuma kompanije Rio Tinto, poru\u010dio je Vu\u010di\u0107.\" \/>\n<meta property=\"og:url\" content=\"https:\/\/balkangreenenergynews.com\/rs\/vucic-rio-tinto-moze-da-nastavi-projekat-litijuma-uz-garancije-eu\/\" \/>\n<meta property=\"og:site_name\" content=\"Balkan Green Energy News\" \/>\n<meta property=\"article:published_time\" content=\"2024-06-17T14:04:10+00:00\" \/>\n<meta property=\"og:image\" content=\"https:\/\/balkangreenenergynews.com\/rs\/wp-content\/uploads\/2024\/06\/Vucic-Rio-Tinto-nastavi-projekat-litijuma-uz-garancije-EU.jpg\" \/>\n\t<meta property=\"og:image:width\" content=\"840\" \/>\n\t<meta property=\"og:image:height\" content=\"430\" \/>\n\t<meta property=\"og:image:type\" content=\"image\/jpeg\" \/>\n<meta name=\"author\" content=\"Igor Todorovi\u0107\" \/>\n<meta name=\"twitter:card\" content=\"summary_large_image\" \/>\n<meta name=\"twitter:label1\" content=\"\u041d\u0430\u043f\u0438\u0441\u0430\u043d\u043e \u043e\u0434\" \/>\n\t<meta name=\"twitter:data1\" content=\"Igor Todorovi\u0107\" \/>\n\t<meta name=\"twitter:label2\" content=\"\u041f\u0440\u043e\u0446\u0435\u045a\u0435\u043d\u043e \u0432\u0440\u0435\u043c\u0435 \u0447\u0438\u0442\u0430\u045a\u0430\" \/>\n\t<meta name=\"twitter:data2\" content=\"4 \u043c\u0438\u043d\u0443\u0442\u0430\" \/>\n<script type=\"application\/ld+json\" class=\"yoast-schema-graph\">{\"@context\":\"https:\\\/\\\/schema.org\",\"@graph\":[{\"@type\":\"Article\",\"@id\":\"https:\\\/\\\/balkangreenenergynews.com\\\/rs\\\/vucic-rio-tinto-moze-da-nastavi-projekat-litijuma-uz-garancije-eu\\\/#article\",\"isPartOf\":{\"@id\":\"https:\\\/\\\/balkangreenenergynews.com\\\/rs\\\/vucic-rio-tinto-moze-da-nastavi-projekat-litijuma-uz-garancije-eu\\\/\"},\"author\":{\"name\":\"Igor Todorovi\u0107\",\"@id\":\"https:\\\/\\\/balkangreenenergynews.com\\\/rs\\\/#\\\/schema\\\/person\\\/d8f80a244c4e9f2b55e4f6968c253246\"},\"headline\":\"Vu\u010di\u0107: Rio Tinto mo\u017ee da nastavi projekat litijuma uz garancije EU\",\"datePublished\":\"2024-06-17T14:04:10+00:00\",\"mainEntityOfPage\":{\"@id\":\"https:\\\/\\\/balkangreenenergynews.com\\\/rs\\\/vucic-rio-tinto-moze-da-nastavi-projekat-litijuma-uz-garancije-eu\\\/\"},\"wordCount\":669,\"commentCount\":0,\"image\":{\"@id\":\"https:\\\/\\\/balkangreenenergynews.com\\\/rs\\\/vucic-rio-tinto-moze-da-nastavi-projekat-litijuma-uz-garancije-eu\\\/#primaryimage\"},\"thumbnailUrl\":\"https:\\\/\\\/balkangreenenergynews.com\\\/rs\\\/wp-content\\\/uploads\\\/2024\\\/06\\\/Vucic-Rio-Tinto-nastavi-projekat-litijuma-uz-garancije-EU.jpg?wsr\",\"keywords\":[\"Aleksandar Vu\u010di\u0107\",\"baterije\",\"baterije za skladi\u0161tenje energije\",\"elektri\u010dna vozila\",\"elektri\u010dni automobili\",\"energetska tranzicija\",\"Izjava dana\",\"Jadar\",\"litijum\",\"Projekat Jadar\",\"Rio Tinto\",\"skladi\u0161tenje energije\",\"\u017eivotna sredina\"],\"articleSection\":[\"\u017divotna sredina\"],\"inLanguage\":\"sr-RS\",\"potentialAction\":[{\"@type\":\"CommentAction\",\"name\":\"Comment\",\"target\":[\"https:\\\/\\\/balkangreenenergynews.com\\\/rs\\\/vucic-rio-tinto-moze-da-nastavi-projekat-litijuma-uz-garancije-eu\\\/#respond\"]}]},{\"@type\":\"WebPage\",\"@id\":\"https:\\\/\\\/balkangreenenergynews.com\\\/rs\\\/vucic-rio-tinto-moze-da-nastavi-projekat-litijuma-uz-garancije-eu\\\/\",\"url\":\"https:\\\/\\\/balkangreenenergynews.com\\\/rs\\\/vucic-rio-tinto-moze-da-nastavi-projekat-litijuma-uz-garancije-eu\\\/\",\"name\":\"Vu\u010di\u0107: Rio Tinto mo\u017ee da nastavi projekat litijuma uz garancije EU\",\"isPartOf\":{\"@id\":\"https:\\\/\\\/balkangreenenergynews.com\\\/rs\\\/#website\"},\"primaryImageOfPage\":{\"@id\":\"https:\\\/\\\/balkangreenenergynews.com\\\/rs\\\/vucic-rio-tinto-moze-da-nastavi-projekat-litijuma-uz-garancije-eu\\\/#primaryimage\"},\"image\":{\"@id\":\"https:\\\/\\\/balkangreenenergynews.com\\\/rs\\\/vucic-rio-tinto-moze-da-nastavi-projekat-litijuma-uz-garancije-eu\\\/#primaryimage\"},\"thumbnailUrl\":\"https:\\\/\\\/balkangreenenergynews.com\\\/rs\\\/wp-content\\\/uploads\\\/2024\\\/06\\\/Vucic-Rio-Tinto-nastavi-projekat-litijuma-uz-garancije-EU.jpg?wsr\",\"datePublished\":\"2024-06-17T14:04:10+00:00\",\"author\":{\"@id\":\"https:\\\/\\\/balkangreenenergynews.com\\\/rs\\\/#\\\/schema\\\/person\\\/d8f80a244c4e9f2b55e4f6968c253246\"},\"description\":\"Srbija je spremna da ponovo podr\u017ei projekat rudnika i postrojenja za preradu litijuma kompanije Rio Tinto, poru\u010dio je Vu\u010di\u0107.\",\"breadcrumb\":{\"@id\":\"https:\\\/\\\/balkangreenenergynews.com\\\/rs\\\/vucic-rio-tinto-moze-da-nastavi-projekat-litijuma-uz-garancije-eu\\\/#breadcrumb\"},\"inLanguage\":\"sr-RS\",\"potentialAction\":[{\"@type\":\"ReadAction\",\"target\":[\"https:\\\/\\\/balkangreenenergynews.com\\\/rs\\\/vucic-rio-tinto-moze-da-nastavi-projekat-litijuma-uz-garancije-eu\\\/\"]}]},{\"@type\":\"ImageObject\",\"inLanguage\":\"sr-RS\",\"@id\":\"https:\\\/\\\/balkangreenenergynews.com\\\/rs\\\/vucic-rio-tinto-moze-da-nastavi-projekat-litijuma-uz-garancije-eu\\\/#primaryimage\",\"url\":\"https:\\\/\\\/balkangreenenergynews.com\\\/rs\\\/wp-content\\\/uploads\\\/2024\\\/06\\\/Vucic-Rio-Tinto-nastavi-projekat-litijuma-uz-garancije-EU.jpg?wsr\",\"contentUrl\":\"https:\\\/\\\/balkangreenenergynews.com\\\/rs\\\/wp-content\\\/uploads\\\/2024\\\/06\\\/Vucic-Rio-Tinto-nastavi-projekat-litijuma-uz-garancije-EU.jpg?wsr\",\"width\":840,\"height\":430,\"caption\":\"Vucic Rio Tinto nastavi projekat litijuma uz garancije EU\"},{\"@type\":\"BreadcrumbList\",\"@id\":\"https:\\\/\\\/balkangreenenergynews.com\\\/rs\\\/vucic-rio-tinto-moze-da-nastavi-projekat-litijuma-uz-garancije-eu\\\/#breadcrumb\",\"itemListElement\":[{\"@type\":\"ListItem\",\"position\":1,\"name\":\"Po\u010detna\",\"item\":\"https:\\\/\\\/balkangreenenergynews.com\\\/rs\\\/\"},{\"@type\":\"ListItem\",\"position\":2,\"name\":\"Vesti\",\"item\":\"https:\\\/\\\/balkangreenenergynews.com\\\/rs\\\/kategorija\\\/vesti\\\/\"},{\"@type\":\"ListItem\",\"position\":3,\"name\":\"\u017divotna sredina\",\"item\":\"https:\\\/\\\/balkangreenenergynews.com\\\/rs\\\/kategorija\\\/vesti\\\/zivotna-sredina\\\/\"},{\"@type\":\"ListItem\",\"position\":4,\"name\":\"Vu\u010di\u0107: Rio Tinto mo\u017ee da nastavi projekat litijuma uz garancije EU\"}]},{\"@type\":\"WebSite\",\"@id\":\"https:\\\/\\\/balkangreenenergynews.com\\\/rs\\\/#website\",\"url\":\"https:\\\/\\\/balkangreenenergynews.com\\\/rs\\\/\",\"name\":\"Balkan Green Energy News\",\"description\":\"Naj\u0161iri izbor vesti sa Balkana o zelenoj energiji\",\"potentialAction\":[{\"@type\":\"SearchAction\",\"target\":{\"@type\":\"EntryPoint\",\"urlTemplate\":\"https:\\\/\\\/balkangreenenergynews.com\\\/rs\\\/?s={search_term_string}\"},\"query-input\":{\"@type\":\"PropertyValueSpecification\",\"valueRequired\":true,\"valueName\":\"search_term_string\"}}],\"inLanguage\":\"sr-RS\"},{\"@type\":\"Person\",\"@id\":\"https:\\\/\\\/balkangreenenergynews.com\\\/rs\\\/#\\\/schema\\\/person\\\/d8f80a244c4e9f2b55e4f6968c253246\",\"name\":\"Igor Todorovi\u0107\",\"url\":\"https:\\\/\\\/balkangreenenergynews.com\\\/rs\\\/author\\\/igor-todorovic\\\/\"}]}<\/script>\n<!-- \/ Yoast SEO plugin. -->","yoast_head_json":{"title":"Vu\u010di\u0107: Rio Tinto mo\u017ee da nastavi projekat litijuma uz garancije EU","description":"Srbija je spremna da ponovo podr\u017ei projekat rudnika i postrojenja za preradu litijuma kompanije Rio Tinto, poru\u010dio je Vu\u010di\u0107.","robots":{"index":"index","follow":"follow","max-snippet":"max-snippet:-1","max-image-preview":"max-image-preview:large","max-video-preview":"max-video-preview:-1"},"canonical":"https:\/\/balkangreenenergynews.com\/rs\/vucic-rio-tinto-moze-da-nastavi-projekat-litijuma-uz-garancije-eu\/","og_locale":"sr_RS","og_type":"article","og_title":"Vu\u010di\u0107: Rio Tinto mo\u017ee da nastavi projekat litijuma uz garancije EU","og_description":"Srbija je spremna da ponovo podr\u017ei projekat rudnika i postrojenja za preradu litijuma kompanije Rio Tinto, poru\u010dio je Vu\u010di\u0107.","og_url":"https:\/\/balkangreenenergynews.com\/rs\/vucic-rio-tinto-moze-da-nastavi-projekat-litijuma-uz-garancije-eu\/","og_site_name":"Balkan Green Energy News","article_published_time":"2024-06-17T14:04:10+00:00","og_image":[{"width":840,"height":430,"url":"https:\/\/balkangreenenergynews.com\/rs\/wp-content\/uploads\/2024\/06\/Vucic-Rio-Tinto-nastavi-projekat-litijuma-uz-garancije-EU.jpg","type":"image\/jpeg"}],"author":"Igor Todorovi\u0107","twitter_card":"summary_large_image","twitter_misc":{"\u041d\u0430\u043f\u0438\u0441\u0430\u043d\u043e \u043e\u0434":"Igor Todorovi\u0107","\u041f\u0440\u043e\u0446\u0435\u045a\u0435\u043d\u043e \u0432\u0440\u0435\u043c\u0435 \u0447\u0438\u0442\u0430\u045a\u0430":"4 \u043c\u0438\u043d\u0443\u0442\u0430"},"schema":{"@context":"https:\/\/schema.org","@graph":[{"@type":"Article","@id":"https:\/\/balkangreenenergynews.com\/rs\/vucic-rio-tinto-moze-da-nastavi-projekat-litijuma-uz-garancije-eu\/#article","isPartOf":{"@id":"https:\/\/balkangreenenergynews.com\/rs\/vucic-rio-tinto-moze-da-nastavi-projekat-litijuma-uz-garancije-eu\/"},"author":{"name":"Igor Todorovi\u0107","@id":"https:\/\/balkangreenenergynews.com\/rs\/#\/schema\/person\/d8f80a244c4e9f2b55e4f6968c253246"},"headline":"Vu\u010di\u0107: Rio Tinto mo\u017ee da nastavi projekat litijuma uz garancije EU","datePublished":"2024-06-17T14:04:10+00:00","mainEntityOfPage":{"@id":"https:\/\/balkangreenenergynews.com\/rs\/vucic-rio-tinto-moze-da-nastavi-projekat-litijuma-uz-garancije-eu\/"},"wordCount":669,"commentCount":0,"image":{"@id":"https:\/\/balkangreenenergynews.com\/rs\/vucic-rio-tinto-moze-da-nastavi-projekat-litijuma-uz-garancije-eu\/#primaryimage"},"thumbnailUrl":"https:\/\/balkangreenenergynews.com\/rs\/wp-content\/uploads\/2024\/06\/Vucic-Rio-Tinto-nastavi-projekat-litijuma-uz-garancije-EU.jpg?wsr","keywords":["Aleksandar Vu\u010di\u0107","baterije","baterije za skladi\u0161tenje energije","elektri\u010dna vozila","elektri\u010dni automobili","energetska tranzicija","Izjava dana","Jadar","litijum","Projekat Jadar","Rio Tinto","skladi\u0161tenje energije","\u017eivotna sredina"],"articleSection":["\u017divotna sredina"],"inLanguage":"sr-RS","potentialAction":[{"@type":"CommentAction","name":"Comment","target":["https:\/\/balkangreenenergynews.com\/rs\/vucic-rio-tinto-moze-da-nastavi-projekat-litijuma-uz-garancije-eu\/#respond"]}]},{"@type":"WebPage","@id":"https:\/\/balkangreenenergynews.com\/rs\/vucic-rio-tinto-moze-da-nastavi-projekat-litijuma-uz-garancije-eu\/","url":"https:\/\/balkangreenenergynews.com\/rs\/vucic-rio-tinto-moze-da-nastavi-projekat-litijuma-uz-garancije-eu\/","name":"Vu\u010di\u0107: Rio Tinto mo\u017ee da nastavi projekat litijuma uz garancije EU","isPartOf":{"@id":"https:\/\/balkangreenenergynews.com\/rs\/#website"},"primaryImageOfPage":{"@id":"https:\/\/balkangreenenergynews.com\/rs\/vucic-rio-tinto-moze-da-nastavi-projekat-litijuma-uz-garancije-eu\/#primaryimage"},"image":{"@id":"https:\/\/balkangreenenergynews.com\/rs\/vucic-rio-tinto-moze-da-nastavi-projekat-litijuma-uz-garancije-eu\/#primaryimage"},"thumbnailUrl":"https:\/\/balkangreenenergynews.com\/rs\/wp-content\/uploads\/2024\/06\/Vucic-Rio-Tinto-nastavi-projekat-litijuma-uz-garancije-EU.jpg?wsr","datePublished":"2024-06-17T14:04:10+00:00","author":{"@id":"https:\/\/balkangreenenergynews.com\/rs\/#\/schema\/person\/d8f80a244c4e9f2b55e4f6968c253246"},"description":"Srbija je spremna da ponovo podr\u017ei projekat rudnika i postrojenja za preradu litijuma kompanije Rio Tinto, poru\u010dio je Vu\u010di\u0107.","breadcrumb":{"@id":"https:\/\/balkangreenenergynews.com\/rs\/vucic-rio-tinto-moze-da-nastavi-projekat-litijuma-uz-garancije-eu\/#breadcrumb"},"inLanguage":"sr-RS","potentialAction":[{"@type":"ReadAction","target":["https:\/\/balkangreenenergynews.com\/rs\/vucic-rio-tinto-moze-da-nastavi-projekat-litijuma-uz-garancije-eu\/"]}]},{"@type":"ImageObject","inLanguage":"sr-RS","@id":"https:\/\/balkangreenenergynews.com\/rs\/vucic-rio-tinto-moze-da-nastavi-projekat-litijuma-uz-garancije-eu\/#primaryimage","url":"https:\/\/balkangreenenergynews.com\/rs\/wp-content\/uploads\/2024\/06\/Vucic-Rio-Tinto-nastavi-projekat-litijuma-uz-garancije-EU.jpg?wsr","contentUrl":"https:\/\/balkangreenenergynews.com\/rs\/wp-content\/uploads\/2024\/06\/Vucic-Rio-Tinto-nastavi-projekat-litijuma-uz-garancije-EU.jpg?wsr","width":840,"height":430,"caption":"Vucic Rio Tinto nastavi projekat litijuma uz garancije EU"},{"@type":"BreadcrumbList","@id":"https:\/\/balkangreenenergynews.com\/rs\/vucic-rio-tinto-moze-da-nastavi-projekat-litijuma-uz-garancije-eu\/#breadcrumb","itemListElement":[{"@type":"ListItem","position":1,"name":"Po\u010detna","item":"https:\/\/balkangreenenergynews.com\/rs\/"},{"@type":"ListItem","position":2,"name":"Vesti","item":"https:\/\/balkangreenenergynews.com\/rs\/kategorija\/vesti\/"},{"@type":"ListItem","position":3,"name":"\u017divotna sredina","item":"https:\/\/balkangreenenergynews.com\/rs\/kategorija\/vesti\/zivotna-sredina\/"},{"@type":"ListItem","position":4,"name":"Vu\u010di\u0107: Rio Tinto mo\u017ee da nastavi projekat litijuma uz garancije EU"}]},{"@type":"WebSite","@id":"https:\/\/balkangreenenergynews.com\/rs\/#website","url":"https:\/\/balkangreenenergynews.com\/rs\/","name":"Balkan Green Energy News","description":"Naj\u0161iri izbor vesti sa Balkana o zelenoj energiji","potentialAction":[{"@type":"SearchAction","target":{"@type":"EntryPoint","urlTemplate":"https:\/\/balkangreenenergynews.com\/rs\/?s={search_term_string}"},"query-input":{"@type":"PropertyValueSpecification","valueRequired":true,"valueName":"search_term_string"}}],"inLanguage":"sr-RS"},{"@type":"Person","@id":"https:\/\/balkangreenenergynews.com\/rs\/#\/schema\/person\/d8f80a244c4e9f2b55e4f6968c253246","name":"Igor Todorovi\u0107","url":"https:\/\/balkangreenenergynews.com\/rs\/author\/igor-todorovic\/"}]}},"_links":{"self":[{"href":"https:\/\/balkangreenenergynews.com\/rs\/wp-json\/wp\/v2\/posts\/70246","targetHints":{"allow":["GET"]}}],"collection":[{"href":"https:\/\/balkangreenenergynews.com\/rs\/wp-json\/wp\/v2\/posts"}],"about":[{"href":"https:\/\/balkangreenenergynews.com\/rs\/wp-json\/wp\/v2\/types\/post"}],"author":[{"embeddable":true,"href":"https:\/\/balkangreenenergynews.com\/rs\/wp-json\/wp\/v2\/users\/27"}],"replies":[{"embeddable":true,"href":"https:\/\/balkangreenenergynews.com\/rs\/wp-json\/wp\/v2\/comments?post=70246"}],"version-history":[{"count":0,"href":"https:\/\/balkangreenenergynews.com\/rs\/wp-json\/wp\/v2\/posts\/70246\/revisions"}],"wp:featuredmedia":[{"embeddable":true,"href":"https:\/\/balkangreenenergynews.com\/rs\/wp-json\/wp\/v2\/media\/70273"}],"wp:attachment":[{"href":"https:\/\/balkangreenenergynews.com\/rs\/wp-json\/wp\/v2\/media?parent=70246"}],"wp:term":[{"taxonomy":"category","embeddable":true,"href":"https:\/\/balkangreenenergynews.com\/rs\/wp-json\/wp\/v2\/categories?post=70246"},{"taxonomy":"post_tag","embeddable":true,"href":"https:\/\/balkangreenenergynews.com\/rs\/wp-json\/wp\/v2\/tags?post=70246"}],"curies":[{"name":"wp","href":"https:\/\/api.w.org\/{rel}","templated":true}]}}