{"id":70068,"date":"2024-06-13T16:39:28","date_gmt":"2024-06-13T14:39:28","guid":{"rendered":"https:\/\/balkangreenenergynews.com\/rs\/?p=70068"},"modified":"2024-06-13T16:39:28","modified_gmt":"2024-06-13T14:39:28","slug":"elektroprivreda-srbije-usvojila-plan-transformacije","status":"publish","type":"post","link":"https:\/\/balkangreenenergynews.com\/rs\/elektroprivreda-srbije-usvojila-plan-transformacije\/","title":{"rendered":"Elektroprivreda Srbije usvojila Plan transformacije"},"content":{"rendered":"<h2>Skup\u0161tina akcionara Elektroprivrede Srbije AD usvojila je Plan transformacije kompanije, saop\u0161tio je EPS.<\/h2>\n<p>Planom transformacije Elektroprivrede Srbije, kako se navodi, definisane su promene organizacione strukture i unapre\u0111enje operativnih i finansijskih procesa, bez smanjena bud\u017eeta zarada.<\/p>\n<p>Usvajanjem Plana transformacije najve\u0107e energetske kompanije, Srbija je ispunila va\u017ean strukturni reper u okviru aran\u017emana sa Me\u0111unarodnim monetarnim fondom, saop\u0161tio je EPS.<\/p>\n<p>Da podsetimo, krajem 2022. godine Vlada Srbije se u okviru dvogodi\u0161nje stendbaj aran\u017emana sa MMF-om <a href=\"https:\/\/balkangreenenergynews.com\/rs\/vlada-srbije-obecala-mmf-u-poskupljenje-struje-i-gasa-do-30-odsto\/\">obavezala<\/a> da elektri\u010dna energija poskupi oko 26 odsto, a prirodni gas oko 30 odsto, da obavi razdvajanje delatnosti Srbijagasa, transformi\u0161e EPS u akcionarsko dru\u0161tvo i pripremi plan za njegovo restrukturiranje, usvoji nacionalni energetski i klimatski plan (NEKP), pripremi investicioni plan za energetiku za period od dve do pet godina i postavi stalno umesto vd poslovodstva u dve energetske dr\u017eavne firme.<\/p>\n<blockquote><p>Strukturne promene bi\u0107e sprovedene du\u017e celog sistema<\/p><\/blockquote>\n<p>Sada je povodom usvajanja Plana transformacije, EPS saop\u0161tio da su promene u organizacionoj strukturi usmerene, izme\u0111u ostalog, na unapre\u0111enje digitalizacije poslovnih procesa i usluga uz pove\u0107anje bezbednosti sistema i podataka, efikasnije upravl\u0458anje investicijama i l\u0458udskim resursima.<\/p>\n<p>Strukturne promene bi\u0107e sprovedene du\u017e celog sistema uz precizno definisane procedure i odgovornost, poru\u010duju iz EPS-a.<\/p>\n<p>Cil\u0458 planiranih reformi je, kako se dodaje, da kompanija postane tr\u017ei\u0161no orijentisana, profitabilna firma usmerena na pove\u0107anje zadovol\u0458stva kupaca i ostvarivanje cil\u0458eva Zelene agende.<\/p>\n<blockquote><p>U toku formiranje Kancelarije za transformaciju<\/p><\/blockquote>\n<p>Realizacijom Plana transformacije, EPS \u0107e do 2030. godine unaprediti operativne performanse kako bi u narednim godinama mogao da parira najrazvijenijim kompanijama poput onih u Evropskoj uniji, ka\u017eu u EPS-u. Do tada, predvi\u0111ena je realizacija zna\u010dajnog investicionog ciklusa uz smanjenje tro\u0161kova.<\/p>\n<p>U EPS navode da je toku formiranje Kancelarije za transformaciju, koju \u0107e \u010diniti zaposleni EPS-a i spol\u0458ni eksperti koji su prepoznati kao lideri u svom domenu, a koja \u0107e imati zadatak da implementira Plan transformacije.<\/p>\n<p>Nije saop\u0161teno da li je Plan transformacije dostupan javnosti.<\/p>\n","protected":false},"excerpt":{"rendered":"<p>Usvajanjem Plana transformacije Srbija je ispunila va\u017ean strukturni reper u okviru aran\u017emana sa Me\u0111unarodnim monetarnim fondom<\/p>\n","protected":false},"author":23,"featured_media":70070,"comment_status":"open","ping_status":"open","sticky":false,"template":"","format":"standard","meta":{"_acf_changed":false,"_monsterinsights_skip_tracking":false,"_monsterinsights_sitenote_active":false,"_monsterinsights_sitenote_note":"","_monsterinsights_sitenote_category":0,"footnotes":""},"categories":[504],"tags":[5502,1307,190,652,3850,6244],"class_list":["post-70068","post","type-post","status-publish","format-standard","has-post-thumbnail","hentry","category-elektricna-energija","tag-digitalizacija","tag-elektroprivreda-srbije","tag-eps","tag-investicije","tag-mmf","tag-zelena-agenda","country-srbija"],"acf":[],"yoast_head":"<!-- This site is optimized with the Yoast SEO plugin v27.4 - https:\/\/yoast.com\/product\/yoast-seo-wordpress\/ -->\n<title>Elektroprivreda Srbije usvojila Plan transformacije<\/title>\n<meta name=\"description\" content=\"Usvajanjem Plana transformacije Srbija je ispunila va\u017ean strukturni reper u okviru aran\u017emana sa Me\u0111unarodnim monetarnim fondom\" \/>\n<meta name=\"robots\" content=\"index, follow, max-snippet:-1, max-image-preview:large, max-video-preview:-1\" \/>\n<link rel=\"canonical\" href=\"https:\/\/balkangreenenergynews.com\/rs\/elektroprivreda-srbije-usvojila-plan-transformacije\/\" \/>\n<meta property=\"og:locale\" content=\"sr_RS\" \/>\n<meta property=\"og:type\" content=\"article\" \/>\n<meta property=\"og:title\" content=\"Elektroprivreda Srbije usvojila Plan transformacije\" \/>\n<meta property=\"og:description\" content=\"Usvajanjem Plana transformacije Srbija je ispunila va\u017ean strukturni reper u okviru aran\u017emana sa Me\u0111unarodnim monetarnim fondom\" \/>\n<meta property=\"og:url\" content=\"https:\/\/balkangreenenergynews.com\/rs\/elektroprivreda-srbije-usvojila-plan-transformacije\/\" \/>\n<meta property=\"og:site_name\" content=\"Balkan Green Energy News\" \/>\n<meta property=\"article:published_time\" content=\"2024-06-13T14:39:28+00:00\" \/>\n<meta property=\"og:image\" content=\"https:\/\/balkangreenenergynews.com\/rs\/wp-content\/uploads\/2024\/06\/eps-plan-transformacije-djerdap-1.jpg\" \/>\n\t<meta property=\"og:image:width\" content=\"840\" \/>\n\t<meta property=\"og:image:height\" content=\"430\" \/>\n\t<meta property=\"og:image:type\" content=\"image\/jpeg\" \/>\n<meta name=\"author\" content=\"Vladimir Spasi\u0107\" \/>\n<meta name=\"twitter:card\" content=\"summary_large_image\" \/>\n<meta name=\"twitter:label1\" content=\"\u041d\u0430\u043f\u0438\u0441\u0430\u043d\u043e \u043e\u0434\" \/>\n\t<meta name=\"twitter:data1\" content=\"Vladimir Spasi\u0107\" \/>\n\t<meta name=\"twitter:label2\" content=\"\u041f\u0440\u043e\u0446\u0435\u045a\u0435\u043d\u043e \u0432\u0440\u0435\u043c\u0435 \u0447\u0438\u0442\u0430\u045a\u0430\" \/>\n\t<meta name=\"twitter:data2\" content=\"2 \u043c\u0438\u043d\u0443\u0442\u0430\" \/>\n<script type=\"application\/ld+json\" class=\"yoast-schema-graph\">{\"@context\":\"https:\\\/\\\/schema.org\",\"@graph\":[{\"@type\":\"Article\",\"@id\":\"https:\\\/\\\/balkangreenenergynews.com\\\/rs\\\/elektroprivreda-srbije-usvojila-plan-transformacije\\\/#article\",\"isPartOf\":{\"@id\":\"https:\\\/\\\/balkangreenenergynews.com\\\/rs\\\/elektroprivreda-srbije-usvojila-plan-transformacije\\\/\"},\"author\":{\"name\":\"Vladimir Spasi\u0107\",\"@id\":\"https:\\\/\\\/balkangreenenergynews.com\\\/rs\\\/#\\\/schema\\\/person\\\/99dc721c46113fea22caffad06ef7317\"},\"headline\":\"Elektroprivreda Srbije usvojila Plan transformacije\",\"datePublished\":\"2024-06-13T14:39:28+00:00\",\"mainEntityOfPage\":{\"@id\":\"https:\\\/\\\/balkangreenenergynews.com\\\/rs\\\/elektroprivreda-srbije-usvojila-plan-transformacije\\\/\"},\"wordCount\":341,\"commentCount\":0,\"image\":{\"@id\":\"https:\\\/\\\/balkangreenenergynews.com\\\/rs\\\/elektroprivreda-srbije-usvojila-plan-transformacije\\\/#primaryimage\"},\"thumbnailUrl\":\"https:\\\/\\\/balkangreenenergynews.com\\\/rs\\\/wp-content\\\/uploads\\\/2024\\\/06\\\/eps-plan-transformacije-djerdap-1.jpg?wsr\",\"keywords\":[\"digitalizacija\",\"Elektroprivreda Srbije\",\"EPS\",\"investicije\",\"MMF\",\"Zelena agenda\"],\"articleSection\":[\"Elektri\u010dna energija\"],\"inLanguage\":\"sr-RS\",\"potentialAction\":[{\"@type\":\"CommentAction\",\"name\":\"Comment\",\"target\":[\"https:\\\/\\\/balkangreenenergynews.com\\\/rs\\\/elektroprivreda-srbije-usvojila-plan-transformacije\\\/#respond\"]}]},{\"@type\":\"WebPage\",\"@id\":\"https:\\\/\\\/balkangreenenergynews.com\\\/rs\\\/elektroprivreda-srbije-usvojila-plan-transformacije\\\/\",\"url\":\"https:\\\/\\\/balkangreenenergynews.com\\\/rs\\\/elektroprivreda-srbije-usvojila-plan-transformacije\\\/\",\"name\":\"Elektroprivreda Srbije usvojila Plan transformacije\",\"isPartOf\":{\"@id\":\"https:\\\/\\\/balkangreenenergynews.com\\\/rs\\\/#website\"},\"primaryImageOfPage\":{\"@id\":\"https:\\\/\\\/balkangreenenergynews.com\\\/rs\\\/elektroprivreda-srbije-usvojila-plan-transformacije\\\/#primaryimage\"},\"image\":{\"@id\":\"https:\\\/\\\/balkangreenenergynews.com\\\/rs\\\/elektroprivreda-srbije-usvojila-plan-transformacije\\\/#primaryimage\"},\"thumbnailUrl\":\"https:\\\/\\\/balkangreenenergynews.com\\\/rs\\\/wp-content\\\/uploads\\\/2024\\\/06\\\/eps-plan-transformacije-djerdap-1.jpg?wsr\",\"datePublished\":\"2024-06-13T14:39:28+00:00\",\"author\":{\"@id\":\"https:\\\/\\\/balkangreenenergynews.com\\\/rs\\\/#\\\/schema\\\/person\\\/99dc721c46113fea22caffad06ef7317\"},\"description\":\"Usvajanjem Plana transformacije Srbija je ispunila va\u017ean strukturni reper u okviru aran\u017emana sa Me\u0111unarodnim monetarnim fondom\",\"breadcrumb\":{\"@id\":\"https:\\\/\\\/balkangreenenergynews.com\\\/rs\\\/elektroprivreda-srbije-usvojila-plan-transformacije\\\/#breadcrumb\"},\"inLanguage\":\"sr-RS\",\"potentialAction\":[{\"@type\":\"ReadAction\",\"target\":[\"https:\\\/\\\/balkangreenenergynews.com\\\/rs\\\/elektroprivreda-srbije-usvojila-plan-transformacije\\\/\"]}]},{\"@type\":\"ImageObject\",\"inLanguage\":\"sr-RS\",\"@id\":\"https:\\\/\\\/balkangreenenergynews.com\\\/rs\\\/elektroprivreda-srbije-usvojila-plan-transformacije\\\/#primaryimage\",\"url\":\"https:\\\/\\\/balkangreenenergynews.com\\\/rs\\\/wp-content\\\/uploads\\\/2024\\\/06\\\/eps-plan-transformacije-djerdap-1.jpg?wsr\",\"contentUrl\":\"https:\\\/\\\/balkangreenenergynews.com\\\/rs\\\/wp-content\\\/uploads\\\/2024\\\/06\\\/eps-plan-transformacije-djerdap-1.jpg?wsr\",\"width\":840,\"height\":430,\"caption\":\"HE Djerdap I\"},{\"@type\":\"BreadcrumbList\",\"@id\":\"https:\\\/\\\/balkangreenenergynews.com\\\/rs\\\/elektroprivreda-srbije-usvojila-plan-transformacije\\\/#breadcrumb\",\"itemListElement\":[{\"@type\":\"ListItem\",\"position\":1,\"name\":\"Po\u010detna\",\"item\":\"https:\\\/\\\/balkangreenenergynews.com\\\/rs\\\/\"},{\"@type\":\"ListItem\",\"position\":2,\"name\":\"Vesti\",\"item\":\"https:\\\/\\\/balkangreenenergynews.com\\\/rs\\\/kategorija\\\/vesti\\\/\"},{\"@type\":\"ListItem\",\"position\":3,\"name\":\"Elektri\u010dna energija\",\"item\":\"https:\\\/\\\/balkangreenenergynews.com\\\/rs\\\/kategorija\\\/vesti\\\/elektricna-energija\\\/\"},{\"@type\":\"ListItem\",\"position\":4,\"name\":\"Elektroprivreda Srbije usvojila Plan transformacije\"}]},{\"@type\":\"WebSite\",\"@id\":\"https:\\\/\\\/balkangreenenergynews.com\\\/rs\\\/#website\",\"url\":\"https:\\\/\\\/balkangreenenergynews.com\\\/rs\\\/\",\"name\":\"Balkan Green Energy News\",\"description\":\"Naj\u0161iri izbor vesti sa Balkana o zelenoj energiji\",\"potentialAction\":[{\"@type\":\"SearchAction\",\"target\":{\"@type\":\"EntryPoint\",\"urlTemplate\":\"https:\\\/\\\/balkangreenenergynews.com\\\/rs\\\/?s={search_term_string}\"},\"query-input\":{\"@type\":\"PropertyValueSpecification\",\"valueRequired\":true,\"valueName\":\"search_term_string\"}}],\"inLanguage\":\"sr-RS\"},{\"@type\":\"Person\",\"@id\":\"https:\\\/\\\/balkangreenenergynews.com\\\/rs\\\/#\\\/schema\\\/person\\\/99dc721c46113fea22caffad06ef7317\",\"name\":\"Vladimir Spasi\u0107\",\"url\":\"https:\\\/\\\/balkangreenenergynews.com\\\/rs\\\/author\\\/vladimir-spasic\\\/\"}]}<\/script>\n<!-- \/ Yoast SEO plugin. -->","yoast_head_json":{"title":"Elektroprivreda Srbije usvojila Plan transformacije","description":"Usvajanjem Plana transformacije Srbija je ispunila va\u017ean strukturni reper u okviru aran\u017emana sa Me\u0111unarodnim monetarnim fondom","robots":{"index":"index","follow":"follow","max-snippet":"max-snippet:-1","max-image-preview":"max-image-preview:large","max-video-preview":"max-video-preview:-1"},"canonical":"https:\/\/balkangreenenergynews.com\/rs\/elektroprivreda-srbije-usvojila-plan-transformacije\/","og_locale":"sr_RS","og_type":"article","og_title":"Elektroprivreda Srbije usvojila Plan transformacije","og_description":"Usvajanjem Plana transformacije Srbija je ispunila va\u017ean strukturni reper u okviru aran\u017emana sa Me\u0111unarodnim monetarnim fondom","og_url":"https:\/\/balkangreenenergynews.com\/rs\/elektroprivreda-srbije-usvojila-plan-transformacije\/","og_site_name":"Balkan Green Energy News","article_published_time":"2024-06-13T14:39:28+00:00","og_image":[{"width":840,"height":430,"url":"https:\/\/balkangreenenergynews.com\/rs\/wp-content\/uploads\/2024\/06\/eps-plan-transformacije-djerdap-1.jpg","type":"image\/jpeg"}],"author":"Vladimir Spasi\u0107","twitter_card":"summary_large_image","twitter_misc":{"\u041d\u0430\u043f\u0438\u0441\u0430\u043d\u043e \u043e\u0434":"Vladimir Spasi\u0107","\u041f\u0440\u043e\u0446\u0435\u045a\u0435\u043d\u043e \u0432\u0440\u0435\u043c\u0435 \u0447\u0438\u0442\u0430\u045a\u0430":"2 \u043c\u0438\u043d\u0443\u0442\u0430"},"schema":{"@context":"https:\/\/schema.org","@graph":[{"@type":"Article","@id":"https:\/\/balkangreenenergynews.com\/rs\/elektroprivreda-srbije-usvojila-plan-transformacije\/#article","isPartOf":{"@id":"https:\/\/balkangreenenergynews.com\/rs\/elektroprivreda-srbije-usvojila-plan-transformacije\/"},"author":{"name":"Vladimir Spasi\u0107","@id":"https:\/\/balkangreenenergynews.com\/rs\/#\/schema\/person\/99dc721c46113fea22caffad06ef7317"},"headline":"Elektroprivreda Srbije usvojila Plan transformacije","datePublished":"2024-06-13T14:39:28+00:00","mainEntityOfPage":{"@id":"https:\/\/balkangreenenergynews.com\/rs\/elektroprivreda-srbije-usvojila-plan-transformacije\/"},"wordCount":341,"commentCount":0,"image":{"@id":"https:\/\/balkangreenenergynews.com\/rs\/elektroprivreda-srbije-usvojila-plan-transformacije\/#primaryimage"},"thumbnailUrl":"https:\/\/balkangreenenergynews.com\/rs\/wp-content\/uploads\/2024\/06\/eps-plan-transformacije-djerdap-1.jpg?wsr","keywords":["digitalizacija","Elektroprivreda Srbije","EPS","investicije","MMF","Zelena agenda"],"articleSection":["Elektri\u010dna energija"],"inLanguage":"sr-RS","potentialAction":[{"@type":"CommentAction","name":"Comment","target":["https:\/\/balkangreenenergynews.com\/rs\/elektroprivreda-srbije-usvojila-plan-transformacije\/#respond"]}]},{"@type":"WebPage","@id":"https:\/\/balkangreenenergynews.com\/rs\/elektroprivreda-srbije-usvojila-plan-transformacije\/","url":"https:\/\/balkangreenenergynews.com\/rs\/elektroprivreda-srbije-usvojila-plan-transformacije\/","name":"Elektroprivreda Srbije usvojila Plan transformacije","isPartOf":{"@id":"https:\/\/balkangreenenergynews.com\/rs\/#website"},"primaryImageOfPage":{"@id":"https:\/\/balkangreenenergynews.com\/rs\/elektroprivreda-srbije-usvojila-plan-transformacije\/#primaryimage"},"image":{"@id":"https:\/\/balkangreenenergynews.com\/rs\/elektroprivreda-srbije-usvojila-plan-transformacije\/#primaryimage"},"thumbnailUrl":"https:\/\/balkangreenenergynews.com\/rs\/wp-content\/uploads\/2024\/06\/eps-plan-transformacije-djerdap-1.jpg?wsr","datePublished":"2024-06-13T14:39:28+00:00","author":{"@id":"https:\/\/balkangreenenergynews.com\/rs\/#\/schema\/person\/99dc721c46113fea22caffad06ef7317"},"description":"Usvajanjem Plana transformacije Srbija je ispunila va\u017ean strukturni reper u okviru aran\u017emana sa Me\u0111unarodnim monetarnim fondom","breadcrumb":{"@id":"https:\/\/balkangreenenergynews.com\/rs\/elektroprivreda-srbije-usvojila-plan-transformacije\/#breadcrumb"},"inLanguage":"sr-RS","potentialAction":[{"@type":"ReadAction","target":["https:\/\/balkangreenenergynews.com\/rs\/elektroprivreda-srbije-usvojila-plan-transformacije\/"]}]},{"@type":"ImageObject","inLanguage":"sr-RS","@id":"https:\/\/balkangreenenergynews.com\/rs\/elektroprivreda-srbije-usvojila-plan-transformacije\/#primaryimage","url":"https:\/\/balkangreenenergynews.com\/rs\/wp-content\/uploads\/2024\/06\/eps-plan-transformacije-djerdap-1.jpg?wsr","contentUrl":"https:\/\/balkangreenenergynews.com\/rs\/wp-content\/uploads\/2024\/06\/eps-plan-transformacije-djerdap-1.jpg?wsr","width":840,"height":430,"caption":"HE Djerdap I"},{"@type":"BreadcrumbList","@id":"https:\/\/balkangreenenergynews.com\/rs\/elektroprivreda-srbije-usvojila-plan-transformacije\/#breadcrumb","itemListElement":[{"@type":"ListItem","position":1,"name":"Po\u010detna","item":"https:\/\/balkangreenenergynews.com\/rs\/"},{"@type":"ListItem","position":2,"name":"Vesti","item":"https:\/\/balkangreenenergynews.com\/rs\/kategorija\/vesti\/"},{"@type":"ListItem","position":3,"name":"Elektri\u010dna energija","item":"https:\/\/balkangreenenergynews.com\/rs\/kategorija\/vesti\/elektricna-energija\/"},{"@type":"ListItem","position":4,"name":"Elektroprivreda Srbije usvojila Plan transformacije"}]},{"@type":"WebSite","@id":"https:\/\/balkangreenenergynews.com\/rs\/#website","url":"https:\/\/balkangreenenergynews.com\/rs\/","name":"Balkan Green Energy News","description":"Naj\u0161iri izbor vesti sa Balkana o zelenoj energiji","potentialAction":[{"@type":"SearchAction","target":{"@type":"EntryPoint","urlTemplate":"https:\/\/balkangreenenergynews.com\/rs\/?s={search_term_string}"},"query-input":{"@type":"PropertyValueSpecification","valueRequired":true,"valueName":"search_term_string"}}],"inLanguage":"sr-RS"},{"@type":"Person","@id":"https:\/\/balkangreenenergynews.com\/rs\/#\/schema\/person\/99dc721c46113fea22caffad06ef7317","name":"Vladimir Spasi\u0107","url":"https:\/\/balkangreenenergynews.com\/rs\/author\/vladimir-spasic\/"}]}},"_links":{"self":[{"href":"https:\/\/balkangreenenergynews.com\/rs\/wp-json\/wp\/v2\/posts\/70068","targetHints":{"allow":["GET"]}}],"collection":[{"href":"https:\/\/balkangreenenergynews.com\/rs\/wp-json\/wp\/v2\/posts"}],"about":[{"href":"https:\/\/balkangreenenergynews.com\/rs\/wp-json\/wp\/v2\/types\/post"}],"author":[{"embeddable":true,"href":"https:\/\/balkangreenenergynews.com\/rs\/wp-json\/wp\/v2\/users\/23"}],"replies":[{"embeddable":true,"href":"https:\/\/balkangreenenergynews.com\/rs\/wp-json\/wp\/v2\/comments?post=70068"}],"version-history":[{"count":0,"href":"https:\/\/balkangreenenergynews.com\/rs\/wp-json\/wp\/v2\/posts\/70068\/revisions"}],"wp:featuredmedia":[{"embeddable":true,"href":"https:\/\/balkangreenenergynews.com\/rs\/wp-json\/wp\/v2\/media\/70070"}],"wp:attachment":[{"href":"https:\/\/balkangreenenergynews.com\/rs\/wp-json\/wp\/v2\/media?parent=70068"}],"wp:term":[{"taxonomy":"category","embeddable":true,"href":"https:\/\/balkangreenenergynews.com\/rs\/wp-json\/wp\/v2\/categories?post=70068"},{"taxonomy":"post_tag","embeddable":true,"href":"https:\/\/balkangreenenergynews.com\/rs\/wp-json\/wp\/v2\/tags?post=70068"}],"curies":[{"name":"wp","href":"https:\/\/api.w.org\/{rel}","templated":true}]}}