{"id":69984,"date":"2024-06-11T17:24:36","date_gmt":"2024-06-11T15:24:36","guid":{"rendered":"https:\/\/balkangreenenergynews.com\/rs\/?p=69984"},"modified":"2024-06-11T17:24:36","modified_gmt":"2024-06-11T15:24:36","slug":"nakon-pobede-na-evropskim-izborima-desnicari-traze-ukidanje-zabrane-vozila-na-benzin-i-dizel","status":"publish","type":"post","link":"https:\/\/balkangreenenergynews.com\/rs\/nakon-pobede-na-evropskim-izborima-desnicari-traze-ukidanje-zabrane-vozila-na-benzin-i-dizel\/","title":{"rendered":"Nakon pobede na evropskim izborima, desni\u010dari tra\u017ee ukidanje zabrane vozila na benzin i dizel"},"content":{"rendered":"<h2>Uspeh desni\u010darskih partija i slab rezultat Zelenih na izborima za Evropski parlament izazvali su zabrinutost za buduc\u0301nost Evropskog zelenog dogovora. \u010cim su objavljeni rezultati, Manfred Veber, lider Evropske narodne partije (EPP), rekao je da c\u0301e ta stranka odmah insistirati na ukidanju <a href=\"https:\/\/balkangreenenergynews.com\/rs\/istorijska-odluka-evropskog-parlamenta-od-2035-zabrana-prodaje-automobila-sa-unutrasnjim-sagorevanjem\/\">zabrane<\/a> prodaje vozila sa motorom sa unutra\u0161njim sagorevanjem od 2035. godine.<\/h2>\n<p>Veber je, me\u0111utim, dodao da nec\u0301e biti revizije Zelenog dogovora u celini, budu\u0107i da je vec\u0301ina zakona iz tog paketa vec\u0301 usvojena u Evropskom parlamentu. Istovremeno, \u010de\u0161ki poslanik u Evropskom parlamentu Aleksandar Vondra rekao je da c\u0301e evropska klimatska politika u narednih pet godina postati \u201crealisti\u010dnija,\u201d pi\u0161e Politico.<\/p>\n<blockquote><p>Peter Lise: Zabrana motora sa unutra\u0161njim sagorevanjem mora da se ukine<\/p><\/blockquote>\n<p>Peter Lise iz EPP je rekao da rezultati izbora opravdavaju viziju te partije o manje restriktivnom Zelenom dogovoru i konkretno je pomenuo plan da se poni\u0161ti zabrana motora sa unutra\u0161njim sagorevanjem. \u201cMorac\u0301emo da izvr\u0161imo neka prilago\u0111avanja. Zabrana motora sa unutra\u0161njim sagorevanjem \u2014 to treba da se izbaci,\u201d rekao je Lise nakon \u0161to je EPP objavila da je osvojila najvi\u0161e mesta u Evropskom parlamentu.<\/p>\n<blockquote><p>EPP planira da modifikuje Evropski zeleni dogovor, ali i da ostane na putu klimatske neutralnosti do 2050.<\/p><\/blockquote>\n<p>Lise je tako\u0111e rekao da uprkos planiranom ukidanju zabrane, nec\u0301e biti nazadovanja u pogledu <a href=\"https:\/\/balkangreenenergynews.com\/rs\/eu-predstavila-zakone-za-klimatsku-neutralnost-co2-porez-na-uvoznu-robu-od-2035-samo-elektricna-vozila\/\">klimatskih ciljeva<\/a> Evropske unije za 2050. godinu.<\/p>\n<p>Politiko je, me\u0111utim, prime\u0107uje da \u010dak ni ukidanje zabrane mo\u017eda nec\u0301e biti tako lako s obzirom da je upravo glavni kandidat EPP, predsednica Evropske komisije Ursula fon der Lajen, bila ta koja je uvela tu zabranu i podr\u017eala je tokom svoje kampanje za drugi mandat.<\/p>\n<blockquote><p>Napori da se smanje emisije iz poljoprivrede tako\u0111e mogu biti ote\u017eani<\/p><\/blockquote>\n<p>Osim zabrane za motore sa unutra\u0161njim sagorevanjem, jo\u0161 jedna oblast Zelenog dogovora bi mogla biti pogo\u0111ena &#8211; poljoprivreda, za koju se EPP obavezala da c\u0301e je za\u0161tititi od o\u0161trije klimatske regulative, napominje Politico.<\/p>\n<p>Takav stav je u sukobu sa upozorenjima nezavisnih nau\u010dnih savetnika da EU ne samo da mora da zadr\u017ei postojec\u0301e politike, vec\u0301 i da uradi mnogo vi\u0161e, posebno u pogledu emisija iz poljoprivredne proizvodnje.<\/p>\n","protected":false},"excerpt":{"rendered":"<p>Lider EPP rekao je da c\u0301e ta stranka odmah insistirati na ukidanju zabrane prodaje vozila sa motorom sa unutra\u0161njim sagorevanjem<\/p>\n","protected":false},"author":25,"featured_media":69988,"comment_status":"open","ping_status":"open","sticky":false,"template":"","format":"standard","meta":{"_acf_changed":false,"_monsterinsights_skip_tracking":false,"_monsterinsights_sitenote_active":false,"_monsterinsights_sitenote_note":"","_monsterinsights_sitenote_category":0,"footnotes":""},"categories":[5909],"tags":[2335,869,1681,5465,5546,6613,766,5987,5243,6978],"class_list":["post-69984","post","type-post","status-publish","format-standard","has-post-thumbnail","hentry","category-klimatske-promene","tag-emisije","tag-evropska-komisija","tag-evropski-parlament","tag-evropski-zeleni-dogovor","tag-klimatska-neutralnost","tag-klimatske-politike","tag-klimatske-promene","tag-klimatski-ciljevi","tag-nulte-neto-emisije","tag-ursula-fon-der-lajen","country-regioneu"],"acf":[],"yoast_head":"<!-- This site is optimized with the Yoast SEO plugin v27.4 - https:\/\/yoast.com\/product\/yoast-seo-wordpress\/ -->\n<title>Nakon pobede na evropskim izborima, desni\u010dari tra\u017ee ukidanje zabrane vozila na benzin i dizel<\/title>\n<meta name=\"robots\" content=\"index, follow, max-snippet:-1, max-image-preview:large, max-video-preview:-1\" \/>\n<link rel=\"canonical\" href=\"https:\/\/balkangreenenergynews.com\/rs\/nakon-pobede-na-evropskim-izborima-desnicari-traze-ukidanje-zabrane-vozila-na-benzin-i-dizel\/\" \/>\n<meta property=\"og:locale\" content=\"sr_RS\" \/>\n<meta property=\"og:type\" content=\"article\" \/>\n<meta property=\"og:title\" content=\"Nakon pobede na evropskim izborima, desni\u010dari tra\u017ee ukidanje zabrane vozila na benzin i dizel\" \/>\n<meta property=\"og:description\" content=\"Lider EPP rekao je da c\u0301e ta stranka odmah insistirati na ukidanju zabrane prodaje vozila sa motorom sa unutra\u0161njim sagorevanjem\" \/>\n<meta property=\"og:url\" content=\"https:\/\/balkangreenenergynews.com\/rs\/nakon-pobede-na-evropskim-izborima-desnicari-traze-ukidanje-zabrane-vozila-na-benzin-i-dizel\/\" \/>\n<meta property=\"og:site_name\" content=\"Balkan Green Energy News\" \/>\n<meta property=\"article:published_time\" content=\"2024-06-11T15:24:36+00:00\" \/>\n<meta property=\"og:image\" content=\"https:\/\/balkangreenenergynews.com\/rs\/wp-content\/uploads\/2024\/06\/eu-motori-sa-unutrasnjim-sagorevanjem.jpg\" \/>\n\t<meta property=\"og:image:width\" content=\"840\" \/>\n\t<meta property=\"og:image:height\" content=\"430\" \/>\n\t<meta property=\"og:image:type\" content=\"image\/jpeg\" \/>\n<meta name=\"author\" content=\"Balkan Green Energy News\" \/>\n<meta name=\"twitter:card\" content=\"summary_large_image\" \/>\n<meta name=\"twitter:label1\" content=\"\u041d\u0430\u043f\u0438\u0441\u0430\u043d\u043e \u043e\u0434\" \/>\n\t<meta name=\"twitter:data1\" content=\"Balkan Green Energy News\" \/>\n\t<meta name=\"twitter:label2\" content=\"\u041f\u0440\u043e\u0446\u0435\u045a\u0435\u043d\u043e \u0432\u0440\u0435\u043c\u0435 \u0447\u0438\u0442\u0430\u045a\u0430\" \/>\n\t<meta name=\"twitter:data2\" content=\"2 \u043c\u0438\u043d\u0443\u0442\u0430\" \/>\n<script type=\"application\/ld+json\" class=\"yoast-schema-graph\">{\"@context\":\"https:\\\/\\\/schema.org\",\"@graph\":[{\"@type\":\"Article\",\"@id\":\"https:\\\/\\\/balkangreenenergynews.com\\\/rs\\\/nakon-pobede-na-evropskim-izborima-desnicari-traze-ukidanje-zabrane-vozila-na-benzin-i-dizel\\\/#article\",\"isPartOf\":{\"@id\":\"https:\\\/\\\/balkangreenenergynews.com\\\/rs\\\/nakon-pobede-na-evropskim-izborima-desnicari-traze-ukidanje-zabrane-vozila-na-benzin-i-dizel\\\/\"},\"author\":{\"name\":\"Balkan Green Energy News\",\"@id\":\"https:\\\/\\\/balkangreenenergynews.com\\\/rs\\\/#\\\/schema\\\/person\\\/dee275e6036b1a0f7ceaf956d79d4eff\"},\"headline\":\"Nakon pobede na evropskim izborima, desni\u010dari tra\u017ee ukidanje zabrane vozila na benzin i dizel\",\"datePublished\":\"2024-06-11T15:24:36+00:00\",\"mainEntityOfPage\":{\"@id\":\"https:\\\/\\\/balkangreenenergynews.com\\\/rs\\\/nakon-pobede-na-evropskim-izborima-desnicari-traze-ukidanje-zabrane-vozila-na-benzin-i-dizel\\\/\"},\"wordCount\":384,\"commentCount\":0,\"image\":{\"@id\":\"https:\\\/\\\/balkangreenenergynews.com\\\/rs\\\/nakon-pobede-na-evropskim-izborima-desnicari-traze-ukidanje-zabrane-vozila-na-benzin-i-dizel\\\/#primaryimage\"},\"thumbnailUrl\":\"https:\\\/\\\/balkangreenenergynews.com\\\/rs\\\/wp-content\\\/uploads\\\/2024\\\/06\\\/eu-motori-sa-unutrasnjim-sagorevanjem.jpg?wsr\",\"keywords\":[\"emisije\",\"Evropska komisija\",\"Evropski parlament\",\"Evropski zeleni dogovor\",\"klimatska neutralnost\",\"klimatske politike\",\"klimatske promene\",\"klimatski ciljevi\",\"nulte neto emisije\",\"Ursula fon der Lajen\"],\"articleSection\":[\"Klimatske promene\"],\"inLanguage\":\"sr-RS\",\"potentialAction\":[{\"@type\":\"CommentAction\",\"name\":\"Comment\",\"target\":[\"https:\\\/\\\/balkangreenenergynews.com\\\/rs\\\/nakon-pobede-na-evropskim-izborima-desnicari-traze-ukidanje-zabrane-vozila-na-benzin-i-dizel\\\/#respond\"]}]},{\"@type\":\"WebPage\",\"@id\":\"https:\\\/\\\/balkangreenenergynews.com\\\/rs\\\/nakon-pobede-na-evropskim-izborima-desnicari-traze-ukidanje-zabrane-vozila-na-benzin-i-dizel\\\/\",\"url\":\"https:\\\/\\\/balkangreenenergynews.com\\\/rs\\\/nakon-pobede-na-evropskim-izborima-desnicari-traze-ukidanje-zabrane-vozila-na-benzin-i-dizel\\\/\",\"name\":\"Nakon pobede na evropskim izborima, desni\u010dari tra\u017ee ukidanje zabrane vozila na benzin i dizel\",\"isPartOf\":{\"@id\":\"https:\\\/\\\/balkangreenenergynews.com\\\/rs\\\/#website\"},\"primaryImageOfPage\":{\"@id\":\"https:\\\/\\\/balkangreenenergynews.com\\\/rs\\\/nakon-pobede-na-evropskim-izborima-desnicari-traze-ukidanje-zabrane-vozila-na-benzin-i-dizel\\\/#primaryimage\"},\"image\":{\"@id\":\"https:\\\/\\\/balkangreenenergynews.com\\\/rs\\\/nakon-pobede-na-evropskim-izborima-desnicari-traze-ukidanje-zabrane-vozila-na-benzin-i-dizel\\\/#primaryimage\"},\"thumbnailUrl\":\"https:\\\/\\\/balkangreenenergynews.com\\\/rs\\\/wp-content\\\/uploads\\\/2024\\\/06\\\/eu-motori-sa-unutrasnjim-sagorevanjem.jpg?wsr\",\"datePublished\":\"2024-06-11T15:24:36+00:00\",\"author\":{\"@id\":\"https:\\\/\\\/balkangreenenergynews.com\\\/rs\\\/#\\\/schema\\\/person\\\/dee275e6036b1a0f7ceaf956d79d4eff\"},\"breadcrumb\":{\"@id\":\"https:\\\/\\\/balkangreenenergynews.com\\\/rs\\\/nakon-pobede-na-evropskim-izborima-desnicari-traze-ukidanje-zabrane-vozila-na-benzin-i-dizel\\\/#breadcrumb\"},\"inLanguage\":\"sr-RS\",\"potentialAction\":[{\"@type\":\"ReadAction\",\"target\":[\"https:\\\/\\\/balkangreenenergynews.com\\\/rs\\\/nakon-pobede-na-evropskim-izborima-desnicari-traze-ukidanje-zabrane-vozila-na-benzin-i-dizel\\\/\"]}]},{\"@type\":\"ImageObject\",\"inLanguage\":\"sr-RS\",\"@id\":\"https:\\\/\\\/balkangreenenergynews.com\\\/rs\\\/nakon-pobede-na-evropskim-izborima-desnicari-traze-ukidanje-zabrane-vozila-na-benzin-i-dizel\\\/#primaryimage\",\"url\":\"https:\\\/\\\/balkangreenenergynews.com\\\/rs\\\/wp-content\\\/uploads\\\/2024\\\/06\\\/eu-motori-sa-unutrasnjim-sagorevanjem.jpg?wsr\",\"contentUrl\":\"https:\\\/\\\/balkangreenenergynews.com\\\/rs\\\/wp-content\\\/uploads\\\/2024\\\/06\\\/eu-motori-sa-unutrasnjim-sagorevanjem.jpg?wsr\",\"width\":840,\"height\":430,\"caption\":\"eu-motori-sa-unutrasnjim-sagorevanjem\"},{\"@type\":\"BreadcrumbList\",\"@id\":\"https:\\\/\\\/balkangreenenergynews.com\\\/rs\\\/nakon-pobede-na-evropskim-izborima-desnicari-traze-ukidanje-zabrane-vozila-na-benzin-i-dizel\\\/#breadcrumb\",\"itemListElement\":[{\"@type\":\"ListItem\",\"position\":1,\"name\":\"Po\u010detna\",\"item\":\"https:\\\/\\\/balkangreenenergynews.com\\\/rs\\\/\"},{\"@type\":\"ListItem\",\"position\":2,\"name\":\"Klimatske promene\",\"item\":\"https:\\\/\\\/balkangreenenergynews.com\\\/rs\\\/kategorija\\\/klimatske-promene\\\/\"},{\"@type\":\"ListItem\",\"position\":3,\"name\":\"Nakon pobede na evropskim izborima, desni\u010dari tra\u017ee ukidanje zabrane vozila na benzin i dizel\"}]},{\"@type\":\"WebSite\",\"@id\":\"https:\\\/\\\/balkangreenenergynews.com\\\/rs\\\/#website\",\"url\":\"https:\\\/\\\/balkangreenenergynews.com\\\/rs\\\/\",\"name\":\"Balkan Green Energy News\",\"description\":\"Naj\u0161iri izbor vesti sa Balkana o zelenoj energiji\",\"potentialAction\":[{\"@type\":\"SearchAction\",\"target\":{\"@type\":\"EntryPoint\",\"urlTemplate\":\"https:\\\/\\\/balkangreenenergynews.com\\\/rs\\\/?s={search_term_string}\"},\"query-input\":{\"@type\":\"PropertyValueSpecification\",\"valueRequired\":true,\"valueName\":\"search_term_string\"}}],\"inLanguage\":\"sr-RS\"},{\"@type\":\"Person\",\"@id\":\"https:\\\/\\\/balkangreenenergynews.com\\\/rs\\\/#\\\/schema\\\/person\\\/dee275e6036b1a0f7ceaf956d79d4eff\",\"name\":\"Balkan Green Energy News\",\"url\":\"https:\\\/\\\/balkangreenenergynews.com\\\/rs\\\/author\\\/balkangreenenergynews\\\/\"}]}<\/script>\n<!-- \/ Yoast SEO plugin. -->","yoast_head_json":{"title":"Nakon pobede na evropskim izborima, desni\u010dari tra\u017ee ukidanje zabrane vozila na benzin i dizel","robots":{"index":"index","follow":"follow","max-snippet":"max-snippet:-1","max-image-preview":"max-image-preview:large","max-video-preview":"max-video-preview:-1"},"canonical":"https:\/\/balkangreenenergynews.com\/rs\/nakon-pobede-na-evropskim-izborima-desnicari-traze-ukidanje-zabrane-vozila-na-benzin-i-dizel\/","og_locale":"sr_RS","og_type":"article","og_title":"Nakon pobede na evropskim izborima, desni\u010dari tra\u017ee ukidanje zabrane vozila na benzin i dizel","og_description":"Lider EPP rekao je da c\u0301e ta stranka odmah insistirati na ukidanju zabrane prodaje vozila sa motorom sa unutra\u0161njim sagorevanjem","og_url":"https:\/\/balkangreenenergynews.com\/rs\/nakon-pobede-na-evropskim-izborima-desnicari-traze-ukidanje-zabrane-vozila-na-benzin-i-dizel\/","og_site_name":"Balkan Green Energy News","article_published_time":"2024-06-11T15:24:36+00:00","og_image":[{"width":840,"height":430,"url":"https:\/\/balkangreenenergynews.com\/rs\/wp-content\/uploads\/2024\/06\/eu-motori-sa-unutrasnjim-sagorevanjem.jpg","type":"image\/jpeg"}],"author":"Balkan Green Energy News","twitter_card":"summary_large_image","twitter_misc":{"\u041d\u0430\u043f\u0438\u0441\u0430\u043d\u043e \u043e\u0434":"Balkan Green Energy News","\u041f\u0440\u043e\u0446\u0435\u045a\u0435\u043d\u043e \u0432\u0440\u0435\u043c\u0435 \u0447\u0438\u0442\u0430\u045a\u0430":"2 \u043c\u0438\u043d\u0443\u0442\u0430"},"schema":{"@context":"https:\/\/schema.org","@graph":[{"@type":"Article","@id":"https:\/\/balkangreenenergynews.com\/rs\/nakon-pobede-na-evropskim-izborima-desnicari-traze-ukidanje-zabrane-vozila-na-benzin-i-dizel\/#article","isPartOf":{"@id":"https:\/\/balkangreenenergynews.com\/rs\/nakon-pobede-na-evropskim-izborima-desnicari-traze-ukidanje-zabrane-vozila-na-benzin-i-dizel\/"},"author":{"name":"Balkan Green Energy News","@id":"https:\/\/balkangreenenergynews.com\/rs\/#\/schema\/person\/dee275e6036b1a0f7ceaf956d79d4eff"},"headline":"Nakon pobede na evropskim izborima, desni\u010dari tra\u017ee ukidanje zabrane vozila na benzin i dizel","datePublished":"2024-06-11T15:24:36+00:00","mainEntityOfPage":{"@id":"https:\/\/balkangreenenergynews.com\/rs\/nakon-pobede-na-evropskim-izborima-desnicari-traze-ukidanje-zabrane-vozila-na-benzin-i-dizel\/"},"wordCount":384,"commentCount":0,"image":{"@id":"https:\/\/balkangreenenergynews.com\/rs\/nakon-pobede-na-evropskim-izborima-desnicari-traze-ukidanje-zabrane-vozila-na-benzin-i-dizel\/#primaryimage"},"thumbnailUrl":"https:\/\/balkangreenenergynews.com\/rs\/wp-content\/uploads\/2024\/06\/eu-motori-sa-unutrasnjim-sagorevanjem.jpg?wsr","keywords":["emisije","Evropska komisija","Evropski parlament","Evropski zeleni dogovor","klimatska neutralnost","klimatske politike","klimatske promene","klimatski ciljevi","nulte neto emisije","Ursula fon der Lajen"],"articleSection":["Klimatske promene"],"inLanguage":"sr-RS","potentialAction":[{"@type":"CommentAction","name":"Comment","target":["https:\/\/balkangreenenergynews.com\/rs\/nakon-pobede-na-evropskim-izborima-desnicari-traze-ukidanje-zabrane-vozila-na-benzin-i-dizel\/#respond"]}]},{"@type":"WebPage","@id":"https:\/\/balkangreenenergynews.com\/rs\/nakon-pobede-na-evropskim-izborima-desnicari-traze-ukidanje-zabrane-vozila-na-benzin-i-dizel\/","url":"https:\/\/balkangreenenergynews.com\/rs\/nakon-pobede-na-evropskim-izborima-desnicari-traze-ukidanje-zabrane-vozila-na-benzin-i-dizel\/","name":"Nakon pobede na evropskim izborima, desni\u010dari tra\u017ee ukidanje zabrane vozila na benzin i dizel","isPartOf":{"@id":"https:\/\/balkangreenenergynews.com\/rs\/#website"},"primaryImageOfPage":{"@id":"https:\/\/balkangreenenergynews.com\/rs\/nakon-pobede-na-evropskim-izborima-desnicari-traze-ukidanje-zabrane-vozila-na-benzin-i-dizel\/#primaryimage"},"image":{"@id":"https:\/\/balkangreenenergynews.com\/rs\/nakon-pobede-na-evropskim-izborima-desnicari-traze-ukidanje-zabrane-vozila-na-benzin-i-dizel\/#primaryimage"},"thumbnailUrl":"https:\/\/balkangreenenergynews.com\/rs\/wp-content\/uploads\/2024\/06\/eu-motori-sa-unutrasnjim-sagorevanjem.jpg?wsr","datePublished":"2024-06-11T15:24:36+00:00","author":{"@id":"https:\/\/balkangreenenergynews.com\/rs\/#\/schema\/person\/dee275e6036b1a0f7ceaf956d79d4eff"},"breadcrumb":{"@id":"https:\/\/balkangreenenergynews.com\/rs\/nakon-pobede-na-evropskim-izborima-desnicari-traze-ukidanje-zabrane-vozila-na-benzin-i-dizel\/#breadcrumb"},"inLanguage":"sr-RS","potentialAction":[{"@type":"ReadAction","target":["https:\/\/balkangreenenergynews.com\/rs\/nakon-pobede-na-evropskim-izborima-desnicari-traze-ukidanje-zabrane-vozila-na-benzin-i-dizel\/"]}]},{"@type":"ImageObject","inLanguage":"sr-RS","@id":"https:\/\/balkangreenenergynews.com\/rs\/nakon-pobede-na-evropskim-izborima-desnicari-traze-ukidanje-zabrane-vozila-na-benzin-i-dizel\/#primaryimage","url":"https:\/\/balkangreenenergynews.com\/rs\/wp-content\/uploads\/2024\/06\/eu-motori-sa-unutrasnjim-sagorevanjem.jpg?wsr","contentUrl":"https:\/\/balkangreenenergynews.com\/rs\/wp-content\/uploads\/2024\/06\/eu-motori-sa-unutrasnjim-sagorevanjem.jpg?wsr","width":840,"height":430,"caption":"eu-motori-sa-unutrasnjim-sagorevanjem"},{"@type":"BreadcrumbList","@id":"https:\/\/balkangreenenergynews.com\/rs\/nakon-pobede-na-evropskim-izborima-desnicari-traze-ukidanje-zabrane-vozila-na-benzin-i-dizel\/#breadcrumb","itemListElement":[{"@type":"ListItem","position":1,"name":"Po\u010detna","item":"https:\/\/balkangreenenergynews.com\/rs\/"},{"@type":"ListItem","position":2,"name":"Klimatske promene","item":"https:\/\/balkangreenenergynews.com\/rs\/kategorija\/klimatske-promene\/"},{"@type":"ListItem","position":3,"name":"Nakon pobede na evropskim izborima, desni\u010dari tra\u017ee ukidanje zabrane vozila na benzin i dizel"}]},{"@type":"WebSite","@id":"https:\/\/balkangreenenergynews.com\/rs\/#website","url":"https:\/\/balkangreenenergynews.com\/rs\/","name":"Balkan Green Energy News","description":"Naj\u0161iri izbor vesti sa Balkana o zelenoj energiji","potentialAction":[{"@type":"SearchAction","target":{"@type":"EntryPoint","urlTemplate":"https:\/\/balkangreenenergynews.com\/rs\/?s={search_term_string}"},"query-input":{"@type":"PropertyValueSpecification","valueRequired":true,"valueName":"search_term_string"}}],"inLanguage":"sr-RS"},{"@type":"Person","@id":"https:\/\/balkangreenenergynews.com\/rs\/#\/schema\/person\/dee275e6036b1a0f7ceaf956d79d4eff","name":"Balkan Green Energy News","url":"https:\/\/balkangreenenergynews.com\/rs\/author\/balkangreenenergynews\/"}]}},"_links":{"self":[{"href":"https:\/\/balkangreenenergynews.com\/rs\/wp-json\/wp\/v2\/posts\/69984","targetHints":{"allow":["GET"]}}],"collection":[{"href":"https:\/\/balkangreenenergynews.com\/rs\/wp-json\/wp\/v2\/posts"}],"about":[{"href":"https:\/\/balkangreenenergynews.com\/rs\/wp-json\/wp\/v2\/types\/post"}],"author":[{"embeddable":true,"href":"https:\/\/balkangreenenergynews.com\/rs\/wp-json\/wp\/v2\/users\/25"}],"replies":[{"embeddable":true,"href":"https:\/\/balkangreenenergynews.com\/rs\/wp-json\/wp\/v2\/comments?post=69984"}],"version-history":[{"count":0,"href":"https:\/\/balkangreenenergynews.com\/rs\/wp-json\/wp\/v2\/posts\/69984\/revisions"}],"wp:featuredmedia":[{"embeddable":true,"href":"https:\/\/balkangreenenergynews.com\/rs\/wp-json\/wp\/v2\/media\/69988"}],"wp:attachment":[{"href":"https:\/\/balkangreenenergynews.com\/rs\/wp-json\/wp\/v2\/media?parent=69984"}],"wp:term":[{"taxonomy":"category","embeddable":true,"href":"https:\/\/balkangreenenergynews.com\/rs\/wp-json\/wp\/v2\/categories?post=69984"},{"taxonomy":"post_tag","embeddable":true,"href":"https:\/\/balkangreenenergynews.com\/rs\/wp-json\/wp\/v2\/tags?post=69984"}],"curies":[{"name":"wp","href":"https:\/\/api.w.org\/{rel}","templated":true}]}}