{"id":69956,"date":"2024-06-11T14:36:14","date_gmt":"2024-06-11T12:36:14","guid":{"rendered":"https:\/\/balkangreenenergynews.com\/rs\/?p=69956"},"modified":"2024-06-11T15:12:35","modified_gmt":"2024-06-11T13:12:35","slug":"slovenija-potvrdila-napustanje-uglja-2033-u-azuriranom-nekp-u","status":"publish","type":"post","link":"https:\/\/balkangreenenergynews.com\/rs\/slovenija-potvrdila-napustanje-uglja-2033-u-azuriranom-nekp-u\/","title":{"rendered":"Slovenija potvrdila napu\u0161tanje uglja 2033. u a\u017euriranom NEKP-u"},"content":{"rendered":"<h2>Slovenija je pripremila a\u017euriranu verziju nacionalnog energetskog i klimatskog plana koji pove\u0107ava ciljeve za obnovljive izvore energije, energetsku efikasnost i emisije gasova sa efektom staklene ba\u0161te do 2030. godine.<\/h2>\n<p>\u010clanice Evropske unije prvobitne nacionalne energetske i klimatske planove do 2030. godine pripremile su, a Evropska komisija odobrila 2019. godine. EU regulativa zacrtala je da se nacrti a\u017euriranih planova predaju do juna 2023, a <a href=\"https:\/\/balkangreenenergynews.com\/rs\/clanice-eu-azurirale-nekp-ove-ciljevi-za-solar-uvecani-90-odsto-do-2030\/\">finalni planovi do juna 2024<\/a>.<\/p>\n<p>Analize tih finalnih planova pokazale su da su \u010dlanice EU povec\u0301ale solarne ciljeve za 87 odsto u odnosu na ciljeve u trenutno va\u017ee\u0107im dokumentima.<\/p>\n<p>Slovenija trenutno sprovodi javnu raspravu o finalnoj a\u017euriranoj verziji NEKP-a koja je po\u010dela 20, maja i zavr\u0161ava se 23. juna.<\/p>\n<blockquote><p>Cilj za OIE podignut na 33 odsto<\/p><\/blockquote>\n<p><a href=\"https:\/\/balkangreenenergynews.com\/rs\/slovenacki-nekp-lokalne-zajednice-i-ekoloski-propisi-sprecavaju-razvoj-obnovljive-energije\/\">Prvobitni cilj<\/a> za udeo obnovljivih izvora energije u ukupnoj potro\u0161nji energije do 2030. godine bio je 27 odsto, a sada je pove\u0107an na 33 odsto. Cilj na nivou EU je vi\u0161e od 42,5 odsto.<\/p>\n<p>Udeo je na kraju 2022. bio 25 odsto, i zemlja ga je dostigla zahvaljuju\u0107i statisti\u010dkom prenosu energije iz Hrvatske, na osnovu dogovora dve zemlje. Naime, doma\u0107a proizvodnja nije bila dovoljna da se obezbedi 25 odsto.<\/p>\n<p>U deo u sektoru grejanja i hla\u0111enja na kraju 2022. bio je bezmalo 34 odsto, u sektoru struje 37 odsto i transporta 7.8 odsto.<\/p>\n<p>Slovenija je u a\u017euriranom planu pove\u0107ala i procenat smanjenja emisija gasova sa efektom staklene ba\u0161te sa 36 na 55 odsto, \u0161to je cilj isti kao na nivou EU, s tim da \u0107e taj cilj biti ispunjen do 2033, a ne do 2030. Rezultat se ra\u010duna u odnosu na 2005.<\/p>\n<p><img loading=\"lazy\" decoding=\"async\" class=\" wp-image-69966 aligncenter\" src=\"https:\/\/balkangreenenergynews.com\/rs\/wp-content\/uploads\/2024\/06\/slovenija-nekp-ciljevi.jpg\" alt=\"\" width=\"851\" height=\"476\" srcset=\"https:\/\/balkangreenenergynews.com\/rs\/wp-content\/uploads\/2024\/06\/slovenija-nekp-ciljevi.jpg 1275w, https:\/\/balkangreenenergynews.com\/rs\/wp-content\/uploads\/2024\/06\/slovenija-nekp-ciljevi-500x280.jpg 500w, https:\/\/balkangreenenergynews.com\/rs\/wp-content\/uploads\/2024\/06\/slovenija-nekp-ciljevi-840x470.jpg 840w, https:\/\/balkangreenenergynews.com\/rs\/wp-content\/uploads\/2024\/06\/slovenija-nekp-ciljevi-768x429.jpg 768w, https:\/\/balkangreenenergynews.com\/rs\/wp-content\/uploads\/2024\/06\/slovenija-nekp-ciljevi-300x168.jpg 300w\" sizes=\"auto, (max-width: 851px) 100vw, 851px\" \/><\/p>\n<h3>Kumer: Energetska efikasnost \u0107e biti omogu\u0107ena i finansijski slabijim porodicama<\/h3>\n<p>Ministar \u017eivotne sredine, klime i energetike Bojan Kumer izjavio je da \u0107e glavni doprinos ovom smanjenje dati <a href=\"https:\/\/balkangreenenergynews.com\/rs\/slovenija-se-sprema-da-izdvoji-termoelektranu-sostanj-i-rudnik-uglja-iz-elektroprivrede-hse\/\">prestanak kori\u0161\u0107enja uglja<\/a>, koji je zacrtan najkasnije do 2033.<\/p>\n<p>Prestanak upotrebe uglja zna\u010di\u0107e dekarboniziciju proizvodnje elektri\u010dne energije u Sloveniji, naglasio je Kumer tokom tre\u0107e javne prezentacije a\u017euriranog NEKP-a na Elektrotehni\u010dkom fakultetu u Ljubljani.<\/p>\n<p>Novi NEKP zna\u010dajno ja\u010da ambiciju i u efikasnom kori\u0161c\u0301enju energije. Planirano je kori\u0161c\u0301enje finalne energije do 2030. ne pre\u0111e 50,2 TWh \u0161to je vi\u0161e od 11 odsto povec\u0301anje u odnosu na prethodni cilj od 54,9 TWh.<\/p>\n<p><a href=\"https:\/\/www.energetika-portal.si\/dokumenti\/strateski-razvojni-dokumenti\/nacionalni-energetski-in-podnebni-nacrt-2024\/sodelovanje-z-javnostjo\/razgrnitev-koncni-nepn-posvetovanje-javnost\/\">Plan<\/a>, kako je navelo Ministarstvo, uzima u obzir i problem energetskog siroma\u0161tva, jer predvi\u0111a mere koje c\u0301e obezbediti pristup energetskoj efikasnosti \u010dak i finansijski slabijim domac\u0301instvima.<\/p>\n","protected":false},"excerpt":{"rendered":"<p>Slovenija je pripremila a\u017euriranu verziju nacionalnog energetskog i klimatskog plana koji pove\u0107ava sve ciljeve<\/p>\n","protected":false},"author":23,"featured_media":69961,"comment_status":"open","ping_status":"open","sticky":false,"template":"","format":"standard","meta":{"_acf_changed":false,"_monsterinsights_skip_tracking":false,"_monsterinsights_sitenote_active":false,"_monsterinsights_sitenote_note":"","_monsterinsights_sitenote_category":0,"footnotes":""},"categories":[504,3,5909,1],"tags":[3279,646,1689,4334,5024,5695],"class_list":["post-69956","post","type-post","status-publish","format-standard","has-post-thumbnail","hentry","category-elektricna-energija","category-energetska-efikasnost","category-klimatske-promene","category-obnovljivi-izvori-energije","tag-dekarbonizacija","tag-energetska-efikasnost","tag-gasovi-sa-efektom-staklene-baste","tag-nacionalni-energetski-i-klimatski-plan","tag-nekp","tag-prestanak-koriscenja-uglja","country-slovenija"],"acf":[],"yoast_head":"<!-- This site is optimized with the Yoast SEO plugin v27.4 - https:\/\/yoast.com\/product\/yoast-seo-wordpress\/ -->\n<title>Slovenija potvrdila napu\u0161tanje uglja 2033. u a\u017euriranom NEKP-u<\/title>\n<meta name=\"description\" content=\"Slovenija je pripremila a\u017euriranu verziju nacionalnog energetskog i klimatskog plana koji pove\u0107ava sve ciljeve\" \/>\n<meta name=\"robots\" content=\"index, follow, max-snippet:-1, max-image-preview:large, max-video-preview:-1\" \/>\n<link rel=\"canonical\" href=\"https:\/\/balkangreenenergynews.com\/rs\/slovenija-potvrdila-napustanje-uglja-2033-u-azuriranom-nekp-u\/\" \/>\n<meta property=\"og:locale\" content=\"sr_RS\" \/>\n<meta property=\"og:type\" content=\"article\" \/>\n<meta property=\"og:title\" content=\"Slovenija potvrdila napu\u0161tanje uglja 2033. u a\u017euriranom NEKP-u\" \/>\n<meta property=\"og:description\" content=\"Slovenija je pripremila a\u017euriranu verziju nacionalnog energetskog i klimatskog plana koji pove\u0107ava sve ciljeve\" \/>\n<meta property=\"og:url\" content=\"https:\/\/balkangreenenergynews.com\/rs\/slovenija-potvrdila-napustanje-uglja-2033-u-azuriranom-nekp-u\/\" \/>\n<meta property=\"og:site_name\" content=\"Balkan Green Energy News\" \/>\n<meta property=\"article:published_time\" content=\"2024-06-11T12:36:14+00:00\" \/>\n<meta property=\"article:modified_time\" content=\"2024-06-11T13:12:35+00:00\" \/>\n<meta property=\"og:image\" content=\"https:\/\/balkangreenenergynews.com\/rs\/wp-content\/uploads\/2024\/06\/slovenia-necp-targets.jpg\" \/>\n\t<meta property=\"og:image:width\" content=\"840\" \/>\n\t<meta property=\"og:image:height\" content=\"430\" \/>\n\t<meta property=\"og:image:type\" content=\"image\/jpeg\" \/>\n<meta name=\"author\" content=\"Vladimir Spasi\u0107\" \/>\n<meta name=\"twitter:card\" content=\"summary_large_image\" \/>\n<meta name=\"twitter:label1\" content=\"\u041d\u0430\u043f\u0438\u0441\u0430\u043d\u043e \u043e\u0434\" \/>\n\t<meta name=\"twitter:data1\" content=\"Vladimir Spasi\u0107\" \/>\n\t<meta name=\"twitter:label2\" content=\"\u041f\u0440\u043e\u0446\u0435\u045a\u0435\u043d\u043e \u0432\u0440\u0435\u043c\u0435 \u0447\u0438\u0442\u0430\u045a\u0430\" \/>\n\t<meta name=\"twitter:data2\" content=\"3 \u043c\u0438\u043d\u0443\u0442\u0430\" \/>\n<script type=\"application\/ld+json\" class=\"yoast-schema-graph\">{\"@context\":\"https:\\\/\\\/schema.org\",\"@graph\":[{\"@type\":\"Article\",\"@id\":\"https:\\\/\\\/balkangreenenergynews.com\\\/rs\\\/slovenija-potvrdila-napustanje-uglja-2033-u-azuriranom-nekp-u\\\/#article\",\"isPartOf\":{\"@id\":\"https:\\\/\\\/balkangreenenergynews.com\\\/rs\\\/slovenija-potvrdila-napustanje-uglja-2033-u-azuriranom-nekp-u\\\/\"},\"author\":{\"name\":\"Vladimir Spasi\u0107\",\"@id\":\"https:\\\/\\\/balkangreenenergynews.com\\\/rs\\\/#\\\/schema\\\/person\\\/99dc721c46113fea22caffad06ef7317\"},\"headline\":\"Slovenija potvrdila napu\u0161tanje uglja 2033. u a\u017euriranom NEKP-u\",\"datePublished\":\"2024-06-11T12:36:14+00:00\",\"dateModified\":\"2024-06-11T13:12:35+00:00\",\"mainEntityOfPage\":{\"@id\":\"https:\\\/\\\/balkangreenenergynews.com\\\/rs\\\/slovenija-potvrdila-napustanje-uglja-2033-u-azuriranom-nekp-u\\\/\"},\"wordCount\":404,\"commentCount\":0,\"image\":{\"@id\":\"https:\\\/\\\/balkangreenenergynews.com\\\/rs\\\/slovenija-potvrdila-napustanje-uglja-2033-u-azuriranom-nekp-u\\\/#primaryimage\"},\"thumbnailUrl\":\"https:\\\/\\\/balkangreenenergynews.com\\\/rs\\\/wp-content\\\/uploads\\\/2024\\\/06\\\/slovenia-necp-targets.jpg?wsr\",\"keywords\":[\"dekarbonizacija\",\"energetska efikasnost\",\"gasovi sa efektom staklene ba\u0161te\",\"nacionalni energetski i klimatski plan\",\"NEKP\",\"prestanak kori\u0161\u0107enja uglja\"],\"articleSection\":[\"Elektri\u010dna energija\",\"Energetska efikasnost\",\"Klimatske promene\",\"OIE\"],\"inLanguage\":\"sr-RS\",\"potentialAction\":[{\"@type\":\"CommentAction\",\"name\":\"Comment\",\"target\":[\"https:\\\/\\\/balkangreenenergynews.com\\\/rs\\\/slovenija-potvrdila-napustanje-uglja-2033-u-azuriranom-nekp-u\\\/#respond\"]}]},{\"@type\":\"WebPage\",\"@id\":\"https:\\\/\\\/balkangreenenergynews.com\\\/rs\\\/slovenija-potvrdila-napustanje-uglja-2033-u-azuriranom-nekp-u\\\/\",\"url\":\"https:\\\/\\\/balkangreenenergynews.com\\\/rs\\\/slovenija-potvrdila-napustanje-uglja-2033-u-azuriranom-nekp-u\\\/\",\"name\":\"Slovenija potvrdila napu\u0161tanje uglja 2033. u a\u017euriranom NEKP-u\",\"isPartOf\":{\"@id\":\"https:\\\/\\\/balkangreenenergynews.com\\\/rs\\\/#website\"},\"primaryImageOfPage\":{\"@id\":\"https:\\\/\\\/balkangreenenergynews.com\\\/rs\\\/slovenija-potvrdila-napustanje-uglja-2033-u-azuriranom-nekp-u\\\/#primaryimage\"},\"image\":{\"@id\":\"https:\\\/\\\/balkangreenenergynews.com\\\/rs\\\/slovenija-potvrdila-napustanje-uglja-2033-u-azuriranom-nekp-u\\\/#primaryimage\"},\"thumbnailUrl\":\"https:\\\/\\\/balkangreenenergynews.com\\\/rs\\\/wp-content\\\/uploads\\\/2024\\\/06\\\/slovenia-necp-targets.jpg?wsr\",\"datePublished\":\"2024-06-11T12:36:14+00:00\",\"dateModified\":\"2024-06-11T13:12:35+00:00\",\"author\":{\"@id\":\"https:\\\/\\\/balkangreenenergynews.com\\\/rs\\\/#\\\/schema\\\/person\\\/99dc721c46113fea22caffad06ef7317\"},\"description\":\"Slovenija je pripremila a\u017euriranu verziju nacionalnog energetskog i klimatskog plana koji pove\u0107ava sve ciljeve\",\"breadcrumb\":{\"@id\":\"https:\\\/\\\/balkangreenenergynews.com\\\/rs\\\/slovenija-potvrdila-napustanje-uglja-2033-u-azuriranom-nekp-u\\\/#breadcrumb\"},\"inLanguage\":\"sr-RS\",\"potentialAction\":[{\"@type\":\"ReadAction\",\"target\":[\"https:\\\/\\\/balkangreenenergynews.com\\\/rs\\\/slovenija-potvrdila-napustanje-uglja-2033-u-azuriranom-nekp-u\\\/\"]}]},{\"@type\":\"ImageObject\",\"inLanguage\":\"sr-RS\",\"@id\":\"https:\\\/\\\/balkangreenenergynews.com\\\/rs\\\/slovenija-potvrdila-napustanje-uglja-2033-u-azuriranom-nekp-u\\\/#primaryimage\",\"url\":\"https:\\\/\\\/balkangreenenergynews.com\\\/rs\\\/wp-content\\\/uploads\\\/2024\\\/06\\\/slovenia-necp-targets.jpg?wsr\",\"contentUrl\":\"https:\\\/\\\/balkangreenenergynews.com\\\/rs\\\/wp-content\\\/uploads\\\/2024\\\/06\\\/slovenia-necp-targets.jpg?wsr\",\"width\":840,\"height\":430,\"caption\":\"slovenia necp targets\"},{\"@type\":\"BreadcrumbList\",\"@id\":\"https:\\\/\\\/balkangreenenergynews.com\\\/rs\\\/slovenija-potvrdila-napustanje-uglja-2033-u-azuriranom-nekp-u\\\/#breadcrumb\",\"itemListElement\":[{\"@type\":\"ListItem\",\"position\":1,\"name\":\"Po\u010detna\",\"item\":\"https:\\\/\\\/balkangreenenergynews.com\\\/rs\\\/\"},{\"@type\":\"ListItem\",\"position\":2,\"name\":\"Vesti\",\"item\":\"https:\\\/\\\/balkangreenenergynews.com\\\/rs\\\/kategorija\\\/vesti\\\/\"},{\"@type\":\"ListItem\",\"position\":3,\"name\":\"Elektri\u010dna energija\",\"item\":\"https:\\\/\\\/balkangreenenergynews.com\\\/rs\\\/kategorija\\\/vesti\\\/elektricna-energija\\\/\"},{\"@type\":\"ListItem\",\"position\":4,\"name\":\"Slovenija potvrdila napu\u0161tanje uglja 2033. u a\u017euriranom NEKP-u\"}]},{\"@type\":\"WebSite\",\"@id\":\"https:\\\/\\\/balkangreenenergynews.com\\\/rs\\\/#website\",\"url\":\"https:\\\/\\\/balkangreenenergynews.com\\\/rs\\\/\",\"name\":\"Balkan Green Energy News\",\"description\":\"Naj\u0161iri izbor vesti sa Balkana o zelenoj energiji\",\"potentialAction\":[{\"@type\":\"SearchAction\",\"target\":{\"@type\":\"EntryPoint\",\"urlTemplate\":\"https:\\\/\\\/balkangreenenergynews.com\\\/rs\\\/?s={search_term_string}\"},\"query-input\":{\"@type\":\"PropertyValueSpecification\",\"valueRequired\":true,\"valueName\":\"search_term_string\"}}],\"inLanguage\":\"sr-RS\"},{\"@type\":\"Person\",\"@id\":\"https:\\\/\\\/balkangreenenergynews.com\\\/rs\\\/#\\\/schema\\\/person\\\/99dc721c46113fea22caffad06ef7317\",\"name\":\"Vladimir Spasi\u0107\",\"url\":\"https:\\\/\\\/balkangreenenergynews.com\\\/rs\\\/author\\\/vladimir-spasic\\\/\"}]}<\/script>\n<!-- \/ Yoast SEO plugin. -->","yoast_head_json":{"title":"Slovenija potvrdila napu\u0161tanje uglja 2033. u a\u017euriranom NEKP-u","description":"Slovenija je pripremila a\u017euriranu verziju nacionalnog energetskog i klimatskog plana koji pove\u0107ava sve ciljeve","robots":{"index":"index","follow":"follow","max-snippet":"max-snippet:-1","max-image-preview":"max-image-preview:large","max-video-preview":"max-video-preview:-1"},"canonical":"https:\/\/balkangreenenergynews.com\/rs\/slovenija-potvrdila-napustanje-uglja-2033-u-azuriranom-nekp-u\/","og_locale":"sr_RS","og_type":"article","og_title":"Slovenija potvrdila napu\u0161tanje uglja 2033. u a\u017euriranom NEKP-u","og_description":"Slovenija je pripremila a\u017euriranu verziju nacionalnog energetskog i klimatskog plana koji pove\u0107ava sve ciljeve","og_url":"https:\/\/balkangreenenergynews.com\/rs\/slovenija-potvrdila-napustanje-uglja-2033-u-azuriranom-nekp-u\/","og_site_name":"Balkan Green Energy News","article_published_time":"2024-06-11T12:36:14+00:00","article_modified_time":"2024-06-11T13:12:35+00:00","og_image":[{"width":840,"height":430,"url":"https:\/\/balkangreenenergynews.com\/rs\/wp-content\/uploads\/2024\/06\/slovenia-necp-targets.jpg","type":"image\/jpeg"}],"author":"Vladimir Spasi\u0107","twitter_card":"summary_large_image","twitter_misc":{"\u041d\u0430\u043f\u0438\u0441\u0430\u043d\u043e \u043e\u0434":"Vladimir Spasi\u0107","\u041f\u0440\u043e\u0446\u0435\u045a\u0435\u043d\u043e \u0432\u0440\u0435\u043c\u0435 \u0447\u0438\u0442\u0430\u045a\u0430":"3 \u043c\u0438\u043d\u0443\u0442\u0430"},"schema":{"@context":"https:\/\/schema.org","@graph":[{"@type":"Article","@id":"https:\/\/balkangreenenergynews.com\/rs\/slovenija-potvrdila-napustanje-uglja-2033-u-azuriranom-nekp-u\/#article","isPartOf":{"@id":"https:\/\/balkangreenenergynews.com\/rs\/slovenija-potvrdila-napustanje-uglja-2033-u-azuriranom-nekp-u\/"},"author":{"name":"Vladimir Spasi\u0107","@id":"https:\/\/balkangreenenergynews.com\/rs\/#\/schema\/person\/99dc721c46113fea22caffad06ef7317"},"headline":"Slovenija potvrdila napu\u0161tanje uglja 2033. u a\u017euriranom NEKP-u","datePublished":"2024-06-11T12:36:14+00:00","dateModified":"2024-06-11T13:12:35+00:00","mainEntityOfPage":{"@id":"https:\/\/balkangreenenergynews.com\/rs\/slovenija-potvrdila-napustanje-uglja-2033-u-azuriranom-nekp-u\/"},"wordCount":404,"commentCount":0,"image":{"@id":"https:\/\/balkangreenenergynews.com\/rs\/slovenija-potvrdila-napustanje-uglja-2033-u-azuriranom-nekp-u\/#primaryimage"},"thumbnailUrl":"https:\/\/balkangreenenergynews.com\/rs\/wp-content\/uploads\/2024\/06\/slovenia-necp-targets.jpg?wsr","keywords":["dekarbonizacija","energetska efikasnost","gasovi sa efektom staklene ba\u0161te","nacionalni energetski i klimatski plan","NEKP","prestanak kori\u0161\u0107enja uglja"],"articleSection":["Elektri\u010dna energija","Energetska efikasnost","Klimatske promene","OIE"],"inLanguage":"sr-RS","potentialAction":[{"@type":"CommentAction","name":"Comment","target":["https:\/\/balkangreenenergynews.com\/rs\/slovenija-potvrdila-napustanje-uglja-2033-u-azuriranom-nekp-u\/#respond"]}]},{"@type":"WebPage","@id":"https:\/\/balkangreenenergynews.com\/rs\/slovenija-potvrdila-napustanje-uglja-2033-u-azuriranom-nekp-u\/","url":"https:\/\/balkangreenenergynews.com\/rs\/slovenija-potvrdila-napustanje-uglja-2033-u-azuriranom-nekp-u\/","name":"Slovenija potvrdila napu\u0161tanje uglja 2033. u a\u017euriranom NEKP-u","isPartOf":{"@id":"https:\/\/balkangreenenergynews.com\/rs\/#website"},"primaryImageOfPage":{"@id":"https:\/\/balkangreenenergynews.com\/rs\/slovenija-potvrdila-napustanje-uglja-2033-u-azuriranom-nekp-u\/#primaryimage"},"image":{"@id":"https:\/\/balkangreenenergynews.com\/rs\/slovenija-potvrdila-napustanje-uglja-2033-u-azuriranom-nekp-u\/#primaryimage"},"thumbnailUrl":"https:\/\/balkangreenenergynews.com\/rs\/wp-content\/uploads\/2024\/06\/slovenia-necp-targets.jpg?wsr","datePublished":"2024-06-11T12:36:14+00:00","dateModified":"2024-06-11T13:12:35+00:00","author":{"@id":"https:\/\/balkangreenenergynews.com\/rs\/#\/schema\/person\/99dc721c46113fea22caffad06ef7317"},"description":"Slovenija je pripremila a\u017euriranu verziju nacionalnog energetskog i klimatskog plana koji pove\u0107ava sve ciljeve","breadcrumb":{"@id":"https:\/\/balkangreenenergynews.com\/rs\/slovenija-potvrdila-napustanje-uglja-2033-u-azuriranom-nekp-u\/#breadcrumb"},"inLanguage":"sr-RS","potentialAction":[{"@type":"ReadAction","target":["https:\/\/balkangreenenergynews.com\/rs\/slovenija-potvrdila-napustanje-uglja-2033-u-azuriranom-nekp-u\/"]}]},{"@type":"ImageObject","inLanguage":"sr-RS","@id":"https:\/\/balkangreenenergynews.com\/rs\/slovenija-potvrdila-napustanje-uglja-2033-u-azuriranom-nekp-u\/#primaryimage","url":"https:\/\/balkangreenenergynews.com\/rs\/wp-content\/uploads\/2024\/06\/slovenia-necp-targets.jpg?wsr","contentUrl":"https:\/\/balkangreenenergynews.com\/rs\/wp-content\/uploads\/2024\/06\/slovenia-necp-targets.jpg?wsr","width":840,"height":430,"caption":"slovenia necp targets"},{"@type":"BreadcrumbList","@id":"https:\/\/balkangreenenergynews.com\/rs\/slovenija-potvrdila-napustanje-uglja-2033-u-azuriranom-nekp-u\/#breadcrumb","itemListElement":[{"@type":"ListItem","position":1,"name":"Po\u010detna","item":"https:\/\/balkangreenenergynews.com\/rs\/"},{"@type":"ListItem","position":2,"name":"Vesti","item":"https:\/\/balkangreenenergynews.com\/rs\/kategorija\/vesti\/"},{"@type":"ListItem","position":3,"name":"Elektri\u010dna energija","item":"https:\/\/balkangreenenergynews.com\/rs\/kategorija\/vesti\/elektricna-energija\/"},{"@type":"ListItem","position":4,"name":"Slovenija potvrdila napu\u0161tanje uglja 2033. u a\u017euriranom NEKP-u"}]},{"@type":"WebSite","@id":"https:\/\/balkangreenenergynews.com\/rs\/#website","url":"https:\/\/balkangreenenergynews.com\/rs\/","name":"Balkan Green Energy News","description":"Naj\u0161iri izbor vesti sa Balkana o zelenoj energiji","potentialAction":[{"@type":"SearchAction","target":{"@type":"EntryPoint","urlTemplate":"https:\/\/balkangreenenergynews.com\/rs\/?s={search_term_string}"},"query-input":{"@type":"PropertyValueSpecification","valueRequired":true,"valueName":"search_term_string"}}],"inLanguage":"sr-RS"},{"@type":"Person","@id":"https:\/\/balkangreenenergynews.com\/rs\/#\/schema\/person\/99dc721c46113fea22caffad06ef7317","name":"Vladimir Spasi\u0107","url":"https:\/\/balkangreenenergynews.com\/rs\/author\/vladimir-spasic\/"}]}},"_links":{"self":[{"href":"https:\/\/balkangreenenergynews.com\/rs\/wp-json\/wp\/v2\/posts\/69956","targetHints":{"allow":["GET"]}}],"collection":[{"href":"https:\/\/balkangreenenergynews.com\/rs\/wp-json\/wp\/v2\/posts"}],"about":[{"href":"https:\/\/balkangreenenergynews.com\/rs\/wp-json\/wp\/v2\/types\/post"}],"author":[{"embeddable":true,"href":"https:\/\/balkangreenenergynews.com\/rs\/wp-json\/wp\/v2\/users\/23"}],"replies":[{"embeddable":true,"href":"https:\/\/balkangreenenergynews.com\/rs\/wp-json\/wp\/v2\/comments?post=69956"}],"version-history":[{"count":0,"href":"https:\/\/balkangreenenergynews.com\/rs\/wp-json\/wp\/v2\/posts\/69956\/revisions"}],"wp:featuredmedia":[{"embeddable":true,"href":"https:\/\/balkangreenenergynews.com\/rs\/wp-json\/wp\/v2\/media\/69961"}],"wp:attachment":[{"href":"https:\/\/balkangreenenergynews.com\/rs\/wp-json\/wp\/v2\/media?parent=69956"}],"wp:term":[{"taxonomy":"category","embeddable":true,"href":"https:\/\/balkangreenenergynews.com\/rs\/wp-json\/wp\/v2\/categories?post=69956"},{"taxonomy":"post_tag","embeddable":true,"href":"https:\/\/balkangreenenergynews.com\/rs\/wp-json\/wp\/v2\/tags?post=69956"}],"curies":[{"name":"wp","href":"https:\/\/api.w.org\/{rel}","templated":true}]}}