{"id":69348,"date":"2024-05-23T17:20:08","date_gmt":"2024-05-23T15:20:08","guid":{"rendered":"https:\/\/balkangreenenergynews.com\/rs\/?p=69348"},"modified":"2024-05-24T13:14:59","modified_gmt":"2024-05-24T11:14:59","slug":"zapadni-balkan-ima-tesan-rok-za-spajanje-trzista-elektricne-energije","status":"publish","type":"post","link":"https:\/\/balkangreenenergynews.com\/rs\/zapadni-balkan-ima-tesan-rok-za-spajanje-trzista-elektricne-energije\/","title":{"rendered":"Zapadni Balkan ima tesan rok za spajanje tr\u017ei\u0161ta elektri\u010dne energije"},"content":{"rendered":"<h2>Prvi zadatak u energetskoj tranziciji na Zapadnom Balkanu je spajanje tr\u017ei\u0161ta, koje je tako\u0111e osnovni uslov za izuze\u0107e od CBAM-a, a naplata tog poreza na CO2 za izvoz u EU po\u010dinje ve\u0107 u januaru 2026, upozorili su stru\u010dnjaci i predstavnici berzi elektri\u010dne energije na Beogradskom energetskom forumu. Oni su predstavili situaciju u regionu i slo\u017eili se da hitno treba delovati na povezivanju te da je za to neophodna saradnja nadle\u017enih ministarstava, operatora sistema prenosa i tr\u017ei\u0161ta i regulatornih tela.<\/h2>\n<p>Optere\u0107en, kao i ostatak Evrope, turbulencijama na tr\u017ei\u0161tu elektri\u010dne energije usled pandemije koronavirusa, energetske krize i rata u Ukrajini, Zapadni Balkan je i pred mno\u0161tvom izazova oko pribli\u017eavanja Evropskoj uniji na ovom planu. Propisi se nagomilavaju, a mnogo njih automatski stupa na snagu u dr\u017eavama \u010dlanicama, dok je usvajanje u zemljama tog regiona kompleksnije, i ide preko Energetske zajednice.<\/p>\n<p>Poslednji je bio paket direktiva i zakona EU za reformu tr\u017ei\u0161ta elektri\u010dne energije, o kojoj je bilo re\u010di na jednom od panela na <a href=\"https:\/\/belgradeenergyforum.com\/sr\/\">Beogradskom energetskom forumu.<\/a>\u00a0&#8222;Na\u0161 prvi zadatak, da bismo uop\u0161te pri\u010dali o energetskoj tranziciji, jeste spajanje tr\u017ei\u0161ta. Bez toga energetska tranzicija jednostavno ne mo\u017ee da za\u017eivi na pravi na\u010din, odnosno brzi prelazak na veliku koli\u010dinu obnovljivih izvora&#8220;, istakao je moderator razgovora Dejan Stoj\u010devski, tehni\u010dki direktor berze SEEPEX.<\/p>\n<figure id=\"attachment_69376\" aria-describedby=\"caption-attachment-69376\" style=\"width: 840px\" class=\"wp-caption aligncenter\"><img loading=\"lazy\" decoding=\"async\" class=\"wp-image-69376 size-full\" src=\"https:\/\/balkangreenenergynews.com\/rs\/wp-content\/uploads\/2024\/05\/Zapadni-Balkan-tesan-za-spajanje-trzista-elektricne-energije-Dejan-Stojcevski-Beogradski-energetski-forum.jpg\" alt=\"Zapadni Balkan tesan za spajanje trzista elektricne energije Dejan Stojcevski Beogradski energetski forum\" width=\"840\" height=\"430\" srcset=\"https:\/\/balkangreenenergynews.com\/rs\/wp-content\/uploads\/2024\/05\/Zapadni-Balkan-tesan-za-spajanje-trzista-elektricne-energije-Dejan-Stojcevski-Beogradski-energetski-forum.jpg 840w, https:\/\/balkangreenenergynews.com\/rs\/wp-content\/uploads\/2024\/05\/Zapadni-Balkan-tesan-za-spajanje-trzista-elektricne-energije-Dejan-Stojcevski-Beogradski-energetski-forum-500x256.jpg 500w, https:\/\/balkangreenenergynews.com\/rs\/wp-content\/uploads\/2024\/05\/Zapadni-Balkan-tesan-za-spajanje-trzista-elektricne-energije-Dejan-Stojcevski-Beogradski-energetski-forum-768x393.jpg 768w, https:\/\/balkangreenenergynews.com\/rs\/wp-content\/uploads\/2024\/05\/Zapadni-Balkan-tesan-za-spajanje-trzista-elektricne-energije-Dejan-Stojcevski-Beogradski-energetski-forum-300x154.jpg 300w\" sizes=\"auto, (max-width: 840px) 100vw, 840px\" \/><figcaption id=\"caption-attachment-69376\" class=\"wp-caption-text\">Tehni\u010dki direktor SEEPEX-a Dejan Stoj\u010devski<\/figcaption><\/figure>\n<h3>Bosna i Hercegovina jo\u0161 uop\u0161te nema organizovano tr\u017ei\u0161te elektri\u010dne energije<\/h3>\n<p>Ve\u0107ina zemalja regiona je tek pro\u0161le godine uspostavila tr\u017ei\u0161te za dan unapred, a unutardnevno je jo\u0161 na dalekom \u0161tapu, podsetio je. &#8222;Srbija ima i jedno i drugo, ali ne mo\u017eemo da govorimo o velikoj likvidnosti. Bosna i Hercegovina jo\u0161 nije uspostavila organizovano tr\u017ei\u0161te i nije realno da ga uspostavi u naredne dve godine&#8220;, ocenio je Stoj\u010devski.<\/p>\n<p>Ukazao je i na obaveze vezane za dekarbonizaciju i naveo da EU menja pravni okvir za vodonik, balansiranje, skladi\u0161tenje energije, dugoro\u010dne ugovore i druge segmente.<\/p>\n<blockquote><p>Za spajanje tr\u017ei\u0161ta je va\u017eno i uvo\u0111enje negativnih cena u berzansko trgovanje<\/p><\/blockquote>\n<p>Dalje, da bi zemlje regiona dobile izuze\u0107e od uvozne takse EU na ugljen-dioksid, u okviru Mehanizma za prekograni\u010dno prilago\u0111avanje ugljenika (CBAM), spajanje ili uparivanje tr\u017ei\u0161ta \u2013 <em>market coupling<\/em> \u2013 tako\u0111e je osnovni uslov. Nakon aktuelnog probnog perioda, kada se ovaj porez samo obra\u010dunava, naplata po\u010dinje 1. januara 2026. godine. Osim toga, zemlje Zapadnog Balkana \u0107e morati da uvedu sistem ili sisteme za trgovanje emisijama (ETS) najkasnije pred po\u010detak 2030. godine.<\/p>\n<p>Stoj\u010devski je izrazio sumnju da \u0107e svi ti procesi mo\u0107i da budu sprovedeni u roku. Napomenuo je i da je uvo\u0111enje negativnih cena u trgovanje strujom va\u017eno za spajanje tr\u017ei\u0161ta, da bi se region prilagodio EU.<\/p>\n<h3>Ve\u0107i, koordinisani regioni imaju bolji pristup tr\u017ei\u0161tu, ve\u0107im kapacitetima<\/h3>\n<p>Od pada cena, potra\u017enje i proizvodnje tokom zatvaranja zbog pandemije, preko vrtoglavih skokova cena tokom energetske krize do aktuelnih epizoda sa cenama duboko ispod nule, klju\u010d je uvek u povezivanju i da je vi\u0161e tr\u017ei\u0161ta u sekvenci, poru\u010dio je Zoran Vujasinovi\u0107 iz Agencije Evropske unije za saradnju energetskih regulatora <a href=\"https:\/\/balkangreenenergynews.com\/rs\/eksplozija-negativnih-cena-struje-u-evropi-u-2023\/\">(ACER).<\/a> &#8222;Bolji prenosni kapaciteti omogu\u0107avaju da se uvek na\u0111e neko da popije ili ponudi,&#8220; naglasio je.<\/p>\n<blockquote><p>Stvaranje balansnog tr\u017ei\u0161ta se odvija sporo<\/p><\/blockquote>\n<p>\u0160to se ti\u010de balansnog tr\u017ei\u0161ta, ono se za zemlje Zapadnog Balkana otvara vrlo polako, a ni u Evropi ne ide tako jednostavno, kazao je Vujasinovi\u0107. Osvrnuv\u0161i se na integraciju sa EU, podvukao je da ve\u0107a i koordinisana podru\u010dja imaju bolji pristup tr\u017ei\u0161tu i da su im dostupni ve\u0107i kapaciteti.<\/p>\n<p>Vujasinovi\u0107 je preporu\u010dio zemljama regiona da pro\u0111u kroz postupak jednostavnijeg spajanja, preko takozvanih NTC-ova <em>(net transfer capacities).<\/em> Re\u010d je o obra\u010dunu zasnovanom na kapacitetima bilateralne razmene.\u00a0&#8222;I to je velik zalogaj&#8220;, naveo je. On smatra da je za to potrebno nekoliko godina, a da kasnije mo\u017ee da se pre\u0111e na spajanje sa Centralnom Evropom i metodologiju zasnovanu na tokovima snaga <em>(flow-based market coupling).<\/em><\/p>\n<figure id=\"attachment_69406\" aria-describedby=\"caption-attachment-69406\" style=\"width: 840px\" class=\"wp-caption aligncenter\"><img loading=\"lazy\" decoding=\"async\" class=\"wp-image-69406 size-full\" src=\"https:\/\/balkangreenenergynews.com\/rs\/wp-content\/uploads\/2024\/05\/Zoran-Vujasinovic-ACER-Beogradski-energetski-forum.jpg\" alt=\"Zoran Vujasinovic ACER Beogradski energetski forum\" width=\"840\" height=\"430\" srcset=\"https:\/\/balkangreenenergynews.com\/rs\/wp-content\/uploads\/2024\/05\/Zoran-Vujasinovic-ACER-Beogradski-energetski-forum.jpg 840w, https:\/\/balkangreenenergynews.com\/rs\/wp-content\/uploads\/2024\/05\/Zoran-Vujasinovic-ACER-Beogradski-energetski-forum-500x256.jpg 500w, https:\/\/balkangreenenergynews.com\/rs\/wp-content\/uploads\/2024\/05\/Zoran-Vujasinovic-ACER-Beogradski-energetski-forum-768x393.jpg 768w, https:\/\/balkangreenenergynews.com\/rs\/wp-content\/uploads\/2024\/05\/Zoran-Vujasinovic-ACER-Beogradski-energetski-forum-300x154.jpg 300w\" sizes=\"auto, (max-width: 840px) 100vw, 840px\" \/><figcaption id=\"caption-attachment-69406\" class=\"wp-caption-text\">Zoran Vujasinovi\u0107, predstavnik Agencije EU za saradnju energetskih regulatora<\/figcaption><\/figure>\n<h3>Ni posao transponovanja paketa za integraciju tr\u017ei\u0161ta nije zavr\u0161en<\/h3>\n<p>Trgovci na berzama ve\u0107 kupuju i prodaju struju za isporuku 2026. godine i va\u017eno im je da znaju kako \u0107e sistem tada funkcionisati, izjavila je\u00a0Jasmina Trhulj, \u0161efica odeljenja za elektri\u010dnu energiju u Sekretarijatu Energetske zajednice.<\/p>\n<p>Zemlje Zapadnog Balkana \u0107e preno\u0161enjem Paketa za integraciju (tr\u017ei\u0161ta) elektri\u010dne energije \u2013 EIP u svoje pravne okvire prakti\u010dno postati punopravne \u010dlanice EU. Tu su obavezu preuzele u decembru 2022, a posao je trebalo da bude zavr\u0161en do kraja pro\u0161le godine. Jo\u0161 nijedna ugovorna strana u ovom regionu ga nije zavr\u0161ila, mada rade na tome, kazala je Trhulj.<\/p>\n<p>U Srbiji je zakon bio u velikoj meri zavr\u0161en jo\u0161 u oktobru, a o\u010dekuje se da \u0107e biti usvojen na jesen, dodala je. Slede\u0107i korak je implementacija. Jasmina Trhulj je skrenula pa\u017enju na bilateralne inicijative Srbije i Ma\u0111arske te <a href=\"https:\/\/balkangreenenergynews.com\/rs\/crna-gora-planira-da-spoji-dan-unapred-trziste-elektricne-energije-sa-italijom\/\">Crne Gore i Italije<\/a> za spajanje tr\u017ei\u0161ta i napomenula da jedino Bosna i Hercegovina nema takav projekat, dok ostale tri ugovorne strane rade <a href=\"https:\/\/balkangreenenergynews.com\/rs\/severna-makedonija-2026-ocekuje-prvo-spajanje-berzi-elektricne-energije-sa-nekom-od-clanica-eu\/\">sa Gr\u010dkom.<\/a><\/p>\n<figure id=\"attachment_69391\" aria-describedby=\"caption-attachment-69391\" style=\"width: 840px\" class=\"wp-caption aligncenter\"><img loading=\"lazy\" decoding=\"async\" class=\"wp-image-69391 size-full\" src=\"https:\/\/balkangreenenergynews.com\/rs\/wp-content\/uploads\/2024\/05\/Jasmina-Trhulj-sefica-odeljenja-elektricnu-energiju-Sekretarijatu-Energetske-zajednice-Beogradski-energetski-forum.jpg\" alt=\"Jasmina Trhulj sefica odeljenja elektricnu energiju Sekretarijatu Energetske zajednice Beogradski energetski forum\" width=\"840\" height=\"430\" srcset=\"https:\/\/balkangreenenergynews.com\/rs\/wp-content\/uploads\/2024\/05\/Jasmina-Trhulj-sefica-odeljenja-elektricnu-energiju-Sekretarijatu-Energetske-zajednice-Beogradski-energetski-forum.jpg 840w, https:\/\/balkangreenenergynews.com\/rs\/wp-content\/uploads\/2024\/05\/Jasmina-Trhulj-sefica-odeljenja-elektricnu-energiju-Sekretarijatu-Energetske-zajednice-Beogradski-energetski-forum-500x256.jpg 500w, https:\/\/balkangreenenergynews.com\/rs\/wp-content\/uploads\/2024\/05\/Jasmina-Trhulj-sefica-odeljenja-elektricnu-energiju-Sekretarijatu-Energetske-zajednice-Beogradski-energetski-forum-768x393.jpg 768w, https:\/\/balkangreenenergynews.com\/rs\/wp-content\/uploads\/2024\/05\/Jasmina-Trhulj-sefica-odeljenja-elektricnu-energiju-Sekretarijatu-Energetske-zajednice-Beogradski-energetski-forum-300x154.jpg 300w\" sizes=\"auto, (max-width: 840px) 100vw, 840px\" \/><figcaption id=\"caption-attachment-69391\" class=\"wp-caption-text\">Jasmina Trhulj, \u0161efica odeljenja za elektri\u010dnu energiju u Sekretarijatu Energetske zajednice<\/figcaption><\/figure>\n<h3>Ukoliko ne ostvaruje napredak, Zapadni Balkan ne mo\u017ee da o\u010dekuje odlaganja ni kompromise<\/h3>\n<p>\u017derom le Pa\u017e, predsednik komiteta za elektri\u010dnu energiju u asocijaciji trgovaca energentima Energy Traders Europe, rekao je da promene koje je EU svojom reformom uvela u ustrojstvo tr\u017ei\u0161ta nisu fundamentalne, ve\u0107 da ga je samo malo druga\u010dije strukturisala. &#8222;Re\u010d je o davanju dugoro\u010dnih signala investitorima u proizvodnju struje, skladi\u0161tenje i obnovljive izvore, ali i o davanju dobrih signala potro\u0161a\u010dima, uz mehanizme za njihovu za\u0161titu&#8220;, izjavio je.<\/p>\n<blockquote><p>EU tra\u017ei od zemalja regiona da urade za dve godine ono \u0161to je tamo trajalo dvadeset<\/p><\/blockquote>\n<p>Posebno se pohvalno izrazio o ure\u0111ivanju oblasti dugoro\u010dnih, tr\u017ei\u0161no zasnovanih instrumenata \u2013 ugovora o otkupu elektri\u010dne energije (PPA) i terminskih ugovora (forvarda). &#8222;Oni su okosnica toga kako trgujemo, kako sistem funkcioni\u0161e&#8220;, naglasio je Le Pa\u017e. Pored toga, regulisani mehanizmi za isplatu subvencija za postrojenja koja nisu na fosilna goriva, preko ugovora o razlici u ceni (CfD), onima koji razvijaju projekte daju podr\u0161ku limitiranjem najni\u017ee cene kao i odre\u0111ivanjem maksimalne cene koju \u0107e potro\u0161a\u010di pla\u0107ati, objasnio je.<\/p>\n<p>Sada se treba pobrinuti da sistem profunkcioni\u0161e i na prekograni\u010dnom nivou, kazao je Le Pa\u017e.<\/p>\n<p>Kao i drugi panelisti, smatra da je za dobar tok integracije na Zapadnom Balkanu nu\u017eno da dr\u017eavne vlasti \u0161to pre uspostave tesnu saradnju sa Sekretarijatom Energetske zajednice i svojim operatorima prenosnog sistema (TSO), regulatorima i operaterima tr\u017ei\u0161ta odnosno berzi struje.<\/p>\n<p>Le Pa\u017e se slo\u017eio da je te\u0161ko ispuniti obaveze kao \u0161to je uvo\u0111enje naplate dozvola za ispu\u0161tanje CO2. EU realno tra\u017ei od zemalja regiona da urade za dve godine ono \u0161to je tamo trajalo dvadeset, dodao je. &#8222;To nije lako i gotovo da nije fer. A ipak, to je va\u017ee\u0107a politika&#8220;, izjavio je.<\/p>\n<p>Ipak, rad na tim zadacima se veoma ceni, ka\u017ee Le Pa\u017e. &#8222;Ali ukoliko niste ni\u010dim pokazali da ste posve\u0107eni postizanju napretka, nadle\u017ene institucije ne\u0107e biti mnogo popustljive&#8220;, upozorio je.<\/p>\n<figure id=\"attachment_69394\" aria-describedby=\"caption-attachment-69394\" style=\"width: 840px\" class=\"wp-caption aligncenter\"><img loading=\"lazy\" decoding=\"async\" class=\"wp-image-69394 size-full\" src=\"https:\/\/balkangreenenergynews.com\/rs\/wp-content\/uploads\/2024\/05\/Jerome-Le-Page-Energy-Traders-Europe-Zerom-la-Paz-Beogradski-energetski-forum.jpg\" alt=\"Jerome Le Page Energy Traders Europe Zerom la Paz Beogradski energetski forum\" width=\"840\" height=\"430\" srcset=\"https:\/\/balkangreenenergynews.com\/rs\/wp-content\/uploads\/2024\/05\/Jerome-Le-Page-Energy-Traders-Europe-Zerom-la-Paz-Beogradski-energetski-forum.jpg 840w, https:\/\/balkangreenenergynews.com\/rs\/wp-content\/uploads\/2024\/05\/Jerome-Le-Page-Energy-Traders-Europe-Zerom-la-Paz-Beogradski-energetski-forum-500x256.jpg 500w, https:\/\/balkangreenenergynews.com\/rs\/wp-content\/uploads\/2024\/05\/Jerome-Le-Page-Energy-Traders-Europe-Zerom-la-Paz-Beogradski-energetski-forum-768x393.jpg 768w, https:\/\/balkangreenenergynews.com\/rs\/wp-content\/uploads\/2024\/05\/Jerome-Le-Page-Energy-Traders-Europe-Zerom-la-Paz-Beogradski-energetski-forum-300x154.jpg 300w\" sizes=\"auto, (max-width: 840px) 100vw, 840px\" \/><figcaption id=\"caption-attachment-69394\" class=\"wp-caption-text\">\u017derom le Pa\u017e iz asocijacije Energy Traders Europe<\/figcaption><\/figure>\n<h3>Adex berza \u0107e za Energetsku zajednicu biti most ka EU<\/h3>\n<p>Na nivou organizovanog tr\u017ei\u0161ta elektri\u010dne energije, svoj deo posla obavlja <a href=\"https:\/\/balkangreenenergynews.com\/rs\/srbija-madjarska-slovenija-potpisale-sporazum-o-udruzivanju-berzi-elektricne-energije\/\">Alpsko-jadransko dunavska berza elektri\u010dne energije<\/a> Adex, naglasio je An\u017ee Predovnik. Njen cilj je povezivanje tr\u017ei\u0161ta i uniformisanje uslova trgovanja i rada na svim tr\u017ei\u0161tima u okviru grupacije, kazao je njen generalni direktor. Predovnik, koji vodi i slovena\u010dku berzu BSP SouthPool, napomenuo je da je u toku optimizacija resursa.<\/p>\n<p>Adex Group \u017eeli da omogu\u0107i robustne, transparentne cenovne signale, kazao je. Pored rada na stvaranju jedinstvene berze sa SEEPEX-om i ma\u0111arskim HUPX-om, o \u010demu su nedavno potpisali sporazum, kompanija poma\u017ee berzama struje u Crnoj Gori i Severnoj Makedoniji u gorepomenutim inicijativama za spajanje tr\u017ei\u0161ta, izjavio je Predovnik.<\/p>\n<figure id=\"attachment_69407\" aria-describedby=\"caption-attachment-69407\" style=\"width: 840px\" class=\"wp-caption aligncenter\"><img loading=\"lazy\" decoding=\"async\" class=\"wp-image-69407 size-full\" src=\"https:\/\/balkangreenenergynews.com\/rs\/wp-content\/uploads\/2024\/05\/Anze-Predovnik-BSP-SouthPool-Beogradski-energetski-forum.jpg\" alt=\"Anze Predovnik BSP SouthPool Beogradski energetski forum\" width=\"840\" height=\"430\" srcset=\"https:\/\/balkangreenenergynews.com\/rs\/wp-content\/uploads\/2024\/05\/Anze-Predovnik-BSP-SouthPool-Beogradski-energetski-forum.jpg 840w, https:\/\/balkangreenenergynews.com\/rs\/wp-content\/uploads\/2024\/05\/Anze-Predovnik-BSP-SouthPool-Beogradski-energetski-forum-500x256.jpg 500w, https:\/\/balkangreenenergynews.com\/rs\/wp-content\/uploads\/2024\/05\/Anze-Predovnik-BSP-SouthPool-Beogradski-energetski-forum-768x393.jpg 768w, https:\/\/balkangreenenergynews.com\/rs\/wp-content\/uploads\/2024\/05\/Anze-Predovnik-BSP-SouthPool-Beogradski-energetski-forum-300x154.jpg 300w\" sizes=\"auto, (max-width: 840px) 100vw, 840px\" \/><figcaption id=\"caption-attachment-69407\" class=\"wp-caption-text\">An\u017ee Predovnik, prvi \u010dovek kompanija Adex Group i BSP SouthPool<\/figcaption><\/figure>\n<p>&#8222;Napravi\u0107emo najve\u0107e energetsko \u010dvori\u0161te ili holding za trgovanje energentima u regionu. U ovoj postavci, budu\u0107i da smo na granici EU kakva je sada i zemalja Energetske zajednice, mo\u017eemo da poslu\u017eimo kao most i svom ekspertizom, koju smo stekli poslednjih godina i decenija u EU, prolaze\u0107i kroz sva spajanja tr\u017ei\u0161ta, doprinesemo integraciji zemalja Energetske zajednice&#8220;, rekao je generalni direktor HUPX-a Matja\u0161 Vajta.<\/p>\n<p>On je istakao da se \u017ei\u017ea pomera sa dana unapred na unutardnevno tr\u017ei\u0161te i struju iz obnovljivih izvora te da ja\u010da algoritamsko trgovanje. Ve\u0107ina novoprido\u0161lih na HUPX se oslanja na algo, a taj trend kre\u0107e i u okolnom podru\u010dju, napomenuo je Vajta.<\/p>\n<figure id=\"attachment_69408\" aria-describedby=\"caption-attachment-69408\" style=\"width: 840px\" class=\"wp-caption aligncenter\"><img loading=\"lazy\" decoding=\"async\" class=\"wp-image-69408 size-full\" src=\"https:\/\/balkangreenenergynews.com\/rs\/wp-content\/uploads\/2024\/05\/Matyas-Vajta-Matjas-Adex-HUPX-Beogradski-energetski-forum.jpg\" alt=\"M\u00e1ty\u00e1s Vajta Matjas Adex HUPX Beogradski energetski forum\" width=\"840\" height=\"430\" srcset=\"https:\/\/balkangreenenergynews.com\/rs\/wp-content\/uploads\/2024\/05\/Matyas-Vajta-Matjas-Adex-HUPX-Beogradski-energetski-forum.jpg 840w, https:\/\/balkangreenenergynews.com\/rs\/wp-content\/uploads\/2024\/05\/Matyas-Vajta-Matjas-Adex-HUPX-Beogradski-energetski-forum-500x256.jpg 500w, https:\/\/balkangreenenergynews.com\/rs\/wp-content\/uploads\/2024\/05\/Matyas-Vajta-Matjas-Adex-HUPX-Beogradski-energetski-forum-768x393.jpg 768w, https:\/\/balkangreenenergynews.com\/rs\/wp-content\/uploads\/2024\/05\/Matyas-Vajta-Matjas-Adex-HUPX-Beogradski-energetski-forum-300x154.jpg 300w\" sizes=\"auto, (max-width: 840px) 100vw, 840px\" \/><figcaption id=\"caption-attachment-69408\" class=\"wp-caption-text\">Generalni direktor HUPX-a Matja\u0161 Vajta<\/figcaption><\/figure>\n<p>&#8222;Bi\u0107e jako izazovno jednim potezom re\u0161iti sva ta pitanja u regionu&#8220;, podvukao je\u00a0prvi \u010dovek berze elektri\u010dne energije u Budimpe\u0161ti i zaklju\u010dio da treba hitno delovati, a da je spajanje tr\u017ei\u0161ta na prvom mestu.<\/p>\n<p>Tako \u0107e ba\u0161 <a href=\"https:\/\/balkangreenenergynews.com\/rs\/narednih-nedelja-pocinje-spajanje-trzista-elektricne-energije-srbije-i-madjarske\/\">prvi memorandum o razumevanju za Srbiju i Ma\u0111arsku<\/a> biti uskoro potpisan, najavio je Vajta.<\/p>\n","protected":false},"excerpt":{"rendered":"<p>Spajanje tr\u017ei\u0161ta je prvi zadatak u energetskoj tranziciji i uslov za izuze\u0107e od CBAM-a, naveli su panelisti na Beogradskom energetskom forumu<\/p>\n","protected":false},"author":27,"featured_media":69377,"comment_status":"open","ping_status":"open","sticky":false,"template":"","format":"standard","meta":{"_acf_changed":false,"_monsterinsights_skip_tracking":false,"_monsterinsights_sitenote_active":false,"_monsterinsights_sitenote_note":"","_monsterinsights_sitenote_category":0,"footnotes":""},"categories":[504,1],"tags":[62,6316,7044,6798,4100,6153,2328,5618,5502,669,1854,648,3537,2049,5687,647,5343,5908,2005,6893,3304,4699,5341,6317],"class_list":["post-69348","post","type-post","status-publish","format-standard","has-post-thumbnail","hentry","category-elektricna-energija","category-obnovljivi-izvori-energije","tag-acer","tag-adex","tag-anze-predovnik","tag-beogradski-energetski-forum","tag-bsp-southpool","tag-cbam","tag-dan-unapred-trziste","tag-dejan-stojcevski","tag-digitalizacija","tag-elektricna-energija","tag-energetska-tranzicija","tag-energetska-zajednica","tag-eu-ets","tag-hupx","tag-jasmina-trhulj","tag-obnovljivi-izvori-energije","tag-porez-na-co2","tag-prekogranicna-taksa-na-co2","tag-seepex","tag-sistem-za-trgovanje-emisijama","tag-sistem-za-trgovanje-emisijama-eu","tag-spajanje-trzista-elektricne-energije","tag-taksa-na-co2","tag-unutardnevno-trziste","country-regioneu"],"acf":[],"yoast_head":"<!-- This site is optimized with the Yoast SEO plugin v27.4 - https:\/\/yoast.com\/product\/yoast-seo-wordpress\/ -->\n<title>Zapadni Balkan ima tesan rok za spajanje tr\u017ei\u0161ta elektri\u010dne energije<\/title>\n<meta name=\"description\" content=\"Spajanje tr\u017ei\u0161ta je prvi zadatak u energetskoj tranziciji i uslov za izuze\u0107e od CBAM-a, naveli su panelisti na Beogradskom energetskom forumu.\" \/>\n<meta name=\"robots\" content=\"index, follow, max-snippet:-1, max-image-preview:large, max-video-preview:-1\" \/>\n<link rel=\"canonical\" href=\"https:\/\/balkangreenenergynews.com\/rs\/zapadni-balkan-ima-tesan-rok-za-spajanje-trzista-elektricne-energije\/\" \/>\n<meta property=\"og:locale\" content=\"sr_RS\" \/>\n<meta property=\"og:type\" content=\"article\" \/>\n<meta property=\"og:title\" content=\"Zapadni Balkan ima tesan rok za spajanje tr\u017ei\u0161ta elektri\u010dne energije\" \/>\n<meta property=\"og:description\" content=\"Spajanje tr\u017ei\u0161ta je prvi zadatak u energetskoj tranziciji i uslov za izuze\u0107e od CBAM-a, naveli su panelisti na Beogradskom energetskom forumu.\" \/>\n<meta property=\"og:url\" content=\"https:\/\/balkangreenenergynews.com\/rs\/zapadni-balkan-ima-tesan-rok-za-spajanje-trzista-elektricne-energije\/\" \/>\n<meta property=\"og:site_name\" content=\"Balkan Green Energy News\" \/>\n<meta property=\"article:published_time\" content=\"2024-05-23T15:20:08+00:00\" \/>\n<meta property=\"article:modified_time\" content=\"2024-05-24T11:14:59+00:00\" \/>\n<meta property=\"og:image\" content=\"https:\/\/balkangreenenergynews.com\/rs\/wp-content\/uploads\/2024\/05\/Zapadni-Balkan-tesan-rok-za-spajanje-trzista-elektricne-energije.jpg\" \/>\n\t<meta property=\"og:image:width\" content=\"840\" \/>\n\t<meta property=\"og:image:height\" content=\"430\" \/>\n\t<meta property=\"og:image:type\" content=\"image\/jpeg\" \/>\n<meta name=\"author\" content=\"Igor Todorovi\u0107\" \/>\n<meta name=\"twitter:card\" content=\"summary_large_image\" \/>\n<meta name=\"twitter:label1\" content=\"\u041d\u0430\u043f\u0438\u0441\u0430\u043d\u043e \u043e\u0434\" \/>\n\t<meta name=\"twitter:data1\" content=\"Igor Todorovi\u0107\" \/>\n\t<meta name=\"twitter:label2\" content=\"\u041f\u0440\u043e\u0446\u0435\u045a\u0435\u043d\u043e \u0432\u0440\u0435\u043c\u0435 \u0447\u0438\u0442\u0430\u045a\u0430\" \/>\n\t<meta name=\"twitter:data2\" content=\"9 \u043c\u0438\u043d\u0443\u0442\u0430\" \/>\n<script type=\"application\/ld+json\" class=\"yoast-schema-graph\">{\"@context\":\"https:\\\/\\\/schema.org\",\"@graph\":[{\"@type\":\"Article\",\"@id\":\"https:\\\/\\\/balkangreenenergynews.com\\\/rs\\\/zapadni-balkan-ima-tesan-rok-za-spajanje-trzista-elektricne-energije\\\/#article\",\"isPartOf\":{\"@id\":\"https:\\\/\\\/balkangreenenergynews.com\\\/rs\\\/zapadni-balkan-ima-tesan-rok-za-spajanje-trzista-elektricne-energije\\\/\"},\"author\":{\"name\":\"Igor Todorovi\u0107\",\"@id\":\"https:\\\/\\\/balkangreenenergynews.com\\\/rs\\\/#\\\/schema\\\/person\\\/d8f80a244c4e9f2b55e4f6968c253246\"},\"headline\":\"Zapadni Balkan ima tesan rok za spajanje tr\u017ei\u0161ta elektri\u010dne energije\",\"datePublished\":\"2024-05-23T15:20:08+00:00\",\"dateModified\":\"2024-05-24T11:14:59+00:00\",\"mainEntityOfPage\":{\"@id\":\"https:\\\/\\\/balkangreenenergynews.com\\\/rs\\\/zapadni-balkan-ima-tesan-rok-za-spajanje-trzista-elektricne-energije\\\/\"},\"wordCount\":1643,\"commentCount\":0,\"image\":{\"@id\":\"https:\\\/\\\/balkangreenenergynews.com\\\/rs\\\/zapadni-balkan-ima-tesan-rok-za-spajanje-trzista-elektricne-energije\\\/#primaryimage\"},\"thumbnailUrl\":\"https:\\\/\\\/balkangreenenergynews.com\\\/rs\\\/wp-content\\\/uploads\\\/2024\\\/05\\\/Zapadni-Balkan-tesan-rok-za-spajanje-trzista-elektricne-energije.jpg?wsr\",\"keywords\":[\"ACER\",\"ADEX\",\"An\u017ee Predovnik\",\"Beogradski energetski forum\",\"BSP SouthPool\",\"CBAM\",\"dan-unapred tr\u017ei\u0161te\",\"Dejan Stoj\u010devski\",\"digitalizacija\",\"elektri\u010dna energija\",\"energetska tranzicija\",\"Energetska zajednica\",\"EU ETS\",\"HUPX\",\"Jasmina Trhulj\",\"obnovljivi izvori energije\",\"porez na CO2\",\"prekograni\u010dna taksa na CO2\",\"SEEPEX\",\"sistem za trgovanje emisijama\",\"Sistem za trgovanje emisijama EU\",\"spajanje tr\u017ei\u0161ta elektri\u010dne energije\",\"taksa na CO2\",\"unutardnevno tr\u017ei\u0161te\"],\"articleSection\":[\"Elektri\u010dna energija\",\"OIE\"],\"inLanguage\":\"sr-RS\",\"potentialAction\":[{\"@type\":\"CommentAction\",\"name\":\"Comment\",\"target\":[\"https:\\\/\\\/balkangreenenergynews.com\\\/rs\\\/zapadni-balkan-ima-tesan-rok-za-spajanje-trzista-elektricne-energije\\\/#respond\"]}]},{\"@type\":\"WebPage\",\"@id\":\"https:\\\/\\\/balkangreenenergynews.com\\\/rs\\\/zapadni-balkan-ima-tesan-rok-za-spajanje-trzista-elektricne-energije\\\/\",\"url\":\"https:\\\/\\\/balkangreenenergynews.com\\\/rs\\\/zapadni-balkan-ima-tesan-rok-za-spajanje-trzista-elektricne-energije\\\/\",\"name\":\"Zapadni Balkan ima tesan rok za spajanje tr\u017ei\u0161ta elektri\u010dne energije\",\"isPartOf\":{\"@id\":\"https:\\\/\\\/balkangreenenergynews.com\\\/rs\\\/#website\"},\"primaryImageOfPage\":{\"@id\":\"https:\\\/\\\/balkangreenenergynews.com\\\/rs\\\/zapadni-balkan-ima-tesan-rok-za-spajanje-trzista-elektricne-energije\\\/#primaryimage\"},\"image\":{\"@id\":\"https:\\\/\\\/balkangreenenergynews.com\\\/rs\\\/zapadni-balkan-ima-tesan-rok-za-spajanje-trzista-elektricne-energije\\\/#primaryimage\"},\"thumbnailUrl\":\"https:\\\/\\\/balkangreenenergynews.com\\\/rs\\\/wp-content\\\/uploads\\\/2024\\\/05\\\/Zapadni-Balkan-tesan-rok-za-spajanje-trzista-elektricne-energije.jpg?wsr\",\"datePublished\":\"2024-05-23T15:20:08+00:00\",\"dateModified\":\"2024-05-24T11:14:59+00:00\",\"author\":{\"@id\":\"https:\\\/\\\/balkangreenenergynews.com\\\/rs\\\/#\\\/schema\\\/person\\\/d8f80a244c4e9f2b55e4f6968c253246\"},\"description\":\"Spajanje tr\u017ei\u0161ta je prvi zadatak u energetskoj tranziciji i uslov za izuze\u0107e od CBAM-a, naveli su panelisti na Beogradskom energetskom forumu.\",\"breadcrumb\":{\"@id\":\"https:\\\/\\\/balkangreenenergynews.com\\\/rs\\\/zapadni-balkan-ima-tesan-rok-za-spajanje-trzista-elektricne-energije\\\/#breadcrumb\"},\"inLanguage\":\"sr-RS\",\"potentialAction\":[{\"@type\":\"ReadAction\",\"target\":[\"https:\\\/\\\/balkangreenenergynews.com\\\/rs\\\/zapadni-balkan-ima-tesan-rok-za-spajanje-trzista-elektricne-energije\\\/\"]}]},{\"@type\":\"ImageObject\",\"inLanguage\":\"sr-RS\",\"@id\":\"https:\\\/\\\/balkangreenenergynews.com\\\/rs\\\/zapadni-balkan-ima-tesan-rok-za-spajanje-trzista-elektricne-energije\\\/#primaryimage\",\"url\":\"https:\\\/\\\/balkangreenenergynews.com\\\/rs\\\/wp-content\\\/uploads\\\/2024\\\/05\\\/Zapadni-Balkan-tesan-rok-za-spajanje-trzista-elektricne-energije.jpg?wsr\",\"contentUrl\":\"https:\\\/\\\/balkangreenenergynews.com\\\/rs\\\/wp-content\\\/uploads\\\/2024\\\/05\\\/Zapadni-Balkan-tesan-rok-za-spajanje-trzista-elektricne-energije.jpg?wsr\",\"width\":840,\"height\":430,\"caption\":\"Zapadni Balkan tesan rok za spajanje trzista elektricne energije\"},{\"@type\":\"BreadcrumbList\",\"@id\":\"https:\\\/\\\/balkangreenenergynews.com\\\/rs\\\/zapadni-balkan-ima-tesan-rok-za-spajanje-trzista-elektricne-energije\\\/#breadcrumb\",\"itemListElement\":[{\"@type\":\"ListItem\",\"position\":1,\"name\":\"Po\u010detna\",\"item\":\"https:\\\/\\\/balkangreenenergynews.com\\\/rs\\\/\"},{\"@type\":\"ListItem\",\"position\":2,\"name\":\"Vesti\",\"item\":\"https:\\\/\\\/balkangreenenergynews.com\\\/rs\\\/kategorija\\\/vesti\\\/\"},{\"@type\":\"ListItem\",\"position\":3,\"name\":\"Elektri\u010dna energija\",\"item\":\"https:\\\/\\\/balkangreenenergynews.com\\\/rs\\\/kategorija\\\/vesti\\\/elektricna-energija\\\/\"},{\"@type\":\"ListItem\",\"position\":4,\"name\":\"Zapadni Balkan ima tesan rok za spajanje tr\u017ei\u0161ta elektri\u010dne energije\"}]},{\"@type\":\"WebSite\",\"@id\":\"https:\\\/\\\/balkangreenenergynews.com\\\/rs\\\/#website\",\"url\":\"https:\\\/\\\/balkangreenenergynews.com\\\/rs\\\/\",\"name\":\"Balkan Green Energy News\",\"description\":\"Naj\u0161iri izbor vesti sa Balkana o zelenoj energiji\",\"potentialAction\":[{\"@type\":\"SearchAction\",\"target\":{\"@type\":\"EntryPoint\",\"urlTemplate\":\"https:\\\/\\\/balkangreenenergynews.com\\\/rs\\\/?s={search_term_string}\"},\"query-input\":{\"@type\":\"PropertyValueSpecification\",\"valueRequired\":true,\"valueName\":\"search_term_string\"}}],\"inLanguage\":\"sr-RS\"},{\"@type\":\"Person\",\"@id\":\"https:\\\/\\\/balkangreenenergynews.com\\\/rs\\\/#\\\/schema\\\/person\\\/d8f80a244c4e9f2b55e4f6968c253246\",\"name\":\"Igor Todorovi\u0107\",\"url\":\"https:\\\/\\\/balkangreenenergynews.com\\\/rs\\\/author\\\/igor-todorovic\\\/\"}]}<\/script>\n<!-- \/ Yoast SEO plugin. -->","yoast_head_json":{"title":"Zapadni Balkan ima tesan rok za spajanje tr\u017ei\u0161ta elektri\u010dne energije","description":"Spajanje tr\u017ei\u0161ta je prvi zadatak u energetskoj tranziciji i uslov za izuze\u0107e od CBAM-a, naveli su panelisti na Beogradskom energetskom forumu.","robots":{"index":"index","follow":"follow","max-snippet":"max-snippet:-1","max-image-preview":"max-image-preview:large","max-video-preview":"max-video-preview:-1"},"canonical":"https:\/\/balkangreenenergynews.com\/rs\/zapadni-balkan-ima-tesan-rok-za-spajanje-trzista-elektricne-energije\/","og_locale":"sr_RS","og_type":"article","og_title":"Zapadni Balkan ima tesan rok za spajanje tr\u017ei\u0161ta elektri\u010dne energije","og_description":"Spajanje tr\u017ei\u0161ta je prvi zadatak u energetskoj tranziciji i uslov za izuze\u0107e od CBAM-a, naveli su panelisti na Beogradskom energetskom forumu.","og_url":"https:\/\/balkangreenenergynews.com\/rs\/zapadni-balkan-ima-tesan-rok-za-spajanje-trzista-elektricne-energije\/","og_site_name":"Balkan Green Energy News","article_published_time":"2024-05-23T15:20:08+00:00","article_modified_time":"2024-05-24T11:14:59+00:00","og_image":[{"width":840,"height":430,"url":"https:\/\/balkangreenenergynews.com\/rs\/wp-content\/uploads\/2024\/05\/Zapadni-Balkan-tesan-rok-za-spajanje-trzista-elektricne-energije.jpg","type":"image\/jpeg"}],"author":"Igor Todorovi\u0107","twitter_card":"summary_large_image","twitter_misc":{"\u041d\u0430\u043f\u0438\u0441\u0430\u043d\u043e \u043e\u0434":"Igor Todorovi\u0107","\u041f\u0440\u043e\u0446\u0435\u045a\u0435\u043d\u043e \u0432\u0440\u0435\u043c\u0435 \u0447\u0438\u0442\u0430\u045a\u0430":"9 \u043c\u0438\u043d\u0443\u0442\u0430"},"schema":{"@context":"https:\/\/schema.org","@graph":[{"@type":"Article","@id":"https:\/\/balkangreenenergynews.com\/rs\/zapadni-balkan-ima-tesan-rok-za-spajanje-trzista-elektricne-energije\/#article","isPartOf":{"@id":"https:\/\/balkangreenenergynews.com\/rs\/zapadni-balkan-ima-tesan-rok-za-spajanje-trzista-elektricne-energije\/"},"author":{"name":"Igor Todorovi\u0107","@id":"https:\/\/balkangreenenergynews.com\/rs\/#\/schema\/person\/d8f80a244c4e9f2b55e4f6968c253246"},"headline":"Zapadni Balkan ima tesan rok za spajanje tr\u017ei\u0161ta elektri\u010dne energije","datePublished":"2024-05-23T15:20:08+00:00","dateModified":"2024-05-24T11:14:59+00:00","mainEntityOfPage":{"@id":"https:\/\/balkangreenenergynews.com\/rs\/zapadni-balkan-ima-tesan-rok-za-spajanje-trzista-elektricne-energije\/"},"wordCount":1643,"commentCount":0,"image":{"@id":"https:\/\/balkangreenenergynews.com\/rs\/zapadni-balkan-ima-tesan-rok-za-spajanje-trzista-elektricne-energije\/#primaryimage"},"thumbnailUrl":"https:\/\/balkangreenenergynews.com\/rs\/wp-content\/uploads\/2024\/05\/Zapadni-Balkan-tesan-rok-za-spajanje-trzista-elektricne-energije.jpg?wsr","keywords":["ACER","ADEX","An\u017ee Predovnik","Beogradski energetski forum","BSP SouthPool","CBAM","dan-unapred tr\u017ei\u0161te","Dejan Stoj\u010devski","digitalizacija","elektri\u010dna energija","energetska tranzicija","Energetska zajednica","EU ETS","HUPX","Jasmina Trhulj","obnovljivi izvori energije","porez na CO2","prekograni\u010dna taksa na CO2","SEEPEX","sistem za trgovanje emisijama","Sistem za trgovanje emisijama EU","spajanje tr\u017ei\u0161ta elektri\u010dne energije","taksa na CO2","unutardnevno tr\u017ei\u0161te"],"articleSection":["Elektri\u010dna energija","OIE"],"inLanguage":"sr-RS","potentialAction":[{"@type":"CommentAction","name":"Comment","target":["https:\/\/balkangreenenergynews.com\/rs\/zapadni-balkan-ima-tesan-rok-za-spajanje-trzista-elektricne-energije\/#respond"]}]},{"@type":"WebPage","@id":"https:\/\/balkangreenenergynews.com\/rs\/zapadni-balkan-ima-tesan-rok-za-spajanje-trzista-elektricne-energije\/","url":"https:\/\/balkangreenenergynews.com\/rs\/zapadni-balkan-ima-tesan-rok-za-spajanje-trzista-elektricne-energije\/","name":"Zapadni Balkan ima tesan rok za spajanje tr\u017ei\u0161ta elektri\u010dne energije","isPartOf":{"@id":"https:\/\/balkangreenenergynews.com\/rs\/#website"},"primaryImageOfPage":{"@id":"https:\/\/balkangreenenergynews.com\/rs\/zapadni-balkan-ima-tesan-rok-za-spajanje-trzista-elektricne-energije\/#primaryimage"},"image":{"@id":"https:\/\/balkangreenenergynews.com\/rs\/zapadni-balkan-ima-tesan-rok-za-spajanje-trzista-elektricne-energije\/#primaryimage"},"thumbnailUrl":"https:\/\/balkangreenenergynews.com\/rs\/wp-content\/uploads\/2024\/05\/Zapadni-Balkan-tesan-rok-za-spajanje-trzista-elektricne-energije.jpg?wsr","datePublished":"2024-05-23T15:20:08+00:00","dateModified":"2024-05-24T11:14:59+00:00","author":{"@id":"https:\/\/balkangreenenergynews.com\/rs\/#\/schema\/person\/d8f80a244c4e9f2b55e4f6968c253246"},"description":"Spajanje tr\u017ei\u0161ta je prvi zadatak u energetskoj tranziciji i uslov za izuze\u0107e od CBAM-a, naveli su panelisti na Beogradskom energetskom forumu.","breadcrumb":{"@id":"https:\/\/balkangreenenergynews.com\/rs\/zapadni-balkan-ima-tesan-rok-za-spajanje-trzista-elektricne-energije\/#breadcrumb"},"inLanguage":"sr-RS","potentialAction":[{"@type":"ReadAction","target":["https:\/\/balkangreenenergynews.com\/rs\/zapadni-balkan-ima-tesan-rok-za-spajanje-trzista-elektricne-energije\/"]}]},{"@type":"ImageObject","inLanguage":"sr-RS","@id":"https:\/\/balkangreenenergynews.com\/rs\/zapadni-balkan-ima-tesan-rok-za-spajanje-trzista-elektricne-energije\/#primaryimage","url":"https:\/\/balkangreenenergynews.com\/rs\/wp-content\/uploads\/2024\/05\/Zapadni-Balkan-tesan-rok-za-spajanje-trzista-elektricne-energije.jpg?wsr","contentUrl":"https:\/\/balkangreenenergynews.com\/rs\/wp-content\/uploads\/2024\/05\/Zapadni-Balkan-tesan-rok-za-spajanje-trzista-elektricne-energije.jpg?wsr","width":840,"height":430,"caption":"Zapadni Balkan tesan rok za spajanje trzista elektricne energije"},{"@type":"BreadcrumbList","@id":"https:\/\/balkangreenenergynews.com\/rs\/zapadni-balkan-ima-tesan-rok-za-spajanje-trzista-elektricne-energije\/#breadcrumb","itemListElement":[{"@type":"ListItem","position":1,"name":"Po\u010detna","item":"https:\/\/balkangreenenergynews.com\/rs\/"},{"@type":"ListItem","position":2,"name":"Vesti","item":"https:\/\/balkangreenenergynews.com\/rs\/kategorija\/vesti\/"},{"@type":"ListItem","position":3,"name":"Elektri\u010dna energija","item":"https:\/\/balkangreenenergynews.com\/rs\/kategorija\/vesti\/elektricna-energija\/"},{"@type":"ListItem","position":4,"name":"Zapadni Balkan ima tesan rok za spajanje tr\u017ei\u0161ta elektri\u010dne energije"}]},{"@type":"WebSite","@id":"https:\/\/balkangreenenergynews.com\/rs\/#website","url":"https:\/\/balkangreenenergynews.com\/rs\/","name":"Balkan Green Energy News","description":"Naj\u0161iri izbor vesti sa Balkana o zelenoj energiji","potentialAction":[{"@type":"SearchAction","target":{"@type":"EntryPoint","urlTemplate":"https:\/\/balkangreenenergynews.com\/rs\/?s={search_term_string}"},"query-input":{"@type":"PropertyValueSpecification","valueRequired":true,"valueName":"search_term_string"}}],"inLanguage":"sr-RS"},{"@type":"Person","@id":"https:\/\/balkangreenenergynews.com\/rs\/#\/schema\/person\/d8f80a244c4e9f2b55e4f6968c253246","name":"Igor Todorovi\u0107","url":"https:\/\/balkangreenenergynews.com\/rs\/author\/igor-todorovic\/"}]}},"_links":{"self":[{"href":"https:\/\/balkangreenenergynews.com\/rs\/wp-json\/wp\/v2\/posts\/69348","targetHints":{"allow":["GET"]}}],"collection":[{"href":"https:\/\/balkangreenenergynews.com\/rs\/wp-json\/wp\/v2\/posts"}],"about":[{"href":"https:\/\/balkangreenenergynews.com\/rs\/wp-json\/wp\/v2\/types\/post"}],"author":[{"embeddable":true,"href":"https:\/\/balkangreenenergynews.com\/rs\/wp-json\/wp\/v2\/users\/27"}],"replies":[{"embeddable":true,"href":"https:\/\/balkangreenenergynews.com\/rs\/wp-json\/wp\/v2\/comments?post=69348"}],"version-history":[{"count":0,"href":"https:\/\/balkangreenenergynews.com\/rs\/wp-json\/wp\/v2\/posts\/69348\/revisions"}],"wp:featuredmedia":[{"embeddable":true,"href":"https:\/\/balkangreenenergynews.com\/rs\/wp-json\/wp\/v2\/media\/69377"}],"wp:attachment":[{"href":"https:\/\/balkangreenenergynews.com\/rs\/wp-json\/wp\/v2\/media?parent=69348"}],"wp:term":[{"taxonomy":"category","embeddable":true,"href":"https:\/\/balkangreenenergynews.com\/rs\/wp-json\/wp\/v2\/categories?post=69348"},{"taxonomy":"post_tag","embeddable":true,"href":"https:\/\/balkangreenenergynews.com\/rs\/wp-json\/wp\/v2\/tags?post=69348"}],"curies":[{"name":"wp","href":"https:\/\/api.w.org\/{rel}","templated":true}]}}