{"id":68758,"date":"2024-05-03T09:55:19","date_gmt":"2024-05-03T07:55:19","guid":{"rendered":"https:\/\/balkangreenenergynews.com\/rs\/?p=68758"},"modified":"2024-05-06T08:48:28","modified_gmt":"2024-05-06T06:48:28","slug":"severna-makedonija-solar-doveo-do-smanjenja-uvoza-struje-na-svega-275-potrosnje","status":"publish","type":"post","link":"https:\/\/balkangreenenergynews.com\/rs\/severna-makedonija-solar-doveo-do-smanjenja-uvoza-struje-na-svega-275-potrosnje\/","title":{"rendered":"Severna Makedonija: Solar doveo do smanjenja uvoza struje na svega 2,75% potro\u0161nje"},"content":{"rendered":"<h2>Svega 2,75% potro\u0161nje elektri\u010dne energije u Severnoj Makedoniji pro\u0161le godine bilo je pokriveno uvozom, u pore\u0111enju sa preko 30% iz 2021, dok je rast instalisanih kapaciteta solarnih elektrana bio 251% ve\u0107i nego 2022, pokazuju podaci Regulatorne komisije za energetiku i usluge u upravljanju vodama i komunalnim otpadom (RKE).<\/h2>\n<p><a href=\"https:\/\/balkangreenenergynews.com\/rs\/bislimoski-energetska-tranzicija-ce-severnu-makedoniju-pretvoriti-u-izvoznika-struje\/\">Marko Bislimoski<\/a>, predsednik RKE, ponovio je ocenu da je Severna Makedonija \u201e<a href=\"https:\/\/balkangreenenergynews.com\/rs\/po-broju-novih-elektrana-severna-makedonija-je-eldorado-za-obnovljive-izvore\/\">Eldorado<\/a>\u201d za ulaganja u fotonaponske elektrane i dodao da je na pragu da postane energetski nezavisna kada je u pitanju elektri\u010dna energija.<\/p>\n<blockquote><p>Bislimoski: Severna Makedonija na pragu da postane energetski nezavisna kada je u pitanju elektri\u010dna energija<\/p><\/blockquote>\n<p>Ukupni kapaciteti za proizvodnju struje iz obnovljivih izvora u Severnoj Makedoniji povec\u0301ani su za ukupno 551,2 MW u poslednje dve godine. Rast je 2023. bio 399 MW, \u0161to je dva i po puta vi\u0161e nego prethodne godine.<\/p>\n<p>RKE je 2022. godine izdala dozvole za 152,2 MW kapaciteta za proizvodnju elektri\u010dne energije iz obnovljivih izvora, od \u010dega su 106,5 MW bile solarne elektrane.<\/p>\n","protected":false},"excerpt":{"rendered":"<p>Rast instalisanih kapaciteta solarnih elektrana u Severnoj Makedoniji bio je 2023. za 251% ve\u0107i nego prethodne godine<\/p>\n","protected":false},"author":25,"featured_media":68764,"comment_status":"open","ping_status":"open","sticky":false,"template":"","format":"standard","meta":{"_acf_changed":false,"_monsterinsights_skip_tracking":false,"_monsterinsights_sitenote_active":false,"_monsterinsights_sitenote_note":"","_monsterinsights_sitenote_category":0,"footnotes":""},"categories":[504,1],"tags":[3279,6415,6694,6693,403,1890],"class_list":["post-68758","post","type-post","status-publish","format-standard","has-post-thumbnail","hentry","category-elektricna-energija","category-obnovljivi-izvori-energije","tag-dekarbonizacija","tag-izjava-dana","tag-marko-bislimoski","tag-rke","tag-solar","tag-solarne-elektrane","country-makedonija"],"acf":[],"yoast_head":"<!-- This site is optimized with the Yoast SEO plugin v27.4 - https:\/\/yoast.com\/product\/yoast-seo-wordpress\/ -->\n<title>Severna Makedonija: Solar doveo do smanjenja uvoza struje na svega 2,75% potro\u0161nje<\/title>\n<meta name=\"description\" content=\"Rast instalisanih kapaciteta solarnih elektrana u Severnoj Makedoniji bio je 2023. za 251% ve\u0107i nego prethodne godine.\" \/>\n<meta name=\"robots\" content=\"index, follow, max-snippet:-1, max-image-preview:large, max-video-preview:-1\" \/>\n<link rel=\"canonical\" href=\"https:\/\/balkangreenenergynews.com\/rs\/severna-makedonija-solar-doveo-do-smanjenja-uvoza-struje-na-svega-275-potrosnje\/\" \/>\n<meta property=\"og:locale\" content=\"sr_RS\" \/>\n<meta property=\"og:type\" content=\"article\" \/>\n<meta property=\"og:title\" content=\"Severna Makedonija: Solar doveo do smanjenja uvoza struje na svega 2,75% potro\u0161nje\" \/>\n<meta property=\"og:description\" content=\"Rast instalisanih kapaciteta solarnih elektrana u Severnoj Makedoniji bio je 2023. za 251% ve\u0107i nego prethodne godine.\" \/>\n<meta property=\"og:url\" content=\"https:\/\/balkangreenenergynews.com\/rs\/severna-makedonija-solar-doveo-do-smanjenja-uvoza-struje-na-svega-275-potrosnje\/\" \/>\n<meta property=\"og:site_name\" content=\"Balkan Green Energy News\" \/>\n<meta property=\"article:published_time\" content=\"2024-05-03T07:55:19+00:00\" \/>\n<meta property=\"article:modified_time\" content=\"2024-05-06T06:48:28+00:00\" \/>\n<meta property=\"og:image\" content=\"https:\/\/balkangreenenergynews.com\/rs\/wp-content\/uploads\/2024\/05\/uvoz-struje-severna-makedonija.jpg\" \/>\n\t<meta property=\"og:image:width\" content=\"840\" \/>\n\t<meta property=\"og:image:height\" content=\"430\" \/>\n\t<meta property=\"og:image:type\" content=\"image\/jpeg\" \/>\n<meta name=\"author\" content=\"Balkan Green Energy News\" \/>\n<meta name=\"twitter:card\" content=\"summary_large_image\" \/>\n<meta name=\"twitter:label1\" content=\"\u041d\u0430\u043f\u0438\u0441\u0430\u043d\u043e \u043e\u0434\" \/>\n\t<meta name=\"twitter:data1\" content=\"Balkan Green Energy News\" \/>\n\t<meta name=\"twitter:label2\" content=\"\u041f\u0440\u043e\u0446\u0435\u045a\u0435\u043d\u043e \u0432\u0440\u0435\u043c\u0435 \u0447\u0438\u0442\u0430\u045a\u0430\" \/>\n\t<meta name=\"twitter:data2\" content=\"1 \u043c\u0438\u043d\u0443\u0442\" \/>\n<script type=\"application\/ld+json\" class=\"yoast-schema-graph\">{\"@context\":\"https:\\\/\\\/schema.org\",\"@graph\":[{\"@type\":\"Article\",\"@id\":\"https:\\\/\\\/balkangreenenergynews.com\\\/rs\\\/severna-makedonija-solar-doveo-do-smanjenja-uvoza-struje-na-svega-275-potrosnje\\\/#article\",\"isPartOf\":{\"@id\":\"https:\\\/\\\/balkangreenenergynews.com\\\/rs\\\/severna-makedonija-solar-doveo-do-smanjenja-uvoza-struje-na-svega-275-potrosnje\\\/\"},\"author\":{\"name\":\"Balkan Green Energy News\",\"@id\":\"https:\\\/\\\/balkangreenenergynews.com\\\/rs\\\/#\\\/schema\\\/person\\\/dee275e6036b1a0f7ceaf956d79d4eff\"},\"headline\":\"Severna Makedonija: Solar doveo do smanjenja uvoza struje na svega 2,75% potro\u0161nje\",\"datePublished\":\"2024-05-03T07:55:19+00:00\",\"dateModified\":\"2024-05-06T06:48:28+00:00\",\"mainEntityOfPage\":{\"@id\":\"https:\\\/\\\/balkangreenenergynews.com\\\/rs\\\/severna-makedonija-solar-doveo-do-smanjenja-uvoza-struje-na-svega-275-potrosnje\\\/\"},\"wordCount\":169,\"commentCount\":0,\"image\":{\"@id\":\"https:\\\/\\\/balkangreenenergynews.com\\\/rs\\\/severna-makedonija-solar-doveo-do-smanjenja-uvoza-struje-na-svega-275-potrosnje\\\/#primaryimage\"},\"thumbnailUrl\":\"https:\\\/\\\/balkangreenenergynews.com\\\/rs\\\/wp-content\\\/uploads\\\/2024\\\/05\\\/uvoz-struje-severna-makedonija.jpg?wsr\",\"keywords\":[\"dekarbonizacija\",\"Izjava dana\",\"Marko Bislimoski\",\"RKE\",\"solar\",\"solarne elektrane\"],\"articleSection\":[\"Elektri\u010dna energija\",\"OIE\"],\"inLanguage\":\"sr-RS\",\"potentialAction\":[{\"@type\":\"CommentAction\",\"name\":\"Comment\",\"target\":[\"https:\\\/\\\/balkangreenenergynews.com\\\/rs\\\/severna-makedonija-solar-doveo-do-smanjenja-uvoza-struje-na-svega-275-potrosnje\\\/#respond\"]}]},{\"@type\":\"WebPage\",\"@id\":\"https:\\\/\\\/balkangreenenergynews.com\\\/rs\\\/severna-makedonija-solar-doveo-do-smanjenja-uvoza-struje-na-svega-275-potrosnje\\\/\",\"url\":\"https:\\\/\\\/balkangreenenergynews.com\\\/rs\\\/severna-makedonija-solar-doveo-do-smanjenja-uvoza-struje-na-svega-275-potrosnje\\\/\",\"name\":\"Severna Makedonija: Solar doveo do smanjenja uvoza struje na svega 2,75% potro\u0161nje\",\"isPartOf\":{\"@id\":\"https:\\\/\\\/balkangreenenergynews.com\\\/rs\\\/#website\"},\"primaryImageOfPage\":{\"@id\":\"https:\\\/\\\/balkangreenenergynews.com\\\/rs\\\/severna-makedonija-solar-doveo-do-smanjenja-uvoza-struje-na-svega-275-potrosnje\\\/#primaryimage\"},\"image\":{\"@id\":\"https:\\\/\\\/balkangreenenergynews.com\\\/rs\\\/severna-makedonija-solar-doveo-do-smanjenja-uvoza-struje-na-svega-275-potrosnje\\\/#primaryimage\"},\"thumbnailUrl\":\"https:\\\/\\\/balkangreenenergynews.com\\\/rs\\\/wp-content\\\/uploads\\\/2024\\\/05\\\/uvoz-struje-severna-makedonija.jpg?wsr\",\"datePublished\":\"2024-05-03T07:55:19+00:00\",\"dateModified\":\"2024-05-06T06:48:28+00:00\",\"author\":{\"@id\":\"https:\\\/\\\/balkangreenenergynews.com\\\/rs\\\/#\\\/schema\\\/person\\\/dee275e6036b1a0f7ceaf956d79d4eff\"},\"description\":\"Rast instalisanih kapaciteta solarnih elektrana u Severnoj Makedoniji bio je 2023. za 251% ve\u0107i nego prethodne godine.\",\"breadcrumb\":{\"@id\":\"https:\\\/\\\/balkangreenenergynews.com\\\/rs\\\/severna-makedonija-solar-doveo-do-smanjenja-uvoza-struje-na-svega-275-potrosnje\\\/#breadcrumb\"},\"inLanguage\":\"sr-RS\",\"potentialAction\":[{\"@type\":\"ReadAction\",\"target\":[\"https:\\\/\\\/balkangreenenergynews.com\\\/rs\\\/severna-makedonija-solar-doveo-do-smanjenja-uvoza-struje-na-svega-275-potrosnje\\\/\"]}]},{\"@type\":\"ImageObject\",\"inLanguage\":\"sr-RS\",\"@id\":\"https:\\\/\\\/balkangreenenergynews.com\\\/rs\\\/severna-makedonija-solar-doveo-do-smanjenja-uvoza-struje-na-svega-275-potrosnje\\\/#primaryimage\",\"url\":\"https:\\\/\\\/balkangreenenergynews.com\\\/rs\\\/wp-content\\\/uploads\\\/2024\\\/05\\\/uvoz-struje-severna-makedonija.jpg?wsr\",\"contentUrl\":\"https:\\\/\\\/balkangreenenergynews.com\\\/rs\\\/wp-content\\\/uploads\\\/2024\\\/05\\\/uvoz-struje-severna-makedonija.jpg?wsr\",\"width\":840,\"height\":430,\"caption\":\"uvoz-struje-severna-makedonija\"},{\"@type\":\"BreadcrumbList\",\"@id\":\"https:\\\/\\\/balkangreenenergynews.com\\\/rs\\\/severna-makedonija-solar-doveo-do-smanjenja-uvoza-struje-na-svega-275-potrosnje\\\/#breadcrumb\",\"itemListElement\":[{\"@type\":\"ListItem\",\"position\":1,\"name\":\"Po\u010detna\",\"item\":\"https:\\\/\\\/balkangreenenergynews.com\\\/rs\\\/\"},{\"@type\":\"ListItem\",\"position\":2,\"name\":\"Vesti\",\"item\":\"https:\\\/\\\/balkangreenenergynews.com\\\/rs\\\/kategorija\\\/vesti\\\/\"},{\"@type\":\"ListItem\",\"position\":3,\"name\":\"OIE\",\"item\":\"https:\\\/\\\/balkangreenenergynews.com\\\/rs\\\/kategorija\\\/vesti\\\/obnovljivi-izvori-energije\\\/\"},{\"@type\":\"ListItem\",\"position\":4,\"name\":\"Severna Makedonija: Solar doveo do smanjenja uvoza struje na svega 2,75% potro\u0161nje\"}]},{\"@type\":\"WebSite\",\"@id\":\"https:\\\/\\\/balkangreenenergynews.com\\\/rs\\\/#website\",\"url\":\"https:\\\/\\\/balkangreenenergynews.com\\\/rs\\\/\",\"name\":\"Balkan Green Energy News\",\"description\":\"Naj\u0161iri izbor vesti sa Balkana o zelenoj energiji\",\"potentialAction\":[{\"@type\":\"SearchAction\",\"target\":{\"@type\":\"EntryPoint\",\"urlTemplate\":\"https:\\\/\\\/balkangreenenergynews.com\\\/rs\\\/?s={search_term_string}\"},\"query-input\":{\"@type\":\"PropertyValueSpecification\",\"valueRequired\":true,\"valueName\":\"search_term_string\"}}],\"inLanguage\":\"sr-RS\"},{\"@type\":\"Person\",\"@id\":\"https:\\\/\\\/balkangreenenergynews.com\\\/rs\\\/#\\\/schema\\\/person\\\/dee275e6036b1a0f7ceaf956d79d4eff\",\"name\":\"Balkan Green Energy News\",\"url\":\"https:\\\/\\\/balkangreenenergynews.com\\\/rs\\\/author\\\/balkangreenenergynews\\\/\"}]}<\/script>\n<!-- \/ Yoast SEO plugin. -->","yoast_head_json":{"title":"Severna Makedonija: Solar doveo do smanjenja uvoza struje na svega 2,75% potro\u0161nje","description":"Rast instalisanih kapaciteta solarnih elektrana u Severnoj Makedoniji bio je 2023. za 251% ve\u0107i nego prethodne godine.","robots":{"index":"index","follow":"follow","max-snippet":"max-snippet:-1","max-image-preview":"max-image-preview:large","max-video-preview":"max-video-preview:-1"},"canonical":"https:\/\/balkangreenenergynews.com\/rs\/severna-makedonija-solar-doveo-do-smanjenja-uvoza-struje-na-svega-275-potrosnje\/","og_locale":"sr_RS","og_type":"article","og_title":"Severna Makedonija: Solar doveo do smanjenja uvoza struje na svega 2,75% potro\u0161nje","og_description":"Rast instalisanih kapaciteta solarnih elektrana u Severnoj Makedoniji bio je 2023. za 251% ve\u0107i nego prethodne godine.","og_url":"https:\/\/balkangreenenergynews.com\/rs\/severna-makedonija-solar-doveo-do-smanjenja-uvoza-struje-na-svega-275-potrosnje\/","og_site_name":"Balkan Green Energy News","article_published_time":"2024-05-03T07:55:19+00:00","article_modified_time":"2024-05-06T06:48:28+00:00","og_image":[{"width":840,"height":430,"url":"https:\/\/balkangreenenergynews.com\/rs\/wp-content\/uploads\/2024\/05\/uvoz-struje-severna-makedonija.jpg","type":"image\/jpeg"}],"author":"Balkan Green Energy News","twitter_card":"summary_large_image","twitter_misc":{"\u041d\u0430\u043f\u0438\u0441\u0430\u043d\u043e \u043e\u0434":"Balkan Green Energy News","\u041f\u0440\u043e\u0446\u0435\u045a\u0435\u043d\u043e \u0432\u0440\u0435\u043c\u0435 \u0447\u0438\u0442\u0430\u045a\u0430":"1 \u043c\u0438\u043d\u0443\u0442"},"schema":{"@context":"https:\/\/schema.org","@graph":[{"@type":"Article","@id":"https:\/\/balkangreenenergynews.com\/rs\/severna-makedonija-solar-doveo-do-smanjenja-uvoza-struje-na-svega-275-potrosnje\/#article","isPartOf":{"@id":"https:\/\/balkangreenenergynews.com\/rs\/severna-makedonija-solar-doveo-do-smanjenja-uvoza-struje-na-svega-275-potrosnje\/"},"author":{"name":"Balkan Green Energy News","@id":"https:\/\/balkangreenenergynews.com\/rs\/#\/schema\/person\/dee275e6036b1a0f7ceaf956d79d4eff"},"headline":"Severna Makedonija: Solar doveo do smanjenja uvoza struje na svega 2,75% potro\u0161nje","datePublished":"2024-05-03T07:55:19+00:00","dateModified":"2024-05-06T06:48:28+00:00","mainEntityOfPage":{"@id":"https:\/\/balkangreenenergynews.com\/rs\/severna-makedonija-solar-doveo-do-smanjenja-uvoza-struje-na-svega-275-potrosnje\/"},"wordCount":169,"commentCount":0,"image":{"@id":"https:\/\/balkangreenenergynews.com\/rs\/severna-makedonija-solar-doveo-do-smanjenja-uvoza-struje-na-svega-275-potrosnje\/#primaryimage"},"thumbnailUrl":"https:\/\/balkangreenenergynews.com\/rs\/wp-content\/uploads\/2024\/05\/uvoz-struje-severna-makedonija.jpg?wsr","keywords":["dekarbonizacija","Izjava dana","Marko Bislimoski","RKE","solar","solarne elektrane"],"articleSection":["Elektri\u010dna energija","OIE"],"inLanguage":"sr-RS","potentialAction":[{"@type":"CommentAction","name":"Comment","target":["https:\/\/balkangreenenergynews.com\/rs\/severna-makedonija-solar-doveo-do-smanjenja-uvoza-struje-na-svega-275-potrosnje\/#respond"]}]},{"@type":"WebPage","@id":"https:\/\/balkangreenenergynews.com\/rs\/severna-makedonija-solar-doveo-do-smanjenja-uvoza-struje-na-svega-275-potrosnje\/","url":"https:\/\/balkangreenenergynews.com\/rs\/severna-makedonija-solar-doveo-do-smanjenja-uvoza-struje-na-svega-275-potrosnje\/","name":"Severna Makedonija: Solar doveo do smanjenja uvoza struje na svega 2,75% potro\u0161nje","isPartOf":{"@id":"https:\/\/balkangreenenergynews.com\/rs\/#website"},"primaryImageOfPage":{"@id":"https:\/\/balkangreenenergynews.com\/rs\/severna-makedonija-solar-doveo-do-smanjenja-uvoza-struje-na-svega-275-potrosnje\/#primaryimage"},"image":{"@id":"https:\/\/balkangreenenergynews.com\/rs\/severna-makedonija-solar-doveo-do-smanjenja-uvoza-struje-na-svega-275-potrosnje\/#primaryimage"},"thumbnailUrl":"https:\/\/balkangreenenergynews.com\/rs\/wp-content\/uploads\/2024\/05\/uvoz-struje-severna-makedonija.jpg?wsr","datePublished":"2024-05-03T07:55:19+00:00","dateModified":"2024-05-06T06:48:28+00:00","author":{"@id":"https:\/\/balkangreenenergynews.com\/rs\/#\/schema\/person\/dee275e6036b1a0f7ceaf956d79d4eff"},"description":"Rast instalisanih kapaciteta solarnih elektrana u Severnoj Makedoniji bio je 2023. za 251% ve\u0107i nego prethodne godine.","breadcrumb":{"@id":"https:\/\/balkangreenenergynews.com\/rs\/severna-makedonija-solar-doveo-do-smanjenja-uvoza-struje-na-svega-275-potrosnje\/#breadcrumb"},"inLanguage":"sr-RS","potentialAction":[{"@type":"ReadAction","target":["https:\/\/balkangreenenergynews.com\/rs\/severna-makedonija-solar-doveo-do-smanjenja-uvoza-struje-na-svega-275-potrosnje\/"]}]},{"@type":"ImageObject","inLanguage":"sr-RS","@id":"https:\/\/balkangreenenergynews.com\/rs\/severna-makedonija-solar-doveo-do-smanjenja-uvoza-struje-na-svega-275-potrosnje\/#primaryimage","url":"https:\/\/balkangreenenergynews.com\/rs\/wp-content\/uploads\/2024\/05\/uvoz-struje-severna-makedonija.jpg?wsr","contentUrl":"https:\/\/balkangreenenergynews.com\/rs\/wp-content\/uploads\/2024\/05\/uvoz-struje-severna-makedonija.jpg?wsr","width":840,"height":430,"caption":"uvoz-struje-severna-makedonija"},{"@type":"BreadcrumbList","@id":"https:\/\/balkangreenenergynews.com\/rs\/severna-makedonija-solar-doveo-do-smanjenja-uvoza-struje-na-svega-275-potrosnje\/#breadcrumb","itemListElement":[{"@type":"ListItem","position":1,"name":"Po\u010detna","item":"https:\/\/balkangreenenergynews.com\/rs\/"},{"@type":"ListItem","position":2,"name":"Vesti","item":"https:\/\/balkangreenenergynews.com\/rs\/kategorija\/vesti\/"},{"@type":"ListItem","position":3,"name":"OIE","item":"https:\/\/balkangreenenergynews.com\/rs\/kategorija\/vesti\/obnovljivi-izvori-energije\/"},{"@type":"ListItem","position":4,"name":"Severna Makedonija: Solar doveo do smanjenja uvoza struje na svega 2,75% potro\u0161nje"}]},{"@type":"WebSite","@id":"https:\/\/balkangreenenergynews.com\/rs\/#website","url":"https:\/\/balkangreenenergynews.com\/rs\/","name":"Balkan Green Energy News","description":"Naj\u0161iri izbor vesti sa Balkana o zelenoj energiji","potentialAction":[{"@type":"SearchAction","target":{"@type":"EntryPoint","urlTemplate":"https:\/\/balkangreenenergynews.com\/rs\/?s={search_term_string}"},"query-input":{"@type":"PropertyValueSpecification","valueRequired":true,"valueName":"search_term_string"}}],"inLanguage":"sr-RS"},{"@type":"Person","@id":"https:\/\/balkangreenenergynews.com\/rs\/#\/schema\/person\/dee275e6036b1a0f7ceaf956d79d4eff","name":"Balkan Green Energy News","url":"https:\/\/balkangreenenergynews.com\/rs\/author\/balkangreenenergynews\/"}]}},"_links":{"self":[{"href":"https:\/\/balkangreenenergynews.com\/rs\/wp-json\/wp\/v2\/posts\/68758","targetHints":{"allow":["GET"]}}],"collection":[{"href":"https:\/\/balkangreenenergynews.com\/rs\/wp-json\/wp\/v2\/posts"}],"about":[{"href":"https:\/\/balkangreenenergynews.com\/rs\/wp-json\/wp\/v2\/types\/post"}],"author":[{"embeddable":true,"href":"https:\/\/balkangreenenergynews.com\/rs\/wp-json\/wp\/v2\/users\/25"}],"replies":[{"embeddable":true,"href":"https:\/\/balkangreenenergynews.com\/rs\/wp-json\/wp\/v2\/comments?post=68758"}],"version-history":[{"count":0,"href":"https:\/\/balkangreenenergynews.com\/rs\/wp-json\/wp\/v2\/posts\/68758\/revisions"}],"wp:featuredmedia":[{"embeddable":true,"href":"https:\/\/balkangreenenergynews.com\/rs\/wp-json\/wp\/v2\/media\/68764"}],"wp:attachment":[{"href":"https:\/\/balkangreenenergynews.com\/rs\/wp-json\/wp\/v2\/media?parent=68758"}],"wp:term":[{"taxonomy":"category","embeddable":true,"href":"https:\/\/balkangreenenergynews.com\/rs\/wp-json\/wp\/v2\/categories?post=68758"},{"taxonomy":"post_tag","embeddable":true,"href":"https:\/\/balkangreenenergynews.com\/rs\/wp-json\/wp\/v2\/tags?post=68758"}],"curies":[{"name":"wp","href":"https:\/\/api.w.org\/{rel}","templated":true}]}}