{"id":68505,"date":"2024-04-26T17:28:16","date_gmt":"2024-04-26T15:28:16","guid":{"rendered":"https:\/\/balkangreenenergynews.com\/rs\/?p=68505"},"modified":"2024-05-04T08:39:21","modified_gmt":"2024-05-04T06:39:21","slug":"stanje-klime-u-evropi-2023-bila-godina-meteoroloskih-kontrasta","status":"publish","type":"post","link":"https:\/\/balkangreenenergynews.com\/rs\/stanje-klime-u-evropi-2023-bila-godina-meteoroloskih-kontrasta\/","title":{"rendered":"Stanje klime u Evropi: 2023. bila godina meteorolo\u0161kih kontrasta"},"content":{"rendered":"<h2>Globalno gledano, pro\u0161la godina je bila zastra\u0161uju\u0107e topla, sa temperaturama koje su daleko nadma\u0161ile rekorde. Kopernikova Slu\u017eba za posmatranje klimatskih promena (C3S) je sastavila izve\u0161taj Stanje klime u Evropi (European State of the Climate \u2013 ESOTC) u saradnji sa Svetskom meteorolo\u0161kom organizacijom (WMO). Dokument daje detaljan uvid u dramati\u010dnost klimatskih promena za 2023. i njihovih posledica, posebno na zdravlje ljudi.<\/h2>\n<p><a href=\"https:\/\/balkangreenenergynews.com\/rs\/2023-postavila-rekord-kao-najtoplija-godina-u-istoriji\/\">Pro\u0161la godina<\/a> je bila za 1,48 stepeni Celzijusa toplija nego prosek iz predindustrijskog perioda (1850-1900). Skoro polovina dana u 2023. bila je za vi\u0161e od 1,5 stepena toplija, a u novembru su zabele\u017eena prva dva dana u istoriji sa temperaturom za dva stepena Celzijusa vi\u0161om nego u referentnom periodu.<\/p>\n<p>U maju pro\u0161le godine krenuo je dosada neprekinuti niz najtoplijih meseci. Srednja globalna temperatura je u narednih 12 meseci, dan po dan, ve\u0107 pre\u0161la 1,6 stepeni Celzijusa iznad predindustrijskog proseka.<\/p>\n<p>Temperature su bile iznad uobi\u010dajenih u ve\u0107em delu Evrope. U nekim delovima isto\u010dne Evrope su bile i do 2,6 stepeni, a u delovima Alpa do 2,3 stepena Celzijusa iznad proseka, stoji u izve\u0161taju <a href=\"https:\/\/climate.copernicus.eu\/widespread-floods-severe-heatwaves-esotc-2023-puts-europes-climate-focus\">ESOTC.<\/a><\/p>\n<p><img loading=\"lazy\" decoding=\"async\" class=\"aligncenter size-full wp-image-68549\" src=\"https:\/\/balkangreenenergynews.com\/rs\/wp-content\/uploads\/2024\/04\/Annual-surface-air-temperature-anomalies-over-Europe.png\" alt=\"Annual surface air temperature anomalies over Europe\" width=\"768\" height=\"832\" srcset=\"https:\/\/balkangreenenergynews.com\/rs\/wp-content\/uploads\/2024\/04\/Annual-surface-air-temperature-anomalies-over-Europe.png 768w, https:\/\/balkangreenenergynews.com\/rs\/wp-content\/uploads\/2024\/04\/Annual-surface-air-temperature-anomalies-over-Europe-500x542.png 500w, https:\/\/balkangreenenergynews.com\/rs\/wp-content\/uploads\/2024\/04\/Annual-surface-air-temperature-anomalies-over-Europe-277x300.png 277w\" sizes=\"auto, (max-width: 768px) 100vw, 768px\" \/><\/p>\n<p>Evropa se dvostruko br\u017ee zagreva od globalnog proseka. Od 2020. su zabele\u017eene tri najtoplije godine dosad na ovom kontinentu, a prvih deset se nanizalo od 2007. godine.<\/p>\n<p>Visoki nivoi opasnosti od po\u017eara na otvorenom registrovani su po\u010detkom leta u severnoj Evropi, podstaknuti toplijim uslovima od uobi\u010dajenih u maju i junu. Kasnije tokom leta, dok su severna podru\u010dja imala uslove vla\u017enije od proseka, stalna su\u0161a doprinela je ve\u0107oj opasnosti od po\u017eara u jugozapadnoj Evropi.<\/p>\n<p>Veliki po\u017eari dogodili su se u Portugalu, \u0160paniji, Italiji i posebno Gr\u010dkoj, gde je zabele\u017een najve\u0107i \u0161umski po\u017ear ikada u Evropi, na povr\u0161ini od oko 96.000 hektara.<\/p>\n<p><img loading=\"lazy\" decoding=\"async\" class=\"aligncenter size-full wp-image-68557\" src=\"https:\/\/balkangreenenergynews.com\/rs\/wp-content\/uploads\/2024\/04\/ESOTC_2023_EUROPE_WILDFIRES_FIGURE_3.png.jpg\" alt=\"ESOTC_2023_EUROPE_WILDFIRES_FIGURE_3.png\" width=\"1280\" height=\"1280\" srcset=\"https:\/\/balkangreenenergynews.com\/rs\/wp-content\/uploads\/2024\/04\/ESOTC_2023_EUROPE_WILDFIRES_FIGURE_3.png.jpg 1280w, https:\/\/balkangreenenergynews.com\/rs\/wp-content\/uploads\/2024\/04\/ESOTC_2023_EUROPE_WILDFIRES_FIGURE_3.png-500x500.jpg 500w, https:\/\/balkangreenenergynews.com\/rs\/wp-content\/uploads\/2024\/04\/ESOTC_2023_EUROPE_WILDFIRES_FIGURE_3.png-840x840.jpg 840w, https:\/\/balkangreenenergynews.com\/rs\/wp-content\/uploads\/2024\/04\/ESOTC_2023_EUROPE_WILDFIRES_FIGURE_3.png-370x370.jpg 370w, https:\/\/balkangreenenergynews.com\/rs\/wp-content\/uploads\/2024\/04\/ESOTC_2023_EUROPE_WILDFIRES_FIGURE_3.png-768x768.jpg 768w, https:\/\/balkangreenenergynews.com\/rs\/wp-content\/uploads\/2024\/04\/ESOTC_2023_EUROPE_WILDFIRES_FIGURE_3.png-300x300.jpg 300w\" sizes=\"auto, (max-width: 1280px) 100vw, 1280px\" \/><\/p>\n<h3>Prose\u010dna temperatura povr\u0161ine mora najvi\u0161a ikad zabele\u017eena u Evropi<\/h3>\n<p>Temperaturni rekord je pro\u0161le godine postavila globalna prose\u010dna temperatura povr\u0161ine mora, a i u Evropi je bila najvi\u0161a ikada zabele\u017eena. U junu je Atlantski okean zapadno od Irske i oko Velike Britanije bio pod uticajem ekstremnog morskog toplotnog talasa, sa temperaturama povr\u0161ine mora i do pet stepeni Celzijusa iznad proseka.<\/p>\n<p>\u201eEvropa je 2023. svedo\u010dila najve\u0107em po\u017earu ikada zabele\u017eenom, jednoj od godina s najve\u0107im padavinama, zatim jakim morskim toplotnim talasima i \u0161irokorasprostranjenim razornim poplavama. Temperature nastavljaju da rastu, \u010dine\u0107i na\u0161e podatke jo\u0161 bitnijim u pripremi za suo\u010davanje sa uticajima klimatskih promena\u201d, rekao je direktor C3S Karlo Buontempo.<\/p>\n<h3>Alpski gle\u010deri su se za godinu dana smanjili za 10 odsto<\/h3>\n<p>Pored visokih temperatura, su\u0161a, toplotnih talasa i po\u017eara, Evropa je pro\u0161le godine imala velik broj nevremena, uklju\u010duju\u0107i poplave.<\/p>\n<p>U jednoj tre\u0107ini evropske re\u010dne mre\u017ee izmereni su vodostaji koji su dostigli nivo za vanrednu odbranu od poplava, a 16 jo\u0161 stepen vi\u0161e. Rekordni ili skoro rekordni vodostaji zabele\u017eeni su u glavnim re\u010dnim slivovima uklju\u010duju\u0107i Loaru, Rajnu i Dunav, zbog serije oluja koje su se dogodile izme\u0111u oktobra i decembra.<\/p>\n<p>Iako je zabele\u017eena velika koli\u010dina padavina, u Evropi je broj dana sa snegom bilo ispod prose\u010dnog, posebno u centralnoj Evropi tokom zime i prole\u0107a.<\/p>\n<p>Nesvakida\u0161nje mala koli\u010dina snega i visoke temperature tokom leta doprinele su neto gubitku gle\u010derskog leda u svim delovima Evrope. Najdrasti\u010dniji primer su Alpi, gde su gle\u010deri tokom 2022. i 2023. godine izgubili oko 10 odsto svog preostalog leda.<\/p>\n<p><img loading=\"lazy\" decoding=\"async\" class=\"aligncenter size-full wp-image-68560\" src=\"https:\/\/balkangreenenergynews.com\/rs\/wp-content\/uploads\/2024\/04\/ESOTC_2023_SNOW_GLACIERS_FIGURE_2a.png.jpg\" alt=\"ESOTC_2023_SNOW_GLACIERS_FIGURE_2a.png\" width=\"1280\" height=\"1184\" srcset=\"https:\/\/balkangreenenergynews.com\/rs\/wp-content\/uploads\/2024\/04\/ESOTC_2023_SNOW_GLACIERS_FIGURE_2a.png.jpg 1280w, https:\/\/balkangreenenergynews.com\/rs\/wp-content\/uploads\/2024\/04\/ESOTC_2023_SNOW_GLACIERS_FIGURE_2a.png-500x463.jpg 500w, https:\/\/balkangreenenergynews.com\/rs\/wp-content\/uploads\/2024\/04\/ESOTC_2023_SNOW_GLACIERS_FIGURE_2a.png-840x777.jpg 840w, https:\/\/balkangreenenergynews.com\/rs\/wp-content\/uploads\/2024\/04\/ESOTC_2023_SNOW_GLACIERS_FIGURE_2a.png-768x710.jpg 768w, https:\/\/balkangreenenergynews.com\/rs\/wp-content\/uploads\/2024\/04\/ESOTC_2023_SNOW_GLACIERS_FIGURE_2a.png-300x278.jpg 300w\" sizes=\"auto, (max-width: 1280px) 100vw, 1280px\" \/><\/p>\n<div class=\"paragraph paragraphs__wrapper paragraph--text rich-text js-paragraph-exists js-rich-text-exists\">\n<p>\u201eKlimatska kriza je najve\u0107i izazov na\u0161e generacije. Cena klimatskih mera mo\u017ee se \u010diniti visokom, ali cena nedelovanja je mnogo ve\u0107a. Kao \u0161to ovaj izve\u0161taj pokazuje, moramo iskoristiti nauku kako bismo pru\u017eili re\u0161enja za dobrobit dru\u0161tva\u201d, rekla je generalna sekretarka Svetske meteorolo\u0161ke organizacije (WMO) Seleste Saulo.<\/p>\n<\/div>\n<h3>Temeperaturni stres mo\u017ee pogor\u0161ati zdravstvene probleme<\/h3>\n<p>Prema podacima iz izve\u0161taja, temperature u Evropi bile su iznad proseka tokom 11 meseci, uklju\u010duju\u0107i najtopliji <a href=\"https:\/\/balkangreenenergynews.com\/rs\/septembar-u-evropi-bio-najtopliji-u-istoriji\/\">septembar<\/a> u istoriji. Toplotni stres je na\u010din na koji ljudsko telo reaguje na izlo\u017eenost visokim temperaturama u kombinaciji s drugim faktorima, kao \u0161to su vla\u017enost i brzina vetra.<\/p>\n<p>Du\u017ei toplotni stres mo\u017ee pogor\u0161ati zdravstveno stanje i pove\u0107ati <a href=\"https:\/\/balkangreenenergynews.com\/rs\/evropa-nije-spremna-na-klimatske-ekstreme-sa-kojima-se-suocava\/\">rizik<\/a> od bolesti povezanih sa vru\u0107inama kao \u0161to su toplotna iscrpljenost i toplotni udar, posebno me\u0111u ranjivom populacijom.<\/p>\n<p>U 2023. godini zabele\u017een je rekordan broj dana sa ekstremnim toplotnim stresom. Smrtnost uzrokovana vru\u0107inom pove\u0107ala se za oko 30 odsto u poslednjih 20 godina, a procenjuje se da je porasla u 94 odsto evropskih regija koje su pra\u0107ene.<\/p>\n<p>Oluje su odnele 63 ljudska \u017eivota. Poplave i \u0161umski po\u017eari su prouzrokovali smrt po 44 osobe. Ekonomski gubici vezani za vremenske prilike i klimu u 2023. procenjuju se na vi\u0161e od 13,4 milijarde evra.<\/p>\n<h3>Potencijal obnovljivih izvora energije<\/h3>\n<p>Pro\u0161le godine je u Evropi zabele\u017een rekordan udeo proizvodnje elektri\u010dne energije iz obnovljivih izvora, 43 odsto, u pore\u0111enju sa 36 odsto iz 2022. godine.<\/p>\n<p><img loading=\"lazy\" decoding=\"async\" class=\"aligncenter size-full wp-image-68552\" src=\"https:\/\/balkangreenenergynews.com\/rs\/wp-content\/uploads\/2024\/04\/Percentage-of-total-annual-actual-electricity-generation-for-Europe.png\" alt=\"Percentage of total annual actual electricity generation for Europe\" width=\"768\" height=\"883\" srcset=\"https:\/\/balkangreenenergynews.com\/rs\/wp-content\/uploads\/2024\/04\/Percentage-of-total-annual-actual-electricity-generation-for-Europe.png 768w, https:\/\/balkangreenenergynews.com\/rs\/wp-content\/uploads\/2024\/04\/Percentage-of-total-annual-actual-electricity-generation-for-Europe-500x575.png 500w, https:\/\/balkangreenenergynews.com\/rs\/wp-content\/uploads\/2024\/04\/Percentage-of-total-annual-actual-electricity-generation-for-Europe-261x300.png 261w\" sizes=\"auto, (max-width: 768px) 100vw, 768px\" \/><\/p>\n<p>Pove\u0107ana olujna aktivnost od oktobra do decembra rezultirala je natprose\u010dnim potencijalom za proizvodnju energije vetra.<\/p>\n<p>Potencijal za proizvodnju hidroenergije bio je iznad proseka u ve\u0107em delu Evrope tokom cele godine, \u0161to je povezano sa iznadprose\u010dnim padavinama i protokom vode u rekama.<\/p>\n<p>Za godinu u celini, potencijal proizvodnje struje u fotonaponskim postrojenjima bio je ispod proseka u severozapadnoj i centralnoj Evropi, a iznad proseka na jugozapadu i jugu.<\/p>\n","protected":false},"excerpt":{"rendered":"<p>Izve\u0161taj Kopernikove Slu\u017ebe za posmatranje klimatskih promena Stanje klime u Evropi opisuje ekstremnu godinu za nama<\/p>\n","protected":false},"author":34,"featured_media":68545,"comment_status":"open","ping_status":"open","sticky":false,"template":"","format":"standard","meta":{"_acf_changed":false,"_monsterinsights_skip_tracking":false,"_monsterinsights_sitenote_active":false,"_monsterinsights_sitenote_note":"","_monsterinsights_sitenote_category":0,"footnotes":""},"categories":[5909],"tags":[766,647,6614,6478,6684],"class_list":["post-68505","post","type-post","status-publish","format-standard","has-post-thumbnail","hentry","category-klimatske-promene","tag-klimatske-promene","tag-obnovljivi-izvori-energije","tag-pozari","tag-susa","tag-toplotni-talasi","country-regioneu"],"acf":[],"yoast_head":"<!-- This site is optimized with the Yoast SEO plugin v27.4 - https:\/\/yoast.com\/product\/yoast-seo-wordpress\/ -->\n<title>Stanje klime u Evropi: 2023. bila godina meteorolo\u0161kih kontrasta<\/title>\n<meta name=\"description\" content=\"Izve\u0161taj Kopernikove Slu\u017ebe za posmatranje klimatskih promena Stanje klime u Evropi opisuje ekstremnu godinu za nama.\" \/>\n<meta name=\"robots\" content=\"index, follow, max-snippet:-1, max-image-preview:large, max-video-preview:-1\" \/>\n<link rel=\"canonical\" href=\"https:\/\/balkangreenenergynews.com\/rs\/stanje-klime-u-evropi-2023-bila-godina-meteoroloskih-kontrasta\/\" \/>\n<meta property=\"og:locale\" content=\"sr_RS\" \/>\n<meta property=\"og:type\" content=\"article\" \/>\n<meta property=\"og:title\" content=\"Stanje klime u Evropi: 2023. bila godina meteorolo\u0161kih kontrasta\" \/>\n<meta property=\"og:description\" content=\"Izve\u0161taj Kopernikove Slu\u017ebe za posmatranje klimatskih promena Stanje klime u Evropi opisuje ekstremnu godinu za nama.\" \/>\n<meta property=\"og:url\" content=\"https:\/\/balkangreenenergynews.com\/rs\/stanje-klime-u-evropi-2023-bila-godina-meteoroloskih-kontrasta\/\" \/>\n<meta property=\"og:site_name\" content=\"Balkan Green Energy News\" \/>\n<meta property=\"article:published_time\" content=\"2024-04-26T15:28:16+00:00\" \/>\n<meta property=\"article:modified_time\" content=\"2024-05-04T06:39:21+00:00\" \/>\n<meta property=\"og:image\" content=\"https:\/\/balkangreenenergynews.com\/rs\/wp-content\/uploads\/2024\/04\/Stanje-klime-u-Evropi-2023.-godina-kontradiktornih-vremenskih-prilika.jpg\" \/>\n\t<meta property=\"og:image:width\" content=\"840\" \/>\n\t<meta property=\"og:image:height\" content=\"430\" \/>\n\t<meta property=\"og:image:type\" content=\"image\/jpeg\" \/>\n<meta name=\"author\" content=\"Jelisaveta Peri\u0161i\u0107\" \/>\n<meta name=\"twitter:card\" content=\"summary_large_image\" \/>\n<meta name=\"twitter:label1\" content=\"\u041d\u0430\u043f\u0438\u0441\u0430\u043d\u043e \u043e\u0434\" \/>\n\t<meta name=\"twitter:data1\" content=\"Jelisaveta Peri\u0161i\u0107\" \/>\n\t<meta name=\"twitter:label2\" content=\"\u041f\u0440\u043e\u0446\u0435\u045a\u0435\u043d\u043e \u0432\u0440\u0435\u043c\u0435 \u0447\u0438\u0442\u0430\u045a\u0430\" \/>\n\t<meta name=\"twitter:data2\" content=\"6 \u043c\u0438\u043d\u0443\u0442\u0430\" \/>\n<script type=\"application\/ld+json\" class=\"yoast-schema-graph\">{\"@context\":\"https:\\\/\\\/schema.org\",\"@graph\":[{\"@type\":\"Article\",\"@id\":\"https:\\\/\\\/balkangreenenergynews.com\\\/rs\\\/stanje-klime-u-evropi-2023-bila-godina-meteoroloskih-kontrasta\\\/#article\",\"isPartOf\":{\"@id\":\"https:\\\/\\\/balkangreenenergynews.com\\\/rs\\\/stanje-klime-u-evropi-2023-bila-godina-meteoroloskih-kontrasta\\\/\"},\"author\":{\"name\":\"Jelisaveta Peri\u0161i\u0107\",\"@id\":\"https:\\\/\\\/balkangreenenergynews.com\\\/rs\\\/#\\\/schema\\\/person\\\/4b3c5831bbc05a72630d12560df2b3f8\"},\"headline\":\"Stanje klime u Evropi: 2023. bila godina meteorolo\u0161kih kontrasta\",\"datePublished\":\"2024-04-26T15:28:16+00:00\",\"dateModified\":\"2024-05-04T06:39:21+00:00\",\"mainEntityOfPage\":{\"@id\":\"https:\\\/\\\/balkangreenenergynews.com\\\/rs\\\/stanje-klime-u-evropi-2023-bila-godina-meteoroloskih-kontrasta\\\/\"},\"wordCount\":903,\"commentCount\":0,\"image\":{\"@id\":\"https:\\\/\\\/balkangreenenergynews.com\\\/rs\\\/stanje-klime-u-evropi-2023-bila-godina-meteoroloskih-kontrasta\\\/#primaryimage\"},\"thumbnailUrl\":\"https:\\\/\\\/balkangreenenergynews.com\\\/rs\\\/wp-content\\\/uploads\\\/2024\\\/04\\\/Stanje-klime-u-Evropi-2023.-godina-kontradiktornih-vremenskih-prilika.jpg?wsr\",\"keywords\":[\"klimatske promene\",\"obnovljivi izvori energije\",\"po\u017eari\",\"su\u0161a\",\"toplotni talasi\"],\"articleSection\":[\"Klimatske promene\"],\"inLanguage\":\"sr-RS\",\"potentialAction\":[{\"@type\":\"CommentAction\",\"name\":\"Comment\",\"target\":[\"https:\\\/\\\/balkangreenenergynews.com\\\/rs\\\/stanje-klime-u-evropi-2023-bila-godina-meteoroloskih-kontrasta\\\/#respond\"]}]},{\"@type\":\"WebPage\",\"@id\":\"https:\\\/\\\/balkangreenenergynews.com\\\/rs\\\/stanje-klime-u-evropi-2023-bila-godina-meteoroloskih-kontrasta\\\/\",\"url\":\"https:\\\/\\\/balkangreenenergynews.com\\\/rs\\\/stanje-klime-u-evropi-2023-bila-godina-meteoroloskih-kontrasta\\\/\",\"name\":\"Stanje klime u Evropi: 2023. bila godina meteorolo\u0161kih kontrasta\",\"isPartOf\":{\"@id\":\"https:\\\/\\\/balkangreenenergynews.com\\\/rs\\\/#website\"},\"primaryImageOfPage\":{\"@id\":\"https:\\\/\\\/balkangreenenergynews.com\\\/rs\\\/stanje-klime-u-evropi-2023-bila-godina-meteoroloskih-kontrasta\\\/#primaryimage\"},\"image\":{\"@id\":\"https:\\\/\\\/balkangreenenergynews.com\\\/rs\\\/stanje-klime-u-evropi-2023-bila-godina-meteoroloskih-kontrasta\\\/#primaryimage\"},\"thumbnailUrl\":\"https:\\\/\\\/balkangreenenergynews.com\\\/rs\\\/wp-content\\\/uploads\\\/2024\\\/04\\\/Stanje-klime-u-Evropi-2023.-godina-kontradiktornih-vremenskih-prilika.jpg?wsr\",\"datePublished\":\"2024-04-26T15:28:16+00:00\",\"dateModified\":\"2024-05-04T06:39:21+00:00\",\"author\":{\"@id\":\"https:\\\/\\\/balkangreenenergynews.com\\\/rs\\\/#\\\/schema\\\/person\\\/4b3c5831bbc05a72630d12560df2b3f8\"},\"description\":\"Izve\u0161taj Kopernikove Slu\u017ebe za posmatranje klimatskih promena Stanje klime u Evropi opisuje ekstremnu godinu za nama.\",\"breadcrumb\":{\"@id\":\"https:\\\/\\\/balkangreenenergynews.com\\\/rs\\\/stanje-klime-u-evropi-2023-bila-godina-meteoroloskih-kontrasta\\\/#breadcrumb\"},\"inLanguage\":\"sr-RS\",\"potentialAction\":[{\"@type\":\"ReadAction\",\"target\":[\"https:\\\/\\\/balkangreenenergynews.com\\\/rs\\\/stanje-klime-u-evropi-2023-bila-godina-meteoroloskih-kontrasta\\\/\"]}]},{\"@type\":\"ImageObject\",\"inLanguage\":\"sr-RS\",\"@id\":\"https:\\\/\\\/balkangreenenergynews.com\\\/rs\\\/stanje-klime-u-evropi-2023-bila-godina-meteoroloskih-kontrasta\\\/#primaryimage\",\"url\":\"https:\\\/\\\/balkangreenenergynews.com\\\/rs\\\/wp-content\\\/uploads\\\/2024\\\/04\\\/Stanje-klime-u-Evropi-2023.-godina-kontradiktornih-vremenskih-prilika.jpg?wsr\",\"contentUrl\":\"https:\\\/\\\/balkangreenenergynews.com\\\/rs\\\/wp-content\\\/uploads\\\/2024\\\/04\\\/Stanje-klime-u-Evropi-2023.-godina-kontradiktornih-vremenskih-prilika.jpg?wsr\",\"width\":840,\"height\":430,\"caption\":\"Stanje klime u Evropi 2023. godina kontradiktornih vremenskih prilika\"},{\"@type\":\"BreadcrumbList\",\"@id\":\"https:\\\/\\\/balkangreenenergynews.com\\\/rs\\\/stanje-klime-u-evropi-2023-bila-godina-meteoroloskih-kontrasta\\\/#breadcrumb\",\"itemListElement\":[{\"@type\":\"ListItem\",\"position\":1,\"name\":\"Po\u010detna\",\"item\":\"https:\\\/\\\/balkangreenenergynews.com\\\/rs\\\/\"},{\"@type\":\"ListItem\",\"position\":2,\"name\":\"Klimatske promene\",\"item\":\"https:\\\/\\\/balkangreenenergynews.com\\\/rs\\\/kategorija\\\/klimatske-promene\\\/\"},{\"@type\":\"ListItem\",\"position\":3,\"name\":\"Stanje klime u Evropi: 2023. bila godina meteorolo\u0161kih kontrasta\"}]},{\"@type\":\"WebSite\",\"@id\":\"https:\\\/\\\/balkangreenenergynews.com\\\/rs\\\/#website\",\"url\":\"https:\\\/\\\/balkangreenenergynews.com\\\/rs\\\/\",\"name\":\"Balkan Green Energy News\",\"description\":\"Naj\u0161iri izbor vesti sa Balkana o zelenoj energiji\",\"potentialAction\":[{\"@type\":\"SearchAction\",\"target\":{\"@type\":\"EntryPoint\",\"urlTemplate\":\"https:\\\/\\\/balkangreenenergynews.com\\\/rs\\\/?s={search_term_string}\"},\"query-input\":{\"@type\":\"PropertyValueSpecification\",\"valueRequired\":true,\"valueName\":\"search_term_string\"}}],\"inLanguage\":\"sr-RS\"},{\"@type\":\"Person\",\"@id\":\"https:\\\/\\\/balkangreenenergynews.com\\\/rs\\\/#\\\/schema\\\/person\\\/4b3c5831bbc05a72630d12560df2b3f8\",\"name\":\"Jelisaveta Peri\u0161i\u0107\",\"url\":\"https:\\\/\\\/balkangreenenergynews.com\\\/rs\\\/author\\\/jelisavet-perisic\\\/\"}]}<\/script>\n<!-- \/ Yoast SEO plugin. -->","yoast_head_json":{"title":"Stanje klime u Evropi: 2023. bila godina meteorolo\u0161kih kontrasta","description":"Izve\u0161taj Kopernikove Slu\u017ebe za posmatranje klimatskih promena Stanje klime u Evropi opisuje ekstremnu godinu za nama.","robots":{"index":"index","follow":"follow","max-snippet":"max-snippet:-1","max-image-preview":"max-image-preview:large","max-video-preview":"max-video-preview:-1"},"canonical":"https:\/\/balkangreenenergynews.com\/rs\/stanje-klime-u-evropi-2023-bila-godina-meteoroloskih-kontrasta\/","og_locale":"sr_RS","og_type":"article","og_title":"Stanje klime u Evropi: 2023. bila godina meteorolo\u0161kih kontrasta","og_description":"Izve\u0161taj Kopernikove Slu\u017ebe za posmatranje klimatskih promena Stanje klime u Evropi opisuje ekstremnu godinu za nama.","og_url":"https:\/\/balkangreenenergynews.com\/rs\/stanje-klime-u-evropi-2023-bila-godina-meteoroloskih-kontrasta\/","og_site_name":"Balkan Green Energy News","article_published_time":"2024-04-26T15:28:16+00:00","article_modified_time":"2024-05-04T06:39:21+00:00","og_image":[{"width":840,"height":430,"url":"https:\/\/balkangreenenergynews.com\/rs\/wp-content\/uploads\/2024\/04\/Stanje-klime-u-Evropi-2023.-godina-kontradiktornih-vremenskih-prilika.jpg","type":"image\/jpeg"}],"author":"Jelisaveta Peri\u0161i\u0107","twitter_card":"summary_large_image","twitter_misc":{"\u041d\u0430\u043f\u0438\u0441\u0430\u043d\u043e \u043e\u0434":"Jelisaveta Peri\u0161i\u0107","\u041f\u0440\u043e\u0446\u0435\u045a\u0435\u043d\u043e \u0432\u0440\u0435\u043c\u0435 \u0447\u0438\u0442\u0430\u045a\u0430":"6 \u043c\u0438\u043d\u0443\u0442\u0430"},"schema":{"@context":"https:\/\/schema.org","@graph":[{"@type":"Article","@id":"https:\/\/balkangreenenergynews.com\/rs\/stanje-klime-u-evropi-2023-bila-godina-meteoroloskih-kontrasta\/#article","isPartOf":{"@id":"https:\/\/balkangreenenergynews.com\/rs\/stanje-klime-u-evropi-2023-bila-godina-meteoroloskih-kontrasta\/"},"author":{"name":"Jelisaveta Peri\u0161i\u0107","@id":"https:\/\/balkangreenenergynews.com\/rs\/#\/schema\/person\/4b3c5831bbc05a72630d12560df2b3f8"},"headline":"Stanje klime u Evropi: 2023. bila godina meteorolo\u0161kih kontrasta","datePublished":"2024-04-26T15:28:16+00:00","dateModified":"2024-05-04T06:39:21+00:00","mainEntityOfPage":{"@id":"https:\/\/balkangreenenergynews.com\/rs\/stanje-klime-u-evropi-2023-bila-godina-meteoroloskih-kontrasta\/"},"wordCount":903,"commentCount":0,"image":{"@id":"https:\/\/balkangreenenergynews.com\/rs\/stanje-klime-u-evropi-2023-bila-godina-meteoroloskih-kontrasta\/#primaryimage"},"thumbnailUrl":"https:\/\/balkangreenenergynews.com\/rs\/wp-content\/uploads\/2024\/04\/Stanje-klime-u-Evropi-2023.-godina-kontradiktornih-vremenskih-prilika.jpg?wsr","keywords":["klimatske promene","obnovljivi izvori energije","po\u017eari","su\u0161a","toplotni talasi"],"articleSection":["Klimatske promene"],"inLanguage":"sr-RS","potentialAction":[{"@type":"CommentAction","name":"Comment","target":["https:\/\/balkangreenenergynews.com\/rs\/stanje-klime-u-evropi-2023-bila-godina-meteoroloskih-kontrasta\/#respond"]}]},{"@type":"WebPage","@id":"https:\/\/balkangreenenergynews.com\/rs\/stanje-klime-u-evropi-2023-bila-godina-meteoroloskih-kontrasta\/","url":"https:\/\/balkangreenenergynews.com\/rs\/stanje-klime-u-evropi-2023-bila-godina-meteoroloskih-kontrasta\/","name":"Stanje klime u Evropi: 2023. bila godina meteorolo\u0161kih kontrasta","isPartOf":{"@id":"https:\/\/balkangreenenergynews.com\/rs\/#website"},"primaryImageOfPage":{"@id":"https:\/\/balkangreenenergynews.com\/rs\/stanje-klime-u-evropi-2023-bila-godina-meteoroloskih-kontrasta\/#primaryimage"},"image":{"@id":"https:\/\/balkangreenenergynews.com\/rs\/stanje-klime-u-evropi-2023-bila-godina-meteoroloskih-kontrasta\/#primaryimage"},"thumbnailUrl":"https:\/\/balkangreenenergynews.com\/rs\/wp-content\/uploads\/2024\/04\/Stanje-klime-u-Evropi-2023.-godina-kontradiktornih-vremenskih-prilika.jpg?wsr","datePublished":"2024-04-26T15:28:16+00:00","dateModified":"2024-05-04T06:39:21+00:00","author":{"@id":"https:\/\/balkangreenenergynews.com\/rs\/#\/schema\/person\/4b3c5831bbc05a72630d12560df2b3f8"},"description":"Izve\u0161taj Kopernikove Slu\u017ebe za posmatranje klimatskih promena Stanje klime u Evropi opisuje ekstremnu godinu za nama.","breadcrumb":{"@id":"https:\/\/balkangreenenergynews.com\/rs\/stanje-klime-u-evropi-2023-bila-godina-meteoroloskih-kontrasta\/#breadcrumb"},"inLanguage":"sr-RS","potentialAction":[{"@type":"ReadAction","target":["https:\/\/balkangreenenergynews.com\/rs\/stanje-klime-u-evropi-2023-bila-godina-meteoroloskih-kontrasta\/"]}]},{"@type":"ImageObject","inLanguage":"sr-RS","@id":"https:\/\/balkangreenenergynews.com\/rs\/stanje-klime-u-evropi-2023-bila-godina-meteoroloskih-kontrasta\/#primaryimage","url":"https:\/\/balkangreenenergynews.com\/rs\/wp-content\/uploads\/2024\/04\/Stanje-klime-u-Evropi-2023.-godina-kontradiktornih-vremenskih-prilika.jpg?wsr","contentUrl":"https:\/\/balkangreenenergynews.com\/rs\/wp-content\/uploads\/2024\/04\/Stanje-klime-u-Evropi-2023.-godina-kontradiktornih-vremenskih-prilika.jpg?wsr","width":840,"height":430,"caption":"Stanje klime u Evropi 2023. godina kontradiktornih vremenskih prilika"},{"@type":"BreadcrumbList","@id":"https:\/\/balkangreenenergynews.com\/rs\/stanje-klime-u-evropi-2023-bila-godina-meteoroloskih-kontrasta\/#breadcrumb","itemListElement":[{"@type":"ListItem","position":1,"name":"Po\u010detna","item":"https:\/\/balkangreenenergynews.com\/rs\/"},{"@type":"ListItem","position":2,"name":"Klimatske promene","item":"https:\/\/balkangreenenergynews.com\/rs\/kategorija\/klimatske-promene\/"},{"@type":"ListItem","position":3,"name":"Stanje klime u Evropi: 2023. bila godina meteorolo\u0161kih kontrasta"}]},{"@type":"WebSite","@id":"https:\/\/balkangreenenergynews.com\/rs\/#website","url":"https:\/\/balkangreenenergynews.com\/rs\/","name":"Balkan Green Energy News","description":"Naj\u0161iri izbor vesti sa Balkana o zelenoj energiji","potentialAction":[{"@type":"SearchAction","target":{"@type":"EntryPoint","urlTemplate":"https:\/\/balkangreenenergynews.com\/rs\/?s={search_term_string}"},"query-input":{"@type":"PropertyValueSpecification","valueRequired":true,"valueName":"search_term_string"}}],"inLanguage":"sr-RS"},{"@type":"Person","@id":"https:\/\/balkangreenenergynews.com\/rs\/#\/schema\/person\/4b3c5831bbc05a72630d12560df2b3f8","name":"Jelisaveta Peri\u0161i\u0107","url":"https:\/\/balkangreenenergynews.com\/rs\/author\/jelisavet-perisic\/"}]}},"_links":{"self":[{"href":"https:\/\/balkangreenenergynews.com\/rs\/wp-json\/wp\/v2\/posts\/68505","targetHints":{"allow":["GET"]}}],"collection":[{"href":"https:\/\/balkangreenenergynews.com\/rs\/wp-json\/wp\/v2\/posts"}],"about":[{"href":"https:\/\/balkangreenenergynews.com\/rs\/wp-json\/wp\/v2\/types\/post"}],"author":[{"embeddable":true,"href":"https:\/\/balkangreenenergynews.com\/rs\/wp-json\/wp\/v2\/users\/34"}],"replies":[{"embeddable":true,"href":"https:\/\/balkangreenenergynews.com\/rs\/wp-json\/wp\/v2\/comments?post=68505"}],"version-history":[{"count":0,"href":"https:\/\/balkangreenenergynews.com\/rs\/wp-json\/wp\/v2\/posts\/68505\/revisions"}],"wp:featuredmedia":[{"embeddable":true,"href":"https:\/\/balkangreenenergynews.com\/rs\/wp-json\/wp\/v2\/media\/68545"}],"wp:attachment":[{"href":"https:\/\/balkangreenenergynews.com\/rs\/wp-json\/wp\/v2\/media?parent=68505"}],"wp:term":[{"taxonomy":"category","embeddable":true,"href":"https:\/\/balkangreenenergynews.com\/rs\/wp-json\/wp\/v2\/categories?post=68505"},{"taxonomy":"post_tag","embeddable":true,"href":"https:\/\/balkangreenenergynews.com\/rs\/wp-json\/wp\/v2\/tags?post=68505"}],"curies":[{"name":"wp","href":"https:\/\/api.w.org\/{rel}","templated":true}]}}