{"id":68366,"date":"2024-04-19T14:47:58","date_gmt":"2024-04-19T12:47:58","guid":{"rendered":"https:\/\/balkangreenenergynews.com\/rs\/?p=68366"},"modified":"2024-04-19T15:45:00","modified_gmt":"2024-04-19T13:45:00","slug":"severna-makedonija-2026-ocekuje-prvo-spajanje-berzi-elektricne-energije-sa-nekom-od-clanica-eu","status":"publish","type":"post","link":"https:\/\/balkangreenenergynews.com\/rs\/severna-makedonija-2026-ocekuje-prvo-spajanje-berzi-elektricne-energije-sa-nekom-od-clanica-eu\/","title":{"rendered":"Severna Makedonija 2026. o\u010dekuje prvo spajanje berzi elektri\u010dne energije sa nekom od \u010dlanica EU"},"content":{"rendered":"<h2>Severna Makedonija o\u010dekuje da krajem 2026. godine zavr\u0161i prvo povezivanje svog organizovanog tr\u017ei\u0161ta elektri\u010dne energije sa tr\u017ei\u0161tem neke od susednih zemalja Evropske unije, najavio je u Briselu Simon \u0160utinoski, direktor Nacionalnog operatora tr\u017ei\u0161ta elektri\u010dne energije &#8211; MEMO.<\/h2>\n<p>Povezivanje tr\u017ei\u0161ta elektri\u010dne energije zemalja kandidata za \u010dlanstvo u Evropskoj uniji sa tr\u017ei\u0161tima zemalja EU je, prema re\u010dima Simona \u0160utinoskog, veoma va\u017eno, jer na taj na\u010din kandidati mogu da dobiju pristup evropskom tr\u017ei\u0161tu elektri\u010dne energije, prenosi <a href=\"https:\/\/mia.mk\/story\/%D1%88%D1%83%D1%82%D0%B8%D0%BD%D0%BE%D1%81%D0%BA%D0%B8-%D0%B7%D0%B0-%D0%BC%D0%B8%D0%B0-%D0%B4%D0%BE-%D0%BA%D1%80%D0%B0%D1%98%D0%BE%D1%82-%D0%BD%D0%B0-2026-%D0%BE%D1%87%D0%B5%D0%BA%D1%83%D0%B2%D0%B0%D0%BC-%D0%BF%D0%BE%D0%B2%D1%80%D0%B7%D1%83%D0%B2%D0%B0%D1%9A%D0%B5-%D0%BD%D0%B0-%D0%BD%D0%B0%D1%88%D0%B0%D1%82%D0%B0-%D1%81%D0%BE-%D0%B1%D0%B5%D1%80%D0%B7%D0%B0-%D0%B7%D0%B0-%D0%B5%D0%BB%D0%B5%D0%BA%D1%82%D1%80%D0%B8%D1%87%D0%BD%D0%B0-%D0%B5%D0%BD%D0%B5%D1%80%D0%B3%D0%B8%D1%98%D0%B0-%D0%BD%D0%B0-%D1%87%D0%BB%D0%B5%D0%BD%D0%BA%D0%B0-%D0%BD%D0%B0-%D0%B5%D1%83IAE\">MIA<\/a>.<\/p>\n<p>\u0160utinoski je sa predstavnicima drugih zemalja Zapadnog Balkana, Energetske zajednice i evropskih institucija u\u010destvovao na Forumu za integraciju tr\u017ei\u0161ta elektri\u010dne energije koji je odr\u017ean u Evropskom parlamentu. U okviru Foruma razgovaralo se i o planu za integraciju berzi Zapadnog Balkana, koji bi trebalo da bude gotov do juna.<\/p>\n<p>\u0160utinoski je istakao da je Severna Makedonija ve\u0107 dostavila svoje podatke i planove za pripremu ovog plana.<\/p>\n<p><a href=\"https:\/\/balkangreenenergynews.com\/rs\/severna-makedonija-imenovala-memo-za-operatora-organizovanog-trzista-elektricne-energije\/\">MEMO<\/a> je pro\u0161le godine <a href=\"https:\/\/balkangreenenergynews.com\/rs\/u-severnoj-makedoniji-pocela-s-radom-berza-elektricne-energije\/\">uspostavio berzu elektri\u010dne energije<\/a> i pokrenuo dan-unapred tr\u017ei\u0161te, a sada je slede\u0107i korak povezivanje tog tr\u017ei\u0161ta sa nekim od susednih tr\u017ei\u0161ta, pre svega sa onim u zemljama EU, istakao je \u0160utinoski.<\/p>\n<figure id=\"attachment_68370\" aria-describedby=\"caption-attachment-68370\" style=\"width: 840px\" class=\"wp-caption aligncenter\"><img loading=\"lazy\" decoding=\"async\" class=\"wp-image-68370 size-full\" src=\"https:\/\/balkangreenenergynews.com\/rs\/wp-content\/uploads\/2024\/04\/severna-makedonija-berza-elektricne-energije-memo-spajanje-sa-eu-sutinovski.jpg\" alt=\"severna makedonija berza elektricne energije memo spajanje sa eu sutinovski\" width=\"840\" height=\"430\" srcset=\"https:\/\/balkangreenenergynews.com\/rs\/wp-content\/uploads\/2024\/04\/severna-makedonija-berza-elektricne-energije-memo-spajanje-sa-eu-sutinovski.jpg 840w, https:\/\/balkangreenenergynews.com\/rs\/wp-content\/uploads\/2024\/04\/severna-makedonija-berza-elektricne-energije-memo-spajanje-sa-eu-sutinovski-500x256.jpg 500w, https:\/\/balkangreenenergynews.com\/rs\/wp-content\/uploads\/2024\/04\/severna-makedonija-berza-elektricne-energije-memo-spajanje-sa-eu-sutinovski-768x393.jpg 768w, https:\/\/balkangreenenergynews.com\/rs\/wp-content\/uploads\/2024\/04\/severna-makedonija-berza-elektricne-energije-memo-spajanje-sa-eu-sutinovski-300x154.jpg 300w\" sizes=\"auto, (max-width: 840px) 100vw, 840px\" \/><figcaption id=\"caption-attachment-68370\" class=\"wp-caption-text\">Foto: MEMO<\/figcaption><\/figure>\n<p>On je podsetio da je uz pomoc\u0301 Sekretarijata Energetske zajednice <a href=\"https:\/\/balkangreenenergynews.com\/rs\/bugarska-i-severna-makedonija-najavile-spajanje-dan-unapred-trzista-u-2022\/\">sa Bugarskom 2018. potpisan memorandum o razumevanju za povezivanje tr\u017ei\u0161ta elektri\u010dne energije<\/a>, a krajem pro\u0161le godine godine u Atini je <a href=\"https:\/\/balkangreenenergynews.com\/north-macedonia-greece-albania-kosovo-take-step-towards-day-ahead-market-coupling\/\">potpisan memorandum o razumevanju<\/a> sa Gr\u010dkom, Albanijom i Kosovom* za povezivanje tr\u017ei\u0161ta.<\/p>\n<p>Za realizaciju ova dva projekta vec\u0301 su formirane radne grupe i aktivno se radi na tehni\u010dkom usagla\u0161avanju kako bi se berze i povezale, naveo je \u0160utinoski, i dodao da povezivanje sa nekom EU berzom o\u010dekuje krajem 2026.<\/p>\n<p>Ina\u010de, Severna Makedonija je <a href=\"https:\/\/balkangreenenergynews.com\/rs\/bugarska-severna-makedonija-i-albanija-potpisale-memorandum-o-povezivanju-dan-unapred-trzista\/\">potpisala memorandum<\/a> o povezivanju tr\u017ei\u0161ta i sa Bugarskom i Albanijom.<\/p>\n<p>On isti\u010de da c\u0301e povezivanje na veliko evropsko energetsko tr\u017ei\u0161te doneti korist gra\u0111anima, posebno poslovnoj zajednici i industriji, jer omoguc\u0301ava lak\u0161i pristup prekograni\u010dnim prenosnim kapacitetima za elektri\u010dnu energiju, kao i realnije cene elektri\u010dne energije.<\/p>\n<blockquote><p>Ekspanzija berzi u regionu<\/p><\/blockquote>\n<p>Uz sve to, nudi i moguc\u0301nost preuzimanja vi\u0161e energije u trenucima kada je ona najpotrebnija industriji ili gra\u0111anima po tr\u017ei\u0161nim cenama, istakao je \u0160utinoski.<\/p>\n<p>Ina\u010de, Srbija je do aprila 2023. godine bila jedina koja je imala berzu na Zapadnom Balkanu, s obzirom da <a href=\"https:\/\/balkangreenenergynews.com\/rs\/osnovana-prva-regionalna-berza-elektricne-energije-adex\/\">SEEPEX<\/a> radi od februara 2016. U aprilu i maju pro\u0161le godine otvorene su berze u <a href=\"https:\/\/balkangreenenergynews.com\/rs\/berza-struje-alpex-pocela-s-radom-uvodjenjem-trzista-za-dan-unapred\/\">Albaniji<\/a>, <a href=\"https:\/\/balkangreenenergynews.com\/rs\/crnogorska-berza-elektricne-energije-uvela-trziste-za-dan-unapred\/\">Crnoj Gori<\/a> i <a href=\"https:\/\/balkangreenenergynews.com\/rs\/u-severnoj-makedoniji-pocela-s-radom-berza-elektricne-energije\/\">Severnoj Makedoniji<\/a>. a berzu u Albaniji koristi\u0107e i <a href=\"https:\/\/balkangreenenergynews.com\/rs\/kosovo-objavilo-ciljeve-energetske-tranzicije-do-2031-godine\/\">Kosovo*<\/a>.<\/p>\n<p>Sada je samo BiH bez berze, ali postoje naznake da bi i to <a href=\"https:\/\/balkangreenenergynews.com\/rs\/bih-konacno-dobija-berzu-elektricne-energije-dva-ministra-energetike-saglasna-da-je-to-prioritet\/\">moglo da se promeni<\/a>.<\/p>\n<p>U me\u0111uvremenu srpski SEEPEX je oti\u0161ao korak dalje, pa se prvo udru\u017eio sa slovena\u010dkom berzom i formirao <a href=\"https:\/\/balkangreenenergynews.com\/rs\/osnovana-prva-regionalna-berza-elektricne-energije-adex\/\">ADEX<\/a>, a sada im se <a href=\"https:\/\/balkangreenenergynews.com\/rs\/srbija-madjarska-slovenija-potpisale-sporazum-o-udruzivanju-berzi-elektricne-energije\/\">prklju\u010dila i ma\u0111arska berza HUPX<\/a>.<\/p>\n","protected":false},"excerpt":{"rendered":"<p>U Evropskom parlamentu odr\u017ean je Forum za integraciju tr\u017ei\u0161ta elektri\u010dne energije na kojem su u\u010destvovali predstavnici Zapadnog Balkana<\/p>\n","protected":false},"author":23,"featured_media":68369,"comment_status":"open","ping_status":"open","sticky":false,"template":"","format":"standard","meta":{"_acf_changed":false,"_monsterinsights_skip_tracking":false,"_monsterinsights_sitenote_active":false,"_monsterinsights_sitenote_note":"","_monsterinsights_sitenote_category":0,"footnotes":""},"categories":[504],"tags":[902,648,6415,5828],"class_list":["post-68366","post","type-post","status-publish","format-standard","has-post-thumbnail","hentry","category-elektricna-energija","tag-berza-elektricne-energije","tag-energetska-zajednica","tag-izjava-dana","tag-memo","country-makedonija"],"acf":[],"yoast_head":"<!-- This site is optimized with the Yoast SEO plugin v27.4 - https:\/\/yoast.com\/product\/yoast-seo-wordpress\/ -->\n<title>Severna Makedonija 2026. o\u010dekuje prvo spajanje berzi elektri\u010dne energije sa nekom od \u010dlanica EU<\/title>\n<meta name=\"description\" content=\"U Evropskom parlamentu odr\u017ean je Forum za integraciju tr\u017ei\u0161ta elektri\u010dne energije na kojem su u\u010destvovali predstavnici Zapadnog Balkana\" \/>\n<meta name=\"robots\" content=\"index, follow, max-snippet:-1, max-image-preview:large, max-video-preview:-1\" \/>\n<link rel=\"canonical\" href=\"https:\/\/balkangreenenergynews.com\/rs\/severna-makedonija-2026-ocekuje-prvo-spajanje-berzi-elektricne-energije-sa-nekom-od-clanica-eu\/\" \/>\n<meta property=\"og:locale\" content=\"sr_RS\" \/>\n<meta property=\"og:type\" content=\"article\" \/>\n<meta property=\"og:title\" content=\"Severna Makedonija 2026. o\u010dekuje prvo spajanje berzi elektri\u010dne energije sa nekom od \u010dlanica EU\" \/>\n<meta property=\"og:description\" content=\"U Evropskom parlamentu odr\u017ean je Forum za integraciju tr\u017ei\u0161ta elektri\u010dne energije na kojem su u\u010destvovali predstavnici Zapadnog Balkana\" \/>\n<meta property=\"og:url\" content=\"https:\/\/balkangreenenergynews.com\/rs\/severna-makedonija-2026-ocekuje-prvo-spajanje-berzi-elektricne-energije-sa-nekom-od-clanica-eu\/\" \/>\n<meta property=\"og:site_name\" content=\"Balkan Green Energy News\" \/>\n<meta property=\"article:published_time\" content=\"2024-04-19T12:47:58+00:00\" \/>\n<meta property=\"article:modified_time\" content=\"2024-04-19T13:45:00+00:00\" \/>\n<meta property=\"og:image\" content=\"https:\/\/balkangreenenergynews.com\/rs\/wp-content\/uploads\/2024\/04\/severna-makedonija-berza-elektricne-energije-memo-spajanje-sa-eu-brisel.jpg\" \/>\n\t<meta property=\"og:image:width\" content=\"840\" \/>\n\t<meta property=\"og:image:height\" content=\"430\" \/>\n\t<meta property=\"og:image:type\" content=\"image\/jpeg\" \/>\n<meta name=\"author\" content=\"Vladimir Spasi\u0107\" \/>\n<meta name=\"twitter:card\" content=\"summary_large_image\" \/>\n<meta name=\"twitter:label1\" content=\"\u041d\u0430\u043f\u0438\u0441\u0430\u043d\u043e \u043e\u0434\" \/>\n\t<meta name=\"twitter:data1\" content=\"Vladimir Spasi\u0107\" \/>\n\t<meta name=\"twitter:label2\" content=\"\u041f\u0440\u043e\u0446\u0435\u045a\u0435\u043d\u043e \u0432\u0440\u0435\u043c\u0435 \u0447\u0438\u0442\u0430\u045a\u0430\" \/>\n\t<meta name=\"twitter:data2\" content=\"3 \u043c\u0438\u043d\u0443\u0442\u0430\" \/>\n<script type=\"application\/ld+json\" class=\"yoast-schema-graph\">{\"@context\":\"https:\\\/\\\/schema.org\",\"@graph\":[{\"@type\":\"Article\",\"@id\":\"https:\\\/\\\/balkangreenenergynews.com\\\/rs\\\/severna-makedonija-2026-ocekuje-prvo-spajanje-berzi-elektricne-energije-sa-nekom-od-clanica-eu\\\/#article\",\"isPartOf\":{\"@id\":\"https:\\\/\\\/balkangreenenergynews.com\\\/rs\\\/severna-makedonija-2026-ocekuje-prvo-spajanje-berzi-elektricne-energije-sa-nekom-od-clanica-eu\\\/\"},\"author\":{\"name\":\"Vladimir Spasi\u0107\",\"@id\":\"https:\\\/\\\/balkangreenenergynews.com\\\/rs\\\/#\\\/schema\\\/person\\\/99dc721c46113fea22caffad06ef7317\"},\"headline\":\"Severna Makedonija 2026. o\u010dekuje prvo spajanje berzi elektri\u010dne energije sa nekom od \u010dlanica EU\",\"datePublished\":\"2024-04-19T12:47:58+00:00\",\"dateModified\":\"2024-04-19T13:45:00+00:00\",\"mainEntityOfPage\":{\"@id\":\"https:\\\/\\\/balkangreenenergynews.com\\\/rs\\\/severna-makedonija-2026-ocekuje-prvo-spajanje-berzi-elektricne-energije-sa-nekom-od-clanica-eu\\\/\"},\"wordCount\":511,\"commentCount\":0,\"image\":{\"@id\":\"https:\\\/\\\/balkangreenenergynews.com\\\/rs\\\/severna-makedonija-2026-ocekuje-prvo-spajanje-berzi-elektricne-energije-sa-nekom-od-clanica-eu\\\/#primaryimage\"},\"thumbnailUrl\":\"https:\\\/\\\/balkangreenenergynews.com\\\/rs\\\/wp-content\\\/uploads\\\/2024\\\/04\\\/severna-makedonija-berza-elektricne-energije-memo-spajanje-sa-eu-brisel.jpg?wsr\",\"keywords\":[\"berza elektri\u010dne energije\",\"Energetska zajednica\",\"Izjava dana\",\"MEMO\"],\"articleSection\":[\"Elektri\u010dna energija\"],\"inLanguage\":\"sr-RS\",\"potentialAction\":[{\"@type\":\"CommentAction\",\"name\":\"Comment\",\"target\":[\"https:\\\/\\\/balkangreenenergynews.com\\\/rs\\\/severna-makedonija-2026-ocekuje-prvo-spajanje-berzi-elektricne-energije-sa-nekom-od-clanica-eu\\\/#respond\"]}]},{\"@type\":\"WebPage\",\"@id\":\"https:\\\/\\\/balkangreenenergynews.com\\\/rs\\\/severna-makedonija-2026-ocekuje-prvo-spajanje-berzi-elektricne-energije-sa-nekom-od-clanica-eu\\\/\",\"url\":\"https:\\\/\\\/balkangreenenergynews.com\\\/rs\\\/severna-makedonija-2026-ocekuje-prvo-spajanje-berzi-elektricne-energije-sa-nekom-od-clanica-eu\\\/\",\"name\":\"Severna Makedonija 2026. o\u010dekuje prvo spajanje berzi elektri\u010dne energije sa nekom od \u010dlanica EU\",\"isPartOf\":{\"@id\":\"https:\\\/\\\/balkangreenenergynews.com\\\/rs\\\/#website\"},\"primaryImageOfPage\":{\"@id\":\"https:\\\/\\\/balkangreenenergynews.com\\\/rs\\\/severna-makedonija-2026-ocekuje-prvo-spajanje-berzi-elektricne-energije-sa-nekom-od-clanica-eu\\\/#primaryimage\"},\"image\":{\"@id\":\"https:\\\/\\\/balkangreenenergynews.com\\\/rs\\\/severna-makedonija-2026-ocekuje-prvo-spajanje-berzi-elektricne-energije-sa-nekom-od-clanica-eu\\\/#primaryimage\"},\"thumbnailUrl\":\"https:\\\/\\\/balkangreenenergynews.com\\\/rs\\\/wp-content\\\/uploads\\\/2024\\\/04\\\/severna-makedonija-berza-elektricne-energije-memo-spajanje-sa-eu-brisel.jpg?wsr\",\"datePublished\":\"2024-04-19T12:47:58+00:00\",\"dateModified\":\"2024-04-19T13:45:00+00:00\",\"author\":{\"@id\":\"https:\\\/\\\/balkangreenenergynews.com\\\/rs\\\/#\\\/schema\\\/person\\\/99dc721c46113fea22caffad06ef7317\"},\"description\":\"U Evropskom parlamentu odr\u017ean je Forum za integraciju tr\u017ei\u0161ta elektri\u010dne energije na kojem su u\u010destvovali predstavnici Zapadnog Balkana\",\"breadcrumb\":{\"@id\":\"https:\\\/\\\/balkangreenenergynews.com\\\/rs\\\/severna-makedonija-2026-ocekuje-prvo-spajanje-berzi-elektricne-energije-sa-nekom-od-clanica-eu\\\/#breadcrumb\"},\"inLanguage\":\"sr-RS\",\"potentialAction\":[{\"@type\":\"ReadAction\",\"target\":[\"https:\\\/\\\/balkangreenenergynews.com\\\/rs\\\/severna-makedonija-2026-ocekuje-prvo-spajanje-berzi-elektricne-energije-sa-nekom-od-clanica-eu\\\/\"]}]},{\"@type\":\"ImageObject\",\"inLanguage\":\"sr-RS\",\"@id\":\"https:\\\/\\\/balkangreenenergynews.com\\\/rs\\\/severna-makedonija-2026-ocekuje-prvo-spajanje-berzi-elektricne-energije-sa-nekom-od-clanica-eu\\\/#primaryimage\",\"url\":\"https:\\\/\\\/balkangreenenergynews.com\\\/rs\\\/wp-content\\\/uploads\\\/2024\\\/04\\\/severna-makedonija-berza-elektricne-energije-memo-spajanje-sa-eu-brisel.jpg?wsr\",\"contentUrl\":\"https:\\\/\\\/balkangreenenergynews.com\\\/rs\\\/wp-content\\\/uploads\\\/2024\\\/04\\\/severna-makedonija-berza-elektricne-energije-memo-spajanje-sa-eu-brisel.jpg?wsr\",\"width\":840,\"height\":430,\"caption\":\"severna makedonija berza elektricne energije memo spajanje sa eu brisel\"},{\"@type\":\"BreadcrumbList\",\"@id\":\"https:\\\/\\\/balkangreenenergynews.com\\\/rs\\\/severna-makedonija-2026-ocekuje-prvo-spajanje-berzi-elektricne-energije-sa-nekom-od-clanica-eu\\\/#breadcrumb\",\"itemListElement\":[{\"@type\":\"ListItem\",\"position\":1,\"name\":\"Po\u010detna\",\"item\":\"https:\\\/\\\/balkangreenenergynews.com\\\/rs\\\/\"},{\"@type\":\"ListItem\",\"position\":2,\"name\":\"Vesti\",\"item\":\"https:\\\/\\\/balkangreenenergynews.com\\\/rs\\\/kategorija\\\/vesti\\\/\"},{\"@type\":\"ListItem\",\"position\":3,\"name\":\"Elektri\u010dna energija\",\"item\":\"https:\\\/\\\/balkangreenenergynews.com\\\/rs\\\/kategorija\\\/vesti\\\/elektricna-energija\\\/\"},{\"@type\":\"ListItem\",\"position\":4,\"name\":\"Severna Makedonija 2026. o\u010dekuje prvo spajanje berzi elektri\u010dne energije sa nekom od \u010dlanica EU\"}]},{\"@type\":\"WebSite\",\"@id\":\"https:\\\/\\\/balkangreenenergynews.com\\\/rs\\\/#website\",\"url\":\"https:\\\/\\\/balkangreenenergynews.com\\\/rs\\\/\",\"name\":\"Balkan Green Energy News\",\"description\":\"Naj\u0161iri izbor vesti sa Balkana o zelenoj energiji\",\"potentialAction\":[{\"@type\":\"SearchAction\",\"target\":{\"@type\":\"EntryPoint\",\"urlTemplate\":\"https:\\\/\\\/balkangreenenergynews.com\\\/rs\\\/?s={search_term_string}\"},\"query-input\":{\"@type\":\"PropertyValueSpecification\",\"valueRequired\":true,\"valueName\":\"search_term_string\"}}],\"inLanguage\":\"sr-RS\"},{\"@type\":\"Person\",\"@id\":\"https:\\\/\\\/balkangreenenergynews.com\\\/rs\\\/#\\\/schema\\\/person\\\/99dc721c46113fea22caffad06ef7317\",\"name\":\"Vladimir Spasi\u0107\",\"url\":\"https:\\\/\\\/balkangreenenergynews.com\\\/rs\\\/author\\\/vladimir-spasic\\\/\"}]}<\/script>\n<!-- \/ Yoast SEO plugin. -->","yoast_head_json":{"title":"Severna Makedonija 2026. o\u010dekuje prvo spajanje berzi elektri\u010dne energije sa nekom od \u010dlanica EU","description":"U Evropskom parlamentu odr\u017ean je Forum za integraciju tr\u017ei\u0161ta elektri\u010dne energije na kojem su u\u010destvovali predstavnici Zapadnog Balkana","robots":{"index":"index","follow":"follow","max-snippet":"max-snippet:-1","max-image-preview":"max-image-preview:large","max-video-preview":"max-video-preview:-1"},"canonical":"https:\/\/balkangreenenergynews.com\/rs\/severna-makedonija-2026-ocekuje-prvo-spajanje-berzi-elektricne-energije-sa-nekom-od-clanica-eu\/","og_locale":"sr_RS","og_type":"article","og_title":"Severna Makedonija 2026. o\u010dekuje prvo spajanje berzi elektri\u010dne energije sa nekom od \u010dlanica EU","og_description":"U Evropskom parlamentu odr\u017ean je Forum za integraciju tr\u017ei\u0161ta elektri\u010dne energije na kojem su u\u010destvovali predstavnici Zapadnog Balkana","og_url":"https:\/\/balkangreenenergynews.com\/rs\/severna-makedonija-2026-ocekuje-prvo-spajanje-berzi-elektricne-energije-sa-nekom-od-clanica-eu\/","og_site_name":"Balkan Green Energy News","article_published_time":"2024-04-19T12:47:58+00:00","article_modified_time":"2024-04-19T13:45:00+00:00","og_image":[{"width":840,"height":430,"url":"https:\/\/balkangreenenergynews.com\/rs\/wp-content\/uploads\/2024\/04\/severna-makedonija-berza-elektricne-energije-memo-spajanje-sa-eu-brisel.jpg","type":"image\/jpeg"}],"author":"Vladimir Spasi\u0107","twitter_card":"summary_large_image","twitter_misc":{"\u041d\u0430\u043f\u0438\u0441\u0430\u043d\u043e \u043e\u0434":"Vladimir Spasi\u0107","\u041f\u0440\u043e\u0446\u0435\u045a\u0435\u043d\u043e \u0432\u0440\u0435\u043c\u0435 \u0447\u0438\u0442\u0430\u045a\u0430":"3 \u043c\u0438\u043d\u0443\u0442\u0430"},"schema":{"@context":"https:\/\/schema.org","@graph":[{"@type":"Article","@id":"https:\/\/balkangreenenergynews.com\/rs\/severna-makedonija-2026-ocekuje-prvo-spajanje-berzi-elektricne-energije-sa-nekom-od-clanica-eu\/#article","isPartOf":{"@id":"https:\/\/balkangreenenergynews.com\/rs\/severna-makedonija-2026-ocekuje-prvo-spajanje-berzi-elektricne-energije-sa-nekom-od-clanica-eu\/"},"author":{"name":"Vladimir Spasi\u0107","@id":"https:\/\/balkangreenenergynews.com\/rs\/#\/schema\/person\/99dc721c46113fea22caffad06ef7317"},"headline":"Severna Makedonija 2026. o\u010dekuje prvo spajanje berzi elektri\u010dne energije sa nekom od \u010dlanica EU","datePublished":"2024-04-19T12:47:58+00:00","dateModified":"2024-04-19T13:45:00+00:00","mainEntityOfPage":{"@id":"https:\/\/balkangreenenergynews.com\/rs\/severna-makedonija-2026-ocekuje-prvo-spajanje-berzi-elektricne-energije-sa-nekom-od-clanica-eu\/"},"wordCount":511,"commentCount":0,"image":{"@id":"https:\/\/balkangreenenergynews.com\/rs\/severna-makedonija-2026-ocekuje-prvo-spajanje-berzi-elektricne-energije-sa-nekom-od-clanica-eu\/#primaryimage"},"thumbnailUrl":"https:\/\/balkangreenenergynews.com\/rs\/wp-content\/uploads\/2024\/04\/severna-makedonija-berza-elektricne-energije-memo-spajanje-sa-eu-brisel.jpg?wsr","keywords":["berza elektri\u010dne energije","Energetska zajednica","Izjava dana","MEMO"],"articleSection":["Elektri\u010dna energija"],"inLanguage":"sr-RS","potentialAction":[{"@type":"CommentAction","name":"Comment","target":["https:\/\/balkangreenenergynews.com\/rs\/severna-makedonija-2026-ocekuje-prvo-spajanje-berzi-elektricne-energije-sa-nekom-od-clanica-eu\/#respond"]}]},{"@type":"WebPage","@id":"https:\/\/balkangreenenergynews.com\/rs\/severna-makedonija-2026-ocekuje-prvo-spajanje-berzi-elektricne-energije-sa-nekom-od-clanica-eu\/","url":"https:\/\/balkangreenenergynews.com\/rs\/severna-makedonija-2026-ocekuje-prvo-spajanje-berzi-elektricne-energije-sa-nekom-od-clanica-eu\/","name":"Severna Makedonija 2026. o\u010dekuje prvo spajanje berzi elektri\u010dne energije sa nekom od \u010dlanica EU","isPartOf":{"@id":"https:\/\/balkangreenenergynews.com\/rs\/#website"},"primaryImageOfPage":{"@id":"https:\/\/balkangreenenergynews.com\/rs\/severna-makedonija-2026-ocekuje-prvo-spajanje-berzi-elektricne-energije-sa-nekom-od-clanica-eu\/#primaryimage"},"image":{"@id":"https:\/\/balkangreenenergynews.com\/rs\/severna-makedonija-2026-ocekuje-prvo-spajanje-berzi-elektricne-energije-sa-nekom-od-clanica-eu\/#primaryimage"},"thumbnailUrl":"https:\/\/balkangreenenergynews.com\/rs\/wp-content\/uploads\/2024\/04\/severna-makedonija-berza-elektricne-energije-memo-spajanje-sa-eu-brisel.jpg?wsr","datePublished":"2024-04-19T12:47:58+00:00","dateModified":"2024-04-19T13:45:00+00:00","author":{"@id":"https:\/\/balkangreenenergynews.com\/rs\/#\/schema\/person\/99dc721c46113fea22caffad06ef7317"},"description":"U Evropskom parlamentu odr\u017ean je Forum za integraciju tr\u017ei\u0161ta elektri\u010dne energije na kojem su u\u010destvovali predstavnici Zapadnog Balkana","breadcrumb":{"@id":"https:\/\/balkangreenenergynews.com\/rs\/severna-makedonija-2026-ocekuje-prvo-spajanje-berzi-elektricne-energije-sa-nekom-od-clanica-eu\/#breadcrumb"},"inLanguage":"sr-RS","potentialAction":[{"@type":"ReadAction","target":["https:\/\/balkangreenenergynews.com\/rs\/severna-makedonija-2026-ocekuje-prvo-spajanje-berzi-elektricne-energije-sa-nekom-od-clanica-eu\/"]}]},{"@type":"ImageObject","inLanguage":"sr-RS","@id":"https:\/\/balkangreenenergynews.com\/rs\/severna-makedonija-2026-ocekuje-prvo-spajanje-berzi-elektricne-energije-sa-nekom-od-clanica-eu\/#primaryimage","url":"https:\/\/balkangreenenergynews.com\/rs\/wp-content\/uploads\/2024\/04\/severna-makedonija-berza-elektricne-energije-memo-spajanje-sa-eu-brisel.jpg?wsr","contentUrl":"https:\/\/balkangreenenergynews.com\/rs\/wp-content\/uploads\/2024\/04\/severna-makedonija-berza-elektricne-energije-memo-spajanje-sa-eu-brisel.jpg?wsr","width":840,"height":430,"caption":"severna makedonija berza elektricne energije memo spajanje sa eu brisel"},{"@type":"BreadcrumbList","@id":"https:\/\/balkangreenenergynews.com\/rs\/severna-makedonija-2026-ocekuje-prvo-spajanje-berzi-elektricne-energije-sa-nekom-od-clanica-eu\/#breadcrumb","itemListElement":[{"@type":"ListItem","position":1,"name":"Po\u010detna","item":"https:\/\/balkangreenenergynews.com\/rs\/"},{"@type":"ListItem","position":2,"name":"Vesti","item":"https:\/\/balkangreenenergynews.com\/rs\/kategorija\/vesti\/"},{"@type":"ListItem","position":3,"name":"Elektri\u010dna energija","item":"https:\/\/balkangreenenergynews.com\/rs\/kategorija\/vesti\/elektricna-energija\/"},{"@type":"ListItem","position":4,"name":"Severna Makedonija 2026. o\u010dekuje prvo spajanje berzi elektri\u010dne energije sa nekom od \u010dlanica EU"}]},{"@type":"WebSite","@id":"https:\/\/balkangreenenergynews.com\/rs\/#website","url":"https:\/\/balkangreenenergynews.com\/rs\/","name":"Balkan Green Energy News","description":"Naj\u0161iri izbor vesti sa Balkana o zelenoj energiji","potentialAction":[{"@type":"SearchAction","target":{"@type":"EntryPoint","urlTemplate":"https:\/\/balkangreenenergynews.com\/rs\/?s={search_term_string}"},"query-input":{"@type":"PropertyValueSpecification","valueRequired":true,"valueName":"search_term_string"}}],"inLanguage":"sr-RS"},{"@type":"Person","@id":"https:\/\/balkangreenenergynews.com\/rs\/#\/schema\/person\/99dc721c46113fea22caffad06ef7317","name":"Vladimir Spasi\u0107","url":"https:\/\/balkangreenenergynews.com\/rs\/author\/vladimir-spasic\/"}]}},"_links":{"self":[{"href":"https:\/\/balkangreenenergynews.com\/rs\/wp-json\/wp\/v2\/posts\/68366","targetHints":{"allow":["GET"]}}],"collection":[{"href":"https:\/\/balkangreenenergynews.com\/rs\/wp-json\/wp\/v2\/posts"}],"about":[{"href":"https:\/\/balkangreenenergynews.com\/rs\/wp-json\/wp\/v2\/types\/post"}],"author":[{"embeddable":true,"href":"https:\/\/balkangreenenergynews.com\/rs\/wp-json\/wp\/v2\/users\/23"}],"replies":[{"embeddable":true,"href":"https:\/\/balkangreenenergynews.com\/rs\/wp-json\/wp\/v2\/comments?post=68366"}],"version-history":[{"count":0,"href":"https:\/\/balkangreenenergynews.com\/rs\/wp-json\/wp\/v2\/posts\/68366\/revisions"}],"wp:featuredmedia":[{"embeddable":true,"href":"https:\/\/balkangreenenergynews.com\/rs\/wp-json\/wp\/v2\/media\/68369"}],"wp:attachment":[{"href":"https:\/\/balkangreenenergynews.com\/rs\/wp-json\/wp\/v2\/media?parent=68366"}],"wp:term":[{"taxonomy":"category","embeddable":true,"href":"https:\/\/balkangreenenergynews.com\/rs\/wp-json\/wp\/v2\/categories?post=68366"},{"taxonomy":"post_tag","embeddable":true,"href":"https:\/\/balkangreenenergynews.com\/rs\/wp-json\/wp\/v2\/tags?post=68366"}],"curies":[{"name":"wp","href":"https:\/\/api.w.org\/{rel}","templated":true}]}}