{"id":68153,"date":"2024-04-12T17:19:53","date_gmt":"2024-04-12T15:19:53","guid":{"rendered":"https:\/\/balkangreenenergynews.com\/rs\/?p=68153"},"modified":"2024-04-12T17:19:53","modified_gmt":"2024-04-12T15:19:53","slug":"evropski-sud-za-ljudska-prava-zastita-od-klimatskih-promena-je-ljudsko-pravo","status":"publish","type":"post","link":"https:\/\/balkangreenenergynews.com\/rs\/evropski-sud-za-ljudska-prava-zastita-od-klimatskih-promena-je-ljudsko-pravo\/","title":{"rendered":"Evropski sud za ljudska prava: Za\u0161tita od klimatskih promena je ljudsko pravo"},"content":{"rendered":"<h2>Evropski sud za ljudska prava doneo je istorijsku presudu prema kojoj su vlade du\u017ene da za\u0161tite gra\u0111ane od posledica klimatskih promena jer je to njihovo pravo u skladu sa Evropskom konvencijom o ljudskim pravima. Sud u Strazburu se i ranije pozivao na pravo na po\u0161tovanje privatnog i porodi\u010dnog \u017eivota u predmetima za\u0161tite \u017eivotne sredine, ali sada je to prvi put uradio u sporu koji se odnosi na klimatska pitanja.<\/h2>\n<p>Udru\u017eenje Starije \u017eene \u0160vajcarske za za\u0161titu klime (<a href=\"https:\/\/en.klimaseniorinnen.ch\/\">KlimaSeniorinnen Schveiz<\/a>), koje predstavlja vi\u0161e od 2.500 \u017eena starih 64 i vi\u0161e godina, preduzelo je akciju protiv svoje vlade zbog, kako tvrdi, kr\u0161enja ljudskih prava svojih \u010dlanica, ta\u010dnije zato \u0161to nije postavila dovoljno dobre klimatske ciljeve.<\/p>\n<p>Posle gubitka sporova pred \u0161vajcarskim sudovima, sada je ostvarilo istorijsku pobedu na Evropskom sudu za ljudska prava (ECHR).<\/p>\n<p>Ovo je prvi put da transnacionalni sud specijalizovan za ljudska prava direktno podr\u017eava ljudsko pravo na za\u0161titu od klimatskih promena, saop\u0161tila je ta organizacija. Evropske nevladine organizacije ocenjuju da bi presuda mogla da bude presedan za klimatske pravne slu\u010dajeve zasnovane na argumentima o ljudskim pravima.<\/p>\n<blockquote><p>Sud je utvrdio povredu \u010dlana 8 \u2013 pravo na privatni i porodi\u010dni \u017eivot<\/p><\/blockquote>\n<p>Veliko vec\u0301e Suda u Strazburu presudilo je u predmetu Verein KlimaSeniorinnen Schweiz and Others v. Switzerland da vlada kr\u0161i ljudska prava starijih \u017eena ne preduzimajuc\u0301i neophodne korake u borbi protiv globalnog zagrevanja, saop\u0161tilo je Udru\u017eenje i dodalo da je Vec\u0301e utvrdilo da je prekr\u0161en \u010dlan 8 &#8211; pravo na privatni i porodi\u010dni \u017eivot.<\/p>\n<p>Sud je, kako dodaju, svojom odlukom potvrdio da sve \u010de\u0161c\u0301i i intenzivni toplotni talasi izazvani klimatskim promenama predstavljaju stvarnu i ozbiljnu pretnju po zdravlje i privatni i porodi\u010dni \u017eivot starijih \u017eena.<\/p>\n<blockquote><p>Presuda predstavlja presedan za svih 46 \u010dlanica Saveta Evrope<\/p><\/blockquote>\n<p>U svojoj presudi, ECHR postavlja posebne zahteve koje \u0160vajcarska mora da ispuni da bi popravila propuste u za\u0161titi od klimatskih promena, napominje Udru\u017eenje.<\/p>\n<p>Tako\u0111e je istaklo i dalekose\u017ene implikacije presude.<\/p>\n<p>Re\u0107 je o presedanu za svih 46 \u010dlanica Saveta Evrope gra\u0111ani mogu zatra\u017eiti od svojih vlada da preispitaju i, ako je potrebno, oja\u010daju svoju klimatsku politiku na osnovu principa koje je razvio ECHR za za\u0161titu ljudskih prava, naglasili je udru\u017eenje KlimaSeniorinnen Schveiz .<\/p>\n<h3>ECHR je potvrdio da je za\u0161tita od klimatskih promena ljudsko pravo<\/h3>\n<figure id=\"attachment_68156\" aria-describedby=\"caption-attachment-68156\" style=\"width: 840px\" class=\"wp-caption aligncenter\"><img loading=\"lazy\" decoding=\"async\" class=\"wp-image-68156 size-full\" src=\"https:\/\/balkangreenenergynews.com\/rs\/wp-content\/uploads\/2024\/04\/evropski-sud-klimatske-promene-ljudsko-pravo-zene-svajcarska.jpg\" alt=\"evropski sud klimatske promene ljudsko pravo zene svajcarska\" width=\"840\" height=\"560\" srcset=\"https:\/\/balkangreenenergynews.com\/rs\/wp-content\/uploads\/2024\/04\/evropski-sud-klimatske-promene-ljudsko-pravo-zene-svajcarska.jpg 840w, https:\/\/balkangreenenergynews.com\/rs\/wp-content\/uploads\/2024\/04\/evropski-sud-klimatske-promene-ljudsko-pravo-zene-svajcarska-500x333.jpg 500w, https:\/\/balkangreenenergynews.com\/rs\/wp-content\/uploads\/2024\/04\/evropski-sud-klimatske-promene-ljudsko-pravo-zene-svajcarska-768x512.jpg 768w, https:\/\/balkangreenenergynews.com\/rs\/wp-content\/uploads\/2024\/04\/evropski-sud-klimatske-promene-ljudsko-pravo-zene-svajcarska-635x422.jpg 635w, https:\/\/balkangreenenergynews.com\/rs\/wp-content\/uploads\/2024\/04\/evropski-sud-klimatske-promene-ljudsko-pravo-zene-svajcarska-300x200.jpg 300w\" sizes=\"auto, (max-width: 840px) 100vw, 840px\" \/><figcaption id=\"caption-attachment-68156\" class=\"wp-caption-text\">Foto: KlimaSeniorinnen Schveiz<\/figcaption><\/figure>\n<p>Kopredsednica Udru\u017eenja Rozmari VidlerValti izjavila je da presuda nije samo njihova pobeda, ve\u0107 pobeda za sve generacije.<\/p>\n<p>Posebno, kako je istakla, za portugalsku omladinu, \u010dija c\u0301e generacija dugoro\u010dno imati koristi od\u00a0 pobolj\u0161ane klime.<\/p>\n<p>Prisustvo mladih ljudi u sudnici pokazalo je sudijama lice ljudskih prava za buduc\u0301nost, rekla je ona.<\/p>\n<p>Treba re\u0107i da je Sud odbacio sli\u010dan klimatski slu\u010daj koji je podnelo <a href=\"https:\/\/balkangreenenergynews.com\/rs\/sest-mladih-ljudi-pokrenulo-najvecu-klimatsku-parnicu-u-istoriji\/\">\u0161est mladih Portugalaca<\/a>.<\/p>\n<p>Prema re\u010dima druge kopredsednice An Marer, \u200b\u200bnakon devet godina borbe, Sud je potvrdio da je za\u0161tita klime ljudsko pravo.<\/p>\n<p>&#8222;Odluka suda je obavezujuc\u0301a za Savezno vec\u0301e i Parlament. Ljudska prava su osnova svake demokratije i o\u010dekujemo od politi\u010dara svih boja da se pridr\u017eavaju presude&#8220; rekao je Georg Klingler, inicijator i koordinator projekta u organizaciji Greenpeace Svitzerland.<\/p>\n","protected":false},"excerpt":{"rendered":"<p>Evropski sud za ljudska prava doneo je istorijsku presudu prema kojoj su vlade du\u017ene da za\u0161tite gra\u0111ane od posledica klimatskih promena<\/p>\n","protected":false},"author":23,"featured_media":68154,"comment_status":"open","ping_status":"open","sticky":false,"template":"","format":"standard","meta":{"_acf_changed":false,"_monsterinsights_skip_tracking":false,"_monsterinsights_sitenote_active":false,"_monsterinsights_sitenote_note":"","_monsterinsights_sitenote_category":0,"footnotes":""},"categories":[5909,4],"tags":[6442,6934,883,766,6684,5921],"class_list":["post-68153","post","type-post","status-publish","format-standard","has-post-thumbnail","hentry","category-klimatske-promene","category-zivotna-sredina","tag-ekstremne-vrucine","tag-evropski-sud-za-ljudska-prava","tag-globalno-zagrevanje","tag-klimatske-promene","tag-toplotni-talasi","tag-zivotna-sredina","country-regioneu"],"acf":[],"yoast_head":"<!-- This site is optimized with the Yoast SEO plugin v27.4 - https:\/\/yoast.com\/product\/yoast-seo-wordpress\/ -->\n<title>Evropski sud za ljudska prava: Za\u0161tita od klimatskih promena je ljudsko pravo<\/title>\n<meta name=\"description\" content=\"Evropski sud za ljudska prava doneo je istorijsku presudu prema kojoj su vlade du\u017ene da za\u0161tite gra\u0111ane od posledica klimatskih promena\" \/>\n<meta name=\"robots\" content=\"index, follow, max-snippet:-1, max-image-preview:large, max-video-preview:-1\" \/>\n<link rel=\"canonical\" href=\"https:\/\/balkangreenenergynews.com\/rs\/evropski-sud-za-ljudska-prava-zastita-od-klimatskih-promena-je-ljudsko-pravo\/\" \/>\n<meta property=\"og:locale\" content=\"sr_RS\" \/>\n<meta property=\"og:type\" content=\"article\" \/>\n<meta property=\"og:title\" content=\"Evropski sud za ljudska prava: Za\u0161tita od klimatskih promena je ljudsko pravo\" \/>\n<meta property=\"og:description\" content=\"Evropski sud za ljudska prava doneo je istorijsku presudu prema kojoj su vlade du\u017ene da za\u0161tite gra\u0111ane od posledica klimatskih promena\" \/>\n<meta property=\"og:url\" content=\"https:\/\/balkangreenenergynews.com\/rs\/evropski-sud-za-ljudska-prava-zastita-od-klimatskih-promena-je-ljudsko-pravo\/\" \/>\n<meta property=\"og:site_name\" content=\"Balkan Green Energy News\" \/>\n<meta property=\"article:published_time\" content=\"2024-04-12T15:19:53+00:00\" \/>\n<meta property=\"og:image\" content=\"https:\/\/balkangreenenergynews.com\/rs\/wp-content\/uploads\/2024\/04\/evropski-sud-klimatske-promene-ljudsko-pravo-zene-svajcarska-penzionerke.jpg\" \/>\n\t<meta property=\"og:image:width\" content=\"840\" \/>\n\t<meta property=\"og:image:height\" content=\"430\" \/>\n\t<meta property=\"og:image:type\" content=\"image\/jpeg\" \/>\n<meta name=\"author\" content=\"Vladimir Spasi\u0107\" \/>\n<meta name=\"twitter:card\" content=\"summary_large_image\" \/>\n<meta name=\"twitter:label1\" content=\"\u041d\u0430\u043f\u0438\u0441\u0430\u043d\u043e \u043e\u0434\" \/>\n\t<meta name=\"twitter:data1\" content=\"Vladimir Spasi\u0107\" \/>\n\t<meta name=\"twitter:label2\" content=\"\u041f\u0440\u043e\u0446\u0435\u045a\u0435\u043d\u043e \u0432\u0440\u0435\u043c\u0435 \u0447\u0438\u0442\u0430\u045a\u0430\" \/>\n\t<meta name=\"twitter:data2\" content=\"3 \u043c\u0438\u043d\u0443\u0442\u0430\" \/>\n<script type=\"application\/ld+json\" class=\"yoast-schema-graph\">{\"@context\":\"https:\\\/\\\/schema.org\",\"@graph\":[{\"@type\":\"Article\",\"@id\":\"https:\\\/\\\/balkangreenenergynews.com\\\/rs\\\/evropski-sud-za-ljudska-prava-zastita-od-klimatskih-promena-je-ljudsko-pravo\\\/#article\",\"isPartOf\":{\"@id\":\"https:\\\/\\\/balkangreenenergynews.com\\\/rs\\\/evropski-sud-za-ljudska-prava-zastita-od-klimatskih-promena-je-ljudsko-pravo\\\/\"},\"author\":{\"name\":\"Vladimir Spasi\u0107\",\"@id\":\"https:\\\/\\\/balkangreenenergynews.com\\\/rs\\\/#\\\/schema\\\/person\\\/99dc721c46113fea22caffad06ef7317\"},\"headline\":\"Evropski sud za ljudska prava: Za\u0161tita od klimatskih promena je ljudsko pravo\",\"datePublished\":\"2024-04-12T15:19:53+00:00\",\"mainEntityOfPage\":{\"@id\":\"https:\\\/\\\/balkangreenenergynews.com\\\/rs\\\/evropski-sud-za-ljudska-prava-zastita-od-klimatskih-promena-je-ljudsko-pravo\\\/\"},\"wordCount\":553,\"commentCount\":0,\"image\":{\"@id\":\"https:\\\/\\\/balkangreenenergynews.com\\\/rs\\\/evropski-sud-za-ljudska-prava-zastita-od-klimatskih-promena-je-ljudsko-pravo\\\/#primaryimage\"},\"thumbnailUrl\":\"https:\\\/\\\/balkangreenenergynews.com\\\/rs\\\/wp-content\\\/uploads\\\/2024\\\/04\\\/evropski-sud-klimatske-promene-ljudsko-pravo-zene-svajcarska-penzionerke.jpg?wsr\",\"keywords\":[\"ekstremne vru\u0107ine\",\"Evropski sud za ljudska prava\",\"globalno zagrevanje\",\"klimatske promene\",\"toplotni talasi\",\"\u017eivotna sredina\"],\"articleSection\":[\"Klimatske promene\",\"\u017divotna sredina\"],\"inLanguage\":\"sr-RS\",\"potentialAction\":[{\"@type\":\"CommentAction\",\"name\":\"Comment\",\"target\":[\"https:\\\/\\\/balkangreenenergynews.com\\\/rs\\\/evropski-sud-za-ljudska-prava-zastita-od-klimatskih-promena-je-ljudsko-pravo\\\/#respond\"]}]},{\"@type\":\"WebPage\",\"@id\":\"https:\\\/\\\/balkangreenenergynews.com\\\/rs\\\/evropski-sud-za-ljudska-prava-zastita-od-klimatskih-promena-je-ljudsko-pravo\\\/\",\"url\":\"https:\\\/\\\/balkangreenenergynews.com\\\/rs\\\/evropski-sud-za-ljudska-prava-zastita-od-klimatskih-promena-je-ljudsko-pravo\\\/\",\"name\":\"Evropski sud za ljudska prava: Za\u0161tita od klimatskih promena je ljudsko pravo\",\"isPartOf\":{\"@id\":\"https:\\\/\\\/balkangreenenergynews.com\\\/rs\\\/#website\"},\"primaryImageOfPage\":{\"@id\":\"https:\\\/\\\/balkangreenenergynews.com\\\/rs\\\/evropski-sud-za-ljudska-prava-zastita-od-klimatskih-promena-je-ljudsko-pravo\\\/#primaryimage\"},\"image\":{\"@id\":\"https:\\\/\\\/balkangreenenergynews.com\\\/rs\\\/evropski-sud-za-ljudska-prava-zastita-od-klimatskih-promena-je-ljudsko-pravo\\\/#primaryimage\"},\"thumbnailUrl\":\"https:\\\/\\\/balkangreenenergynews.com\\\/rs\\\/wp-content\\\/uploads\\\/2024\\\/04\\\/evropski-sud-klimatske-promene-ljudsko-pravo-zene-svajcarska-penzionerke.jpg?wsr\",\"datePublished\":\"2024-04-12T15:19:53+00:00\",\"author\":{\"@id\":\"https:\\\/\\\/balkangreenenergynews.com\\\/rs\\\/#\\\/schema\\\/person\\\/99dc721c46113fea22caffad06ef7317\"},\"description\":\"Evropski sud za ljudska prava doneo je istorijsku presudu prema kojoj su vlade du\u017ene da za\u0161tite gra\u0111ane od posledica klimatskih promena\",\"breadcrumb\":{\"@id\":\"https:\\\/\\\/balkangreenenergynews.com\\\/rs\\\/evropski-sud-za-ljudska-prava-zastita-od-klimatskih-promena-je-ljudsko-pravo\\\/#breadcrumb\"},\"inLanguage\":\"sr-RS\",\"potentialAction\":[{\"@type\":\"ReadAction\",\"target\":[\"https:\\\/\\\/balkangreenenergynews.com\\\/rs\\\/evropski-sud-za-ljudska-prava-zastita-od-klimatskih-promena-je-ljudsko-pravo\\\/\"]}]},{\"@type\":\"ImageObject\",\"inLanguage\":\"sr-RS\",\"@id\":\"https:\\\/\\\/balkangreenenergynews.com\\\/rs\\\/evropski-sud-za-ljudska-prava-zastita-od-klimatskih-promena-je-ljudsko-pravo\\\/#primaryimage\",\"url\":\"https:\\\/\\\/balkangreenenergynews.com\\\/rs\\\/wp-content\\\/uploads\\\/2024\\\/04\\\/evropski-sud-klimatske-promene-ljudsko-pravo-zene-svajcarska-penzionerke.jpg?wsr\",\"contentUrl\":\"https:\\\/\\\/balkangreenenergynews.com\\\/rs\\\/wp-content\\\/uploads\\\/2024\\\/04\\\/evropski-sud-klimatske-promene-ljudsko-pravo-zene-svajcarska-penzionerke.jpg?wsr\",\"width\":840,\"height\":430,\"caption\":\"evropski sud klimatske promene ljudsko pravo zene svajcarska penzionerke\"},{\"@type\":\"BreadcrumbList\",\"@id\":\"https:\\\/\\\/balkangreenenergynews.com\\\/rs\\\/evropski-sud-za-ljudska-prava-zastita-od-klimatskih-promena-je-ljudsko-pravo\\\/#breadcrumb\",\"itemListElement\":[{\"@type\":\"ListItem\",\"position\":1,\"name\":\"Po\u010detna\",\"item\":\"https:\\\/\\\/balkangreenenergynews.com\\\/rs\\\/\"},{\"@type\":\"ListItem\",\"position\":2,\"name\":\"Klimatske promene\",\"item\":\"https:\\\/\\\/balkangreenenergynews.com\\\/rs\\\/kategorija\\\/klimatske-promene\\\/\"},{\"@type\":\"ListItem\",\"position\":3,\"name\":\"Evropski sud za ljudska prava: Za\u0161tita od klimatskih promena je ljudsko pravo\"}]},{\"@type\":\"WebSite\",\"@id\":\"https:\\\/\\\/balkangreenenergynews.com\\\/rs\\\/#website\",\"url\":\"https:\\\/\\\/balkangreenenergynews.com\\\/rs\\\/\",\"name\":\"Balkan Green Energy News\",\"description\":\"Naj\u0161iri izbor vesti sa Balkana o zelenoj energiji\",\"potentialAction\":[{\"@type\":\"SearchAction\",\"target\":{\"@type\":\"EntryPoint\",\"urlTemplate\":\"https:\\\/\\\/balkangreenenergynews.com\\\/rs\\\/?s={search_term_string}\"},\"query-input\":{\"@type\":\"PropertyValueSpecification\",\"valueRequired\":true,\"valueName\":\"search_term_string\"}}],\"inLanguage\":\"sr-RS\"},{\"@type\":\"Person\",\"@id\":\"https:\\\/\\\/balkangreenenergynews.com\\\/rs\\\/#\\\/schema\\\/person\\\/99dc721c46113fea22caffad06ef7317\",\"name\":\"Vladimir Spasi\u0107\",\"url\":\"https:\\\/\\\/balkangreenenergynews.com\\\/rs\\\/author\\\/vladimir-spasic\\\/\"}]}<\/script>\n<!-- \/ Yoast SEO plugin. -->","yoast_head_json":{"title":"Evropski sud za ljudska prava: Za\u0161tita od klimatskih promena je ljudsko pravo","description":"Evropski sud za ljudska prava doneo je istorijsku presudu prema kojoj su vlade du\u017ene da za\u0161tite gra\u0111ane od posledica klimatskih promena","robots":{"index":"index","follow":"follow","max-snippet":"max-snippet:-1","max-image-preview":"max-image-preview:large","max-video-preview":"max-video-preview:-1"},"canonical":"https:\/\/balkangreenenergynews.com\/rs\/evropski-sud-za-ljudska-prava-zastita-od-klimatskih-promena-je-ljudsko-pravo\/","og_locale":"sr_RS","og_type":"article","og_title":"Evropski sud za ljudska prava: Za\u0161tita od klimatskih promena je ljudsko pravo","og_description":"Evropski sud za ljudska prava doneo je istorijsku presudu prema kojoj su vlade du\u017ene da za\u0161tite gra\u0111ane od posledica klimatskih promena","og_url":"https:\/\/balkangreenenergynews.com\/rs\/evropski-sud-za-ljudska-prava-zastita-od-klimatskih-promena-je-ljudsko-pravo\/","og_site_name":"Balkan Green Energy News","article_published_time":"2024-04-12T15:19:53+00:00","og_image":[{"width":840,"height":430,"url":"https:\/\/balkangreenenergynews.com\/rs\/wp-content\/uploads\/2024\/04\/evropski-sud-klimatske-promene-ljudsko-pravo-zene-svajcarska-penzionerke.jpg","type":"image\/jpeg"}],"author":"Vladimir Spasi\u0107","twitter_card":"summary_large_image","twitter_misc":{"\u041d\u0430\u043f\u0438\u0441\u0430\u043d\u043e \u043e\u0434":"Vladimir Spasi\u0107","\u041f\u0440\u043e\u0446\u0435\u045a\u0435\u043d\u043e \u0432\u0440\u0435\u043c\u0435 \u0447\u0438\u0442\u0430\u045a\u0430":"3 \u043c\u0438\u043d\u0443\u0442\u0430"},"schema":{"@context":"https:\/\/schema.org","@graph":[{"@type":"Article","@id":"https:\/\/balkangreenenergynews.com\/rs\/evropski-sud-za-ljudska-prava-zastita-od-klimatskih-promena-je-ljudsko-pravo\/#article","isPartOf":{"@id":"https:\/\/balkangreenenergynews.com\/rs\/evropski-sud-za-ljudska-prava-zastita-od-klimatskih-promena-je-ljudsko-pravo\/"},"author":{"name":"Vladimir Spasi\u0107","@id":"https:\/\/balkangreenenergynews.com\/rs\/#\/schema\/person\/99dc721c46113fea22caffad06ef7317"},"headline":"Evropski sud za ljudska prava: Za\u0161tita od klimatskih promena je ljudsko pravo","datePublished":"2024-04-12T15:19:53+00:00","mainEntityOfPage":{"@id":"https:\/\/balkangreenenergynews.com\/rs\/evropski-sud-za-ljudska-prava-zastita-od-klimatskih-promena-je-ljudsko-pravo\/"},"wordCount":553,"commentCount":0,"image":{"@id":"https:\/\/balkangreenenergynews.com\/rs\/evropski-sud-za-ljudska-prava-zastita-od-klimatskih-promena-je-ljudsko-pravo\/#primaryimage"},"thumbnailUrl":"https:\/\/balkangreenenergynews.com\/rs\/wp-content\/uploads\/2024\/04\/evropski-sud-klimatske-promene-ljudsko-pravo-zene-svajcarska-penzionerke.jpg?wsr","keywords":["ekstremne vru\u0107ine","Evropski sud za ljudska prava","globalno zagrevanje","klimatske promene","toplotni talasi","\u017eivotna sredina"],"articleSection":["Klimatske promene","\u017divotna sredina"],"inLanguage":"sr-RS","potentialAction":[{"@type":"CommentAction","name":"Comment","target":["https:\/\/balkangreenenergynews.com\/rs\/evropski-sud-za-ljudska-prava-zastita-od-klimatskih-promena-je-ljudsko-pravo\/#respond"]}]},{"@type":"WebPage","@id":"https:\/\/balkangreenenergynews.com\/rs\/evropski-sud-za-ljudska-prava-zastita-od-klimatskih-promena-je-ljudsko-pravo\/","url":"https:\/\/balkangreenenergynews.com\/rs\/evropski-sud-za-ljudska-prava-zastita-od-klimatskih-promena-je-ljudsko-pravo\/","name":"Evropski sud za ljudska prava: Za\u0161tita od klimatskih promena je ljudsko pravo","isPartOf":{"@id":"https:\/\/balkangreenenergynews.com\/rs\/#website"},"primaryImageOfPage":{"@id":"https:\/\/balkangreenenergynews.com\/rs\/evropski-sud-za-ljudska-prava-zastita-od-klimatskih-promena-je-ljudsko-pravo\/#primaryimage"},"image":{"@id":"https:\/\/balkangreenenergynews.com\/rs\/evropski-sud-za-ljudska-prava-zastita-od-klimatskih-promena-je-ljudsko-pravo\/#primaryimage"},"thumbnailUrl":"https:\/\/balkangreenenergynews.com\/rs\/wp-content\/uploads\/2024\/04\/evropski-sud-klimatske-promene-ljudsko-pravo-zene-svajcarska-penzionerke.jpg?wsr","datePublished":"2024-04-12T15:19:53+00:00","author":{"@id":"https:\/\/balkangreenenergynews.com\/rs\/#\/schema\/person\/99dc721c46113fea22caffad06ef7317"},"description":"Evropski sud za ljudska prava doneo je istorijsku presudu prema kojoj su vlade du\u017ene da za\u0161tite gra\u0111ane od posledica klimatskih promena","breadcrumb":{"@id":"https:\/\/balkangreenenergynews.com\/rs\/evropski-sud-za-ljudska-prava-zastita-od-klimatskih-promena-je-ljudsko-pravo\/#breadcrumb"},"inLanguage":"sr-RS","potentialAction":[{"@type":"ReadAction","target":["https:\/\/balkangreenenergynews.com\/rs\/evropski-sud-za-ljudska-prava-zastita-od-klimatskih-promena-je-ljudsko-pravo\/"]}]},{"@type":"ImageObject","inLanguage":"sr-RS","@id":"https:\/\/balkangreenenergynews.com\/rs\/evropski-sud-za-ljudska-prava-zastita-od-klimatskih-promena-je-ljudsko-pravo\/#primaryimage","url":"https:\/\/balkangreenenergynews.com\/rs\/wp-content\/uploads\/2024\/04\/evropski-sud-klimatske-promene-ljudsko-pravo-zene-svajcarska-penzionerke.jpg?wsr","contentUrl":"https:\/\/balkangreenenergynews.com\/rs\/wp-content\/uploads\/2024\/04\/evropski-sud-klimatske-promene-ljudsko-pravo-zene-svajcarska-penzionerke.jpg?wsr","width":840,"height":430,"caption":"evropski sud klimatske promene ljudsko pravo zene svajcarska penzionerke"},{"@type":"BreadcrumbList","@id":"https:\/\/balkangreenenergynews.com\/rs\/evropski-sud-za-ljudska-prava-zastita-od-klimatskih-promena-je-ljudsko-pravo\/#breadcrumb","itemListElement":[{"@type":"ListItem","position":1,"name":"Po\u010detna","item":"https:\/\/balkangreenenergynews.com\/rs\/"},{"@type":"ListItem","position":2,"name":"Klimatske promene","item":"https:\/\/balkangreenenergynews.com\/rs\/kategorija\/klimatske-promene\/"},{"@type":"ListItem","position":3,"name":"Evropski sud za ljudska prava: Za\u0161tita od klimatskih promena je ljudsko pravo"}]},{"@type":"WebSite","@id":"https:\/\/balkangreenenergynews.com\/rs\/#website","url":"https:\/\/balkangreenenergynews.com\/rs\/","name":"Balkan Green Energy News","description":"Naj\u0161iri izbor vesti sa Balkana o zelenoj energiji","potentialAction":[{"@type":"SearchAction","target":{"@type":"EntryPoint","urlTemplate":"https:\/\/balkangreenenergynews.com\/rs\/?s={search_term_string}"},"query-input":{"@type":"PropertyValueSpecification","valueRequired":true,"valueName":"search_term_string"}}],"inLanguage":"sr-RS"},{"@type":"Person","@id":"https:\/\/balkangreenenergynews.com\/rs\/#\/schema\/person\/99dc721c46113fea22caffad06ef7317","name":"Vladimir Spasi\u0107","url":"https:\/\/balkangreenenergynews.com\/rs\/author\/vladimir-spasic\/"}]}},"_links":{"self":[{"href":"https:\/\/balkangreenenergynews.com\/rs\/wp-json\/wp\/v2\/posts\/68153","targetHints":{"allow":["GET"]}}],"collection":[{"href":"https:\/\/balkangreenenergynews.com\/rs\/wp-json\/wp\/v2\/posts"}],"about":[{"href":"https:\/\/balkangreenenergynews.com\/rs\/wp-json\/wp\/v2\/types\/post"}],"author":[{"embeddable":true,"href":"https:\/\/balkangreenenergynews.com\/rs\/wp-json\/wp\/v2\/users\/23"}],"replies":[{"embeddable":true,"href":"https:\/\/balkangreenenergynews.com\/rs\/wp-json\/wp\/v2\/comments?post=68153"}],"version-history":[{"count":0,"href":"https:\/\/balkangreenenergynews.com\/rs\/wp-json\/wp\/v2\/posts\/68153\/revisions"}],"wp:featuredmedia":[{"embeddable":true,"href":"https:\/\/balkangreenenergynews.com\/rs\/wp-json\/wp\/v2\/media\/68154"}],"wp:attachment":[{"href":"https:\/\/balkangreenenergynews.com\/rs\/wp-json\/wp\/v2\/media?parent=68153"}],"wp:term":[{"taxonomy":"category","embeddable":true,"href":"https:\/\/balkangreenenergynews.com\/rs\/wp-json\/wp\/v2\/categories?post=68153"},{"taxonomy":"post_tag","embeddable":true,"href":"https:\/\/balkangreenenergynews.com\/rs\/wp-json\/wp\/v2\/tags?post=68153"}],"curies":[{"name":"wp","href":"https:\/\/api.w.org\/{rel}","templated":true}]}}