{"id":67524,"date":"2024-03-21T11:38:32","date_gmt":"2024-03-21T10:38:32","guid":{"rendered":"https:\/\/balkangreenenergynews.com\/rs\/?p=67524"},"modified":"2024-03-21T11:38:32","modified_gmt":"2024-03-21T10:38:32","slug":"svetski-dan-voda-2024-voda-za-mir","status":"publish","type":"post","link":"https:\/\/balkangreenenergynews.com\/rs\/svetski-dan-voda-2024-voda-za-mir\/","title":{"rendered":"Svetski dan voda 2024: Voda za mir"},"content":{"rendered":"<h2>Voda za pi\u0107e je osnovna ljudska potreba, dok je pristup pija\u0107oj vodi osnovno ljudsko pravo. Me\u0111utim, kako je vode za pi\u0107e sve manje zbog posledica klimatskih promena i zaga\u0111enja, a sa druge strane, broj stanovnika raste, ona postaje ograni\u010den resurs. Samim tim mo\u017ee da postane katalizator sukoba, ali i mira, ukoliko se uspostavi saranja. Zbog toga je tema ovogodi\u0161njeg Svetskog dana voda &#8216;Voda za mir&#8217;.<\/h2>\n<p>Svetski dan voda obele\u017eava se 22. marta po\u010dev od 1993. godine. Ujedinjene nacije time \u017eele da podsete na zna\u010daj vode i njenu za\u0161titu, kao i na nedostatak vode za pi\u0107e u mnogim delovima sveta.<\/p>\n<p>Tema ovogodi\u0161njeg dana vode je &#8216;<a href=\"https:\/\/www.un.org\/en\/observances\/water-day\">Voda za mir&#8217;.<\/a> Kada vode nema dovoljno ili je zaga\u0111ena, kada ljudi nemaju jednak pristup ili uop\u0161te nemaju pristup, tenzije mogu porasti, upozorava UN.<\/p>\n<blockquote><p>Vi\u0161e od 2,2 milijarde ljudi nema pristup bezbednoj vodi za pi\u0107e<\/p><\/blockquote>\n<p>&#8222;Akcija za vodu je akcija za mir. A danas je to potrebno vi\u0161e nego ikada&#8220;, izjavio je generalni sekretar svetske organizacije Antonio Guteres.<\/p>\n<p>Danas vi\u0161e od 2,2 milijarde ljudi nema pristup bezbednoj vodi za pi\u0107e, \u010dak 3,6 milijardi nema sigurne sanitarne usluge, a 2,3 milijarde nema mogu\u0107nost pranja ruku sapunom i vodom kod ku\u0107e, pokazuju podaci Svetske zdravstvene organizacije.<\/p>\n<h3>Zaga\u0111enje slatke vode<\/h3>\n<p>Od velikih komada sme\u0107a do nevidljivih hemikalija, \u0161irok je spektar zaga\u0111iva\u010da koji zavr\u0161avaju u jezerima, <a href=\"https:\/\/balkangreenenergynews.com\/rs\/vanredne-mere-zbog-rizika-od-nestanka-reke-kolorado-u-sad\/\">rekama<\/a>, potocima, podzemnim vodama. Zaga\u0111enje vode, su\u0161e, neefikasno upravljanje vodom i sve br\u017ei rast svetske populacije izazvali su jednu od najve\u0107ih ekolo\u0161kih kriza sa kojima se danas suo\u010davamo &#8211; nedostatakom slatke <a href=\"https:\/\/balkangreenenergynews.com\/rs\/rezerve-vode-u-evropi-opasno-niske-zbog-seste-uzastopne-susne-godine\/\">vode<\/a>.<\/p>\n<p>Zaga\u0111enje vode mo\u017ee biti uzrokovano na vi\u0161e na\u010dina, a jedan od najintenzivnijih su gradska kanalizacija i ispu\u0161tanje industrijskog otpada. Indirektni izvori uklju\u010duju zaga\u0111iva\u010de koji ulaze u vodosnabdevanje iz tla ili sistema podzemnih voda i iz atmosfere putem ki\u0161e.<\/p>\n<p>Zaga\u0111enje vode rezultira pojavom zdravstvenih problema kod ljudi, trovanjem \u017eivotinja i dugotrajnim o\u0161te\u0107enjem ekosistema.<\/p>\n<h3>Klimatske promene menjaju hidrolo\u0161ke cikluse<\/h3>\n<p>Prema podacima Ujedinjenih nacija, vi\u0161e od tri milijarde ljudi \u0161irom sveta zavisi od vode koja prelazi dr\u017eavne granice. Od 153 zemlje koje reke i jezera i druge izvore pitke vode dele sa svojim susedima, samo 24 imaju sporazum o saradnji.<\/p>\n<p>Voda je glavni resurs u proizvodnji\u00a0 hrane. Javno zdravlje, energetski sistemi, ekonomska produktivnost oslanjaju se na dobro funkcioni\u0161u\u0107i ciklus vode.<\/p>\n<p>Prema podacima Me\u0111uvladinog panela za klimatske promene (IPCC), otprilike polovina svetske populacije do\u017eivljava ozbiljnu nesta\u0161icu vode bar u jednom delu godine.<\/p>\n<blockquote><p>Polovina svetske populacije do\u017eivljava ozbiljnu nesta\u0161icu vode bar u jednom delu godine<\/p><\/blockquote>\n<p>Prema procenama Svetske banke, svet \u0107e se do 2030. suo\u010diti sa razlikom izme\u0111u predvi\u0111ene potra\u017enje i raspolo\u017eivih zaliha vode od \u010dak 40 odsto.<\/p>\n<p>Klimatske promene menjaju hidrolo\u0161ke cikluse, \u010dine\u0107i padavine nepredvidljivijim i pove\u0107avaju\u0107i u\u010destalost i intenzitet poplava i su\u0161a. Otprilike jedna milijarda ljudi koji \u017eive u monsunskim slivovima i 500 miliona u deltama reka posebno su ranjivi.<\/p>\n<p>Su\u0161e, koje su usled klimatskih promena sve \u010de\u0161\u0107a pojava, ograni\u010davaju siroma\u0161ne stanovnike ruralnih podru\u010dja \u010diji opstanak u velikoj meri zavisi od padavina.<\/p>\n<p>Promene u kru\u017eenju vode i vremenski ekstremi negativno \u0107e uticati i na slatkovodne ekosisteme, dok \u0107e se direktne \u0161tete od poplava pove\u0107avati kako globalna temperatura bude rasla.<\/p>\n<h3>Saradnja u za\u0161titi vode mo\u017ee napajati i odr\u017eavati mir<\/h3>\n<p>Svetski dan voda 2024. stavlja akcenat na zajedni\u010dki rad i posve\u0107enost svih aktera, po\u010dev od pojedinaca do me\u0111unarodne zajednice na o\u010duvanje vode, klju\u010dnog ali ograni\u010denog resursa.<\/p>\n<p>&#8222;Saradnja u za\u0161titi vode mo\u017ee napajati i odr\u017eavati mir. Upravljanje vodama mo\u017ee oja\u010dati multilateralizam i veze izme\u0111u zajednica i izgraditi otpornost na klimatske katastrofe. Tako\u0111e, mo\u017ee pokrenuti napredak ka ciljevima odr\u017eivog razvoja \u2013 koji su temelj mirnih dru\u0161tava \u2013 uklju\u010duju\u0107i pobolj\u0161anje zdravlja, smanjenje siroma\u0161tva i nejednakosti i ja\u010danje sigurnosti pristupa hrani i vodi. Hajde da se posvetimo zajedni\u010dkom radu, kako bi voda postala snaga saradnje, harmonije i stabilnosti, i tako podr\u017eimo stvaranju sveta mira i prosperiteta za sve&#8220;, rekao je Guteres.<\/p>\n","protected":false},"excerpt":{"rendered":"<p>Svetski dan voda obele\u017eava se 22. marta po\u010dev od 1993 godine, kada ga je uveo UN. Ove godine, tema je &#8216;Voda za mir&#8217;.<\/p>\n","protected":false},"author":34,"featured_media":67578,"comment_status":"open","ping_status":"open","sticky":false,"template":"","format":"standard","meta":{"_acf_changed":false,"_monsterinsights_skip_tracking":false,"_monsterinsights_sitenote_active":false,"_monsterinsights_sitenote_note":"","_monsterinsights_sitenote_category":0,"footnotes":""},"categories":[6],"tags":[6387,3105,6478,6302,4993],"class_list":["post-67524","post","type-post","status-publish","format-standard","has-post-thumbnail","hentry","category-voda","tag-antonio-guteres","tag-pijaca-voda","tag-susa","tag-ujedinjene-nacije","tag-voda","country-svet"],"acf":[],"yoast_head":"<!-- This site is optimized with the Yoast SEO plugin v27.4 - https:\/\/yoast.com\/product\/yoast-seo-wordpress\/ -->\n<title>Svetski dan voda 2024: Voda za mir<\/title>\n<meta name=\"description\" content=\"Svetski dan voda obele\u017eava se 22. marta po\u010dev od 1993 godine, kada ga je uveo UN. Ove godine, tema je &#039;Voda za mir&#039;.\" \/>\n<meta name=\"robots\" content=\"index, follow, max-snippet:-1, max-image-preview:large, max-video-preview:-1\" \/>\n<link rel=\"canonical\" href=\"https:\/\/balkangreenenergynews.com\/rs\/svetski-dan-voda-2024-voda-za-mir\/\" \/>\n<meta property=\"og:locale\" content=\"sr_RS\" \/>\n<meta property=\"og:type\" content=\"article\" \/>\n<meta property=\"og:title\" content=\"Svetski dan voda 2024: Voda za mir\" \/>\n<meta property=\"og:description\" content=\"Svetski dan voda obele\u017eava se 22. marta po\u010dev od 1993 godine, kada ga je uveo UN. Ove godine, tema je &#039;Voda za mir&#039;.\" \/>\n<meta property=\"og:url\" content=\"https:\/\/balkangreenenergynews.com\/rs\/svetski-dan-voda-2024-voda-za-mir\/\" \/>\n<meta property=\"og:site_name\" content=\"Balkan Green Energy News\" \/>\n<meta property=\"article:published_time\" content=\"2024-03-21T10:38:32+00:00\" \/>\n<meta property=\"og:image\" content=\"https:\/\/balkangreenenergynews.com\/rs\/wp-content\/uploads\/2024\/03\/Svetski-dan-voda-2024-voda-za-mir.jpg\" \/>\n\t<meta property=\"og:image:width\" content=\"840\" \/>\n\t<meta property=\"og:image:height\" content=\"430\" \/>\n\t<meta property=\"og:image:type\" content=\"image\/jpeg\" \/>\n<meta name=\"author\" content=\"Jelisaveta Peri\u0161i\u0107\" \/>\n<meta name=\"twitter:card\" content=\"summary_large_image\" \/>\n<meta name=\"twitter:label1\" content=\"\u041d\u0430\u043f\u0438\u0441\u0430\u043d\u043e \u043e\u0434\" \/>\n\t<meta name=\"twitter:data1\" content=\"Jelisaveta Peri\u0161i\u0107\" \/>\n\t<meta name=\"twitter:label2\" content=\"\u041f\u0440\u043e\u0446\u0435\u045a\u0435\u043d\u043e \u0432\u0440\u0435\u043c\u0435 \u0447\u0438\u0442\u0430\u045a\u0430\" \/>\n\t<meta name=\"twitter:data2\" content=\"4 \u043c\u0438\u043d\u0443\u0442\u0430\" \/>\n<script type=\"application\/ld+json\" class=\"yoast-schema-graph\">{\"@context\":\"https:\\\/\\\/schema.org\",\"@graph\":[{\"@type\":\"Article\",\"@id\":\"https:\\\/\\\/balkangreenenergynews.com\\\/rs\\\/svetski-dan-voda-2024-voda-za-mir\\\/#article\",\"isPartOf\":{\"@id\":\"https:\\\/\\\/balkangreenenergynews.com\\\/rs\\\/svetski-dan-voda-2024-voda-za-mir\\\/\"},\"author\":{\"name\":\"Jelisaveta Peri\u0161i\u0107\",\"@id\":\"https:\\\/\\\/balkangreenenergynews.com\\\/rs\\\/#\\\/schema\\\/person\\\/4b3c5831bbc05a72630d12560df2b3f8\"},\"headline\":\"Svetski dan voda 2024: Voda za mir\",\"datePublished\":\"2024-03-21T10:38:32+00:00\",\"mainEntityOfPage\":{\"@id\":\"https:\\\/\\\/balkangreenenergynews.com\\\/rs\\\/svetski-dan-voda-2024-voda-za-mir\\\/\"},\"wordCount\":713,\"commentCount\":0,\"image\":{\"@id\":\"https:\\\/\\\/balkangreenenergynews.com\\\/rs\\\/svetski-dan-voda-2024-voda-za-mir\\\/#primaryimage\"},\"thumbnailUrl\":\"https:\\\/\\\/balkangreenenergynews.com\\\/rs\\\/wp-content\\\/uploads\\\/2024\\\/03\\\/Svetski-dan-voda-2024-voda-za-mir.jpg?wsr\",\"keywords\":[\"Antonio Gutere\u0161\",\"pija\u0107a voda\",\"su\u0161a\",\"Ujedinjene nacije\",\"voda\"],\"articleSection\":[\"Voda\"],\"inLanguage\":\"sr-RS\",\"potentialAction\":[{\"@type\":\"CommentAction\",\"name\":\"Comment\",\"target\":[\"https:\\\/\\\/balkangreenenergynews.com\\\/rs\\\/svetski-dan-voda-2024-voda-za-mir\\\/#respond\"]}]},{\"@type\":\"WebPage\",\"@id\":\"https:\\\/\\\/balkangreenenergynews.com\\\/rs\\\/svetski-dan-voda-2024-voda-za-mir\\\/\",\"url\":\"https:\\\/\\\/balkangreenenergynews.com\\\/rs\\\/svetski-dan-voda-2024-voda-za-mir\\\/\",\"name\":\"Svetski dan voda 2024: Voda za mir\",\"isPartOf\":{\"@id\":\"https:\\\/\\\/balkangreenenergynews.com\\\/rs\\\/#website\"},\"primaryImageOfPage\":{\"@id\":\"https:\\\/\\\/balkangreenenergynews.com\\\/rs\\\/svetski-dan-voda-2024-voda-za-mir\\\/#primaryimage\"},\"image\":{\"@id\":\"https:\\\/\\\/balkangreenenergynews.com\\\/rs\\\/svetski-dan-voda-2024-voda-za-mir\\\/#primaryimage\"},\"thumbnailUrl\":\"https:\\\/\\\/balkangreenenergynews.com\\\/rs\\\/wp-content\\\/uploads\\\/2024\\\/03\\\/Svetski-dan-voda-2024-voda-za-mir.jpg?wsr\",\"datePublished\":\"2024-03-21T10:38:32+00:00\",\"author\":{\"@id\":\"https:\\\/\\\/balkangreenenergynews.com\\\/rs\\\/#\\\/schema\\\/person\\\/4b3c5831bbc05a72630d12560df2b3f8\"},\"description\":\"Svetski dan voda obele\u017eava se 22. marta po\u010dev od 1993 godine, kada ga je uveo UN. Ove godine, tema je 'Voda za mir'.\",\"breadcrumb\":{\"@id\":\"https:\\\/\\\/balkangreenenergynews.com\\\/rs\\\/svetski-dan-voda-2024-voda-za-mir\\\/#breadcrumb\"},\"inLanguage\":\"sr-RS\",\"potentialAction\":[{\"@type\":\"ReadAction\",\"target\":[\"https:\\\/\\\/balkangreenenergynews.com\\\/rs\\\/svetski-dan-voda-2024-voda-za-mir\\\/\"]}]},{\"@type\":\"ImageObject\",\"inLanguage\":\"sr-RS\",\"@id\":\"https:\\\/\\\/balkangreenenergynews.com\\\/rs\\\/svetski-dan-voda-2024-voda-za-mir\\\/#primaryimage\",\"url\":\"https:\\\/\\\/balkangreenenergynews.com\\\/rs\\\/wp-content\\\/uploads\\\/2024\\\/03\\\/Svetski-dan-voda-2024-voda-za-mir.jpg?wsr\",\"contentUrl\":\"https:\\\/\\\/balkangreenenergynews.com\\\/rs\\\/wp-content\\\/uploads\\\/2024\\\/03\\\/Svetski-dan-voda-2024-voda-za-mir.jpg?wsr\",\"width\":840,\"height\":430,\"caption\":\"Svetski dan voda 2024, voda za mir\"},{\"@type\":\"BreadcrumbList\",\"@id\":\"https:\\\/\\\/balkangreenenergynews.com\\\/rs\\\/svetski-dan-voda-2024-voda-za-mir\\\/#breadcrumb\",\"itemListElement\":[{\"@type\":\"ListItem\",\"position\":1,\"name\":\"Po\u010detna\",\"item\":\"https:\\\/\\\/balkangreenenergynews.com\\\/rs\\\/\"},{\"@type\":\"ListItem\",\"position\":2,\"name\":\"Vesti\",\"item\":\"https:\\\/\\\/balkangreenenergynews.com\\\/rs\\\/kategorija\\\/vesti\\\/\"},{\"@type\":\"ListItem\",\"position\":3,\"name\":\"Voda\",\"item\":\"https:\\\/\\\/balkangreenenergynews.com\\\/rs\\\/kategorija\\\/vesti\\\/voda\\\/\"},{\"@type\":\"ListItem\",\"position\":4,\"name\":\"Svetski dan voda 2024: Voda za mir\"}]},{\"@type\":\"WebSite\",\"@id\":\"https:\\\/\\\/balkangreenenergynews.com\\\/rs\\\/#website\",\"url\":\"https:\\\/\\\/balkangreenenergynews.com\\\/rs\\\/\",\"name\":\"Balkan Green Energy News\",\"description\":\"Naj\u0161iri izbor vesti sa Balkana o zelenoj energiji\",\"potentialAction\":[{\"@type\":\"SearchAction\",\"target\":{\"@type\":\"EntryPoint\",\"urlTemplate\":\"https:\\\/\\\/balkangreenenergynews.com\\\/rs\\\/?s={search_term_string}\"},\"query-input\":{\"@type\":\"PropertyValueSpecification\",\"valueRequired\":true,\"valueName\":\"search_term_string\"}}],\"inLanguage\":\"sr-RS\"},{\"@type\":\"Person\",\"@id\":\"https:\\\/\\\/balkangreenenergynews.com\\\/rs\\\/#\\\/schema\\\/person\\\/4b3c5831bbc05a72630d12560df2b3f8\",\"name\":\"Jelisaveta Peri\u0161i\u0107\",\"url\":\"https:\\\/\\\/balkangreenenergynews.com\\\/rs\\\/author\\\/jelisavet-perisic\\\/\"}]}<\/script>\n<!-- \/ Yoast SEO plugin. -->","yoast_head_json":{"title":"Svetski dan voda 2024: Voda za mir","description":"Svetski dan voda obele\u017eava se 22. marta po\u010dev od 1993 godine, kada ga je uveo UN. Ove godine, tema je 'Voda za mir'.","robots":{"index":"index","follow":"follow","max-snippet":"max-snippet:-1","max-image-preview":"max-image-preview:large","max-video-preview":"max-video-preview:-1"},"canonical":"https:\/\/balkangreenenergynews.com\/rs\/svetski-dan-voda-2024-voda-za-mir\/","og_locale":"sr_RS","og_type":"article","og_title":"Svetski dan voda 2024: Voda za mir","og_description":"Svetski dan voda obele\u017eava se 22. marta po\u010dev od 1993 godine, kada ga je uveo UN. Ove godine, tema je 'Voda za mir'.","og_url":"https:\/\/balkangreenenergynews.com\/rs\/svetski-dan-voda-2024-voda-za-mir\/","og_site_name":"Balkan Green Energy News","article_published_time":"2024-03-21T10:38:32+00:00","og_image":[{"width":840,"height":430,"url":"https:\/\/balkangreenenergynews.com\/rs\/wp-content\/uploads\/2024\/03\/Svetski-dan-voda-2024-voda-za-mir.jpg","type":"image\/jpeg"}],"author":"Jelisaveta Peri\u0161i\u0107","twitter_card":"summary_large_image","twitter_misc":{"\u041d\u0430\u043f\u0438\u0441\u0430\u043d\u043e \u043e\u0434":"Jelisaveta Peri\u0161i\u0107","\u041f\u0440\u043e\u0446\u0435\u045a\u0435\u043d\u043e \u0432\u0440\u0435\u043c\u0435 \u0447\u0438\u0442\u0430\u045a\u0430":"4 \u043c\u0438\u043d\u0443\u0442\u0430"},"schema":{"@context":"https:\/\/schema.org","@graph":[{"@type":"Article","@id":"https:\/\/balkangreenenergynews.com\/rs\/svetski-dan-voda-2024-voda-za-mir\/#article","isPartOf":{"@id":"https:\/\/balkangreenenergynews.com\/rs\/svetski-dan-voda-2024-voda-za-mir\/"},"author":{"name":"Jelisaveta Peri\u0161i\u0107","@id":"https:\/\/balkangreenenergynews.com\/rs\/#\/schema\/person\/4b3c5831bbc05a72630d12560df2b3f8"},"headline":"Svetski dan voda 2024: Voda za mir","datePublished":"2024-03-21T10:38:32+00:00","mainEntityOfPage":{"@id":"https:\/\/balkangreenenergynews.com\/rs\/svetski-dan-voda-2024-voda-za-mir\/"},"wordCount":713,"commentCount":0,"image":{"@id":"https:\/\/balkangreenenergynews.com\/rs\/svetski-dan-voda-2024-voda-za-mir\/#primaryimage"},"thumbnailUrl":"https:\/\/balkangreenenergynews.com\/rs\/wp-content\/uploads\/2024\/03\/Svetski-dan-voda-2024-voda-za-mir.jpg?wsr","keywords":["Antonio Gutere\u0161","pija\u0107a voda","su\u0161a","Ujedinjene nacije","voda"],"articleSection":["Voda"],"inLanguage":"sr-RS","potentialAction":[{"@type":"CommentAction","name":"Comment","target":["https:\/\/balkangreenenergynews.com\/rs\/svetski-dan-voda-2024-voda-za-mir\/#respond"]}]},{"@type":"WebPage","@id":"https:\/\/balkangreenenergynews.com\/rs\/svetski-dan-voda-2024-voda-za-mir\/","url":"https:\/\/balkangreenenergynews.com\/rs\/svetski-dan-voda-2024-voda-za-mir\/","name":"Svetski dan voda 2024: Voda za mir","isPartOf":{"@id":"https:\/\/balkangreenenergynews.com\/rs\/#website"},"primaryImageOfPage":{"@id":"https:\/\/balkangreenenergynews.com\/rs\/svetski-dan-voda-2024-voda-za-mir\/#primaryimage"},"image":{"@id":"https:\/\/balkangreenenergynews.com\/rs\/svetski-dan-voda-2024-voda-za-mir\/#primaryimage"},"thumbnailUrl":"https:\/\/balkangreenenergynews.com\/rs\/wp-content\/uploads\/2024\/03\/Svetski-dan-voda-2024-voda-za-mir.jpg?wsr","datePublished":"2024-03-21T10:38:32+00:00","author":{"@id":"https:\/\/balkangreenenergynews.com\/rs\/#\/schema\/person\/4b3c5831bbc05a72630d12560df2b3f8"},"description":"Svetski dan voda obele\u017eava se 22. marta po\u010dev od 1993 godine, kada ga je uveo UN. Ove godine, tema je 'Voda za mir'.","breadcrumb":{"@id":"https:\/\/balkangreenenergynews.com\/rs\/svetski-dan-voda-2024-voda-za-mir\/#breadcrumb"},"inLanguage":"sr-RS","potentialAction":[{"@type":"ReadAction","target":["https:\/\/balkangreenenergynews.com\/rs\/svetski-dan-voda-2024-voda-za-mir\/"]}]},{"@type":"ImageObject","inLanguage":"sr-RS","@id":"https:\/\/balkangreenenergynews.com\/rs\/svetski-dan-voda-2024-voda-za-mir\/#primaryimage","url":"https:\/\/balkangreenenergynews.com\/rs\/wp-content\/uploads\/2024\/03\/Svetski-dan-voda-2024-voda-za-mir.jpg?wsr","contentUrl":"https:\/\/balkangreenenergynews.com\/rs\/wp-content\/uploads\/2024\/03\/Svetski-dan-voda-2024-voda-za-mir.jpg?wsr","width":840,"height":430,"caption":"Svetski dan voda 2024, voda za mir"},{"@type":"BreadcrumbList","@id":"https:\/\/balkangreenenergynews.com\/rs\/svetski-dan-voda-2024-voda-za-mir\/#breadcrumb","itemListElement":[{"@type":"ListItem","position":1,"name":"Po\u010detna","item":"https:\/\/balkangreenenergynews.com\/rs\/"},{"@type":"ListItem","position":2,"name":"Vesti","item":"https:\/\/balkangreenenergynews.com\/rs\/kategorija\/vesti\/"},{"@type":"ListItem","position":3,"name":"Voda","item":"https:\/\/balkangreenenergynews.com\/rs\/kategorija\/vesti\/voda\/"},{"@type":"ListItem","position":4,"name":"Svetski dan voda 2024: Voda za mir"}]},{"@type":"WebSite","@id":"https:\/\/balkangreenenergynews.com\/rs\/#website","url":"https:\/\/balkangreenenergynews.com\/rs\/","name":"Balkan Green Energy News","description":"Naj\u0161iri izbor vesti sa Balkana o zelenoj energiji","potentialAction":[{"@type":"SearchAction","target":{"@type":"EntryPoint","urlTemplate":"https:\/\/balkangreenenergynews.com\/rs\/?s={search_term_string}"},"query-input":{"@type":"PropertyValueSpecification","valueRequired":true,"valueName":"search_term_string"}}],"inLanguage":"sr-RS"},{"@type":"Person","@id":"https:\/\/balkangreenenergynews.com\/rs\/#\/schema\/person\/4b3c5831bbc05a72630d12560df2b3f8","name":"Jelisaveta Peri\u0161i\u0107","url":"https:\/\/balkangreenenergynews.com\/rs\/author\/jelisavet-perisic\/"}]}},"_links":{"self":[{"href":"https:\/\/balkangreenenergynews.com\/rs\/wp-json\/wp\/v2\/posts\/67524","targetHints":{"allow":["GET"]}}],"collection":[{"href":"https:\/\/balkangreenenergynews.com\/rs\/wp-json\/wp\/v2\/posts"}],"about":[{"href":"https:\/\/balkangreenenergynews.com\/rs\/wp-json\/wp\/v2\/types\/post"}],"author":[{"embeddable":true,"href":"https:\/\/balkangreenenergynews.com\/rs\/wp-json\/wp\/v2\/users\/34"}],"replies":[{"embeddable":true,"href":"https:\/\/balkangreenenergynews.com\/rs\/wp-json\/wp\/v2\/comments?post=67524"}],"version-history":[{"count":0,"href":"https:\/\/balkangreenenergynews.com\/rs\/wp-json\/wp\/v2\/posts\/67524\/revisions"}],"wp:featuredmedia":[{"embeddable":true,"href":"https:\/\/balkangreenenergynews.com\/rs\/wp-json\/wp\/v2\/media\/67578"}],"wp:attachment":[{"href":"https:\/\/balkangreenenergynews.com\/rs\/wp-json\/wp\/v2\/media?parent=67524"}],"wp:term":[{"taxonomy":"category","embeddable":true,"href":"https:\/\/balkangreenenergynews.com\/rs\/wp-json\/wp\/v2\/categories?post=67524"},{"taxonomy":"post_tag","embeddable":true,"href":"https:\/\/balkangreenenergynews.com\/rs\/wp-json\/wp\/v2\/tags?post=67524"}],"curies":[{"name":"wp","href":"https:\/\/api.w.org\/{rel}","templated":true}]}}