{"id":66872,"date":"2024-02-26T15:55:49","date_gmt":"2024-02-26T14:55:49","guid":{"rendered":"https:\/\/balkangreenenergynews.com\/rs\/?p=66872"},"modified":"2024-03-18T14:53:04","modified_gmt":"2024-03-18T13:53:04","slug":"hoce-li-eps-smanjiti-cene-elektricne-energije-za-privredu","status":"publish","type":"post","link":"https:\/\/balkangreenenergynews.com\/rs\/hoce-li-eps-smanjiti-cene-elektricne-energije-za-privredu\/","title":{"rendered":"Ho\u0107e li EPS smanjiti cene elektri\u010dne energije za privredu?"},"content":{"rendered":"<p><em>Autor: Du\u0161an Stanar<\/em><\/p>\n<h2>Skoro celokupna privreda u Srbiji elektri\u010dnu energiju pla\u0107a 120 evra po megavat-satu, \u0161to je znatno skuplje nego \u0161to su trenutne cene na tr\u017ei\u0161tu. Sve njih snabdeva Elektroprivreda Srbije po ceni koju je propisala Vlada Srbije. Ta cena va\u017ei do 30. aprila, pa kupci energije na komercijalnom snabdevanju kod EPS-a sa nestrpljenjem o\u010dekuju koju \u0107e im cenu ponuditi ova dr\u017eavna kompanija, odnosno propisati dr\u017eava, kao i koliko \u0107e biti trajanje ponu\u0111enih ugovora.<\/h2>\n<p>Va\u017ee\u0107i ugovori od 120 evra po megavat-satu su terminski odre\u0111eni prema dinamici dogovorenoj u <a href=\"https:\/\/balkangreenenergynews.com\/rs\/vlada-srbije-obecala-mmf-u-poskupljenje-struje-i-gasa-do-30-odsto\/\">aran\u017emanu sa Me\u0111unarodnom monetarnom fondu (MMF)<\/a>, po kojoj je teoretski mogu\u0107e da EPS jo\u0161 jednom pove\u0107a svoje cene za 8% od 1. maja 2024, ali je iz izjava zvani\u010dnika jasno da je to malo verovatna opcija.<\/p>\n<p>Tako\u0111e, aran\u017emanom sa MMF su pove\u0107anja cene predvi\u0111ena samo u slu\u010daju da se odr\u017ei pokrivenost tro\u0161kova, a sude\u0107i prema rezultatima za prvih devet meseci 2023. i neto dobitkom od 87,4 milijardi dinara jasno je da je EPS vi\u0161e ne mora da brine o pokrivenosti tro\u0161kova.<\/p>\n<figure id=\"attachment_66873\" aria-describedby=\"caption-attachment-66873\" style=\"width: 840px\" class=\"wp-caption aligncenter\"><img loading=\"lazy\" decoding=\"async\" class=\"wp-image-66873 size-full\" src=\"https:\/\/balkangreenenergynews.com\/rs\/wp-content\/uploads\/2024\/02\/cena-struje-privreda-eps-berze-fjucersi.jpg\" alt=\"cena struje privreda eps berze fjucersi\" width=\"840\" height=\"430\" srcset=\"https:\/\/balkangreenenergynews.com\/rs\/wp-content\/uploads\/2024\/02\/cena-struje-privreda-eps-berze-fjucersi.jpg 840w, https:\/\/balkangreenenergynews.com\/rs\/wp-content\/uploads\/2024\/02\/cena-struje-privreda-eps-berze-fjucersi-500x256.jpg 500w, https:\/\/balkangreenenergynews.com\/rs\/wp-content\/uploads\/2024\/02\/cena-struje-privreda-eps-berze-fjucersi-768x393.jpg 768w, https:\/\/balkangreenenergynews.com\/rs\/wp-content\/uploads\/2024\/02\/cena-struje-privreda-eps-berze-fjucersi-300x154.jpg 300w\" sizes=\"auto, (max-width: 840px) 100vw, 840px\" \/><figcaption id=\"caption-attachment-66873\" class=\"wp-caption-text\">Kretanje cene elektri\u010dne energije u relevantnim periodima<\/figcaption><\/figure>\n<p>U novembru 2023. kada je EPS formirao trenutno va\u017ee\u0107u cenu od 120 evra po megavat-satu, tr\u017ei\u0161ni forwardi (ugovori za prodaju elektri\u010dne energije u unapred odre\u0111enom trenutku u budu\u0107nosti) za nekoliko narednih mesecu su bili skuplji za oko 10 evra po megavat-satu, tako da je jasno da je EPS pratio tr\u017ei\u0161na o\u010dekivanja i \u010dak nudio povoljniju cenu.<\/p>\n<blockquote><p>Blaga zima &#8222;povukla&#8220; cene gasa i struje nadole<\/p><\/blockquote>\n<p>Me\u0111utim, Evropa je iskusila drugu zaredom veoma blagu zimu, sa temperaturama koje su na severozapadu kontinenta pri kraju godine bile i oko 10 stepeni Celzijusa ni\u017ee od tridesetogodi\u0161njih proseka. Time je zna\u010dajno smanjena potro\u0161nja gasa i evropska skladi\u0161ta gasa su imala najvi\u0161e nivoe popunjenosti u poslednjih pet godina.<\/p>\n<figure id=\"attachment_66874\" aria-describedby=\"caption-attachment-66874\" style=\"width: 840px\" class=\"wp-caption aligncenter\"><img loading=\"lazy\" decoding=\"async\" class=\"wp-image-66874 size-full\" src=\"https:\/\/balkangreenenergynews.com\/rs\/wp-content\/uploads\/2024\/02\/cena-struje-privreda-eps-prirodni-gas-skladista-.jpg\" alt=\"cena struje privreda eps prirodni gas skladista\" width=\"840\" height=\"430\" srcset=\"https:\/\/balkangreenenergynews.com\/rs\/wp-content\/uploads\/2024\/02\/cena-struje-privreda-eps-prirodni-gas-skladista-.jpg 840w, https:\/\/balkangreenenergynews.com\/rs\/wp-content\/uploads\/2024\/02\/cena-struje-privreda-eps-prirodni-gas-skladista--500x256.jpg 500w, https:\/\/balkangreenenergynews.com\/rs\/wp-content\/uploads\/2024\/02\/cena-struje-privreda-eps-prirodni-gas-skladista--768x393.jpg 768w, https:\/\/balkangreenenergynews.com\/rs\/wp-content\/uploads\/2024\/02\/cena-struje-privreda-eps-prirodni-gas-skladista--300x154.jpg 300w\" sizes=\"auto, (max-width: 840px) 100vw, 840px\" \/><figcaption id=\"caption-attachment-66874\" class=\"wp-caption-text\">Procenat popunjenosti evropskih skladi\u0161ta gasa<\/figcaption><\/figure>\n<p>To je dovelo do ni\u017ee cene gasa, a sa cenom gasa pala i cene elektri\u010dne energije i tako je do\u0161lo do zna\u010dajne razlike izme\u0111u tr\u017ei\u0161ne i EPS-ove cene. Ta razlika bi mogla jo\u0161 vi\u0161e rasti ukoliko se ostvare forwardi koji su trenutno aktuelni za slede\u0107a tri meseca, u kojima je o\u010dekivano da cena elektri\u010dne energije nastavlja da pada i gotovo dolazi do prekriznih nivoa.<\/p>\n<p>U malo verovatnom, teoretskom, slu\u010daju da EPS ne ponudi cenu koja bi bila u skladu sa trenutnim tr\u017ei\u0161nim i o\u010dekivanim, verovatno da jedan deo privrede ne bi produ\u017eio ugovore sa EPS i po\u010deo bi da se snabdeva sa tr\u017ei\u0161ta.<\/p>\n<blockquote><p>Ako EPS ne ponudi ni\u017eu cenu, jedan deo privrede verovatno ne bi produ\u017eio ugovore<\/p><\/blockquote>\n<p>Me\u0111utim, uzev\u0161i sve navedeno u obzir i uz pretpostavku da ne\u0107e biti ozbiljnijih tr\u017ei\u0161nih oscilacija izazvanih neo\u010dekivanim faktorima kojima smo bili svedoci prethodnih godina (COVID 2020, energetska kriza 2021. i Ukrajina 2022.), verovatno je da ne\u0107e do\u0107i do pove\u0107anja cena za komercijalne kupce, ve\u0107 \u0107emo posle du\u017ee vremena videti pad EPS-ovih cena i ponudu koja je u skladu sa sada\u0161njim tr\u017ei\u0161nim i o\u010dekivanim.<\/p>\n<p>Osim nove cene ostaje i pitanje trajanja tih novih ugovora i da li \u0107e oni va\u017eiti do kraja 2024. ili \u0107e ipak biti kra\u0107i, na primer do po\u010detka grejne sezone 2024\/2025.<\/p>\n<p>Obzirom da je tr\u017ei\u0161te jo\u0161 nestabilno i sklono poreme\u0107ajima, ima vi\u0161e smisla da \u0107emo videti kra\u0107e ugovore koji \u0107e poku\u0161ati pratiti tr\u017ei\u0161te, nego du\u017ee ugovore koji bi mogli onda i du\u017ee odstupati od tr\u017ei\u0161nih nivoa.<\/p>\n","protected":false},"excerpt":{"rendered":"<p>Du\u0161an Stanar pi\u0161e o tome \u0161ta \u010deka privredu od 1. maja, do kada va\u017ei trenutna cena struje od 120 evra po megavat-satu<\/p>\n","protected":false},"author":25,"featured_media":66883,"comment_status":"open","ping_status":"open","sticky":false,"template":"","format":"standard","meta":{"_acf_changed":false,"_monsterinsights_skip_tracking":false,"_monsterinsights_sitenote_active":false,"_monsterinsights_sitenote_note":"","_monsterinsights_sitenote_category":0,"footnotes":""},"categories":[504,484],"tags":[2056,6498,669,1307,190,5490],"class_list":["post-66872","post","type-post","status-publish","format-standard","has-post-thumbnail","hentry","category-elektricna-energija","category-u-fokusu","tag-cena-elektricne-energije","tag-cene-struje","tag-elektricna-energija","tag-elektroprivreda-srbije","tag-eps","tag-prirodni-gas","country-srbija"],"acf":[],"yoast_head":"<!-- This site is optimized with the Yoast SEO plugin v27.4 - https:\/\/yoast.com\/product\/yoast-seo-wordpress\/ -->\n<title>Ho\u0107e li EPS smanjiti cene elektri\u010dne energije za privredu?<\/title>\n<meta name=\"description\" content=\"Du\u0161an Stanar pi\u0161e o tome \u0161ta \u010deka privredu od 1. maja, do kada va\u017ei trenutna cena struje od 120 evra po megavat-satu\" \/>\n<meta name=\"robots\" content=\"index, follow, max-snippet:-1, max-image-preview:large, max-video-preview:-1\" \/>\n<link rel=\"canonical\" href=\"https:\/\/balkangreenenergynews.com\/rs\/hoce-li-eps-smanjiti-cene-elektricne-energije-za-privredu\/\" \/>\n<meta property=\"og:locale\" content=\"sr_RS\" \/>\n<meta property=\"og:type\" content=\"article\" \/>\n<meta property=\"og:title\" content=\"Ho\u0107e li EPS smanjiti cene elektri\u010dne energije za privredu?\" \/>\n<meta property=\"og:description\" content=\"Du\u0161an Stanar pi\u0161e o tome \u0161ta \u010deka privredu od 1. maja, do kada va\u017ei trenutna cena struje od 120 evra po megavat-satu\" \/>\n<meta property=\"og:url\" content=\"https:\/\/balkangreenenergynews.com\/rs\/hoce-li-eps-smanjiti-cene-elektricne-energije-za-privredu\/\" \/>\n<meta property=\"og:site_name\" content=\"Balkan Green Energy News\" \/>\n<meta property=\"article:published_time\" content=\"2024-02-26T14:55:49+00:00\" \/>\n<meta property=\"article:modified_time\" content=\"2024-03-18T13:53:04+00:00\" \/>\n<meta property=\"og:image\" content=\"https:\/\/balkangreenenergynews.com\/rs\/wp-content\/uploads\/2024\/02\/eps-cena-struje-privreda-dusan-stanar.jpg\" \/>\n\t<meta property=\"og:image:width\" content=\"840\" \/>\n\t<meta property=\"og:image:height\" content=\"430\" \/>\n\t<meta property=\"og:image:type\" content=\"image\/jpeg\" \/>\n<meta name=\"author\" content=\"Balkan Green Energy News\" \/>\n<meta name=\"twitter:card\" content=\"summary_large_image\" \/>\n<meta name=\"twitter:label1\" content=\"\u041d\u0430\u043f\u0438\u0441\u0430\u043d\u043e \u043e\u0434\" \/>\n\t<meta name=\"twitter:data1\" content=\"Balkan Green Energy News\" \/>\n\t<meta name=\"twitter:label2\" content=\"\u041f\u0440\u043e\u0446\u0435\u045a\u0435\u043d\u043e \u0432\u0440\u0435\u043c\u0435 \u0447\u0438\u0442\u0430\u045a\u0430\" \/>\n\t<meta name=\"twitter:data2\" content=\"4 \u043c\u0438\u043d\u0443\u0442\u0430\" \/>\n<script type=\"application\/ld+json\" class=\"yoast-schema-graph\">{\"@context\":\"https:\\\/\\\/schema.org\",\"@graph\":[{\"@type\":\"Article\",\"@id\":\"https:\\\/\\\/balkangreenenergynews.com\\\/rs\\\/hoce-li-eps-smanjiti-cene-elektricne-energije-za-privredu\\\/#article\",\"isPartOf\":{\"@id\":\"https:\\\/\\\/balkangreenenergynews.com\\\/rs\\\/hoce-li-eps-smanjiti-cene-elektricne-energije-za-privredu\\\/\"},\"author\":{\"name\":\"Balkan Green Energy News\",\"@id\":\"https:\\\/\\\/balkangreenenergynews.com\\\/rs\\\/#\\\/schema\\\/person\\\/dee275e6036b1a0f7ceaf956d79d4eff\"},\"headline\":\"Ho\u0107e li EPS smanjiti cene elektri\u010dne energije za privredu?\",\"datePublished\":\"2024-02-26T14:55:49+00:00\",\"dateModified\":\"2024-03-18T13:53:04+00:00\",\"mainEntityOfPage\":{\"@id\":\"https:\\\/\\\/balkangreenenergynews.com\\\/rs\\\/hoce-li-eps-smanjiti-cene-elektricne-energije-za-privredu\\\/\"},\"wordCount\":644,\"commentCount\":0,\"image\":{\"@id\":\"https:\\\/\\\/balkangreenenergynews.com\\\/rs\\\/hoce-li-eps-smanjiti-cene-elektricne-energije-za-privredu\\\/#primaryimage\"},\"thumbnailUrl\":\"https:\\\/\\\/balkangreenenergynews.com\\\/rs\\\/wp-content\\\/uploads\\\/2024\\\/02\\\/eps-cena-struje-privreda-dusan-stanar.jpg?wsr\",\"keywords\":[\"cena elektri\u010dne energije\",\"cene struje\",\"elektri\u010dna energija\",\"Elektroprivreda Srbije\",\"EPS\",\"prirodni gas\"],\"articleSection\":[\"Elektri\u010dna energija\",\"U fokusu\"],\"inLanguage\":\"sr-RS\",\"potentialAction\":[{\"@type\":\"CommentAction\",\"name\":\"Comment\",\"target\":[\"https:\\\/\\\/balkangreenenergynews.com\\\/rs\\\/hoce-li-eps-smanjiti-cene-elektricne-energije-za-privredu\\\/#respond\"]}]},{\"@type\":\"WebPage\",\"@id\":\"https:\\\/\\\/balkangreenenergynews.com\\\/rs\\\/hoce-li-eps-smanjiti-cene-elektricne-energije-za-privredu\\\/\",\"url\":\"https:\\\/\\\/balkangreenenergynews.com\\\/rs\\\/hoce-li-eps-smanjiti-cene-elektricne-energije-za-privredu\\\/\",\"name\":\"Ho\u0107e li EPS smanjiti cene elektri\u010dne energije za privredu?\",\"isPartOf\":{\"@id\":\"https:\\\/\\\/balkangreenenergynews.com\\\/rs\\\/#website\"},\"primaryImageOfPage\":{\"@id\":\"https:\\\/\\\/balkangreenenergynews.com\\\/rs\\\/hoce-li-eps-smanjiti-cene-elektricne-energije-za-privredu\\\/#primaryimage\"},\"image\":{\"@id\":\"https:\\\/\\\/balkangreenenergynews.com\\\/rs\\\/hoce-li-eps-smanjiti-cene-elektricne-energije-za-privredu\\\/#primaryimage\"},\"thumbnailUrl\":\"https:\\\/\\\/balkangreenenergynews.com\\\/rs\\\/wp-content\\\/uploads\\\/2024\\\/02\\\/eps-cena-struje-privreda-dusan-stanar.jpg?wsr\",\"datePublished\":\"2024-02-26T14:55:49+00:00\",\"dateModified\":\"2024-03-18T13:53:04+00:00\",\"author\":{\"@id\":\"https:\\\/\\\/balkangreenenergynews.com\\\/rs\\\/#\\\/schema\\\/person\\\/dee275e6036b1a0f7ceaf956d79d4eff\"},\"description\":\"Du\u0161an Stanar pi\u0161e o tome \u0161ta \u010deka privredu od 1. maja, do kada va\u017ei trenutna cena struje od 120 evra po megavat-satu\",\"breadcrumb\":{\"@id\":\"https:\\\/\\\/balkangreenenergynews.com\\\/rs\\\/hoce-li-eps-smanjiti-cene-elektricne-energije-za-privredu\\\/#breadcrumb\"},\"inLanguage\":\"sr-RS\",\"potentialAction\":[{\"@type\":\"ReadAction\",\"target\":[\"https:\\\/\\\/balkangreenenergynews.com\\\/rs\\\/hoce-li-eps-smanjiti-cene-elektricne-energije-za-privredu\\\/\"]}]},{\"@type\":\"ImageObject\",\"inLanguage\":\"sr-RS\",\"@id\":\"https:\\\/\\\/balkangreenenergynews.com\\\/rs\\\/hoce-li-eps-smanjiti-cene-elektricne-energije-za-privredu\\\/#primaryimage\",\"url\":\"https:\\\/\\\/balkangreenenergynews.com\\\/rs\\\/wp-content\\\/uploads\\\/2024\\\/02\\\/eps-cena-struje-privreda-dusan-stanar.jpg?wsr\",\"contentUrl\":\"https:\\\/\\\/balkangreenenergynews.com\\\/rs\\\/wp-content\\\/uploads\\\/2024\\\/02\\\/eps-cena-struje-privreda-dusan-stanar.jpg?wsr\",\"width\":840,\"height\":430,\"caption\":\"eps cena struje privreda dusan stanar\"},{\"@type\":\"BreadcrumbList\",\"@id\":\"https:\\\/\\\/balkangreenenergynews.com\\\/rs\\\/hoce-li-eps-smanjiti-cene-elektricne-energije-za-privredu\\\/#breadcrumb\",\"itemListElement\":[{\"@type\":\"ListItem\",\"position\":1,\"name\":\"Po\u010detna\",\"item\":\"https:\\\/\\\/balkangreenenergynews.com\\\/rs\\\/\"},{\"@type\":\"ListItem\",\"position\":2,\"name\":\"U fokusu\",\"item\":\"https:\\\/\\\/balkangreenenergynews.com\\\/rs\\\/kategorija\\\/u-fokusu\\\/\"},{\"@type\":\"ListItem\",\"position\":3,\"name\":\"Ho\u0107e li EPS smanjiti cene elektri\u010dne energije za privredu?\"}]},{\"@type\":\"WebSite\",\"@id\":\"https:\\\/\\\/balkangreenenergynews.com\\\/rs\\\/#website\",\"url\":\"https:\\\/\\\/balkangreenenergynews.com\\\/rs\\\/\",\"name\":\"Balkan Green Energy News\",\"description\":\"Naj\u0161iri izbor vesti sa Balkana o zelenoj energiji\",\"potentialAction\":[{\"@type\":\"SearchAction\",\"target\":{\"@type\":\"EntryPoint\",\"urlTemplate\":\"https:\\\/\\\/balkangreenenergynews.com\\\/rs\\\/?s={search_term_string}\"},\"query-input\":{\"@type\":\"PropertyValueSpecification\",\"valueRequired\":true,\"valueName\":\"search_term_string\"}}],\"inLanguage\":\"sr-RS\"},{\"@type\":\"Person\",\"@id\":\"https:\\\/\\\/balkangreenenergynews.com\\\/rs\\\/#\\\/schema\\\/person\\\/dee275e6036b1a0f7ceaf956d79d4eff\",\"name\":\"Balkan Green Energy News\",\"url\":\"https:\\\/\\\/balkangreenenergynews.com\\\/rs\\\/author\\\/balkangreenenergynews\\\/\"}]}<\/script>\n<!-- \/ Yoast SEO plugin. -->","yoast_head_json":{"title":"Ho\u0107e li EPS smanjiti cene elektri\u010dne energije za privredu?","description":"Du\u0161an Stanar pi\u0161e o tome \u0161ta \u010deka privredu od 1. maja, do kada va\u017ei trenutna cena struje od 120 evra po megavat-satu","robots":{"index":"index","follow":"follow","max-snippet":"max-snippet:-1","max-image-preview":"max-image-preview:large","max-video-preview":"max-video-preview:-1"},"canonical":"https:\/\/balkangreenenergynews.com\/rs\/hoce-li-eps-smanjiti-cene-elektricne-energije-za-privredu\/","og_locale":"sr_RS","og_type":"article","og_title":"Ho\u0107e li EPS smanjiti cene elektri\u010dne energije za privredu?","og_description":"Du\u0161an Stanar pi\u0161e o tome \u0161ta \u010deka privredu od 1. maja, do kada va\u017ei trenutna cena struje od 120 evra po megavat-satu","og_url":"https:\/\/balkangreenenergynews.com\/rs\/hoce-li-eps-smanjiti-cene-elektricne-energije-za-privredu\/","og_site_name":"Balkan Green Energy News","article_published_time":"2024-02-26T14:55:49+00:00","article_modified_time":"2024-03-18T13:53:04+00:00","og_image":[{"width":840,"height":430,"url":"https:\/\/balkangreenenergynews.com\/rs\/wp-content\/uploads\/2024\/02\/eps-cena-struje-privreda-dusan-stanar.jpg","type":"image\/jpeg"}],"author":"Balkan Green Energy News","twitter_card":"summary_large_image","twitter_misc":{"\u041d\u0430\u043f\u0438\u0441\u0430\u043d\u043e \u043e\u0434":"Balkan Green Energy News","\u041f\u0440\u043e\u0446\u0435\u045a\u0435\u043d\u043e \u0432\u0440\u0435\u043c\u0435 \u0447\u0438\u0442\u0430\u045a\u0430":"4 \u043c\u0438\u043d\u0443\u0442\u0430"},"schema":{"@context":"https:\/\/schema.org","@graph":[{"@type":"Article","@id":"https:\/\/balkangreenenergynews.com\/rs\/hoce-li-eps-smanjiti-cene-elektricne-energije-za-privredu\/#article","isPartOf":{"@id":"https:\/\/balkangreenenergynews.com\/rs\/hoce-li-eps-smanjiti-cene-elektricne-energije-za-privredu\/"},"author":{"name":"Balkan Green Energy News","@id":"https:\/\/balkangreenenergynews.com\/rs\/#\/schema\/person\/dee275e6036b1a0f7ceaf956d79d4eff"},"headline":"Ho\u0107e li EPS smanjiti cene elektri\u010dne energije za privredu?","datePublished":"2024-02-26T14:55:49+00:00","dateModified":"2024-03-18T13:53:04+00:00","mainEntityOfPage":{"@id":"https:\/\/balkangreenenergynews.com\/rs\/hoce-li-eps-smanjiti-cene-elektricne-energije-za-privredu\/"},"wordCount":644,"commentCount":0,"image":{"@id":"https:\/\/balkangreenenergynews.com\/rs\/hoce-li-eps-smanjiti-cene-elektricne-energije-za-privredu\/#primaryimage"},"thumbnailUrl":"https:\/\/balkangreenenergynews.com\/rs\/wp-content\/uploads\/2024\/02\/eps-cena-struje-privreda-dusan-stanar.jpg?wsr","keywords":["cena elektri\u010dne energije","cene struje","elektri\u010dna energija","Elektroprivreda Srbije","EPS","prirodni gas"],"articleSection":["Elektri\u010dna energija","U fokusu"],"inLanguage":"sr-RS","potentialAction":[{"@type":"CommentAction","name":"Comment","target":["https:\/\/balkangreenenergynews.com\/rs\/hoce-li-eps-smanjiti-cene-elektricne-energije-za-privredu\/#respond"]}]},{"@type":"WebPage","@id":"https:\/\/balkangreenenergynews.com\/rs\/hoce-li-eps-smanjiti-cene-elektricne-energije-za-privredu\/","url":"https:\/\/balkangreenenergynews.com\/rs\/hoce-li-eps-smanjiti-cene-elektricne-energije-za-privredu\/","name":"Ho\u0107e li EPS smanjiti cene elektri\u010dne energije za privredu?","isPartOf":{"@id":"https:\/\/balkangreenenergynews.com\/rs\/#website"},"primaryImageOfPage":{"@id":"https:\/\/balkangreenenergynews.com\/rs\/hoce-li-eps-smanjiti-cene-elektricne-energije-za-privredu\/#primaryimage"},"image":{"@id":"https:\/\/balkangreenenergynews.com\/rs\/hoce-li-eps-smanjiti-cene-elektricne-energije-za-privredu\/#primaryimage"},"thumbnailUrl":"https:\/\/balkangreenenergynews.com\/rs\/wp-content\/uploads\/2024\/02\/eps-cena-struje-privreda-dusan-stanar.jpg?wsr","datePublished":"2024-02-26T14:55:49+00:00","dateModified":"2024-03-18T13:53:04+00:00","author":{"@id":"https:\/\/balkangreenenergynews.com\/rs\/#\/schema\/person\/dee275e6036b1a0f7ceaf956d79d4eff"},"description":"Du\u0161an Stanar pi\u0161e o tome \u0161ta \u010deka privredu od 1. maja, do kada va\u017ei trenutna cena struje od 120 evra po megavat-satu","breadcrumb":{"@id":"https:\/\/balkangreenenergynews.com\/rs\/hoce-li-eps-smanjiti-cene-elektricne-energije-za-privredu\/#breadcrumb"},"inLanguage":"sr-RS","potentialAction":[{"@type":"ReadAction","target":["https:\/\/balkangreenenergynews.com\/rs\/hoce-li-eps-smanjiti-cene-elektricne-energije-za-privredu\/"]}]},{"@type":"ImageObject","inLanguage":"sr-RS","@id":"https:\/\/balkangreenenergynews.com\/rs\/hoce-li-eps-smanjiti-cene-elektricne-energije-za-privredu\/#primaryimage","url":"https:\/\/balkangreenenergynews.com\/rs\/wp-content\/uploads\/2024\/02\/eps-cena-struje-privreda-dusan-stanar.jpg?wsr","contentUrl":"https:\/\/balkangreenenergynews.com\/rs\/wp-content\/uploads\/2024\/02\/eps-cena-struje-privreda-dusan-stanar.jpg?wsr","width":840,"height":430,"caption":"eps cena struje privreda dusan stanar"},{"@type":"BreadcrumbList","@id":"https:\/\/balkangreenenergynews.com\/rs\/hoce-li-eps-smanjiti-cene-elektricne-energije-za-privredu\/#breadcrumb","itemListElement":[{"@type":"ListItem","position":1,"name":"Po\u010detna","item":"https:\/\/balkangreenenergynews.com\/rs\/"},{"@type":"ListItem","position":2,"name":"U fokusu","item":"https:\/\/balkangreenenergynews.com\/rs\/kategorija\/u-fokusu\/"},{"@type":"ListItem","position":3,"name":"Ho\u0107e li EPS smanjiti cene elektri\u010dne energije za privredu?"}]},{"@type":"WebSite","@id":"https:\/\/balkangreenenergynews.com\/rs\/#website","url":"https:\/\/balkangreenenergynews.com\/rs\/","name":"Balkan Green Energy News","description":"Naj\u0161iri izbor vesti sa Balkana o zelenoj energiji","potentialAction":[{"@type":"SearchAction","target":{"@type":"EntryPoint","urlTemplate":"https:\/\/balkangreenenergynews.com\/rs\/?s={search_term_string}"},"query-input":{"@type":"PropertyValueSpecification","valueRequired":true,"valueName":"search_term_string"}}],"inLanguage":"sr-RS"},{"@type":"Person","@id":"https:\/\/balkangreenenergynews.com\/rs\/#\/schema\/person\/dee275e6036b1a0f7ceaf956d79d4eff","name":"Balkan Green Energy News","url":"https:\/\/balkangreenenergynews.com\/rs\/author\/balkangreenenergynews\/"}]}},"_links":{"self":[{"href":"https:\/\/balkangreenenergynews.com\/rs\/wp-json\/wp\/v2\/posts\/66872","targetHints":{"allow":["GET"]}}],"collection":[{"href":"https:\/\/balkangreenenergynews.com\/rs\/wp-json\/wp\/v2\/posts"}],"about":[{"href":"https:\/\/balkangreenenergynews.com\/rs\/wp-json\/wp\/v2\/types\/post"}],"author":[{"embeddable":true,"href":"https:\/\/balkangreenenergynews.com\/rs\/wp-json\/wp\/v2\/users\/25"}],"replies":[{"embeddable":true,"href":"https:\/\/balkangreenenergynews.com\/rs\/wp-json\/wp\/v2\/comments?post=66872"}],"version-history":[{"count":0,"href":"https:\/\/balkangreenenergynews.com\/rs\/wp-json\/wp\/v2\/posts\/66872\/revisions"}],"wp:featuredmedia":[{"embeddable":true,"href":"https:\/\/balkangreenenergynews.com\/rs\/wp-json\/wp\/v2\/media\/66883"}],"wp:attachment":[{"href":"https:\/\/balkangreenenergynews.com\/rs\/wp-json\/wp\/v2\/media?parent=66872"}],"wp:term":[{"taxonomy":"category","embeddable":true,"href":"https:\/\/balkangreenenergynews.com\/rs\/wp-json\/wp\/v2\/categories?post=66872"},{"taxonomy":"post_tag","embeddable":true,"href":"https:\/\/balkangreenenergynews.com\/rs\/wp-json\/wp\/v2\/tags?post=66872"}],"curies":[{"name":"wp","href":"https:\/\/api.w.org\/{rel}","templated":true}]}}