{"id":65667,"date":"2024-01-08T16:18:09","date_gmt":"2024-01-08T15:18:09","guid":{"rendered":"https:\/\/balkangreenenergynews.com\/rs\/?p=65667"},"modified":"2024-01-10T08:31:26","modified_gmt":"2024-01-10T07:31:26","slug":"rumunija-da-subvencionise-solarne-panele-do-poslednjeg-krova-ministar","status":"publish","type":"post","link":"https:\/\/balkangreenenergynews.com\/rs\/rumunija-da-subvencionise-solarne-panele-do-poslednjeg-krova-ministar\/","title":{"rendered":"Rumunija da subvencioni\u0161e solarne panele do poslednjeg krova \u2013 ministar"},"content":{"rendered":"<h2>Ministar \u017eivotne sredine, voda i \u0161umarstva Mir\u010da Feket izrazio je nadu da \u0107e mehanizmi za subvencije u Rumuniji za fotonaponske instalacije trajati sve dok i na poslednji krov u zemlji ne budu postavljeni solarni paneli.<\/h2>\n<p>Rumunija je pro\u0161le godine prvi put uve\u0107ala ukupni kapacitet iz fotonaponskih postrojenja <a href=\"https:\/\/balkangreenenergynews.com\/rs\/rekordnih-56-gw-solara-instalirano-u-eu-ove-godine-bugarska-i-rumunija-presle-prag-od-1-gw\/\">za vi\u0161e od jednog gigavata,<\/a> a spisak velikih projekata <a href=\"https:\/\/balkangreenenergynews.com\/nofar-energy-orders-solar-panels-for-eur-76-6-million-for-romania\/\">spremnih za ulazak u fazu izgradnje<\/a> stalno raste. \u0160tavi\u0161e, organizacija SolarPower Europe o\u010dekuje da \u0107e ova zemlja 2027. dosti\u0107i 8,7 gigavata.<\/p>\n<p><a href=\"https:\/\/balkangreenenergynews.com\/nexte-signs-romanias-longest-corporate-ppa-for-its-solar-power-plant\/\">Solarni bum<\/a> je na delu u svim segmentima: od <a href=\"https:\/\/balkangreenenergynews.com\/rs\/vise-od-polovine-rumuna-namerava-da-instalira-solarne-panele-do-2025\/\">prozjumera<\/a> preko <a href=\"https:\/\/balkangreenenergynews.com\/rs\/temisvar-se-prikljucuje-solarnom-talasu-u-rumuniji-sopstvenim-fotonaponskim-parkom\/\">lokalnih samouprava<\/a> i \u010dak do operatora sistema za prenos elektri\u010dne energije <a href=\"https:\/\/balkangreenenergynews.com\/transelectrica-secures-eur-56-2-million-for-solar-battery-installations-cyber-security-upgrade\/\">Transelectrica.<\/a> Tome su doprinele administrativne reforme, a dr\u017eava koristi obimna sredstva koje je odobrila Evropska unija.<\/p>\n<p>Broj prozjumera \u2013 doma\u0107instava, <a href=\"https:\/\/balkangreenenergynews.com\/rs\/rumunija-odvaja-200-miliona-evra-za-msp-za-solarne-panele-punjace-za-elektricna-vozila\/\">firmi,<\/a> ustanova i institucija koji proizvode struju za sopstvene potrebe \u2013 prema\u0161io je stotinu hiljada. Radi pore\u0111enja, <a href=\"https:\/\/balkangreenenergynews.com\/rs\/rumunija-dodelila-52-miliona-evra-subvencija-gradjanima-za-krovne-solarne-elektrane\/\">na kraju 2020.<\/a> ih je bilo 1.634. Procenjeno je da ukupna snaga njihovih instalacija iznosi <a href=\"https:\/\/balkangreenenergynews.com\/prosumers-in-romania-have-installed-capacity-larger-than-cernavoda-nuclear-power-plant\/\">preko 1,4 gigavata,<\/a> vi\u0161e nego \u0161to zajedno imaju oba reaktora nuklearne elektrane Cernavod\u0103.<\/p>\n<blockquote><p>Mehanizam za subvencionisanje doma\u0107instava Casa Verde Fotovoltaice bio je blokiran od septembra<\/p><\/blockquote>\n<p>Ministar \u017eivotne sredine, voda i \u0161umarstva Mir\u010da Feket o\u010dekuje dalju ekspanziju. U izjavi za Radio Rom\u00e2nia Actualit\u0103\u021bi, napomenuo je da je mehanizam za subvencionisanje doma\u0107instava <a href=\"https:\/\/balkangreenenergynews.com\/rs\/rumunija-sprema-610-miliona-evra-u-subvencijama-za-solarne-panele-za-domacinstva\/\">Casa Verde Fotovoltaice<\/a> deblokiran. Naime, jedan doma\u0107i sud ga je u septembru suspendovao nakon \u0161to je jedna firma ulo\u017eila \u017ealbu \u0161to je odbijena na konkursu za instalatere.<\/p>\n<p>Spor je re\u0161en prijateljski, naglasio je Feket. &#8222;Nadam se da ne\u0107emo prestati da finansiramo takve programe dok i na poslednjem krovu u Rumuniji ne budemo imali fotonaponski panel&#8220;, izjavio je ministar.<\/p>\n<p>Uprava fonda za \u017eivotnu sredinu (AFM) \u0107e do kraja ove sedmice potpisati devedesethiljaditi ugovor, tvrdi ministar. U programu Casa Verde Fotovoltaice, <a href=\"https:\/\/balkangreenenergynews.com\/rs\/rumunija-sprema-610-miliona-evra-u-subvencijama-za-solarne-panele-za-domacinstva\/\">vlada<\/a> maksimalno ispla\u0107uje ne\u0161to vi\u0161e od \u010detiri hiljade evra preko AFM-a, odnosno do 90 odsto tro\u0161kova. Korisnik koji \u0107e instalirati fotonaponski sistem pokriva ostatak. Rumunija je 2023. za ovaj mehanizam izdvojila 342 miliona evra, podsetio je Feket.<\/p>\n","protected":false},"excerpt":{"rendered":"<p>Ministar \u017eivotne sredine Mir\u010da Feket ka\u017ee da subvencije u Rumuniji za fotonaponske sisteme treba da traju dok solarni paneli ne budu na svakom krovu<\/p>\n","protected":false},"author":27,"featured_media":65669,"comment_status":"open","ping_status":"open","sticky":false,"template":"","format":"standard","meta":{"_acf_changed":false,"_monsterinsights_skip_tracking":false,"_monsterinsights_sitenote_active":false,"_monsterinsights_sitenote_note":"","_monsterinsights_sitenote_category":0,"footnotes":""},"categories":[504,1],"tags":[669,6237,6415,4915,647,1445,966],"class_list":["post-65667","post","type-post","status-publish","format-standard","has-post-thumbnail","hentry","category-elektricna-energija","category-obnovljivi-izvori-energije","tag-elektricna-energija","tag-energy-transition","tag-izjava-dana","tag-krovni-solarni-sistemi","tag-obnovljivi-izvori-energije","tag-prozjumeri","tag-solarni-paneli","country-rumunija"],"acf":[],"yoast_head":"<!-- This site is optimized with the Yoast SEO plugin v27.4 - https:\/\/yoast.com\/product\/yoast-seo-wordpress\/ -->\n<title>Rumunija da subvencioni\u0161e solarne panele do poslednjeg krova \u2013 ministar<\/title>\n<meta name=\"description\" content=\"Ministar \u017eivotne sredine Mir\u010da Feket ka\u017ee da subvencije u Rumuniji za fotonaponske sisteme treba da traju dok solarni paneli ne budu na svakom krovu.\" \/>\n<meta name=\"robots\" content=\"index, follow, max-snippet:-1, max-image-preview:large, max-video-preview:-1\" \/>\n<link rel=\"canonical\" href=\"https:\/\/balkangreenenergynews.com\/rs\/rumunija-da-subvencionise-solarne-panele-do-poslednjeg-krova-ministar\/\" \/>\n<meta property=\"og:locale\" content=\"sr_RS\" \/>\n<meta property=\"og:type\" content=\"article\" \/>\n<meta property=\"og:title\" content=\"Rumunija da subvencioni\u0161e solarne panele do poslednjeg krova \u2013 ministar\" \/>\n<meta property=\"og:description\" content=\"Ministar \u017eivotne sredine Mir\u010da Feket ka\u017ee da subvencije u Rumuniji za fotonaponske sisteme treba da traju dok solarni paneli ne budu na svakom krovu.\" \/>\n<meta property=\"og:url\" content=\"https:\/\/balkangreenenergynews.com\/rs\/rumunija-da-subvencionise-solarne-panele-do-poslednjeg-krova-ministar\/\" \/>\n<meta property=\"og:site_name\" content=\"Balkan Green Energy News\" \/>\n<meta property=\"article:published_time\" content=\"2024-01-08T15:18:09+00:00\" \/>\n<meta property=\"article:modified_time\" content=\"2024-01-10T07:31:26+00:00\" \/>\n<meta property=\"og:image\" content=\"https:\/\/balkangreenenergynews.com\/rs\/wp-content\/uploads\/2024\/01\/Rumunija-subvencionise-solarne-panele-poslednjeg-krova-ministar.jpg\" \/>\n\t<meta property=\"og:image:width\" content=\"840\" \/>\n\t<meta property=\"og:image:height\" content=\"430\" \/>\n\t<meta property=\"og:image:type\" content=\"image\/jpeg\" \/>\n<meta name=\"author\" content=\"Igor Todorovi\u0107\" \/>\n<meta name=\"twitter:card\" content=\"summary_large_image\" \/>\n<meta name=\"twitter:label1\" content=\"\u041d\u0430\u043f\u0438\u0441\u0430\u043d\u043e \u043e\u0434\" \/>\n\t<meta name=\"twitter:data1\" content=\"Igor Todorovi\u0107\" \/>\n\t<meta name=\"twitter:label2\" content=\"\u041f\u0440\u043e\u0446\u0435\u045a\u0435\u043d\u043e \u0432\u0440\u0435\u043c\u0435 \u0447\u0438\u0442\u0430\u045a\u0430\" \/>\n\t<meta name=\"twitter:data2\" content=\"2 \u043c\u0438\u043d\u0443\u0442\u0430\" \/>\n<script type=\"application\/ld+json\" class=\"yoast-schema-graph\">{\"@context\":\"https:\\\/\\\/schema.org\",\"@graph\":[{\"@type\":\"Article\",\"@id\":\"https:\\\/\\\/balkangreenenergynews.com\\\/rs\\\/rumunija-da-subvencionise-solarne-panele-do-poslednjeg-krova-ministar\\\/#article\",\"isPartOf\":{\"@id\":\"https:\\\/\\\/balkangreenenergynews.com\\\/rs\\\/rumunija-da-subvencionise-solarne-panele-do-poslednjeg-krova-ministar\\\/\"},\"author\":{\"name\":\"Igor Todorovi\u0107\",\"@id\":\"https:\\\/\\\/balkangreenenergynews.com\\\/rs\\\/#\\\/schema\\\/person\\\/d8f80a244c4e9f2b55e4f6968c253246\"},\"headline\":\"Rumunija da subvencioni\u0161e solarne panele do poslednjeg krova \u2013 ministar\",\"datePublished\":\"2024-01-08T15:18:09+00:00\",\"dateModified\":\"2024-01-10T07:31:26+00:00\",\"mainEntityOfPage\":{\"@id\":\"https:\\\/\\\/balkangreenenergynews.com\\\/rs\\\/rumunija-da-subvencionise-solarne-panele-do-poslednjeg-krova-ministar\\\/\"},\"wordCount\":344,\"commentCount\":0,\"image\":{\"@id\":\"https:\\\/\\\/balkangreenenergynews.com\\\/rs\\\/rumunija-da-subvencionise-solarne-panele-do-poslednjeg-krova-ministar\\\/#primaryimage\"},\"thumbnailUrl\":\"https:\\\/\\\/balkangreenenergynews.com\\\/rs\\\/wp-content\\\/uploads\\\/2024\\\/01\\\/Rumunija-subvencionise-solarne-panele-poslednjeg-krova-ministar.jpg?wsr\",\"keywords\":[\"elektri\u010dna energija\",\"energy transition\",\"Izjava dana\",\"krovni solarni sistemi\",\"obnovljivi izvori energije\",\"prozjumeri\",\"solarni paneli\"],\"articleSection\":[\"Elektri\u010dna energija\",\"OIE\"],\"inLanguage\":\"sr-RS\",\"potentialAction\":[{\"@type\":\"CommentAction\",\"name\":\"Comment\",\"target\":[\"https:\\\/\\\/balkangreenenergynews.com\\\/rs\\\/rumunija-da-subvencionise-solarne-panele-do-poslednjeg-krova-ministar\\\/#respond\"]}]},{\"@type\":\"WebPage\",\"@id\":\"https:\\\/\\\/balkangreenenergynews.com\\\/rs\\\/rumunija-da-subvencionise-solarne-panele-do-poslednjeg-krova-ministar\\\/\",\"url\":\"https:\\\/\\\/balkangreenenergynews.com\\\/rs\\\/rumunija-da-subvencionise-solarne-panele-do-poslednjeg-krova-ministar\\\/\",\"name\":\"Rumunija da subvencioni\u0161e solarne panele do poslednjeg krova \u2013 ministar\",\"isPartOf\":{\"@id\":\"https:\\\/\\\/balkangreenenergynews.com\\\/rs\\\/#website\"},\"primaryImageOfPage\":{\"@id\":\"https:\\\/\\\/balkangreenenergynews.com\\\/rs\\\/rumunija-da-subvencionise-solarne-panele-do-poslednjeg-krova-ministar\\\/#primaryimage\"},\"image\":{\"@id\":\"https:\\\/\\\/balkangreenenergynews.com\\\/rs\\\/rumunija-da-subvencionise-solarne-panele-do-poslednjeg-krova-ministar\\\/#primaryimage\"},\"thumbnailUrl\":\"https:\\\/\\\/balkangreenenergynews.com\\\/rs\\\/wp-content\\\/uploads\\\/2024\\\/01\\\/Rumunija-subvencionise-solarne-panele-poslednjeg-krova-ministar.jpg?wsr\",\"datePublished\":\"2024-01-08T15:18:09+00:00\",\"dateModified\":\"2024-01-10T07:31:26+00:00\",\"author\":{\"@id\":\"https:\\\/\\\/balkangreenenergynews.com\\\/rs\\\/#\\\/schema\\\/person\\\/d8f80a244c4e9f2b55e4f6968c253246\"},\"description\":\"Ministar \u017eivotne sredine Mir\u010da Feket ka\u017ee da subvencije u Rumuniji za fotonaponske sisteme treba da traju dok solarni paneli ne budu na svakom krovu.\",\"breadcrumb\":{\"@id\":\"https:\\\/\\\/balkangreenenergynews.com\\\/rs\\\/rumunija-da-subvencionise-solarne-panele-do-poslednjeg-krova-ministar\\\/#breadcrumb\"},\"inLanguage\":\"sr-RS\",\"potentialAction\":[{\"@type\":\"ReadAction\",\"target\":[\"https:\\\/\\\/balkangreenenergynews.com\\\/rs\\\/rumunija-da-subvencionise-solarne-panele-do-poslednjeg-krova-ministar\\\/\"]}]},{\"@type\":\"ImageObject\",\"inLanguage\":\"sr-RS\",\"@id\":\"https:\\\/\\\/balkangreenenergynews.com\\\/rs\\\/rumunija-da-subvencionise-solarne-panele-do-poslednjeg-krova-ministar\\\/#primaryimage\",\"url\":\"https:\\\/\\\/balkangreenenergynews.com\\\/rs\\\/wp-content\\\/uploads\\\/2024\\\/01\\\/Rumunija-subvencionise-solarne-panele-poslednjeg-krova-ministar.jpg?wsr\",\"contentUrl\":\"https:\\\/\\\/balkangreenenergynews.com\\\/rs\\\/wp-content\\\/uploads\\\/2024\\\/01\\\/Rumunija-subvencionise-solarne-panele-poslednjeg-krova-ministar.jpg?wsr\",\"width\":840,\"height\":430,\"caption\":\"Rumunija-subvencionise-solarne-panele-poslednjeg-krova-ministar\"},{\"@type\":\"BreadcrumbList\",\"@id\":\"https:\\\/\\\/balkangreenenergynews.com\\\/rs\\\/rumunija-da-subvencionise-solarne-panele-do-poslednjeg-krova-ministar\\\/#breadcrumb\",\"itemListElement\":[{\"@type\":\"ListItem\",\"position\":1,\"name\":\"Po\u010detna\",\"item\":\"https:\\\/\\\/balkangreenenergynews.com\\\/rs\\\/\"},{\"@type\":\"ListItem\",\"position\":2,\"name\":\"Vesti\",\"item\":\"https:\\\/\\\/balkangreenenergynews.com\\\/rs\\\/kategorija\\\/vesti\\\/\"},{\"@type\":\"ListItem\",\"position\":3,\"name\":\"OIE\",\"item\":\"https:\\\/\\\/balkangreenenergynews.com\\\/rs\\\/kategorija\\\/vesti\\\/obnovljivi-izvori-energije\\\/\"},{\"@type\":\"ListItem\",\"position\":4,\"name\":\"Rumunija da subvencioni\u0161e solarne panele do poslednjeg krova \u2013 ministar\"}]},{\"@type\":\"WebSite\",\"@id\":\"https:\\\/\\\/balkangreenenergynews.com\\\/rs\\\/#website\",\"url\":\"https:\\\/\\\/balkangreenenergynews.com\\\/rs\\\/\",\"name\":\"Balkan Green Energy News\",\"description\":\"Naj\u0161iri izbor vesti sa Balkana o zelenoj energiji\",\"potentialAction\":[{\"@type\":\"SearchAction\",\"target\":{\"@type\":\"EntryPoint\",\"urlTemplate\":\"https:\\\/\\\/balkangreenenergynews.com\\\/rs\\\/?s={search_term_string}\"},\"query-input\":{\"@type\":\"PropertyValueSpecification\",\"valueRequired\":true,\"valueName\":\"search_term_string\"}}],\"inLanguage\":\"sr-RS\"},{\"@type\":\"Person\",\"@id\":\"https:\\\/\\\/balkangreenenergynews.com\\\/rs\\\/#\\\/schema\\\/person\\\/d8f80a244c4e9f2b55e4f6968c253246\",\"name\":\"Igor Todorovi\u0107\",\"url\":\"https:\\\/\\\/balkangreenenergynews.com\\\/rs\\\/author\\\/igor-todorovic\\\/\"}]}<\/script>\n<!-- \/ Yoast SEO plugin. -->","yoast_head_json":{"title":"Rumunija da subvencioni\u0161e solarne panele do poslednjeg krova \u2013 ministar","description":"Ministar \u017eivotne sredine Mir\u010da Feket ka\u017ee da subvencije u Rumuniji za fotonaponske sisteme treba da traju dok solarni paneli ne budu na svakom krovu.","robots":{"index":"index","follow":"follow","max-snippet":"max-snippet:-1","max-image-preview":"max-image-preview:large","max-video-preview":"max-video-preview:-1"},"canonical":"https:\/\/balkangreenenergynews.com\/rs\/rumunija-da-subvencionise-solarne-panele-do-poslednjeg-krova-ministar\/","og_locale":"sr_RS","og_type":"article","og_title":"Rumunija da subvencioni\u0161e solarne panele do poslednjeg krova \u2013 ministar","og_description":"Ministar \u017eivotne sredine Mir\u010da Feket ka\u017ee da subvencije u Rumuniji za fotonaponske sisteme treba da traju dok solarni paneli ne budu na svakom krovu.","og_url":"https:\/\/balkangreenenergynews.com\/rs\/rumunija-da-subvencionise-solarne-panele-do-poslednjeg-krova-ministar\/","og_site_name":"Balkan Green Energy News","article_published_time":"2024-01-08T15:18:09+00:00","article_modified_time":"2024-01-10T07:31:26+00:00","og_image":[{"width":840,"height":430,"url":"https:\/\/balkangreenenergynews.com\/rs\/wp-content\/uploads\/2024\/01\/Rumunija-subvencionise-solarne-panele-poslednjeg-krova-ministar.jpg","type":"image\/jpeg"}],"author":"Igor Todorovi\u0107","twitter_card":"summary_large_image","twitter_misc":{"\u041d\u0430\u043f\u0438\u0441\u0430\u043d\u043e \u043e\u0434":"Igor Todorovi\u0107","\u041f\u0440\u043e\u0446\u0435\u045a\u0435\u043d\u043e \u0432\u0440\u0435\u043c\u0435 \u0447\u0438\u0442\u0430\u045a\u0430":"2 \u043c\u0438\u043d\u0443\u0442\u0430"},"schema":{"@context":"https:\/\/schema.org","@graph":[{"@type":"Article","@id":"https:\/\/balkangreenenergynews.com\/rs\/rumunija-da-subvencionise-solarne-panele-do-poslednjeg-krova-ministar\/#article","isPartOf":{"@id":"https:\/\/balkangreenenergynews.com\/rs\/rumunija-da-subvencionise-solarne-panele-do-poslednjeg-krova-ministar\/"},"author":{"name":"Igor Todorovi\u0107","@id":"https:\/\/balkangreenenergynews.com\/rs\/#\/schema\/person\/d8f80a244c4e9f2b55e4f6968c253246"},"headline":"Rumunija da subvencioni\u0161e solarne panele do poslednjeg krova \u2013 ministar","datePublished":"2024-01-08T15:18:09+00:00","dateModified":"2024-01-10T07:31:26+00:00","mainEntityOfPage":{"@id":"https:\/\/balkangreenenergynews.com\/rs\/rumunija-da-subvencionise-solarne-panele-do-poslednjeg-krova-ministar\/"},"wordCount":344,"commentCount":0,"image":{"@id":"https:\/\/balkangreenenergynews.com\/rs\/rumunija-da-subvencionise-solarne-panele-do-poslednjeg-krova-ministar\/#primaryimage"},"thumbnailUrl":"https:\/\/balkangreenenergynews.com\/rs\/wp-content\/uploads\/2024\/01\/Rumunija-subvencionise-solarne-panele-poslednjeg-krova-ministar.jpg?wsr","keywords":["elektri\u010dna energija","energy transition","Izjava dana","krovni solarni sistemi","obnovljivi izvori energije","prozjumeri","solarni paneli"],"articleSection":["Elektri\u010dna energija","OIE"],"inLanguage":"sr-RS","potentialAction":[{"@type":"CommentAction","name":"Comment","target":["https:\/\/balkangreenenergynews.com\/rs\/rumunija-da-subvencionise-solarne-panele-do-poslednjeg-krova-ministar\/#respond"]}]},{"@type":"WebPage","@id":"https:\/\/balkangreenenergynews.com\/rs\/rumunija-da-subvencionise-solarne-panele-do-poslednjeg-krova-ministar\/","url":"https:\/\/balkangreenenergynews.com\/rs\/rumunija-da-subvencionise-solarne-panele-do-poslednjeg-krova-ministar\/","name":"Rumunija da subvencioni\u0161e solarne panele do poslednjeg krova \u2013 ministar","isPartOf":{"@id":"https:\/\/balkangreenenergynews.com\/rs\/#website"},"primaryImageOfPage":{"@id":"https:\/\/balkangreenenergynews.com\/rs\/rumunija-da-subvencionise-solarne-panele-do-poslednjeg-krova-ministar\/#primaryimage"},"image":{"@id":"https:\/\/balkangreenenergynews.com\/rs\/rumunija-da-subvencionise-solarne-panele-do-poslednjeg-krova-ministar\/#primaryimage"},"thumbnailUrl":"https:\/\/balkangreenenergynews.com\/rs\/wp-content\/uploads\/2024\/01\/Rumunija-subvencionise-solarne-panele-poslednjeg-krova-ministar.jpg?wsr","datePublished":"2024-01-08T15:18:09+00:00","dateModified":"2024-01-10T07:31:26+00:00","author":{"@id":"https:\/\/balkangreenenergynews.com\/rs\/#\/schema\/person\/d8f80a244c4e9f2b55e4f6968c253246"},"description":"Ministar \u017eivotne sredine Mir\u010da Feket ka\u017ee da subvencije u Rumuniji za fotonaponske sisteme treba da traju dok solarni paneli ne budu na svakom krovu.","breadcrumb":{"@id":"https:\/\/balkangreenenergynews.com\/rs\/rumunija-da-subvencionise-solarne-panele-do-poslednjeg-krova-ministar\/#breadcrumb"},"inLanguage":"sr-RS","potentialAction":[{"@type":"ReadAction","target":["https:\/\/balkangreenenergynews.com\/rs\/rumunija-da-subvencionise-solarne-panele-do-poslednjeg-krova-ministar\/"]}]},{"@type":"ImageObject","inLanguage":"sr-RS","@id":"https:\/\/balkangreenenergynews.com\/rs\/rumunija-da-subvencionise-solarne-panele-do-poslednjeg-krova-ministar\/#primaryimage","url":"https:\/\/balkangreenenergynews.com\/rs\/wp-content\/uploads\/2024\/01\/Rumunija-subvencionise-solarne-panele-poslednjeg-krova-ministar.jpg?wsr","contentUrl":"https:\/\/balkangreenenergynews.com\/rs\/wp-content\/uploads\/2024\/01\/Rumunija-subvencionise-solarne-panele-poslednjeg-krova-ministar.jpg?wsr","width":840,"height":430,"caption":"Rumunija-subvencionise-solarne-panele-poslednjeg-krova-ministar"},{"@type":"BreadcrumbList","@id":"https:\/\/balkangreenenergynews.com\/rs\/rumunija-da-subvencionise-solarne-panele-do-poslednjeg-krova-ministar\/#breadcrumb","itemListElement":[{"@type":"ListItem","position":1,"name":"Po\u010detna","item":"https:\/\/balkangreenenergynews.com\/rs\/"},{"@type":"ListItem","position":2,"name":"Vesti","item":"https:\/\/balkangreenenergynews.com\/rs\/kategorija\/vesti\/"},{"@type":"ListItem","position":3,"name":"OIE","item":"https:\/\/balkangreenenergynews.com\/rs\/kategorija\/vesti\/obnovljivi-izvori-energije\/"},{"@type":"ListItem","position":4,"name":"Rumunija da subvencioni\u0161e solarne panele do poslednjeg krova \u2013 ministar"}]},{"@type":"WebSite","@id":"https:\/\/balkangreenenergynews.com\/rs\/#website","url":"https:\/\/balkangreenenergynews.com\/rs\/","name":"Balkan Green Energy News","description":"Naj\u0161iri izbor vesti sa Balkana o zelenoj energiji","potentialAction":[{"@type":"SearchAction","target":{"@type":"EntryPoint","urlTemplate":"https:\/\/balkangreenenergynews.com\/rs\/?s={search_term_string}"},"query-input":{"@type":"PropertyValueSpecification","valueRequired":true,"valueName":"search_term_string"}}],"inLanguage":"sr-RS"},{"@type":"Person","@id":"https:\/\/balkangreenenergynews.com\/rs\/#\/schema\/person\/d8f80a244c4e9f2b55e4f6968c253246","name":"Igor Todorovi\u0107","url":"https:\/\/balkangreenenergynews.com\/rs\/author\/igor-todorovic\/"}]}},"_links":{"self":[{"href":"https:\/\/balkangreenenergynews.com\/rs\/wp-json\/wp\/v2\/posts\/65667","targetHints":{"allow":["GET"]}}],"collection":[{"href":"https:\/\/balkangreenenergynews.com\/rs\/wp-json\/wp\/v2\/posts"}],"about":[{"href":"https:\/\/balkangreenenergynews.com\/rs\/wp-json\/wp\/v2\/types\/post"}],"author":[{"embeddable":true,"href":"https:\/\/balkangreenenergynews.com\/rs\/wp-json\/wp\/v2\/users\/27"}],"replies":[{"embeddable":true,"href":"https:\/\/balkangreenenergynews.com\/rs\/wp-json\/wp\/v2\/comments?post=65667"}],"version-history":[{"count":0,"href":"https:\/\/balkangreenenergynews.com\/rs\/wp-json\/wp\/v2\/posts\/65667\/revisions"}],"wp:featuredmedia":[{"embeddable":true,"href":"https:\/\/balkangreenenergynews.com\/rs\/wp-json\/wp\/v2\/media\/65669"}],"wp:attachment":[{"href":"https:\/\/balkangreenenergynews.com\/rs\/wp-json\/wp\/v2\/media?parent=65667"}],"wp:term":[{"taxonomy":"category","embeddable":true,"href":"https:\/\/balkangreenenergynews.com\/rs\/wp-json\/wp\/v2\/categories?post=65667"},{"taxonomy":"post_tag","embeddable":true,"href":"https:\/\/balkangreenenergynews.com\/rs\/wp-json\/wp\/v2\/tags?post=65667"}],"curies":[{"name":"wp","href":"https:\/\/api.w.org\/{rel}","templated":true}]}}