{"id":65512,"date":"2024-01-02T15:54:41","date_gmt":"2024-01-02T14:54:41","guid":{"rendered":"https:\/\/balkangreenenergynews.com\/rs\/?p=65512"},"modified":"2024-01-02T16:42:04","modified_gmt":"2024-01-02T15:42:04","slug":"vlada-federacije-bih-pokrenula-petogodisnji-program-zelena-tranzicija","status":"publish","type":"post","link":"https:\/\/balkangreenenergynews.com\/rs\/vlada-federacije-bih-pokrenula-petogodisnji-program-zelena-tranzicija\/","title":{"rendered":"Vlada Federacije BiH pokrenula petogodi\u0161nji program Zelena tranzicija"},"content":{"rendered":"<h2 class=\"western\" lang=\"bs-BA\">Vlada Federacija Bosne i Hercegovine pokrenula je petogodi\u0161nji strate\u0161ki program Zelena tranzicija kako bi uspostavila sistemski pristup i oja\u010dala saradnju za sprovo\u0111enje zelene tranzicije, koja \u0107e biti uskla\u0111ena sa Zelenom agendom EU za Zapadni Balkan.<\/h2>\n<p class=\"western\" lang=\"bs-BA\">Finansijski sporazum za sprovo\u0111enje strate\u0161kog programa Zelena tranzicija vredan 3,6 miliona konvertibilnih maraka potpisali su federalni ministar energije, rudarstva i industrije Vedran Laki\u0107 i vr\u0161ilac du\u017enosti rezidentnog predstavnika Razvojnog programa Ujedinjenih nacija (UNDP) u BiH Silven Merlen.<\/p>\n<p class=\"western\" lang=\"bs-BA\">Po polovinu potrebnih sredstava, kako je saop\u0161tilo Ministarstvo, obezbedi\u0107e UNDP i VLada Federacije BiH. Novac je namenjen razvoju sektorskih strategija i dokumenata u Federaciji BiH, izgradnji kapaciteta i podizanju svesti.<\/p>\n<blockquote>\n<p class=\"western\" lang=\"bs-BA\">Sporazum predvi\u0111a i podr\u0161ku za 100 firmi da se pripreme za CBAM<\/p>\n<\/blockquote>\n<p class=\"western\" lang=\"bs-BA\">Sporazum, tako\u0111e, uvodi \u0161emu podr\u0161ke transformaciji poslovanja najmanje 100 kompanija u BiH, sa prioritetom na one koje vode \u017eene, u metalnoj, drvnoj, tekstilnoj i gra\u0111evinskoj industriji i proizvodnji plastike, primenom cirkularnih praksi i pripremom za zelenu finansijsku podr\u0161ku, navelo je Ministarstvo.<\/p>\n<p class=\"western\" lang=\"bs-BA\">Osim toga, ove kompanije \u0107e dobiti prilago\u0111enu tehni\u010dku podr\u0161ku kako bi se pripremile za uskla\u0111ivanje sa zahtevima EU za <a href=\"https:\/\/balkangreenenergynews.com\/rs\/sta-donosi-prelazni-period-za-uvodjenja-cbam-a-koje-su-obaveze-izvoznika-u-eu-i-kako-mogu-da-ih-ispune\/\">uvo\u0111enje prekograni\u010dne takse na CO2<\/a> (eng. CBAM), a koji \u0107e se primjenjivati i na BiH.<\/p>\n<p class=\"western\" lang=\"bs-BA\">Ministarstvo je navelo da je dugoro\u010dna vizija Programa pravedna tranzicija ka ekonomiji i dru\u0161tvu sa nultom neto emisijom gasova sa efektom staklene ba\u0161te do 2050. Tranzicija obuhvata, kako se dodaje, niz intervencija i projekata u \u010detiri klju\u010dne oblasti: dekarbonizacija i otpornost na klimatske promene, cirkularna ekonomija, smanjenje zaga\u0111enja vazduha i za\u0161tita okoline i biodiverziteta.<\/p>\n<blockquote>\n<p class=\"western\" lang=\"bs-BA\">Laki\u0107: Dekarbonizacija i energetska tranzicija strate\u0161ki prioriteti<\/p>\n<\/blockquote>\n<p class=\"western\" lang=\"bs-BA\">Ministar Vedran Laki\u0107 istakao je da su dekarbonizacija i energetska tranzicija strate\u0161ki prioriteti Ministarstva i Vlade FBiH, uklju\u010duju\u0107i reformu propisa i izradu dugoro\u010dne energetske strategije za period 2024-2035.<\/p>\n<p class=\"western\" lang=\"bs-BA\">&#8222;Federalno ministarstvo usmjereno je ka tome da prelazak na obnovljive izvore energije uradi na na\u010din da ponudi jednake mogu\u0107nosti za sve tako da ranjive skupine stanovni\u0161tva i lokalne zajednice koje \u0107e tranzicija najvi\u0161e pogoditi dobiju svu potrebnu pomo\u0107\u201d, objasnio je Laki\u0107.<\/p>\n<blockquote>\n<p lang=\"bs-BA\">Vremena za \u010dekanje nema<\/p>\n<\/blockquote>\n<p class=\"western\" lang=\"bs-BA\">Ministarstvo i Vlada FBiH prepoznali su, kako se isti\u010de, va\u017enost \u0161to hitnijeg dono\u0161enja strate\u0161kih dokumenata koji \u0107e pomo\u0107i zelenu tranziciju svesni da vremena za \u010dekanje nema.<\/p>\n<p class=\"western\" lang=\"bs-BA\">Silven Merlen, iz UNDP-ja, rekao je da im je cilj da ubrzaju zelenu tranziciju u BiH, sistemskim pristupom, uz partnerstva i znanja.<\/p>\n<p class=\"western\" lang=\"bs-BA\">Pretvaranje klimatskih i ekolo\u0161kih izazova u prilike u\u010dini\u0107e tranziciju pravednom i inkluzivnom za sve, rekao je Merlen.<\/p>\n<p class=\"western\" lang=\"bs-BA\">Implementacija Programa traja\u0107e od decembra 2023. do maja 2028.<\/p>\n","protected":false},"excerpt":{"rendered":"<p>Potpisan je finansijski sporazum za sprovo\u0111enje inicijative Zelena tranzicija vredan 3,6 miliona konvertibilnih maraka<\/p>\n","protected":false},"author":23,"featured_media":65513,"comment_status":"open","ping_status":"open","sticky":false,"template":"","format":"standard","meta":{"_acf_changed":false,"_monsterinsights_skip_tracking":false,"_monsterinsights_sitenote_active":false,"_monsterinsights_sitenote_note":"","_monsterinsights_sitenote_category":0,"footnotes":""},"categories":[504,5909,4],"tags":[1739,6153,3279,1854,5442,5908,435,5496],"class_list":["post-65512","post","type-post","status-publish","format-standard","has-post-thumbnail","hentry","category-elektricna-energija","category-klimatske-promene","category-zivotna-sredina","tag-biodiverzitet","tag-cbam","tag-dekarbonizacija","tag-energetska-tranzicija","tag-pravedna-tranzicija","tag-prekogranicna-taksa-na-co2","tag-undp","tag-zelena-agenda-za-zapadni-balkan","country-bosna-i-hercegovina"],"acf":[],"yoast_head":"<!-- This site is optimized with the Yoast SEO plugin v27.4 - https:\/\/yoast.com\/product\/yoast-seo-wordpress\/ -->\n<title>Vlada Federacije BiH pokrenula petogodi\u0161nji program Zelena tranzicija<\/title>\n<meta name=\"description\" content=\"Potpisan je finansijski sporazum za sprovo\u0111enje inicijative Zelena tranzicija vredan 3,6 miliona konvertibilnih maraka\" \/>\n<meta name=\"robots\" content=\"index, follow, max-snippet:-1, max-image-preview:large, max-video-preview:-1\" \/>\n<link rel=\"canonical\" href=\"https:\/\/balkangreenenergynews.com\/rs\/vlada-federacije-bih-pokrenula-petogodisnji-program-zelena-tranzicija\/\" \/>\n<meta property=\"og:locale\" content=\"sr_RS\" \/>\n<meta property=\"og:type\" content=\"article\" \/>\n<meta property=\"og:title\" content=\"Vlada Federacije BiH pokrenula petogodi\u0161nji program Zelena tranzicija\" \/>\n<meta property=\"og:description\" content=\"Potpisan je finansijski sporazum za sprovo\u0111enje inicijative Zelena tranzicija vredan 3,6 miliona konvertibilnih maraka\" \/>\n<meta property=\"og:url\" content=\"https:\/\/balkangreenenergynews.com\/rs\/vlada-federacije-bih-pokrenula-petogodisnji-program-zelena-tranzicija\/\" \/>\n<meta property=\"og:site_name\" content=\"Balkan Green Energy News\" \/>\n<meta property=\"article:published_time\" content=\"2024-01-02T14:54:41+00:00\" \/>\n<meta property=\"article:modified_time\" content=\"2024-01-02T15:42:04+00:00\" \/>\n<meta property=\"og:image\" content=\"https:\/\/balkangreenenergynews.com\/rs\/wp-content\/uploads\/2024\/01\/federacija-bih-zelena-tranzicija-undp-merlen-lakic-sporazum.jpg\" \/>\n\t<meta property=\"og:image:width\" content=\"840\" \/>\n\t<meta property=\"og:image:height\" content=\"430\" \/>\n\t<meta property=\"og:image:type\" content=\"image\/jpeg\" \/>\n<meta name=\"author\" content=\"Vladimir Spasi\u0107\" \/>\n<meta name=\"twitter:card\" content=\"summary_large_image\" \/>\n<meta name=\"twitter:label1\" content=\"\u041d\u0430\u043f\u0438\u0441\u0430\u043d\u043e \u043e\u0434\" \/>\n\t<meta name=\"twitter:data1\" content=\"Vladimir Spasi\u0107\" \/>\n\t<meta name=\"twitter:label2\" content=\"\u041f\u0440\u043e\u0446\u0435\u045a\u0435\u043d\u043e \u0432\u0440\u0435\u043c\u0435 \u0447\u0438\u0442\u0430\u045a\u0430\" \/>\n\t<meta name=\"twitter:data2\" content=\"3 \u043c\u0438\u043d\u0443\u0442\u0430\" \/>\n<script type=\"application\/ld+json\" class=\"yoast-schema-graph\">{\"@context\":\"https:\\\/\\\/schema.org\",\"@graph\":[{\"@type\":\"Article\",\"@id\":\"https:\\\/\\\/balkangreenenergynews.com\\\/rs\\\/vlada-federacije-bih-pokrenula-petogodisnji-program-zelena-tranzicija\\\/#article\",\"isPartOf\":{\"@id\":\"https:\\\/\\\/balkangreenenergynews.com\\\/rs\\\/vlada-federacije-bih-pokrenula-petogodisnji-program-zelena-tranzicija\\\/\"},\"author\":{\"name\":\"Vladimir Spasi\u0107\",\"@id\":\"https:\\\/\\\/balkangreenenergynews.com\\\/rs\\\/#\\\/schema\\\/person\\\/99dc721c46113fea22caffad06ef7317\"},\"headline\":\"Vlada Federacije BiH pokrenula petogodi\u0161nji program Zelena tranzicija\",\"datePublished\":\"2024-01-02T14:54:41+00:00\",\"dateModified\":\"2024-01-02T15:42:04+00:00\",\"mainEntityOfPage\":{\"@id\":\"https:\\\/\\\/balkangreenenergynews.com\\\/rs\\\/vlada-federacije-bih-pokrenula-petogodisnji-program-zelena-tranzicija\\\/\"},\"wordCount\":447,\"commentCount\":0,\"image\":{\"@id\":\"https:\\\/\\\/balkangreenenergynews.com\\\/rs\\\/vlada-federacije-bih-pokrenula-petogodisnji-program-zelena-tranzicija\\\/#primaryimage\"},\"thumbnailUrl\":\"https:\\\/\\\/balkangreenenergynews.com\\\/rs\\\/wp-content\\\/uploads\\\/2024\\\/01\\\/federacija-bih-zelena-tranzicija-undp-merlen-lakic-sporazum.jpg?wsr\",\"keywords\":[\"biodiverzitet\",\"CBAM\",\"dekarbonizacija\",\"energetska tranzicija\",\"pravedna tranzicija\",\"prekograni\u010dna taksa na CO2\",\"UNDP\",\"Zelena agenda za Zapadni Balkan\"],\"articleSection\":[\"Elektri\u010dna energija\",\"Klimatske promene\",\"\u017divotna sredina\"],\"inLanguage\":\"sr-RS\",\"potentialAction\":[{\"@type\":\"CommentAction\",\"name\":\"Comment\",\"target\":[\"https:\\\/\\\/balkangreenenergynews.com\\\/rs\\\/vlada-federacije-bih-pokrenula-petogodisnji-program-zelena-tranzicija\\\/#respond\"]}]},{\"@type\":\"WebPage\",\"@id\":\"https:\\\/\\\/balkangreenenergynews.com\\\/rs\\\/vlada-federacije-bih-pokrenula-petogodisnji-program-zelena-tranzicija\\\/\",\"url\":\"https:\\\/\\\/balkangreenenergynews.com\\\/rs\\\/vlada-federacije-bih-pokrenula-petogodisnji-program-zelena-tranzicija\\\/\",\"name\":\"Vlada Federacije BiH pokrenula petogodi\u0161nji program Zelena tranzicija\",\"isPartOf\":{\"@id\":\"https:\\\/\\\/balkangreenenergynews.com\\\/rs\\\/#website\"},\"primaryImageOfPage\":{\"@id\":\"https:\\\/\\\/balkangreenenergynews.com\\\/rs\\\/vlada-federacije-bih-pokrenula-petogodisnji-program-zelena-tranzicija\\\/#primaryimage\"},\"image\":{\"@id\":\"https:\\\/\\\/balkangreenenergynews.com\\\/rs\\\/vlada-federacije-bih-pokrenula-petogodisnji-program-zelena-tranzicija\\\/#primaryimage\"},\"thumbnailUrl\":\"https:\\\/\\\/balkangreenenergynews.com\\\/rs\\\/wp-content\\\/uploads\\\/2024\\\/01\\\/federacija-bih-zelena-tranzicija-undp-merlen-lakic-sporazum.jpg?wsr\",\"datePublished\":\"2024-01-02T14:54:41+00:00\",\"dateModified\":\"2024-01-02T15:42:04+00:00\",\"author\":{\"@id\":\"https:\\\/\\\/balkangreenenergynews.com\\\/rs\\\/#\\\/schema\\\/person\\\/99dc721c46113fea22caffad06ef7317\"},\"description\":\"Potpisan je finansijski sporazum za sprovo\u0111enje inicijative Zelena tranzicija vredan 3,6 miliona konvertibilnih maraka\",\"breadcrumb\":{\"@id\":\"https:\\\/\\\/balkangreenenergynews.com\\\/rs\\\/vlada-federacije-bih-pokrenula-petogodisnji-program-zelena-tranzicija\\\/#breadcrumb\"},\"inLanguage\":\"sr-RS\",\"potentialAction\":[{\"@type\":\"ReadAction\",\"target\":[\"https:\\\/\\\/balkangreenenergynews.com\\\/rs\\\/vlada-federacije-bih-pokrenula-petogodisnji-program-zelena-tranzicija\\\/\"]}]},{\"@type\":\"ImageObject\",\"inLanguage\":\"sr-RS\",\"@id\":\"https:\\\/\\\/balkangreenenergynews.com\\\/rs\\\/vlada-federacije-bih-pokrenula-petogodisnji-program-zelena-tranzicija\\\/#primaryimage\",\"url\":\"https:\\\/\\\/balkangreenenergynews.com\\\/rs\\\/wp-content\\\/uploads\\\/2024\\\/01\\\/federacija-bih-zelena-tranzicija-undp-merlen-lakic-sporazum.jpg?wsr\",\"contentUrl\":\"https:\\\/\\\/balkangreenenergynews.com\\\/rs\\\/wp-content\\\/uploads\\\/2024\\\/01\\\/federacija-bih-zelena-tranzicija-undp-merlen-lakic-sporazum.jpg?wsr\",\"width\":840,\"height\":430,\"caption\":\"federacija bih zelena tranzicija undp merlen lakic sporazum\"},{\"@type\":\"BreadcrumbList\",\"@id\":\"https:\\\/\\\/balkangreenenergynews.com\\\/rs\\\/vlada-federacije-bih-pokrenula-petogodisnji-program-zelena-tranzicija\\\/#breadcrumb\",\"itemListElement\":[{\"@type\":\"ListItem\",\"position\":1,\"name\":\"Po\u010detna\",\"item\":\"https:\\\/\\\/balkangreenenergynews.com\\\/rs\\\/\"},{\"@type\":\"ListItem\",\"position\":2,\"name\":\"Vesti\",\"item\":\"https:\\\/\\\/balkangreenenergynews.com\\\/rs\\\/kategorija\\\/vesti\\\/\"},{\"@type\":\"ListItem\",\"position\":3,\"name\":\"Elektri\u010dna energija\",\"item\":\"https:\\\/\\\/balkangreenenergynews.com\\\/rs\\\/kategorija\\\/vesti\\\/elektricna-energija\\\/\"},{\"@type\":\"ListItem\",\"position\":4,\"name\":\"Vlada Federacije BiH pokrenula petogodi\u0161nji program Zelena tranzicija\"}]},{\"@type\":\"WebSite\",\"@id\":\"https:\\\/\\\/balkangreenenergynews.com\\\/rs\\\/#website\",\"url\":\"https:\\\/\\\/balkangreenenergynews.com\\\/rs\\\/\",\"name\":\"Balkan Green Energy News\",\"description\":\"Naj\u0161iri izbor vesti sa Balkana o zelenoj energiji\",\"potentialAction\":[{\"@type\":\"SearchAction\",\"target\":{\"@type\":\"EntryPoint\",\"urlTemplate\":\"https:\\\/\\\/balkangreenenergynews.com\\\/rs\\\/?s={search_term_string}\"},\"query-input\":{\"@type\":\"PropertyValueSpecification\",\"valueRequired\":true,\"valueName\":\"search_term_string\"}}],\"inLanguage\":\"sr-RS\"},{\"@type\":\"Person\",\"@id\":\"https:\\\/\\\/balkangreenenergynews.com\\\/rs\\\/#\\\/schema\\\/person\\\/99dc721c46113fea22caffad06ef7317\",\"name\":\"Vladimir Spasi\u0107\",\"url\":\"https:\\\/\\\/balkangreenenergynews.com\\\/rs\\\/author\\\/vladimir-spasic\\\/\"}]}<\/script>\n<!-- \/ Yoast SEO plugin. -->","yoast_head_json":{"title":"Vlada Federacije BiH pokrenula petogodi\u0161nji program Zelena tranzicija","description":"Potpisan je finansijski sporazum za sprovo\u0111enje inicijative Zelena tranzicija vredan 3,6 miliona konvertibilnih maraka","robots":{"index":"index","follow":"follow","max-snippet":"max-snippet:-1","max-image-preview":"max-image-preview:large","max-video-preview":"max-video-preview:-1"},"canonical":"https:\/\/balkangreenenergynews.com\/rs\/vlada-federacije-bih-pokrenula-petogodisnji-program-zelena-tranzicija\/","og_locale":"sr_RS","og_type":"article","og_title":"Vlada Federacije BiH pokrenula petogodi\u0161nji program Zelena tranzicija","og_description":"Potpisan je finansijski sporazum za sprovo\u0111enje inicijative Zelena tranzicija vredan 3,6 miliona konvertibilnih maraka","og_url":"https:\/\/balkangreenenergynews.com\/rs\/vlada-federacije-bih-pokrenula-petogodisnji-program-zelena-tranzicija\/","og_site_name":"Balkan Green Energy News","article_published_time":"2024-01-02T14:54:41+00:00","article_modified_time":"2024-01-02T15:42:04+00:00","og_image":[{"width":840,"height":430,"url":"https:\/\/balkangreenenergynews.com\/rs\/wp-content\/uploads\/2024\/01\/federacija-bih-zelena-tranzicija-undp-merlen-lakic-sporazum.jpg","type":"image\/jpeg"}],"author":"Vladimir Spasi\u0107","twitter_card":"summary_large_image","twitter_misc":{"\u041d\u0430\u043f\u0438\u0441\u0430\u043d\u043e \u043e\u0434":"Vladimir Spasi\u0107","\u041f\u0440\u043e\u0446\u0435\u045a\u0435\u043d\u043e \u0432\u0440\u0435\u043c\u0435 \u0447\u0438\u0442\u0430\u045a\u0430":"3 \u043c\u0438\u043d\u0443\u0442\u0430"},"schema":{"@context":"https:\/\/schema.org","@graph":[{"@type":"Article","@id":"https:\/\/balkangreenenergynews.com\/rs\/vlada-federacije-bih-pokrenula-petogodisnji-program-zelena-tranzicija\/#article","isPartOf":{"@id":"https:\/\/balkangreenenergynews.com\/rs\/vlada-federacije-bih-pokrenula-petogodisnji-program-zelena-tranzicija\/"},"author":{"name":"Vladimir Spasi\u0107","@id":"https:\/\/balkangreenenergynews.com\/rs\/#\/schema\/person\/99dc721c46113fea22caffad06ef7317"},"headline":"Vlada Federacije BiH pokrenula petogodi\u0161nji program Zelena tranzicija","datePublished":"2024-01-02T14:54:41+00:00","dateModified":"2024-01-02T15:42:04+00:00","mainEntityOfPage":{"@id":"https:\/\/balkangreenenergynews.com\/rs\/vlada-federacije-bih-pokrenula-petogodisnji-program-zelena-tranzicija\/"},"wordCount":447,"commentCount":0,"image":{"@id":"https:\/\/balkangreenenergynews.com\/rs\/vlada-federacije-bih-pokrenula-petogodisnji-program-zelena-tranzicija\/#primaryimage"},"thumbnailUrl":"https:\/\/balkangreenenergynews.com\/rs\/wp-content\/uploads\/2024\/01\/federacija-bih-zelena-tranzicija-undp-merlen-lakic-sporazum.jpg?wsr","keywords":["biodiverzitet","CBAM","dekarbonizacija","energetska tranzicija","pravedna tranzicija","prekograni\u010dna taksa na CO2","UNDP","Zelena agenda za Zapadni Balkan"],"articleSection":["Elektri\u010dna energija","Klimatske promene","\u017divotna sredina"],"inLanguage":"sr-RS","potentialAction":[{"@type":"CommentAction","name":"Comment","target":["https:\/\/balkangreenenergynews.com\/rs\/vlada-federacije-bih-pokrenula-petogodisnji-program-zelena-tranzicija\/#respond"]}]},{"@type":"WebPage","@id":"https:\/\/balkangreenenergynews.com\/rs\/vlada-federacije-bih-pokrenula-petogodisnji-program-zelena-tranzicija\/","url":"https:\/\/balkangreenenergynews.com\/rs\/vlada-federacije-bih-pokrenula-petogodisnji-program-zelena-tranzicija\/","name":"Vlada Federacije BiH pokrenula petogodi\u0161nji program Zelena tranzicija","isPartOf":{"@id":"https:\/\/balkangreenenergynews.com\/rs\/#website"},"primaryImageOfPage":{"@id":"https:\/\/balkangreenenergynews.com\/rs\/vlada-federacije-bih-pokrenula-petogodisnji-program-zelena-tranzicija\/#primaryimage"},"image":{"@id":"https:\/\/balkangreenenergynews.com\/rs\/vlada-federacije-bih-pokrenula-petogodisnji-program-zelena-tranzicija\/#primaryimage"},"thumbnailUrl":"https:\/\/balkangreenenergynews.com\/rs\/wp-content\/uploads\/2024\/01\/federacija-bih-zelena-tranzicija-undp-merlen-lakic-sporazum.jpg?wsr","datePublished":"2024-01-02T14:54:41+00:00","dateModified":"2024-01-02T15:42:04+00:00","author":{"@id":"https:\/\/balkangreenenergynews.com\/rs\/#\/schema\/person\/99dc721c46113fea22caffad06ef7317"},"description":"Potpisan je finansijski sporazum za sprovo\u0111enje inicijative Zelena tranzicija vredan 3,6 miliona konvertibilnih maraka","breadcrumb":{"@id":"https:\/\/balkangreenenergynews.com\/rs\/vlada-federacije-bih-pokrenula-petogodisnji-program-zelena-tranzicija\/#breadcrumb"},"inLanguage":"sr-RS","potentialAction":[{"@type":"ReadAction","target":["https:\/\/balkangreenenergynews.com\/rs\/vlada-federacije-bih-pokrenula-petogodisnji-program-zelena-tranzicija\/"]}]},{"@type":"ImageObject","inLanguage":"sr-RS","@id":"https:\/\/balkangreenenergynews.com\/rs\/vlada-federacije-bih-pokrenula-petogodisnji-program-zelena-tranzicija\/#primaryimage","url":"https:\/\/balkangreenenergynews.com\/rs\/wp-content\/uploads\/2024\/01\/federacija-bih-zelena-tranzicija-undp-merlen-lakic-sporazum.jpg?wsr","contentUrl":"https:\/\/balkangreenenergynews.com\/rs\/wp-content\/uploads\/2024\/01\/federacija-bih-zelena-tranzicija-undp-merlen-lakic-sporazum.jpg?wsr","width":840,"height":430,"caption":"federacija bih zelena tranzicija undp merlen lakic sporazum"},{"@type":"BreadcrumbList","@id":"https:\/\/balkangreenenergynews.com\/rs\/vlada-federacije-bih-pokrenula-petogodisnji-program-zelena-tranzicija\/#breadcrumb","itemListElement":[{"@type":"ListItem","position":1,"name":"Po\u010detna","item":"https:\/\/balkangreenenergynews.com\/rs\/"},{"@type":"ListItem","position":2,"name":"Vesti","item":"https:\/\/balkangreenenergynews.com\/rs\/kategorija\/vesti\/"},{"@type":"ListItem","position":3,"name":"Elektri\u010dna energija","item":"https:\/\/balkangreenenergynews.com\/rs\/kategorija\/vesti\/elektricna-energija\/"},{"@type":"ListItem","position":4,"name":"Vlada Federacije BiH pokrenula petogodi\u0161nji program Zelena tranzicija"}]},{"@type":"WebSite","@id":"https:\/\/balkangreenenergynews.com\/rs\/#website","url":"https:\/\/balkangreenenergynews.com\/rs\/","name":"Balkan Green Energy News","description":"Naj\u0161iri izbor vesti sa Balkana o zelenoj energiji","potentialAction":[{"@type":"SearchAction","target":{"@type":"EntryPoint","urlTemplate":"https:\/\/balkangreenenergynews.com\/rs\/?s={search_term_string}"},"query-input":{"@type":"PropertyValueSpecification","valueRequired":true,"valueName":"search_term_string"}}],"inLanguage":"sr-RS"},{"@type":"Person","@id":"https:\/\/balkangreenenergynews.com\/rs\/#\/schema\/person\/99dc721c46113fea22caffad06ef7317","name":"Vladimir Spasi\u0107","url":"https:\/\/balkangreenenergynews.com\/rs\/author\/vladimir-spasic\/"}]}},"_links":{"self":[{"href":"https:\/\/balkangreenenergynews.com\/rs\/wp-json\/wp\/v2\/posts\/65512","targetHints":{"allow":["GET"]}}],"collection":[{"href":"https:\/\/balkangreenenergynews.com\/rs\/wp-json\/wp\/v2\/posts"}],"about":[{"href":"https:\/\/balkangreenenergynews.com\/rs\/wp-json\/wp\/v2\/types\/post"}],"author":[{"embeddable":true,"href":"https:\/\/balkangreenenergynews.com\/rs\/wp-json\/wp\/v2\/users\/23"}],"replies":[{"embeddable":true,"href":"https:\/\/balkangreenenergynews.com\/rs\/wp-json\/wp\/v2\/comments?post=65512"}],"version-history":[{"count":0,"href":"https:\/\/balkangreenenergynews.com\/rs\/wp-json\/wp\/v2\/posts\/65512\/revisions"}],"wp:featuredmedia":[{"embeddable":true,"href":"https:\/\/balkangreenenergynews.com\/rs\/wp-json\/wp\/v2\/media\/65513"}],"wp:attachment":[{"href":"https:\/\/balkangreenenergynews.com\/rs\/wp-json\/wp\/v2\/media?parent=65512"}],"wp:term":[{"taxonomy":"category","embeddable":true,"href":"https:\/\/balkangreenenergynews.com\/rs\/wp-json\/wp\/v2\/categories?post=65512"},{"taxonomy":"post_tag","embeddable":true,"href":"https:\/\/balkangreenenergynews.com\/rs\/wp-json\/wp\/v2\/tags?post=65512"}],"curies":[{"name":"wp","href":"https:\/\/api.w.org\/{rel}","templated":true}]}}