{"id":65016,"date":"2023-12-12T15:15:23","date_gmt":"2023-12-12T14:15:23","guid":{"rendered":"https:\/\/balkangreenenergynews.com\/rs\/?p=65016"},"modified":"2023-12-12T15:23:14","modified_gmt":"2023-12-12T14:23:14","slug":"eusew-2024-otvorene-prijave-za-ucesce-na-18-po-redu-nedelji-posvecenoj-odrzivoj-energetici","status":"publish","type":"post","link":"https:\/\/balkangreenenergynews.com\/rs\/eusew-2024-otvorene-prijave-za-ucesce-na-18-po-redu-nedelji-posvecenoj-odrzivoj-energetici\/","title":{"rendered":"EUSEW 2024: otvorene prijave za u\u010de\u0161\u0107e na 18. po redu nedelji posve\u0107enoj odr\u017eivoj energetici"},"content":{"rendered":"<h2>Evropska nedelja odr\u017eive energetike (EUSEW), najvec\u0301i evropski godi\u0161nji skup fokusiran na obnovljive izvore i efikasno kori\u0161c\u0301enje energije, odr\u017ea\u0107e se od 11. do 13. juna. Bi\u0107e u hibridnom formatu, na dve lokacije u Briselu i s prenosom onlajn. Slogan 18. po redu nedelje posve\u0107ene odr\u017eivoj energetici glasi &#8216;Energetska re\u0161enja sa neto nula emisija za konkurentnu Evropu&#8217;.<\/h2>\n<p>EUSEW 2024 \u0107e biti niz de\u0161avanja, po\u010dev od konferencije na visokom nivou. Organizatori ka\u017eu da je ona vi\u0161e od puke serije informativnih sesija i da se tokom godina razvila u \u201ekonvergenciju energetski svesnih umova, prostor za umre\u017eavanje i saradnju koji se prote\u017ee izvan geografskih granica\u201c.<\/p>\n<p>Stru\u010dnjaci iz oblasti odr\u017eive energetike do 19. januara mogu podneti svoje <a href=\"https:\/\/sustainable-energy-week.ec.europa.eu\/policy-conference\/policy-session-guidelines_en\">predloge tema za sesije<\/a> o pravnom okviru, dobroj praksi i idejama. Organizuju ih Evropska komisija i najva\u017enije zainteresovane strane aktivne u oblasti odr\u017eive energetike.<\/p>\n<p><img loading=\"lazy\" decoding=\"async\" class=\"aligncenter size-full wp-image-65029\" src=\"https:\/\/balkangreenenergynews.com\/rs\/wp-content\/uploads\/2023\/12\/EUSEW-2023.jpg\" alt=\"EUSEW 2023\" width=\"840\" height=\"430\" srcset=\"https:\/\/balkangreenenergynews.com\/rs\/wp-content\/uploads\/2023\/12\/EUSEW-2023.jpg 840w, https:\/\/balkangreenenergynews.com\/rs\/wp-content\/uploads\/2023\/12\/EUSEW-2023-500x256.jpg 500w, https:\/\/balkangreenenergynews.com\/rs\/wp-content\/uploads\/2023\/12\/EUSEW-2023-768x393.jpg 768w, https:\/\/balkangreenenergynews.com\/rs\/wp-content\/uploads\/2023\/12\/EUSEW-2023-300x154.jpg 300w\" sizes=\"auto, (max-width: 840px) 100vw, 840px\" \/><\/p>\n<h3>Otvorene prijave za EUSEW nagrade<\/h3>\n<p><a href=\"https:\/\/balkangreenenergynews.com\/rs\/jugoistocna-evropa-drugi-put-zaredom-dominirala-na-dodeli-eusew-nagrada\/\">EUSEW nagrade<\/a> odaju priznanje pojedincima i projektima za njihove inovacije i napore u oblasti energetske efikasnosti i obnovljivih izvora energije.<\/p>\n<p>Dodeljuju se u tri kategorije: inovacije, lokalna energetska akcija i \u017eena u energetici. <a href=\"https:\/\/sustainable-energy-week.ec.europa.eu\/awards\/guidelines-awards-2024_en\">Prijave<\/a> su otvorene do 1. februara.<\/p>\n<p>Jedan od najva\u017enijih segmenata konferencije je Evropski dan energetike za mlade. U\u010desnici izme\u0111u 18 i 34 godine starosti okupi\u0107e se da podele svoje vizije i ideje za transformaciju Evrope u prvi klimatski neutralan kontinent.<\/p>\n<p>Dodatnu priliku za umre\u017eavanje pru\u017ea i Sajam energetike. <a href=\"https:\/\/sustainable-energy-week.ec.europa.eu\/networking_en\">Poziv<\/a> za postavljanje \u0161tanda na sajmu bi\u0107e otvoren od 16. januara.<\/p>\n<p><img loading=\"lazy\" decoding=\"async\" class=\"aligncenter size-full wp-image-65030\" src=\"https:\/\/balkangreenenergynews.com\/rs\/wp-content\/uploads\/2023\/12\/EUSEW-2023-networking.jpg\" alt=\"EUSEW 2023 networking\" width=\"840\" height=\"430\" srcset=\"https:\/\/balkangreenenergynews.com\/rs\/wp-content\/uploads\/2023\/12\/EUSEW-2023-networking.jpg 840w, https:\/\/balkangreenenergynews.com\/rs\/wp-content\/uploads\/2023\/12\/EUSEW-2023-networking-500x256.jpg 500w, https:\/\/balkangreenenergynews.com\/rs\/wp-content\/uploads\/2023\/12\/EUSEW-2023-networking-768x393.jpg 768w, https:\/\/balkangreenenergynews.com\/rs\/wp-content\/uploads\/2023\/12\/EUSEW-2023-networking-300x154.jpg 300w\" sizes=\"auto, (max-width: 840px) 100vw, 840px\" \/><\/p>\n<h3>Dani odr\u017eive energetike<\/h3>\n<p>Zainteresovani koji nisu u moguc\u0301nosti da u\u010destvuju u aktivnostima u Briselu mogu da registruju sopstveni doga\u0111aj u\u017eivo ili onlajn u okviru Dana odr\u017eive energetike. Odr\u017eavaju se svuda po svetu, promovi\u0161u\u0107i \u010distu energiju i energetsku efikasnost.<\/p>\n<p>EUSEW je otvoren za me\u0111unarodne organizacije, univerzitetska udru\u017eenja, nacionalne i lokalne vlasti, profesionalna udru\u017eenja, nevladine organizacije koje rade u oblasti odr\u017eivog razvoja, udru\u017eenja potro\u0161a\u010da, istra\u017eiva\u010dke organizacije i projekte koje finansiraju Evropska unija i njene i mnoge druge institucije.<\/p>\n","protected":false},"excerpt":{"rendered":"<p>EUSEW, najvec\u0301i evropski godi\u0161nji skup fokusiran na obnovljive izvore i efikasno kori\u0161c\u0301enje energije, odr\u017ea\u0107e se od 11. do 13. juna<\/p>\n","protected":false},"author":34,"featured_media":65023,"comment_status":"open","ping_status":"open","sticky":false,"template":"","format":"standard","meta":{"_acf_changed":false,"_monsterinsights_skip_tracking":false,"_monsterinsights_sitenote_active":false,"_monsterinsights_sitenote_note":"","_monsterinsights_sitenote_category":0,"footnotes":""},"categories":[1],"tags":[646,1854,199,5546,5243,647],"class_list":["post-65016","post","type-post","status-publish","format-standard","has-post-thumbnail","hentry","category-obnovljivi-izvori-energije","tag-energetska-efikasnost","tag-energetska-tranzicija","tag-eusew","tag-klimatska-neutralnost","tag-nulte-neto-emisije","tag-obnovljivi-izvori-energije","country-regioneu"],"acf":[],"yoast_head":"<!-- This site is optimized with the Yoast SEO plugin v27.4 - https:\/\/yoast.com\/product\/yoast-seo-wordpress\/ -->\n<title>EUSEW 2024: otvorene prijave za u\u010de\u0161\u0107e na 18. po redu nedelji posve\u0107enoj odr\u017eivoj energetici<\/title>\n<meta name=\"description\" content=\"EUSEW, najvec\u0301i evropski godi\u0161nji skup fokusiran na obnovljive izvore i efikasno kori\u0161c\u0301enje energije, odr\u017ea\u0107e se od 11. do 13. juna.\" \/>\n<meta name=\"robots\" content=\"index, follow, max-snippet:-1, max-image-preview:large, max-video-preview:-1\" \/>\n<link rel=\"canonical\" href=\"https:\/\/balkangreenenergynews.com\/rs\/eusew-2024-otvorene-prijave-za-ucesce-na-18-po-redu-nedelji-posvecenoj-odrzivoj-energetici\/\" \/>\n<meta property=\"og:locale\" content=\"sr_RS\" \/>\n<meta property=\"og:type\" content=\"article\" \/>\n<meta property=\"og:title\" content=\"EUSEW 2024: otvorene prijave za u\u010de\u0161\u0107e na 18. po redu nedelji posve\u0107enoj odr\u017eivoj energetici\" \/>\n<meta property=\"og:description\" content=\"EUSEW, najvec\u0301i evropski godi\u0161nji skup fokusiran na obnovljive izvore i efikasno kori\u0161c\u0301enje energije, odr\u017ea\u0107e se od 11. do 13. juna.\" \/>\n<meta property=\"og:url\" content=\"https:\/\/balkangreenenergynews.com\/rs\/eusew-2024-otvorene-prijave-za-ucesce-na-18-po-redu-nedelji-posvecenoj-odrzivoj-energetici\/\" \/>\n<meta property=\"og:site_name\" content=\"Balkan Green Energy News\" \/>\n<meta property=\"article:published_time\" content=\"2023-12-12T14:15:23+00:00\" \/>\n<meta property=\"article:modified_time\" content=\"2023-12-12T14:23:14+00:00\" \/>\n<meta property=\"og:image\" content=\"https:\/\/balkangreenenergynews.com\/rs\/wp-content\/uploads\/2023\/12\/EUSEW-2024.jpg\" \/>\n\t<meta property=\"og:image:width\" content=\"840\" \/>\n\t<meta property=\"og:image:height\" content=\"430\" \/>\n\t<meta property=\"og:image:type\" content=\"image\/jpeg\" \/>\n<meta name=\"author\" content=\"Jelisaveta Peri\u0161i\u0107\" \/>\n<meta name=\"twitter:card\" content=\"summary_large_image\" \/>\n<meta name=\"twitter:label1\" content=\"\u041d\u0430\u043f\u0438\u0441\u0430\u043d\u043e \u043e\u0434\" \/>\n\t<meta name=\"twitter:data1\" content=\"Jelisaveta Peri\u0161i\u0107\" \/>\n\t<meta name=\"twitter:label2\" content=\"\u041f\u0440\u043e\u0446\u0435\u045a\u0435\u043d\u043e \u0432\u0440\u0435\u043c\u0435 \u0447\u0438\u0442\u0430\u045a\u0430\" \/>\n\t<meta name=\"twitter:data2\" content=\"3 \u043c\u0438\u043d\u0443\u0442\u0430\" \/>\n<script type=\"application\/ld+json\" class=\"yoast-schema-graph\">{\"@context\":\"https:\\\/\\\/schema.org\",\"@graph\":[{\"@type\":\"Article\",\"@id\":\"https:\\\/\\\/balkangreenenergynews.com\\\/rs\\\/eusew-2024-otvorene-prijave-za-ucesce-na-18-po-redu-nedelji-posvecenoj-odrzivoj-energetici\\\/#article\",\"isPartOf\":{\"@id\":\"https:\\\/\\\/balkangreenenergynews.com\\\/rs\\\/eusew-2024-otvorene-prijave-za-ucesce-na-18-po-redu-nedelji-posvecenoj-odrzivoj-energetici\\\/\"},\"author\":{\"name\":\"Jelisaveta Peri\u0161i\u0107\",\"@id\":\"https:\\\/\\\/balkangreenenergynews.com\\\/rs\\\/#\\\/schema\\\/person\\\/4b3c5831bbc05a72630d12560df2b3f8\"},\"headline\":\"EUSEW 2024: otvorene prijave za u\u010de\u0161\u0107e na 18. po redu nedelji posve\u0107enoj odr\u017eivoj energetici\",\"datePublished\":\"2023-12-12T14:15:23+00:00\",\"dateModified\":\"2023-12-12T14:23:14+00:00\",\"mainEntityOfPage\":{\"@id\":\"https:\\\/\\\/balkangreenenergynews.com\\\/rs\\\/eusew-2024-otvorene-prijave-za-ucesce-na-18-po-redu-nedelji-posvecenoj-odrzivoj-energetici\\\/\"},\"wordCount\":361,\"commentCount\":0,\"image\":{\"@id\":\"https:\\\/\\\/balkangreenenergynews.com\\\/rs\\\/eusew-2024-otvorene-prijave-za-ucesce-na-18-po-redu-nedelji-posvecenoj-odrzivoj-energetici\\\/#primaryimage\"},\"thumbnailUrl\":\"https:\\\/\\\/balkangreenenergynews.com\\\/rs\\\/wp-content\\\/uploads\\\/2023\\\/12\\\/EUSEW-2024.jpg?wsr\",\"keywords\":[\"energetska efikasnost\",\"energetska tranzicija\",\"EUSEW\",\"klimatska neutralnost\",\"nulte neto emisije\",\"obnovljivi izvori energije\"],\"articleSection\":[\"OIE\"],\"inLanguage\":\"sr-RS\",\"potentialAction\":[{\"@type\":\"CommentAction\",\"name\":\"Comment\",\"target\":[\"https:\\\/\\\/balkangreenenergynews.com\\\/rs\\\/eusew-2024-otvorene-prijave-za-ucesce-na-18-po-redu-nedelji-posvecenoj-odrzivoj-energetici\\\/#respond\"]}]},{\"@type\":\"WebPage\",\"@id\":\"https:\\\/\\\/balkangreenenergynews.com\\\/rs\\\/eusew-2024-otvorene-prijave-za-ucesce-na-18-po-redu-nedelji-posvecenoj-odrzivoj-energetici\\\/\",\"url\":\"https:\\\/\\\/balkangreenenergynews.com\\\/rs\\\/eusew-2024-otvorene-prijave-za-ucesce-na-18-po-redu-nedelji-posvecenoj-odrzivoj-energetici\\\/\",\"name\":\"EUSEW 2024: otvorene prijave za u\u010de\u0161\u0107e na 18. po redu nedelji posve\u0107enoj odr\u017eivoj energetici\",\"isPartOf\":{\"@id\":\"https:\\\/\\\/balkangreenenergynews.com\\\/rs\\\/#website\"},\"primaryImageOfPage\":{\"@id\":\"https:\\\/\\\/balkangreenenergynews.com\\\/rs\\\/eusew-2024-otvorene-prijave-za-ucesce-na-18-po-redu-nedelji-posvecenoj-odrzivoj-energetici\\\/#primaryimage\"},\"image\":{\"@id\":\"https:\\\/\\\/balkangreenenergynews.com\\\/rs\\\/eusew-2024-otvorene-prijave-za-ucesce-na-18-po-redu-nedelji-posvecenoj-odrzivoj-energetici\\\/#primaryimage\"},\"thumbnailUrl\":\"https:\\\/\\\/balkangreenenergynews.com\\\/rs\\\/wp-content\\\/uploads\\\/2023\\\/12\\\/EUSEW-2024.jpg?wsr\",\"datePublished\":\"2023-12-12T14:15:23+00:00\",\"dateModified\":\"2023-12-12T14:23:14+00:00\",\"author\":{\"@id\":\"https:\\\/\\\/balkangreenenergynews.com\\\/rs\\\/#\\\/schema\\\/person\\\/4b3c5831bbc05a72630d12560df2b3f8\"},\"description\":\"EUSEW, najvec\u0301i evropski godi\u0161nji skup fokusiran na obnovljive izvore i efikasno kori\u0161c\u0301enje energije, odr\u017ea\u0107e se od 11. do 13. juna.\",\"breadcrumb\":{\"@id\":\"https:\\\/\\\/balkangreenenergynews.com\\\/rs\\\/eusew-2024-otvorene-prijave-za-ucesce-na-18-po-redu-nedelji-posvecenoj-odrzivoj-energetici\\\/#breadcrumb\"},\"inLanguage\":\"sr-RS\",\"potentialAction\":[{\"@type\":\"ReadAction\",\"target\":[\"https:\\\/\\\/balkangreenenergynews.com\\\/rs\\\/eusew-2024-otvorene-prijave-za-ucesce-na-18-po-redu-nedelji-posvecenoj-odrzivoj-energetici\\\/\"]}]},{\"@type\":\"ImageObject\",\"inLanguage\":\"sr-RS\",\"@id\":\"https:\\\/\\\/balkangreenenergynews.com\\\/rs\\\/eusew-2024-otvorene-prijave-za-ucesce-na-18-po-redu-nedelji-posvecenoj-odrzivoj-energetici\\\/#primaryimage\",\"url\":\"https:\\\/\\\/balkangreenenergynews.com\\\/rs\\\/wp-content\\\/uploads\\\/2023\\\/12\\\/EUSEW-2024.jpg?wsr\",\"contentUrl\":\"https:\\\/\\\/balkangreenenergynews.com\\\/rs\\\/wp-content\\\/uploads\\\/2023\\\/12\\\/EUSEW-2024.jpg?wsr\",\"width\":840,\"height\":430,\"caption\":\"EUSEW 2024\"},{\"@type\":\"BreadcrumbList\",\"@id\":\"https:\\\/\\\/balkangreenenergynews.com\\\/rs\\\/eusew-2024-otvorene-prijave-za-ucesce-na-18-po-redu-nedelji-posvecenoj-odrzivoj-energetici\\\/#breadcrumb\",\"itemListElement\":[{\"@type\":\"ListItem\",\"position\":1,\"name\":\"Po\u010detna\",\"item\":\"https:\\\/\\\/balkangreenenergynews.com\\\/rs\\\/\"},{\"@type\":\"ListItem\",\"position\":2,\"name\":\"Vesti\",\"item\":\"https:\\\/\\\/balkangreenenergynews.com\\\/rs\\\/kategorija\\\/vesti\\\/\"},{\"@type\":\"ListItem\",\"position\":3,\"name\":\"OIE\",\"item\":\"https:\\\/\\\/balkangreenenergynews.com\\\/rs\\\/kategorija\\\/vesti\\\/obnovljivi-izvori-energije\\\/\"},{\"@type\":\"ListItem\",\"position\":4,\"name\":\"EUSEW 2024: otvorene prijave za u\u010de\u0161\u0107e na 18. po redu nedelji posve\u0107enoj odr\u017eivoj energetici\"}]},{\"@type\":\"WebSite\",\"@id\":\"https:\\\/\\\/balkangreenenergynews.com\\\/rs\\\/#website\",\"url\":\"https:\\\/\\\/balkangreenenergynews.com\\\/rs\\\/\",\"name\":\"Balkan Green Energy News\",\"description\":\"Naj\u0161iri izbor vesti sa Balkana o zelenoj energiji\",\"potentialAction\":[{\"@type\":\"SearchAction\",\"target\":{\"@type\":\"EntryPoint\",\"urlTemplate\":\"https:\\\/\\\/balkangreenenergynews.com\\\/rs\\\/?s={search_term_string}\"},\"query-input\":{\"@type\":\"PropertyValueSpecification\",\"valueRequired\":true,\"valueName\":\"search_term_string\"}}],\"inLanguage\":\"sr-RS\"},{\"@type\":\"Person\",\"@id\":\"https:\\\/\\\/balkangreenenergynews.com\\\/rs\\\/#\\\/schema\\\/person\\\/4b3c5831bbc05a72630d12560df2b3f8\",\"name\":\"Jelisaveta Peri\u0161i\u0107\",\"url\":\"https:\\\/\\\/balkangreenenergynews.com\\\/rs\\\/author\\\/jelisavet-perisic\\\/\"}]}<\/script>\n<!-- \/ Yoast SEO plugin. -->","yoast_head_json":{"title":"EUSEW 2024: otvorene prijave za u\u010de\u0161\u0107e na 18. po redu nedelji posve\u0107enoj odr\u017eivoj energetici","description":"EUSEW, najvec\u0301i evropski godi\u0161nji skup fokusiran na obnovljive izvore i efikasno kori\u0161c\u0301enje energije, odr\u017ea\u0107e se od 11. do 13. juna.","robots":{"index":"index","follow":"follow","max-snippet":"max-snippet:-1","max-image-preview":"max-image-preview:large","max-video-preview":"max-video-preview:-1"},"canonical":"https:\/\/balkangreenenergynews.com\/rs\/eusew-2024-otvorene-prijave-za-ucesce-na-18-po-redu-nedelji-posvecenoj-odrzivoj-energetici\/","og_locale":"sr_RS","og_type":"article","og_title":"EUSEW 2024: otvorene prijave za u\u010de\u0161\u0107e na 18. po redu nedelji posve\u0107enoj odr\u017eivoj energetici","og_description":"EUSEW, najvec\u0301i evropski godi\u0161nji skup fokusiran na obnovljive izvore i efikasno kori\u0161c\u0301enje energije, odr\u017ea\u0107e se od 11. do 13. juna.","og_url":"https:\/\/balkangreenenergynews.com\/rs\/eusew-2024-otvorene-prijave-za-ucesce-na-18-po-redu-nedelji-posvecenoj-odrzivoj-energetici\/","og_site_name":"Balkan Green Energy News","article_published_time":"2023-12-12T14:15:23+00:00","article_modified_time":"2023-12-12T14:23:14+00:00","og_image":[{"width":840,"height":430,"url":"https:\/\/balkangreenenergynews.com\/rs\/wp-content\/uploads\/2023\/12\/EUSEW-2024.jpg","type":"image\/jpeg"}],"author":"Jelisaveta Peri\u0161i\u0107","twitter_card":"summary_large_image","twitter_misc":{"\u041d\u0430\u043f\u0438\u0441\u0430\u043d\u043e \u043e\u0434":"Jelisaveta Peri\u0161i\u0107","\u041f\u0440\u043e\u0446\u0435\u045a\u0435\u043d\u043e \u0432\u0440\u0435\u043c\u0435 \u0447\u0438\u0442\u0430\u045a\u0430":"3 \u043c\u0438\u043d\u0443\u0442\u0430"},"schema":{"@context":"https:\/\/schema.org","@graph":[{"@type":"Article","@id":"https:\/\/balkangreenenergynews.com\/rs\/eusew-2024-otvorene-prijave-za-ucesce-na-18-po-redu-nedelji-posvecenoj-odrzivoj-energetici\/#article","isPartOf":{"@id":"https:\/\/balkangreenenergynews.com\/rs\/eusew-2024-otvorene-prijave-za-ucesce-na-18-po-redu-nedelji-posvecenoj-odrzivoj-energetici\/"},"author":{"name":"Jelisaveta Peri\u0161i\u0107","@id":"https:\/\/balkangreenenergynews.com\/rs\/#\/schema\/person\/4b3c5831bbc05a72630d12560df2b3f8"},"headline":"EUSEW 2024: otvorene prijave za u\u010de\u0161\u0107e na 18. po redu nedelji posve\u0107enoj odr\u017eivoj energetici","datePublished":"2023-12-12T14:15:23+00:00","dateModified":"2023-12-12T14:23:14+00:00","mainEntityOfPage":{"@id":"https:\/\/balkangreenenergynews.com\/rs\/eusew-2024-otvorene-prijave-za-ucesce-na-18-po-redu-nedelji-posvecenoj-odrzivoj-energetici\/"},"wordCount":361,"commentCount":0,"image":{"@id":"https:\/\/balkangreenenergynews.com\/rs\/eusew-2024-otvorene-prijave-za-ucesce-na-18-po-redu-nedelji-posvecenoj-odrzivoj-energetici\/#primaryimage"},"thumbnailUrl":"https:\/\/balkangreenenergynews.com\/rs\/wp-content\/uploads\/2023\/12\/EUSEW-2024.jpg?wsr","keywords":["energetska efikasnost","energetska tranzicija","EUSEW","klimatska neutralnost","nulte neto emisije","obnovljivi izvori energije"],"articleSection":["OIE"],"inLanguage":"sr-RS","potentialAction":[{"@type":"CommentAction","name":"Comment","target":["https:\/\/balkangreenenergynews.com\/rs\/eusew-2024-otvorene-prijave-za-ucesce-na-18-po-redu-nedelji-posvecenoj-odrzivoj-energetici\/#respond"]}]},{"@type":"WebPage","@id":"https:\/\/balkangreenenergynews.com\/rs\/eusew-2024-otvorene-prijave-za-ucesce-na-18-po-redu-nedelji-posvecenoj-odrzivoj-energetici\/","url":"https:\/\/balkangreenenergynews.com\/rs\/eusew-2024-otvorene-prijave-za-ucesce-na-18-po-redu-nedelji-posvecenoj-odrzivoj-energetici\/","name":"EUSEW 2024: otvorene prijave za u\u010de\u0161\u0107e na 18. po redu nedelji posve\u0107enoj odr\u017eivoj energetici","isPartOf":{"@id":"https:\/\/balkangreenenergynews.com\/rs\/#website"},"primaryImageOfPage":{"@id":"https:\/\/balkangreenenergynews.com\/rs\/eusew-2024-otvorene-prijave-za-ucesce-na-18-po-redu-nedelji-posvecenoj-odrzivoj-energetici\/#primaryimage"},"image":{"@id":"https:\/\/balkangreenenergynews.com\/rs\/eusew-2024-otvorene-prijave-za-ucesce-na-18-po-redu-nedelji-posvecenoj-odrzivoj-energetici\/#primaryimage"},"thumbnailUrl":"https:\/\/balkangreenenergynews.com\/rs\/wp-content\/uploads\/2023\/12\/EUSEW-2024.jpg?wsr","datePublished":"2023-12-12T14:15:23+00:00","dateModified":"2023-12-12T14:23:14+00:00","author":{"@id":"https:\/\/balkangreenenergynews.com\/rs\/#\/schema\/person\/4b3c5831bbc05a72630d12560df2b3f8"},"description":"EUSEW, najvec\u0301i evropski godi\u0161nji skup fokusiran na obnovljive izvore i efikasno kori\u0161c\u0301enje energije, odr\u017ea\u0107e se od 11. do 13. juna.","breadcrumb":{"@id":"https:\/\/balkangreenenergynews.com\/rs\/eusew-2024-otvorene-prijave-za-ucesce-na-18-po-redu-nedelji-posvecenoj-odrzivoj-energetici\/#breadcrumb"},"inLanguage":"sr-RS","potentialAction":[{"@type":"ReadAction","target":["https:\/\/balkangreenenergynews.com\/rs\/eusew-2024-otvorene-prijave-za-ucesce-na-18-po-redu-nedelji-posvecenoj-odrzivoj-energetici\/"]}]},{"@type":"ImageObject","inLanguage":"sr-RS","@id":"https:\/\/balkangreenenergynews.com\/rs\/eusew-2024-otvorene-prijave-za-ucesce-na-18-po-redu-nedelji-posvecenoj-odrzivoj-energetici\/#primaryimage","url":"https:\/\/balkangreenenergynews.com\/rs\/wp-content\/uploads\/2023\/12\/EUSEW-2024.jpg?wsr","contentUrl":"https:\/\/balkangreenenergynews.com\/rs\/wp-content\/uploads\/2023\/12\/EUSEW-2024.jpg?wsr","width":840,"height":430,"caption":"EUSEW 2024"},{"@type":"BreadcrumbList","@id":"https:\/\/balkangreenenergynews.com\/rs\/eusew-2024-otvorene-prijave-za-ucesce-na-18-po-redu-nedelji-posvecenoj-odrzivoj-energetici\/#breadcrumb","itemListElement":[{"@type":"ListItem","position":1,"name":"Po\u010detna","item":"https:\/\/balkangreenenergynews.com\/rs\/"},{"@type":"ListItem","position":2,"name":"Vesti","item":"https:\/\/balkangreenenergynews.com\/rs\/kategorija\/vesti\/"},{"@type":"ListItem","position":3,"name":"OIE","item":"https:\/\/balkangreenenergynews.com\/rs\/kategorija\/vesti\/obnovljivi-izvori-energije\/"},{"@type":"ListItem","position":4,"name":"EUSEW 2024: otvorene prijave za u\u010de\u0161\u0107e na 18. po redu nedelji posve\u0107enoj odr\u017eivoj energetici"}]},{"@type":"WebSite","@id":"https:\/\/balkangreenenergynews.com\/rs\/#website","url":"https:\/\/balkangreenenergynews.com\/rs\/","name":"Balkan Green Energy News","description":"Naj\u0161iri izbor vesti sa Balkana o zelenoj energiji","potentialAction":[{"@type":"SearchAction","target":{"@type":"EntryPoint","urlTemplate":"https:\/\/balkangreenenergynews.com\/rs\/?s={search_term_string}"},"query-input":{"@type":"PropertyValueSpecification","valueRequired":true,"valueName":"search_term_string"}}],"inLanguage":"sr-RS"},{"@type":"Person","@id":"https:\/\/balkangreenenergynews.com\/rs\/#\/schema\/person\/4b3c5831bbc05a72630d12560df2b3f8","name":"Jelisaveta Peri\u0161i\u0107","url":"https:\/\/balkangreenenergynews.com\/rs\/author\/jelisavet-perisic\/"}]}},"_links":{"self":[{"href":"https:\/\/balkangreenenergynews.com\/rs\/wp-json\/wp\/v2\/posts\/65016","targetHints":{"allow":["GET"]}}],"collection":[{"href":"https:\/\/balkangreenenergynews.com\/rs\/wp-json\/wp\/v2\/posts"}],"about":[{"href":"https:\/\/balkangreenenergynews.com\/rs\/wp-json\/wp\/v2\/types\/post"}],"author":[{"embeddable":true,"href":"https:\/\/balkangreenenergynews.com\/rs\/wp-json\/wp\/v2\/users\/34"}],"replies":[{"embeddable":true,"href":"https:\/\/balkangreenenergynews.com\/rs\/wp-json\/wp\/v2\/comments?post=65016"}],"version-history":[{"count":0,"href":"https:\/\/balkangreenenergynews.com\/rs\/wp-json\/wp\/v2\/posts\/65016\/revisions"}],"wp:featuredmedia":[{"embeddable":true,"href":"https:\/\/balkangreenenergynews.com\/rs\/wp-json\/wp\/v2\/media\/65023"}],"wp:attachment":[{"href":"https:\/\/balkangreenenergynews.com\/rs\/wp-json\/wp\/v2\/media?parent=65016"}],"wp:term":[{"taxonomy":"category","embeddable":true,"href":"https:\/\/balkangreenenergynews.com\/rs\/wp-json\/wp\/v2\/categories?post=65016"},{"taxonomy":"post_tag","embeddable":true,"href":"https:\/\/balkangreenenergynews.com\/rs\/wp-json\/wp\/v2\/tags?post=65016"}],"curies":[{"name":"wp","href":"https:\/\/api.w.org\/{rel}","templated":true}]}}