{"id":64695,"date":"2023-11-29T19:55:09","date_gmt":"2023-11-29T18:55:09","guid":{"rendered":"https:\/\/balkangreenenergynews.com\/rs\/?p=64695"},"modified":"2023-11-29T19:55:09","modified_gmt":"2023-11-29T18:55:09","slug":"investitori-pozdravili-akcioni-plan-eu-za-mreze-ali-tvrde-da-nedostaju-neke-sustinske-mere","status":"publish","type":"post","link":"https:\/\/balkangreenenergynews.com\/rs\/investitori-pozdravili-akcioni-plan-eu-za-mreze-ali-tvrde-da-nedostaju-neke-sustinske-mere\/","title":{"rendered":"Investitori pozdravili Akcioni plan EU za mre\u017ee, ali tvrde da nedostaju neke su\u0161tinske mere"},"content":{"rendered":"<h2>Evropska komisija predstavila je akcioni plan od 14 ta\u010daka za sedam izazova sa kojim se danas suo\u010davaju prenosne i distributivne mre\u017ee u Evropi. Mere za mre\u017ee koje \u0107e biti povezanije, digitalizovanije i otporne na sajber napade fokusiraju se na primenu dogovorenog pravnog okvira i trebalo bi da budu sprovedene brzo kako bi na vreme doprinele ostvarenju ciljeva do 2030. godine.<\/h2>\n<p>WindEurope i SolarPower Europe, organizacije koje zastupajus tavove industrije vetra i solara, pozdravile su akcioni plan, ali imaju i odre\u0111ene primedbe. Akcionom planu, kako isti\u010du, nedostaju re\u0161enja za solarne elektrane i vetroparkove koji vec\u0301 \u010dekaju priklju\u010dak\u00a0 na mre\u017eu, kao i konkretne odredbe koje \u0107e podsta\u0107i razvoj fleksibilnosti.<\/p>\n<p>Jedan od glavnih problema koje je Evropska komisija istakla je \u010dinjenica da je 40 odsto evropskih distributivnih mre\u017ea starije od 40 godina. Zato su, kako je dodala, samo u ovoj deceniji potrebne investicije od 584 milijarde evra u elektroenergetske mre\u017ee, pri \u010demu je zna\u010dajan deo neophodan za distributivne mre\u017ee, naglasila je Komisija.<\/p>\n<blockquote><p>Za svaki izazov postoji bar jedna mera<\/p><\/blockquote>\n<p>Glavni izazov je nedostatak infrastrukture jer Evropa trenutno ima 93 GW prekograni\u010dnog prenosnog kapaciteta, do 2025. \u0107e se izgraditi jo\u0161 23 GW, ali i dalje \u0107e do 2030. nedostajati 64 GW, dodaje se u saop\u0161tenju. Jedan od razloga je taj \u0161to se o\u010dekuje da c\u0301e potro\u0161nja elektri\u010dne energije u EU porasti za oko 60 odsto od sada do 2030.<\/p>\n<p>Zato Komisija tra\u017ei brzu implementacija 85 prekograni\u010dnih projekata za prenos, skladi\u0161tenje i pametne mre\u017ee koji su na listi projekata od zajedni\u010dkog interesa (eng. PCI) za 2023.<\/p>\n<p>Osim ubrzavanja implementacije ovih projekata, me\u0111u izazovima su dugoro\u010dno planiranje kako bi se mre\u017ee pripremile za prihvatanje vi\u0161e obnovljivih izvora i pove\u0107anu potra\u017enje, bolje kori\u0161\u0107enje mre\u017ea i pobolj\u0161anje lanaca snabdevanja za prenosne i distributivne kapacitete.<\/p>\n<p>Za svaki izazov postoji najmanje jedna mera, navodi se dokumentu pod nazivom <a href=\"https:\/\/eur-lex.europa.eu\/legal-content\/EN\/TXT\/?uri=COM%3A2023%3A757%3AFIN&amp;qid=1701167355682\"><em>Mre\u017ee, karika koja nedostaje \u2013 Akcioni plan EU za mre\u017ee<\/em><\/a>.<\/p>\n<blockquote><p>Evropski komesar za energetiku Kadri Simson: Plan c\u0301e biti preto\u010den u konkretne akcije<\/p><\/blockquote>\n<p>&#8222;Mre\u017ee bi trebalo da budu pokreta\u010d, a ne usko grlo u tranziciji ka \u010distoj energiji. Na taj na\u010din mo\u017eemo da integri\u0161emo ogromne koli\u010dine obnovljive energije, elektri\u010dnih vozila, toplotnih pumpi i elektrolizera koji su potrebni za dekarbonizaciju na\u0161e ekonomije. Akcioni plan postavlja okvire i sada ra\u010dunam na podr\u0161ku svih igra\u010da u sektoru da se Plan pretvori u konkretne akcije&#8220;, rekla je evropski komesar za energetiku Kadri Simson.<\/p>\n<figure id=\"attachment_64696\" aria-describedby=\"caption-attachment-64696\" style=\"width: 840px\" class=\"wp-caption aligncenter\"><img loading=\"lazy\" decoding=\"async\" class=\"wp-image-64696 size-full\" src=\"https:\/\/balkangreenenergynews.com\/rs\/wp-content\/uploads\/2023\/11\/eu-akcioni-plan-mreze-kadri-simson.jpg\" alt=\"eu akcioni plan mreze kadri simson\" width=\"840\" height=\"430\" srcset=\"https:\/\/balkangreenenergynews.com\/rs\/wp-content\/uploads\/2023\/11\/eu-akcioni-plan-mreze-kadri-simson.jpg 840w, https:\/\/balkangreenenergynews.com\/rs\/wp-content\/uploads\/2023\/11\/eu-akcioni-plan-mreze-kadri-simson-500x256.jpg 500w, https:\/\/balkangreenenergynews.com\/rs\/wp-content\/uploads\/2023\/11\/eu-akcioni-plan-mreze-kadri-simson-768x393.jpg 768w, https:\/\/balkangreenenergynews.com\/rs\/wp-content\/uploads\/2023\/11\/eu-akcioni-plan-mreze-kadri-simson-300x154.jpg 300w\" sizes=\"auto, (max-width: 840px) 100vw, 840px\" \/><figcaption id=\"caption-attachment-64696\" class=\"wp-caption-text\">Kadri Simson (foto: Evropska komisija)<\/figcaption><\/figure>\n<h3>Naomi \u0160eviljar: Plan ne razja\u0161njava regulatorni okvir EU za skladi\u0161tenje<\/h3>\n<p>Udru\u017eenje SolarPower Europe pohvalilo je mere koje \u0107e pomo\u0107i developerima solarnih projekata da lak\u0161e pripreme deo koji se odnosi na prostorno planiranje i otkloniti dugo \u010dekanje na priklju\u010dak na mre\u017eu.<\/p>\n<p>&#8222;Ali potreban nam je EU koja sprovodi re\u010di u delo: smernice moraju postati realnost\u00a0 kako bi se ubrzalo povezivanje na mre\u017eu. Panevropski pogled na kapacitete za grid hosting mora da poslu\u017ei kao na\u0161 kompas za prac\u0301enje implementacije Paketa \u010diste energije, uklju\u010dujuc\u0301i i nacionalne energetske i klimatske planove (NEKP)&#8220;,\u00a0 rekla je Naomi \u0160eviljar, \u0161efica regulatornih poslova u organizaciji SolarPower Europe.<\/p>\n<p>Industrija je tako\u0111e zabrinuta, prema njenim re\u010dima, zbog odsustva konkretnih, regulatornih odredbi koje bi podr\u017eale laku integraciju fleksibilnosti na svim nivoima napona.<\/p>\n<p>&#8222;Fleksibilnost je odmah dostupna u domu potro\u0161a\u010da, a za gradnju mre\u017ene infrastrukture potrebno je i do deset godina. Plan ne razja\u0161njava regulatorni okvir EU za skladi\u0161tenje u pogledu oporezivanja ili tretmana uskladi\u0161tene obnovljive elektri\u010dne energije i rizikuje da ugrozi rast fleksibilnosti svojim dvosmislenim regulatornim rre\u0161enjima&#8220;,\u00a0 naglasila je Chevillard.<\/p>\n<h3>\u017dil Dikson: Potrebna je hitna akcija da bi se uhvatili u ko\u0161tac sa ogromnim redovima za priklju\u010dak na mre\u017eu<\/h3>\n<p>WindEurope je generalno pohvalio plan. Me\u0111u dobrim merama naveo je ja\u010danje dugoro\u010dnog planiranja razvoja mre\u017ea, obavezu ENTSO-E da identifikuje \u0161ta je potrebno za mre\u017ee na kopnu i na moru, uklju\u010dujuc\u0301i skladi\u0161tenje, optimizaciju i infrastrukturu za vodonik, zatim fokus na anticipatorna ulaganja i standardizaciju lanca snabdevanja za mre\u017ee.<\/p>\n<p>Me\u0111utim, Udru\u017eenje je saop\u0161tilo da je glavni problem \u0161to postoji vrlo malo filtriranja zahteva za povezivanje na mre\u017eu. Operatori sistema bi, kako dodaju, trebalo da daju prioritet najzrelijim i strate\u0161kim projektima, kao i onima koji c\u0301e najverovatnije biti izgra\u0111eni.<\/p>\n<p>&#8222;Ovo je dobar plan koji razume da nema energetske tranzicije bez velikih ulaganja u mre\u017ee. Ali, potrebna je hitna akcija da bi se uhvatili u ko\u0161tac sa ogromnim redovima za priklju\u010denje na prenosni sistem projekata za vetar i solar koji su se prijavili za povezivanje na mre\u017eu \u2013 filtrirajte \u0161pekulativne projekte i dajte prioritet onima koji to nisu&#8220;, rekao je \u017dil Dikson, izvr\u0161ni direktor organizacije WindEurope.<\/p>\n","protected":false},"excerpt":{"rendered":"<p>Evropska komisija predstavila je akcioni plan od 14 ta\u010daka za sedam izazova sa kojim se danas suo\u010davaju prenosne i distributivne mre\u017ee<\/p>\n","protected":false},"author":23,"featured_media":64697,"comment_status":"open","ping_status":"open","sticky":false,"template":"","format":"standard","meta":{"_acf_changed":false,"_monsterinsights_skip_tracking":false,"_monsterinsights_sitenote_active":false,"_monsterinsights_sitenote_note":"","_monsterinsights_sitenote_category":0,"footnotes":""},"categories":[504,1],"tags":[1446,707,869,6297,652,2758,3571,403,1890,857,4891],"class_list":["post-64695","post","type-post","status-publish","format-standard","has-post-thumbnail","hentry","category-elektricna-energija","category-obnovljivi-izvori-energije","tag-distributivna-mreza","tag-elektricna-vozila","tag-evropska-komisija","tag-fleksibilnost","tag-investicije","tag-prenosna-mreza","tag-skladistenje-energije","tag-solar","tag-solarne-elektrane","tag-toplotne-pumpe","tag-vetroparkovi","country-regioneu"],"acf":[],"yoast_head":"<!-- This site is optimized with the Yoast SEO plugin v27.4 - https:\/\/yoast.com\/product\/yoast-seo-wordpress\/ -->\n<title>Investitori pozdravili Akcioni plan EU za mre\u017ee, ali tvrde da nedostaju neke su\u0161tinske mere<\/title>\n<meta name=\"description\" content=\"Evropska komisija predstavila je akcioni plan od 14 ta\u010daka za sedam izazova sa kojim se danas suo\u010davaju prenosne i distributivne mre\u017ee\" \/>\n<meta name=\"robots\" content=\"index, follow, max-snippet:-1, max-image-preview:large, max-video-preview:-1\" \/>\n<link rel=\"canonical\" href=\"https:\/\/balkangreenenergynews.com\/rs\/investitori-pozdravili-akcioni-plan-eu-za-mreze-ali-tvrde-da-nedostaju-neke-sustinske-mere\/\" \/>\n<meta property=\"og:locale\" content=\"sr_RS\" \/>\n<meta property=\"og:type\" content=\"article\" \/>\n<meta property=\"og:title\" content=\"Investitori pozdravili Akcioni plan EU za mre\u017ee, ali tvrde da nedostaju neke su\u0161tinske mere\" \/>\n<meta property=\"og:description\" content=\"Evropska komisija predstavila je akcioni plan od 14 ta\u010daka za sedam izazova sa kojim se danas suo\u010davaju prenosne i distributivne mre\u017ee\" \/>\n<meta property=\"og:url\" content=\"https:\/\/balkangreenenergynews.com\/rs\/investitori-pozdravili-akcioni-plan-eu-za-mreze-ali-tvrde-da-nedostaju-neke-sustinske-mere\/\" \/>\n<meta property=\"og:site_name\" content=\"Balkan Green Energy News\" \/>\n<meta property=\"article:published_time\" content=\"2023-11-29T18:55:09+00:00\" \/>\n<meta property=\"og:image\" content=\"https:\/\/balkangreenenergynews.com\/rs\/wp-content\/uploads\/2023\/11\/eu-akcioni-plan-mreze.jpg\" \/>\n\t<meta property=\"og:image:width\" content=\"840\" \/>\n\t<meta property=\"og:image:height\" content=\"430\" \/>\n\t<meta property=\"og:image:type\" content=\"image\/jpeg\" \/>\n<meta name=\"author\" content=\"Vladimir Spasi\u0107\" \/>\n<meta name=\"twitter:card\" content=\"summary_large_image\" \/>\n<meta name=\"twitter:label1\" content=\"\u041d\u0430\u043f\u0438\u0441\u0430\u043d\u043e \u043e\u0434\" \/>\n\t<meta name=\"twitter:data1\" content=\"Vladimir Spasi\u0107\" \/>\n\t<meta name=\"twitter:label2\" content=\"\u041f\u0440\u043e\u0446\u0435\u045a\u0435\u043d\u043e \u0432\u0440\u0435\u043c\u0435 \u0447\u0438\u0442\u0430\u045a\u0430\" \/>\n\t<meta name=\"twitter:data2\" content=\"5 \u043c\u0438\u043d\u0443\u0442\u0430\" \/>\n<script type=\"application\/ld+json\" class=\"yoast-schema-graph\">{\"@context\":\"https:\\\/\\\/schema.org\",\"@graph\":[{\"@type\":\"Article\",\"@id\":\"https:\\\/\\\/balkangreenenergynews.com\\\/rs\\\/investitori-pozdravili-akcioni-plan-eu-za-mreze-ali-tvrde-da-nedostaju-neke-sustinske-mere\\\/#article\",\"isPartOf\":{\"@id\":\"https:\\\/\\\/balkangreenenergynews.com\\\/rs\\\/investitori-pozdravili-akcioni-plan-eu-za-mreze-ali-tvrde-da-nedostaju-neke-sustinske-mere\\\/\"},\"author\":{\"name\":\"Vladimir Spasi\u0107\",\"@id\":\"https:\\\/\\\/balkangreenenergynews.com\\\/rs\\\/#\\\/schema\\\/person\\\/99dc721c46113fea22caffad06ef7317\"},\"headline\":\"Investitori pozdravili Akcioni plan EU za mre\u017ee, ali tvrde da nedostaju neke su\u0161tinske mere\",\"datePublished\":\"2023-11-29T18:55:09+00:00\",\"mainEntityOfPage\":{\"@id\":\"https:\\\/\\\/balkangreenenergynews.com\\\/rs\\\/investitori-pozdravili-akcioni-plan-eu-za-mreze-ali-tvrde-da-nedostaju-neke-sustinske-mere\\\/\"},\"wordCount\":835,\"commentCount\":0,\"image\":{\"@id\":\"https:\\\/\\\/balkangreenenergynews.com\\\/rs\\\/investitori-pozdravili-akcioni-plan-eu-za-mreze-ali-tvrde-da-nedostaju-neke-sustinske-mere\\\/#primaryimage\"},\"thumbnailUrl\":\"https:\\\/\\\/balkangreenenergynews.com\\\/rs\\\/wp-content\\\/uploads\\\/2023\\\/11\\\/eu-akcioni-plan-mreze.jpg?wsr\",\"keywords\":[\"distributivna mre\u017ea\",\"elektri\u010dna vozila\",\"Evropska komisija\",\"fleksibilnost\",\"investicije\",\"prenosna mre\u017ea\",\"skladi\u0161tenje energije\",\"solar\",\"solarne elektrane\",\"toplotne pumpe\",\"vetroparkovi\"],\"articleSection\":[\"Elektri\u010dna energija\",\"OIE\"],\"inLanguage\":\"sr-RS\",\"potentialAction\":[{\"@type\":\"CommentAction\",\"name\":\"Comment\",\"target\":[\"https:\\\/\\\/balkangreenenergynews.com\\\/rs\\\/investitori-pozdravili-akcioni-plan-eu-za-mreze-ali-tvrde-da-nedostaju-neke-sustinske-mere\\\/#respond\"]}]},{\"@type\":\"WebPage\",\"@id\":\"https:\\\/\\\/balkangreenenergynews.com\\\/rs\\\/investitori-pozdravili-akcioni-plan-eu-za-mreze-ali-tvrde-da-nedostaju-neke-sustinske-mere\\\/\",\"url\":\"https:\\\/\\\/balkangreenenergynews.com\\\/rs\\\/investitori-pozdravili-akcioni-plan-eu-za-mreze-ali-tvrde-da-nedostaju-neke-sustinske-mere\\\/\",\"name\":\"Investitori pozdravili Akcioni plan EU za mre\u017ee, ali tvrde da nedostaju neke su\u0161tinske mere\",\"isPartOf\":{\"@id\":\"https:\\\/\\\/balkangreenenergynews.com\\\/rs\\\/#website\"},\"primaryImageOfPage\":{\"@id\":\"https:\\\/\\\/balkangreenenergynews.com\\\/rs\\\/investitori-pozdravili-akcioni-plan-eu-za-mreze-ali-tvrde-da-nedostaju-neke-sustinske-mere\\\/#primaryimage\"},\"image\":{\"@id\":\"https:\\\/\\\/balkangreenenergynews.com\\\/rs\\\/investitori-pozdravili-akcioni-plan-eu-za-mreze-ali-tvrde-da-nedostaju-neke-sustinske-mere\\\/#primaryimage\"},\"thumbnailUrl\":\"https:\\\/\\\/balkangreenenergynews.com\\\/rs\\\/wp-content\\\/uploads\\\/2023\\\/11\\\/eu-akcioni-plan-mreze.jpg?wsr\",\"datePublished\":\"2023-11-29T18:55:09+00:00\",\"author\":{\"@id\":\"https:\\\/\\\/balkangreenenergynews.com\\\/rs\\\/#\\\/schema\\\/person\\\/99dc721c46113fea22caffad06ef7317\"},\"description\":\"Evropska komisija predstavila je akcioni plan od 14 ta\u010daka za sedam izazova sa kojim se danas suo\u010davaju prenosne i distributivne mre\u017ee\",\"breadcrumb\":{\"@id\":\"https:\\\/\\\/balkangreenenergynews.com\\\/rs\\\/investitori-pozdravili-akcioni-plan-eu-za-mreze-ali-tvrde-da-nedostaju-neke-sustinske-mere\\\/#breadcrumb\"},\"inLanguage\":\"sr-RS\",\"potentialAction\":[{\"@type\":\"ReadAction\",\"target\":[\"https:\\\/\\\/balkangreenenergynews.com\\\/rs\\\/investitori-pozdravili-akcioni-plan-eu-za-mreze-ali-tvrde-da-nedostaju-neke-sustinske-mere\\\/\"]}]},{\"@type\":\"ImageObject\",\"inLanguage\":\"sr-RS\",\"@id\":\"https:\\\/\\\/balkangreenenergynews.com\\\/rs\\\/investitori-pozdravili-akcioni-plan-eu-za-mreze-ali-tvrde-da-nedostaju-neke-sustinske-mere\\\/#primaryimage\",\"url\":\"https:\\\/\\\/balkangreenenergynews.com\\\/rs\\\/wp-content\\\/uploads\\\/2023\\\/11\\\/eu-akcioni-plan-mreze.jpg?wsr\",\"contentUrl\":\"https:\\\/\\\/balkangreenenergynews.com\\\/rs\\\/wp-content\\\/uploads\\\/2023\\\/11\\\/eu-akcioni-plan-mreze.jpg?wsr\",\"width\":840,\"height\":430,\"caption\":\"eu akcioni plan mreze\"},{\"@type\":\"BreadcrumbList\",\"@id\":\"https:\\\/\\\/balkangreenenergynews.com\\\/rs\\\/investitori-pozdravili-akcioni-plan-eu-za-mreze-ali-tvrde-da-nedostaju-neke-sustinske-mere\\\/#breadcrumb\",\"itemListElement\":[{\"@type\":\"ListItem\",\"position\":1,\"name\":\"Po\u010detna\",\"item\":\"https:\\\/\\\/balkangreenenergynews.com\\\/rs\\\/\"},{\"@type\":\"ListItem\",\"position\":2,\"name\":\"Vesti\",\"item\":\"https:\\\/\\\/balkangreenenergynews.com\\\/rs\\\/kategorija\\\/vesti\\\/\"},{\"@type\":\"ListItem\",\"position\":3,\"name\":\"Elektri\u010dna energija\",\"item\":\"https:\\\/\\\/balkangreenenergynews.com\\\/rs\\\/kategorija\\\/vesti\\\/elektricna-energija\\\/\"},{\"@type\":\"ListItem\",\"position\":4,\"name\":\"Investitori pozdravili Akcioni plan EU za mre\u017ee, ali tvrde da nedostaju neke su\u0161tinske mere\"}]},{\"@type\":\"WebSite\",\"@id\":\"https:\\\/\\\/balkangreenenergynews.com\\\/rs\\\/#website\",\"url\":\"https:\\\/\\\/balkangreenenergynews.com\\\/rs\\\/\",\"name\":\"Balkan Green Energy News\",\"description\":\"Naj\u0161iri izbor vesti sa Balkana o zelenoj energiji\",\"potentialAction\":[{\"@type\":\"SearchAction\",\"target\":{\"@type\":\"EntryPoint\",\"urlTemplate\":\"https:\\\/\\\/balkangreenenergynews.com\\\/rs\\\/?s={search_term_string}\"},\"query-input\":{\"@type\":\"PropertyValueSpecification\",\"valueRequired\":true,\"valueName\":\"search_term_string\"}}],\"inLanguage\":\"sr-RS\"},{\"@type\":\"Person\",\"@id\":\"https:\\\/\\\/balkangreenenergynews.com\\\/rs\\\/#\\\/schema\\\/person\\\/99dc721c46113fea22caffad06ef7317\",\"name\":\"Vladimir Spasi\u0107\",\"url\":\"https:\\\/\\\/balkangreenenergynews.com\\\/rs\\\/author\\\/vladimir-spasic\\\/\"}]}<\/script>\n<!-- \/ Yoast SEO plugin. -->","yoast_head_json":{"title":"Investitori pozdravili Akcioni plan EU za mre\u017ee, ali tvrde da nedostaju neke su\u0161tinske mere","description":"Evropska komisija predstavila je akcioni plan od 14 ta\u010daka za sedam izazova sa kojim se danas suo\u010davaju prenosne i distributivne mre\u017ee","robots":{"index":"index","follow":"follow","max-snippet":"max-snippet:-1","max-image-preview":"max-image-preview:large","max-video-preview":"max-video-preview:-1"},"canonical":"https:\/\/balkangreenenergynews.com\/rs\/investitori-pozdravili-akcioni-plan-eu-za-mreze-ali-tvrde-da-nedostaju-neke-sustinske-mere\/","og_locale":"sr_RS","og_type":"article","og_title":"Investitori pozdravili Akcioni plan EU za mre\u017ee, ali tvrde da nedostaju neke su\u0161tinske mere","og_description":"Evropska komisija predstavila je akcioni plan od 14 ta\u010daka za sedam izazova sa kojim se danas suo\u010davaju prenosne i distributivne mre\u017ee","og_url":"https:\/\/balkangreenenergynews.com\/rs\/investitori-pozdravili-akcioni-plan-eu-za-mreze-ali-tvrde-da-nedostaju-neke-sustinske-mere\/","og_site_name":"Balkan Green Energy News","article_published_time":"2023-11-29T18:55:09+00:00","og_image":[{"width":840,"height":430,"url":"https:\/\/balkangreenenergynews.com\/rs\/wp-content\/uploads\/2023\/11\/eu-akcioni-plan-mreze.jpg","type":"image\/jpeg"}],"author":"Vladimir Spasi\u0107","twitter_card":"summary_large_image","twitter_misc":{"\u041d\u0430\u043f\u0438\u0441\u0430\u043d\u043e \u043e\u0434":"Vladimir Spasi\u0107","\u041f\u0440\u043e\u0446\u0435\u045a\u0435\u043d\u043e \u0432\u0440\u0435\u043c\u0435 \u0447\u0438\u0442\u0430\u045a\u0430":"5 \u043c\u0438\u043d\u0443\u0442\u0430"},"schema":{"@context":"https:\/\/schema.org","@graph":[{"@type":"Article","@id":"https:\/\/balkangreenenergynews.com\/rs\/investitori-pozdravili-akcioni-plan-eu-za-mreze-ali-tvrde-da-nedostaju-neke-sustinske-mere\/#article","isPartOf":{"@id":"https:\/\/balkangreenenergynews.com\/rs\/investitori-pozdravili-akcioni-plan-eu-za-mreze-ali-tvrde-da-nedostaju-neke-sustinske-mere\/"},"author":{"name":"Vladimir Spasi\u0107","@id":"https:\/\/balkangreenenergynews.com\/rs\/#\/schema\/person\/99dc721c46113fea22caffad06ef7317"},"headline":"Investitori pozdravili Akcioni plan EU za mre\u017ee, ali tvrde da nedostaju neke su\u0161tinske mere","datePublished":"2023-11-29T18:55:09+00:00","mainEntityOfPage":{"@id":"https:\/\/balkangreenenergynews.com\/rs\/investitori-pozdravili-akcioni-plan-eu-za-mreze-ali-tvrde-da-nedostaju-neke-sustinske-mere\/"},"wordCount":835,"commentCount":0,"image":{"@id":"https:\/\/balkangreenenergynews.com\/rs\/investitori-pozdravili-akcioni-plan-eu-za-mreze-ali-tvrde-da-nedostaju-neke-sustinske-mere\/#primaryimage"},"thumbnailUrl":"https:\/\/balkangreenenergynews.com\/rs\/wp-content\/uploads\/2023\/11\/eu-akcioni-plan-mreze.jpg?wsr","keywords":["distributivna mre\u017ea","elektri\u010dna vozila","Evropska komisija","fleksibilnost","investicije","prenosna mre\u017ea","skladi\u0161tenje energije","solar","solarne elektrane","toplotne pumpe","vetroparkovi"],"articleSection":["Elektri\u010dna energija","OIE"],"inLanguage":"sr-RS","potentialAction":[{"@type":"CommentAction","name":"Comment","target":["https:\/\/balkangreenenergynews.com\/rs\/investitori-pozdravili-akcioni-plan-eu-za-mreze-ali-tvrde-da-nedostaju-neke-sustinske-mere\/#respond"]}]},{"@type":"WebPage","@id":"https:\/\/balkangreenenergynews.com\/rs\/investitori-pozdravili-akcioni-plan-eu-za-mreze-ali-tvrde-da-nedostaju-neke-sustinske-mere\/","url":"https:\/\/balkangreenenergynews.com\/rs\/investitori-pozdravili-akcioni-plan-eu-za-mreze-ali-tvrde-da-nedostaju-neke-sustinske-mere\/","name":"Investitori pozdravili Akcioni plan EU za mre\u017ee, ali tvrde da nedostaju neke su\u0161tinske mere","isPartOf":{"@id":"https:\/\/balkangreenenergynews.com\/rs\/#website"},"primaryImageOfPage":{"@id":"https:\/\/balkangreenenergynews.com\/rs\/investitori-pozdravili-akcioni-plan-eu-za-mreze-ali-tvrde-da-nedostaju-neke-sustinske-mere\/#primaryimage"},"image":{"@id":"https:\/\/balkangreenenergynews.com\/rs\/investitori-pozdravili-akcioni-plan-eu-za-mreze-ali-tvrde-da-nedostaju-neke-sustinske-mere\/#primaryimage"},"thumbnailUrl":"https:\/\/balkangreenenergynews.com\/rs\/wp-content\/uploads\/2023\/11\/eu-akcioni-plan-mreze.jpg?wsr","datePublished":"2023-11-29T18:55:09+00:00","author":{"@id":"https:\/\/balkangreenenergynews.com\/rs\/#\/schema\/person\/99dc721c46113fea22caffad06ef7317"},"description":"Evropska komisija predstavila je akcioni plan od 14 ta\u010daka za sedam izazova sa kojim se danas suo\u010davaju prenosne i distributivne mre\u017ee","breadcrumb":{"@id":"https:\/\/balkangreenenergynews.com\/rs\/investitori-pozdravili-akcioni-plan-eu-za-mreze-ali-tvrde-da-nedostaju-neke-sustinske-mere\/#breadcrumb"},"inLanguage":"sr-RS","potentialAction":[{"@type":"ReadAction","target":["https:\/\/balkangreenenergynews.com\/rs\/investitori-pozdravili-akcioni-plan-eu-za-mreze-ali-tvrde-da-nedostaju-neke-sustinske-mere\/"]}]},{"@type":"ImageObject","inLanguage":"sr-RS","@id":"https:\/\/balkangreenenergynews.com\/rs\/investitori-pozdravili-akcioni-plan-eu-za-mreze-ali-tvrde-da-nedostaju-neke-sustinske-mere\/#primaryimage","url":"https:\/\/balkangreenenergynews.com\/rs\/wp-content\/uploads\/2023\/11\/eu-akcioni-plan-mreze.jpg?wsr","contentUrl":"https:\/\/balkangreenenergynews.com\/rs\/wp-content\/uploads\/2023\/11\/eu-akcioni-plan-mreze.jpg?wsr","width":840,"height":430,"caption":"eu akcioni plan mreze"},{"@type":"BreadcrumbList","@id":"https:\/\/balkangreenenergynews.com\/rs\/investitori-pozdravili-akcioni-plan-eu-za-mreze-ali-tvrde-da-nedostaju-neke-sustinske-mere\/#breadcrumb","itemListElement":[{"@type":"ListItem","position":1,"name":"Po\u010detna","item":"https:\/\/balkangreenenergynews.com\/rs\/"},{"@type":"ListItem","position":2,"name":"Vesti","item":"https:\/\/balkangreenenergynews.com\/rs\/kategorija\/vesti\/"},{"@type":"ListItem","position":3,"name":"Elektri\u010dna energija","item":"https:\/\/balkangreenenergynews.com\/rs\/kategorija\/vesti\/elektricna-energija\/"},{"@type":"ListItem","position":4,"name":"Investitori pozdravili Akcioni plan EU za mre\u017ee, ali tvrde da nedostaju neke su\u0161tinske mere"}]},{"@type":"WebSite","@id":"https:\/\/balkangreenenergynews.com\/rs\/#website","url":"https:\/\/balkangreenenergynews.com\/rs\/","name":"Balkan Green Energy News","description":"Naj\u0161iri izbor vesti sa Balkana o zelenoj energiji","potentialAction":[{"@type":"SearchAction","target":{"@type":"EntryPoint","urlTemplate":"https:\/\/balkangreenenergynews.com\/rs\/?s={search_term_string}"},"query-input":{"@type":"PropertyValueSpecification","valueRequired":true,"valueName":"search_term_string"}}],"inLanguage":"sr-RS"},{"@type":"Person","@id":"https:\/\/balkangreenenergynews.com\/rs\/#\/schema\/person\/99dc721c46113fea22caffad06ef7317","name":"Vladimir Spasi\u0107","url":"https:\/\/balkangreenenergynews.com\/rs\/author\/vladimir-spasic\/"}]}},"_links":{"self":[{"href":"https:\/\/balkangreenenergynews.com\/rs\/wp-json\/wp\/v2\/posts\/64695","targetHints":{"allow":["GET"]}}],"collection":[{"href":"https:\/\/balkangreenenergynews.com\/rs\/wp-json\/wp\/v2\/posts"}],"about":[{"href":"https:\/\/balkangreenenergynews.com\/rs\/wp-json\/wp\/v2\/types\/post"}],"author":[{"embeddable":true,"href":"https:\/\/balkangreenenergynews.com\/rs\/wp-json\/wp\/v2\/users\/23"}],"replies":[{"embeddable":true,"href":"https:\/\/balkangreenenergynews.com\/rs\/wp-json\/wp\/v2\/comments?post=64695"}],"version-history":[{"count":0,"href":"https:\/\/balkangreenenergynews.com\/rs\/wp-json\/wp\/v2\/posts\/64695\/revisions"}],"wp:featuredmedia":[{"embeddable":true,"href":"https:\/\/balkangreenenergynews.com\/rs\/wp-json\/wp\/v2\/media\/64697"}],"wp:attachment":[{"href":"https:\/\/balkangreenenergynews.com\/rs\/wp-json\/wp\/v2\/media?parent=64695"}],"wp:term":[{"taxonomy":"category","embeddable":true,"href":"https:\/\/balkangreenenergynews.com\/rs\/wp-json\/wp\/v2\/categories?post=64695"},{"taxonomy":"post_tag","embeddable":true,"href":"https:\/\/balkangreenenergynews.com\/rs\/wp-json\/wp\/v2\/tags?post=64695"}],"curies":[{"name":"wp","href":"https:\/\/api.w.org\/{rel}","templated":true}]}}