{"id":63828,"date":"2023-10-31T15:44:19","date_gmt":"2023-10-31T14:44:19","guid":{"rendered":"https:\/\/balkangreenenergynews.com\/rs\/?p=63828"},"modified":"2023-11-09T12:28:03","modified_gmt":"2023-11-09T11:28:03","slug":"grcka-i-severna-makedonija-donele-konacnu-odluku-da-se-povezu-gasovodom","status":"publish","type":"post","link":"https:\/\/balkangreenenergynews.com\/rs\/grcka-i-severna-makedonija-donele-konacnu-odluku-da-se-povezu-gasovodom\/","title":{"rendered":"Gr\u010dka i Severna Makedonija donele kona\u010dnu odluku da se pove\u017eu gasovodom"},"content":{"rendered":"<h2>Gr\u010dka i Severna Makedonija donele su kona\u010dnu investicionu odluku za izgradnju gasovoda od 123 kilometra izme\u0111u dve dr\u017eave. Njihova prva veza za transport prirodnog gasa \u0107e ujedno Severnoj Makedoniji biti alternativu za trenutno jedini pravac snabdevanja preko Bugarske.<\/h2>\n<p>Gradnja gasovoda izme\u0111u Gr\u010dke i Severne Makedonije je deo <a href=\"https:\/\/balkangreenenergynews.com\/rs\/jugoistocna-evropa-nastavlja-da-jaca-regionalne-gasovodne-veze\/\">aktivnosti zemalja Jugoisto\u010dne Evrope<\/a> da povezivanjem sa susedima oja\u010daju svoju energetsku bezbednost, koja je prili\u010dno ugro\u017eena zbog energetske krize i rusko-ukrajinskog rata.<\/p>\n<p>Gr\u010dki operater transportnog gasnog sistema DESFA i severnomakedonska kompanija za transport prirodnog gasa Nomagas donele su kona\u010dnu odluku o ulaganju, saop\u0161tila je izvr\u0161na direktorka kompanije DESFA Marija Rita Gali na 27. godi\u0161njem okruglom stolu Ekonomista.<\/p>\n<p>Gasni interkonektor Gr\u010dka &#8211; Severna Makedonija, kako je dodala, sada je u\u0161ao u fazu izgradnje.<\/p>\n<p>Gasovod c\u0301e obezbediti novu rutu snabdevanja prirodnim gasom za Severnu Makedoniju, i dodatno oja\u010dati ulogu Gr\u010dke kao energetske kapije za jugoisto\u010dnu Evropu, naglasila je ona.<\/p>\n<blockquote><p>O\u010dekuje se da c\u0301e interkonektor biti zavr\u0161en do kraja 2024.<\/p><\/blockquote>\n<p>O\u010dekuje se da c\u0301e interkonektor, kako je naglasila, biti zavr\u0161en do kraja 2024. Gasovod \u0107e, tako\u0111e, biti spreman da potpuno pre\u0111e na transport vodonika, \u010dime \u0107e se podr\u017eati prelazak na odr\u017eiviji regionalni energetski sistem sa niskim sadr\u017eajem ugljenika, poru\u010dila je Gali.<\/p>\n<p>Ina\u010de, pre nekoliko nedelja DESFA i Nomagas <a href=\"https:\/\/balkangreenenergynews.com\/rs\/jugoistocna-evropa-nastavlja-da-jaca-regionalne-gasovodne-veze\/\">potpisali su ugovor o nadzoru<\/a> nad izgradnjom deonice gasnog interkonektora na teritoriji Severne Makedonije.<\/p>\n<p>DESFA c\u0301e biti zadu\u017eena za nadzor radova na segmentu od 68 kilometara u Severnoj Makedoniji. Gr\u010dka kompanija je, kako je saop\u0161teno, posao dobila na tenderu.<\/p>\n<blockquote><p>Po\u010detni kapacitet gasovoda bic\u0301e 1,5 milijardi kubnih metara godi\u0161nje<\/p><\/blockquote>\n<p>Novac za finansiranje nadzora radova obezbedila je Evropska investiciona banka (EIB) tako \u0161to je grant od 2,47 miliona evra isplac\u0301en preko Investicionog okvira za Zapadni Balkan (WBIF).<\/p>\n<p>Interkonektor c\u0301e povezati Nea Mesimvriju i Negotino preko grani\u010dnog prelaza Evzoni\/\u0110ev\u0111elija. Po\u010detni kapacitet bic\u0301e 1,5 milijardi kubnih metara godi\u0161nje, uz moguc\u0301nost pro\u0161irenja na tri milijarde kubika.<\/p>\n<p>DESFA je tako\u0111e saop\u0161tila da su sprovedene studije kako bi se obezbedili uslovi da cevovod prenosi zeleni vodonik.<\/p>\n","protected":false},"excerpt":{"rendered":"<p>Prva veza za transport gasa izme\u0111u dve zemlje \u0107e Severnoj Makedoniji biti alternativu za trenutno jedini pravac snabdevanja preko Bugarske<\/p>\n","protected":false},"author":23,"featured_media":63831,"comment_status":"open","ping_status":"open","sticky":false,"template":"","format":"standard","meta":{"_acf_changed":false,"_monsterinsights_skip_tracking":false,"_monsterinsights_sitenote_active":false,"_monsterinsights_sitenote_note":"","_monsterinsights_sitenote_category":0,"footnotes":""},"categories":[504,6295],"tags":[780,6177,652,5490,1625],"class_list":["post-63828","post","type-post","status-publish","format-standard","has-post-thumbnail","hentry","category-elektricna-energija","category-energetska-kriza","tag-energetska-bezbednost","tag-energetska-kriza","tag-investicije","tag-prirodni-gas","tag-wbif","country-grcka","country-makedonija"],"acf":[],"yoast_head":"<!-- This site is optimized with the Yoast SEO plugin v27.4 - https:\/\/yoast.com\/product\/yoast-seo-wordpress\/ -->\n<title>Gr\u010dka i Severna Makedonija donele kona\u010dnu odluku da se pove\u017eu gasovodom<\/title>\n<meta name=\"description\" content=\"Prva veza za transport gasa izme\u0111u dve zemlje \u0107e Severnoj Makedoniji biti alternativu za trenutno jedini pravac snabdevanja preko Bugarske\" \/>\n<meta name=\"robots\" content=\"index, follow, max-snippet:-1, max-image-preview:large, max-video-preview:-1\" \/>\n<link rel=\"canonical\" href=\"https:\/\/balkangreenenergynews.com\/rs\/grcka-i-severna-makedonija-donele-konacnu-odluku-da-se-povezu-gasovodom\/\" \/>\n<meta property=\"og:locale\" content=\"sr_RS\" \/>\n<meta property=\"og:type\" content=\"article\" \/>\n<meta property=\"og:title\" content=\"Gr\u010dka i Severna Makedonija donele kona\u010dnu odluku da se pove\u017eu gasovodom\" \/>\n<meta property=\"og:description\" content=\"Prva veza za transport gasa izme\u0111u dve zemlje \u0107e Severnoj Makedoniji biti alternativu za trenutno jedini pravac snabdevanja preko Bugarske\" \/>\n<meta property=\"og:url\" content=\"https:\/\/balkangreenenergynews.com\/rs\/grcka-i-severna-makedonija-donele-konacnu-odluku-da-se-povezu-gasovodom\/\" \/>\n<meta property=\"og:site_name\" content=\"Balkan Green Energy News\" \/>\n<meta property=\"article:published_time\" content=\"2023-10-31T14:44:19+00:00\" \/>\n<meta property=\"article:modified_time\" content=\"2023-11-09T11:28:03+00:00\" \/>\n<meta property=\"og:image\" content=\"https:\/\/balkangreenenergynews.com\/rs\/wp-content\/uploads\/2023\/10\/grcka-severna-makedonija-gasovod.jpg\" \/>\n\t<meta property=\"og:image:width\" content=\"840\" \/>\n\t<meta property=\"og:image:height\" content=\"430\" \/>\n\t<meta property=\"og:image:type\" content=\"image\/jpeg\" \/>\n<meta name=\"author\" content=\"Vladimir Spasi\u0107\" \/>\n<meta name=\"twitter:card\" content=\"summary_large_image\" \/>\n<meta name=\"twitter:label1\" content=\"\u041d\u0430\u043f\u0438\u0441\u0430\u043d\u043e \u043e\u0434\" \/>\n\t<meta name=\"twitter:data1\" content=\"Vladimir Spasi\u0107\" \/>\n\t<meta name=\"twitter:label2\" content=\"\u041f\u0440\u043e\u0446\u0435\u045a\u0435\u043d\u043e \u0432\u0440\u0435\u043c\u0435 \u0447\u0438\u0442\u0430\u045a\u0430\" \/>\n\t<meta name=\"twitter:data2\" content=\"2 \u043c\u0438\u043d\u0443\u0442\u0430\" \/>\n<script type=\"application\/ld+json\" class=\"yoast-schema-graph\">{\"@context\":\"https:\\\/\\\/schema.org\",\"@graph\":[{\"@type\":\"Article\",\"@id\":\"https:\\\/\\\/balkangreenenergynews.com\\\/rs\\\/grcka-i-severna-makedonija-donele-konacnu-odluku-da-se-povezu-gasovodom\\\/#article\",\"isPartOf\":{\"@id\":\"https:\\\/\\\/balkangreenenergynews.com\\\/rs\\\/grcka-i-severna-makedonija-donele-konacnu-odluku-da-se-povezu-gasovodom\\\/\"},\"author\":{\"name\":\"Vladimir Spasi\u0107\",\"@id\":\"https:\\\/\\\/balkangreenenergynews.com\\\/rs\\\/#\\\/schema\\\/person\\\/99dc721c46113fea22caffad06ef7317\"},\"headline\":\"Gr\u010dka i Severna Makedonija donele kona\u010dnu odluku da se pove\u017eu gasovodom\",\"datePublished\":\"2023-10-31T14:44:19+00:00\",\"dateModified\":\"2023-11-09T11:28:03+00:00\",\"mainEntityOfPage\":{\"@id\":\"https:\\\/\\\/balkangreenenergynews.com\\\/rs\\\/grcka-i-severna-makedonija-donele-konacnu-odluku-da-se-povezu-gasovodom\\\/\"},\"wordCount\":380,\"commentCount\":0,\"image\":{\"@id\":\"https:\\\/\\\/balkangreenenergynews.com\\\/rs\\\/grcka-i-severna-makedonija-donele-konacnu-odluku-da-se-povezu-gasovodom\\\/#primaryimage\"},\"thumbnailUrl\":\"https:\\\/\\\/balkangreenenergynews.com\\\/rs\\\/wp-content\\\/uploads\\\/2023\\\/10\\\/grcka-severna-makedonija-gasovod.jpg?wsr\",\"keywords\":[\"energetska bezbednost\",\"energetska kriza\",\"investicije\",\"prirodni gas\",\"WBIF\"],\"articleSection\":[\"Elektri\u010dna energija\",\"Energetska kriza\"],\"inLanguage\":\"sr-RS\",\"potentialAction\":[{\"@type\":\"CommentAction\",\"name\":\"Comment\",\"target\":[\"https:\\\/\\\/balkangreenenergynews.com\\\/rs\\\/grcka-i-severna-makedonija-donele-konacnu-odluku-da-se-povezu-gasovodom\\\/#respond\"]}]},{\"@type\":\"WebPage\",\"@id\":\"https:\\\/\\\/balkangreenenergynews.com\\\/rs\\\/grcka-i-severna-makedonija-donele-konacnu-odluku-da-se-povezu-gasovodom\\\/\",\"url\":\"https:\\\/\\\/balkangreenenergynews.com\\\/rs\\\/grcka-i-severna-makedonija-donele-konacnu-odluku-da-se-povezu-gasovodom\\\/\",\"name\":\"Gr\u010dka i Severna Makedonija donele kona\u010dnu odluku da se pove\u017eu gasovodom\",\"isPartOf\":{\"@id\":\"https:\\\/\\\/balkangreenenergynews.com\\\/rs\\\/#website\"},\"primaryImageOfPage\":{\"@id\":\"https:\\\/\\\/balkangreenenergynews.com\\\/rs\\\/grcka-i-severna-makedonija-donele-konacnu-odluku-da-se-povezu-gasovodom\\\/#primaryimage\"},\"image\":{\"@id\":\"https:\\\/\\\/balkangreenenergynews.com\\\/rs\\\/grcka-i-severna-makedonija-donele-konacnu-odluku-da-se-povezu-gasovodom\\\/#primaryimage\"},\"thumbnailUrl\":\"https:\\\/\\\/balkangreenenergynews.com\\\/rs\\\/wp-content\\\/uploads\\\/2023\\\/10\\\/grcka-severna-makedonija-gasovod.jpg?wsr\",\"datePublished\":\"2023-10-31T14:44:19+00:00\",\"dateModified\":\"2023-11-09T11:28:03+00:00\",\"author\":{\"@id\":\"https:\\\/\\\/balkangreenenergynews.com\\\/rs\\\/#\\\/schema\\\/person\\\/99dc721c46113fea22caffad06ef7317\"},\"description\":\"Prva veza za transport gasa izme\u0111u dve zemlje \u0107e Severnoj Makedoniji biti alternativu za trenutno jedini pravac snabdevanja preko Bugarske\",\"breadcrumb\":{\"@id\":\"https:\\\/\\\/balkangreenenergynews.com\\\/rs\\\/grcka-i-severna-makedonija-donele-konacnu-odluku-da-se-povezu-gasovodom\\\/#breadcrumb\"},\"inLanguage\":\"sr-RS\",\"potentialAction\":[{\"@type\":\"ReadAction\",\"target\":[\"https:\\\/\\\/balkangreenenergynews.com\\\/rs\\\/grcka-i-severna-makedonija-donele-konacnu-odluku-da-se-povezu-gasovodom\\\/\"]}]},{\"@type\":\"ImageObject\",\"inLanguage\":\"sr-RS\",\"@id\":\"https:\\\/\\\/balkangreenenergynews.com\\\/rs\\\/grcka-i-severna-makedonija-donele-konacnu-odluku-da-se-povezu-gasovodom\\\/#primaryimage\",\"url\":\"https:\\\/\\\/balkangreenenergynews.com\\\/rs\\\/wp-content\\\/uploads\\\/2023\\\/10\\\/grcka-severna-makedonija-gasovod.jpg?wsr\",\"contentUrl\":\"https:\\\/\\\/balkangreenenergynews.com\\\/rs\\\/wp-content\\\/uploads\\\/2023\\\/10\\\/grcka-severna-makedonija-gasovod.jpg?wsr\",\"width\":840,\"height\":430,\"caption\":\"grcka severna makedonija gasovod\"},{\"@type\":\"BreadcrumbList\",\"@id\":\"https:\\\/\\\/balkangreenenergynews.com\\\/rs\\\/grcka-i-severna-makedonija-donele-konacnu-odluku-da-se-povezu-gasovodom\\\/#breadcrumb\",\"itemListElement\":[{\"@type\":\"ListItem\",\"position\":1,\"name\":\"Po\u010detna\",\"item\":\"https:\\\/\\\/balkangreenenergynews.com\\\/rs\\\/\"},{\"@type\":\"ListItem\",\"position\":2,\"name\":\"Energetska kriza\",\"item\":\"https:\\\/\\\/balkangreenenergynews.com\\\/rs\\\/kategorija\\\/energetska-kriza\\\/\"},{\"@type\":\"ListItem\",\"position\":3,\"name\":\"Gr\u010dka i Severna Makedonija donele kona\u010dnu odluku da se pove\u017eu gasovodom\"}]},{\"@type\":\"WebSite\",\"@id\":\"https:\\\/\\\/balkangreenenergynews.com\\\/rs\\\/#website\",\"url\":\"https:\\\/\\\/balkangreenenergynews.com\\\/rs\\\/\",\"name\":\"Balkan Green Energy News\",\"description\":\"Naj\u0161iri izbor vesti sa Balkana o zelenoj energiji\",\"potentialAction\":[{\"@type\":\"SearchAction\",\"target\":{\"@type\":\"EntryPoint\",\"urlTemplate\":\"https:\\\/\\\/balkangreenenergynews.com\\\/rs\\\/?s={search_term_string}\"},\"query-input\":{\"@type\":\"PropertyValueSpecification\",\"valueRequired\":true,\"valueName\":\"search_term_string\"}}],\"inLanguage\":\"sr-RS\"},{\"@type\":\"Person\",\"@id\":\"https:\\\/\\\/balkangreenenergynews.com\\\/rs\\\/#\\\/schema\\\/person\\\/99dc721c46113fea22caffad06ef7317\",\"name\":\"Vladimir Spasi\u0107\",\"url\":\"https:\\\/\\\/balkangreenenergynews.com\\\/rs\\\/author\\\/vladimir-spasic\\\/\"}]}<\/script>\n<!-- \/ Yoast SEO plugin. -->","yoast_head_json":{"title":"Gr\u010dka i Severna Makedonija donele kona\u010dnu odluku da se pove\u017eu gasovodom","description":"Prva veza za transport gasa izme\u0111u dve zemlje \u0107e Severnoj Makedoniji biti alternativu za trenutno jedini pravac snabdevanja preko Bugarske","robots":{"index":"index","follow":"follow","max-snippet":"max-snippet:-1","max-image-preview":"max-image-preview:large","max-video-preview":"max-video-preview:-1"},"canonical":"https:\/\/balkangreenenergynews.com\/rs\/grcka-i-severna-makedonija-donele-konacnu-odluku-da-se-povezu-gasovodom\/","og_locale":"sr_RS","og_type":"article","og_title":"Gr\u010dka i Severna Makedonija donele kona\u010dnu odluku da se pove\u017eu gasovodom","og_description":"Prva veza za transport gasa izme\u0111u dve zemlje \u0107e Severnoj Makedoniji biti alternativu za trenutno jedini pravac snabdevanja preko Bugarske","og_url":"https:\/\/balkangreenenergynews.com\/rs\/grcka-i-severna-makedonija-donele-konacnu-odluku-da-se-povezu-gasovodom\/","og_site_name":"Balkan Green Energy News","article_published_time":"2023-10-31T14:44:19+00:00","article_modified_time":"2023-11-09T11:28:03+00:00","og_image":[{"width":840,"height":430,"url":"https:\/\/balkangreenenergynews.com\/rs\/wp-content\/uploads\/2023\/10\/grcka-severna-makedonija-gasovod.jpg","type":"image\/jpeg"}],"author":"Vladimir Spasi\u0107","twitter_card":"summary_large_image","twitter_misc":{"\u041d\u0430\u043f\u0438\u0441\u0430\u043d\u043e \u043e\u0434":"Vladimir Spasi\u0107","\u041f\u0440\u043e\u0446\u0435\u045a\u0435\u043d\u043e \u0432\u0440\u0435\u043c\u0435 \u0447\u0438\u0442\u0430\u045a\u0430":"2 \u043c\u0438\u043d\u0443\u0442\u0430"},"schema":{"@context":"https:\/\/schema.org","@graph":[{"@type":"Article","@id":"https:\/\/balkangreenenergynews.com\/rs\/grcka-i-severna-makedonija-donele-konacnu-odluku-da-se-povezu-gasovodom\/#article","isPartOf":{"@id":"https:\/\/balkangreenenergynews.com\/rs\/grcka-i-severna-makedonija-donele-konacnu-odluku-da-se-povezu-gasovodom\/"},"author":{"name":"Vladimir Spasi\u0107","@id":"https:\/\/balkangreenenergynews.com\/rs\/#\/schema\/person\/99dc721c46113fea22caffad06ef7317"},"headline":"Gr\u010dka i Severna Makedonija donele kona\u010dnu odluku da se pove\u017eu gasovodom","datePublished":"2023-10-31T14:44:19+00:00","dateModified":"2023-11-09T11:28:03+00:00","mainEntityOfPage":{"@id":"https:\/\/balkangreenenergynews.com\/rs\/grcka-i-severna-makedonija-donele-konacnu-odluku-da-se-povezu-gasovodom\/"},"wordCount":380,"commentCount":0,"image":{"@id":"https:\/\/balkangreenenergynews.com\/rs\/grcka-i-severna-makedonija-donele-konacnu-odluku-da-se-povezu-gasovodom\/#primaryimage"},"thumbnailUrl":"https:\/\/balkangreenenergynews.com\/rs\/wp-content\/uploads\/2023\/10\/grcka-severna-makedonija-gasovod.jpg?wsr","keywords":["energetska bezbednost","energetska kriza","investicije","prirodni gas","WBIF"],"articleSection":["Elektri\u010dna energija","Energetska kriza"],"inLanguage":"sr-RS","potentialAction":[{"@type":"CommentAction","name":"Comment","target":["https:\/\/balkangreenenergynews.com\/rs\/grcka-i-severna-makedonija-donele-konacnu-odluku-da-se-povezu-gasovodom\/#respond"]}]},{"@type":"WebPage","@id":"https:\/\/balkangreenenergynews.com\/rs\/grcka-i-severna-makedonija-donele-konacnu-odluku-da-se-povezu-gasovodom\/","url":"https:\/\/balkangreenenergynews.com\/rs\/grcka-i-severna-makedonija-donele-konacnu-odluku-da-se-povezu-gasovodom\/","name":"Gr\u010dka i Severna Makedonija donele kona\u010dnu odluku da se pove\u017eu gasovodom","isPartOf":{"@id":"https:\/\/balkangreenenergynews.com\/rs\/#website"},"primaryImageOfPage":{"@id":"https:\/\/balkangreenenergynews.com\/rs\/grcka-i-severna-makedonija-donele-konacnu-odluku-da-se-povezu-gasovodom\/#primaryimage"},"image":{"@id":"https:\/\/balkangreenenergynews.com\/rs\/grcka-i-severna-makedonija-donele-konacnu-odluku-da-se-povezu-gasovodom\/#primaryimage"},"thumbnailUrl":"https:\/\/balkangreenenergynews.com\/rs\/wp-content\/uploads\/2023\/10\/grcka-severna-makedonija-gasovod.jpg?wsr","datePublished":"2023-10-31T14:44:19+00:00","dateModified":"2023-11-09T11:28:03+00:00","author":{"@id":"https:\/\/balkangreenenergynews.com\/rs\/#\/schema\/person\/99dc721c46113fea22caffad06ef7317"},"description":"Prva veza za transport gasa izme\u0111u dve zemlje \u0107e Severnoj Makedoniji biti alternativu za trenutno jedini pravac snabdevanja preko Bugarske","breadcrumb":{"@id":"https:\/\/balkangreenenergynews.com\/rs\/grcka-i-severna-makedonija-donele-konacnu-odluku-da-se-povezu-gasovodom\/#breadcrumb"},"inLanguage":"sr-RS","potentialAction":[{"@type":"ReadAction","target":["https:\/\/balkangreenenergynews.com\/rs\/grcka-i-severna-makedonija-donele-konacnu-odluku-da-se-povezu-gasovodom\/"]}]},{"@type":"ImageObject","inLanguage":"sr-RS","@id":"https:\/\/balkangreenenergynews.com\/rs\/grcka-i-severna-makedonija-donele-konacnu-odluku-da-se-povezu-gasovodom\/#primaryimage","url":"https:\/\/balkangreenenergynews.com\/rs\/wp-content\/uploads\/2023\/10\/grcka-severna-makedonija-gasovod.jpg?wsr","contentUrl":"https:\/\/balkangreenenergynews.com\/rs\/wp-content\/uploads\/2023\/10\/grcka-severna-makedonija-gasovod.jpg?wsr","width":840,"height":430,"caption":"grcka severna makedonija gasovod"},{"@type":"BreadcrumbList","@id":"https:\/\/balkangreenenergynews.com\/rs\/grcka-i-severna-makedonija-donele-konacnu-odluku-da-se-povezu-gasovodom\/#breadcrumb","itemListElement":[{"@type":"ListItem","position":1,"name":"Po\u010detna","item":"https:\/\/balkangreenenergynews.com\/rs\/"},{"@type":"ListItem","position":2,"name":"Energetska kriza","item":"https:\/\/balkangreenenergynews.com\/rs\/kategorija\/energetska-kriza\/"},{"@type":"ListItem","position":3,"name":"Gr\u010dka i Severna Makedonija donele kona\u010dnu odluku da se pove\u017eu gasovodom"}]},{"@type":"WebSite","@id":"https:\/\/balkangreenenergynews.com\/rs\/#website","url":"https:\/\/balkangreenenergynews.com\/rs\/","name":"Balkan Green Energy News","description":"Naj\u0161iri izbor vesti sa Balkana o zelenoj energiji","potentialAction":[{"@type":"SearchAction","target":{"@type":"EntryPoint","urlTemplate":"https:\/\/balkangreenenergynews.com\/rs\/?s={search_term_string}"},"query-input":{"@type":"PropertyValueSpecification","valueRequired":true,"valueName":"search_term_string"}}],"inLanguage":"sr-RS"},{"@type":"Person","@id":"https:\/\/balkangreenenergynews.com\/rs\/#\/schema\/person\/99dc721c46113fea22caffad06ef7317","name":"Vladimir Spasi\u0107","url":"https:\/\/balkangreenenergynews.com\/rs\/author\/vladimir-spasic\/"}]}},"_links":{"self":[{"href":"https:\/\/balkangreenenergynews.com\/rs\/wp-json\/wp\/v2\/posts\/63828","targetHints":{"allow":["GET"]}}],"collection":[{"href":"https:\/\/balkangreenenergynews.com\/rs\/wp-json\/wp\/v2\/posts"}],"about":[{"href":"https:\/\/balkangreenenergynews.com\/rs\/wp-json\/wp\/v2\/types\/post"}],"author":[{"embeddable":true,"href":"https:\/\/balkangreenenergynews.com\/rs\/wp-json\/wp\/v2\/users\/23"}],"replies":[{"embeddable":true,"href":"https:\/\/balkangreenenergynews.com\/rs\/wp-json\/wp\/v2\/comments?post=63828"}],"version-history":[{"count":0,"href":"https:\/\/balkangreenenergynews.com\/rs\/wp-json\/wp\/v2\/posts\/63828\/revisions"}],"wp:featuredmedia":[{"embeddable":true,"href":"https:\/\/balkangreenenergynews.com\/rs\/wp-json\/wp\/v2\/media\/63831"}],"wp:attachment":[{"href":"https:\/\/balkangreenenergynews.com\/rs\/wp-json\/wp\/v2\/media?parent=63828"}],"wp:term":[{"taxonomy":"category","embeddable":true,"href":"https:\/\/balkangreenenergynews.com\/rs\/wp-json\/wp\/v2\/categories?post=63828"},{"taxonomy":"post_tag","embeddable":true,"href":"https:\/\/balkangreenenergynews.com\/rs\/wp-json\/wp\/v2\/tags?post=63828"}],"curies":[{"name":"wp","href":"https:\/\/api.w.org\/{rel}","templated":true}]}}