{"id":63664,"date":"2023-10-25T15:20:11","date_gmt":"2023-10-25T13:20:11","guid":{"rendered":"https:\/\/balkangreenenergynews.com\/rs\/?p=63664"},"modified":"2023-10-26T15:50:23","modified_gmt":"2023-10-26T13:50:23","slug":"professio-energia-i-rp-global-ce-zajednicki-razvijati-elektrane-snage-266-mw","status":"publish","type":"post","link":"https:\/\/balkangreenenergynews.com\/rs\/professio-energia-i-rp-global-ce-zajednicki-razvijati-elektrane-snage-266-mw\/","title":{"rendered":"Professio Energia i RP Global \u0107e zajedni\u010dki razvijati elektrane snage 266 MW"},"content":{"rendered":"<h2>Hrvatska firma Professio Energia i austrijska kompanija RP Global dogovorile su zajedni\u010dki razvoj projekata za obnovljive izvore energije kapaciteta 266 MW.<\/h2>\n<p>Professio Energia objavila je da je sa firmom RP Global Projekti, koja je u 100 odsto vlasni\u0161tvu firme RP Global Austria, sklopila sporazum o glavnim uslovima (eng. term sheet) za zajedni\u010dki razvoj projekata obnovljivih izvora energije.<\/p>\n<p>U skladu sa Sporazumom, Professio Energia i RP Global \u0107e u narednom razdoblju zajedni\u010dki razvijati portfolio od osam projekata solarnih elektrana ukupne planirane instalirane snage do 266 MWp.<\/p>\n<p>Projekti \u0107e se graditi na podru\u010dju definisanom postoje\u0107im energetskim odobrenjima operativnih vetroelektrana u vlasni\u0161tvu firme Professio Energia, navodi se u saop\u0161tenju.<\/p>\n<blockquote><p>Professio Energia trenutno razvija projekte snage 200 MW<\/p><\/blockquote>\n<p>Professio Energija je navela da na ovaj na\u010din osigurava nastavak razvoja projekata obnovljivih izvora energije u Hrvatskoj i regiji, \u0161to je jedan od glavnih strate\u0161kih ciljeva.<\/p>\n<p>Ina\u010de, Professio Energija je potpisala <a href=\"https:\/\/balkangreenenergynews.com\/rs\/ht-i-professio-energia-potpisali-prvi-korporativni-ppa-ugovor-u-hrvatskoj\/\">prvi korporativni ugovor o otkupu elektri\u010dne energije<\/a> (PPA) u Hrvatskoj sa Hrvatskim Telekomom.<\/p>\n<p>Professio Energia, kako se navodi na njenom sajtu, trenutno razvija projekte vetroelektrana, solarnih elektrana i skladi\u0161ta elektri\u010dne energije ukupne snage oko 200 MW. Firma je izgradila i oustima u rad tri vetrpark: Rudine (34,2 MW), Danilo (43,7 MW) i Zadar 2 i 3 (36,8 MW).<\/p>\n<blockquote><p>RP Global je u Hrvatskoj ve\u0107 izgradio dve vetroelektrane snage 78 MW<\/p><\/blockquote>\n<p>Kompanija <a href=\"https:\/\/balkangreenenergynews.com\/rs\/rp-global-razvija-500-mw-iz-solara-i-vetra-u-hrvatskoj\/\">RP Global<\/a> je austrijski investitor u obnovljive izvore energije koja trenutno na globalnom nivou razvija projekte snage 15.800 MW, pre svega vetroelektrana i solarnih elektrana.<\/p>\n<p>Firma je aktivna i u regionu Jugoisto\u010dne Evrope, pre svega u Hrvatskoj, gde razvija projekte <a href=\"https:\/\/balkangreenenergynews.com\/rs\/rp-global-razvija-500-mw-iz-solara-i-vetra-u-hrvatskoj\/\">fotonaponskih elektrana i vetroparkova snage 500 MW<\/a>, dok je u Srbiji <a href=\"https:\/\/balkangreenenergynews.com\/rs\/rp-global-planira-da-gradi-solarnu-elektranu-sa-baterijom-u-sremskoj-mitrovici\/\">nedavno predstavila projeka<\/a>t za solarnu elektranu sa baterijom.<\/p>\n<p>RP Global je u Hrvatskoj izgradio dve vetroelektrane snage 78 MW.<\/p>\n","protected":false},"excerpt":{"rendered":"<p>Hrvatska firma Professio Energia i austrijska kompanija RP Global potpisale su sporazum o zajedni\u010dkom razvoju projekata<\/p>\n","protected":false},"author":23,"featured_media":63666,"comment_status":"open","ping_status":"open","sticky":false,"template":"","format":"standard","meta":{"_acf_changed":false,"_monsterinsights_skip_tracking":false,"_monsterinsights_sitenote_active":false,"_monsterinsights_sitenote_note":"","_monsterinsights_sitenote_category":0,"footnotes":""},"categories":[504,1],"tags":[652,6472,6371,1890,2341,4891],"class_list":["post-63664","post","type-post","status-publish","format-standard","has-post-thumbnail","hentry","category-elektricna-energija","category-obnovljivi-izvori-energije","tag-investicije","tag-professio-energia","tag-rp-global","tag-solarne-elektrane","tag-vetroelektrane","tag-vetroparkovi","country-hrvatska"],"acf":[],"yoast_head":"<!-- This site is optimized with the Yoast SEO plugin v27.4 - https:\/\/yoast.com\/product\/yoast-seo-wordpress\/ -->\n<title>Professio Energia i RP Global \u0107e zajedni\u010dki razvijati elektrane snage 266 MW<\/title>\n<meta name=\"description\" content=\"Hrvatska firma Professio Energia i austrijska kompanija RP Global potpisale su sporazum o zajedni\u010dkom razvoju projekata\" \/>\n<meta name=\"robots\" content=\"index, follow, max-snippet:-1, max-image-preview:large, max-video-preview:-1\" \/>\n<link rel=\"canonical\" href=\"https:\/\/balkangreenenergynews.com\/rs\/professio-energia-i-rp-global-ce-zajednicki-razvijati-elektrane-snage-266-mw\/\" \/>\n<meta property=\"og:locale\" content=\"sr_RS\" \/>\n<meta property=\"og:type\" content=\"article\" \/>\n<meta property=\"og:title\" content=\"Professio Energia i RP Global \u0107e zajedni\u010dki razvijati elektrane snage 266 MW\" \/>\n<meta property=\"og:description\" content=\"Hrvatska firma Professio Energia i austrijska kompanija RP Global potpisale su sporazum o zajedni\u010dkom razvoju projekata\" \/>\n<meta property=\"og:url\" content=\"https:\/\/balkangreenenergynews.com\/rs\/professio-energia-i-rp-global-ce-zajednicki-razvijati-elektrane-snage-266-mw\/\" \/>\n<meta property=\"og:site_name\" content=\"Balkan Green Energy News\" \/>\n<meta property=\"article:published_time\" content=\"2023-10-25T13:20:11+00:00\" \/>\n<meta property=\"article:modified_time\" content=\"2023-10-26T13:50:23+00:00\" \/>\n<meta property=\"og:image\" content=\"https:\/\/balkangreenenergynews.com\/rs\/wp-content\/uploads\/2023\/10\/professio-energia-rp-global-sporazum.jpg\" \/>\n\t<meta property=\"og:image:width\" content=\"840\" \/>\n\t<meta property=\"og:image:height\" content=\"430\" \/>\n\t<meta property=\"og:image:type\" content=\"image\/jpeg\" \/>\n<meta name=\"author\" content=\"Vladimir Spasi\u0107\" \/>\n<meta name=\"twitter:card\" content=\"summary_large_image\" \/>\n<meta name=\"twitter:label1\" content=\"\u041d\u0430\u043f\u0438\u0441\u0430\u043d\u043e \u043e\u0434\" \/>\n\t<meta name=\"twitter:data1\" content=\"Vladimir Spasi\u0107\" \/>\n\t<meta name=\"twitter:label2\" content=\"\u041f\u0440\u043e\u0446\u0435\u045a\u0435\u043d\u043e \u0432\u0440\u0435\u043c\u0435 \u0447\u0438\u0442\u0430\u045a\u0430\" \/>\n\t<meta name=\"twitter:data2\" content=\"2 \u043c\u0438\u043d\u0443\u0442\u0430\" \/>\n<script type=\"application\/ld+json\" class=\"yoast-schema-graph\">{\"@context\":\"https:\\\/\\\/schema.org\",\"@graph\":[{\"@type\":\"Article\",\"@id\":\"https:\\\/\\\/balkangreenenergynews.com\\\/rs\\\/professio-energia-i-rp-global-ce-zajednicki-razvijati-elektrane-snage-266-mw\\\/#article\",\"isPartOf\":{\"@id\":\"https:\\\/\\\/balkangreenenergynews.com\\\/rs\\\/professio-energia-i-rp-global-ce-zajednicki-razvijati-elektrane-snage-266-mw\\\/\"},\"author\":{\"name\":\"Vladimir Spasi\u0107\",\"@id\":\"https:\\\/\\\/balkangreenenergynews.com\\\/rs\\\/#\\\/schema\\\/person\\\/99dc721c46113fea22caffad06ef7317\"},\"headline\":\"Professio Energia i RP Global \u0107e zajedni\u010dki razvijati elektrane snage 266 MW\",\"datePublished\":\"2023-10-25T13:20:11+00:00\",\"dateModified\":\"2023-10-26T13:50:23+00:00\",\"mainEntityOfPage\":{\"@id\":\"https:\\\/\\\/balkangreenenergynews.com\\\/rs\\\/professio-energia-i-rp-global-ce-zajednicki-razvijati-elektrane-snage-266-mw\\\/\"},\"wordCount\":299,\"commentCount\":0,\"image\":{\"@id\":\"https:\\\/\\\/balkangreenenergynews.com\\\/rs\\\/professio-energia-i-rp-global-ce-zajednicki-razvijati-elektrane-snage-266-mw\\\/#primaryimage\"},\"thumbnailUrl\":\"https:\\\/\\\/balkangreenenergynews.com\\\/rs\\\/wp-content\\\/uploads\\\/2023\\\/10\\\/professio-energia-rp-global-sporazum.jpg?wsr\",\"keywords\":[\"investicije\",\"Professio Energia\",\"RP Global\",\"solarne elektrane\",\"vetroelektrane\",\"vetroparkovi\"],\"articleSection\":[\"Elektri\u010dna energija\",\"OIE\"],\"inLanguage\":\"sr-RS\",\"potentialAction\":[{\"@type\":\"CommentAction\",\"name\":\"Comment\",\"target\":[\"https:\\\/\\\/balkangreenenergynews.com\\\/rs\\\/professio-energia-i-rp-global-ce-zajednicki-razvijati-elektrane-snage-266-mw\\\/#respond\"]}]},{\"@type\":\"WebPage\",\"@id\":\"https:\\\/\\\/balkangreenenergynews.com\\\/rs\\\/professio-energia-i-rp-global-ce-zajednicki-razvijati-elektrane-snage-266-mw\\\/\",\"url\":\"https:\\\/\\\/balkangreenenergynews.com\\\/rs\\\/professio-energia-i-rp-global-ce-zajednicki-razvijati-elektrane-snage-266-mw\\\/\",\"name\":\"Professio Energia i RP Global \u0107e zajedni\u010dki razvijati elektrane snage 266 MW\",\"isPartOf\":{\"@id\":\"https:\\\/\\\/balkangreenenergynews.com\\\/rs\\\/#website\"},\"primaryImageOfPage\":{\"@id\":\"https:\\\/\\\/balkangreenenergynews.com\\\/rs\\\/professio-energia-i-rp-global-ce-zajednicki-razvijati-elektrane-snage-266-mw\\\/#primaryimage\"},\"image\":{\"@id\":\"https:\\\/\\\/balkangreenenergynews.com\\\/rs\\\/professio-energia-i-rp-global-ce-zajednicki-razvijati-elektrane-snage-266-mw\\\/#primaryimage\"},\"thumbnailUrl\":\"https:\\\/\\\/balkangreenenergynews.com\\\/rs\\\/wp-content\\\/uploads\\\/2023\\\/10\\\/professio-energia-rp-global-sporazum.jpg?wsr\",\"datePublished\":\"2023-10-25T13:20:11+00:00\",\"dateModified\":\"2023-10-26T13:50:23+00:00\",\"author\":{\"@id\":\"https:\\\/\\\/balkangreenenergynews.com\\\/rs\\\/#\\\/schema\\\/person\\\/99dc721c46113fea22caffad06ef7317\"},\"description\":\"Hrvatska firma Professio Energia i austrijska kompanija RP Global potpisale su sporazum o zajedni\u010dkom razvoju projekata\",\"breadcrumb\":{\"@id\":\"https:\\\/\\\/balkangreenenergynews.com\\\/rs\\\/professio-energia-i-rp-global-ce-zajednicki-razvijati-elektrane-snage-266-mw\\\/#breadcrumb\"},\"inLanguage\":\"sr-RS\",\"potentialAction\":[{\"@type\":\"ReadAction\",\"target\":[\"https:\\\/\\\/balkangreenenergynews.com\\\/rs\\\/professio-energia-i-rp-global-ce-zajednicki-razvijati-elektrane-snage-266-mw\\\/\"]}]},{\"@type\":\"ImageObject\",\"inLanguage\":\"sr-RS\",\"@id\":\"https:\\\/\\\/balkangreenenergynews.com\\\/rs\\\/professio-energia-i-rp-global-ce-zajednicki-razvijati-elektrane-snage-266-mw\\\/#primaryimage\",\"url\":\"https:\\\/\\\/balkangreenenergynews.com\\\/rs\\\/wp-content\\\/uploads\\\/2023\\\/10\\\/professio-energia-rp-global-sporazum.jpg?wsr\",\"contentUrl\":\"https:\\\/\\\/balkangreenenergynews.com\\\/rs\\\/wp-content\\\/uploads\\\/2023\\\/10\\\/professio-energia-rp-global-sporazum.jpg?wsr\",\"width\":840,\"height\":430,\"caption\":\"professio-energia-rp-global-sporazum.jpg\"},{\"@type\":\"BreadcrumbList\",\"@id\":\"https:\\\/\\\/balkangreenenergynews.com\\\/rs\\\/professio-energia-i-rp-global-ce-zajednicki-razvijati-elektrane-snage-266-mw\\\/#breadcrumb\",\"itemListElement\":[{\"@type\":\"ListItem\",\"position\":1,\"name\":\"Po\u010detna\",\"item\":\"https:\\\/\\\/balkangreenenergynews.com\\\/rs\\\/\"},{\"@type\":\"ListItem\",\"position\":2,\"name\":\"Vesti\",\"item\":\"https:\\\/\\\/balkangreenenergynews.com\\\/rs\\\/kategorija\\\/vesti\\\/\"},{\"@type\":\"ListItem\",\"position\":3,\"name\":\"OIE\",\"item\":\"https:\\\/\\\/balkangreenenergynews.com\\\/rs\\\/kategorija\\\/vesti\\\/obnovljivi-izvori-energije\\\/\"},{\"@type\":\"ListItem\",\"position\":4,\"name\":\"Professio Energia i RP Global \u0107e zajedni\u010dki razvijati elektrane snage 266 MW\"}]},{\"@type\":\"WebSite\",\"@id\":\"https:\\\/\\\/balkangreenenergynews.com\\\/rs\\\/#website\",\"url\":\"https:\\\/\\\/balkangreenenergynews.com\\\/rs\\\/\",\"name\":\"Balkan Green Energy News\",\"description\":\"Naj\u0161iri izbor vesti sa Balkana o zelenoj energiji\",\"potentialAction\":[{\"@type\":\"SearchAction\",\"target\":{\"@type\":\"EntryPoint\",\"urlTemplate\":\"https:\\\/\\\/balkangreenenergynews.com\\\/rs\\\/?s={search_term_string}\"},\"query-input\":{\"@type\":\"PropertyValueSpecification\",\"valueRequired\":true,\"valueName\":\"search_term_string\"}}],\"inLanguage\":\"sr-RS\"},{\"@type\":\"Person\",\"@id\":\"https:\\\/\\\/balkangreenenergynews.com\\\/rs\\\/#\\\/schema\\\/person\\\/99dc721c46113fea22caffad06ef7317\",\"name\":\"Vladimir Spasi\u0107\",\"url\":\"https:\\\/\\\/balkangreenenergynews.com\\\/rs\\\/author\\\/vladimir-spasic\\\/\"}]}<\/script>\n<!-- \/ Yoast SEO plugin. -->","yoast_head_json":{"title":"Professio Energia i RP Global \u0107e zajedni\u010dki razvijati elektrane snage 266 MW","description":"Hrvatska firma Professio Energia i austrijska kompanija RP Global potpisale su sporazum o zajedni\u010dkom razvoju projekata","robots":{"index":"index","follow":"follow","max-snippet":"max-snippet:-1","max-image-preview":"max-image-preview:large","max-video-preview":"max-video-preview:-1"},"canonical":"https:\/\/balkangreenenergynews.com\/rs\/professio-energia-i-rp-global-ce-zajednicki-razvijati-elektrane-snage-266-mw\/","og_locale":"sr_RS","og_type":"article","og_title":"Professio Energia i RP Global \u0107e zajedni\u010dki razvijati elektrane snage 266 MW","og_description":"Hrvatska firma Professio Energia i austrijska kompanija RP Global potpisale su sporazum o zajedni\u010dkom razvoju projekata","og_url":"https:\/\/balkangreenenergynews.com\/rs\/professio-energia-i-rp-global-ce-zajednicki-razvijati-elektrane-snage-266-mw\/","og_site_name":"Balkan Green Energy News","article_published_time":"2023-10-25T13:20:11+00:00","article_modified_time":"2023-10-26T13:50:23+00:00","og_image":[{"width":840,"height":430,"url":"https:\/\/balkangreenenergynews.com\/rs\/wp-content\/uploads\/2023\/10\/professio-energia-rp-global-sporazum.jpg","type":"image\/jpeg"}],"author":"Vladimir Spasi\u0107","twitter_card":"summary_large_image","twitter_misc":{"\u041d\u0430\u043f\u0438\u0441\u0430\u043d\u043e \u043e\u0434":"Vladimir Spasi\u0107","\u041f\u0440\u043e\u0446\u0435\u045a\u0435\u043d\u043e \u0432\u0440\u0435\u043c\u0435 \u0447\u0438\u0442\u0430\u045a\u0430":"2 \u043c\u0438\u043d\u0443\u0442\u0430"},"schema":{"@context":"https:\/\/schema.org","@graph":[{"@type":"Article","@id":"https:\/\/balkangreenenergynews.com\/rs\/professio-energia-i-rp-global-ce-zajednicki-razvijati-elektrane-snage-266-mw\/#article","isPartOf":{"@id":"https:\/\/balkangreenenergynews.com\/rs\/professio-energia-i-rp-global-ce-zajednicki-razvijati-elektrane-snage-266-mw\/"},"author":{"name":"Vladimir Spasi\u0107","@id":"https:\/\/balkangreenenergynews.com\/rs\/#\/schema\/person\/99dc721c46113fea22caffad06ef7317"},"headline":"Professio Energia i RP Global \u0107e zajedni\u010dki razvijati elektrane snage 266 MW","datePublished":"2023-10-25T13:20:11+00:00","dateModified":"2023-10-26T13:50:23+00:00","mainEntityOfPage":{"@id":"https:\/\/balkangreenenergynews.com\/rs\/professio-energia-i-rp-global-ce-zajednicki-razvijati-elektrane-snage-266-mw\/"},"wordCount":299,"commentCount":0,"image":{"@id":"https:\/\/balkangreenenergynews.com\/rs\/professio-energia-i-rp-global-ce-zajednicki-razvijati-elektrane-snage-266-mw\/#primaryimage"},"thumbnailUrl":"https:\/\/balkangreenenergynews.com\/rs\/wp-content\/uploads\/2023\/10\/professio-energia-rp-global-sporazum.jpg?wsr","keywords":["investicije","Professio Energia","RP Global","solarne elektrane","vetroelektrane","vetroparkovi"],"articleSection":["Elektri\u010dna energija","OIE"],"inLanguage":"sr-RS","potentialAction":[{"@type":"CommentAction","name":"Comment","target":["https:\/\/balkangreenenergynews.com\/rs\/professio-energia-i-rp-global-ce-zajednicki-razvijati-elektrane-snage-266-mw\/#respond"]}]},{"@type":"WebPage","@id":"https:\/\/balkangreenenergynews.com\/rs\/professio-energia-i-rp-global-ce-zajednicki-razvijati-elektrane-snage-266-mw\/","url":"https:\/\/balkangreenenergynews.com\/rs\/professio-energia-i-rp-global-ce-zajednicki-razvijati-elektrane-snage-266-mw\/","name":"Professio Energia i RP Global \u0107e zajedni\u010dki razvijati elektrane snage 266 MW","isPartOf":{"@id":"https:\/\/balkangreenenergynews.com\/rs\/#website"},"primaryImageOfPage":{"@id":"https:\/\/balkangreenenergynews.com\/rs\/professio-energia-i-rp-global-ce-zajednicki-razvijati-elektrane-snage-266-mw\/#primaryimage"},"image":{"@id":"https:\/\/balkangreenenergynews.com\/rs\/professio-energia-i-rp-global-ce-zajednicki-razvijati-elektrane-snage-266-mw\/#primaryimage"},"thumbnailUrl":"https:\/\/balkangreenenergynews.com\/rs\/wp-content\/uploads\/2023\/10\/professio-energia-rp-global-sporazum.jpg?wsr","datePublished":"2023-10-25T13:20:11+00:00","dateModified":"2023-10-26T13:50:23+00:00","author":{"@id":"https:\/\/balkangreenenergynews.com\/rs\/#\/schema\/person\/99dc721c46113fea22caffad06ef7317"},"description":"Hrvatska firma Professio Energia i austrijska kompanija RP Global potpisale su sporazum o zajedni\u010dkom razvoju projekata","breadcrumb":{"@id":"https:\/\/balkangreenenergynews.com\/rs\/professio-energia-i-rp-global-ce-zajednicki-razvijati-elektrane-snage-266-mw\/#breadcrumb"},"inLanguage":"sr-RS","potentialAction":[{"@type":"ReadAction","target":["https:\/\/balkangreenenergynews.com\/rs\/professio-energia-i-rp-global-ce-zajednicki-razvijati-elektrane-snage-266-mw\/"]}]},{"@type":"ImageObject","inLanguage":"sr-RS","@id":"https:\/\/balkangreenenergynews.com\/rs\/professio-energia-i-rp-global-ce-zajednicki-razvijati-elektrane-snage-266-mw\/#primaryimage","url":"https:\/\/balkangreenenergynews.com\/rs\/wp-content\/uploads\/2023\/10\/professio-energia-rp-global-sporazum.jpg?wsr","contentUrl":"https:\/\/balkangreenenergynews.com\/rs\/wp-content\/uploads\/2023\/10\/professio-energia-rp-global-sporazum.jpg?wsr","width":840,"height":430,"caption":"professio-energia-rp-global-sporazum.jpg"},{"@type":"BreadcrumbList","@id":"https:\/\/balkangreenenergynews.com\/rs\/professio-energia-i-rp-global-ce-zajednicki-razvijati-elektrane-snage-266-mw\/#breadcrumb","itemListElement":[{"@type":"ListItem","position":1,"name":"Po\u010detna","item":"https:\/\/balkangreenenergynews.com\/rs\/"},{"@type":"ListItem","position":2,"name":"Vesti","item":"https:\/\/balkangreenenergynews.com\/rs\/kategorija\/vesti\/"},{"@type":"ListItem","position":3,"name":"OIE","item":"https:\/\/balkangreenenergynews.com\/rs\/kategorija\/vesti\/obnovljivi-izvori-energije\/"},{"@type":"ListItem","position":4,"name":"Professio Energia i RP Global \u0107e zajedni\u010dki razvijati elektrane snage 266 MW"}]},{"@type":"WebSite","@id":"https:\/\/balkangreenenergynews.com\/rs\/#website","url":"https:\/\/balkangreenenergynews.com\/rs\/","name":"Balkan Green Energy News","description":"Naj\u0161iri izbor vesti sa Balkana o zelenoj energiji","potentialAction":[{"@type":"SearchAction","target":{"@type":"EntryPoint","urlTemplate":"https:\/\/balkangreenenergynews.com\/rs\/?s={search_term_string}"},"query-input":{"@type":"PropertyValueSpecification","valueRequired":true,"valueName":"search_term_string"}}],"inLanguage":"sr-RS"},{"@type":"Person","@id":"https:\/\/balkangreenenergynews.com\/rs\/#\/schema\/person\/99dc721c46113fea22caffad06ef7317","name":"Vladimir Spasi\u0107","url":"https:\/\/balkangreenenergynews.com\/rs\/author\/vladimir-spasic\/"}]}},"_links":{"self":[{"href":"https:\/\/balkangreenenergynews.com\/rs\/wp-json\/wp\/v2\/posts\/63664","targetHints":{"allow":["GET"]}}],"collection":[{"href":"https:\/\/balkangreenenergynews.com\/rs\/wp-json\/wp\/v2\/posts"}],"about":[{"href":"https:\/\/balkangreenenergynews.com\/rs\/wp-json\/wp\/v2\/types\/post"}],"author":[{"embeddable":true,"href":"https:\/\/balkangreenenergynews.com\/rs\/wp-json\/wp\/v2\/users\/23"}],"replies":[{"embeddable":true,"href":"https:\/\/balkangreenenergynews.com\/rs\/wp-json\/wp\/v2\/comments?post=63664"}],"version-history":[{"count":0,"href":"https:\/\/balkangreenenergynews.com\/rs\/wp-json\/wp\/v2\/posts\/63664\/revisions"}],"wp:featuredmedia":[{"embeddable":true,"href":"https:\/\/balkangreenenergynews.com\/rs\/wp-json\/wp\/v2\/media\/63666"}],"wp:attachment":[{"href":"https:\/\/balkangreenenergynews.com\/rs\/wp-json\/wp\/v2\/media?parent=63664"}],"wp:term":[{"taxonomy":"category","embeddable":true,"href":"https:\/\/balkangreenenergynews.com\/rs\/wp-json\/wp\/v2\/categories?post=63664"},{"taxonomy":"post_tag","embeddable":true,"href":"https:\/\/balkangreenenergynews.com\/rs\/wp-json\/wp\/v2\/tags?post=63664"}],"curies":[{"name":"wp","href":"https:\/\/api.w.org\/{rel}","templated":true}]}}