{"id":62872,"date":"2023-09-29T10:15:09","date_gmt":"2023-09-29T08:15:09","guid":{"rendered":"https:\/\/balkangreenenergynews.com\/rs\/?p=62872"},"modified":"2023-09-29T10:15:09","modified_gmt":"2023-09-29T08:15:09","slug":"luksemburski-fond-preuzeo-projekat-vetroparka-bijela-u-crnoj-gori","status":"publish","type":"post","link":"https:\/\/balkangreenenergynews.com\/rs\/luksemburski-fond-preuzeo-projekat-vetroparka-bijela-u-crnoj-gori\/","title":{"rendered":"Luksembur\u0161ki fond preuzeo projekat vetroparka Bijela u Crnoj Gori"},"content":{"rendered":"<h2>Infrastrukturni fond Alcazar Energy je preuzeo prava na projekat vetroparka Bijela od 118 megavata, vrednog 200 miliona dolara. Lokacija je u \u0160avniku u Crnoj Gori. Kompanija je zadr\u017eala dva inicijalna investitora kao partnere.<\/h2>\n<p>Alcazar Energy namerava da na Zapadnom Balkanu pokrene platformu za projekte za proizvodnju energije iz obnovljivih izvora, a ukupni iznos investicija \u0107e iznositi 600 miliona dolara. Taj investitor sa sedi\u0161tem u Luksemburgu sebe naziva fondom za odr\u017eivu infrastrukturu, a svoj ulazak na tr\u017ei\u0161te je objavio pri potpisivanju ugovora o preuzimanju prava na projekat vetroelektrane Bijela u \u0160avniku u Crnoj Gori.<\/p>\n<p>To je jedna od dve potencijalne investicije za koje je vlada nedavno objavila javni poziv za <a href=\"https:\/\/balkangreenenergynews.com\/rs\/objavljen-poziv-na-nadmetanje-za-najam-zemljista-za-vetropark-u-kolasinu\/\">nadmetanje za zakup dr\u017eavnog zemlji\u0161ta.<\/a> Postrojenje je planirano za 118 megavata, a Alcazar Energy ga je procenio na 200 miliona dolara.<\/p>\n<h3>Bijela bi bila najve\u0107i vetropark u Crnoj Gori<\/h3>\n<p>Bijela bi bi u ovom trenutku bila najve\u0107i vetropark u Crnoj Gori, u kojoj su do sada izgra\u0111ena dva \u2013 Krnovo i Mo\u017eura. Lokacija za <a href=\"https:\/\/balkangreenenergynews.com\/rs\/epcg-potpisao-ugovor-o-finansiranju-projekta-vetroparka-gvozd\/\">projekat Gvozd,<\/a> za kojeg je nedavno potpisan ugovor o finansiranju, nedaleko je od Bijele i Krnova, koje je isto kod \u0160avnika.<\/p>\n<p>Firme koje su zapo\u010dele projekat \u2013 Simes in\u017eenjering i Sistem MNE \u2013 osta\u0107e kao podr\u0161ka u njegovom razvoju, objavila je advokatska kancelarija Karanovi\u0107 and Partners, koja je bila njihov savetnik za ovu transakciju. KPMG je bio finansijski konsultant.<\/p>\n<h3>Alcazar Energy zakazao po\u010detak izgradnje za 2025. godinu<\/h3>\n<p>Zatvaranje finansijske konstrukcije se o\u010dekuje u prvom kvartalu 2025, kada bi i radovi trebalo da po\u010dnu, navode u kompaniji Alcazar Energy. Ona je saop\u0161tila da \u0107e za ovaj poduhvat biti zaposleno vi\u0161e od 800 gra\u0111evinaca. U objavi stoji i da je u kontaktu sa vi\u0161e evropskih firmi zainteresovanih za otkup elektri\u010dne energije koju \u0107e proizvoditi Bijela.<\/p>\n<p>Premijer u tehni\u010dkom mandatu Dritan Abazovi\u0107 prisustvovao je ceremoniji potpisivanja sporazuma. Ukazao je na zna\u010daj navedene investicije s obzirom na to da je lokacija &#8222;zanemarenom&#8220; severnom delu zemlje. Projektno preduze\u0107e Vjetro park Bijela je ranije objavilo da \u0107e godi\u0161nja proizvodnja iznositi 333 gigavat-sata.<\/p>\n<p>Vlada je tek nedavno uvela model davanja zemlji\u0161ta u zakup za ove svrhe. Ina\u010de je poslednjih <a href=\"https:\/\/balkangreenenergynews.com\/rs\/jos-dve-solarne-elektrane-potpisale-ugovor-o-prikljucenju-na-mrezu-u-crnoj-gori\/\">manje od godinu dana<\/a> izdala <a href=\"https:\/\/balkangreenenergynews.com\/rs\/crna-gora-broji-gigavate-u-projektima-solarnih-elektrana-ali-se-jos-ceka-na-realizaciju\/\">urbanisti\u010dko-tehni\u010dke uslove<\/a> za vi\u0161e desetina projekata vetroelektrana i <a href=\"https:\/\/balkangreenenergynews.com\/rs\/epcg-u-niksicu-razvija-projekat-solarne-elektrane-od-47-megavata\/\">solarnih parkova.<\/a><\/p>\n<p>Treba pomenuti i da na teritoriji \u0160avnika firma <a href=\"https:\/\/balkangreenenergynews.com\/rs\/tri-velike-investicije-za-solarni-bum-u-crnoj-gori\/\">Sunrise Europe<\/a> namerava da instalira solarnu elektranu od 220 megavata.<\/p>\n","protected":false},"excerpt":{"rendered":"<p>Infrastrukturni fond Alcazar Energy je preuzeo prava na projekat vetroparka Bijela od 118 megavata, vrednog 200 miliona dolara<\/p>\n","protected":false},"author":27,"featured_media":62875,"comment_status":"open","ping_status":"open","sticky":false,"template":"","format":"standard","meta":{"_acf_changed":false,"_monsterinsights_skip_tracking":false,"_monsterinsights_sitenote_active":false,"_monsterinsights_sitenote_note":"","_monsterinsights_sitenote_category":0,"footnotes":""},"categories":[504,1],"tags":[669,647,2341],"class_list":["post-62872","post","type-post","status-publish","format-standard","has-post-thumbnail","hentry","category-elektricna-energija","category-obnovljivi-izvori-energije","tag-elektricna-energija","tag-obnovljivi-izvori-energije","tag-vetroelektrane","country-crna-gora"],"acf":[],"yoast_head":"<!-- This site is optimized with the Yoast SEO plugin v27.4 - https:\/\/yoast.com\/product\/yoast-seo-wordpress\/ -->\n<title>Luksembur\u0161ki fond preuzeo projekat vetroparka Bijela u Crnoj Gori<\/title>\n<meta name=\"description\" content=\"Infrastrukturni fond Alcazar Energy je preuzeo prava na projekat vetroparka Bijela od 118 megavata, vrednog 200 miliona dolara\" \/>\n<meta name=\"robots\" content=\"index, follow, max-snippet:-1, max-image-preview:large, max-video-preview:-1\" \/>\n<link rel=\"canonical\" href=\"https:\/\/balkangreenenergynews.com\/rs\/luksemburski-fond-preuzeo-projekat-vetroparka-bijela-u-crnoj-gori\/\" \/>\n<meta property=\"og:locale\" content=\"sr_RS\" \/>\n<meta property=\"og:type\" content=\"article\" \/>\n<meta property=\"og:title\" content=\"Luksembur\u0161ki fond preuzeo projekat vetroparka Bijela u Crnoj Gori\" \/>\n<meta property=\"og:description\" content=\"Infrastrukturni fond Alcazar Energy je preuzeo prava na projekat vetroparka Bijela od 118 megavata, vrednog 200 miliona dolara\" \/>\n<meta property=\"og:url\" content=\"https:\/\/balkangreenenergynews.com\/rs\/luksemburski-fond-preuzeo-projekat-vetroparka-bijela-u-crnoj-gori\/\" \/>\n<meta property=\"og:site_name\" content=\"Balkan Green Energy News\" \/>\n<meta property=\"article:published_time\" content=\"2023-09-29T08:15:09+00:00\" \/>\n<meta property=\"og:image\" content=\"https:\/\/balkangreenenergynews.com\/rs\/wp-content\/uploads\/2023\/09\/Luksemburski-fond-Alcazar-Energy-vetroparka-Bijela-Crnoj-Gori.jpg\" \/>\n\t<meta property=\"og:image:width\" content=\"840\" \/>\n\t<meta property=\"og:image:height\" content=\"430\" \/>\n\t<meta property=\"og:image:type\" content=\"image\/jpeg\" \/>\n<meta name=\"author\" content=\"Igor Todorovi\u0107\" \/>\n<meta name=\"twitter:card\" content=\"summary_large_image\" \/>\n<meta name=\"twitter:label1\" content=\"\u041d\u0430\u043f\u0438\u0441\u0430\u043d\u043e \u043e\u0434\" \/>\n\t<meta name=\"twitter:data1\" content=\"Igor Todorovi\u0107\" \/>\n\t<meta name=\"twitter:label2\" content=\"\u041f\u0440\u043e\u0446\u0435\u045a\u0435\u043d\u043e \u0432\u0440\u0435\u043c\u0435 \u0447\u0438\u0442\u0430\u045a\u0430\" \/>\n\t<meta name=\"twitter:data2\" content=\"3 \u043c\u0438\u043d\u0443\u0442\u0430\" \/>\n<script type=\"application\/ld+json\" class=\"yoast-schema-graph\">{\"@context\":\"https:\\\/\\\/schema.org\",\"@graph\":[{\"@type\":\"Article\",\"@id\":\"https:\\\/\\\/balkangreenenergynews.com\\\/rs\\\/luksemburski-fond-preuzeo-projekat-vetroparka-bijela-u-crnoj-gori\\\/#article\",\"isPartOf\":{\"@id\":\"https:\\\/\\\/balkangreenenergynews.com\\\/rs\\\/luksemburski-fond-preuzeo-projekat-vetroparka-bijela-u-crnoj-gori\\\/\"},\"author\":{\"name\":\"Igor Todorovi\u0107\",\"@id\":\"https:\\\/\\\/balkangreenenergynews.com\\\/rs\\\/#\\\/schema\\\/person\\\/d8f80a244c4e9f2b55e4f6968c253246\"},\"headline\":\"Luksembur\u0161ki fond preuzeo projekat vetroparka Bijela u Crnoj Gori\",\"datePublished\":\"2023-09-29T08:15:09+00:00\",\"mainEntityOfPage\":{\"@id\":\"https:\\\/\\\/balkangreenenergynews.com\\\/rs\\\/luksemburski-fond-preuzeo-projekat-vetroparka-bijela-u-crnoj-gori\\\/\"},\"wordCount\":407,\"commentCount\":0,\"image\":{\"@id\":\"https:\\\/\\\/balkangreenenergynews.com\\\/rs\\\/luksemburski-fond-preuzeo-projekat-vetroparka-bijela-u-crnoj-gori\\\/#primaryimage\"},\"thumbnailUrl\":\"https:\\\/\\\/balkangreenenergynews.com\\\/rs\\\/wp-content\\\/uploads\\\/2023\\\/09\\\/Luksemburski-fond-Alcazar-Energy-vetroparka-Bijela-Crnoj-Gori.jpg?wsr\",\"keywords\":[\"elektri\u010dna energija\",\"obnovljivi izvori energije\",\"vetroelektrane\"],\"articleSection\":[\"Elektri\u010dna energija\",\"OIE\"],\"inLanguage\":\"sr-RS\",\"potentialAction\":[{\"@type\":\"CommentAction\",\"name\":\"Comment\",\"target\":[\"https:\\\/\\\/balkangreenenergynews.com\\\/rs\\\/luksemburski-fond-preuzeo-projekat-vetroparka-bijela-u-crnoj-gori\\\/#respond\"]}]},{\"@type\":\"WebPage\",\"@id\":\"https:\\\/\\\/balkangreenenergynews.com\\\/rs\\\/luksemburski-fond-preuzeo-projekat-vetroparka-bijela-u-crnoj-gori\\\/\",\"url\":\"https:\\\/\\\/balkangreenenergynews.com\\\/rs\\\/luksemburski-fond-preuzeo-projekat-vetroparka-bijela-u-crnoj-gori\\\/\",\"name\":\"Luksembur\u0161ki fond preuzeo projekat vetroparka Bijela u Crnoj Gori\",\"isPartOf\":{\"@id\":\"https:\\\/\\\/balkangreenenergynews.com\\\/rs\\\/#website\"},\"primaryImageOfPage\":{\"@id\":\"https:\\\/\\\/balkangreenenergynews.com\\\/rs\\\/luksemburski-fond-preuzeo-projekat-vetroparka-bijela-u-crnoj-gori\\\/#primaryimage\"},\"image\":{\"@id\":\"https:\\\/\\\/balkangreenenergynews.com\\\/rs\\\/luksemburski-fond-preuzeo-projekat-vetroparka-bijela-u-crnoj-gori\\\/#primaryimage\"},\"thumbnailUrl\":\"https:\\\/\\\/balkangreenenergynews.com\\\/rs\\\/wp-content\\\/uploads\\\/2023\\\/09\\\/Luksemburski-fond-Alcazar-Energy-vetroparka-Bijela-Crnoj-Gori.jpg?wsr\",\"datePublished\":\"2023-09-29T08:15:09+00:00\",\"author\":{\"@id\":\"https:\\\/\\\/balkangreenenergynews.com\\\/rs\\\/#\\\/schema\\\/person\\\/d8f80a244c4e9f2b55e4f6968c253246\"},\"description\":\"Infrastrukturni fond Alcazar Energy je preuzeo prava na projekat vetroparka Bijela od 118 megavata, vrednog 200 miliona dolara\",\"breadcrumb\":{\"@id\":\"https:\\\/\\\/balkangreenenergynews.com\\\/rs\\\/luksemburski-fond-preuzeo-projekat-vetroparka-bijela-u-crnoj-gori\\\/#breadcrumb\"},\"inLanguage\":\"sr-RS\",\"potentialAction\":[{\"@type\":\"ReadAction\",\"target\":[\"https:\\\/\\\/balkangreenenergynews.com\\\/rs\\\/luksemburski-fond-preuzeo-projekat-vetroparka-bijela-u-crnoj-gori\\\/\"]}]},{\"@type\":\"ImageObject\",\"inLanguage\":\"sr-RS\",\"@id\":\"https:\\\/\\\/balkangreenenergynews.com\\\/rs\\\/luksemburski-fond-preuzeo-projekat-vetroparka-bijela-u-crnoj-gori\\\/#primaryimage\",\"url\":\"https:\\\/\\\/balkangreenenergynews.com\\\/rs\\\/wp-content\\\/uploads\\\/2023\\\/09\\\/Luksemburski-fond-Alcazar-Energy-vetroparka-Bijela-Crnoj-Gori.jpg?wsr\",\"contentUrl\":\"https:\\\/\\\/balkangreenenergynews.com\\\/rs\\\/wp-content\\\/uploads\\\/2023\\\/09\\\/Luksemburski-fond-Alcazar-Energy-vetroparka-Bijela-Crnoj-Gori.jpg?wsr\",\"width\":840,\"height\":430,\"caption\":\"Luksemburski fond Alcazar Energy vetroparka Bijela Crnoj Gori\"},{\"@type\":\"BreadcrumbList\",\"@id\":\"https:\\\/\\\/balkangreenenergynews.com\\\/rs\\\/luksemburski-fond-preuzeo-projekat-vetroparka-bijela-u-crnoj-gori\\\/#breadcrumb\",\"itemListElement\":[{\"@type\":\"ListItem\",\"position\":1,\"name\":\"Po\u010detna\",\"item\":\"https:\\\/\\\/balkangreenenergynews.com\\\/rs\\\/\"},{\"@type\":\"ListItem\",\"position\":2,\"name\":\"Vesti\",\"item\":\"https:\\\/\\\/balkangreenenergynews.com\\\/rs\\\/kategorija\\\/vesti\\\/\"},{\"@type\":\"ListItem\",\"position\":3,\"name\":\"OIE\",\"item\":\"https:\\\/\\\/balkangreenenergynews.com\\\/rs\\\/kategorija\\\/vesti\\\/obnovljivi-izvori-energije\\\/\"},{\"@type\":\"ListItem\",\"position\":4,\"name\":\"Luksembur\u0161ki fond preuzeo projekat vetroparka Bijela u Crnoj Gori\"}]},{\"@type\":\"WebSite\",\"@id\":\"https:\\\/\\\/balkangreenenergynews.com\\\/rs\\\/#website\",\"url\":\"https:\\\/\\\/balkangreenenergynews.com\\\/rs\\\/\",\"name\":\"Balkan Green Energy News\",\"description\":\"Naj\u0161iri izbor vesti sa Balkana o zelenoj energiji\",\"potentialAction\":[{\"@type\":\"SearchAction\",\"target\":{\"@type\":\"EntryPoint\",\"urlTemplate\":\"https:\\\/\\\/balkangreenenergynews.com\\\/rs\\\/?s={search_term_string}\"},\"query-input\":{\"@type\":\"PropertyValueSpecification\",\"valueRequired\":true,\"valueName\":\"search_term_string\"}}],\"inLanguage\":\"sr-RS\"},{\"@type\":\"Person\",\"@id\":\"https:\\\/\\\/balkangreenenergynews.com\\\/rs\\\/#\\\/schema\\\/person\\\/d8f80a244c4e9f2b55e4f6968c253246\",\"name\":\"Igor Todorovi\u0107\",\"url\":\"https:\\\/\\\/balkangreenenergynews.com\\\/rs\\\/author\\\/igor-todorovic\\\/\"}]}<\/script>\n<!-- \/ Yoast SEO plugin. -->","yoast_head_json":{"title":"Luksembur\u0161ki fond preuzeo projekat vetroparka Bijela u Crnoj Gori","description":"Infrastrukturni fond Alcazar Energy je preuzeo prava na projekat vetroparka Bijela od 118 megavata, vrednog 200 miliona dolara","robots":{"index":"index","follow":"follow","max-snippet":"max-snippet:-1","max-image-preview":"max-image-preview:large","max-video-preview":"max-video-preview:-1"},"canonical":"https:\/\/balkangreenenergynews.com\/rs\/luksemburski-fond-preuzeo-projekat-vetroparka-bijela-u-crnoj-gori\/","og_locale":"sr_RS","og_type":"article","og_title":"Luksembur\u0161ki fond preuzeo projekat vetroparka Bijela u Crnoj Gori","og_description":"Infrastrukturni fond Alcazar Energy je preuzeo prava na projekat vetroparka Bijela od 118 megavata, vrednog 200 miliona dolara","og_url":"https:\/\/balkangreenenergynews.com\/rs\/luksemburski-fond-preuzeo-projekat-vetroparka-bijela-u-crnoj-gori\/","og_site_name":"Balkan Green Energy News","article_published_time":"2023-09-29T08:15:09+00:00","og_image":[{"width":840,"height":430,"url":"https:\/\/balkangreenenergynews.com\/rs\/wp-content\/uploads\/2023\/09\/Luksemburski-fond-Alcazar-Energy-vetroparka-Bijela-Crnoj-Gori.jpg","type":"image\/jpeg"}],"author":"Igor Todorovi\u0107","twitter_card":"summary_large_image","twitter_misc":{"\u041d\u0430\u043f\u0438\u0441\u0430\u043d\u043e \u043e\u0434":"Igor Todorovi\u0107","\u041f\u0440\u043e\u0446\u0435\u045a\u0435\u043d\u043e \u0432\u0440\u0435\u043c\u0435 \u0447\u0438\u0442\u0430\u045a\u0430":"3 \u043c\u0438\u043d\u0443\u0442\u0430"},"schema":{"@context":"https:\/\/schema.org","@graph":[{"@type":"Article","@id":"https:\/\/balkangreenenergynews.com\/rs\/luksemburski-fond-preuzeo-projekat-vetroparka-bijela-u-crnoj-gori\/#article","isPartOf":{"@id":"https:\/\/balkangreenenergynews.com\/rs\/luksemburski-fond-preuzeo-projekat-vetroparka-bijela-u-crnoj-gori\/"},"author":{"name":"Igor Todorovi\u0107","@id":"https:\/\/balkangreenenergynews.com\/rs\/#\/schema\/person\/d8f80a244c4e9f2b55e4f6968c253246"},"headline":"Luksembur\u0161ki fond preuzeo projekat vetroparka Bijela u Crnoj Gori","datePublished":"2023-09-29T08:15:09+00:00","mainEntityOfPage":{"@id":"https:\/\/balkangreenenergynews.com\/rs\/luksemburski-fond-preuzeo-projekat-vetroparka-bijela-u-crnoj-gori\/"},"wordCount":407,"commentCount":0,"image":{"@id":"https:\/\/balkangreenenergynews.com\/rs\/luksemburski-fond-preuzeo-projekat-vetroparka-bijela-u-crnoj-gori\/#primaryimage"},"thumbnailUrl":"https:\/\/balkangreenenergynews.com\/rs\/wp-content\/uploads\/2023\/09\/Luksemburski-fond-Alcazar-Energy-vetroparka-Bijela-Crnoj-Gori.jpg?wsr","keywords":["elektri\u010dna energija","obnovljivi izvori energije","vetroelektrane"],"articleSection":["Elektri\u010dna energija","OIE"],"inLanguage":"sr-RS","potentialAction":[{"@type":"CommentAction","name":"Comment","target":["https:\/\/balkangreenenergynews.com\/rs\/luksemburski-fond-preuzeo-projekat-vetroparka-bijela-u-crnoj-gori\/#respond"]}]},{"@type":"WebPage","@id":"https:\/\/balkangreenenergynews.com\/rs\/luksemburski-fond-preuzeo-projekat-vetroparka-bijela-u-crnoj-gori\/","url":"https:\/\/balkangreenenergynews.com\/rs\/luksemburski-fond-preuzeo-projekat-vetroparka-bijela-u-crnoj-gori\/","name":"Luksembur\u0161ki fond preuzeo projekat vetroparka Bijela u Crnoj Gori","isPartOf":{"@id":"https:\/\/balkangreenenergynews.com\/rs\/#website"},"primaryImageOfPage":{"@id":"https:\/\/balkangreenenergynews.com\/rs\/luksemburski-fond-preuzeo-projekat-vetroparka-bijela-u-crnoj-gori\/#primaryimage"},"image":{"@id":"https:\/\/balkangreenenergynews.com\/rs\/luksemburski-fond-preuzeo-projekat-vetroparka-bijela-u-crnoj-gori\/#primaryimage"},"thumbnailUrl":"https:\/\/balkangreenenergynews.com\/rs\/wp-content\/uploads\/2023\/09\/Luksemburski-fond-Alcazar-Energy-vetroparka-Bijela-Crnoj-Gori.jpg?wsr","datePublished":"2023-09-29T08:15:09+00:00","author":{"@id":"https:\/\/balkangreenenergynews.com\/rs\/#\/schema\/person\/d8f80a244c4e9f2b55e4f6968c253246"},"description":"Infrastrukturni fond Alcazar Energy je preuzeo prava na projekat vetroparka Bijela od 118 megavata, vrednog 200 miliona dolara","breadcrumb":{"@id":"https:\/\/balkangreenenergynews.com\/rs\/luksemburski-fond-preuzeo-projekat-vetroparka-bijela-u-crnoj-gori\/#breadcrumb"},"inLanguage":"sr-RS","potentialAction":[{"@type":"ReadAction","target":["https:\/\/balkangreenenergynews.com\/rs\/luksemburski-fond-preuzeo-projekat-vetroparka-bijela-u-crnoj-gori\/"]}]},{"@type":"ImageObject","inLanguage":"sr-RS","@id":"https:\/\/balkangreenenergynews.com\/rs\/luksemburski-fond-preuzeo-projekat-vetroparka-bijela-u-crnoj-gori\/#primaryimage","url":"https:\/\/balkangreenenergynews.com\/rs\/wp-content\/uploads\/2023\/09\/Luksemburski-fond-Alcazar-Energy-vetroparka-Bijela-Crnoj-Gori.jpg?wsr","contentUrl":"https:\/\/balkangreenenergynews.com\/rs\/wp-content\/uploads\/2023\/09\/Luksemburski-fond-Alcazar-Energy-vetroparka-Bijela-Crnoj-Gori.jpg?wsr","width":840,"height":430,"caption":"Luksemburski fond Alcazar Energy vetroparka Bijela Crnoj Gori"},{"@type":"BreadcrumbList","@id":"https:\/\/balkangreenenergynews.com\/rs\/luksemburski-fond-preuzeo-projekat-vetroparka-bijela-u-crnoj-gori\/#breadcrumb","itemListElement":[{"@type":"ListItem","position":1,"name":"Po\u010detna","item":"https:\/\/balkangreenenergynews.com\/rs\/"},{"@type":"ListItem","position":2,"name":"Vesti","item":"https:\/\/balkangreenenergynews.com\/rs\/kategorija\/vesti\/"},{"@type":"ListItem","position":3,"name":"OIE","item":"https:\/\/balkangreenenergynews.com\/rs\/kategorija\/vesti\/obnovljivi-izvori-energije\/"},{"@type":"ListItem","position":4,"name":"Luksembur\u0161ki fond preuzeo projekat vetroparka Bijela u Crnoj Gori"}]},{"@type":"WebSite","@id":"https:\/\/balkangreenenergynews.com\/rs\/#website","url":"https:\/\/balkangreenenergynews.com\/rs\/","name":"Balkan Green Energy News","description":"Naj\u0161iri izbor vesti sa Balkana o zelenoj energiji","potentialAction":[{"@type":"SearchAction","target":{"@type":"EntryPoint","urlTemplate":"https:\/\/balkangreenenergynews.com\/rs\/?s={search_term_string}"},"query-input":{"@type":"PropertyValueSpecification","valueRequired":true,"valueName":"search_term_string"}}],"inLanguage":"sr-RS"},{"@type":"Person","@id":"https:\/\/balkangreenenergynews.com\/rs\/#\/schema\/person\/d8f80a244c4e9f2b55e4f6968c253246","name":"Igor Todorovi\u0107","url":"https:\/\/balkangreenenergynews.com\/rs\/author\/igor-todorovic\/"}]}},"_links":{"self":[{"href":"https:\/\/balkangreenenergynews.com\/rs\/wp-json\/wp\/v2\/posts\/62872","targetHints":{"allow":["GET"]}}],"collection":[{"href":"https:\/\/balkangreenenergynews.com\/rs\/wp-json\/wp\/v2\/posts"}],"about":[{"href":"https:\/\/balkangreenenergynews.com\/rs\/wp-json\/wp\/v2\/types\/post"}],"author":[{"embeddable":true,"href":"https:\/\/balkangreenenergynews.com\/rs\/wp-json\/wp\/v2\/users\/27"}],"replies":[{"embeddable":true,"href":"https:\/\/balkangreenenergynews.com\/rs\/wp-json\/wp\/v2\/comments?post=62872"}],"version-history":[{"count":0,"href":"https:\/\/balkangreenenergynews.com\/rs\/wp-json\/wp\/v2\/posts\/62872\/revisions"}],"wp:featuredmedia":[{"embeddable":true,"href":"https:\/\/balkangreenenergynews.com\/rs\/wp-json\/wp\/v2\/media\/62875"}],"wp:attachment":[{"href":"https:\/\/balkangreenenergynews.com\/rs\/wp-json\/wp\/v2\/media?parent=62872"}],"wp:term":[{"taxonomy":"category","embeddable":true,"href":"https:\/\/balkangreenenergynews.com\/rs\/wp-json\/wp\/v2\/categories?post=62872"},{"taxonomy":"post_tag","embeddable":true,"href":"https:\/\/balkangreenenergynews.com\/rs\/wp-json\/wp\/v2\/tags?post=62872"}],"curies":[{"name":"wp","href":"https:\/\/api.w.org\/{rel}","templated":true}]}}