{"id":62653,"date":"2023-09-21T17:16:56","date_gmt":"2023-09-21T15:16:56","guid":{"rendered":"https:\/\/balkangreenenergynews.com\/rs\/?p=62653"},"modified":"2023-09-22T13:02:10","modified_gmt":"2023-09-22T11:02:10","slug":"objavljen-poziv-na-nadmetanje-za-najam-zemljista-za-vetropark-u-kolasinu","status":"publish","type":"post","link":"https:\/\/balkangreenenergynews.com\/rs\/objavljen-poziv-na-nadmetanje-za-najam-zemljista-za-vetropark-u-kolasinu\/","title":{"rendered":"Objavljen poziv na nadmetanje za najam zemlji\u0161ta za vetropark u Kola\u0161inu"},"content":{"rendered":"<h2>Energy 2 razvija projekat vetroparka Sinjajevina u Kola\u0161inu. To preduze\u0107e \u0107e morati da u\u010destvuje u nadmetanju za uzimanje zemlji\u0161ta u najam, budu\u0107i da je vlada uputila javni poziv za tu lokaciju.<\/h2>\n<p>Osim \u0161to usvaja <a href=\"https:\/\/balkangreenenergynews.com\/rs\/crna-gora-broji-gigavate-u-projektima-solarnih-elektrana-ali-se-jos-ceka-na-realizaciju\/\">na desetine odluka<\/a> o urbanisti\u010dko-tehni\u010dkim uslovima za projekte <a href=\"https:\/\/balkangreenenergynews.com\/rs\/epcg-u-niksicu-razvija-projekat-solarne-elektrane-od-47-megavata\/\">solarnih<\/a> i vetroparkova, Vlada Crne Gore se u okviru svojih napora da <a href=\"https:\/\/balkangreenenergynews.com\/rs\/jos-dve-solarne-elektrane-potpisale-ugovor-o-prikljucenju-na-mrezu-u-crnoj-gori\/\">ubrza uvo\u0111enje obnovljivih izvora<\/a> u elektroenergetski sistem okrenula i davanju zemlji\u0161ta u zakup.<\/p>\n<p>Nakon pro\u0161lomese\u010dnog javnog poziva za 63,5 hektara dr\u017eavnog zemlji\u0161ta u op\u0161tini \u0160avnik za vetropark Bijela, investitori \u0107e uskoro imati priliku da se nadme\u0107u za 154 hektara u obli\u017enjem Kola\u0161inu. Po\u010detna cena je 539.000 evra mese\u010dno, a rok za prijave isti\u010de 25. septembra. Licitacija za zemlji\u0161te u Kola\u0161inu \u0107e biti odr\u017eana u\u017eivo 28. septembra, u Ministarstvu finansija.<\/p>\n<p>Me\u0111utim, name\u0107e se zaklju\u010dak da \u0107e se ovim potezom prosto formalizovati prelazak projekta vetroelektrane firme Energy 2, registrovane u Podgorici, u narednu fazu. Vlada je ranije objavila da je od nje dobila zahtev za dugoro\u010dni zakup zemlji\u0161ta u Kola\u0161inu i Mojkovcu, kako bi re\u0161ila imovinskopravna pitanja.<\/p>\n<h3>Najam u Kola\u0161inu \u0107e biti na 30 godina<\/h3>\n<p>Projekat je nazvan Sinjajevina \u2013 Part 1. Segment na strani Kola\u0161ina je pored sela Lipovska Bistrica. Vlada namerava da zemlji\u0161te u zakup d\u00e2 na 30 godina. Vetrenja\u010de mogu da imaju po najvi\u0161e sedam megavata. Iznos najma \u0107e se prilago\u0111avati inflaciji.<\/p>\n<p>Preduze\u0107e je u vlasni\u0161tvu Milutina Mi\u0107anovi\u0107a i Valentine Stanaj i oboje imaju jednak udeo, pokazuju podaci iz javnog registra. Energy 2 je osnovan u februaru.<\/p>\n<h3>Firma koja razvija projekat vetroparka Bijela podnela zahtev ekolo\u0161kom regulatoru<\/h3>\n<p>\u0160to se ti\u010de \u0160avnika, kompanija Vjetro park Bijela je nedavno zatra\u017eila od Agencije za za\u0161titu \u017eivotne sredine Crne Gore da utvrdi da li je u obavezi da za svoju planiranu investiciju izradi elaborat o uticaju na okolinu. Lokacija se sastoji od 33 hektara privatnog i 63,5 hektara zemlji\u0161ta u javnom vlasni\u0161tvu.<\/p>\n<p>Firma je ve\u0107 uzela sve privatne parcele u zakup na po 30 godina, stoji u dokumentu, a podnela je zahtev i za javno zemlji\u0161te. Planirani kapacitet je 119 megavata.<\/p>\n<p>Preduze\u0107e je navelo da se opredelilo za turbine Siemens Gamesa od po 6,6 megavata. Kapacitet iskori\u0161\u0107enja je 31,9 odsto, dodalo je. Vjetro park Bijela je, ina\u010de, godi\u0161nju proizvodnju procenio na 333 gigavat-sata.<\/p>\n","protected":false},"excerpt":{"rendered":"<p>Preduze\u0107e Energy 2 treba da se nadme\u0107e za uzimanje lokacije svog projekta vetroelektrane Sinjajevina u Kola\u0161inu u najam<\/p>\n","protected":false},"author":27,"featured_media":62657,"comment_status":"open","ping_status":"open","sticky":false,"template":"","format":"standard","meta":{"_acf_changed":false,"_monsterinsights_skip_tracking":false,"_monsterinsights_sitenote_active":false,"_monsterinsights_sitenote_note":"","_monsterinsights_sitenote_category":0,"footnotes":""},"categories":[504,1],"tags":[669,647,2341],"class_list":["post-62653","post","type-post","status-publish","format-standard","has-post-thumbnail","hentry","category-elektricna-energija","category-obnovljivi-izvori-energije","tag-elektricna-energija","tag-obnovljivi-izvori-energije","tag-vetroelektrane","country-crna-gora"],"acf":[],"yoast_head":"<!-- This site is optimized with the Yoast SEO plugin v27.4 - https:\/\/yoast.com\/product\/yoast-seo-wordpress\/ -->\n<title>Objavljen poziv na nadmetanje za najam zemlji\u0161ta za vetropark u Kola\u0161inu<\/title>\n<meta name=\"description\" content=\"Preduze\u0107e Energy 2 treba da se nadme\u0107e za uzimanje lokacije svog projekta vetroelektrane Sinjajevina u Kola\u0161inu u najam.\" \/>\n<meta name=\"robots\" content=\"index, follow, max-snippet:-1, max-image-preview:large, max-video-preview:-1\" \/>\n<link rel=\"canonical\" href=\"https:\/\/balkangreenenergynews.com\/rs\/objavljen-poziv-na-nadmetanje-za-najam-zemljista-za-vetropark-u-kolasinu\/\" \/>\n<meta property=\"og:locale\" content=\"sr_RS\" \/>\n<meta property=\"og:type\" content=\"article\" \/>\n<meta property=\"og:title\" content=\"Objavljen poziv na nadmetanje za najam zemlji\u0161ta za vetropark u Kola\u0161inu\" \/>\n<meta property=\"og:description\" content=\"Preduze\u0107e Energy 2 treba da se nadme\u0107e za uzimanje lokacije svog projekta vetroelektrane Sinjajevina u Kola\u0161inu u najam.\" \/>\n<meta property=\"og:url\" content=\"https:\/\/balkangreenenergynews.com\/rs\/objavljen-poziv-na-nadmetanje-za-najam-zemljista-za-vetropark-u-kolasinu\/\" \/>\n<meta property=\"og:site_name\" content=\"Balkan Green Energy News\" \/>\n<meta property=\"article:published_time\" content=\"2023-09-21T15:16:56+00:00\" \/>\n<meta property=\"article:modified_time\" content=\"2023-09-22T11:02:10+00:00\" \/>\n<meta property=\"og:image\" content=\"https:\/\/balkangreenenergynews.com\/rs\/wp-content\/uploads\/2023\/09\/poziv-nadmetanje-najam-zemljista-vetropark-u-Kolasinu.jpg\" \/>\n\t<meta property=\"og:image:width\" content=\"840\" \/>\n\t<meta property=\"og:image:height\" content=\"430\" \/>\n\t<meta property=\"og:image:type\" content=\"image\/jpeg\" \/>\n<meta name=\"author\" content=\"Igor Todorovi\u0107\" \/>\n<meta name=\"twitter:card\" content=\"summary_large_image\" \/>\n<meta name=\"twitter:label1\" content=\"\u041d\u0430\u043f\u0438\u0441\u0430\u043d\u043e \u043e\u0434\" \/>\n\t<meta name=\"twitter:data1\" content=\"Igor Todorovi\u0107\" \/>\n\t<meta name=\"twitter:label2\" content=\"\u041f\u0440\u043e\u0446\u0435\u045a\u0435\u043d\u043e \u0432\u0440\u0435\u043c\u0435 \u0447\u0438\u0442\u0430\u045a\u0430\" \/>\n\t<meta name=\"twitter:data2\" content=\"2 \u043c\u0438\u043d\u0443\u0442\u0430\" \/>\n<script type=\"application\/ld+json\" class=\"yoast-schema-graph\">{\"@context\":\"https:\\\/\\\/schema.org\",\"@graph\":[{\"@type\":\"Article\",\"@id\":\"https:\\\/\\\/balkangreenenergynews.com\\\/rs\\\/objavljen-poziv-na-nadmetanje-za-najam-zemljista-za-vetropark-u-kolasinu\\\/#article\",\"isPartOf\":{\"@id\":\"https:\\\/\\\/balkangreenenergynews.com\\\/rs\\\/objavljen-poziv-na-nadmetanje-za-najam-zemljista-za-vetropark-u-kolasinu\\\/\"},\"author\":{\"name\":\"Igor Todorovi\u0107\",\"@id\":\"https:\\\/\\\/balkangreenenergynews.com\\\/rs\\\/#\\\/schema\\\/person\\\/d8f80a244c4e9f2b55e4f6968c253246\"},\"headline\":\"Objavljen poziv na nadmetanje za najam zemlji\u0161ta za vetropark u Kola\u0161inu\",\"datePublished\":\"2023-09-21T15:16:56+00:00\",\"dateModified\":\"2023-09-22T11:02:10+00:00\",\"mainEntityOfPage\":{\"@id\":\"https:\\\/\\\/balkangreenenergynews.com\\\/rs\\\/objavljen-poziv-na-nadmetanje-za-najam-zemljista-za-vetropark-u-kolasinu\\\/\"},\"wordCount\":410,\"commentCount\":0,\"image\":{\"@id\":\"https:\\\/\\\/balkangreenenergynews.com\\\/rs\\\/objavljen-poziv-na-nadmetanje-za-najam-zemljista-za-vetropark-u-kolasinu\\\/#primaryimage\"},\"thumbnailUrl\":\"https:\\\/\\\/balkangreenenergynews.com\\\/rs\\\/wp-content\\\/uploads\\\/2023\\\/09\\\/poziv-nadmetanje-najam-zemljista-vetropark-u-Kolasinu.jpg?wsr\",\"keywords\":[\"elektri\u010dna energija\",\"obnovljivi izvori energije\",\"vetroelektrane\"],\"articleSection\":[\"Elektri\u010dna energija\",\"OIE\"],\"inLanguage\":\"sr-RS\",\"potentialAction\":[{\"@type\":\"CommentAction\",\"name\":\"Comment\",\"target\":[\"https:\\\/\\\/balkangreenenergynews.com\\\/rs\\\/objavljen-poziv-na-nadmetanje-za-najam-zemljista-za-vetropark-u-kolasinu\\\/#respond\"]}]},{\"@type\":\"WebPage\",\"@id\":\"https:\\\/\\\/balkangreenenergynews.com\\\/rs\\\/objavljen-poziv-na-nadmetanje-za-najam-zemljista-za-vetropark-u-kolasinu\\\/\",\"url\":\"https:\\\/\\\/balkangreenenergynews.com\\\/rs\\\/objavljen-poziv-na-nadmetanje-za-najam-zemljista-za-vetropark-u-kolasinu\\\/\",\"name\":\"Objavljen poziv na nadmetanje za najam zemlji\u0161ta za vetropark u Kola\u0161inu\",\"isPartOf\":{\"@id\":\"https:\\\/\\\/balkangreenenergynews.com\\\/rs\\\/#website\"},\"primaryImageOfPage\":{\"@id\":\"https:\\\/\\\/balkangreenenergynews.com\\\/rs\\\/objavljen-poziv-na-nadmetanje-za-najam-zemljista-za-vetropark-u-kolasinu\\\/#primaryimage\"},\"image\":{\"@id\":\"https:\\\/\\\/balkangreenenergynews.com\\\/rs\\\/objavljen-poziv-na-nadmetanje-za-najam-zemljista-za-vetropark-u-kolasinu\\\/#primaryimage\"},\"thumbnailUrl\":\"https:\\\/\\\/balkangreenenergynews.com\\\/rs\\\/wp-content\\\/uploads\\\/2023\\\/09\\\/poziv-nadmetanje-najam-zemljista-vetropark-u-Kolasinu.jpg?wsr\",\"datePublished\":\"2023-09-21T15:16:56+00:00\",\"dateModified\":\"2023-09-22T11:02:10+00:00\",\"author\":{\"@id\":\"https:\\\/\\\/balkangreenenergynews.com\\\/rs\\\/#\\\/schema\\\/person\\\/d8f80a244c4e9f2b55e4f6968c253246\"},\"description\":\"Preduze\u0107e Energy 2 treba da se nadme\u0107e za uzimanje lokacije svog projekta vetroelektrane Sinjajevina u Kola\u0161inu u najam.\",\"breadcrumb\":{\"@id\":\"https:\\\/\\\/balkangreenenergynews.com\\\/rs\\\/objavljen-poziv-na-nadmetanje-za-najam-zemljista-za-vetropark-u-kolasinu\\\/#breadcrumb\"},\"inLanguage\":\"sr-RS\",\"potentialAction\":[{\"@type\":\"ReadAction\",\"target\":[\"https:\\\/\\\/balkangreenenergynews.com\\\/rs\\\/objavljen-poziv-na-nadmetanje-za-najam-zemljista-za-vetropark-u-kolasinu\\\/\"]}]},{\"@type\":\"ImageObject\",\"inLanguage\":\"sr-RS\",\"@id\":\"https:\\\/\\\/balkangreenenergynews.com\\\/rs\\\/objavljen-poziv-na-nadmetanje-za-najam-zemljista-za-vetropark-u-kolasinu\\\/#primaryimage\",\"url\":\"https:\\\/\\\/balkangreenenergynews.com\\\/rs\\\/wp-content\\\/uploads\\\/2023\\\/09\\\/poziv-nadmetanje-najam-zemljista-vetropark-u-Kolasinu.jpg?wsr\",\"contentUrl\":\"https:\\\/\\\/balkangreenenergynews.com\\\/rs\\\/wp-content\\\/uploads\\\/2023\\\/09\\\/poziv-nadmetanje-najam-zemljista-vetropark-u-Kolasinu.jpg?wsr\",\"width\":840,\"height\":430,\"caption\":\"poziv-nadmetanje-najam-zemljista-vetropark-u-Kolasinu\"},{\"@type\":\"BreadcrumbList\",\"@id\":\"https:\\\/\\\/balkangreenenergynews.com\\\/rs\\\/objavljen-poziv-na-nadmetanje-za-najam-zemljista-za-vetropark-u-kolasinu\\\/#breadcrumb\",\"itemListElement\":[{\"@type\":\"ListItem\",\"position\":1,\"name\":\"Po\u010detna\",\"item\":\"https:\\\/\\\/balkangreenenergynews.com\\\/rs\\\/\"},{\"@type\":\"ListItem\",\"position\":2,\"name\":\"Vesti\",\"item\":\"https:\\\/\\\/balkangreenenergynews.com\\\/rs\\\/kategorija\\\/vesti\\\/\"},{\"@type\":\"ListItem\",\"position\":3,\"name\":\"OIE\",\"item\":\"https:\\\/\\\/balkangreenenergynews.com\\\/rs\\\/kategorija\\\/vesti\\\/obnovljivi-izvori-energije\\\/\"},{\"@type\":\"ListItem\",\"position\":4,\"name\":\"Objavljen poziv na nadmetanje za najam zemlji\u0161ta za vetropark u Kola\u0161inu\"}]},{\"@type\":\"WebSite\",\"@id\":\"https:\\\/\\\/balkangreenenergynews.com\\\/rs\\\/#website\",\"url\":\"https:\\\/\\\/balkangreenenergynews.com\\\/rs\\\/\",\"name\":\"Balkan Green Energy News\",\"description\":\"Naj\u0161iri izbor vesti sa Balkana o zelenoj energiji\",\"potentialAction\":[{\"@type\":\"SearchAction\",\"target\":{\"@type\":\"EntryPoint\",\"urlTemplate\":\"https:\\\/\\\/balkangreenenergynews.com\\\/rs\\\/?s={search_term_string}\"},\"query-input\":{\"@type\":\"PropertyValueSpecification\",\"valueRequired\":true,\"valueName\":\"search_term_string\"}}],\"inLanguage\":\"sr-RS\"},{\"@type\":\"Person\",\"@id\":\"https:\\\/\\\/balkangreenenergynews.com\\\/rs\\\/#\\\/schema\\\/person\\\/d8f80a244c4e9f2b55e4f6968c253246\",\"name\":\"Igor Todorovi\u0107\",\"url\":\"https:\\\/\\\/balkangreenenergynews.com\\\/rs\\\/author\\\/igor-todorovic\\\/\"}]}<\/script>\n<!-- \/ Yoast SEO plugin. -->","yoast_head_json":{"title":"Objavljen poziv na nadmetanje za najam zemlji\u0161ta za vetropark u Kola\u0161inu","description":"Preduze\u0107e Energy 2 treba da se nadme\u0107e za uzimanje lokacije svog projekta vetroelektrane Sinjajevina u Kola\u0161inu u najam.","robots":{"index":"index","follow":"follow","max-snippet":"max-snippet:-1","max-image-preview":"max-image-preview:large","max-video-preview":"max-video-preview:-1"},"canonical":"https:\/\/balkangreenenergynews.com\/rs\/objavljen-poziv-na-nadmetanje-za-najam-zemljista-za-vetropark-u-kolasinu\/","og_locale":"sr_RS","og_type":"article","og_title":"Objavljen poziv na nadmetanje za najam zemlji\u0161ta za vetropark u Kola\u0161inu","og_description":"Preduze\u0107e Energy 2 treba da se nadme\u0107e za uzimanje lokacije svog projekta vetroelektrane Sinjajevina u Kola\u0161inu u najam.","og_url":"https:\/\/balkangreenenergynews.com\/rs\/objavljen-poziv-na-nadmetanje-za-najam-zemljista-za-vetropark-u-kolasinu\/","og_site_name":"Balkan Green Energy News","article_published_time":"2023-09-21T15:16:56+00:00","article_modified_time":"2023-09-22T11:02:10+00:00","og_image":[{"width":840,"height":430,"url":"https:\/\/balkangreenenergynews.com\/rs\/wp-content\/uploads\/2023\/09\/poziv-nadmetanje-najam-zemljista-vetropark-u-Kolasinu.jpg","type":"image\/jpeg"}],"author":"Igor Todorovi\u0107","twitter_card":"summary_large_image","twitter_misc":{"\u041d\u0430\u043f\u0438\u0441\u0430\u043d\u043e \u043e\u0434":"Igor Todorovi\u0107","\u041f\u0440\u043e\u0446\u0435\u045a\u0435\u043d\u043e \u0432\u0440\u0435\u043c\u0435 \u0447\u0438\u0442\u0430\u045a\u0430":"2 \u043c\u0438\u043d\u0443\u0442\u0430"},"schema":{"@context":"https:\/\/schema.org","@graph":[{"@type":"Article","@id":"https:\/\/balkangreenenergynews.com\/rs\/objavljen-poziv-na-nadmetanje-za-najam-zemljista-za-vetropark-u-kolasinu\/#article","isPartOf":{"@id":"https:\/\/balkangreenenergynews.com\/rs\/objavljen-poziv-na-nadmetanje-za-najam-zemljista-za-vetropark-u-kolasinu\/"},"author":{"name":"Igor Todorovi\u0107","@id":"https:\/\/balkangreenenergynews.com\/rs\/#\/schema\/person\/d8f80a244c4e9f2b55e4f6968c253246"},"headline":"Objavljen poziv na nadmetanje za najam zemlji\u0161ta za vetropark u Kola\u0161inu","datePublished":"2023-09-21T15:16:56+00:00","dateModified":"2023-09-22T11:02:10+00:00","mainEntityOfPage":{"@id":"https:\/\/balkangreenenergynews.com\/rs\/objavljen-poziv-na-nadmetanje-za-najam-zemljista-za-vetropark-u-kolasinu\/"},"wordCount":410,"commentCount":0,"image":{"@id":"https:\/\/balkangreenenergynews.com\/rs\/objavljen-poziv-na-nadmetanje-za-najam-zemljista-za-vetropark-u-kolasinu\/#primaryimage"},"thumbnailUrl":"https:\/\/balkangreenenergynews.com\/rs\/wp-content\/uploads\/2023\/09\/poziv-nadmetanje-najam-zemljista-vetropark-u-Kolasinu.jpg?wsr","keywords":["elektri\u010dna energija","obnovljivi izvori energije","vetroelektrane"],"articleSection":["Elektri\u010dna energija","OIE"],"inLanguage":"sr-RS","potentialAction":[{"@type":"CommentAction","name":"Comment","target":["https:\/\/balkangreenenergynews.com\/rs\/objavljen-poziv-na-nadmetanje-za-najam-zemljista-za-vetropark-u-kolasinu\/#respond"]}]},{"@type":"WebPage","@id":"https:\/\/balkangreenenergynews.com\/rs\/objavljen-poziv-na-nadmetanje-za-najam-zemljista-za-vetropark-u-kolasinu\/","url":"https:\/\/balkangreenenergynews.com\/rs\/objavljen-poziv-na-nadmetanje-za-najam-zemljista-za-vetropark-u-kolasinu\/","name":"Objavljen poziv na nadmetanje za najam zemlji\u0161ta za vetropark u Kola\u0161inu","isPartOf":{"@id":"https:\/\/balkangreenenergynews.com\/rs\/#website"},"primaryImageOfPage":{"@id":"https:\/\/balkangreenenergynews.com\/rs\/objavljen-poziv-na-nadmetanje-za-najam-zemljista-za-vetropark-u-kolasinu\/#primaryimage"},"image":{"@id":"https:\/\/balkangreenenergynews.com\/rs\/objavljen-poziv-na-nadmetanje-za-najam-zemljista-za-vetropark-u-kolasinu\/#primaryimage"},"thumbnailUrl":"https:\/\/balkangreenenergynews.com\/rs\/wp-content\/uploads\/2023\/09\/poziv-nadmetanje-najam-zemljista-vetropark-u-Kolasinu.jpg?wsr","datePublished":"2023-09-21T15:16:56+00:00","dateModified":"2023-09-22T11:02:10+00:00","author":{"@id":"https:\/\/balkangreenenergynews.com\/rs\/#\/schema\/person\/d8f80a244c4e9f2b55e4f6968c253246"},"description":"Preduze\u0107e Energy 2 treba da se nadme\u0107e za uzimanje lokacije svog projekta vetroelektrane Sinjajevina u Kola\u0161inu u najam.","breadcrumb":{"@id":"https:\/\/balkangreenenergynews.com\/rs\/objavljen-poziv-na-nadmetanje-za-najam-zemljista-za-vetropark-u-kolasinu\/#breadcrumb"},"inLanguage":"sr-RS","potentialAction":[{"@type":"ReadAction","target":["https:\/\/balkangreenenergynews.com\/rs\/objavljen-poziv-na-nadmetanje-za-najam-zemljista-za-vetropark-u-kolasinu\/"]}]},{"@type":"ImageObject","inLanguage":"sr-RS","@id":"https:\/\/balkangreenenergynews.com\/rs\/objavljen-poziv-na-nadmetanje-za-najam-zemljista-za-vetropark-u-kolasinu\/#primaryimage","url":"https:\/\/balkangreenenergynews.com\/rs\/wp-content\/uploads\/2023\/09\/poziv-nadmetanje-najam-zemljista-vetropark-u-Kolasinu.jpg?wsr","contentUrl":"https:\/\/balkangreenenergynews.com\/rs\/wp-content\/uploads\/2023\/09\/poziv-nadmetanje-najam-zemljista-vetropark-u-Kolasinu.jpg?wsr","width":840,"height":430,"caption":"poziv-nadmetanje-najam-zemljista-vetropark-u-Kolasinu"},{"@type":"BreadcrumbList","@id":"https:\/\/balkangreenenergynews.com\/rs\/objavljen-poziv-na-nadmetanje-za-najam-zemljista-za-vetropark-u-kolasinu\/#breadcrumb","itemListElement":[{"@type":"ListItem","position":1,"name":"Po\u010detna","item":"https:\/\/balkangreenenergynews.com\/rs\/"},{"@type":"ListItem","position":2,"name":"Vesti","item":"https:\/\/balkangreenenergynews.com\/rs\/kategorija\/vesti\/"},{"@type":"ListItem","position":3,"name":"OIE","item":"https:\/\/balkangreenenergynews.com\/rs\/kategorija\/vesti\/obnovljivi-izvori-energije\/"},{"@type":"ListItem","position":4,"name":"Objavljen poziv na nadmetanje za najam zemlji\u0161ta za vetropark u Kola\u0161inu"}]},{"@type":"WebSite","@id":"https:\/\/balkangreenenergynews.com\/rs\/#website","url":"https:\/\/balkangreenenergynews.com\/rs\/","name":"Balkan Green Energy News","description":"Naj\u0161iri izbor vesti sa Balkana o zelenoj energiji","potentialAction":[{"@type":"SearchAction","target":{"@type":"EntryPoint","urlTemplate":"https:\/\/balkangreenenergynews.com\/rs\/?s={search_term_string}"},"query-input":{"@type":"PropertyValueSpecification","valueRequired":true,"valueName":"search_term_string"}}],"inLanguage":"sr-RS"},{"@type":"Person","@id":"https:\/\/balkangreenenergynews.com\/rs\/#\/schema\/person\/d8f80a244c4e9f2b55e4f6968c253246","name":"Igor Todorovi\u0107","url":"https:\/\/balkangreenenergynews.com\/rs\/author\/igor-todorovic\/"}]}},"_links":{"self":[{"href":"https:\/\/balkangreenenergynews.com\/rs\/wp-json\/wp\/v2\/posts\/62653","targetHints":{"allow":["GET"]}}],"collection":[{"href":"https:\/\/balkangreenenergynews.com\/rs\/wp-json\/wp\/v2\/posts"}],"about":[{"href":"https:\/\/balkangreenenergynews.com\/rs\/wp-json\/wp\/v2\/types\/post"}],"author":[{"embeddable":true,"href":"https:\/\/balkangreenenergynews.com\/rs\/wp-json\/wp\/v2\/users\/27"}],"replies":[{"embeddable":true,"href":"https:\/\/balkangreenenergynews.com\/rs\/wp-json\/wp\/v2\/comments?post=62653"}],"version-history":[{"count":0,"href":"https:\/\/balkangreenenergynews.com\/rs\/wp-json\/wp\/v2\/posts\/62653\/revisions"}],"wp:featuredmedia":[{"embeddable":true,"href":"https:\/\/balkangreenenergynews.com\/rs\/wp-json\/wp\/v2\/media\/62657"}],"wp:attachment":[{"href":"https:\/\/balkangreenenergynews.com\/rs\/wp-json\/wp\/v2\/media?parent=62653"}],"wp:term":[{"taxonomy":"category","embeddable":true,"href":"https:\/\/balkangreenenergynews.com\/rs\/wp-json\/wp\/v2\/categories?post=62653"},{"taxonomy":"post_tag","embeddable":true,"href":"https:\/\/balkangreenenergynews.com\/rs\/wp-json\/wp\/v2\/tags?post=62653"}],"curies":[{"name":"wp","href":"https:\/\/api.w.org\/{rel}","templated":true}]}}