{"id":61527,"date":"2023-08-08T15:11:36","date_gmt":"2023-08-08T13:11:36","guid":{"rendered":"https:\/\/balkangreenenergynews.com\/rs\/?p=61527"},"modified":"2023-08-09T14:56:39","modified_gmt":"2023-08-09T12:56:39","slug":"crna-gora-daje-u-zakup-drzavnu-zemlju-za-gradnju-vetroparka-treci-veliki-projekat-u-savniku","status":"publish","type":"post","link":"https:\/\/balkangreenenergynews.com\/rs\/crna-gora-daje-u-zakup-drzavnu-zemlju-za-gradnju-vetroparka-treci-veliki-projekat-u-savniku\/","title":{"rendered":"Crna Gora daje u zakup dr\u017eavnu zemlju za gradnju vetroparka &#8211; tre\u0107i veliki projekat u \u0160avniku"},"content":{"rendered":"<h2>Ministarstvo finansija Crne Gore pozvalo je zainteresovane investitore da u\u010destvuju na javnom nadmetanju za davanje u zakup na period od 30 godina zemlji\u0161ta u dr\u017eavnoj svojini, radi izgradnje vetroelektrane u Op\u0161tini \u0160avnik.<\/h2>\n<p>\u0160avnik bi mogao da u\u010dvrsti lidersku poziciju u Crnoj Gori kada je re\u010d o velikim elektranama koji koriste obnovljive izvore energije, s obzirom da je u ovoj op\u0161tini instaliran i prvi vetropark &#8211; <a href=\"https:\/\/balkangreenenergynews.com\/rs\/kompanija-masdar-iz-uae-postala-suvlasnik-vetroelektrane-u-crnoj-gori\/\">Krnovo<\/a>. Tako\u0111e, firma <a href=\"https:\/\/balkangreenenergynews.com\/rs\/tri-velike-investicije-za-solarni-bum-u-crnoj-gori\/\">Sunrise Europe<\/a> priprema gradnju solarne elektrane snage 220 MW u katastarskim op\u0161tinama Dubrovsko i Du\u017ei.<\/p>\n<p>Ina\u010de, nedaleko od ova dva projekta, ali u op\u0161tini Nik\u0161i\u0107, planirana je izgradnja i tre\u0107eg vetroparka u zemlji &#8211; Gvozd, za koji je nedavno <a href=\"https:\/\/balkangreenenergynews.com\/rs\/epcg-potpisao-ugovor-o-finansiranju-projekta-vetroparka-gvozd\/\">obezbe\u0111eno finansiranje<\/a>. Ako se sve ove investicije realizuju u pre\u010dniku od nekih dvadesetak kilometara bi\u0107e instalirane \u010dak \u010detiri velike elektrane.<\/p>\n<blockquote><p>Snaga vetrogeneratora trebalo bi da bude po 6,6 MW<\/p><\/blockquote>\n<p>U javnom pozivu navodi se da se daje u zakup zemlji\u0161te na lokaciji Malinsko u vlasni\u0161tvu dr\u017eave Crne Gore radi projektovanja, izgradnje, eksploatacije i odr\u017eavanja vetroelektrane instalisane snage 6,6 MW pojedina\u010dno po vetrogeneratoru.<\/p>\n<p>Ukupan kapacitet elektrane se na navodi, ali je Vlada Crne Gore pre desetak dana izdala urbanisti\u010dko-tehni\u010dke uslove firmi Vjetro park Bijela iz Podgorice za gradnju vetroelektrane u \u0160avniku, na vi\u0161e katastarskih parcela na KO Malinsko.\u00a0Tada je kao maksimalni mogu\u0107i kapacitet navedena snaga od 118,8 MW.<\/p>\n<blockquote><p>Po\u010detna cena zakupa na godi\u0161njem nivou 176.400 evra<\/p><\/blockquote>\n<p>U <a href=\"https:\/\/www.gov.me\/clanak\/javni-poziv-za-davanje-u-dugorocni-zakup-na-period-od-30-godina-zemljista-u-drzavnoj-svojini-radi-izgradnje-vjetroelektrane-u-opstini-savnik\">javnom pozivu za zakup<\/a> pi\u0161e da \u0107e na javnom nadmetanju po\u010detna cena zakupa na godi\u0161njem nivou biti 176.400 evra, s tim da \u0107e se postignuta cena korigovati za iznos odgovaraju\u0107e godi\u0161nje stope inflacije utvr\u0111ene u Crnoj Gori.<\/p>\n<p>Jedan od uslova da se u\u010destvuje na javnom nadmetanju, koji je otvoren za sva pravna i fizi\u010dka doma\u0107a i strana lica, kao i konzorcijume, je da se uplati depozit u iznosu od pet odsto od iznosa po\u010detne cene zakupnine, u iznosu od 8.820 evra.<\/p>\n<p>U\u010desnik, tako\u0111e, mora i da ima iskustvo u oblasti projektovanja ili izgradnje vetroelektrana, kao i da je u poslednje dve poslovne godine, pojedina\u010dno po godinama, ostvario pozitivan finansijski rezultat.<\/p>\n<p>Rok za podno\u0161enje prijava je najkasnije do i uklju\u010duju\u0107i 15. avgust 2023. godine.<\/p>\n","protected":false},"excerpt":{"rendered":"<p>\u0160avnik bi mogao da u\u010dvrsti lidersku poziciju u Crnoj Gori kada je re\u010d o velikim elektranama koji koriste obnovljive izvore energije<\/p>\n","protected":false},"author":23,"featured_media":61539,"comment_status":"open","ping_status":"open","sticky":false,"template":"","format":"standard","meta":{"_acf_changed":false,"_monsterinsights_skip_tracking":false,"_monsterinsights_sitenote_active":false,"_monsterinsights_sitenote_note":"","_monsterinsights_sitenote_category":0,"footnotes":""},"categories":[504,1],"tags":[652,2140,289,668,815,719],"class_list":["post-61527","post","type-post","status-publish","format-standard","has-post-thumbnail","hentry","category-elektricna-energija","category-obnovljivi-izvori-energije","tag-investicije","tag-javni-poziv","tag-krnovo","tag-solarna-elektrana","tag-vetroelektrana","tag-vetropark","country-crna-gora"],"acf":[],"yoast_head":"<!-- This site is optimized with the Yoast SEO plugin v27.4 - https:\/\/yoast.com\/product\/yoast-seo-wordpress\/ -->\n<title>Crna Gora daje u zakup dr\u017eavnu zemlju za gradnju vetroparka - tre\u0107i veliki projekat u \u0160avniku<\/title>\n<meta name=\"description\" content=\"\u0160avnik bi mogao da u\u010dvrsti lidersku poziciju u Crnoj Gori kada je re\u010d o velikim elektranama koji koriste obnovljive izvore energije\" \/>\n<meta name=\"robots\" content=\"index, follow, max-snippet:-1, max-image-preview:large, max-video-preview:-1\" \/>\n<link rel=\"canonical\" href=\"https:\/\/balkangreenenergynews.com\/rs\/crna-gora-daje-u-zakup-drzavnu-zemlju-za-gradnju-vetroparka-treci-veliki-projekat-u-savniku\/\" \/>\n<meta property=\"og:locale\" content=\"sr_RS\" \/>\n<meta property=\"og:type\" content=\"article\" \/>\n<meta property=\"og:title\" content=\"Crna Gora daje u zakup dr\u017eavnu zemlju za gradnju vetroparka - tre\u0107i veliki projekat u \u0160avniku\" \/>\n<meta property=\"og:description\" content=\"\u0160avnik bi mogao da u\u010dvrsti lidersku poziciju u Crnoj Gori kada je re\u010d o velikim elektranama koji koriste obnovljive izvore energije\" \/>\n<meta property=\"og:url\" content=\"https:\/\/balkangreenenergynews.com\/rs\/crna-gora-daje-u-zakup-drzavnu-zemlju-za-gradnju-vetroparka-treci-veliki-projekat-u-savniku\/\" \/>\n<meta property=\"og:site_name\" content=\"Balkan Green Energy News\" \/>\n<meta property=\"article:published_time\" content=\"2023-08-08T13:11:36+00:00\" \/>\n<meta property=\"article:modified_time\" content=\"2023-08-09T12:56:39+00:00\" \/>\n<meta property=\"og:image\" content=\"https:\/\/balkangreenenergynews.com\/rs\/wp-content\/uploads\/2023\/08\/savnik-elektrane-solar-vetar-krnovo-duzi-malinsko.jpg\" \/>\n\t<meta property=\"og:image:width\" content=\"840\" \/>\n\t<meta property=\"og:image:height\" content=\"430\" \/>\n\t<meta property=\"og:image:type\" content=\"image\/jpeg\" \/>\n<meta name=\"author\" content=\"Vladimir Spasi\u0107\" \/>\n<meta name=\"twitter:card\" content=\"summary_large_image\" \/>\n<meta name=\"twitter:label1\" content=\"\u041d\u0430\u043f\u0438\u0441\u0430\u043d\u043e \u043e\u0434\" \/>\n\t<meta name=\"twitter:data1\" content=\"Vladimir Spasi\u0107\" \/>\n\t<meta name=\"twitter:label2\" content=\"\u041f\u0440\u043e\u0446\u0435\u045a\u0435\u043d\u043e \u0432\u0440\u0435\u043c\u0435 \u0447\u0438\u0442\u0430\u045a\u0430\" \/>\n\t<meta name=\"twitter:data2\" content=\"2 \u043c\u0438\u043d\u0443\u0442\u0430\" \/>\n<script type=\"application\/ld+json\" class=\"yoast-schema-graph\">{\"@context\":\"https:\\\/\\\/schema.org\",\"@graph\":[{\"@type\":\"Article\",\"@id\":\"https:\\\/\\\/balkangreenenergynews.com\\\/rs\\\/crna-gora-daje-u-zakup-drzavnu-zemlju-za-gradnju-vetroparka-treci-veliki-projekat-u-savniku\\\/#article\",\"isPartOf\":{\"@id\":\"https:\\\/\\\/balkangreenenergynews.com\\\/rs\\\/crna-gora-daje-u-zakup-drzavnu-zemlju-za-gradnju-vetroparka-treci-veliki-projekat-u-savniku\\\/\"},\"author\":{\"name\":\"Vladimir Spasi\u0107\",\"@id\":\"https:\\\/\\\/balkangreenenergynews.com\\\/rs\\\/#\\\/schema\\\/person\\\/99dc721c46113fea22caffad06ef7317\"},\"headline\":\"Crna Gora daje u zakup dr\u017eavnu zemlju za gradnju vetroparka &#8211; tre\u0107i veliki projekat u \u0160avniku\",\"datePublished\":\"2023-08-08T13:11:36+00:00\",\"dateModified\":\"2023-08-09T12:56:39+00:00\",\"mainEntityOfPage\":{\"@id\":\"https:\\\/\\\/balkangreenenergynews.com\\\/rs\\\/crna-gora-daje-u-zakup-drzavnu-zemlju-za-gradnju-vetroparka-treci-veliki-projekat-u-savniku\\\/\"},\"wordCount\":398,\"commentCount\":0,\"image\":{\"@id\":\"https:\\\/\\\/balkangreenenergynews.com\\\/rs\\\/crna-gora-daje-u-zakup-drzavnu-zemlju-za-gradnju-vetroparka-treci-veliki-projekat-u-savniku\\\/#primaryimage\"},\"thumbnailUrl\":\"https:\\\/\\\/balkangreenenergynews.com\\\/rs\\\/wp-content\\\/uploads\\\/2023\\\/08\\\/savnik-elektrane-solar-vetar-krnovo-duzi-malinsko.jpg?wsr\",\"keywords\":[\"investicije\",\"javni poziv\",\"Krnovo\",\"solarna elektrana\",\"vetroelektrana\",\"vetropark\"],\"articleSection\":[\"Elektri\u010dna energija\",\"OIE\"],\"inLanguage\":\"sr-RS\",\"potentialAction\":[{\"@type\":\"CommentAction\",\"name\":\"Comment\",\"target\":[\"https:\\\/\\\/balkangreenenergynews.com\\\/rs\\\/crna-gora-daje-u-zakup-drzavnu-zemlju-za-gradnju-vetroparka-treci-veliki-projekat-u-savniku\\\/#respond\"]}]},{\"@type\":\"WebPage\",\"@id\":\"https:\\\/\\\/balkangreenenergynews.com\\\/rs\\\/crna-gora-daje-u-zakup-drzavnu-zemlju-za-gradnju-vetroparka-treci-veliki-projekat-u-savniku\\\/\",\"url\":\"https:\\\/\\\/balkangreenenergynews.com\\\/rs\\\/crna-gora-daje-u-zakup-drzavnu-zemlju-za-gradnju-vetroparka-treci-veliki-projekat-u-savniku\\\/\",\"name\":\"Crna Gora daje u zakup dr\u017eavnu zemlju za gradnju vetroparka - tre\u0107i veliki projekat u \u0160avniku\",\"isPartOf\":{\"@id\":\"https:\\\/\\\/balkangreenenergynews.com\\\/rs\\\/#website\"},\"primaryImageOfPage\":{\"@id\":\"https:\\\/\\\/balkangreenenergynews.com\\\/rs\\\/crna-gora-daje-u-zakup-drzavnu-zemlju-za-gradnju-vetroparka-treci-veliki-projekat-u-savniku\\\/#primaryimage\"},\"image\":{\"@id\":\"https:\\\/\\\/balkangreenenergynews.com\\\/rs\\\/crna-gora-daje-u-zakup-drzavnu-zemlju-za-gradnju-vetroparka-treci-veliki-projekat-u-savniku\\\/#primaryimage\"},\"thumbnailUrl\":\"https:\\\/\\\/balkangreenenergynews.com\\\/rs\\\/wp-content\\\/uploads\\\/2023\\\/08\\\/savnik-elektrane-solar-vetar-krnovo-duzi-malinsko.jpg?wsr\",\"datePublished\":\"2023-08-08T13:11:36+00:00\",\"dateModified\":\"2023-08-09T12:56:39+00:00\",\"author\":{\"@id\":\"https:\\\/\\\/balkangreenenergynews.com\\\/rs\\\/#\\\/schema\\\/person\\\/99dc721c46113fea22caffad06ef7317\"},\"description\":\"\u0160avnik bi mogao da u\u010dvrsti lidersku poziciju u Crnoj Gori kada je re\u010d o velikim elektranama koji koriste obnovljive izvore energije\",\"breadcrumb\":{\"@id\":\"https:\\\/\\\/balkangreenenergynews.com\\\/rs\\\/crna-gora-daje-u-zakup-drzavnu-zemlju-za-gradnju-vetroparka-treci-veliki-projekat-u-savniku\\\/#breadcrumb\"},\"inLanguage\":\"sr-RS\",\"potentialAction\":[{\"@type\":\"ReadAction\",\"target\":[\"https:\\\/\\\/balkangreenenergynews.com\\\/rs\\\/crna-gora-daje-u-zakup-drzavnu-zemlju-za-gradnju-vetroparka-treci-veliki-projekat-u-savniku\\\/\"]}]},{\"@type\":\"ImageObject\",\"inLanguage\":\"sr-RS\",\"@id\":\"https:\\\/\\\/balkangreenenergynews.com\\\/rs\\\/crna-gora-daje-u-zakup-drzavnu-zemlju-za-gradnju-vetroparka-treci-veliki-projekat-u-savniku\\\/#primaryimage\",\"url\":\"https:\\\/\\\/balkangreenenergynews.com\\\/rs\\\/wp-content\\\/uploads\\\/2023\\\/08\\\/savnik-elektrane-solar-vetar-krnovo-duzi-malinsko.jpg?wsr\",\"contentUrl\":\"https:\\\/\\\/balkangreenenergynews.com\\\/rs\\\/wp-content\\\/uploads\\\/2023\\\/08\\\/savnik-elektrane-solar-vetar-krnovo-duzi-malinsko.jpg?wsr\",\"width\":840,\"height\":430,\"caption\":\"savnik elektrane solar vetar krnovo duzi malinsko\"},{\"@type\":\"BreadcrumbList\",\"@id\":\"https:\\\/\\\/balkangreenenergynews.com\\\/rs\\\/crna-gora-daje-u-zakup-drzavnu-zemlju-za-gradnju-vetroparka-treci-veliki-projekat-u-savniku\\\/#breadcrumb\",\"itemListElement\":[{\"@type\":\"ListItem\",\"position\":1,\"name\":\"Po\u010detna\",\"item\":\"https:\\\/\\\/balkangreenenergynews.com\\\/rs\\\/\"},{\"@type\":\"ListItem\",\"position\":2,\"name\":\"Vesti\",\"item\":\"https:\\\/\\\/balkangreenenergynews.com\\\/rs\\\/kategorija\\\/vesti\\\/\"},{\"@type\":\"ListItem\",\"position\":3,\"name\":\"OIE\",\"item\":\"https:\\\/\\\/balkangreenenergynews.com\\\/rs\\\/kategorija\\\/vesti\\\/obnovljivi-izvori-energije\\\/\"},{\"@type\":\"ListItem\",\"position\":4,\"name\":\"Crna Gora daje u zakup dr\u017eavnu zemlju za gradnju vetroparka &#8211; tre\u0107i veliki projekat u \u0160avniku\"}]},{\"@type\":\"WebSite\",\"@id\":\"https:\\\/\\\/balkangreenenergynews.com\\\/rs\\\/#website\",\"url\":\"https:\\\/\\\/balkangreenenergynews.com\\\/rs\\\/\",\"name\":\"Balkan Green Energy News\",\"description\":\"Naj\u0161iri izbor vesti sa Balkana o zelenoj energiji\",\"potentialAction\":[{\"@type\":\"SearchAction\",\"target\":{\"@type\":\"EntryPoint\",\"urlTemplate\":\"https:\\\/\\\/balkangreenenergynews.com\\\/rs\\\/?s={search_term_string}\"},\"query-input\":{\"@type\":\"PropertyValueSpecification\",\"valueRequired\":true,\"valueName\":\"search_term_string\"}}],\"inLanguage\":\"sr-RS\"},{\"@type\":\"Person\",\"@id\":\"https:\\\/\\\/balkangreenenergynews.com\\\/rs\\\/#\\\/schema\\\/person\\\/99dc721c46113fea22caffad06ef7317\",\"name\":\"Vladimir Spasi\u0107\",\"url\":\"https:\\\/\\\/balkangreenenergynews.com\\\/rs\\\/author\\\/vladimir-spasic\\\/\"}]}<\/script>\n<!-- \/ Yoast SEO plugin. -->","yoast_head_json":{"title":"Crna Gora daje u zakup dr\u017eavnu zemlju za gradnju vetroparka - tre\u0107i veliki projekat u \u0160avniku","description":"\u0160avnik bi mogao da u\u010dvrsti lidersku poziciju u Crnoj Gori kada je re\u010d o velikim elektranama koji koriste obnovljive izvore energije","robots":{"index":"index","follow":"follow","max-snippet":"max-snippet:-1","max-image-preview":"max-image-preview:large","max-video-preview":"max-video-preview:-1"},"canonical":"https:\/\/balkangreenenergynews.com\/rs\/crna-gora-daje-u-zakup-drzavnu-zemlju-za-gradnju-vetroparka-treci-veliki-projekat-u-savniku\/","og_locale":"sr_RS","og_type":"article","og_title":"Crna Gora daje u zakup dr\u017eavnu zemlju za gradnju vetroparka - tre\u0107i veliki projekat u \u0160avniku","og_description":"\u0160avnik bi mogao da u\u010dvrsti lidersku poziciju u Crnoj Gori kada je re\u010d o velikim elektranama koji koriste obnovljive izvore energije","og_url":"https:\/\/balkangreenenergynews.com\/rs\/crna-gora-daje-u-zakup-drzavnu-zemlju-za-gradnju-vetroparka-treci-veliki-projekat-u-savniku\/","og_site_name":"Balkan Green Energy News","article_published_time":"2023-08-08T13:11:36+00:00","article_modified_time":"2023-08-09T12:56:39+00:00","og_image":[{"width":840,"height":430,"url":"https:\/\/balkangreenenergynews.com\/rs\/wp-content\/uploads\/2023\/08\/savnik-elektrane-solar-vetar-krnovo-duzi-malinsko.jpg","type":"image\/jpeg"}],"author":"Vladimir Spasi\u0107","twitter_card":"summary_large_image","twitter_misc":{"\u041d\u0430\u043f\u0438\u0441\u0430\u043d\u043e \u043e\u0434":"Vladimir Spasi\u0107","\u041f\u0440\u043e\u0446\u0435\u045a\u0435\u043d\u043e \u0432\u0440\u0435\u043c\u0435 \u0447\u0438\u0442\u0430\u045a\u0430":"2 \u043c\u0438\u043d\u0443\u0442\u0430"},"schema":{"@context":"https:\/\/schema.org","@graph":[{"@type":"Article","@id":"https:\/\/balkangreenenergynews.com\/rs\/crna-gora-daje-u-zakup-drzavnu-zemlju-za-gradnju-vetroparka-treci-veliki-projekat-u-savniku\/#article","isPartOf":{"@id":"https:\/\/balkangreenenergynews.com\/rs\/crna-gora-daje-u-zakup-drzavnu-zemlju-za-gradnju-vetroparka-treci-veliki-projekat-u-savniku\/"},"author":{"name":"Vladimir Spasi\u0107","@id":"https:\/\/balkangreenenergynews.com\/rs\/#\/schema\/person\/99dc721c46113fea22caffad06ef7317"},"headline":"Crna Gora daje u zakup dr\u017eavnu zemlju za gradnju vetroparka &#8211; tre\u0107i veliki projekat u \u0160avniku","datePublished":"2023-08-08T13:11:36+00:00","dateModified":"2023-08-09T12:56:39+00:00","mainEntityOfPage":{"@id":"https:\/\/balkangreenenergynews.com\/rs\/crna-gora-daje-u-zakup-drzavnu-zemlju-za-gradnju-vetroparka-treci-veliki-projekat-u-savniku\/"},"wordCount":398,"commentCount":0,"image":{"@id":"https:\/\/balkangreenenergynews.com\/rs\/crna-gora-daje-u-zakup-drzavnu-zemlju-za-gradnju-vetroparka-treci-veliki-projekat-u-savniku\/#primaryimage"},"thumbnailUrl":"https:\/\/balkangreenenergynews.com\/rs\/wp-content\/uploads\/2023\/08\/savnik-elektrane-solar-vetar-krnovo-duzi-malinsko.jpg?wsr","keywords":["investicije","javni poziv","Krnovo","solarna elektrana","vetroelektrana","vetropark"],"articleSection":["Elektri\u010dna energija","OIE"],"inLanguage":"sr-RS","potentialAction":[{"@type":"CommentAction","name":"Comment","target":["https:\/\/balkangreenenergynews.com\/rs\/crna-gora-daje-u-zakup-drzavnu-zemlju-za-gradnju-vetroparka-treci-veliki-projekat-u-savniku\/#respond"]}]},{"@type":"WebPage","@id":"https:\/\/balkangreenenergynews.com\/rs\/crna-gora-daje-u-zakup-drzavnu-zemlju-za-gradnju-vetroparka-treci-veliki-projekat-u-savniku\/","url":"https:\/\/balkangreenenergynews.com\/rs\/crna-gora-daje-u-zakup-drzavnu-zemlju-za-gradnju-vetroparka-treci-veliki-projekat-u-savniku\/","name":"Crna Gora daje u zakup dr\u017eavnu zemlju za gradnju vetroparka - tre\u0107i veliki projekat u \u0160avniku","isPartOf":{"@id":"https:\/\/balkangreenenergynews.com\/rs\/#website"},"primaryImageOfPage":{"@id":"https:\/\/balkangreenenergynews.com\/rs\/crna-gora-daje-u-zakup-drzavnu-zemlju-za-gradnju-vetroparka-treci-veliki-projekat-u-savniku\/#primaryimage"},"image":{"@id":"https:\/\/balkangreenenergynews.com\/rs\/crna-gora-daje-u-zakup-drzavnu-zemlju-za-gradnju-vetroparka-treci-veliki-projekat-u-savniku\/#primaryimage"},"thumbnailUrl":"https:\/\/balkangreenenergynews.com\/rs\/wp-content\/uploads\/2023\/08\/savnik-elektrane-solar-vetar-krnovo-duzi-malinsko.jpg?wsr","datePublished":"2023-08-08T13:11:36+00:00","dateModified":"2023-08-09T12:56:39+00:00","author":{"@id":"https:\/\/balkangreenenergynews.com\/rs\/#\/schema\/person\/99dc721c46113fea22caffad06ef7317"},"description":"\u0160avnik bi mogao da u\u010dvrsti lidersku poziciju u Crnoj Gori kada je re\u010d o velikim elektranama koji koriste obnovljive izvore energije","breadcrumb":{"@id":"https:\/\/balkangreenenergynews.com\/rs\/crna-gora-daje-u-zakup-drzavnu-zemlju-za-gradnju-vetroparka-treci-veliki-projekat-u-savniku\/#breadcrumb"},"inLanguage":"sr-RS","potentialAction":[{"@type":"ReadAction","target":["https:\/\/balkangreenenergynews.com\/rs\/crna-gora-daje-u-zakup-drzavnu-zemlju-za-gradnju-vetroparka-treci-veliki-projekat-u-savniku\/"]}]},{"@type":"ImageObject","inLanguage":"sr-RS","@id":"https:\/\/balkangreenenergynews.com\/rs\/crna-gora-daje-u-zakup-drzavnu-zemlju-za-gradnju-vetroparka-treci-veliki-projekat-u-savniku\/#primaryimage","url":"https:\/\/balkangreenenergynews.com\/rs\/wp-content\/uploads\/2023\/08\/savnik-elektrane-solar-vetar-krnovo-duzi-malinsko.jpg?wsr","contentUrl":"https:\/\/balkangreenenergynews.com\/rs\/wp-content\/uploads\/2023\/08\/savnik-elektrane-solar-vetar-krnovo-duzi-malinsko.jpg?wsr","width":840,"height":430,"caption":"savnik elektrane solar vetar krnovo duzi malinsko"},{"@type":"BreadcrumbList","@id":"https:\/\/balkangreenenergynews.com\/rs\/crna-gora-daje-u-zakup-drzavnu-zemlju-za-gradnju-vetroparka-treci-veliki-projekat-u-savniku\/#breadcrumb","itemListElement":[{"@type":"ListItem","position":1,"name":"Po\u010detna","item":"https:\/\/balkangreenenergynews.com\/rs\/"},{"@type":"ListItem","position":2,"name":"Vesti","item":"https:\/\/balkangreenenergynews.com\/rs\/kategorija\/vesti\/"},{"@type":"ListItem","position":3,"name":"OIE","item":"https:\/\/balkangreenenergynews.com\/rs\/kategorija\/vesti\/obnovljivi-izvori-energije\/"},{"@type":"ListItem","position":4,"name":"Crna Gora daje u zakup dr\u017eavnu zemlju za gradnju vetroparka &#8211; tre\u0107i veliki projekat u \u0160avniku"}]},{"@type":"WebSite","@id":"https:\/\/balkangreenenergynews.com\/rs\/#website","url":"https:\/\/balkangreenenergynews.com\/rs\/","name":"Balkan Green Energy News","description":"Naj\u0161iri izbor vesti sa Balkana o zelenoj energiji","potentialAction":[{"@type":"SearchAction","target":{"@type":"EntryPoint","urlTemplate":"https:\/\/balkangreenenergynews.com\/rs\/?s={search_term_string}"},"query-input":{"@type":"PropertyValueSpecification","valueRequired":true,"valueName":"search_term_string"}}],"inLanguage":"sr-RS"},{"@type":"Person","@id":"https:\/\/balkangreenenergynews.com\/rs\/#\/schema\/person\/99dc721c46113fea22caffad06ef7317","name":"Vladimir Spasi\u0107","url":"https:\/\/balkangreenenergynews.com\/rs\/author\/vladimir-spasic\/"}]}},"_links":{"self":[{"href":"https:\/\/balkangreenenergynews.com\/rs\/wp-json\/wp\/v2\/posts\/61527","targetHints":{"allow":["GET"]}}],"collection":[{"href":"https:\/\/balkangreenenergynews.com\/rs\/wp-json\/wp\/v2\/posts"}],"about":[{"href":"https:\/\/balkangreenenergynews.com\/rs\/wp-json\/wp\/v2\/types\/post"}],"author":[{"embeddable":true,"href":"https:\/\/balkangreenenergynews.com\/rs\/wp-json\/wp\/v2\/users\/23"}],"replies":[{"embeddable":true,"href":"https:\/\/balkangreenenergynews.com\/rs\/wp-json\/wp\/v2\/comments?post=61527"}],"version-history":[{"count":0,"href":"https:\/\/balkangreenenergynews.com\/rs\/wp-json\/wp\/v2\/posts\/61527\/revisions"}],"wp:featuredmedia":[{"embeddable":true,"href":"https:\/\/balkangreenenergynews.com\/rs\/wp-json\/wp\/v2\/media\/61539"}],"wp:attachment":[{"href":"https:\/\/balkangreenenergynews.com\/rs\/wp-json\/wp\/v2\/media?parent=61527"}],"wp:term":[{"taxonomy":"category","embeddable":true,"href":"https:\/\/balkangreenenergynews.com\/rs\/wp-json\/wp\/v2\/categories?post=61527"},{"taxonomy":"post_tag","embeddable":true,"href":"https:\/\/balkangreenenergynews.com\/rs\/wp-json\/wp\/v2\/tags?post=61527"}],"curies":[{"name":"wp","href":"https:\/\/api.w.org\/{rel}","templated":true}]}}