{"id":61125,"date":"2023-07-27T13:09:44","date_gmt":"2023-07-27T11:09:44","guid":{"rendered":"https:\/\/balkangreenenergynews.com\/rs\/?p=61125"},"modified":"2023-07-27T13:09:44","modified_gmt":"2023-07-27T11:09:44","slug":"vlada-srbije-trazi-izvodjaca-radova-za-instaliranje-solarnih-panela-na-tri-svoje-zgrade","status":"publish","type":"post","link":"https:\/\/balkangreenenergynews.com\/rs\/vlada-srbije-trazi-izvodjaca-radova-za-instaliranje-solarnih-panela-na-tri-svoje-zgrade\/","title":{"rendered":"Vlada Srbije tra\u017ei izvo\u0111a\u010da radova za instaliranje solarnih panela na tri svoje zgrade"},"content":{"rendered":"<h2>Uprava za zajedni\u010dke poslove republi\u010dkih organa tra\u017ei izvo\u0111a\u010da radova za ugradnju solarnih panela na krovove objekata republi\u010dkih organa u Beogradu, sa izradom tehni\u010dke dokumentacije.<\/h2>\n<p>Solarni paneli bi\u0107e instalirani na objektima republi\u010dkih organa u ulici Nemanjina 22-26, Bulevar Mihajla Pupina 2 i Omladinskih brigada 1.<\/p>\n<p>Zgrada u Bulevaru Mihajla Pupina 2 je Palata Srbija ili nekada\u0161nji SIV I, dok je objekat u Omladinskih brigada 1 nekada\u0161nji SIV III. Instalacijom solarnih panela Vlada Srbije \u0107e tako postati prozjumer (kupac-proizvo\u0111a\u010d).<\/p>\n<p>Analizom potro\u0161nje elektri\u010dne energije i lokacije objekta ustanovljeno je da se na krovu zgrade u Nemanjinoj mo\u017ee izgraditi fotonaponsko postrojenje snage od 120 kWp (100 kW), na palati Srbija od 180 kWp (150 kW) i na objektu u Omladinskih brigada 1 od 96 kWp (80 kW), navodi se u tenderskoj dokumentaciji.<\/p>\n<p>Rok za podno\u0161enje ponuda je, kako je navodi, 10. avgust, a ugovor sa jednim izabranim ponu\u0111a\u010dem bi\u0107e potpisan na period od dve godine.<\/p>\n<blockquote><p>Posao se ugovara po principu klju\u010d u rukea, a ugovorene cene su nepromenljive<\/p><\/blockquote>\n<p>Predmet nabavke se ugovara po principu klju\u010d u ruke i ugovorene cene kako za projektovanje, tako i za isporuku opreme su nepromenjive. Radovi \u0107e se izvoditi sukcesivno prema dinamici koju utvrdi Uprava za zajedni\u010dke poslove republi\u010dkih organa (UZZPRO).<\/p>\n<p>Rok izvo\u0111enja radova je 120 kalendarskih dana od usmenog ili pisanog poziva Uprave, a najkasnije sedam dana od dana uplate avansa.<\/p>\n<p>Firma koja \u017eeli da u\u010destvuje na tenderu du\u017ena je da doka\u017ee da je u poslednje tri godine zaklju\u010dila i bez primedbi investitora obavila minimalno tri ugovora za ugradnju solarne fotonaponske elektrane, zbirne vrednosti najmanje 50 miliona dinara, od \u010dega je bar jedna elektrana kapaciteta minimum 200 kWp.<\/p>\n<p>Tako\u0111e, i da je barem na jednom objektu dobio Re\u0161enje o odobrenju izvo\u0111enja radova na izgradnji fotonaponskog postrojenja po \u010dlannu 145 Zakona o planiranju i izgradnji, pi\u0161e u <a href=\"https:\/\/jnportal.ujn.gov.rs\/tender-eo\/170635\">tenderskoj dokumentaciji<\/a>.<\/p>\n<p>Kako su ranije <a href=\"https:\/\/balkangreenenergynews.com\/rs\/i-vlada-srbije-postaje-prozjumer-solarni-paneli-bice-postavljeni-na-tri-zgrade\/\">za portal Balkan Green Energy News rekli u Upravi<\/a>, postavljanje solarnih panela na tri objekta je deo poslovnog plana koji je formiran na osnovu izve\u0161taja i preporuka \u010dlanova Radne grupe za implementaciju ciljeva <a href=\"https:\/\/balkangreenenergynews.com\/rs\/na-sta-su-se-zemlje-zapadnog-balkana-obavezale-potpisivanjem-sofijske-deklaracije-o-zelenoj-agendi\/\">Deklaracije iz Sofije o zelenoj agendi za Zapadni Balkan<\/a>, kao i Izve\u0161taja o Strate\u0161koj proceni uticaja <a href=\"https:\/\/balkangreenenergynews.com\/rs\/ministarstvo-predstavilo-nacionalni-energetski-i-klimatski-plan-ukljucite-se-u-javnu-raspravu-nekp-se-tice-svih-nas\/\">Integrisanog nacionalnog energetskog i klimatskog plana<\/a> (INEKP\/NEKP) za period od 2021. do 2030, sa projekcijama do 2050. godine na \u017eivotnu sredinu.<\/p>\n","protected":false},"excerpt":{"rendered":"<p>Rok za podno\u0161enje ponuda je 10. avgust, a ugovor sa jednim izabranim ponu\u0111a\u010dem bi\u0107e potpisan na period od dve godine<\/p>\n","protected":false},"author":23,"featured_media":61129,"comment_status":"open","ping_status":"open","sticky":false,"template":"","format":"standard","meta":{"_acf_changed":false,"_monsterinsights_skip_tracking":false,"_monsterinsights_sitenote_active":false,"_monsterinsights_sitenote_note":"","_monsterinsights_sitenote_category":0,"footnotes":""},"categories":[504,1],"tags":[6334,652,5837,1445,1890,412],"class_list":["post-61125","post","type-post","status-publish","format-standard","has-post-thumbnail","hentry","category-elektricna-energija","category-obnovljivi-izvori-energije","tag-fotonaponske-elektrane","tag-investicije","tag-krovne-solarne-elektrane","tag-prozjumeri","tag-solarne-elektrane","tag-tender","country-srbija"],"acf":[],"yoast_head":"<!-- This site is optimized with the Yoast SEO plugin v27.4 - https:\/\/yoast.com\/product\/yoast-seo-wordpress\/ -->\n<title>Vlada Srbije tra\u017ei izvo\u0111a\u010da radova za instaliranje solarnih panela na tri svoje zgrade<\/title>\n<meta name=\"description\" content=\"Rok za podno\u0161enje ponuda je 10. avgust, a ugovor sa jednim izabranim ponu\u0111a\u010dem bi\u0107e potpisan na period od dve godine\" \/>\n<meta name=\"robots\" content=\"index, follow, max-snippet:-1, max-image-preview:large, max-video-preview:-1\" \/>\n<link rel=\"canonical\" href=\"https:\/\/balkangreenenergynews.com\/rs\/vlada-srbije-trazi-izvodjaca-radova-za-instaliranje-solarnih-panela-na-tri-svoje-zgrade\/\" \/>\n<meta property=\"og:locale\" content=\"sr_RS\" \/>\n<meta property=\"og:type\" content=\"article\" \/>\n<meta property=\"og:title\" content=\"Vlada Srbije tra\u017ei izvo\u0111a\u010da radova za instaliranje solarnih panela na tri svoje zgrade\" \/>\n<meta property=\"og:description\" content=\"Rok za podno\u0161enje ponuda je 10. avgust, a ugovor sa jednim izabranim ponu\u0111a\u010dem bi\u0107e potpisan na period od dve godine\" \/>\n<meta property=\"og:url\" content=\"https:\/\/balkangreenenergynews.com\/rs\/vlada-srbije-trazi-izvodjaca-radova-za-instaliranje-solarnih-panela-na-tri-svoje-zgrade\/\" \/>\n<meta property=\"og:site_name\" content=\"Balkan Green Energy News\" \/>\n<meta property=\"article:published_time\" content=\"2023-07-27T11:09:44+00:00\" \/>\n<meta property=\"og:image\" content=\"https:\/\/balkangreenenergynews.com\/rs\/wp-content\/uploads\/2023\/07\/vlada-srbije-solarni-paneli-prozjumeri.jpg\" \/>\n\t<meta property=\"og:image:width\" content=\"840\" \/>\n\t<meta property=\"og:image:height\" content=\"430\" \/>\n\t<meta property=\"og:image:type\" content=\"image\/jpeg\" \/>\n<meta name=\"author\" content=\"Vladimir Spasi\u0107\" \/>\n<meta name=\"twitter:card\" content=\"summary_large_image\" \/>\n<meta name=\"twitter:label1\" content=\"\u041d\u0430\u043f\u0438\u0441\u0430\u043d\u043e \u043e\u0434\" \/>\n\t<meta name=\"twitter:data1\" content=\"Vladimir Spasi\u0107\" \/>\n\t<meta name=\"twitter:label2\" content=\"\u041f\u0440\u043e\u0446\u0435\u045a\u0435\u043d\u043e \u0432\u0440\u0435\u043c\u0435 \u0447\u0438\u0442\u0430\u045a\u0430\" \/>\n\t<meta name=\"twitter:data2\" content=\"3 \u043c\u0438\u043d\u0443\u0442\u0430\" \/>\n<script type=\"application\/ld+json\" class=\"yoast-schema-graph\">{\"@context\":\"https:\\\/\\\/schema.org\",\"@graph\":[{\"@type\":\"Article\",\"@id\":\"https:\\\/\\\/balkangreenenergynews.com\\\/rs\\\/vlada-srbije-trazi-izvodjaca-radova-za-instaliranje-solarnih-panela-na-tri-svoje-zgrade\\\/#article\",\"isPartOf\":{\"@id\":\"https:\\\/\\\/balkangreenenergynews.com\\\/rs\\\/vlada-srbije-trazi-izvodjaca-radova-za-instaliranje-solarnih-panela-na-tri-svoje-zgrade\\\/\"},\"author\":{\"name\":\"Vladimir Spasi\u0107\",\"@id\":\"https:\\\/\\\/balkangreenenergynews.com\\\/rs\\\/#\\\/schema\\\/person\\\/99dc721c46113fea22caffad06ef7317\"},\"headline\":\"Vlada Srbije tra\u017ei izvo\u0111a\u010da radova za instaliranje solarnih panela na tri svoje zgrade\",\"datePublished\":\"2023-07-27T11:09:44+00:00\",\"mainEntityOfPage\":{\"@id\":\"https:\\\/\\\/balkangreenenergynews.com\\\/rs\\\/vlada-srbije-trazi-izvodjaca-radova-za-instaliranje-solarnih-panela-na-tri-svoje-zgrade\\\/\"},\"wordCount\":404,\"commentCount\":0,\"image\":{\"@id\":\"https:\\\/\\\/balkangreenenergynews.com\\\/rs\\\/vlada-srbije-trazi-izvodjaca-radova-za-instaliranje-solarnih-panela-na-tri-svoje-zgrade\\\/#primaryimage\"},\"thumbnailUrl\":\"https:\\\/\\\/balkangreenenergynews.com\\\/rs\\\/wp-content\\\/uploads\\\/2023\\\/07\\\/vlada-srbije-solarni-paneli-prozjumeri.jpg?wsr\",\"keywords\":[\"fotonaponske elektrane\",\"investicije\",\"krovne solarne elektrane\",\"prozjumeri\",\"solarne elektrane\",\"tender\"],\"articleSection\":[\"Elektri\u010dna energija\",\"OIE\"],\"inLanguage\":\"sr-RS\",\"potentialAction\":[{\"@type\":\"CommentAction\",\"name\":\"Comment\",\"target\":[\"https:\\\/\\\/balkangreenenergynews.com\\\/rs\\\/vlada-srbije-trazi-izvodjaca-radova-za-instaliranje-solarnih-panela-na-tri-svoje-zgrade\\\/#respond\"]}]},{\"@type\":\"WebPage\",\"@id\":\"https:\\\/\\\/balkangreenenergynews.com\\\/rs\\\/vlada-srbije-trazi-izvodjaca-radova-za-instaliranje-solarnih-panela-na-tri-svoje-zgrade\\\/\",\"url\":\"https:\\\/\\\/balkangreenenergynews.com\\\/rs\\\/vlada-srbije-trazi-izvodjaca-radova-za-instaliranje-solarnih-panela-na-tri-svoje-zgrade\\\/\",\"name\":\"Vlada Srbije tra\u017ei izvo\u0111a\u010da radova za instaliranje solarnih panela na tri svoje zgrade\",\"isPartOf\":{\"@id\":\"https:\\\/\\\/balkangreenenergynews.com\\\/rs\\\/#website\"},\"primaryImageOfPage\":{\"@id\":\"https:\\\/\\\/balkangreenenergynews.com\\\/rs\\\/vlada-srbije-trazi-izvodjaca-radova-za-instaliranje-solarnih-panela-na-tri-svoje-zgrade\\\/#primaryimage\"},\"image\":{\"@id\":\"https:\\\/\\\/balkangreenenergynews.com\\\/rs\\\/vlada-srbije-trazi-izvodjaca-radova-za-instaliranje-solarnih-panela-na-tri-svoje-zgrade\\\/#primaryimage\"},\"thumbnailUrl\":\"https:\\\/\\\/balkangreenenergynews.com\\\/rs\\\/wp-content\\\/uploads\\\/2023\\\/07\\\/vlada-srbije-solarni-paneli-prozjumeri.jpg?wsr\",\"datePublished\":\"2023-07-27T11:09:44+00:00\",\"author\":{\"@id\":\"https:\\\/\\\/balkangreenenergynews.com\\\/rs\\\/#\\\/schema\\\/person\\\/99dc721c46113fea22caffad06ef7317\"},\"description\":\"Rok za podno\u0161enje ponuda je 10. avgust, a ugovor sa jednim izabranim ponu\u0111a\u010dem bi\u0107e potpisan na period od dve godine\",\"breadcrumb\":{\"@id\":\"https:\\\/\\\/balkangreenenergynews.com\\\/rs\\\/vlada-srbije-trazi-izvodjaca-radova-za-instaliranje-solarnih-panela-na-tri-svoje-zgrade\\\/#breadcrumb\"},\"inLanguage\":\"sr-RS\",\"potentialAction\":[{\"@type\":\"ReadAction\",\"target\":[\"https:\\\/\\\/balkangreenenergynews.com\\\/rs\\\/vlada-srbije-trazi-izvodjaca-radova-za-instaliranje-solarnih-panela-na-tri-svoje-zgrade\\\/\"]}]},{\"@type\":\"ImageObject\",\"inLanguage\":\"sr-RS\",\"@id\":\"https:\\\/\\\/balkangreenenergynews.com\\\/rs\\\/vlada-srbije-trazi-izvodjaca-radova-za-instaliranje-solarnih-panela-na-tri-svoje-zgrade\\\/#primaryimage\",\"url\":\"https:\\\/\\\/balkangreenenergynews.com\\\/rs\\\/wp-content\\\/uploads\\\/2023\\\/07\\\/vlada-srbije-solarni-paneli-prozjumeri.jpg?wsr\",\"contentUrl\":\"https:\\\/\\\/balkangreenenergynews.com\\\/rs\\\/wp-content\\\/uploads\\\/2023\\\/07\\\/vlada-srbije-solarni-paneli-prozjumeri.jpg?wsr\",\"width\":840,\"height\":430,\"caption\":\"vlada srbije solarni paneli prozjumeri\"},{\"@type\":\"BreadcrumbList\",\"@id\":\"https:\\\/\\\/balkangreenenergynews.com\\\/rs\\\/vlada-srbije-trazi-izvodjaca-radova-za-instaliranje-solarnih-panela-na-tri-svoje-zgrade\\\/#breadcrumb\",\"itemListElement\":[{\"@type\":\"ListItem\",\"position\":1,\"name\":\"Po\u010detna\",\"item\":\"https:\\\/\\\/balkangreenenergynews.com\\\/rs\\\/\"},{\"@type\":\"ListItem\",\"position\":2,\"name\":\"Vesti\",\"item\":\"https:\\\/\\\/balkangreenenergynews.com\\\/rs\\\/kategorija\\\/vesti\\\/\"},{\"@type\":\"ListItem\",\"position\":3,\"name\":\"OIE\",\"item\":\"https:\\\/\\\/balkangreenenergynews.com\\\/rs\\\/kategorija\\\/vesti\\\/obnovljivi-izvori-energije\\\/\"},{\"@type\":\"ListItem\",\"position\":4,\"name\":\"Vlada Srbije tra\u017ei izvo\u0111a\u010da radova za instaliranje solarnih panela na tri svoje zgrade\"}]},{\"@type\":\"WebSite\",\"@id\":\"https:\\\/\\\/balkangreenenergynews.com\\\/rs\\\/#website\",\"url\":\"https:\\\/\\\/balkangreenenergynews.com\\\/rs\\\/\",\"name\":\"Balkan Green Energy News\",\"description\":\"Naj\u0161iri izbor vesti sa Balkana o zelenoj energiji\",\"potentialAction\":[{\"@type\":\"SearchAction\",\"target\":{\"@type\":\"EntryPoint\",\"urlTemplate\":\"https:\\\/\\\/balkangreenenergynews.com\\\/rs\\\/?s={search_term_string}\"},\"query-input\":{\"@type\":\"PropertyValueSpecification\",\"valueRequired\":true,\"valueName\":\"search_term_string\"}}],\"inLanguage\":\"sr-RS\"},{\"@type\":\"Person\",\"@id\":\"https:\\\/\\\/balkangreenenergynews.com\\\/rs\\\/#\\\/schema\\\/person\\\/99dc721c46113fea22caffad06ef7317\",\"name\":\"Vladimir Spasi\u0107\",\"url\":\"https:\\\/\\\/balkangreenenergynews.com\\\/rs\\\/author\\\/vladimir-spasic\\\/\"}]}<\/script>\n<!-- \/ Yoast SEO plugin. -->","yoast_head_json":{"title":"Vlada Srbije tra\u017ei izvo\u0111a\u010da radova za instaliranje solarnih panela na tri svoje zgrade","description":"Rok za podno\u0161enje ponuda je 10. avgust, a ugovor sa jednim izabranim ponu\u0111a\u010dem bi\u0107e potpisan na period od dve godine","robots":{"index":"index","follow":"follow","max-snippet":"max-snippet:-1","max-image-preview":"max-image-preview:large","max-video-preview":"max-video-preview:-1"},"canonical":"https:\/\/balkangreenenergynews.com\/rs\/vlada-srbije-trazi-izvodjaca-radova-za-instaliranje-solarnih-panela-na-tri-svoje-zgrade\/","og_locale":"sr_RS","og_type":"article","og_title":"Vlada Srbije tra\u017ei izvo\u0111a\u010da radova za instaliranje solarnih panela na tri svoje zgrade","og_description":"Rok za podno\u0161enje ponuda je 10. avgust, a ugovor sa jednim izabranim ponu\u0111a\u010dem bi\u0107e potpisan na period od dve godine","og_url":"https:\/\/balkangreenenergynews.com\/rs\/vlada-srbije-trazi-izvodjaca-radova-za-instaliranje-solarnih-panela-na-tri-svoje-zgrade\/","og_site_name":"Balkan Green Energy News","article_published_time":"2023-07-27T11:09:44+00:00","og_image":[{"width":840,"height":430,"url":"https:\/\/balkangreenenergynews.com\/rs\/wp-content\/uploads\/2023\/07\/vlada-srbije-solarni-paneli-prozjumeri.jpg","type":"image\/jpeg"}],"author":"Vladimir Spasi\u0107","twitter_card":"summary_large_image","twitter_misc":{"\u041d\u0430\u043f\u0438\u0441\u0430\u043d\u043e \u043e\u0434":"Vladimir Spasi\u0107","\u041f\u0440\u043e\u0446\u0435\u045a\u0435\u043d\u043e \u0432\u0440\u0435\u043c\u0435 \u0447\u0438\u0442\u0430\u045a\u0430":"3 \u043c\u0438\u043d\u0443\u0442\u0430"},"schema":{"@context":"https:\/\/schema.org","@graph":[{"@type":"Article","@id":"https:\/\/balkangreenenergynews.com\/rs\/vlada-srbije-trazi-izvodjaca-radova-za-instaliranje-solarnih-panela-na-tri-svoje-zgrade\/#article","isPartOf":{"@id":"https:\/\/balkangreenenergynews.com\/rs\/vlada-srbije-trazi-izvodjaca-radova-za-instaliranje-solarnih-panela-na-tri-svoje-zgrade\/"},"author":{"name":"Vladimir Spasi\u0107","@id":"https:\/\/balkangreenenergynews.com\/rs\/#\/schema\/person\/99dc721c46113fea22caffad06ef7317"},"headline":"Vlada Srbije tra\u017ei izvo\u0111a\u010da radova za instaliranje solarnih panela na tri svoje zgrade","datePublished":"2023-07-27T11:09:44+00:00","mainEntityOfPage":{"@id":"https:\/\/balkangreenenergynews.com\/rs\/vlada-srbije-trazi-izvodjaca-radova-za-instaliranje-solarnih-panela-na-tri-svoje-zgrade\/"},"wordCount":404,"commentCount":0,"image":{"@id":"https:\/\/balkangreenenergynews.com\/rs\/vlada-srbije-trazi-izvodjaca-radova-za-instaliranje-solarnih-panela-na-tri-svoje-zgrade\/#primaryimage"},"thumbnailUrl":"https:\/\/balkangreenenergynews.com\/rs\/wp-content\/uploads\/2023\/07\/vlada-srbije-solarni-paneli-prozjumeri.jpg?wsr","keywords":["fotonaponske elektrane","investicije","krovne solarne elektrane","prozjumeri","solarne elektrane","tender"],"articleSection":["Elektri\u010dna energija","OIE"],"inLanguage":"sr-RS","potentialAction":[{"@type":"CommentAction","name":"Comment","target":["https:\/\/balkangreenenergynews.com\/rs\/vlada-srbije-trazi-izvodjaca-radova-za-instaliranje-solarnih-panela-na-tri-svoje-zgrade\/#respond"]}]},{"@type":"WebPage","@id":"https:\/\/balkangreenenergynews.com\/rs\/vlada-srbije-trazi-izvodjaca-radova-za-instaliranje-solarnih-panela-na-tri-svoje-zgrade\/","url":"https:\/\/balkangreenenergynews.com\/rs\/vlada-srbije-trazi-izvodjaca-radova-za-instaliranje-solarnih-panela-na-tri-svoje-zgrade\/","name":"Vlada Srbije tra\u017ei izvo\u0111a\u010da radova za instaliranje solarnih panela na tri svoje zgrade","isPartOf":{"@id":"https:\/\/balkangreenenergynews.com\/rs\/#website"},"primaryImageOfPage":{"@id":"https:\/\/balkangreenenergynews.com\/rs\/vlada-srbije-trazi-izvodjaca-radova-za-instaliranje-solarnih-panela-na-tri-svoje-zgrade\/#primaryimage"},"image":{"@id":"https:\/\/balkangreenenergynews.com\/rs\/vlada-srbije-trazi-izvodjaca-radova-za-instaliranje-solarnih-panela-na-tri-svoje-zgrade\/#primaryimage"},"thumbnailUrl":"https:\/\/balkangreenenergynews.com\/rs\/wp-content\/uploads\/2023\/07\/vlada-srbije-solarni-paneli-prozjumeri.jpg?wsr","datePublished":"2023-07-27T11:09:44+00:00","author":{"@id":"https:\/\/balkangreenenergynews.com\/rs\/#\/schema\/person\/99dc721c46113fea22caffad06ef7317"},"description":"Rok za podno\u0161enje ponuda je 10. avgust, a ugovor sa jednim izabranim ponu\u0111a\u010dem bi\u0107e potpisan na period od dve godine","breadcrumb":{"@id":"https:\/\/balkangreenenergynews.com\/rs\/vlada-srbije-trazi-izvodjaca-radova-za-instaliranje-solarnih-panela-na-tri-svoje-zgrade\/#breadcrumb"},"inLanguage":"sr-RS","potentialAction":[{"@type":"ReadAction","target":["https:\/\/balkangreenenergynews.com\/rs\/vlada-srbije-trazi-izvodjaca-radova-za-instaliranje-solarnih-panela-na-tri-svoje-zgrade\/"]}]},{"@type":"ImageObject","inLanguage":"sr-RS","@id":"https:\/\/balkangreenenergynews.com\/rs\/vlada-srbije-trazi-izvodjaca-radova-za-instaliranje-solarnih-panela-na-tri-svoje-zgrade\/#primaryimage","url":"https:\/\/balkangreenenergynews.com\/rs\/wp-content\/uploads\/2023\/07\/vlada-srbije-solarni-paneli-prozjumeri.jpg?wsr","contentUrl":"https:\/\/balkangreenenergynews.com\/rs\/wp-content\/uploads\/2023\/07\/vlada-srbije-solarni-paneli-prozjumeri.jpg?wsr","width":840,"height":430,"caption":"vlada srbije solarni paneli prozjumeri"},{"@type":"BreadcrumbList","@id":"https:\/\/balkangreenenergynews.com\/rs\/vlada-srbije-trazi-izvodjaca-radova-za-instaliranje-solarnih-panela-na-tri-svoje-zgrade\/#breadcrumb","itemListElement":[{"@type":"ListItem","position":1,"name":"Po\u010detna","item":"https:\/\/balkangreenenergynews.com\/rs\/"},{"@type":"ListItem","position":2,"name":"Vesti","item":"https:\/\/balkangreenenergynews.com\/rs\/kategorija\/vesti\/"},{"@type":"ListItem","position":3,"name":"OIE","item":"https:\/\/balkangreenenergynews.com\/rs\/kategorija\/vesti\/obnovljivi-izvori-energije\/"},{"@type":"ListItem","position":4,"name":"Vlada Srbije tra\u017ei izvo\u0111a\u010da radova za instaliranje solarnih panela na tri svoje zgrade"}]},{"@type":"WebSite","@id":"https:\/\/balkangreenenergynews.com\/rs\/#website","url":"https:\/\/balkangreenenergynews.com\/rs\/","name":"Balkan Green Energy News","description":"Naj\u0161iri izbor vesti sa Balkana o zelenoj energiji","potentialAction":[{"@type":"SearchAction","target":{"@type":"EntryPoint","urlTemplate":"https:\/\/balkangreenenergynews.com\/rs\/?s={search_term_string}"},"query-input":{"@type":"PropertyValueSpecification","valueRequired":true,"valueName":"search_term_string"}}],"inLanguage":"sr-RS"},{"@type":"Person","@id":"https:\/\/balkangreenenergynews.com\/rs\/#\/schema\/person\/99dc721c46113fea22caffad06ef7317","name":"Vladimir Spasi\u0107","url":"https:\/\/balkangreenenergynews.com\/rs\/author\/vladimir-spasic\/"}]}},"_links":{"self":[{"href":"https:\/\/balkangreenenergynews.com\/rs\/wp-json\/wp\/v2\/posts\/61125","targetHints":{"allow":["GET"]}}],"collection":[{"href":"https:\/\/balkangreenenergynews.com\/rs\/wp-json\/wp\/v2\/posts"}],"about":[{"href":"https:\/\/balkangreenenergynews.com\/rs\/wp-json\/wp\/v2\/types\/post"}],"author":[{"embeddable":true,"href":"https:\/\/balkangreenenergynews.com\/rs\/wp-json\/wp\/v2\/users\/23"}],"replies":[{"embeddable":true,"href":"https:\/\/balkangreenenergynews.com\/rs\/wp-json\/wp\/v2\/comments?post=61125"}],"version-history":[{"count":0,"href":"https:\/\/balkangreenenergynews.com\/rs\/wp-json\/wp\/v2\/posts\/61125\/revisions"}],"wp:featuredmedia":[{"embeddable":true,"href":"https:\/\/balkangreenenergynews.com\/rs\/wp-json\/wp\/v2\/media\/61129"}],"wp:attachment":[{"href":"https:\/\/balkangreenenergynews.com\/rs\/wp-json\/wp\/v2\/media?parent=61125"}],"wp:term":[{"taxonomy":"category","embeddable":true,"href":"https:\/\/balkangreenenergynews.com\/rs\/wp-json\/wp\/v2\/categories?post=61125"},{"taxonomy":"post_tag","embeddable":true,"href":"https:\/\/balkangreenenergynews.com\/rs\/wp-json\/wp\/v2\/tags?post=61125"}],"curies":[{"name":"wp","href":"https:\/\/api.w.org\/{rel}","templated":true}]}}