{"id":60265,"date":"2023-06-27T13:32:38","date_gmt":"2023-06-27T11:32:38","guid":{"rendered":"https:\/\/balkangreenenergynews.com\/rs\/?p=60265"},"modified":"2023-06-29T09:47:13","modified_gmt":"2023-06-29T07:47:13","slug":"dan-dunava-odrzimo-dunav-plavim","status":"publish","type":"post","link":"https:\/\/balkangreenenergynews.com\/rs\/dan-dunava-odrzimo-dunav-plavim\/","title":{"rendered":"Dan Dunava: Odr\u017eimo Dunav plavim"},"content":{"rendered":"<h2>Dan Dunava je manifestacija posve\u0107ena drugoj reci po du\u017eini u Evropi. Obele\u017eava se svakog 29. juna, po\u010dev od 2004. godine, u 14 zemalja potpisnica Me\u0111unarodne konvencije o saradnji na za\u0161titi i odr\u017eivom kori\u0161\u0107enju reke Dunav.<\/h2>\n<p>Dunav izvire na planini \u0160varcvald u Nema\u010dkoj. Na svom putu do Crnog mora, prolazi kroz 10 zemalja. \u010cetiri prestonice nalaze se na obalama ove reke: Be\u010d, Bratislava, Budimpe\u0161ta i Beograd, a u njegovom slivu \u017eivi preko 80 miliona ljudi. <a href=\"https:\/\/balkangreenenergynews.com\/rs\/svaki-dan-je-dan-dunava-znacaj-priobalja-i-bogatstvo-reke\/\">Dunav<\/a> je stani\u0161te za preko 2.000 biljnih i vi\u0161e od 5.000 \u017eivotinjskih vrsta.<\/p>\n<blockquote><p>Tema ovogodi\u0161nje manifestacije je: \u201eOdr\u017eimo Dunav plavim\u201c<\/p><\/blockquote>\n<p>Cilj manifestacije je podizanje svesti o zna\u010daju o\u010duvanja reke, ali i apel za racionalnu upotrebu vodnih resursa. Tema ovogodi\u0161nje manifestacije je \u201eOdr\u017eimo Dunav plavim\u201c, inspirisana \u010detvrtim Zajedni\u010dkim istra\u017eivanjem Dunava (JDS4), jednim od najsveobuhvatnijih napora za pra\u0107enje povr\u0161inskih voda u svetu. Prethodna tri istra\u017eivanja su sprovedena 2001, 2007, 2013. godine. \u010cetvrto istra\u017eivanje je zapo\u010deto 2019, a prvi rezultati su predstavljeni 2021. godine.<\/p>\n<p>Svrha JDS4 jeste da pru\u017ei pouzdane i uporedive informacije o odabranim elementima kvaliteta vode \u010ditavom du\u017einom Dunava i njegovih glavnih pritoka kako bi se procedure i praksa pra\u0107enja uskladile sa Okvirnom direktivom EU o vodama.<\/p>\n<h3>Dan Dunava u Srbiji<\/h3>\n<p>Manifestacije povodom <a href=\"https:\/\/danubeday.org\/\">Dana Dunava<\/a> organizuju se u ve\u0107em broju gradova u Srbiji. Kroz niz aktivnosti gra\u0111anima se pru\u017eaju informacije o stanju vode Dunava i sa njim povezanih ekosistema.<\/p>\n<p>Ovi skupovi treba da motivi\u0161u gra\u0111ane da se uklju\u010de u pobolj\u0161avanje kvaliteta vode. Kroz mno\u0161tvo sportskih i likovnih takmi\u010denja, izlo\u017ebi, predavanja u prirodi i drugih aktivnosti skre\u0107e se pa\u017enja na zna\u010daj o\u010duvanja Dunava i svih njegovih pritoka.<\/p>\n<p>Javno preduze\u0107e Srbijavode organizova\u0107e \u010di\u0161\u0107enje obale reke u Beogradu. Tako\u0111e, planirane su radionice ekolo\u0161ke svesti i predavanja za decu u osnovnim i srednjim \u0161kolama, kao i sportske igre, slikarske radionice i druge prate\u0107e aktivnosti.<\/p>\n<p>Turisti\u010dka organizacija Golubac i Narodna biblioteka Veljko Dugo\u0161evi\u0107 organizuju umetni\u010dko-kulturni program povodom Me\u0111unarodnog dana Dunava u trajanju od dva dana. Prvog dana, 28. juna, bi\u0107e organizovana izlo\u017eba \u201eDunav-moja pri\u010da\u201c Ivana Grli\u0107a i koncert me\u0161ovitog hora kulturnog centra iz Po\u017earevca. Za slede\u0107i dan je najavljen koncert grupe Glasovi iz unutra\u0161njosti.<\/p>\n<blockquote><p>Od 21. juna do 30 juna organizovana je 13. me\u0111unarodna regata \u201eVode Vojvodine\u201c<\/p><\/blockquote>\n<p>Od 21. juna do 30. juna traje 13. me\u0111unarodna regata \u201eVode Vojvodine\u201c. Iz Novog Sada je isplovilo 300 regata\u0161a. Za devet dana plovidbe bi\u0107e pre\u0111ena mar\u0161ruta od 250 kilometara po Dunavu, njegovim pritokama i kanalima. Cilj regate je promocija plovidbenog potencijala Vojvodine i nauti\u010dkog turizma. Regata \u0107e 29. juna sti\u0107i do novosadskog kupali\u0161ta \u0160trand, gde \u0107e biti organizovan zabavno-edukativni program.<\/p>\n<blockquote><p>Vodu lo\u0161eg kvaliteta ne mo\u017eemo da zamenimo<\/p><\/blockquote>\n<p>Pro\u0161log prole\u0107a, profesor hemije <a href=\"https:\/\/balkangreenenergynews.com\/rs\/profesor-fat-fosilna-goriva-mozemo-zameniti-zelenom-energijom-voda-nema-zamenu\/\">Andreas Fat<\/a> sa univerziteta HFU u Furtvangenu otplivao je celokupnom du\u017einom Dunava od \u0160varcvalda do u\u0161\u0107a da uka\u017ee na opasnost od zaga\u0111ivanja vode i nadahne ljude da \u0161tite reku i njen biodiverzitet. &#8222;Nau\u010dnici sada treba da budu aktivisti. Mo\u017eemo mi da zamenimo fosilna goriva energijom iz obnovljivih izvora, ali zaga\u0111enu i vodu lo\u0161eg kvaliteta ne mo\u017eemo\u201c, rekao je za Balkan Green Energy News u oktobru u Beogradu na projekciji dokumentarca o svom poduhvatu.<\/p>\n","protected":false},"excerpt":{"rendered":"<p>Dan Dunava se obele\u017eava svakog 29. juna, po\u010dev od 2004. godine u 14 zemalja Evrope. Ovogodi\u0161nja tema je &#8222;O\u010duvajmo Dunav plavim&#8220;.<\/p>\n","protected":false},"author":34,"featured_media":60266,"comment_status":"open","ping_status":"open","sticky":false,"template":"","format":"standard","meta":{"_acf_changed":false,"_monsterinsights_skip_tracking":false,"_monsterinsights_sitenote_active":false,"_monsterinsights_sitenote_note":"","_monsterinsights_sitenote_category":0,"footnotes":""},"categories":[6,4],"tags":[6438,6173,6437],"class_list":["post-60265","post","type-post","status-publish","format-standard","has-post-thumbnail","hentry","category-voda","category-zivotna-sredina","tag-dan-dunava","tag-dunav","tag-medjunarodni-dan-dunava","country-regioneu","country-srbija"],"acf":[],"yoast_head":"<!-- This site is optimized with the Yoast SEO plugin v27.4 - https:\/\/yoast.com\/product\/yoast-seo-wordpress\/ -->\n<title>Dan Dunava: Odr\u017eimo Dunav plavim<\/title>\n<meta name=\"description\" content=\"Dan Dunava se obele\u017eava svakog 29. juna, po\u010dev od 2004. godine u 14 zemalja Evrope. Ovogodi\u0161nja tema je &quot;O\u010duvajmo Dunav plavim&quot;.\" \/>\n<meta name=\"robots\" content=\"index, follow, max-snippet:-1, max-image-preview:large, max-video-preview:-1\" \/>\n<link rel=\"canonical\" href=\"https:\/\/balkangreenenergynews.com\/rs\/dan-dunava-odrzimo-dunav-plavim\/\" \/>\n<meta property=\"og:locale\" content=\"sr_RS\" \/>\n<meta property=\"og:type\" content=\"article\" \/>\n<meta property=\"og:title\" content=\"Dan Dunava: Odr\u017eimo Dunav plavim\" \/>\n<meta property=\"og:description\" content=\"Dan Dunava se obele\u017eava svakog 29. juna, po\u010dev od 2004. godine u 14 zemalja Evrope. Ovogodi\u0161nja tema je &quot;O\u010duvajmo Dunav plavim&quot;.\" \/>\n<meta property=\"og:url\" content=\"https:\/\/balkangreenenergynews.com\/rs\/dan-dunava-odrzimo-dunav-plavim\/\" \/>\n<meta property=\"og:site_name\" content=\"Balkan Green Energy News\" \/>\n<meta property=\"article:published_time\" content=\"2023-06-27T11:32:38+00:00\" \/>\n<meta property=\"article:modified_time\" content=\"2023-06-29T07:47:13+00:00\" \/>\n<meta property=\"og:image\" content=\"https:\/\/balkangreenenergynews.com\/rs\/wp-content\/uploads\/2023\/06\/Dan-Dunava-Ocuvajmo-Dunav-plavim.jpg\" \/>\n\t<meta property=\"og:image:width\" content=\"840\" \/>\n\t<meta property=\"og:image:height\" content=\"430\" \/>\n\t<meta property=\"og:image:type\" content=\"image\/jpeg\" \/>\n<meta name=\"author\" content=\"Jelisaveta Peri\u0161i\u0107\" \/>\n<meta name=\"twitter:card\" content=\"summary_large_image\" \/>\n<meta name=\"twitter:label1\" content=\"\u041d\u0430\u043f\u0438\u0441\u0430\u043d\u043e \u043e\u0434\" \/>\n\t<meta name=\"twitter:data1\" content=\"Jelisaveta Peri\u0161i\u0107\" \/>\n\t<meta name=\"twitter:label2\" content=\"\u041f\u0440\u043e\u0446\u0435\u045a\u0435\u043d\u043e \u0432\u0440\u0435\u043c\u0435 \u0447\u0438\u0442\u0430\u045a\u0430\" \/>\n\t<meta name=\"twitter:data2\" content=\"3 \u043c\u0438\u043d\u0443\u0442\u0430\" \/>\n<script type=\"application\/ld+json\" class=\"yoast-schema-graph\">{\"@context\":\"https:\\\/\\\/schema.org\",\"@graph\":[{\"@type\":\"Article\",\"@id\":\"https:\\\/\\\/balkangreenenergynews.com\\\/rs\\\/dan-dunava-odrzimo-dunav-plavim\\\/#article\",\"isPartOf\":{\"@id\":\"https:\\\/\\\/balkangreenenergynews.com\\\/rs\\\/dan-dunava-odrzimo-dunav-plavim\\\/\"},\"author\":{\"name\":\"Jelisaveta Peri\u0161i\u0107\",\"@id\":\"https:\\\/\\\/balkangreenenergynews.com\\\/rs\\\/#\\\/schema\\\/person\\\/4b3c5831bbc05a72630d12560df2b3f8\"},\"headline\":\"Dan Dunava: Odr\u017eimo Dunav plavim\",\"datePublished\":\"2023-06-27T11:32:38+00:00\",\"dateModified\":\"2023-06-29T07:47:13+00:00\",\"mainEntityOfPage\":{\"@id\":\"https:\\\/\\\/balkangreenenergynews.com\\\/rs\\\/dan-dunava-odrzimo-dunav-plavim\\\/\"},\"wordCount\":565,\"commentCount\":0,\"image\":{\"@id\":\"https:\\\/\\\/balkangreenenergynews.com\\\/rs\\\/dan-dunava-odrzimo-dunav-plavim\\\/#primaryimage\"},\"thumbnailUrl\":\"https:\\\/\\\/balkangreenenergynews.com\\\/rs\\\/wp-content\\\/uploads\\\/2023\\\/06\\\/Dan-Dunava-Ocuvajmo-Dunav-plavim.jpg?wsr\",\"keywords\":[\"Dan Dunava\",\"Dunav\",\"Me\u0111unarodni dan Dunava\"],\"articleSection\":[\"Voda\",\"\u017divotna sredina\"],\"inLanguage\":\"sr-RS\",\"potentialAction\":[{\"@type\":\"CommentAction\",\"name\":\"Comment\",\"target\":[\"https:\\\/\\\/balkangreenenergynews.com\\\/rs\\\/dan-dunava-odrzimo-dunav-plavim\\\/#respond\"]}]},{\"@type\":\"WebPage\",\"@id\":\"https:\\\/\\\/balkangreenenergynews.com\\\/rs\\\/dan-dunava-odrzimo-dunav-plavim\\\/\",\"url\":\"https:\\\/\\\/balkangreenenergynews.com\\\/rs\\\/dan-dunava-odrzimo-dunav-plavim\\\/\",\"name\":\"Dan Dunava: Odr\u017eimo Dunav plavim\",\"isPartOf\":{\"@id\":\"https:\\\/\\\/balkangreenenergynews.com\\\/rs\\\/#website\"},\"primaryImageOfPage\":{\"@id\":\"https:\\\/\\\/balkangreenenergynews.com\\\/rs\\\/dan-dunava-odrzimo-dunav-plavim\\\/#primaryimage\"},\"image\":{\"@id\":\"https:\\\/\\\/balkangreenenergynews.com\\\/rs\\\/dan-dunava-odrzimo-dunav-plavim\\\/#primaryimage\"},\"thumbnailUrl\":\"https:\\\/\\\/balkangreenenergynews.com\\\/rs\\\/wp-content\\\/uploads\\\/2023\\\/06\\\/Dan-Dunava-Ocuvajmo-Dunav-plavim.jpg?wsr\",\"datePublished\":\"2023-06-27T11:32:38+00:00\",\"dateModified\":\"2023-06-29T07:47:13+00:00\",\"author\":{\"@id\":\"https:\\\/\\\/balkangreenenergynews.com\\\/rs\\\/#\\\/schema\\\/person\\\/4b3c5831bbc05a72630d12560df2b3f8\"},\"description\":\"Dan Dunava se obele\u017eava svakog 29. juna, po\u010dev od 2004. godine u 14 zemalja Evrope. Ovogodi\u0161nja tema je \\\"O\u010duvajmo Dunav plavim\\\".\",\"breadcrumb\":{\"@id\":\"https:\\\/\\\/balkangreenenergynews.com\\\/rs\\\/dan-dunava-odrzimo-dunav-plavim\\\/#breadcrumb\"},\"inLanguage\":\"sr-RS\",\"potentialAction\":[{\"@type\":\"ReadAction\",\"target\":[\"https:\\\/\\\/balkangreenenergynews.com\\\/rs\\\/dan-dunava-odrzimo-dunav-plavim\\\/\"]}]},{\"@type\":\"ImageObject\",\"inLanguage\":\"sr-RS\",\"@id\":\"https:\\\/\\\/balkangreenenergynews.com\\\/rs\\\/dan-dunava-odrzimo-dunav-plavim\\\/#primaryimage\",\"url\":\"https:\\\/\\\/balkangreenenergynews.com\\\/rs\\\/wp-content\\\/uploads\\\/2023\\\/06\\\/Dan-Dunava-Ocuvajmo-Dunav-plavim.jpg?wsr\",\"contentUrl\":\"https:\\\/\\\/balkangreenenergynews.com\\\/rs\\\/wp-content\\\/uploads\\\/2023\\\/06\\\/Dan-Dunava-Ocuvajmo-Dunav-plavim.jpg?wsr\",\"width\":840,\"height\":430,\"caption\":\"Dan Dunava, Ocuvajmo Dunav plavim\"},{\"@type\":\"BreadcrumbList\",\"@id\":\"https:\\\/\\\/balkangreenenergynews.com\\\/rs\\\/dan-dunava-odrzimo-dunav-plavim\\\/#breadcrumb\",\"itemListElement\":[{\"@type\":\"ListItem\",\"position\":1,\"name\":\"Po\u010detna\",\"item\":\"https:\\\/\\\/balkangreenenergynews.com\\\/rs\\\/\"},{\"@type\":\"ListItem\",\"position\":2,\"name\":\"Vesti\",\"item\":\"https:\\\/\\\/balkangreenenergynews.com\\\/rs\\\/kategorija\\\/vesti\\\/\"},{\"@type\":\"ListItem\",\"position\":3,\"name\":\"Voda\",\"item\":\"https:\\\/\\\/balkangreenenergynews.com\\\/rs\\\/kategorija\\\/vesti\\\/voda\\\/\"},{\"@type\":\"ListItem\",\"position\":4,\"name\":\"Dan Dunava: Odr\u017eimo Dunav plavim\"}]},{\"@type\":\"WebSite\",\"@id\":\"https:\\\/\\\/balkangreenenergynews.com\\\/rs\\\/#website\",\"url\":\"https:\\\/\\\/balkangreenenergynews.com\\\/rs\\\/\",\"name\":\"Balkan Green Energy News\",\"description\":\"Naj\u0161iri izbor vesti sa Balkana o zelenoj energiji\",\"potentialAction\":[{\"@type\":\"SearchAction\",\"target\":{\"@type\":\"EntryPoint\",\"urlTemplate\":\"https:\\\/\\\/balkangreenenergynews.com\\\/rs\\\/?s={search_term_string}\"},\"query-input\":{\"@type\":\"PropertyValueSpecification\",\"valueRequired\":true,\"valueName\":\"search_term_string\"}}],\"inLanguage\":\"sr-RS\"},{\"@type\":\"Person\",\"@id\":\"https:\\\/\\\/balkangreenenergynews.com\\\/rs\\\/#\\\/schema\\\/person\\\/4b3c5831bbc05a72630d12560df2b3f8\",\"name\":\"Jelisaveta Peri\u0161i\u0107\",\"url\":\"https:\\\/\\\/balkangreenenergynews.com\\\/rs\\\/author\\\/jelisavet-perisic\\\/\"}]}<\/script>\n<!-- \/ Yoast SEO plugin. -->","yoast_head_json":{"title":"Dan Dunava: Odr\u017eimo Dunav plavim","description":"Dan Dunava se obele\u017eava svakog 29. juna, po\u010dev od 2004. godine u 14 zemalja Evrope. Ovogodi\u0161nja tema je \"O\u010duvajmo Dunav plavim\".","robots":{"index":"index","follow":"follow","max-snippet":"max-snippet:-1","max-image-preview":"max-image-preview:large","max-video-preview":"max-video-preview:-1"},"canonical":"https:\/\/balkangreenenergynews.com\/rs\/dan-dunava-odrzimo-dunav-plavim\/","og_locale":"sr_RS","og_type":"article","og_title":"Dan Dunava: Odr\u017eimo Dunav plavim","og_description":"Dan Dunava se obele\u017eava svakog 29. juna, po\u010dev od 2004. godine u 14 zemalja Evrope. Ovogodi\u0161nja tema je \"O\u010duvajmo Dunav plavim\".","og_url":"https:\/\/balkangreenenergynews.com\/rs\/dan-dunava-odrzimo-dunav-plavim\/","og_site_name":"Balkan Green Energy News","article_published_time":"2023-06-27T11:32:38+00:00","article_modified_time":"2023-06-29T07:47:13+00:00","og_image":[{"width":840,"height":430,"url":"https:\/\/balkangreenenergynews.com\/rs\/wp-content\/uploads\/2023\/06\/Dan-Dunava-Ocuvajmo-Dunav-plavim.jpg","type":"image\/jpeg"}],"author":"Jelisaveta Peri\u0161i\u0107","twitter_card":"summary_large_image","twitter_misc":{"\u041d\u0430\u043f\u0438\u0441\u0430\u043d\u043e \u043e\u0434":"Jelisaveta Peri\u0161i\u0107","\u041f\u0440\u043e\u0446\u0435\u045a\u0435\u043d\u043e \u0432\u0440\u0435\u043c\u0435 \u0447\u0438\u0442\u0430\u045a\u0430":"3 \u043c\u0438\u043d\u0443\u0442\u0430"},"schema":{"@context":"https:\/\/schema.org","@graph":[{"@type":"Article","@id":"https:\/\/balkangreenenergynews.com\/rs\/dan-dunava-odrzimo-dunav-plavim\/#article","isPartOf":{"@id":"https:\/\/balkangreenenergynews.com\/rs\/dan-dunava-odrzimo-dunav-plavim\/"},"author":{"name":"Jelisaveta Peri\u0161i\u0107","@id":"https:\/\/balkangreenenergynews.com\/rs\/#\/schema\/person\/4b3c5831bbc05a72630d12560df2b3f8"},"headline":"Dan Dunava: Odr\u017eimo Dunav plavim","datePublished":"2023-06-27T11:32:38+00:00","dateModified":"2023-06-29T07:47:13+00:00","mainEntityOfPage":{"@id":"https:\/\/balkangreenenergynews.com\/rs\/dan-dunava-odrzimo-dunav-plavim\/"},"wordCount":565,"commentCount":0,"image":{"@id":"https:\/\/balkangreenenergynews.com\/rs\/dan-dunava-odrzimo-dunav-plavim\/#primaryimage"},"thumbnailUrl":"https:\/\/balkangreenenergynews.com\/rs\/wp-content\/uploads\/2023\/06\/Dan-Dunava-Ocuvajmo-Dunav-plavim.jpg?wsr","keywords":["Dan Dunava","Dunav","Me\u0111unarodni dan Dunava"],"articleSection":["Voda","\u017divotna sredina"],"inLanguage":"sr-RS","potentialAction":[{"@type":"CommentAction","name":"Comment","target":["https:\/\/balkangreenenergynews.com\/rs\/dan-dunava-odrzimo-dunav-plavim\/#respond"]}]},{"@type":"WebPage","@id":"https:\/\/balkangreenenergynews.com\/rs\/dan-dunava-odrzimo-dunav-plavim\/","url":"https:\/\/balkangreenenergynews.com\/rs\/dan-dunava-odrzimo-dunav-plavim\/","name":"Dan Dunava: Odr\u017eimo Dunav plavim","isPartOf":{"@id":"https:\/\/balkangreenenergynews.com\/rs\/#website"},"primaryImageOfPage":{"@id":"https:\/\/balkangreenenergynews.com\/rs\/dan-dunava-odrzimo-dunav-plavim\/#primaryimage"},"image":{"@id":"https:\/\/balkangreenenergynews.com\/rs\/dan-dunava-odrzimo-dunav-plavim\/#primaryimage"},"thumbnailUrl":"https:\/\/balkangreenenergynews.com\/rs\/wp-content\/uploads\/2023\/06\/Dan-Dunava-Ocuvajmo-Dunav-plavim.jpg?wsr","datePublished":"2023-06-27T11:32:38+00:00","dateModified":"2023-06-29T07:47:13+00:00","author":{"@id":"https:\/\/balkangreenenergynews.com\/rs\/#\/schema\/person\/4b3c5831bbc05a72630d12560df2b3f8"},"description":"Dan Dunava se obele\u017eava svakog 29. juna, po\u010dev od 2004. godine u 14 zemalja Evrope. Ovogodi\u0161nja tema je \"O\u010duvajmo Dunav plavim\".","breadcrumb":{"@id":"https:\/\/balkangreenenergynews.com\/rs\/dan-dunava-odrzimo-dunav-plavim\/#breadcrumb"},"inLanguage":"sr-RS","potentialAction":[{"@type":"ReadAction","target":["https:\/\/balkangreenenergynews.com\/rs\/dan-dunava-odrzimo-dunav-plavim\/"]}]},{"@type":"ImageObject","inLanguage":"sr-RS","@id":"https:\/\/balkangreenenergynews.com\/rs\/dan-dunava-odrzimo-dunav-plavim\/#primaryimage","url":"https:\/\/balkangreenenergynews.com\/rs\/wp-content\/uploads\/2023\/06\/Dan-Dunava-Ocuvajmo-Dunav-plavim.jpg?wsr","contentUrl":"https:\/\/balkangreenenergynews.com\/rs\/wp-content\/uploads\/2023\/06\/Dan-Dunava-Ocuvajmo-Dunav-plavim.jpg?wsr","width":840,"height":430,"caption":"Dan Dunava, Ocuvajmo Dunav plavim"},{"@type":"BreadcrumbList","@id":"https:\/\/balkangreenenergynews.com\/rs\/dan-dunava-odrzimo-dunav-plavim\/#breadcrumb","itemListElement":[{"@type":"ListItem","position":1,"name":"Po\u010detna","item":"https:\/\/balkangreenenergynews.com\/rs\/"},{"@type":"ListItem","position":2,"name":"Vesti","item":"https:\/\/balkangreenenergynews.com\/rs\/kategorija\/vesti\/"},{"@type":"ListItem","position":3,"name":"Voda","item":"https:\/\/balkangreenenergynews.com\/rs\/kategorija\/vesti\/voda\/"},{"@type":"ListItem","position":4,"name":"Dan Dunava: Odr\u017eimo Dunav plavim"}]},{"@type":"WebSite","@id":"https:\/\/balkangreenenergynews.com\/rs\/#website","url":"https:\/\/balkangreenenergynews.com\/rs\/","name":"Balkan Green Energy News","description":"Naj\u0161iri izbor vesti sa Balkana o zelenoj energiji","potentialAction":[{"@type":"SearchAction","target":{"@type":"EntryPoint","urlTemplate":"https:\/\/balkangreenenergynews.com\/rs\/?s={search_term_string}"},"query-input":{"@type":"PropertyValueSpecification","valueRequired":true,"valueName":"search_term_string"}}],"inLanguage":"sr-RS"},{"@type":"Person","@id":"https:\/\/balkangreenenergynews.com\/rs\/#\/schema\/person\/4b3c5831bbc05a72630d12560df2b3f8","name":"Jelisaveta Peri\u0161i\u0107","url":"https:\/\/balkangreenenergynews.com\/rs\/author\/jelisavet-perisic\/"}]}},"_links":{"self":[{"href":"https:\/\/balkangreenenergynews.com\/rs\/wp-json\/wp\/v2\/posts\/60265","targetHints":{"allow":["GET"]}}],"collection":[{"href":"https:\/\/balkangreenenergynews.com\/rs\/wp-json\/wp\/v2\/posts"}],"about":[{"href":"https:\/\/balkangreenenergynews.com\/rs\/wp-json\/wp\/v2\/types\/post"}],"author":[{"embeddable":true,"href":"https:\/\/balkangreenenergynews.com\/rs\/wp-json\/wp\/v2\/users\/34"}],"replies":[{"embeddable":true,"href":"https:\/\/balkangreenenergynews.com\/rs\/wp-json\/wp\/v2\/comments?post=60265"}],"version-history":[{"count":0,"href":"https:\/\/balkangreenenergynews.com\/rs\/wp-json\/wp\/v2\/posts\/60265\/revisions"}],"wp:featuredmedia":[{"embeddable":true,"href":"https:\/\/balkangreenenergynews.com\/rs\/wp-json\/wp\/v2\/media\/60266"}],"wp:attachment":[{"href":"https:\/\/balkangreenenergynews.com\/rs\/wp-json\/wp\/v2\/media?parent=60265"}],"wp:term":[{"taxonomy":"category","embeddable":true,"href":"https:\/\/balkangreenenergynews.com\/rs\/wp-json\/wp\/v2\/categories?post=60265"},{"taxonomy":"post_tag","embeddable":true,"href":"https:\/\/balkangreenenergynews.com\/rs\/wp-json\/wp\/v2\/tags?post=60265"}],"curies":[{"name":"wp","href":"https:\/\/api.w.org\/{rel}","templated":true}]}}