{"id":59812,"date":"2023-06-14T16:14:50","date_gmt":"2023-06-14T14:14:50","guid":{"rendered":"https:\/\/balkangreenenergynews.com\/rs\/?p=59812"},"modified":"2023-06-14T16:14:50","modified_gmt":"2023-06-14T14:14:50","slug":"najveci-crnogorski-trgovinski-lanac-instalirace-solarne-elektrane-snage-4-mw","status":"publish","type":"post","link":"https:\/\/balkangreenenergynews.com\/rs\/najveci-crnogorski-trgovinski-lanac-instalirace-solarne-elektrane-snage-4-mw\/","title":{"rendered":"Najve\u0107i crnogorski trgovinski lanac instalira\u0107e solarne elektrane snage 4 MW"},"content":{"rendered":"<h2>Najve\u0107i crnogorski maloprodajni lanac Voli investira\u0107e 4,5 miliona evra u instaliranje solarnih panela u svojim radnjama i distributivnom centru.<\/h2>\n<p>Voli je ve\u0107 i raspisao javni poziv za izvo\u0111a\u010da koji \u0107e izgraditi solarnu elektranu sange 2 MW. Kompanija planira da instalira solarne panele snage 4 MW.<\/p>\n<p>Investicija od 4,5 miliona evra bi\u0107e finansirana kreditom Everopske banke za obnovu i razvoj (EBRD) od \u010detiri miliona evra i sredstvima crnogorske kompanije od pola miliona evra.<\/p>\n<blockquote><p>Trgovinski lanac je ve\u0107 objavio prvi javni poziv za elektranu snage 2 MW<\/p><\/blockquote>\n<p>Banka je navela da je kredit odobren za potrebe kupovine i ugradnje solarnih panela u svim radnjama i distributivnom centru.<\/p>\n<p>Kompanija \u0107e ugraditi krovne solarne fotonaponske sistema kako bi obezbedila deo elektri\u010dne energije koju sada tro\u0161i. Fotonaponski paneli \u0107e biti locirani na 11 razli\u010ditih lokacija, na kojima \u0107e objekti Volija biti direktno snabdevani obnovljivom energijom, navodi se u projektu.<\/p>\n<p>Deo planiranih sredstava za investicije \u0107e se iskoristiti za finansiranje instalacije punja\u010da za elektri\u010dna vozila, \u010dime \u0107e se podr\u017eati prelazak na transport sa niskim udelom ugljenika.<\/p>\n<blockquote><p>Voli obezbe\u0111uje snabdevanje svojih trgovina za decenije koje dolaze<\/p><\/blockquote>\n<p>Instalacija solarnih panela \u0107e, kako se navodi, smanjiti operativne tro\u0161kove kompanije, zbog smanjenja kupovine elektri\u010dne energije, pru\u017eiti za\u0161titu od nestabilnih i sve ve\u0107ih tro\u0161kova energije.<\/p>\n<p>Voli je objavio i prvi <a href=\"https:\/\/kompanija.voli.me\/javni-poziv\/?fbclid=IwAR2413QWzPJ7iUC1BGCFH-YlIViRbaG2frLZf_AQJ1yO5q7iNx5AzmRzaGE\">javni poziv<\/a> za instaliranje solarne elektrane snage 2 MW na krovovima logisti\u010dko-distributivno otkupnog centra (LDC) kod POdgorice. Tra\u017ei se izvo\u0111a\u010d po modelu \u201cklju\u010d u ruke\u201d za isporuku opreme, izvo\u0111enje radova i pu\u0161tanje u rad elektrane.<\/p>\n<p>\u0160ef EBRD-a za Crnu Goru Remon Zakaria izjavio je da je Voli doneo je jo\u0161 jednu sjajnu odluku da svoje moderne maloprodajne objekte snabdeva sopstvenom solarnom energijom, obezbe\u0111ujuc\u0301i njihovo snabdevanje energijom za decenije koje dolaze.<\/p>\n<p>Voli, prema re\u010dima njegovog predsednika Dragana Bokana, planira da u narednim godinama razvija sve vi\u0161e projekata koji imaju za cilj energetsku efikasnost. &#8222;Kao veliki potro\u0161a\u010d elektri\u010dne energije, na\u0161e ulaganje u izgradnju solarnih panela doprinec\u0301e smanjenju zaga\u0111enja i za\u0161titi \u017eivotne sredine smanjenjem emisija ugljen-dioksida&#8220;, dodao je on.<\/p>\n","protected":false},"excerpt":{"rendered":"<p>Planirano je i instaliranje stanica za punjenje elektri\u010dnih vozila, \u010dime \u0107e se podr\u017eati prelazak na transport sa niskim udelom ugljenika<\/p>\n","protected":false},"author":23,"featured_media":59814,"comment_status":"open","ping_status":"open","sticky":false,"template":"","format":"standard","meta":{"_acf_changed":false,"_monsterinsights_skip_tracking":false,"_monsterinsights_sitenote_active":false,"_monsterinsights_sitenote_note":"","_monsterinsights_sitenote_category":0,"footnotes":""},"categories":[504,1],"tags":[2056,3279,2335,897,652,1144,5837,2625,1890],"class_list":["post-59812","post","type-post","status-publish","format-standard","has-post-thumbnail","hentry","category-elektricna-energija","category-obnovljivi-izvori-energije","tag-cena-elektricne-energije","tag-dekarbonizacija","tag-emisije","tag-fotonaponski-sistemi","tag-investicije","tag-kredit","tag-krovne-solarne-elektrane","tag-punjaci-za-elektricna-vozila","tag-solarne-elektrane","country-crna-gora"],"acf":[],"yoast_head":"<!-- This site is optimized with the Yoast SEO plugin v27.4 - https:\/\/yoast.com\/product\/yoast-seo-wordpress\/ -->\n<title>Najve\u0107i crnogorski trgovinski lanac instalira\u0107e solarne elektrane snage 4 MW<\/title>\n<meta name=\"description\" content=\"Planirano je i instaliranje stanica za punjenje elektri\u010dnih vozila, \u010dime \u0107e se podr\u017eati prelazak na transport sa niskim udelom ugljenika\" \/>\n<meta name=\"robots\" content=\"index, follow, max-snippet:-1, max-image-preview:large, max-video-preview:-1\" \/>\n<link rel=\"canonical\" href=\"https:\/\/balkangreenenergynews.com\/rs\/najveci-crnogorski-trgovinski-lanac-instalirace-solarne-elektrane-snage-4-mw\/\" \/>\n<meta property=\"og:locale\" content=\"sr_RS\" \/>\n<meta property=\"og:type\" content=\"article\" \/>\n<meta property=\"og:title\" content=\"Najve\u0107i crnogorski trgovinski lanac instalira\u0107e solarne elektrane snage 4 MW\" \/>\n<meta property=\"og:description\" content=\"Planirano je i instaliranje stanica za punjenje elektri\u010dnih vozila, \u010dime \u0107e se podr\u017eati prelazak na transport sa niskim udelom ugljenika\" \/>\n<meta property=\"og:url\" content=\"https:\/\/balkangreenenergynews.com\/rs\/najveci-crnogorski-trgovinski-lanac-instalirace-solarne-elektrane-snage-4-mw\/\" \/>\n<meta property=\"og:site_name\" content=\"Balkan Green Energy News\" \/>\n<meta property=\"article:published_time\" content=\"2023-06-14T14:14:50+00:00\" \/>\n<meta property=\"og:image\" content=\"https:\/\/balkangreenenergynews.com\/rs\/wp-content\/uploads\/2023\/06\/voli-solar-ebrd-investicije.jpg\" \/>\n\t<meta property=\"og:image:width\" content=\"840\" \/>\n\t<meta property=\"og:image:height\" content=\"430\" \/>\n\t<meta property=\"og:image:type\" content=\"image\/jpeg\" \/>\n<meta name=\"author\" content=\"Vladimir Spasi\u0107\" \/>\n<meta name=\"twitter:card\" content=\"summary_large_image\" \/>\n<meta name=\"twitter:label1\" content=\"\u041d\u0430\u043f\u0438\u0441\u0430\u043d\u043e \u043e\u0434\" \/>\n\t<meta name=\"twitter:data1\" content=\"Vladimir Spasi\u0107\" \/>\n\t<meta name=\"twitter:label2\" content=\"\u041f\u0440\u043e\u0446\u0435\u045a\u0435\u043d\u043e \u0432\u0440\u0435\u043c\u0435 \u0447\u0438\u0442\u0430\u045a\u0430\" \/>\n\t<meta name=\"twitter:data2\" content=\"2 \u043c\u0438\u043d\u0443\u0442\u0430\" \/>\n<script type=\"application\/ld+json\" class=\"yoast-schema-graph\">{\"@context\":\"https:\\\/\\\/schema.org\",\"@graph\":[{\"@type\":\"Article\",\"@id\":\"https:\\\/\\\/balkangreenenergynews.com\\\/rs\\\/najveci-crnogorski-trgovinski-lanac-instalirace-solarne-elektrane-snage-4-mw\\\/#article\",\"isPartOf\":{\"@id\":\"https:\\\/\\\/balkangreenenergynews.com\\\/rs\\\/najveci-crnogorski-trgovinski-lanac-instalirace-solarne-elektrane-snage-4-mw\\\/\"},\"author\":{\"name\":\"Vladimir Spasi\u0107\",\"@id\":\"https:\\\/\\\/balkangreenenergynews.com\\\/rs\\\/#\\\/schema\\\/person\\\/99dc721c46113fea22caffad06ef7317\"},\"headline\":\"Najve\u0107i crnogorski trgovinski lanac instalira\u0107e solarne elektrane snage 4 MW\",\"datePublished\":\"2023-06-14T14:14:50+00:00\",\"mainEntityOfPage\":{\"@id\":\"https:\\\/\\\/balkangreenenergynews.com\\\/rs\\\/najveci-crnogorski-trgovinski-lanac-instalirace-solarne-elektrane-snage-4-mw\\\/\"},\"wordCount\":362,\"commentCount\":0,\"image\":{\"@id\":\"https:\\\/\\\/balkangreenenergynews.com\\\/rs\\\/najveci-crnogorski-trgovinski-lanac-instalirace-solarne-elektrane-snage-4-mw\\\/#primaryimage\"},\"thumbnailUrl\":\"https:\\\/\\\/balkangreenenergynews.com\\\/rs\\\/wp-content\\\/uploads\\\/2023\\\/06\\\/voli-solar-ebrd-investicije.jpg?wsr\",\"keywords\":[\"cena elektri\u010dne energije\",\"dekarbonizacija\",\"emisije\",\"fotonaponski sistemi\",\"investicije\",\"kredit\",\"krovne solarne elektrane\",\"punja\u010di za elektri\u010dna vozila\",\"solarne elektrane\"],\"articleSection\":[\"Elektri\u010dna energija\",\"OIE\"],\"inLanguage\":\"sr-RS\",\"potentialAction\":[{\"@type\":\"CommentAction\",\"name\":\"Comment\",\"target\":[\"https:\\\/\\\/balkangreenenergynews.com\\\/rs\\\/najveci-crnogorski-trgovinski-lanac-instalirace-solarne-elektrane-snage-4-mw\\\/#respond\"]}]},{\"@type\":\"WebPage\",\"@id\":\"https:\\\/\\\/balkangreenenergynews.com\\\/rs\\\/najveci-crnogorski-trgovinski-lanac-instalirace-solarne-elektrane-snage-4-mw\\\/\",\"url\":\"https:\\\/\\\/balkangreenenergynews.com\\\/rs\\\/najveci-crnogorski-trgovinski-lanac-instalirace-solarne-elektrane-snage-4-mw\\\/\",\"name\":\"Najve\u0107i crnogorski trgovinski lanac instalira\u0107e solarne elektrane snage 4 MW\",\"isPartOf\":{\"@id\":\"https:\\\/\\\/balkangreenenergynews.com\\\/rs\\\/#website\"},\"primaryImageOfPage\":{\"@id\":\"https:\\\/\\\/balkangreenenergynews.com\\\/rs\\\/najveci-crnogorski-trgovinski-lanac-instalirace-solarne-elektrane-snage-4-mw\\\/#primaryimage\"},\"image\":{\"@id\":\"https:\\\/\\\/balkangreenenergynews.com\\\/rs\\\/najveci-crnogorski-trgovinski-lanac-instalirace-solarne-elektrane-snage-4-mw\\\/#primaryimage\"},\"thumbnailUrl\":\"https:\\\/\\\/balkangreenenergynews.com\\\/rs\\\/wp-content\\\/uploads\\\/2023\\\/06\\\/voli-solar-ebrd-investicije.jpg?wsr\",\"datePublished\":\"2023-06-14T14:14:50+00:00\",\"author\":{\"@id\":\"https:\\\/\\\/balkangreenenergynews.com\\\/rs\\\/#\\\/schema\\\/person\\\/99dc721c46113fea22caffad06ef7317\"},\"description\":\"Planirano je i instaliranje stanica za punjenje elektri\u010dnih vozila, \u010dime \u0107e se podr\u017eati prelazak na transport sa niskim udelom ugljenika\",\"breadcrumb\":{\"@id\":\"https:\\\/\\\/balkangreenenergynews.com\\\/rs\\\/najveci-crnogorski-trgovinski-lanac-instalirace-solarne-elektrane-snage-4-mw\\\/#breadcrumb\"},\"inLanguage\":\"sr-RS\",\"potentialAction\":[{\"@type\":\"ReadAction\",\"target\":[\"https:\\\/\\\/balkangreenenergynews.com\\\/rs\\\/najveci-crnogorski-trgovinski-lanac-instalirace-solarne-elektrane-snage-4-mw\\\/\"]}]},{\"@type\":\"ImageObject\",\"inLanguage\":\"sr-RS\",\"@id\":\"https:\\\/\\\/balkangreenenergynews.com\\\/rs\\\/najveci-crnogorski-trgovinski-lanac-instalirace-solarne-elektrane-snage-4-mw\\\/#primaryimage\",\"url\":\"https:\\\/\\\/balkangreenenergynews.com\\\/rs\\\/wp-content\\\/uploads\\\/2023\\\/06\\\/voli-solar-ebrd-investicije.jpg?wsr\",\"contentUrl\":\"https:\\\/\\\/balkangreenenergynews.com\\\/rs\\\/wp-content\\\/uploads\\\/2023\\\/06\\\/voli-solar-ebrd-investicije.jpg?wsr\",\"width\":840,\"height\":430,\"caption\":\"voli solar ebrd investicije\"},{\"@type\":\"BreadcrumbList\",\"@id\":\"https:\\\/\\\/balkangreenenergynews.com\\\/rs\\\/najveci-crnogorski-trgovinski-lanac-instalirace-solarne-elektrane-snage-4-mw\\\/#breadcrumb\",\"itemListElement\":[{\"@type\":\"ListItem\",\"position\":1,\"name\":\"Po\u010detna\",\"item\":\"https:\\\/\\\/balkangreenenergynews.com\\\/rs\\\/\"},{\"@type\":\"ListItem\",\"position\":2,\"name\":\"Vesti\",\"item\":\"https:\\\/\\\/balkangreenenergynews.com\\\/rs\\\/kategorija\\\/vesti\\\/\"},{\"@type\":\"ListItem\",\"position\":3,\"name\":\"OIE\",\"item\":\"https:\\\/\\\/balkangreenenergynews.com\\\/rs\\\/kategorija\\\/vesti\\\/obnovljivi-izvori-energije\\\/\"},{\"@type\":\"ListItem\",\"position\":4,\"name\":\"Najve\u0107i crnogorski trgovinski lanac instalira\u0107e solarne elektrane snage 4 MW\"}]},{\"@type\":\"WebSite\",\"@id\":\"https:\\\/\\\/balkangreenenergynews.com\\\/rs\\\/#website\",\"url\":\"https:\\\/\\\/balkangreenenergynews.com\\\/rs\\\/\",\"name\":\"Balkan Green Energy News\",\"description\":\"Naj\u0161iri izbor vesti sa Balkana o zelenoj energiji\",\"potentialAction\":[{\"@type\":\"SearchAction\",\"target\":{\"@type\":\"EntryPoint\",\"urlTemplate\":\"https:\\\/\\\/balkangreenenergynews.com\\\/rs\\\/?s={search_term_string}\"},\"query-input\":{\"@type\":\"PropertyValueSpecification\",\"valueRequired\":true,\"valueName\":\"search_term_string\"}}],\"inLanguage\":\"sr-RS\"},{\"@type\":\"Person\",\"@id\":\"https:\\\/\\\/balkangreenenergynews.com\\\/rs\\\/#\\\/schema\\\/person\\\/99dc721c46113fea22caffad06ef7317\",\"name\":\"Vladimir Spasi\u0107\",\"url\":\"https:\\\/\\\/balkangreenenergynews.com\\\/rs\\\/author\\\/vladimir-spasic\\\/\"}]}<\/script>\n<!-- \/ Yoast SEO plugin. -->","yoast_head_json":{"title":"Najve\u0107i crnogorski trgovinski lanac instalira\u0107e solarne elektrane snage 4 MW","description":"Planirano je i instaliranje stanica za punjenje elektri\u010dnih vozila, \u010dime \u0107e se podr\u017eati prelazak na transport sa niskim udelom ugljenika","robots":{"index":"index","follow":"follow","max-snippet":"max-snippet:-1","max-image-preview":"max-image-preview:large","max-video-preview":"max-video-preview:-1"},"canonical":"https:\/\/balkangreenenergynews.com\/rs\/najveci-crnogorski-trgovinski-lanac-instalirace-solarne-elektrane-snage-4-mw\/","og_locale":"sr_RS","og_type":"article","og_title":"Najve\u0107i crnogorski trgovinski lanac instalira\u0107e solarne elektrane snage 4 MW","og_description":"Planirano je i instaliranje stanica za punjenje elektri\u010dnih vozila, \u010dime \u0107e se podr\u017eati prelazak na transport sa niskim udelom ugljenika","og_url":"https:\/\/balkangreenenergynews.com\/rs\/najveci-crnogorski-trgovinski-lanac-instalirace-solarne-elektrane-snage-4-mw\/","og_site_name":"Balkan Green Energy News","article_published_time":"2023-06-14T14:14:50+00:00","og_image":[{"width":840,"height":430,"url":"https:\/\/balkangreenenergynews.com\/rs\/wp-content\/uploads\/2023\/06\/voli-solar-ebrd-investicije.jpg","type":"image\/jpeg"}],"author":"Vladimir Spasi\u0107","twitter_card":"summary_large_image","twitter_misc":{"\u041d\u0430\u043f\u0438\u0441\u0430\u043d\u043e \u043e\u0434":"Vladimir Spasi\u0107","\u041f\u0440\u043e\u0446\u0435\u045a\u0435\u043d\u043e \u0432\u0440\u0435\u043c\u0435 \u0447\u0438\u0442\u0430\u045a\u0430":"2 \u043c\u0438\u043d\u0443\u0442\u0430"},"schema":{"@context":"https:\/\/schema.org","@graph":[{"@type":"Article","@id":"https:\/\/balkangreenenergynews.com\/rs\/najveci-crnogorski-trgovinski-lanac-instalirace-solarne-elektrane-snage-4-mw\/#article","isPartOf":{"@id":"https:\/\/balkangreenenergynews.com\/rs\/najveci-crnogorski-trgovinski-lanac-instalirace-solarne-elektrane-snage-4-mw\/"},"author":{"name":"Vladimir Spasi\u0107","@id":"https:\/\/balkangreenenergynews.com\/rs\/#\/schema\/person\/99dc721c46113fea22caffad06ef7317"},"headline":"Najve\u0107i crnogorski trgovinski lanac instalira\u0107e solarne elektrane snage 4 MW","datePublished":"2023-06-14T14:14:50+00:00","mainEntityOfPage":{"@id":"https:\/\/balkangreenenergynews.com\/rs\/najveci-crnogorski-trgovinski-lanac-instalirace-solarne-elektrane-snage-4-mw\/"},"wordCount":362,"commentCount":0,"image":{"@id":"https:\/\/balkangreenenergynews.com\/rs\/najveci-crnogorski-trgovinski-lanac-instalirace-solarne-elektrane-snage-4-mw\/#primaryimage"},"thumbnailUrl":"https:\/\/balkangreenenergynews.com\/rs\/wp-content\/uploads\/2023\/06\/voli-solar-ebrd-investicije.jpg?wsr","keywords":["cena elektri\u010dne energije","dekarbonizacija","emisije","fotonaponski sistemi","investicije","kredit","krovne solarne elektrane","punja\u010di za elektri\u010dna vozila","solarne elektrane"],"articleSection":["Elektri\u010dna energija","OIE"],"inLanguage":"sr-RS","potentialAction":[{"@type":"CommentAction","name":"Comment","target":["https:\/\/balkangreenenergynews.com\/rs\/najveci-crnogorski-trgovinski-lanac-instalirace-solarne-elektrane-snage-4-mw\/#respond"]}]},{"@type":"WebPage","@id":"https:\/\/balkangreenenergynews.com\/rs\/najveci-crnogorski-trgovinski-lanac-instalirace-solarne-elektrane-snage-4-mw\/","url":"https:\/\/balkangreenenergynews.com\/rs\/najveci-crnogorski-trgovinski-lanac-instalirace-solarne-elektrane-snage-4-mw\/","name":"Najve\u0107i crnogorski trgovinski lanac instalira\u0107e solarne elektrane snage 4 MW","isPartOf":{"@id":"https:\/\/balkangreenenergynews.com\/rs\/#website"},"primaryImageOfPage":{"@id":"https:\/\/balkangreenenergynews.com\/rs\/najveci-crnogorski-trgovinski-lanac-instalirace-solarne-elektrane-snage-4-mw\/#primaryimage"},"image":{"@id":"https:\/\/balkangreenenergynews.com\/rs\/najveci-crnogorski-trgovinski-lanac-instalirace-solarne-elektrane-snage-4-mw\/#primaryimage"},"thumbnailUrl":"https:\/\/balkangreenenergynews.com\/rs\/wp-content\/uploads\/2023\/06\/voli-solar-ebrd-investicije.jpg?wsr","datePublished":"2023-06-14T14:14:50+00:00","author":{"@id":"https:\/\/balkangreenenergynews.com\/rs\/#\/schema\/person\/99dc721c46113fea22caffad06ef7317"},"description":"Planirano je i instaliranje stanica za punjenje elektri\u010dnih vozila, \u010dime \u0107e se podr\u017eati prelazak na transport sa niskim udelom ugljenika","breadcrumb":{"@id":"https:\/\/balkangreenenergynews.com\/rs\/najveci-crnogorski-trgovinski-lanac-instalirace-solarne-elektrane-snage-4-mw\/#breadcrumb"},"inLanguage":"sr-RS","potentialAction":[{"@type":"ReadAction","target":["https:\/\/balkangreenenergynews.com\/rs\/najveci-crnogorski-trgovinski-lanac-instalirace-solarne-elektrane-snage-4-mw\/"]}]},{"@type":"ImageObject","inLanguage":"sr-RS","@id":"https:\/\/balkangreenenergynews.com\/rs\/najveci-crnogorski-trgovinski-lanac-instalirace-solarne-elektrane-snage-4-mw\/#primaryimage","url":"https:\/\/balkangreenenergynews.com\/rs\/wp-content\/uploads\/2023\/06\/voli-solar-ebrd-investicije.jpg?wsr","contentUrl":"https:\/\/balkangreenenergynews.com\/rs\/wp-content\/uploads\/2023\/06\/voli-solar-ebrd-investicije.jpg?wsr","width":840,"height":430,"caption":"voli solar ebrd investicije"},{"@type":"BreadcrumbList","@id":"https:\/\/balkangreenenergynews.com\/rs\/najveci-crnogorski-trgovinski-lanac-instalirace-solarne-elektrane-snage-4-mw\/#breadcrumb","itemListElement":[{"@type":"ListItem","position":1,"name":"Po\u010detna","item":"https:\/\/balkangreenenergynews.com\/rs\/"},{"@type":"ListItem","position":2,"name":"Vesti","item":"https:\/\/balkangreenenergynews.com\/rs\/kategorija\/vesti\/"},{"@type":"ListItem","position":3,"name":"OIE","item":"https:\/\/balkangreenenergynews.com\/rs\/kategorija\/vesti\/obnovljivi-izvori-energije\/"},{"@type":"ListItem","position":4,"name":"Najve\u0107i crnogorski trgovinski lanac instalira\u0107e solarne elektrane snage 4 MW"}]},{"@type":"WebSite","@id":"https:\/\/balkangreenenergynews.com\/rs\/#website","url":"https:\/\/balkangreenenergynews.com\/rs\/","name":"Balkan Green Energy News","description":"Naj\u0161iri izbor vesti sa Balkana o zelenoj energiji","potentialAction":[{"@type":"SearchAction","target":{"@type":"EntryPoint","urlTemplate":"https:\/\/balkangreenenergynews.com\/rs\/?s={search_term_string}"},"query-input":{"@type":"PropertyValueSpecification","valueRequired":true,"valueName":"search_term_string"}}],"inLanguage":"sr-RS"},{"@type":"Person","@id":"https:\/\/balkangreenenergynews.com\/rs\/#\/schema\/person\/99dc721c46113fea22caffad06ef7317","name":"Vladimir Spasi\u0107","url":"https:\/\/balkangreenenergynews.com\/rs\/author\/vladimir-spasic\/"}]}},"_links":{"self":[{"href":"https:\/\/balkangreenenergynews.com\/rs\/wp-json\/wp\/v2\/posts\/59812","targetHints":{"allow":["GET"]}}],"collection":[{"href":"https:\/\/balkangreenenergynews.com\/rs\/wp-json\/wp\/v2\/posts"}],"about":[{"href":"https:\/\/balkangreenenergynews.com\/rs\/wp-json\/wp\/v2\/types\/post"}],"author":[{"embeddable":true,"href":"https:\/\/balkangreenenergynews.com\/rs\/wp-json\/wp\/v2\/users\/23"}],"replies":[{"embeddable":true,"href":"https:\/\/balkangreenenergynews.com\/rs\/wp-json\/wp\/v2\/comments?post=59812"}],"version-history":[{"count":0,"href":"https:\/\/balkangreenenergynews.com\/rs\/wp-json\/wp\/v2\/posts\/59812\/revisions"}],"wp:featuredmedia":[{"embeddable":true,"href":"https:\/\/balkangreenenergynews.com\/rs\/wp-json\/wp\/v2\/media\/59814"}],"wp:attachment":[{"href":"https:\/\/balkangreenenergynews.com\/rs\/wp-json\/wp\/v2\/media?parent=59812"}],"wp:term":[{"taxonomy":"category","embeddable":true,"href":"https:\/\/balkangreenenergynews.com\/rs\/wp-json\/wp\/v2\/categories?post=59812"},{"taxonomy":"post_tag","embeddable":true,"href":"https:\/\/balkangreenenergynews.com\/rs\/wp-json\/wp\/v2\/tags?post=59812"}],"curies":[{"name":"wp","href":"https:\/\/api.w.org\/{rel}","templated":true}]}}