{"id":58510,"date":"2023-04-28T19:32:42","date_gmt":"2023-04-28T17:32:42","guid":{"rendered":"https:\/\/balkangreenenergynews.com\/rs\/?p=58510"},"modified":"2023-04-28T19:32:42","modified_gmt":"2023-04-28T17:32:42","slug":"rezerve-vode-u-evropi-opasno-niske-zbog-seste-uzastopne-susne-godine","status":"publish","type":"post","link":"https:\/\/balkangreenenergynews.com\/rs\/rezerve-vode-u-evropi-opasno-niske-zbog-seste-uzastopne-susne-godine\/","title":{"rendered":"Rezerve vode u Evropi opasno niske zbog \u0161este uzastopne su\u0161ne godine"},"content":{"rendered":"<h2>Zima samo \u0161to se zavr\u0161ila, a Evropu ve\u0107 poga\u0111a su\u0161a. Kopernikova Slu\u017eba za posmatranje klimatskih promena C3S potvrdila je u godi\u0161njem izve\u0161taju da je 2022. bila druga po visini temperature od po\u010detka merenja u Evropi. \u010cini se da \u0107e 2023. biti jo\u0161 toplija. Zbog premalo padavina i visokih temperatura, rezerve vode su nevi\u0111eno niske. Francuska, Italija i \u0160panija su po\u010dele da ograni\u010davaju potro\u0161nju.<\/h2>\n<p>Od 2018. godine Evropa je pogo\u0111ena su\u0161om. Prema rezultatima novog <a href=\"https:\/\/www.tugraz.at\/en\/tu-graz\/services\/news-stories\/media-service\/singleview\/article\/satellitendaten-belegen-anhaltend-schwere-duerre-in-europa\">istra\u017eivanja<\/a> Instituta za geodeziju Tehnolo\u0161kog univerziteta u Gracu, Evropa se suo\u010dava sa nedostatkom vode, jer su podzemne rezerve iscrpljene. Mala koli\u010dina padavina u toku zime bila je nedovoljna da se one obnove.<\/p>\n<p>Stru\u010dnjaci tvrde da \u010dak ni ki\u0161no prole\u0107e ne bi moglo da nadomesti deficit podzemnih voda, ali da bi pomoglo poljoprivrednicima. Francuska, \u0160panija i Italija su trenutno najte\u017ee pogo\u0111ene. Ceo evropski kontinent je pogo\u0111en su\u0161om, verovatno te\u017eom od pro\u0161logodi\u0161nje.<\/p>\n<p>Posledice su\u0161e iz 2022. na ljude i prirodu su brojne. Neke \u017eivotinjske vrste su izgubile svoja stani\u0161ta. Suvo zemlji\u0161te je zadalo mnogo glavobolje poljoprivrednicima. Istovremeno, su\u0161a je pogor\u0161ala energetsku krizu. Nuklearkama u Francuskoj je nedostajalo vode za hla\u0111enje, a ni hidroelektrane nisu mogle da ispunjavaju svoju funkciju.<\/p>\n<h3>Zimska su\u0161a u Francuskoj<\/h3>\n<p>Nada da \u0107e zima doneti olak\u0161anje nije se ostvarila. Francuska je zabele\u017eila 32 uzastopna dana bez padavina u januaru i februaru. To je najsuvlja zima u poslednjih 60 godina, a u nekoliko sela nema vode sa \u010desme.<\/p>\n<p>Francuski ministar ekolo\u0161ke tranzicije i kohezije teritorija Kristof Be\u0161i rekao je da vlada radi na planu za re\u0161avanje krize nastale zbog su\u0161e. Dodao je da potro\u0161nja 150 litara vode po osobi dnevno nije odr\u017eiva i pozvao industriju da ograni\u010di svoju upotrebu.<\/p>\n<h3>Otvorena sezona po\u017eara u \u0160paniji<\/h3>\n<p>Udru\u017eenje farmera iz \u0160panije je u <a href=\"https:\/\/coag.chil.me\/post\/la-sequia-asfixia-ya-al-6025-del-campo-espanol-y-produce-perdidas-irreversibles--437591\">svom izve\u0161taju<\/a> navelo da dugoro\u010dna su\u0161a nanosi nepovratnu \u0161tetu na 3,5 miliona hektara useva uklju\u010duju\u0107i ora\u0161aste plodove, vinograde i maslinjake.<\/p>\n<blockquote><p>Prose\u010dni nivoi akumulacija u Kataloniji su na 27 odsto kapaciteta<\/p><\/blockquote>\n<p>Pro\u0161la godina je bila \u0161esta po ja\u010dini su\u0161e i visini temperature u \u0160paniji od po\u010detka merenja, \u0161to se odrazilo na rezerve vode. Akumulacija u Andaluziji, najva\u017enijem regionu \u0160panije za izvoz hrane, ima samo 30 odsto vode od kapaciteta rezervoara. U regionu severoisto\u010dne Katalonije, prose\u010dna koli\u010dina vode u akumulacijama je na 27 odsto kapaciteta. Nivo ve\u0161ta\u010dkog jezera Sau, iz kojeg se Barselona snabdeva vodom za pi\u0107e, toliko je nizak da je riba uklonjena kako bi se izbeglo uginu\u0107e, \u0161to bi dovelo do zaga\u0111enja.<\/p>\n<p>U \u0160paniji su uvedene restrikcije za upotrebu vode u poljoprivredi i industriji i zabranjeno je puniti bazene i prati automobile vodom za pi\u0107e.<\/p>\n<blockquote><p>Krajem marta, po\u017ear na istoku Valensije je progutao 4.300 hektara \u0161ume<\/p><\/blockquote>\n<p>Mo\u017ee se \u010diniti prerano, ali sezona po\u017eara je ve\u0107 po\u010dela. Po\u017eari obi\u010dno postaju jaki u junu, me\u0111utim ove godine je krajem marta vatrena stihija na istoku Valensije progutala 4.300 hektara \u0161ume, a preko 1.800 ljudi je moralo da napusti svoje domove.<\/p>\n<p>\u201ePo\u017eari koje vidimo, posebno po\u010detkom godine, jo\u0161 jedan su dokaz vanredne klimatske situacije koja je zadesila \u010dove\u010danstvo i koja posebno poga\u0111a i pusto\u0161i zemlje kao \u0161to je na\u0161a\u201c, rekao je \u0161panski premijer Pedro San\u010dez, prenosi <a href=\"https:\/\/www.reuters.com\/business\/environment\/first-major-fire-year-destroys-3000-hectares-spain-2023-03-24\/\">Rojters<\/a>.<\/p>\n<p>Situacija je svakim danom ekstremnija, pa je tako na aerodromu u Kordobi zabele\u017eena temperatura od 38,8 stepeni Celzijusa, \u010dime je verovatno oboren rekord za april na nivou cele Evrope.<\/p>\n<blockquote class=\"twitter-tweet\" data-width=\"500\" data-dnt=\"true\">\n<p lang=\"en\" dir=\"ltr\">Scorching and it is only April. Heatwave in North Africa and Iberia is shattering records by large margins.<\/p>\n<p>C\u00f3rdoba airport in Spain ?? just recorded 38.7\u00b0C, pulverizing previous monthly record by nearly 5\u00b0C. This provisionally breaks the European hottest temperature in April. <a href=\"https:\/\/t.co\/CKGcMTKlR2\">pic.twitter.com\/CKGcMTKlR2<\/a><\/p>\n<p>&mdash; Scott Duncan (@ScottDuncanWX) <a href=\"https:\/\/twitter.com\/ScottDuncanWX\/status\/1651632539025514499?ref_src=twsrc%5Etfw\">April 27, 2023<\/a><\/p><\/blockquote>\n<p><script async src=\"https:\/\/platform.twitter.com\/widgets.js\" charset=\"utf-8\"><\/script><\/p>\n<h3>Najdu\u017ea reka Italije se pretvara u polje peska<\/h3>\n<p>Reke i jezera Italije pretvaraju se u polja peska jer nema padavina.\u00a0<a href=\"https:\/\/balkangreenenergynews.com\/rs\/klimatske-promene-i-ekstremna-susa-u-italiji-ugrozavaju-proizvodnju-vina-i-maslina\/\">Reka Po,<\/a> duga 652 kilometra, najdu\u017ea je u Italiji. Nedavno je zabele\u017een protok vode od samo 350 kubnih metara u sekundi, kao u toku najgore su\u0161e u julu pro\u0161le godine.<\/p>\n<p>Nizak vodostaj \u010dini plovidbu gotovo nemogu\u0107om, \u0161to je zastra\u0161uju\u0107e. \u0160tavi\u0161e, koli\u010dine snega u slivu reke Po, iz kojih ina\u010de i leti dolazi voda, smanjile su se za 75 odsto.<\/p>\n<p>Velik broj ljudi \u017eivi od reke Po. Ona prolazi kroz najgu\u0161\u0107e naseljeni, najindustrijalizovaniji i najintenzivnije obra\u0111eni deo zemlje, poznat kao italijanska dolina hrane.<\/p>\n<blockquote><p>Jadransko more se izliva u re\u010dna korita<\/p><\/blockquote>\n<p>Nizak vodostaj omogu\u0107ava Jadranskom moru da prodire u korita reka Po i Adi\u0111e i to desetinama kilometara. Slana voda ugro\u017eava useve, farme \u0161koljki i kvalitet vode za pi\u0107e u nekim selima.<\/p>\n<blockquote><p>Jezero Garda je dostiglo najni\u017ei zimski nivo vode u poslednjih 30 godina<\/p><\/blockquote>\n<p>Jezero Garda je dostiglo istorijski minimum u avgustu. Nedostatak padavina ga je zatim spustio do najni\u017eeg zimskog nivoa u poslednjih 30 godina. Druga alpska jezera Komo i Ma\u0111ore tako\u0111e bele\u017ee vrlo nizak nivo vode.<\/p>\n<p>Italijanski ministar \u017eivotne sredine \u0110ilberto Pi\u010deto Fratin rekao je da vlada priprema paket od 7,8 milijardi evra kako bi pomogla zemlji da se izbori za krizom u snabdevanju vodom.<\/p>\n<h3>Evropska vodena kriza<\/h3>\n<p>Sveukupno gledano, Evropa ima ogroman problem. Klimatske promene se ja\u010de nego ikada ranije ose\u0107aju na ovom kontinentu, po\u010dev od su\u0161e koja traje ve\u0107 \u0161estu godinu. Gle\u010deri koji napajaju evropske reke i jezera, gotovo su se istopili, a porast temperature dovodi do isparenja vode. Ostaje da se vidi, da li \u0107e preduzete akcije od strane dr\u017eava bili dovolje u prevazila\u017eenju samo jedne krize u okviru mnogo ve\u0107eg &#8222;problema&#8220; klimatskih promena.<\/p>\n","protected":false},"excerpt":{"rendered":"<p>Zima samo \u0161to se zavr\u0161ila, a Evropu ve\u0107 poga\u0111a su\u0161a. Zbog premalo padavina i visokih temperatura, rezerve vode su nevi\u0111eno niske.<\/p>\n","protected":false},"author":34,"featured_media":58516,"comment_status":"open","ping_status":"open","sticky":false,"template":"","format":"standard","meta":{"_acf_changed":false,"_monsterinsights_skip_tracking":false,"_monsterinsights_sitenote_active":false,"_monsterinsights_sitenote_note":"","_monsterinsights_sitenote_category":0,"footnotes":""},"categories":[5909],"tags":[766,3105,5115,6614,6478,4993],"class_list":["post-58510","post","type-post","status-publish","format-standard","has-post-thumbnail","hentry","category-klimatske-promene","tag-klimatske-promene","tag-pijaca-voda","tag-poljoprivreda","tag-pozari","tag-susa","tag-voda","country-regioneu"],"acf":[],"yoast_head":"<!-- This site is optimized with the Yoast SEO plugin v27.4 - https:\/\/yoast.com\/product\/yoast-seo-wordpress\/ -->\n<title>Rezerve vode u Evropi opasno niske zbog \u0161este uzastopne su\u0161ne godine<\/title>\n<meta name=\"description\" content=\"Zima samo \u0161to se zavr\u0161ila, a Evropu ve\u0107 poga\u0111a su\u0161a. Zbog premalo padavina i visokih temperatura, rezerve vode su nevi\u0111eno niske.\" \/>\n<meta name=\"robots\" content=\"index, follow, max-snippet:-1, max-image-preview:large, max-video-preview:-1\" \/>\n<link rel=\"canonical\" href=\"https:\/\/balkangreenenergynews.com\/rs\/rezerve-vode-u-evropi-opasno-niske-zbog-seste-uzastopne-susne-godine\/\" \/>\n<meta property=\"og:locale\" content=\"sr_RS\" \/>\n<meta property=\"og:type\" content=\"article\" \/>\n<meta property=\"og:title\" content=\"Rezerve vode u Evropi opasno niske zbog \u0161este uzastopne su\u0161ne godine\" \/>\n<meta property=\"og:description\" content=\"Zima samo \u0161to se zavr\u0161ila, a Evropu ve\u0107 poga\u0111a su\u0161a. Zbog premalo padavina i visokih temperatura, rezerve vode su nevi\u0111eno niske.\" \/>\n<meta property=\"og:url\" content=\"https:\/\/balkangreenenergynews.com\/rs\/rezerve-vode-u-evropi-opasno-niske-zbog-seste-uzastopne-susne-godine\/\" \/>\n<meta property=\"og:site_name\" content=\"Balkan Green Energy News\" \/>\n<meta property=\"article:published_time\" content=\"2023-04-28T17:32:42+00:00\" \/>\n<meta property=\"og:image\" content=\"https:\/\/balkangreenenergynews.com\/rs\/wp-content\/uploads\/2023\/04\/Sesta-godina-suse-iscrpljuje-rezerve-vode-u-Evropi.jpg\" \/>\n\t<meta property=\"og:image:width\" content=\"840\" \/>\n\t<meta property=\"og:image:height\" content=\"430\" \/>\n\t<meta property=\"og:image:type\" content=\"image\/jpeg\" \/>\n<meta name=\"author\" content=\"Jelisaveta Peri\u0161i\u0107\" \/>\n<meta name=\"twitter:card\" content=\"summary_large_image\" \/>\n<meta name=\"twitter:label1\" content=\"\u041d\u0430\u043f\u0438\u0441\u0430\u043d\u043e \u043e\u0434\" \/>\n\t<meta name=\"twitter:data1\" content=\"Jelisaveta Peri\u0161i\u0107\" \/>\n\t<meta name=\"twitter:label2\" content=\"\u041f\u0440\u043e\u0446\u0435\u045a\u0435\u043d\u043e \u0432\u0440\u0435\u043c\u0435 \u0447\u0438\u0442\u0430\u045a\u0430\" \/>\n\t<meta name=\"twitter:data2\" content=\"5 \u043c\u0438\u043d\u0443\u0442\u0430\" \/>\n<script type=\"application\/ld+json\" class=\"yoast-schema-graph\">{\"@context\":\"https:\\\/\\\/schema.org\",\"@graph\":[{\"@type\":\"Article\",\"@id\":\"https:\\\/\\\/balkangreenenergynews.com\\\/rs\\\/rezerve-vode-u-evropi-opasno-niske-zbog-seste-uzastopne-susne-godine\\\/#article\",\"isPartOf\":{\"@id\":\"https:\\\/\\\/balkangreenenergynews.com\\\/rs\\\/rezerve-vode-u-evropi-opasno-niske-zbog-seste-uzastopne-susne-godine\\\/\"},\"author\":{\"name\":\"Jelisaveta Peri\u0161i\u0107\",\"@id\":\"https:\\\/\\\/balkangreenenergynews.com\\\/rs\\\/#\\\/schema\\\/person\\\/4b3c5831bbc05a72630d12560df2b3f8\"},\"headline\":\"Rezerve vode u Evropi opasno niske zbog \u0161este uzastopne su\u0161ne godine\",\"datePublished\":\"2023-04-28T17:32:42+00:00\",\"mainEntityOfPage\":{\"@id\":\"https:\\\/\\\/balkangreenenergynews.com\\\/rs\\\/rezerve-vode-u-evropi-opasno-niske-zbog-seste-uzastopne-susne-godine\\\/\"},\"wordCount\":939,\"commentCount\":0,\"image\":{\"@id\":\"https:\\\/\\\/balkangreenenergynews.com\\\/rs\\\/rezerve-vode-u-evropi-opasno-niske-zbog-seste-uzastopne-susne-godine\\\/#primaryimage\"},\"thumbnailUrl\":\"https:\\\/\\\/balkangreenenergynews.com\\\/rs\\\/wp-content\\\/uploads\\\/2023\\\/04\\\/Sesta-godina-suse-iscrpljuje-rezerve-vode-u-Evropi.jpg?wsr\",\"keywords\":[\"klimatske promene\",\"pija\u0107a voda\",\"poljoprivreda\",\"po\u017eari\",\"su\u0161a\",\"voda\"],\"articleSection\":[\"Klimatske promene\"],\"inLanguage\":\"sr-RS\",\"potentialAction\":[{\"@type\":\"CommentAction\",\"name\":\"Comment\",\"target\":[\"https:\\\/\\\/balkangreenenergynews.com\\\/rs\\\/rezerve-vode-u-evropi-opasno-niske-zbog-seste-uzastopne-susne-godine\\\/#respond\"]}]},{\"@type\":\"WebPage\",\"@id\":\"https:\\\/\\\/balkangreenenergynews.com\\\/rs\\\/rezerve-vode-u-evropi-opasno-niske-zbog-seste-uzastopne-susne-godine\\\/\",\"url\":\"https:\\\/\\\/balkangreenenergynews.com\\\/rs\\\/rezerve-vode-u-evropi-opasno-niske-zbog-seste-uzastopne-susne-godine\\\/\",\"name\":\"Rezerve vode u Evropi opasno niske zbog \u0161este uzastopne su\u0161ne godine\",\"isPartOf\":{\"@id\":\"https:\\\/\\\/balkangreenenergynews.com\\\/rs\\\/#website\"},\"primaryImageOfPage\":{\"@id\":\"https:\\\/\\\/balkangreenenergynews.com\\\/rs\\\/rezerve-vode-u-evropi-opasno-niske-zbog-seste-uzastopne-susne-godine\\\/#primaryimage\"},\"image\":{\"@id\":\"https:\\\/\\\/balkangreenenergynews.com\\\/rs\\\/rezerve-vode-u-evropi-opasno-niske-zbog-seste-uzastopne-susne-godine\\\/#primaryimage\"},\"thumbnailUrl\":\"https:\\\/\\\/balkangreenenergynews.com\\\/rs\\\/wp-content\\\/uploads\\\/2023\\\/04\\\/Sesta-godina-suse-iscrpljuje-rezerve-vode-u-Evropi.jpg?wsr\",\"datePublished\":\"2023-04-28T17:32:42+00:00\",\"author\":{\"@id\":\"https:\\\/\\\/balkangreenenergynews.com\\\/rs\\\/#\\\/schema\\\/person\\\/4b3c5831bbc05a72630d12560df2b3f8\"},\"description\":\"Zima samo \u0161to se zavr\u0161ila, a Evropu ve\u0107 poga\u0111a su\u0161a. Zbog premalo padavina i visokih temperatura, rezerve vode su nevi\u0111eno niske.\",\"breadcrumb\":{\"@id\":\"https:\\\/\\\/balkangreenenergynews.com\\\/rs\\\/rezerve-vode-u-evropi-opasno-niske-zbog-seste-uzastopne-susne-godine\\\/#breadcrumb\"},\"inLanguage\":\"sr-RS\",\"potentialAction\":[{\"@type\":\"ReadAction\",\"target\":[\"https:\\\/\\\/balkangreenenergynews.com\\\/rs\\\/rezerve-vode-u-evropi-opasno-niske-zbog-seste-uzastopne-susne-godine\\\/\"]}]},{\"@type\":\"ImageObject\",\"inLanguage\":\"sr-RS\",\"@id\":\"https:\\\/\\\/balkangreenenergynews.com\\\/rs\\\/rezerve-vode-u-evropi-opasno-niske-zbog-seste-uzastopne-susne-godine\\\/#primaryimage\",\"url\":\"https:\\\/\\\/balkangreenenergynews.com\\\/rs\\\/wp-content\\\/uploads\\\/2023\\\/04\\\/Sesta-godina-suse-iscrpljuje-rezerve-vode-u-Evropi.jpg?wsr\",\"contentUrl\":\"https:\\\/\\\/balkangreenenergynews.com\\\/rs\\\/wp-content\\\/uploads\\\/2023\\\/04\\\/Sesta-godina-suse-iscrpljuje-rezerve-vode-u-Evropi.jpg?wsr\",\"width\":840,\"height\":430,\"caption\":\"\u0160esta godina su\u0161e iscrpljuje rezerve vode u Evropi\"},{\"@type\":\"BreadcrumbList\",\"@id\":\"https:\\\/\\\/balkangreenenergynews.com\\\/rs\\\/rezerve-vode-u-evropi-opasno-niske-zbog-seste-uzastopne-susne-godine\\\/#breadcrumb\",\"itemListElement\":[{\"@type\":\"ListItem\",\"position\":1,\"name\":\"Po\u010detna\",\"item\":\"https:\\\/\\\/balkangreenenergynews.com\\\/rs\\\/\"},{\"@type\":\"ListItem\",\"position\":2,\"name\":\"Klimatske promene\",\"item\":\"https:\\\/\\\/balkangreenenergynews.com\\\/rs\\\/kategorija\\\/klimatske-promene\\\/\"},{\"@type\":\"ListItem\",\"position\":3,\"name\":\"Rezerve vode u Evropi opasno niske zbog \u0161este uzastopne su\u0161ne godine\"}]},{\"@type\":\"WebSite\",\"@id\":\"https:\\\/\\\/balkangreenenergynews.com\\\/rs\\\/#website\",\"url\":\"https:\\\/\\\/balkangreenenergynews.com\\\/rs\\\/\",\"name\":\"Balkan Green Energy News\",\"description\":\"Naj\u0161iri izbor vesti sa Balkana o zelenoj energiji\",\"potentialAction\":[{\"@type\":\"SearchAction\",\"target\":{\"@type\":\"EntryPoint\",\"urlTemplate\":\"https:\\\/\\\/balkangreenenergynews.com\\\/rs\\\/?s={search_term_string}\"},\"query-input\":{\"@type\":\"PropertyValueSpecification\",\"valueRequired\":true,\"valueName\":\"search_term_string\"}}],\"inLanguage\":\"sr-RS\"},{\"@type\":\"Person\",\"@id\":\"https:\\\/\\\/balkangreenenergynews.com\\\/rs\\\/#\\\/schema\\\/person\\\/4b3c5831bbc05a72630d12560df2b3f8\",\"name\":\"Jelisaveta Peri\u0161i\u0107\",\"url\":\"https:\\\/\\\/balkangreenenergynews.com\\\/rs\\\/author\\\/jelisavet-perisic\\\/\"}]}<\/script>\n<!-- \/ Yoast SEO plugin. -->","yoast_head_json":{"title":"Rezerve vode u Evropi opasno niske zbog \u0161este uzastopne su\u0161ne godine","description":"Zima samo \u0161to se zavr\u0161ila, a Evropu ve\u0107 poga\u0111a su\u0161a. Zbog premalo padavina i visokih temperatura, rezerve vode su nevi\u0111eno niske.","robots":{"index":"index","follow":"follow","max-snippet":"max-snippet:-1","max-image-preview":"max-image-preview:large","max-video-preview":"max-video-preview:-1"},"canonical":"https:\/\/balkangreenenergynews.com\/rs\/rezerve-vode-u-evropi-opasno-niske-zbog-seste-uzastopne-susne-godine\/","og_locale":"sr_RS","og_type":"article","og_title":"Rezerve vode u Evropi opasno niske zbog \u0161este uzastopne su\u0161ne godine","og_description":"Zima samo \u0161to se zavr\u0161ila, a Evropu ve\u0107 poga\u0111a su\u0161a. Zbog premalo padavina i visokih temperatura, rezerve vode su nevi\u0111eno niske.","og_url":"https:\/\/balkangreenenergynews.com\/rs\/rezerve-vode-u-evropi-opasno-niske-zbog-seste-uzastopne-susne-godine\/","og_site_name":"Balkan Green Energy News","article_published_time":"2023-04-28T17:32:42+00:00","og_image":[{"width":840,"height":430,"url":"https:\/\/balkangreenenergynews.com\/rs\/wp-content\/uploads\/2023\/04\/Sesta-godina-suse-iscrpljuje-rezerve-vode-u-Evropi.jpg","type":"image\/jpeg"}],"author":"Jelisaveta Peri\u0161i\u0107","twitter_card":"summary_large_image","twitter_misc":{"\u041d\u0430\u043f\u0438\u0441\u0430\u043d\u043e \u043e\u0434":"Jelisaveta Peri\u0161i\u0107","\u041f\u0440\u043e\u0446\u0435\u045a\u0435\u043d\u043e \u0432\u0440\u0435\u043c\u0435 \u0447\u0438\u0442\u0430\u045a\u0430":"5 \u043c\u0438\u043d\u0443\u0442\u0430"},"schema":{"@context":"https:\/\/schema.org","@graph":[{"@type":"Article","@id":"https:\/\/balkangreenenergynews.com\/rs\/rezerve-vode-u-evropi-opasno-niske-zbog-seste-uzastopne-susne-godine\/#article","isPartOf":{"@id":"https:\/\/balkangreenenergynews.com\/rs\/rezerve-vode-u-evropi-opasno-niske-zbog-seste-uzastopne-susne-godine\/"},"author":{"name":"Jelisaveta Peri\u0161i\u0107","@id":"https:\/\/balkangreenenergynews.com\/rs\/#\/schema\/person\/4b3c5831bbc05a72630d12560df2b3f8"},"headline":"Rezerve vode u Evropi opasno niske zbog \u0161este uzastopne su\u0161ne godine","datePublished":"2023-04-28T17:32:42+00:00","mainEntityOfPage":{"@id":"https:\/\/balkangreenenergynews.com\/rs\/rezerve-vode-u-evropi-opasno-niske-zbog-seste-uzastopne-susne-godine\/"},"wordCount":939,"commentCount":0,"image":{"@id":"https:\/\/balkangreenenergynews.com\/rs\/rezerve-vode-u-evropi-opasno-niske-zbog-seste-uzastopne-susne-godine\/#primaryimage"},"thumbnailUrl":"https:\/\/balkangreenenergynews.com\/rs\/wp-content\/uploads\/2023\/04\/Sesta-godina-suse-iscrpljuje-rezerve-vode-u-Evropi.jpg?wsr","keywords":["klimatske promene","pija\u0107a voda","poljoprivreda","po\u017eari","su\u0161a","voda"],"articleSection":["Klimatske promene"],"inLanguage":"sr-RS","potentialAction":[{"@type":"CommentAction","name":"Comment","target":["https:\/\/balkangreenenergynews.com\/rs\/rezerve-vode-u-evropi-opasno-niske-zbog-seste-uzastopne-susne-godine\/#respond"]}]},{"@type":"WebPage","@id":"https:\/\/balkangreenenergynews.com\/rs\/rezerve-vode-u-evropi-opasno-niske-zbog-seste-uzastopne-susne-godine\/","url":"https:\/\/balkangreenenergynews.com\/rs\/rezerve-vode-u-evropi-opasno-niske-zbog-seste-uzastopne-susne-godine\/","name":"Rezerve vode u Evropi opasno niske zbog \u0161este uzastopne su\u0161ne godine","isPartOf":{"@id":"https:\/\/balkangreenenergynews.com\/rs\/#website"},"primaryImageOfPage":{"@id":"https:\/\/balkangreenenergynews.com\/rs\/rezerve-vode-u-evropi-opasno-niske-zbog-seste-uzastopne-susne-godine\/#primaryimage"},"image":{"@id":"https:\/\/balkangreenenergynews.com\/rs\/rezerve-vode-u-evropi-opasno-niske-zbog-seste-uzastopne-susne-godine\/#primaryimage"},"thumbnailUrl":"https:\/\/balkangreenenergynews.com\/rs\/wp-content\/uploads\/2023\/04\/Sesta-godina-suse-iscrpljuje-rezerve-vode-u-Evropi.jpg?wsr","datePublished":"2023-04-28T17:32:42+00:00","author":{"@id":"https:\/\/balkangreenenergynews.com\/rs\/#\/schema\/person\/4b3c5831bbc05a72630d12560df2b3f8"},"description":"Zima samo \u0161to se zavr\u0161ila, a Evropu ve\u0107 poga\u0111a su\u0161a. Zbog premalo padavina i visokih temperatura, rezerve vode su nevi\u0111eno niske.","breadcrumb":{"@id":"https:\/\/balkangreenenergynews.com\/rs\/rezerve-vode-u-evropi-opasno-niske-zbog-seste-uzastopne-susne-godine\/#breadcrumb"},"inLanguage":"sr-RS","potentialAction":[{"@type":"ReadAction","target":["https:\/\/balkangreenenergynews.com\/rs\/rezerve-vode-u-evropi-opasno-niske-zbog-seste-uzastopne-susne-godine\/"]}]},{"@type":"ImageObject","inLanguage":"sr-RS","@id":"https:\/\/balkangreenenergynews.com\/rs\/rezerve-vode-u-evropi-opasno-niske-zbog-seste-uzastopne-susne-godine\/#primaryimage","url":"https:\/\/balkangreenenergynews.com\/rs\/wp-content\/uploads\/2023\/04\/Sesta-godina-suse-iscrpljuje-rezerve-vode-u-Evropi.jpg?wsr","contentUrl":"https:\/\/balkangreenenergynews.com\/rs\/wp-content\/uploads\/2023\/04\/Sesta-godina-suse-iscrpljuje-rezerve-vode-u-Evropi.jpg?wsr","width":840,"height":430,"caption":"\u0160esta godina su\u0161e iscrpljuje rezerve vode u Evropi"},{"@type":"BreadcrumbList","@id":"https:\/\/balkangreenenergynews.com\/rs\/rezerve-vode-u-evropi-opasno-niske-zbog-seste-uzastopne-susne-godine\/#breadcrumb","itemListElement":[{"@type":"ListItem","position":1,"name":"Po\u010detna","item":"https:\/\/balkangreenenergynews.com\/rs\/"},{"@type":"ListItem","position":2,"name":"Klimatske promene","item":"https:\/\/balkangreenenergynews.com\/rs\/kategorija\/klimatske-promene\/"},{"@type":"ListItem","position":3,"name":"Rezerve vode u Evropi opasno niske zbog \u0161este uzastopne su\u0161ne godine"}]},{"@type":"WebSite","@id":"https:\/\/balkangreenenergynews.com\/rs\/#website","url":"https:\/\/balkangreenenergynews.com\/rs\/","name":"Balkan Green Energy News","description":"Naj\u0161iri izbor vesti sa Balkana o zelenoj energiji","potentialAction":[{"@type":"SearchAction","target":{"@type":"EntryPoint","urlTemplate":"https:\/\/balkangreenenergynews.com\/rs\/?s={search_term_string}"},"query-input":{"@type":"PropertyValueSpecification","valueRequired":true,"valueName":"search_term_string"}}],"inLanguage":"sr-RS"},{"@type":"Person","@id":"https:\/\/balkangreenenergynews.com\/rs\/#\/schema\/person\/4b3c5831bbc05a72630d12560df2b3f8","name":"Jelisaveta Peri\u0161i\u0107","url":"https:\/\/balkangreenenergynews.com\/rs\/author\/jelisavet-perisic\/"}]}},"_links":{"self":[{"href":"https:\/\/balkangreenenergynews.com\/rs\/wp-json\/wp\/v2\/posts\/58510","targetHints":{"allow":["GET"]}}],"collection":[{"href":"https:\/\/balkangreenenergynews.com\/rs\/wp-json\/wp\/v2\/posts"}],"about":[{"href":"https:\/\/balkangreenenergynews.com\/rs\/wp-json\/wp\/v2\/types\/post"}],"author":[{"embeddable":true,"href":"https:\/\/balkangreenenergynews.com\/rs\/wp-json\/wp\/v2\/users\/34"}],"replies":[{"embeddable":true,"href":"https:\/\/balkangreenenergynews.com\/rs\/wp-json\/wp\/v2\/comments?post=58510"}],"version-history":[{"count":0,"href":"https:\/\/balkangreenenergynews.com\/rs\/wp-json\/wp\/v2\/posts\/58510\/revisions"}],"wp:featuredmedia":[{"embeddable":true,"href":"https:\/\/balkangreenenergynews.com\/rs\/wp-json\/wp\/v2\/media\/58516"}],"wp:attachment":[{"href":"https:\/\/balkangreenenergynews.com\/rs\/wp-json\/wp\/v2\/media?parent=58510"}],"wp:term":[{"taxonomy":"category","embeddable":true,"href":"https:\/\/balkangreenenergynews.com\/rs\/wp-json\/wp\/v2\/categories?post=58510"},{"taxonomy":"post_tag","embeddable":true,"href":"https:\/\/balkangreenenergynews.com\/rs\/wp-json\/wp\/v2\/tags?post=58510"}],"curies":[{"name":"wp","href":"https:\/\/api.w.org\/{rel}","templated":true}]}}