{"id":58171,"date":"2023-04-17T13:11:39","date_gmt":"2023-04-17T11:11:39","guid":{"rendered":"https:\/\/balkangreenenergynews.com\/rs\/?p=58171"},"modified":"2023-04-17T13:11:39","modified_gmt":"2023-04-17T11:11:39","slug":"imate-zelene-ideje-prijavite-se-na-konkurs-trag-fondacije","status":"publish","type":"post","link":"https:\/\/balkangreenenergynews.com\/rs\/imate-zelene-ideje-prijavite-se-na-konkurs-trag-fondacije\/","title":{"rendered":"Imate zelene ideje &#8211; prijavite se na konkurs Trag fondacije"},"content":{"rendered":"<h2>Trag fondacija je i <a href=\"https:\/\/balkangreenenergynews.com\/rs\/trag-fondacija-donira-tri-puta-po-5-000-dolara-za-zelene-ideje-u-srbiji\/\">ove godine<\/a> otvorila konkurs za prijave na program Zelene ideje. Mogu da se prijave udru\u017eenja koja \u017eele da primenjuju tehnologije i znanja iz poslovnog sektora kako bi re\u0161ila dru\u0161tvene probleme u okviru svojih zajednica i time doprinesu o\u010duvanju \u017eivotne sredine i odr\u017eivom razvoju. Rok je do 10. maja.<\/h2>\n<p>Program je namenjen podr\u0161ci zelenim idejama, koje predstavljaju pravo sada\u0161nje generacije na iskori\u0161\u0107avanje resursa i \u017eivotne sredine na na\u010din koji ne\u0107e ugroziti isto pravo budu\u0107im generacijama, saop\u0161tila je Trag fondacija.<\/p>\n<p>Ideje se prijavljuju onlajn, popunjavanjem <a href=\"https:\/\/forms.monday.com\/forms\/83ed5e0a27fdfc0476b83ea43abe958f?r=use1\"><strong>formulara<\/strong><\/a>, koji uklju\u010duje tabelu sa projektovanim bud\u017eetom.<\/p>\n<p>Za u\u010de\u0161\u0107e se mogu prijaviti udru\u017eenja gra\u0111ana, fondacije, zadu\u017ebine, zadruge i privredna dru\u0161tva koja planiraju da postanu solidarni preduzetnici ili su po\u010detnici u solidarnom preduzetni\u0161tvu.<\/p>\n<h3>Solidarno preduzetni\u0161tvo<\/h3>\n<p>\u0160ta je solidarno preduzetni\u0161tvo? Solidarna ekonomija po\u010diva na vrednostima koje su izgradili gra\u0111ani, za gra\u0111ane i za planetu. Cilj joj je da odgovori na potrebe zajednice, ispunjavaju\u0107i dru\u0161tvene ciljeve oslanjanjem na poslovni model rada.<\/p>\n<p>Solidarni preduzetnici su oni koji iskori\u0161\u0107avaju resurse, upravljaju svojim investicijama i\u00a0 tehnolo\u0161kim i institucionalnim promenama tako \u0161to ih uskla\u0111uju sa budu\u0107im potrebama.<\/p>\n<p>Program je usmeren na udru\u017eenja, a ne na pojedince, jer su uzajamnost i me\u0111usobna podr\u0161ka osnovne vrednosti solidarne ekonomije, stoji u konkursu.<\/p>\n<p>Zainteresovana udru\u017eenja moraju da budu organizovana na demokratskim principima. U fondaciji ka\u017eu da takav tip organizacije zna\u010di da grupa razvija sistem zajedni\u010dkog rada.<\/p>\n<h3>Tok programa<\/h3>\n<p>U\u010desnici \u010dije ideje budu izabrane, pro\u0107i \u0107e obaveznu obuku o solidarnom preduzetni\u0161tvu, koja \u0107e biti odr\u017eana 26. do 28. maja u Beogradu.<\/p>\n<p>Nakon obuke, 20. juna, bi\u0107e organizovan nacionalni Forum za zelene ideje. Prvoplasirani, drugoplasirani i tre\u0107eplasirani solidarni preduzetnici osvoji\u0107e donacije od po 5.000 dolara.<\/p>\n<p>Dobitnici donacija \u0107e u\u010destvovati na regionalnom takmi\u010denju Zelene ideje Balkana. Organizuje ga Fond bra\u0107e Rokfeler. Bi\u0107e odr\u017eano krajem septembra 2023. godine. Osim predstavnika iz Srbije, na regionalnom takmi\u010denju \u0107e u\u010destvovati po tri predstavnika iz Albanije, Bosne i Hercegovine, Crne Gore, Gr\u010dke, Kosova* i Severne Makedonije.<\/p>\n<p>Bori\u0107e se za dodatna sredstva u dve kategorije: koncept zelene ideje i razvijena zelena ideja.<\/p>\n<p>Zelene ideje koje Trag fondacija podr\u017eava treba da doprinose jednom ili vi\u0161e navedenih ciljeva odr\u017eivog razvoja: 2. Svet bez gladi; 7. Dostupna i obnovljiva energija; 8. Dostojanstven rast i ekonomski razvoj; 11. Odr\u017eivi gradovi i zajednice; 12. Odgovorna potro\u0161nja i proizvodnja; 13. Akcija za klimu; i 15. \u017divot na zemlji.<\/p>\n","protected":false},"excerpt":{"rendered":"<p>Trag fondacija je objavila poziv na konkurs za zelene ideje, na koji se mogu prijaviti zainteresovana udru\u017eenja i osvojiti 5.000 dolara.<\/p>\n","protected":false},"author":34,"featured_media":58172,"comment_status":"open","ping_status":"open","sticky":false,"template":"","format":"standard","meta":{"_acf_changed":false,"_monsterinsights_skip_tracking":false,"_monsterinsights_sitenote_active":false,"_monsterinsights_sitenote_note":"","_monsterinsights_sitenote_category":0,"footnotes":""},"categories":[4],"tags":[6231,1079,5921],"class_list":["post-58171","post","type-post","status-publish","format-standard","has-post-thumbnail","hentry","category-zivotna-sredina","tag-lokalne-zajednice","tag-odrzivi-razvoj","tag-zivotna-sredina","country-srbija"],"acf":[],"yoast_head":"<!-- This site is optimized with the Yoast SEO plugin v27.4 - https:\/\/yoast.com\/product\/yoast-seo-wordpress\/ -->\n<title>Imate zelene ideje - prijavite se na konkurs Trag fondacije<\/title>\n<meta name=\"description\" content=\"Trag fondacija je objavila poziv na konkurs za zelene ideje, na koji se mogu prijaviti zainteresovana udru\u017eenja i osvojiti 5.000 dolara.\" \/>\n<meta name=\"robots\" content=\"index, follow, max-snippet:-1, max-image-preview:large, max-video-preview:-1\" \/>\n<link rel=\"canonical\" href=\"https:\/\/balkangreenenergynews.com\/rs\/imate-zelene-ideje-prijavite-se-na-konkurs-trag-fondacije\/\" \/>\n<meta property=\"og:locale\" content=\"sr_RS\" \/>\n<meta property=\"og:type\" content=\"article\" \/>\n<meta property=\"og:title\" content=\"Imate zelene ideje - prijavite se na konkurs Trag fondacije\" \/>\n<meta property=\"og:description\" content=\"Trag fondacija je objavila poziv na konkurs za zelene ideje, na koji se mogu prijaviti zainteresovana udru\u017eenja i osvojiti 5.000 dolara.\" \/>\n<meta property=\"og:url\" content=\"https:\/\/balkangreenenergynews.com\/rs\/imate-zelene-ideje-prijavite-se-na-konkurs-trag-fondacije\/\" \/>\n<meta property=\"og:site_name\" content=\"Balkan Green Energy News\" \/>\n<meta property=\"article:published_time\" content=\"2023-04-17T11:11:39+00:00\" \/>\n<meta property=\"og:image\" content=\"https:\/\/balkangreenenergynews.com\/rs\/wp-content\/uploads\/2023\/04\/Imas-zelenu-ideju-prijavi-se-na-konkurs-Trag-fondacije.jpg\" \/>\n\t<meta property=\"og:image:width\" content=\"840\" \/>\n\t<meta property=\"og:image:height\" content=\"430\" \/>\n\t<meta property=\"og:image:type\" content=\"image\/jpeg\" \/>\n<meta name=\"author\" content=\"Jelisaveta Peri\u0161i\u0107\" \/>\n<meta name=\"twitter:card\" content=\"summary_large_image\" \/>\n<meta name=\"twitter:label1\" content=\"\u041d\u0430\u043f\u0438\u0441\u0430\u043d\u043e \u043e\u0434\" \/>\n\t<meta name=\"twitter:data1\" content=\"Jelisaveta Peri\u0161i\u0107\" \/>\n\t<meta name=\"twitter:label2\" content=\"\u041f\u0440\u043e\u0446\u0435\u045a\u0435\u043d\u043e \u0432\u0440\u0435\u043c\u0435 \u0447\u0438\u0442\u0430\u045a\u0430\" \/>\n\t<meta name=\"twitter:data2\" content=\"3 \u043c\u0438\u043d\u0443\u0442\u0430\" \/>\n<script type=\"application\/ld+json\" class=\"yoast-schema-graph\">{\"@context\":\"https:\\\/\\\/schema.org\",\"@graph\":[{\"@type\":\"Article\",\"@id\":\"https:\\\/\\\/balkangreenenergynews.com\\\/rs\\\/imate-zelene-ideje-prijavite-se-na-konkurs-trag-fondacije\\\/#article\",\"isPartOf\":{\"@id\":\"https:\\\/\\\/balkangreenenergynews.com\\\/rs\\\/imate-zelene-ideje-prijavite-se-na-konkurs-trag-fondacije\\\/\"},\"author\":{\"name\":\"Jelisaveta Peri\u0161i\u0107\",\"@id\":\"https:\\\/\\\/balkangreenenergynews.com\\\/rs\\\/#\\\/schema\\\/person\\\/4b3c5831bbc05a72630d12560df2b3f8\"},\"headline\":\"Imate zelene ideje &#8211; prijavite se na konkurs Trag fondacije\",\"datePublished\":\"2023-04-17T11:11:39+00:00\",\"mainEntityOfPage\":{\"@id\":\"https:\\\/\\\/balkangreenenergynews.com\\\/rs\\\/imate-zelene-ideje-prijavite-se-na-konkurs-trag-fondacije\\\/\"},\"wordCount\":437,\"commentCount\":0,\"image\":{\"@id\":\"https:\\\/\\\/balkangreenenergynews.com\\\/rs\\\/imate-zelene-ideje-prijavite-se-na-konkurs-trag-fondacije\\\/#primaryimage\"},\"thumbnailUrl\":\"https:\\\/\\\/balkangreenenergynews.com\\\/rs\\\/wp-content\\\/uploads\\\/2023\\\/04\\\/Imas-zelenu-ideju-prijavi-se-na-konkurs-Trag-fondacije.jpg?wsr\",\"keywords\":[\"lokalne zajednice\",\"odr\u017eivi razvoj\",\"\u017eivotna sredina\"],\"articleSection\":[\"\u017divotna sredina\"],\"inLanguage\":\"sr-RS\",\"potentialAction\":[{\"@type\":\"CommentAction\",\"name\":\"Comment\",\"target\":[\"https:\\\/\\\/balkangreenenergynews.com\\\/rs\\\/imate-zelene-ideje-prijavite-se-na-konkurs-trag-fondacije\\\/#respond\"]}]},{\"@type\":\"WebPage\",\"@id\":\"https:\\\/\\\/balkangreenenergynews.com\\\/rs\\\/imate-zelene-ideje-prijavite-se-na-konkurs-trag-fondacije\\\/\",\"url\":\"https:\\\/\\\/balkangreenenergynews.com\\\/rs\\\/imate-zelene-ideje-prijavite-se-na-konkurs-trag-fondacije\\\/\",\"name\":\"Imate zelene ideje - prijavite se na konkurs Trag fondacije\",\"isPartOf\":{\"@id\":\"https:\\\/\\\/balkangreenenergynews.com\\\/rs\\\/#website\"},\"primaryImageOfPage\":{\"@id\":\"https:\\\/\\\/balkangreenenergynews.com\\\/rs\\\/imate-zelene-ideje-prijavite-se-na-konkurs-trag-fondacije\\\/#primaryimage\"},\"image\":{\"@id\":\"https:\\\/\\\/balkangreenenergynews.com\\\/rs\\\/imate-zelene-ideje-prijavite-se-na-konkurs-trag-fondacije\\\/#primaryimage\"},\"thumbnailUrl\":\"https:\\\/\\\/balkangreenenergynews.com\\\/rs\\\/wp-content\\\/uploads\\\/2023\\\/04\\\/Imas-zelenu-ideju-prijavi-se-na-konkurs-Trag-fondacije.jpg?wsr\",\"datePublished\":\"2023-04-17T11:11:39+00:00\",\"author\":{\"@id\":\"https:\\\/\\\/balkangreenenergynews.com\\\/rs\\\/#\\\/schema\\\/person\\\/4b3c5831bbc05a72630d12560df2b3f8\"},\"description\":\"Trag fondacija je objavila poziv na konkurs za zelene ideje, na koji se mogu prijaviti zainteresovana udru\u017eenja i osvojiti 5.000 dolara.\",\"breadcrumb\":{\"@id\":\"https:\\\/\\\/balkangreenenergynews.com\\\/rs\\\/imate-zelene-ideje-prijavite-se-na-konkurs-trag-fondacije\\\/#breadcrumb\"},\"inLanguage\":\"sr-RS\",\"potentialAction\":[{\"@type\":\"ReadAction\",\"target\":[\"https:\\\/\\\/balkangreenenergynews.com\\\/rs\\\/imate-zelene-ideje-prijavite-se-na-konkurs-trag-fondacije\\\/\"]}]},{\"@type\":\"ImageObject\",\"inLanguage\":\"sr-RS\",\"@id\":\"https:\\\/\\\/balkangreenenergynews.com\\\/rs\\\/imate-zelene-ideje-prijavite-se-na-konkurs-trag-fondacije\\\/#primaryimage\",\"url\":\"https:\\\/\\\/balkangreenenergynews.com\\\/rs\\\/wp-content\\\/uploads\\\/2023\\\/04\\\/Imas-zelenu-ideju-prijavi-se-na-konkurs-Trag-fondacije.jpg?wsr\",\"contentUrl\":\"https:\\\/\\\/balkangreenenergynews.com\\\/rs\\\/wp-content\\\/uploads\\\/2023\\\/04\\\/Imas-zelenu-ideju-prijavi-se-na-konkurs-Trag-fondacije.jpg?wsr\",\"width\":840,\"height\":430,\"caption\":\"Imate zelene ideje, prijavi se na konkurs Trag fondacije\"},{\"@type\":\"BreadcrumbList\",\"@id\":\"https:\\\/\\\/balkangreenenergynews.com\\\/rs\\\/imate-zelene-ideje-prijavite-se-na-konkurs-trag-fondacije\\\/#breadcrumb\",\"itemListElement\":[{\"@type\":\"ListItem\",\"position\":1,\"name\":\"Po\u010detna\",\"item\":\"https:\\\/\\\/balkangreenenergynews.com\\\/rs\\\/\"},{\"@type\":\"ListItem\",\"position\":2,\"name\":\"Vesti\",\"item\":\"https:\\\/\\\/balkangreenenergynews.com\\\/rs\\\/kategorija\\\/vesti\\\/\"},{\"@type\":\"ListItem\",\"position\":3,\"name\":\"\u017divotna sredina\",\"item\":\"https:\\\/\\\/balkangreenenergynews.com\\\/rs\\\/kategorija\\\/vesti\\\/zivotna-sredina\\\/\"},{\"@type\":\"ListItem\",\"position\":4,\"name\":\"Imate zelene ideje &#8211; prijavite se na konkurs Trag fondacije\"}]},{\"@type\":\"WebSite\",\"@id\":\"https:\\\/\\\/balkangreenenergynews.com\\\/rs\\\/#website\",\"url\":\"https:\\\/\\\/balkangreenenergynews.com\\\/rs\\\/\",\"name\":\"Balkan Green Energy News\",\"description\":\"Naj\u0161iri izbor vesti sa Balkana o zelenoj energiji\",\"potentialAction\":[{\"@type\":\"SearchAction\",\"target\":{\"@type\":\"EntryPoint\",\"urlTemplate\":\"https:\\\/\\\/balkangreenenergynews.com\\\/rs\\\/?s={search_term_string}\"},\"query-input\":{\"@type\":\"PropertyValueSpecification\",\"valueRequired\":true,\"valueName\":\"search_term_string\"}}],\"inLanguage\":\"sr-RS\"},{\"@type\":\"Person\",\"@id\":\"https:\\\/\\\/balkangreenenergynews.com\\\/rs\\\/#\\\/schema\\\/person\\\/4b3c5831bbc05a72630d12560df2b3f8\",\"name\":\"Jelisaveta Peri\u0161i\u0107\",\"url\":\"https:\\\/\\\/balkangreenenergynews.com\\\/rs\\\/author\\\/jelisavet-perisic\\\/\"}]}<\/script>\n<!-- \/ Yoast SEO plugin. -->","yoast_head_json":{"title":"Imate zelene ideje - prijavite se na konkurs Trag fondacije","description":"Trag fondacija je objavila poziv na konkurs za zelene ideje, na koji se mogu prijaviti zainteresovana udru\u017eenja i osvojiti 5.000 dolara.","robots":{"index":"index","follow":"follow","max-snippet":"max-snippet:-1","max-image-preview":"max-image-preview:large","max-video-preview":"max-video-preview:-1"},"canonical":"https:\/\/balkangreenenergynews.com\/rs\/imate-zelene-ideje-prijavite-se-na-konkurs-trag-fondacije\/","og_locale":"sr_RS","og_type":"article","og_title":"Imate zelene ideje - prijavite se na konkurs Trag fondacije","og_description":"Trag fondacija je objavila poziv na konkurs za zelene ideje, na koji se mogu prijaviti zainteresovana udru\u017eenja i osvojiti 5.000 dolara.","og_url":"https:\/\/balkangreenenergynews.com\/rs\/imate-zelene-ideje-prijavite-se-na-konkurs-trag-fondacije\/","og_site_name":"Balkan Green Energy News","article_published_time":"2023-04-17T11:11:39+00:00","og_image":[{"width":840,"height":430,"url":"https:\/\/balkangreenenergynews.com\/rs\/wp-content\/uploads\/2023\/04\/Imas-zelenu-ideju-prijavi-se-na-konkurs-Trag-fondacije.jpg","type":"image\/jpeg"}],"author":"Jelisaveta Peri\u0161i\u0107","twitter_card":"summary_large_image","twitter_misc":{"\u041d\u0430\u043f\u0438\u0441\u0430\u043d\u043e \u043e\u0434":"Jelisaveta Peri\u0161i\u0107","\u041f\u0440\u043e\u0446\u0435\u045a\u0435\u043d\u043e \u0432\u0440\u0435\u043c\u0435 \u0447\u0438\u0442\u0430\u045a\u0430":"3 \u043c\u0438\u043d\u0443\u0442\u0430"},"schema":{"@context":"https:\/\/schema.org","@graph":[{"@type":"Article","@id":"https:\/\/balkangreenenergynews.com\/rs\/imate-zelene-ideje-prijavite-se-na-konkurs-trag-fondacije\/#article","isPartOf":{"@id":"https:\/\/balkangreenenergynews.com\/rs\/imate-zelene-ideje-prijavite-se-na-konkurs-trag-fondacije\/"},"author":{"name":"Jelisaveta Peri\u0161i\u0107","@id":"https:\/\/balkangreenenergynews.com\/rs\/#\/schema\/person\/4b3c5831bbc05a72630d12560df2b3f8"},"headline":"Imate zelene ideje &#8211; prijavite se na konkurs Trag fondacije","datePublished":"2023-04-17T11:11:39+00:00","mainEntityOfPage":{"@id":"https:\/\/balkangreenenergynews.com\/rs\/imate-zelene-ideje-prijavite-se-na-konkurs-trag-fondacije\/"},"wordCount":437,"commentCount":0,"image":{"@id":"https:\/\/balkangreenenergynews.com\/rs\/imate-zelene-ideje-prijavite-se-na-konkurs-trag-fondacije\/#primaryimage"},"thumbnailUrl":"https:\/\/balkangreenenergynews.com\/rs\/wp-content\/uploads\/2023\/04\/Imas-zelenu-ideju-prijavi-se-na-konkurs-Trag-fondacije.jpg?wsr","keywords":["lokalne zajednice","odr\u017eivi razvoj","\u017eivotna sredina"],"articleSection":["\u017divotna sredina"],"inLanguage":"sr-RS","potentialAction":[{"@type":"CommentAction","name":"Comment","target":["https:\/\/balkangreenenergynews.com\/rs\/imate-zelene-ideje-prijavite-se-na-konkurs-trag-fondacije\/#respond"]}]},{"@type":"WebPage","@id":"https:\/\/balkangreenenergynews.com\/rs\/imate-zelene-ideje-prijavite-se-na-konkurs-trag-fondacije\/","url":"https:\/\/balkangreenenergynews.com\/rs\/imate-zelene-ideje-prijavite-se-na-konkurs-trag-fondacije\/","name":"Imate zelene ideje - prijavite se na konkurs Trag fondacije","isPartOf":{"@id":"https:\/\/balkangreenenergynews.com\/rs\/#website"},"primaryImageOfPage":{"@id":"https:\/\/balkangreenenergynews.com\/rs\/imate-zelene-ideje-prijavite-se-na-konkurs-trag-fondacije\/#primaryimage"},"image":{"@id":"https:\/\/balkangreenenergynews.com\/rs\/imate-zelene-ideje-prijavite-se-na-konkurs-trag-fondacije\/#primaryimage"},"thumbnailUrl":"https:\/\/balkangreenenergynews.com\/rs\/wp-content\/uploads\/2023\/04\/Imas-zelenu-ideju-prijavi-se-na-konkurs-Trag-fondacije.jpg?wsr","datePublished":"2023-04-17T11:11:39+00:00","author":{"@id":"https:\/\/balkangreenenergynews.com\/rs\/#\/schema\/person\/4b3c5831bbc05a72630d12560df2b3f8"},"description":"Trag fondacija je objavila poziv na konkurs za zelene ideje, na koji se mogu prijaviti zainteresovana udru\u017eenja i osvojiti 5.000 dolara.","breadcrumb":{"@id":"https:\/\/balkangreenenergynews.com\/rs\/imate-zelene-ideje-prijavite-se-na-konkurs-trag-fondacije\/#breadcrumb"},"inLanguage":"sr-RS","potentialAction":[{"@type":"ReadAction","target":["https:\/\/balkangreenenergynews.com\/rs\/imate-zelene-ideje-prijavite-se-na-konkurs-trag-fondacije\/"]}]},{"@type":"ImageObject","inLanguage":"sr-RS","@id":"https:\/\/balkangreenenergynews.com\/rs\/imate-zelene-ideje-prijavite-se-na-konkurs-trag-fondacije\/#primaryimage","url":"https:\/\/balkangreenenergynews.com\/rs\/wp-content\/uploads\/2023\/04\/Imas-zelenu-ideju-prijavi-se-na-konkurs-Trag-fondacije.jpg?wsr","contentUrl":"https:\/\/balkangreenenergynews.com\/rs\/wp-content\/uploads\/2023\/04\/Imas-zelenu-ideju-prijavi-se-na-konkurs-Trag-fondacije.jpg?wsr","width":840,"height":430,"caption":"Imate zelene ideje, prijavi se na konkurs Trag fondacije"},{"@type":"BreadcrumbList","@id":"https:\/\/balkangreenenergynews.com\/rs\/imate-zelene-ideje-prijavite-se-na-konkurs-trag-fondacije\/#breadcrumb","itemListElement":[{"@type":"ListItem","position":1,"name":"Po\u010detna","item":"https:\/\/balkangreenenergynews.com\/rs\/"},{"@type":"ListItem","position":2,"name":"Vesti","item":"https:\/\/balkangreenenergynews.com\/rs\/kategorija\/vesti\/"},{"@type":"ListItem","position":3,"name":"\u017divotna sredina","item":"https:\/\/balkangreenenergynews.com\/rs\/kategorija\/vesti\/zivotna-sredina\/"},{"@type":"ListItem","position":4,"name":"Imate zelene ideje &#8211; prijavite se na konkurs Trag fondacije"}]},{"@type":"WebSite","@id":"https:\/\/balkangreenenergynews.com\/rs\/#website","url":"https:\/\/balkangreenenergynews.com\/rs\/","name":"Balkan Green Energy News","description":"Naj\u0161iri izbor vesti sa Balkana o zelenoj energiji","potentialAction":[{"@type":"SearchAction","target":{"@type":"EntryPoint","urlTemplate":"https:\/\/balkangreenenergynews.com\/rs\/?s={search_term_string}"},"query-input":{"@type":"PropertyValueSpecification","valueRequired":true,"valueName":"search_term_string"}}],"inLanguage":"sr-RS"},{"@type":"Person","@id":"https:\/\/balkangreenenergynews.com\/rs\/#\/schema\/person\/4b3c5831bbc05a72630d12560df2b3f8","name":"Jelisaveta Peri\u0161i\u0107","url":"https:\/\/balkangreenenergynews.com\/rs\/author\/jelisavet-perisic\/"}]}},"_links":{"self":[{"href":"https:\/\/balkangreenenergynews.com\/rs\/wp-json\/wp\/v2\/posts\/58171","targetHints":{"allow":["GET"]}}],"collection":[{"href":"https:\/\/balkangreenenergynews.com\/rs\/wp-json\/wp\/v2\/posts"}],"about":[{"href":"https:\/\/balkangreenenergynews.com\/rs\/wp-json\/wp\/v2\/types\/post"}],"author":[{"embeddable":true,"href":"https:\/\/balkangreenenergynews.com\/rs\/wp-json\/wp\/v2\/users\/34"}],"replies":[{"embeddable":true,"href":"https:\/\/balkangreenenergynews.com\/rs\/wp-json\/wp\/v2\/comments?post=58171"}],"version-history":[{"count":0,"href":"https:\/\/balkangreenenergynews.com\/rs\/wp-json\/wp\/v2\/posts\/58171\/revisions"}],"wp:featuredmedia":[{"embeddable":true,"href":"https:\/\/balkangreenenergynews.com\/rs\/wp-json\/wp\/v2\/media\/58172"}],"wp:attachment":[{"href":"https:\/\/balkangreenenergynews.com\/rs\/wp-json\/wp\/v2\/media?parent=58171"}],"wp:term":[{"taxonomy":"category","embeddable":true,"href":"https:\/\/balkangreenenergynews.com\/rs\/wp-json\/wp\/v2\/categories?post=58171"},{"taxonomy":"post_tag","embeddable":true,"href":"https:\/\/balkangreenenergynews.com\/rs\/wp-json\/wp\/v2\/tags?post=58171"}],"curies":[{"name":"wp","href":"https:\/\/api.w.org\/{rel}","templated":true}]}}