{"id":57840,"date":"2023-04-04T12:41:54","date_gmt":"2023-04-04T10:41:54","guid":{"rendered":"https:\/\/balkangreenenergynews.com\/rs\/?p=57840"},"modified":"2023-04-10T08:11:07","modified_gmt":"2023-04-10T06:11:07","slug":"prijavite-se-za-posao-solarnog-montera-u-nemackoj","status":"publish","type":"post","link":"https:\/\/balkangreenenergynews.com\/rs\/prijavite-se-za-posao-solarnog-montera-u-nemackoj\/","title":{"rendered":"Prijavite se za posao solarnog montera u Nema\u010dkoj"},"content":{"rendered":"<h2>Agencija Jobstep raspisala je konkurs za posao montera solarnih panela u Nema\u010dkoj. Solarni monteri su sve tra\u017eenije zanimanje jer kori\u0161\u0107enje solarne energije do\u017eivljava pravu revoluciju.<\/h2>\n<p>Jobstep, agencija sa sedi\u0161tem u Biha\u0107u, u martu i aprilu je organizovala razgovore za posao solarnog montera u Tuzli, a sada su lokacije Sarajevo i Banjaluka. Ina\u010de, obuke za solarne montere organizuju se \u0161irom regiona, a nedavno su najavljenji <a href=\"https:\/\/balkangreenenergynews.com\/rs\/prijavite-se-za-novi-ciklus-obuke-za-solarne-montere-broj-mesta-ogranicen\/\">novi treninzi u Srbiji<\/a>.<\/p>\n<p>&#8222;Ako ste elektro ili sli\u010dne struke pozivamo vas na razgovor za posao montera solarnih panela koji \u0107e se odr\u017eati u Sarajevu i Banjaluci u aprilu&#8220;, navodi se u pozivu agencije.<\/p>\n<blockquote><p>Poznavanje nema\u010dkog jezika nije uslov<\/p><\/blockquote>\n<p>Po\u010detna bruto plata je, kako su naveli, 3.500 evra, od \u010dega je 2.600 evra plata, a 900 evra su bonusi i topli obrok.<\/p>\n<p>Ina\u010de, to zna\u010di da bi okvirna neto plata mogla da bude 1.700-1.900 evra, dok se ovih 900 evra odnosi na period od 12 meseci.<\/p>\n<p>Poznavanje nema\u010dkog jezika nije uslov, a prijave mogu da predaju i oni koji su dr\u017eavljani i oni koji nisu dr\u017eavljani Evropske unije.<\/p>\n<p>Kada je re\u010d o uslovima rada, agencija je navela da je monterima obezbe\u0111eno slu\u017ebeno vozilo, i osiguran sme\u0161taj u prva tri meseca. Za to vreme zaposleni tra\u017ei svoj sme\u0161taj i u tome mu poma\u017ee poslodavac, naveo je Jobstep.<\/p>\n<blockquote><p>Broj zaposlenih u solarnom sektoru u EU pove\u0107ao se 30 odsto u 2022.<\/p><\/blockquote>\n<p>Agencija je <a href=\"https:\/\/job-step.net\/konkurs\/uzbudljiva-poslovna-prilika-za-elektro-i-slicne-struke\/120\">navela<\/a> koje su odgovaraju\u0107e struke za posao:<br \/>\n&#8211; Elektrotehni\u010dar energetike<br \/>\n&#8211; Elektroinstalater<br \/>\n&#8211; Tehni\u010dar elektroenergetike<br \/>\n&#8211; Elektromehani\u010dar<br \/>\n&#8211; Elektromonter<br \/>\n&#8211; Elektrotehni\u010dar<br \/>\n&#8211; Elektroenergeti\u010dar energetike<br \/>\n&#8211; Elektroenergeti\u010dar<br \/>\n&#8211; Elektri\u010dar<br \/>\n&#8211; Tehni\u010dar mehatronike<br \/>\n&#8211; Elektromehani\u010dar pogona<br \/>\n&#8211; Elektromehani\u010dar za ma\u0161ine i opremu<br \/>\n&#8211; Elektrotehni\u010dar procesnog upravljanja<br \/>\n&#8211; Mehani\u010dar ma\u0161ina i postrojenja<br \/>\n&#8211; Tehni\u010dar elektronike<br \/>\n&#8211; Elektrotehni\u010dar elektronike.<\/p>\n<p>Ina\u010de, broj radnika u industriju solarne energetike u EU pro\u0161le godine je pove\u0107an 30 odsto i dostigao je 600.000, uklju\u010duju\u0107i indirektne poslove u sektoru materijala i logistike, saop\u0161tilo je udru\u017eenje SolarPower Europe.<\/p>\n<p>Njegove procene govore da \u0107e do 2030 Evropi biti potrebno vi\u0161e od milion radnika kako bi se dostigli ambiciozni ciljevi za kori\u0161\u0107enje obnovljivih izvora energije. Oko 80 odsto poslova povezanih sa solarom do 2030. odnosi\u0107e se na samo instaliranje.<\/p>\n","protected":false},"excerpt":{"rendered":"<p>Poznavanje nema\u010dkog jezika nije uslov, a prijave mogu da predaju i oni koji jesu i oni koji nisu dr\u017eavljani Evropske unije<\/p>\n","protected":false},"author":23,"featured_media":57845,"comment_status":"open","ping_status":"open","sticky":false,"template":"","format":"standard","meta":{"_acf_changed":false,"_monsterinsights_skip_tracking":false,"_monsterinsights_sitenote_active":false,"_monsterinsights_sitenote_note":"","_monsterinsights_sitenote_category":0,"footnotes":""},"categories":[1],"tags":[652,1515,403,1890,966],"class_list":["post-57840","post","type-post","status-publish","format-standard","has-post-thumbnail","hentry","category-obnovljivi-izvori-energije","tag-investicije","tag-posao","tag-solar","tag-solarne-elektrane","tag-solarni-paneli","country-bosna-i-hercegovina"],"acf":[],"yoast_head":"<!-- This site is optimized with the Yoast SEO plugin v27.4 - https:\/\/yoast.com\/product\/yoast-seo-wordpress\/ -->\n<title>Prijavite se za posao solarnog montera u Nema\u010dkoj<\/title>\n<meta name=\"description\" content=\"Poznavanje nema\u010dkog jezika nije uslov, a prijave mogu da predaju i oni koji jesu i oni koji nisu dr\u017eavljani Evropske unije\" \/>\n<meta name=\"robots\" content=\"index, follow, max-snippet:-1, max-image-preview:large, max-video-preview:-1\" \/>\n<link rel=\"canonical\" href=\"https:\/\/balkangreenenergynews.com\/rs\/prijavite-se-za-posao-solarnog-montera-u-nemackoj\/\" \/>\n<meta property=\"og:locale\" content=\"sr_RS\" \/>\n<meta property=\"og:type\" content=\"article\" \/>\n<meta property=\"og:title\" content=\"Prijavite se za posao solarnog montera u Nema\u010dkoj\" \/>\n<meta property=\"og:description\" content=\"Poznavanje nema\u010dkog jezika nije uslov, a prijave mogu da predaju i oni koji jesu i oni koji nisu dr\u017eavljani Evropske unije\" \/>\n<meta property=\"og:url\" content=\"https:\/\/balkangreenenergynews.com\/rs\/prijavite-se-za-posao-solarnog-montera-u-nemackoj\/\" \/>\n<meta property=\"og:site_name\" content=\"Balkan Green Energy News\" \/>\n<meta property=\"article:published_time\" content=\"2023-04-04T10:41:54+00:00\" \/>\n<meta property=\"article:modified_time\" content=\"2023-04-10T06:11:07+00:00\" \/>\n<meta property=\"og:image\" content=\"https:\/\/balkangreenenergynews.com\/rs\/wp-content\/uploads\/2023\/04\/posao-solarni-monteri-nemacka-konkurs.jpg\" \/>\n\t<meta property=\"og:image:width\" content=\"840\" \/>\n\t<meta property=\"og:image:height\" content=\"430\" \/>\n\t<meta property=\"og:image:type\" content=\"image\/jpeg\" \/>\n<meta name=\"author\" content=\"Vladimir Spasi\u0107\" \/>\n<meta name=\"twitter:card\" content=\"summary_large_image\" \/>\n<meta name=\"twitter:label1\" content=\"\u041d\u0430\u043f\u0438\u0441\u0430\u043d\u043e \u043e\u0434\" \/>\n\t<meta name=\"twitter:data1\" content=\"Vladimir Spasi\u0107\" \/>\n\t<meta name=\"twitter:label2\" content=\"\u041f\u0440\u043e\u0446\u0435\u045a\u0435\u043d\u043e \u0432\u0440\u0435\u043c\u0435 \u0447\u0438\u0442\u0430\u045a\u0430\" \/>\n\t<meta name=\"twitter:data2\" content=\"2 \u043c\u0438\u043d\u0443\u0442\u0430\" \/>\n<script type=\"application\/ld+json\" class=\"yoast-schema-graph\">{\"@context\":\"https:\\\/\\\/schema.org\",\"@graph\":[{\"@type\":\"Article\",\"@id\":\"https:\\\/\\\/balkangreenenergynews.com\\\/rs\\\/prijavite-se-za-posao-solarnog-montera-u-nemackoj\\\/#article\",\"isPartOf\":{\"@id\":\"https:\\\/\\\/balkangreenenergynews.com\\\/rs\\\/prijavite-se-za-posao-solarnog-montera-u-nemackoj\\\/\"},\"author\":{\"name\":\"Vladimir Spasi\u0107\",\"@id\":\"https:\\\/\\\/balkangreenenergynews.com\\\/rs\\\/#\\\/schema\\\/person\\\/99dc721c46113fea22caffad06ef7317\"},\"headline\":\"Prijavite se za posao solarnog montera u Nema\u010dkoj\",\"datePublished\":\"2023-04-04T10:41:54+00:00\",\"dateModified\":\"2023-04-10T06:11:07+00:00\",\"mainEntityOfPage\":{\"@id\":\"https:\\\/\\\/balkangreenenergynews.com\\\/rs\\\/prijavite-se-za-posao-solarnog-montera-u-nemackoj\\\/\"},\"wordCount\":398,\"commentCount\":6,\"image\":{\"@id\":\"https:\\\/\\\/balkangreenenergynews.com\\\/rs\\\/prijavite-se-za-posao-solarnog-montera-u-nemackoj\\\/#primaryimage\"},\"thumbnailUrl\":\"https:\\\/\\\/balkangreenenergynews.com\\\/rs\\\/wp-content\\\/uploads\\\/2023\\\/04\\\/posao-solarni-monteri-nemacka-konkurs.jpg?wsr\",\"keywords\":[\"investicije\",\"posao\",\"solar\",\"solarne elektrane\",\"solarni paneli\"],\"articleSection\":[\"OIE\"],\"inLanguage\":\"sr-RS\",\"potentialAction\":[{\"@type\":\"CommentAction\",\"name\":\"Comment\",\"target\":[\"https:\\\/\\\/balkangreenenergynews.com\\\/rs\\\/prijavite-se-za-posao-solarnog-montera-u-nemackoj\\\/#respond\"]}]},{\"@type\":\"WebPage\",\"@id\":\"https:\\\/\\\/balkangreenenergynews.com\\\/rs\\\/prijavite-se-za-posao-solarnog-montera-u-nemackoj\\\/\",\"url\":\"https:\\\/\\\/balkangreenenergynews.com\\\/rs\\\/prijavite-se-za-posao-solarnog-montera-u-nemackoj\\\/\",\"name\":\"Prijavite se za posao solarnog montera u Nema\u010dkoj\",\"isPartOf\":{\"@id\":\"https:\\\/\\\/balkangreenenergynews.com\\\/rs\\\/#website\"},\"primaryImageOfPage\":{\"@id\":\"https:\\\/\\\/balkangreenenergynews.com\\\/rs\\\/prijavite-se-za-posao-solarnog-montera-u-nemackoj\\\/#primaryimage\"},\"image\":{\"@id\":\"https:\\\/\\\/balkangreenenergynews.com\\\/rs\\\/prijavite-se-za-posao-solarnog-montera-u-nemackoj\\\/#primaryimage\"},\"thumbnailUrl\":\"https:\\\/\\\/balkangreenenergynews.com\\\/rs\\\/wp-content\\\/uploads\\\/2023\\\/04\\\/posao-solarni-monteri-nemacka-konkurs.jpg?wsr\",\"datePublished\":\"2023-04-04T10:41:54+00:00\",\"dateModified\":\"2023-04-10T06:11:07+00:00\",\"author\":{\"@id\":\"https:\\\/\\\/balkangreenenergynews.com\\\/rs\\\/#\\\/schema\\\/person\\\/99dc721c46113fea22caffad06ef7317\"},\"description\":\"Poznavanje nema\u010dkog jezika nije uslov, a prijave mogu da predaju i oni koji jesu i oni koji nisu dr\u017eavljani Evropske unije\",\"breadcrumb\":{\"@id\":\"https:\\\/\\\/balkangreenenergynews.com\\\/rs\\\/prijavite-se-za-posao-solarnog-montera-u-nemackoj\\\/#breadcrumb\"},\"inLanguage\":\"sr-RS\",\"potentialAction\":[{\"@type\":\"ReadAction\",\"target\":[\"https:\\\/\\\/balkangreenenergynews.com\\\/rs\\\/prijavite-se-za-posao-solarnog-montera-u-nemackoj\\\/\"]}]},{\"@type\":\"ImageObject\",\"inLanguage\":\"sr-RS\",\"@id\":\"https:\\\/\\\/balkangreenenergynews.com\\\/rs\\\/prijavite-se-za-posao-solarnog-montera-u-nemackoj\\\/#primaryimage\",\"url\":\"https:\\\/\\\/balkangreenenergynews.com\\\/rs\\\/wp-content\\\/uploads\\\/2023\\\/04\\\/posao-solarni-monteri-nemacka-konkurs.jpg?wsr\",\"contentUrl\":\"https:\\\/\\\/balkangreenenergynews.com\\\/rs\\\/wp-content\\\/uploads\\\/2023\\\/04\\\/posao-solarni-monteri-nemacka-konkurs.jpg?wsr\",\"width\":840,\"height\":430,\"caption\":\"posao solarni monteri nemacka konkurs\"},{\"@type\":\"BreadcrumbList\",\"@id\":\"https:\\\/\\\/balkangreenenergynews.com\\\/rs\\\/prijavite-se-za-posao-solarnog-montera-u-nemackoj\\\/#breadcrumb\",\"itemListElement\":[{\"@type\":\"ListItem\",\"position\":1,\"name\":\"Po\u010detna\",\"item\":\"https:\\\/\\\/balkangreenenergynews.com\\\/rs\\\/\"},{\"@type\":\"ListItem\",\"position\":2,\"name\":\"Vesti\",\"item\":\"https:\\\/\\\/balkangreenenergynews.com\\\/rs\\\/kategorija\\\/vesti\\\/\"},{\"@type\":\"ListItem\",\"position\":3,\"name\":\"OIE\",\"item\":\"https:\\\/\\\/balkangreenenergynews.com\\\/rs\\\/kategorija\\\/vesti\\\/obnovljivi-izvori-energije\\\/\"},{\"@type\":\"ListItem\",\"position\":4,\"name\":\"Prijavite se za posao solarnog montera u Nema\u010dkoj\"}]},{\"@type\":\"WebSite\",\"@id\":\"https:\\\/\\\/balkangreenenergynews.com\\\/rs\\\/#website\",\"url\":\"https:\\\/\\\/balkangreenenergynews.com\\\/rs\\\/\",\"name\":\"Balkan Green Energy News\",\"description\":\"Naj\u0161iri izbor vesti sa Balkana o zelenoj energiji\",\"potentialAction\":[{\"@type\":\"SearchAction\",\"target\":{\"@type\":\"EntryPoint\",\"urlTemplate\":\"https:\\\/\\\/balkangreenenergynews.com\\\/rs\\\/?s={search_term_string}\"},\"query-input\":{\"@type\":\"PropertyValueSpecification\",\"valueRequired\":true,\"valueName\":\"search_term_string\"}}],\"inLanguage\":\"sr-RS\"},{\"@type\":\"Person\",\"@id\":\"https:\\\/\\\/balkangreenenergynews.com\\\/rs\\\/#\\\/schema\\\/person\\\/99dc721c46113fea22caffad06ef7317\",\"name\":\"Vladimir Spasi\u0107\",\"url\":\"https:\\\/\\\/balkangreenenergynews.com\\\/rs\\\/author\\\/vladimir-spasic\\\/\"}]}<\/script>\n<!-- \/ Yoast SEO plugin. -->","yoast_head_json":{"title":"Prijavite se za posao solarnog montera u Nema\u010dkoj","description":"Poznavanje nema\u010dkog jezika nije uslov, a prijave mogu da predaju i oni koji jesu i oni koji nisu dr\u017eavljani Evropske unije","robots":{"index":"index","follow":"follow","max-snippet":"max-snippet:-1","max-image-preview":"max-image-preview:large","max-video-preview":"max-video-preview:-1"},"canonical":"https:\/\/balkangreenenergynews.com\/rs\/prijavite-se-za-posao-solarnog-montera-u-nemackoj\/","og_locale":"sr_RS","og_type":"article","og_title":"Prijavite se za posao solarnog montera u Nema\u010dkoj","og_description":"Poznavanje nema\u010dkog jezika nije uslov, a prijave mogu da predaju i oni koji jesu i oni koji nisu dr\u017eavljani Evropske unije","og_url":"https:\/\/balkangreenenergynews.com\/rs\/prijavite-se-za-posao-solarnog-montera-u-nemackoj\/","og_site_name":"Balkan Green Energy News","article_published_time":"2023-04-04T10:41:54+00:00","article_modified_time":"2023-04-10T06:11:07+00:00","og_image":[{"width":840,"height":430,"url":"https:\/\/balkangreenenergynews.com\/rs\/wp-content\/uploads\/2023\/04\/posao-solarni-monteri-nemacka-konkurs.jpg","type":"image\/jpeg"}],"author":"Vladimir Spasi\u0107","twitter_card":"summary_large_image","twitter_misc":{"\u041d\u0430\u043f\u0438\u0441\u0430\u043d\u043e \u043e\u0434":"Vladimir Spasi\u0107","\u041f\u0440\u043e\u0446\u0435\u045a\u0435\u043d\u043e \u0432\u0440\u0435\u043c\u0435 \u0447\u0438\u0442\u0430\u045a\u0430":"2 \u043c\u0438\u043d\u0443\u0442\u0430"},"schema":{"@context":"https:\/\/schema.org","@graph":[{"@type":"Article","@id":"https:\/\/balkangreenenergynews.com\/rs\/prijavite-se-za-posao-solarnog-montera-u-nemackoj\/#article","isPartOf":{"@id":"https:\/\/balkangreenenergynews.com\/rs\/prijavite-se-za-posao-solarnog-montera-u-nemackoj\/"},"author":{"name":"Vladimir Spasi\u0107","@id":"https:\/\/balkangreenenergynews.com\/rs\/#\/schema\/person\/99dc721c46113fea22caffad06ef7317"},"headline":"Prijavite se za posao solarnog montera u Nema\u010dkoj","datePublished":"2023-04-04T10:41:54+00:00","dateModified":"2023-04-10T06:11:07+00:00","mainEntityOfPage":{"@id":"https:\/\/balkangreenenergynews.com\/rs\/prijavite-se-za-posao-solarnog-montera-u-nemackoj\/"},"wordCount":398,"commentCount":6,"image":{"@id":"https:\/\/balkangreenenergynews.com\/rs\/prijavite-se-za-posao-solarnog-montera-u-nemackoj\/#primaryimage"},"thumbnailUrl":"https:\/\/balkangreenenergynews.com\/rs\/wp-content\/uploads\/2023\/04\/posao-solarni-monteri-nemacka-konkurs.jpg?wsr","keywords":["investicije","posao","solar","solarne elektrane","solarni paneli"],"articleSection":["OIE"],"inLanguage":"sr-RS","potentialAction":[{"@type":"CommentAction","name":"Comment","target":["https:\/\/balkangreenenergynews.com\/rs\/prijavite-se-za-posao-solarnog-montera-u-nemackoj\/#respond"]}]},{"@type":"WebPage","@id":"https:\/\/balkangreenenergynews.com\/rs\/prijavite-se-za-posao-solarnog-montera-u-nemackoj\/","url":"https:\/\/balkangreenenergynews.com\/rs\/prijavite-se-za-posao-solarnog-montera-u-nemackoj\/","name":"Prijavite se za posao solarnog montera u Nema\u010dkoj","isPartOf":{"@id":"https:\/\/balkangreenenergynews.com\/rs\/#website"},"primaryImageOfPage":{"@id":"https:\/\/balkangreenenergynews.com\/rs\/prijavite-se-za-posao-solarnog-montera-u-nemackoj\/#primaryimage"},"image":{"@id":"https:\/\/balkangreenenergynews.com\/rs\/prijavite-se-za-posao-solarnog-montera-u-nemackoj\/#primaryimage"},"thumbnailUrl":"https:\/\/balkangreenenergynews.com\/rs\/wp-content\/uploads\/2023\/04\/posao-solarni-monteri-nemacka-konkurs.jpg?wsr","datePublished":"2023-04-04T10:41:54+00:00","dateModified":"2023-04-10T06:11:07+00:00","author":{"@id":"https:\/\/balkangreenenergynews.com\/rs\/#\/schema\/person\/99dc721c46113fea22caffad06ef7317"},"description":"Poznavanje nema\u010dkog jezika nije uslov, a prijave mogu da predaju i oni koji jesu i oni koji nisu dr\u017eavljani Evropske unije","breadcrumb":{"@id":"https:\/\/balkangreenenergynews.com\/rs\/prijavite-se-za-posao-solarnog-montera-u-nemackoj\/#breadcrumb"},"inLanguage":"sr-RS","potentialAction":[{"@type":"ReadAction","target":["https:\/\/balkangreenenergynews.com\/rs\/prijavite-se-za-posao-solarnog-montera-u-nemackoj\/"]}]},{"@type":"ImageObject","inLanguage":"sr-RS","@id":"https:\/\/balkangreenenergynews.com\/rs\/prijavite-se-za-posao-solarnog-montera-u-nemackoj\/#primaryimage","url":"https:\/\/balkangreenenergynews.com\/rs\/wp-content\/uploads\/2023\/04\/posao-solarni-monteri-nemacka-konkurs.jpg?wsr","contentUrl":"https:\/\/balkangreenenergynews.com\/rs\/wp-content\/uploads\/2023\/04\/posao-solarni-monteri-nemacka-konkurs.jpg?wsr","width":840,"height":430,"caption":"posao solarni monteri nemacka konkurs"},{"@type":"BreadcrumbList","@id":"https:\/\/balkangreenenergynews.com\/rs\/prijavite-se-za-posao-solarnog-montera-u-nemackoj\/#breadcrumb","itemListElement":[{"@type":"ListItem","position":1,"name":"Po\u010detna","item":"https:\/\/balkangreenenergynews.com\/rs\/"},{"@type":"ListItem","position":2,"name":"Vesti","item":"https:\/\/balkangreenenergynews.com\/rs\/kategorija\/vesti\/"},{"@type":"ListItem","position":3,"name":"OIE","item":"https:\/\/balkangreenenergynews.com\/rs\/kategorija\/vesti\/obnovljivi-izvori-energije\/"},{"@type":"ListItem","position":4,"name":"Prijavite se za posao solarnog montera u Nema\u010dkoj"}]},{"@type":"WebSite","@id":"https:\/\/balkangreenenergynews.com\/rs\/#website","url":"https:\/\/balkangreenenergynews.com\/rs\/","name":"Balkan Green Energy News","description":"Naj\u0161iri izbor vesti sa Balkana o zelenoj energiji","potentialAction":[{"@type":"SearchAction","target":{"@type":"EntryPoint","urlTemplate":"https:\/\/balkangreenenergynews.com\/rs\/?s={search_term_string}"},"query-input":{"@type":"PropertyValueSpecification","valueRequired":true,"valueName":"search_term_string"}}],"inLanguage":"sr-RS"},{"@type":"Person","@id":"https:\/\/balkangreenenergynews.com\/rs\/#\/schema\/person\/99dc721c46113fea22caffad06ef7317","name":"Vladimir Spasi\u0107","url":"https:\/\/balkangreenenergynews.com\/rs\/author\/vladimir-spasic\/"}]}},"_links":{"self":[{"href":"https:\/\/balkangreenenergynews.com\/rs\/wp-json\/wp\/v2\/posts\/57840","targetHints":{"allow":["GET"]}}],"collection":[{"href":"https:\/\/balkangreenenergynews.com\/rs\/wp-json\/wp\/v2\/posts"}],"about":[{"href":"https:\/\/balkangreenenergynews.com\/rs\/wp-json\/wp\/v2\/types\/post"}],"author":[{"embeddable":true,"href":"https:\/\/balkangreenenergynews.com\/rs\/wp-json\/wp\/v2\/users\/23"}],"replies":[{"embeddable":true,"href":"https:\/\/balkangreenenergynews.com\/rs\/wp-json\/wp\/v2\/comments?post=57840"}],"version-history":[{"count":0,"href":"https:\/\/balkangreenenergynews.com\/rs\/wp-json\/wp\/v2\/posts\/57840\/revisions"}],"wp:featuredmedia":[{"embeddable":true,"href":"https:\/\/balkangreenenergynews.com\/rs\/wp-json\/wp\/v2\/media\/57845"}],"wp:attachment":[{"href":"https:\/\/balkangreenenergynews.com\/rs\/wp-json\/wp\/v2\/media?parent=57840"}],"wp:term":[{"taxonomy":"category","embeddable":true,"href":"https:\/\/balkangreenenergynews.com\/rs\/wp-json\/wp\/v2\/categories?post=57840"},{"taxonomy":"post_tag","embeddable":true,"href":"https:\/\/balkangreenenergynews.com\/rs\/wp-json\/wp\/v2\/tags?post=57840"}],"curies":[{"name":"wp","href":"https:\/\/api.w.org\/{rel}","templated":true}]}}