{"id":57719,"date":"2023-03-31T14:37:36","date_gmt":"2023-03-31T12:37:36","guid":{"rendered":"https:\/\/balkangreenenergynews.com\/rs\/?p=57719"},"modified":"2023-03-31T14:37:36","modified_gmt":"2023-03-31T12:37:36","slug":"voda-za-zivot-a-ne-za-profit-manifest-vodne-pravde","status":"publish","type":"post","link":"https:\/\/balkangreenenergynews.com\/rs\/voda-za-zivot-a-ne-za-profit-manifest-vodne-pravde\/","title":{"rendered":"Voda za \u017eivot, a ne za profit \u2013 Manifest vodne pravde"},"content":{"rendered":"<h2>Pravo na vodu iz Srbije se pridru\u017eilo inicijativama iz celog sveta koje su predstavile Manifest vodne pravde na Konferenciji Ujedinjenih nacija o vodi, odr\u017eanoj u Njujorku od 22. do 24. marta.<\/h2>\n<p>Velik broj pokreta, inicijativa i mre\u017ea pozvao je dr\u017eave sveta u <a href=\"https:\/\/polekol.org\/2023\/03\/17\/manifest-vodne-pravde\/\">Manifestu vodne pravde<\/a> da stave ljude i prirodu ispred profita. Borci za vodu su 23. marta predstavili taj proglas pred Generalnom skup\u0161tinom UN-a.<\/p>\n<p>Ujedinjene nacije kasne u reakciji na realnu globalnu <a href=\"https:\/\/balkangreenenergynews.com\/rs\/svetski-dan-voda-2023-za-dostupnu-i-cistu-pijacu-vodu-za-sve\/\">krizu vode<\/a>, saop\u0161tila je inicijativa Pravo na vodu iz Srbije. U ovom trenutku, dve milijarde ljudi nema pristup pija\u0107oj vodi kojom se bezbedno upravlja. Duplo vi\u0161e, odnosno \u010detiri milijarde, nema adekvatne sanitarne uslove, stoji u objavi.<\/p>\n<p>Vodni ekosistemi su ugro\u017eeni zbog klimatskih promena, zaga\u0111enja i destruktivnih projekata, saop\u0161teno je. U Srbiji milion stanovnika stalno ili sezonski nema pristup <a href=\"https:\/\/balkangreenenergynews.com\/rs\/ko-u-srbiji-prvi-dograbi-vodu-taj-ima-primat-u-njenom-koriscenju\/\">\u010distoj pija\u0107oj vodi,<\/a> isti\u010du u Pravu na vodu.<\/p>\n<h3>Kompanije, zaga\u0111iva\u010di ne odustaju od uve\u0107anja svojih profita na le\u0111ima najugro\u017eenijih<\/h3>\n<p>Konferencija je, umesto neophodnih zaokreta, potvrdila ulogu privatnih kompanija, velikih zaga\u0111iva\u010da, banaka i investitora u ostvarivanju \u0161estog cilja odr\u017eivog razvoja (SDG), da se svima obezbede \u010dista voda i sanitarni uslovi, uz odr\u017eivo upravljanje vodama, saop\u0161teno je.<\/p>\n<p>Pomenuti akteri su odgovorni za istorijsku i trenutnu degradaciju vodenih dobara, poru\u010duje Pravo na vodu. Me\u0111utim, oni ne odustaju od uve\u0107anja svojih profita na le\u0111ima najugro\u017eenijih, navodi se u saop\u0161tenju.<\/p>\n<p>\u201eZanimljivost sa konferencije je da su danas kompanije preuzele re\u010di aktivista. Sa svih strana \u0107ete \u010duti da je voda ljudsko pravo ili javno dobro. Me\u0111utim, kako u praksi oni to tuma\u010de sasvim je suprotno odr\u017eivosti\u201c, rekla je Iva Markovi\u0107, osniva\u010dica inicijative Pravo na vodu i u\u010desnica konferencije.<\/p>\n<h3>Dokument podr\u017ealo 600.000 ljudi<\/h3>\n<p>Manifestom se zahteva da se globalna Agenda o vodama fokusira na vodu za \u017eivot, a ne na vodu za profit. Suprotno zapo\u010detoj Agendi UN o vodama, ovaj dokument je usredsre\u0111en na potrebu za koherentnim akcionim planom, saop\u0161tila je inicijativa. On bi uklju\u010dio direktna ulaganja u javne i lokalne alternative, dodalo je Pravo na vodu. Zasnovan je na iskustvima zajednica koje se bore za pristup vodi i za\u0161titu vodenih ekosistema, navedeno je u proglasu.<\/p>\n<blockquote><p>Vi\u0161e od 600.000 ljudi i\u00a0 500 organizacija je potpisalo manifest<\/p><\/blockquote>\n<p>Vi\u0161e od 600.000 ljudi i 500 lokalnih, nacionalnih i me\u0111unarodnih organizacija do sada je potpisalo manifest i podr\u017ealo globalni poziv ameri\u010dke organizacije Avaaz svetskim liderima da za\u0161tite slatkovodne ekosisteme i garantuju vodu kao ljudsko pravo, pi\u0161e u saop\u0161tenju.<\/p>\n<p>Manifest podr\u017ealo 17 organizacija iz Srbije. Inicijativa Pravo na vodu je kroz Evropski pokret za vodu u\u010destvovala u njegovom sastavljanju.<\/p>\n","protected":false},"excerpt":{"rendered":"<p>Pravo na vodu iz Srbije je s inicijativama iz celog sveta predstavilo Manifest vodne pravde na Konferenciji Ujedinjenih nacija o vodi<\/p>\n","protected":false},"author":34,"featured_media":57722,"comment_status":"open","ping_status":"open","sticky":false,"template":"","format":"standard","meta":{"_acf_changed":false,"_monsterinsights_skip_tracking":false,"_monsterinsights_sitenote_active":false,"_monsterinsights_sitenote_note":"","_monsterinsights_sitenote_category":0,"footnotes":""},"categories":[6],"tags":[3105,6301,6302],"class_list":["post-57719","post","type-post","status-publish","format-standard","has-post-thumbnail","hentry","category-voda","tag-pijaca-voda","tag-pravo-na-vodu","tag-ujedinjene-nacije","country-svet"],"acf":[],"yoast_head":"<!-- This site is optimized with the Yoast SEO plugin v27.4 - https:\/\/yoast.com\/product\/yoast-seo-wordpress\/ -->\n<title>Voda za \u017eivot, a ne za profit \u2013 Manifest vodne pravde<\/title>\n<meta name=\"description\" content=\"Pravo na vodu iz Srbije je s inicijativama iz celog sveta predstavilo Manifest vodne pravde na Konferenciji Ujedinjenih nacija o vodi.\" \/>\n<meta name=\"robots\" content=\"index, follow, max-snippet:-1, max-image-preview:large, max-video-preview:-1\" \/>\n<link rel=\"canonical\" href=\"https:\/\/balkangreenenergynews.com\/rs\/voda-za-zivot-a-ne-za-profit-manifest-vodne-pravde\/\" \/>\n<meta property=\"og:locale\" content=\"sr_RS\" \/>\n<meta property=\"og:type\" content=\"article\" \/>\n<meta property=\"og:title\" content=\"Voda za \u017eivot, a ne za profit \u2013 Manifest vodne pravde\" \/>\n<meta property=\"og:description\" content=\"Pravo na vodu iz Srbije je s inicijativama iz celog sveta predstavilo Manifest vodne pravde na Konferenciji Ujedinjenih nacija o vodi.\" \/>\n<meta property=\"og:url\" content=\"https:\/\/balkangreenenergynews.com\/rs\/voda-za-zivot-a-ne-za-profit-manifest-vodne-pravde\/\" \/>\n<meta property=\"og:site_name\" content=\"Balkan Green Energy News\" \/>\n<meta property=\"article:published_time\" content=\"2023-03-31T12:37:36+00:00\" \/>\n<meta property=\"og:image\" content=\"https:\/\/balkangreenenergynews.com\/rs\/wp-content\/uploads\/2023\/03\/Voda-za-zivot-a-ne-za-profit-Manifest-vodne-pravde.jpg\" \/>\n\t<meta property=\"og:image:width\" content=\"840\" \/>\n\t<meta property=\"og:image:height\" content=\"430\" \/>\n\t<meta property=\"og:image:type\" content=\"image\/jpeg\" \/>\n<meta name=\"author\" content=\"Jelisaveta Peri\u0161i\u0107\" \/>\n<meta name=\"twitter:card\" content=\"summary_large_image\" \/>\n<meta name=\"twitter:label1\" content=\"\u041d\u0430\u043f\u0438\u0441\u0430\u043d\u043e \u043e\u0434\" \/>\n\t<meta name=\"twitter:data1\" content=\"Jelisaveta Peri\u0161i\u0107\" \/>\n\t<meta name=\"twitter:label2\" content=\"\u041f\u0440\u043e\u0446\u0435\u045a\u0435\u043d\u043e \u0432\u0440\u0435\u043c\u0435 \u0447\u0438\u0442\u0430\u045a\u0430\" \/>\n\t<meta name=\"twitter:data2\" content=\"3 \u043c\u0438\u043d\u0443\u0442\u0430\" \/>\n<script type=\"application\/ld+json\" class=\"yoast-schema-graph\">{\"@context\":\"https:\\\/\\\/schema.org\",\"@graph\":[{\"@type\":\"Article\",\"@id\":\"https:\\\/\\\/balkangreenenergynews.com\\\/rs\\\/voda-za-zivot-a-ne-za-profit-manifest-vodne-pravde\\\/#article\",\"isPartOf\":{\"@id\":\"https:\\\/\\\/balkangreenenergynews.com\\\/rs\\\/voda-za-zivot-a-ne-za-profit-manifest-vodne-pravde\\\/\"},\"author\":{\"name\":\"Jelisaveta Peri\u0161i\u0107\",\"@id\":\"https:\\\/\\\/balkangreenenergynews.com\\\/rs\\\/#\\\/schema\\\/person\\\/4b3c5831bbc05a72630d12560df2b3f8\"},\"headline\":\"Voda za \u017eivot, a ne za profit \u2013 Manifest vodne pravde\",\"datePublished\":\"2023-03-31T12:37:36+00:00\",\"mainEntityOfPage\":{\"@id\":\"https:\\\/\\\/balkangreenenergynews.com\\\/rs\\\/voda-za-zivot-a-ne-za-profit-manifest-vodne-pravde\\\/\"},\"wordCount\":460,\"commentCount\":0,\"image\":{\"@id\":\"https:\\\/\\\/balkangreenenergynews.com\\\/rs\\\/voda-za-zivot-a-ne-za-profit-manifest-vodne-pravde\\\/#primaryimage\"},\"thumbnailUrl\":\"https:\\\/\\\/balkangreenenergynews.com\\\/rs\\\/wp-content\\\/uploads\\\/2023\\\/03\\\/Voda-za-zivot-a-ne-za-profit-Manifest-vodne-pravde.jpg?wsr\",\"keywords\":[\"pija\u0107a voda\",\"pravo na vodu\",\"Ujedinjene nacije\"],\"articleSection\":[\"Voda\"],\"inLanguage\":\"sr-RS\",\"potentialAction\":[{\"@type\":\"CommentAction\",\"name\":\"Comment\",\"target\":[\"https:\\\/\\\/balkangreenenergynews.com\\\/rs\\\/voda-za-zivot-a-ne-za-profit-manifest-vodne-pravde\\\/#respond\"]}]},{\"@type\":\"WebPage\",\"@id\":\"https:\\\/\\\/balkangreenenergynews.com\\\/rs\\\/voda-za-zivot-a-ne-za-profit-manifest-vodne-pravde\\\/\",\"url\":\"https:\\\/\\\/balkangreenenergynews.com\\\/rs\\\/voda-za-zivot-a-ne-za-profit-manifest-vodne-pravde\\\/\",\"name\":\"Voda za \u017eivot, a ne za profit \u2013 Manifest vodne pravde\",\"isPartOf\":{\"@id\":\"https:\\\/\\\/balkangreenenergynews.com\\\/rs\\\/#website\"},\"primaryImageOfPage\":{\"@id\":\"https:\\\/\\\/balkangreenenergynews.com\\\/rs\\\/voda-za-zivot-a-ne-za-profit-manifest-vodne-pravde\\\/#primaryimage\"},\"image\":{\"@id\":\"https:\\\/\\\/balkangreenenergynews.com\\\/rs\\\/voda-za-zivot-a-ne-za-profit-manifest-vodne-pravde\\\/#primaryimage\"},\"thumbnailUrl\":\"https:\\\/\\\/balkangreenenergynews.com\\\/rs\\\/wp-content\\\/uploads\\\/2023\\\/03\\\/Voda-za-zivot-a-ne-za-profit-Manifest-vodne-pravde.jpg?wsr\",\"datePublished\":\"2023-03-31T12:37:36+00:00\",\"author\":{\"@id\":\"https:\\\/\\\/balkangreenenergynews.com\\\/rs\\\/#\\\/schema\\\/person\\\/4b3c5831bbc05a72630d12560df2b3f8\"},\"description\":\"Pravo na vodu iz Srbije je s inicijativama iz celog sveta predstavilo Manifest vodne pravde na Konferenciji Ujedinjenih nacija o vodi.\",\"breadcrumb\":{\"@id\":\"https:\\\/\\\/balkangreenenergynews.com\\\/rs\\\/voda-za-zivot-a-ne-za-profit-manifest-vodne-pravde\\\/#breadcrumb\"},\"inLanguage\":\"sr-RS\",\"potentialAction\":[{\"@type\":\"ReadAction\",\"target\":[\"https:\\\/\\\/balkangreenenergynews.com\\\/rs\\\/voda-za-zivot-a-ne-za-profit-manifest-vodne-pravde\\\/\"]}]},{\"@type\":\"ImageObject\",\"inLanguage\":\"sr-RS\",\"@id\":\"https:\\\/\\\/balkangreenenergynews.com\\\/rs\\\/voda-za-zivot-a-ne-za-profit-manifest-vodne-pravde\\\/#primaryimage\",\"url\":\"https:\\\/\\\/balkangreenenergynews.com\\\/rs\\\/wp-content\\\/uploads\\\/2023\\\/03\\\/Voda-za-zivot-a-ne-za-profit-Manifest-vodne-pravde.jpg?wsr\",\"contentUrl\":\"https:\\\/\\\/balkangreenenergynews.com\\\/rs\\\/wp-content\\\/uploads\\\/2023\\\/03\\\/Voda-za-zivot-a-ne-za-profit-Manifest-vodne-pravde.jpg?wsr\",\"width\":840,\"height\":430,\"caption\":\"Voda za \u017eivot, a ne za profit, Manifest vodne pravde\"},{\"@type\":\"BreadcrumbList\",\"@id\":\"https:\\\/\\\/balkangreenenergynews.com\\\/rs\\\/voda-za-zivot-a-ne-za-profit-manifest-vodne-pravde\\\/#breadcrumb\",\"itemListElement\":[{\"@type\":\"ListItem\",\"position\":1,\"name\":\"Po\u010detna\",\"item\":\"https:\\\/\\\/balkangreenenergynews.com\\\/rs\\\/\"},{\"@type\":\"ListItem\",\"position\":2,\"name\":\"Vesti\",\"item\":\"https:\\\/\\\/balkangreenenergynews.com\\\/rs\\\/kategorija\\\/vesti\\\/\"},{\"@type\":\"ListItem\",\"position\":3,\"name\":\"Voda\",\"item\":\"https:\\\/\\\/balkangreenenergynews.com\\\/rs\\\/kategorija\\\/vesti\\\/voda\\\/\"},{\"@type\":\"ListItem\",\"position\":4,\"name\":\"Voda za \u017eivot, a ne za profit \u2013 Manifest vodne pravde\"}]},{\"@type\":\"WebSite\",\"@id\":\"https:\\\/\\\/balkangreenenergynews.com\\\/rs\\\/#website\",\"url\":\"https:\\\/\\\/balkangreenenergynews.com\\\/rs\\\/\",\"name\":\"Balkan Green Energy News\",\"description\":\"Naj\u0161iri izbor vesti sa Balkana o zelenoj energiji\",\"potentialAction\":[{\"@type\":\"SearchAction\",\"target\":{\"@type\":\"EntryPoint\",\"urlTemplate\":\"https:\\\/\\\/balkangreenenergynews.com\\\/rs\\\/?s={search_term_string}\"},\"query-input\":{\"@type\":\"PropertyValueSpecification\",\"valueRequired\":true,\"valueName\":\"search_term_string\"}}],\"inLanguage\":\"sr-RS\"},{\"@type\":\"Person\",\"@id\":\"https:\\\/\\\/balkangreenenergynews.com\\\/rs\\\/#\\\/schema\\\/person\\\/4b3c5831bbc05a72630d12560df2b3f8\",\"name\":\"Jelisaveta Peri\u0161i\u0107\",\"url\":\"https:\\\/\\\/balkangreenenergynews.com\\\/rs\\\/author\\\/jelisavet-perisic\\\/\"}]}<\/script>\n<!-- \/ Yoast SEO plugin. -->","yoast_head_json":{"title":"Voda za \u017eivot, a ne za profit \u2013 Manifest vodne pravde","description":"Pravo na vodu iz Srbije je s inicijativama iz celog sveta predstavilo Manifest vodne pravde na Konferenciji Ujedinjenih nacija o vodi.","robots":{"index":"index","follow":"follow","max-snippet":"max-snippet:-1","max-image-preview":"max-image-preview:large","max-video-preview":"max-video-preview:-1"},"canonical":"https:\/\/balkangreenenergynews.com\/rs\/voda-za-zivot-a-ne-za-profit-manifest-vodne-pravde\/","og_locale":"sr_RS","og_type":"article","og_title":"Voda za \u017eivot, a ne za profit \u2013 Manifest vodne pravde","og_description":"Pravo na vodu iz Srbije je s inicijativama iz celog sveta predstavilo Manifest vodne pravde na Konferenciji Ujedinjenih nacija o vodi.","og_url":"https:\/\/balkangreenenergynews.com\/rs\/voda-za-zivot-a-ne-za-profit-manifest-vodne-pravde\/","og_site_name":"Balkan Green Energy News","article_published_time":"2023-03-31T12:37:36+00:00","og_image":[{"width":840,"height":430,"url":"https:\/\/balkangreenenergynews.com\/rs\/wp-content\/uploads\/2023\/03\/Voda-za-zivot-a-ne-za-profit-Manifest-vodne-pravde.jpg","type":"image\/jpeg"}],"author":"Jelisaveta Peri\u0161i\u0107","twitter_card":"summary_large_image","twitter_misc":{"\u041d\u0430\u043f\u0438\u0441\u0430\u043d\u043e \u043e\u0434":"Jelisaveta Peri\u0161i\u0107","\u041f\u0440\u043e\u0446\u0435\u045a\u0435\u043d\u043e \u0432\u0440\u0435\u043c\u0435 \u0447\u0438\u0442\u0430\u045a\u0430":"3 \u043c\u0438\u043d\u0443\u0442\u0430"},"schema":{"@context":"https:\/\/schema.org","@graph":[{"@type":"Article","@id":"https:\/\/balkangreenenergynews.com\/rs\/voda-za-zivot-a-ne-za-profit-manifest-vodne-pravde\/#article","isPartOf":{"@id":"https:\/\/balkangreenenergynews.com\/rs\/voda-za-zivot-a-ne-za-profit-manifest-vodne-pravde\/"},"author":{"name":"Jelisaveta Peri\u0161i\u0107","@id":"https:\/\/balkangreenenergynews.com\/rs\/#\/schema\/person\/4b3c5831bbc05a72630d12560df2b3f8"},"headline":"Voda za \u017eivot, a ne za profit \u2013 Manifest vodne pravde","datePublished":"2023-03-31T12:37:36+00:00","mainEntityOfPage":{"@id":"https:\/\/balkangreenenergynews.com\/rs\/voda-za-zivot-a-ne-za-profit-manifest-vodne-pravde\/"},"wordCount":460,"commentCount":0,"image":{"@id":"https:\/\/balkangreenenergynews.com\/rs\/voda-za-zivot-a-ne-za-profit-manifest-vodne-pravde\/#primaryimage"},"thumbnailUrl":"https:\/\/balkangreenenergynews.com\/rs\/wp-content\/uploads\/2023\/03\/Voda-za-zivot-a-ne-za-profit-Manifest-vodne-pravde.jpg?wsr","keywords":["pija\u0107a voda","pravo na vodu","Ujedinjene nacije"],"articleSection":["Voda"],"inLanguage":"sr-RS","potentialAction":[{"@type":"CommentAction","name":"Comment","target":["https:\/\/balkangreenenergynews.com\/rs\/voda-za-zivot-a-ne-za-profit-manifest-vodne-pravde\/#respond"]}]},{"@type":"WebPage","@id":"https:\/\/balkangreenenergynews.com\/rs\/voda-za-zivot-a-ne-za-profit-manifest-vodne-pravde\/","url":"https:\/\/balkangreenenergynews.com\/rs\/voda-za-zivot-a-ne-za-profit-manifest-vodne-pravde\/","name":"Voda za \u017eivot, a ne za profit \u2013 Manifest vodne pravde","isPartOf":{"@id":"https:\/\/balkangreenenergynews.com\/rs\/#website"},"primaryImageOfPage":{"@id":"https:\/\/balkangreenenergynews.com\/rs\/voda-za-zivot-a-ne-za-profit-manifest-vodne-pravde\/#primaryimage"},"image":{"@id":"https:\/\/balkangreenenergynews.com\/rs\/voda-za-zivot-a-ne-za-profit-manifest-vodne-pravde\/#primaryimage"},"thumbnailUrl":"https:\/\/balkangreenenergynews.com\/rs\/wp-content\/uploads\/2023\/03\/Voda-za-zivot-a-ne-za-profit-Manifest-vodne-pravde.jpg?wsr","datePublished":"2023-03-31T12:37:36+00:00","author":{"@id":"https:\/\/balkangreenenergynews.com\/rs\/#\/schema\/person\/4b3c5831bbc05a72630d12560df2b3f8"},"description":"Pravo na vodu iz Srbije je s inicijativama iz celog sveta predstavilo Manifest vodne pravde na Konferenciji Ujedinjenih nacija o vodi.","breadcrumb":{"@id":"https:\/\/balkangreenenergynews.com\/rs\/voda-za-zivot-a-ne-za-profit-manifest-vodne-pravde\/#breadcrumb"},"inLanguage":"sr-RS","potentialAction":[{"@type":"ReadAction","target":["https:\/\/balkangreenenergynews.com\/rs\/voda-za-zivot-a-ne-za-profit-manifest-vodne-pravde\/"]}]},{"@type":"ImageObject","inLanguage":"sr-RS","@id":"https:\/\/balkangreenenergynews.com\/rs\/voda-za-zivot-a-ne-za-profit-manifest-vodne-pravde\/#primaryimage","url":"https:\/\/balkangreenenergynews.com\/rs\/wp-content\/uploads\/2023\/03\/Voda-za-zivot-a-ne-za-profit-Manifest-vodne-pravde.jpg?wsr","contentUrl":"https:\/\/balkangreenenergynews.com\/rs\/wp-content\/uploads\/2023\/03\/Voda-za-zivot-a-ne-za-profit-Manifest-vodne-pravde.jpg?wsr","width":840,"height":430,"caption":"Voda za \u017eivot, a ne za profit, Manifest vodne pravde"},{"@type":"BreadcrumbList","@id":"https:\/\/balkangreenenergynews.com\/rs\/voda-za-zivot-a-ne-za-profit-manifest-vodne-pravde\/#breadcrumb","itemListElement":[{"@type":"ListItem","position":1,"name":"Po\u010detna","item":"https:\/\/balkangreenenergynews.com\/rs\/"},{"@type":"ListItem","position":2,"name":"Vesti","item":"https:\/\/balkangreenenergynews.com\/rs\/kategorija\/vesti\/"},{"@type":"ListItem","position":3,"name":"Voda","item":"https:\/\/balkangreenenergynews.com\/rs\/kategorija\/vesti\/voda\/"},{"@type":"ListItem","position":4,"name":"Voda za \u017eivot, a ne za profit \u2013 Manifest vodne pravde"}]},{"@type":"WebSite","@id":"https:\/\/balkangreenenergynews.com\/rs\/#website","url":"https:\/\/balkangreenenergynews.com\/rs\/","name":"Balkan Green Energy News","description":"Naj\u0161iri izbor vesti sa Balkana o zelenoj energiji","potentialAction":[{"@type":"SearchAction","target":{"@type":"EntryPoint","urlTemplate":"https:\/\/balkangreenenergynews.com\/rs\/?s={search_term_string}"},"query-input":{"@type":"PropertyValueSpecification","valueRequired":true,"valueName":"search_term_string"}}],"inLanguage":"sr-RS"},{"@type":"Person","@id":"https:\/\/balkangreenenergynews.com\/rs\/#\/schema\/person\/4b3c5831bbc05a72630d12560df2b3f8","name":"Jelisaveta Peri\u0161i\u0107","url":"https:\/\/balkangreenenergynews.com\/rs\/author\/jelisavet-perisic\/"}]}},"_links":{"self":[{"href":"https:\/\/balkangreenenergynews.com\/rs\/wp-json\/wp\/v2\/posts\/57719","targetHints":{"allow":["GET"]}}],"collection":[{"href":"https:\/\/balkangreenenergynews.com\/rs\/wp-json\/wp\/v2\/posts"}],"about":[{"href":"https:\/\/balkangreenenergynews.com\/rs\/wp-json\/wp\/v2\/types\/post"}],"author":[{"embeddable":true,"href":"https:\/\/balkangreenenergynews.com\/rs\/wp-json\/wp\/v2\/users\/34"}],"replies":[{"embeddable":true,"href":"https:\/\/balkangreenenergynews.com\/rs\/wp-json\/wp\/v2\/comments?post=57719"}],"version-history":[{"count":0,"href":"https:\/\/balkangreenenergynews.com\/rs\/wp-json\/wp\/v2\/posts\/57719\/revisions"}],"wp:featuredmedia":[{"embeddable":true,"href":"https:\/\/balkangreenenergynews.com\/rs\/wp-json\/wp\/v2\/media\/57722"}],"wp:attachment":[{"href":"https:\/\/balkangreenenergynews.com\/rs\/wp-json\/wp\/v2\/media?parent=57719"}],"wp:term":[{"taxonomy":"category","embeddable":true,"href":"https:\/\/balkangreenenergynews.com\/rs\/wp-json\/wp\/v2\/categories?post=57719"},{"taxonomy":"post_tag","embeddable":true,"href":"https:\/\/balkangreenenergynews.com\/rs\/wp-json\/wp\/v2\/tags?post=57719"}],"curies":[{"name":"wp","href":"https:\/\/api.w.org\/{rel}","templated":true}]}}