{"id":57671,"date":"2023-03-30T13:27:35","date_gmt":"2023-03-30T11:27:35","guid":{"rendered":"https:\/\/balkangreenenergynews.com\/rs\/?p=57671"},"modified":"2023-03-30T15:06:10","modified_gmt":"2023-03-30T13:06:10","slug":"djedovic-izmenama-zakona-srbija-podstice-instaliranje-sistema-za-skladistenje-energije","status":"publish","type":"post","link":"https:\/\/balkangreenenergynews.com\/rs\/djedovic-izmenama-zakona-srbija-podstice-instaliranje-sistema-za-skladistenje-energije\/","title":{"rendered":"\u0110edovi\u0107: Izmenama zakona Srbija podsti\u010de instaliranje sistema za skladi\u0161tenje energije"},"content":{"rendered":"<h2>Ministarka rudarstva i energetike Dubravka \u0110edovi\u0107 izjavila je da se predlogom izmena Zakona o kori\u0161\u0107enju obnovljivih izvora energije podsti\u010de uvo\u0111enje postrojenja za skladi\u0161tenje energije. Investitori \u0107e na zahtev operatora prenosa i distribucije struje mo\u0107i da izbegnu odlaganje priklju\u010denja tako \u0161to \u0107e instalirati baterije snage ekvivalentne 20 odsto one koju ima njihova elektrana na obnovljive izvore i kapaciteta od najmanje 0,4 megavat-sata po instaliranom megavatu elektrane.<\/h2>\n<p>Srbija je postigla udeo obnovljivih izvora u bruto finalnoj potro\u0161nji energije od 27 odsto, koji je bio cilj za 2020. godinu, istakla je ministarka rudarstva i energetike Dubravka \u0110edovi\u0107 u glavnom gradu Nema\u010dke na konferenciji Berlinski dijalog o energetskoj tranziciji. Ona je izjavila da vlada ima ambiciozan plan da se taj nivo najkasnije 2030. godine podigne do blizu 40 procenata.<\/p>\n<p>Ciljani udeo u tri scenarija u nacrtu <a href=\"https:\/\/balkangreenenergynews.com\/rs\/integrisani-nacionalni-energetski-i-klimatski-plan-srbije-na-javnoj-raspravi-do-5-septembra\/\">Integrisanog nacionalnog energetskog i klimatskog plana<\/a> kre\u0107e se od 41 do 43 odsto. Dr\u017eava \u0107e se u ekspanziji zelene energetike uglavnom oslanjati na privatne, ali i na javne investicije, kazala je ministarka. Ona je napomenula da Srbija privla\u010di preko 60 odsto direktnih stranih ulaganja na Zapadnom Balkanu i da \u017eeli da uveri investitore da mogu da se oslone na zelenu energiju.<\/p>\n<h3>EMS, EDS \u0107e mo\u0107i da odla\u017eu priklju\u010denje elektrana kad ocene da je sistem ugro\u017een<\/h3>\n<p>\u0110edovi\u0107 je navela da predlog izmena Zakona o kori\u0161\u0107enju obnovljivih izvora energije, kojeg je vlada <a href=\"https:\/\/balkangreenenergynews.com\/rs\/vlada-usvojila-izmene-zakona-o-obnovljivim-izvorima-energije\/\">usvojila pre dve nedelje,<\/a> donosi podsticaje za izgradnju postrojenja za skladi\u0161tenje energije.<\/p>\n<p>Preoptere\u0107enost mre\u017ee usled <a href=\"https:\/\/balkangreenenergynews.com\/bulgaria-romania-to-invest-eur-2-4-billion-in-total-in-power-grids\/\">manjka kapaciteta<\/a> i <a href=\"https:\/\/balkangreenenergynews.com\/rs\/potrosaci-u-sloveniji-sada-mogu-da-zarade-smanjenjem-potrosnje-struje-na-zahtev\/\">varijabilnosti<\/a> proizvodnje <a href=\"https:\/\/balkangreenenergynews.com\/greeces-power-grid-in-risk-of-blackouts-amid-high-renewables-share-demand-drop\/\">iz obnovljivih izvora<\/a> stvara <a href=\"https:\/\/balkangreenenergynews.com\/rs\/slovenija-subvencijama-podstice-instaliranje-baterija-za-solarne-panele\/\">sve ve\u0107e<\/a> izazove <a href=\"https:\/\/balkangreenenergynews.com\/cyprus-power-grid-cant-handle-more-renewables-without-upgrades-storage\/\">zemljama<\/a> Jugoisto\u010dne Evrope i \u0161ire, kao i potreba za balansnom energijom, kojom se nadokna\u0111uje manjak u prognoziranoj proizvodnji, pogotovo u vetroelektranama i solarnim parkovima. Taj pritisak mo\u017ee da se olak\u0161a uklju\u010divanjem baterija, od onih za doma\u0107instva, preko industrijskih i baterija u elektri\u010dnim vozilima, do onih koje su direktno na mre\u017ei.<\/p>\n<blockquote><p>Da izbegne odlaganje priklju\u010denja svoje elektrane na obnovljive izvore usled ugro\u017eenosti sistema, investitor \u0107e morati da ugradi baterijski pogon od 20 megavata i 40 megavat-sati<\/p><\/blockquote>\n<p>Operatori sistema prenosa i distribucije \u0107e mo\u0107i da pribegnu odlaganju priklju\u010denja ukoliko ocene da je sistem ugro\u017een, stoji u predlogu zakona. Investitori \u0107e to mo\u0107i da izbegnu tako \u0161to \u0107e instalirati baterije snage ekvivalentne barem 20 odsto one koju ima njihova elektrana na obnovljive izvore i kapaciteta od najmanje 0,4 megavat-sata po instaliranom megavatu elektrane. To bi zna\u010dilo da bi za elektranu od stotinu megavata bio neophodan sistem za skladi\u0161tenje snage 20 megavata i kapaciteta 40 megavat-sati.<\/p>\n<p>Ugradnja baterija bi, u slu\u010daju prenosnog sistema, kojim upravlja Elektromre\u017ea Srbije, bila namenjena pru\u017eanju pomo\u0107ne usluge sekundarne rezerve, predlo\u017eila je vlada. \u0160to se ti\u010de zelenih elektrana na distributivnoj mre\u017ei, za koju je zadu\u017eena Elektrodistribucija Srbije, re\u0161enje obuhvata postrojenja u rasponu od 400 kilovata do pet megavata.<\/p>\n<h3>Srbija ho\u0107e da utrostru\u010di snagu elektrana na sunce i vetar u roku od tri godine<\/h3>\n<p>Kapacitet elektrana koje koriste energiju sunca i vetra u Srbiji iznosi 550 megavata, izjavila je \u0110edovi\u0107 i dodala da je cilj da se u naredne tri godine taj kapacitet <a href=\"https:\/\/balkangreenenergynews.com\/rs\/raspisivanje-prve-aukcije-za-vetroelektrane-u-srbiji-predvidjeno-za-april\/\">pove\u0107a<\/a> za oko <a href=\"https:\/\/balkangreenenergynews.com\/rs\/djedovic-srbija-ce-na-aukcijama-raspodeliti-kvotu-od-1-400-mw\/\">tri puta.<\/a><\/p>\n<p>Ona je navela da se u na\u0161em regionu veliki deo elektri\u010dne energije i dalje dobija iz uglja i da tro\u0161kovi tranzicije zahtevaju zna\u010dajnu eksternu podr\u0161ku, pri \u010demu zemlje Zapadnog Balkana trenutno ne mogu ra\u010dunati na obim sredstava koje imaju \u010dlanice Evropske unije.<\/p>\n<p>&#8222;Zajedno sa na\u0161im me\u0111unarodnim partnerima radi\u0107emo na obezbe\u0111ivanju sredstava kako bi energetska tranzicija bila finansijski odr\u017eiva i socijalno pravedna i da u tom procesu stimuli\u0161emo otvaranje novih radnih mesta, odr\u017eivo rudarstvo i kori\u0161\u0107enje modernih tehnologija, kao \u0161to je vodonik, ali i ve\u0107u iskori\u0161\u0107enost kriti\u010dnih mineralnih sirovina kojima je na\u0161a zemlja jako bogata, na odr\u017eiv na\u010din&#8220;, poru\u010dila je \u0110edovi\u0107 na konferenciji.<\/p>\n<h3>Zaposleni u ugljenokopima mogu da pre\u0111u na rudarenje litijuma, bora<\/h3>\n<p>Ona je nagovestila i mogu\u0107nost prebacivanja zaposlenih iz rudnika uglja i bakra u proizvodnju sirovina klju\u010dnih za energetsku i zelenu tranziciju. Srbija je me\u0111u najve\u0107ima po rezervama litijuma i bora, rekla je \u0110edovi\u0107.<\/p>\n<blockquote><p>Srbija deli viziju Evropske unije za postizanje ugljeni\u010dne neutralnosti<\/p><\/blockquote>\n<p>Pored razvoja zelene energetike, dr\u017eava ima ambiciozne ciljeve i za pove\u0107anje energetske efikasnosti i smanjenja emisije \u0161tetnih gasova, napomenula je na doga\u0111aju. &#8222;Delimo viziju sa \u010dlanicama EU da idemo ka karbonskoj neutralnosti, a kao deo Energetske zajednice prenosimo u na\u0161e zakonodavstvo evropsku regulativu, iako nismo \u010dlanica EU&#8220;, naglasila je \u0110edovi\u0107.<\/p>\n<p>Ona se u Berlinu sastala sa nema\u010dkim vicekancelarom i ministrom za ekonomska pitanja i klimatsku akciju Robertom Habekom, a sa predstavnicima kompanija Siemens Energy i Mercedes Benz je razgovarala o mogu\u0107nostima investiranja u Srbiji, saop\u0161tilo je ministarstvo.<\/p>\n","protected":false},"excerpt":{"rendered":"<p>Po izmenama Zakona o kori\u0161\u0107enju obnovljivih izvora energije, investitori \u0107e odlaganje priklju\u010denja elektrane izbe\u0107i ugradnjom baterija<\/p>\n","protected":false},"author":27,"featured_media":57676,"comment_status":"open","ping_status":"open","sticky":false,"template":"","format":"standard","meta":{"_acf_changed":false,"_monsterinsights_skip_tracking":false,"_monsterinsights_sitenote_active":false,"_monsterinsights_sitenote_note":"","_monsterinsights_sitenote_category":0,"footnotes":""},"categories":[504,1,4],"tags":[807,3279,6765,6611,6769,669,6037,2500,165,1854,6415,2899,5010,647,3007,1377,3558,6792,3571,1890,2341,5921],"class_list":["post-57671","post","type-post","status-publish","format-standard","has-post-thumbnail","hentry","category-elektricna-energija","category-obnovljivi-izvori-energije","category-zivotna-sredina","tag-baterije","tag-dekarbonizacija","tag-distribucija-elektricne-energije","tag-dubravka-djedovic","tag-eds","tag-elektricna-energija","tag-elektrodistribucija-srbije","tag-elektromreza-srbije","tag-ems","tag-energetska-tranzicija","tag-izjava-dana","tag-litijum","tag-mercedes-benz","tag-obnovljivi-izvori-energije","tag-operator-distributivnog-sistema","tag-operator-prenosnog-sistema","tag-prenos-elektricne-energije","tag-siemens-energy","tag-skladistenje-energije","tag-solarne-elektrane","tag-vetroelektrane","tag-zivotna-sredina","country-srbija"],"acf":[],"yoast_head":"<!-- This site is optimized with the Yoast SEO plugin v27.4 - https:\/\/yoast.com\/product\/yoast-seo-wordpress\/ -->\n<title>\u0110edovi\u0107: Izmenama zakona Srbija podsti\u010de instaliranje sistema za skladi\u0161tenje energije<\/title>\n<meta name=\"description\" content=\"Po izmenama Zakona o kori\u0161\u0107enju obnovljivih izvora energije, investitori \u0107e odlaganje priklju\u010denja elektrane izbe\u0107i ugradnjom baterija.\" \/>\n<meta name=\"robots\" content=\"index, follow, max-snippet:-1, max-image-preview:large, max-video-preview:-1\" \/>\n<link rel=\"canonical\" href=\"https:\/\/balkangreenenergynews.com\/rs\/djedovic-izmenama-zakona-srbija-podstice-instaliranje-sistema-za-skladistenje-energije\/\" \/>\n<meta property=\"og:locale\" content=\"sr_RS\" \/>\n<meta property=\"og:type\" content=\"article\" \/>\n<meta property=\"og:title\" content=\"\u0110edovi\u0107: Izmenama zakona Srbija podsti\u010de instaliranje sistema za skladi\u0161tenje energije\" \/>\n<meta property=\"og:description\" content=\"Po izmenama Zakona o kori\u0161\u0107enju obnovljivih izvora energije, investitori \u0107e odlaganje priklju\u010denja elektrane izbe\u0107i ugradnjom baterija.\" \/>\n<meta property=\"og:url\" content=\"https:\/\/balkangreenenergynews.com\/rs\/djedovic-izmenama-zakona-srbija-podstice-instaliranje-sistema-za-skladistenje-energije\/\" \/>\n<meta property=\"og:site_name\" content=\"Balkan Green Energy News\" \/>\n<meta property=\"article:published_time\" content=\"2023-03-30T11:27:35+00:00\" \/>\n<meta property=\"article:modified_time\" content=\"2023-03-30T13:06:10+00:00\" \/>\n<meta property=\"og:image\" content=\"https:\/\/balkangreenenergynews.com\/rs\/wp-content\/uploads\/2023\/03\/Djedovic-Dedovic-izmenama-zakona-Srbija-skladistenje-energije.jpg\" \/>\n\t<meta property=\"og:image:width\" content=\"840\" \/>\n\t<meta property=\"og:image:height\" content=\"430\" \/>\n\t<meta property=\"og:image:type\" content=\"image\/jpeg\" \/>\n<meta name=\"author\" content=\"Igor Todorovi\u0107\" \/>\n<meta name=\"twitter:card\" content=\"summary_large_image\" \/>\n<meta name=\"twitter:label1\" content=\"\u041d\u0430\u043f\u0438\u0441\u0430\u043d\u043e \u043e\u0434\" \/>\n\t<meta name=\"twitter:data1\" content=\"Igor Todorovi\u0107\" \/>\n\t<meta name=\"twitter:label2\" content=\"\u041f\u0440\u043e\u0446\u0435\u045a\u0435\u043d\u043e \u0432\u0440\u0435\u043c\u0435 \u0447\u0438\u0442\u0430\u045a\u0430\" \/>\n\t<meta name=\"twitter:data2\" content=\"5 \u043c\u0438\u043d\u0443\u0442\u0430\" \/>\n<script type=\"application\/ld+json\" class=\"yoast-schema-graph\">{\"@context\":\"https:\\\/\\\/schema.org\",\"@graph\":[{\"@type\":\"Article\",\"@id\":\"https:\\\/\\\/balkangreenenergynews.com\\\/rs\\\/djedovic-izmenama-zakona-srbija-podstice-instaliranje-sistema-za-skladistenje-energije\\\/#article\",\"isPartOf\":{\"@id\":\"https:\\\/\\\/balkangreenenergynews.com\\\/rs\\\/djedovic-izmenama-zakona-srbija-podstice-instaliranje-sistema-za-skladistenje-energije\\\/\"},\"author\":{\"name\":\"Igor Todorovi\u0107\",\"@id\":\"https:\\\/\\\/balkangreenenergynews.com\\\/rs\\\/#\\\/schema\\\/person\\\/d8f80a244c4e9f2b55e4f6968c253246\"},\"headline\":\"\u0110edovi\u0107: Izmenama zakona Srbija podsti\u010de instaliranje sistema za skladi\u0161tenje energije\",\"datePublished\":\"2023-03-30T11:27:35+00:00\",\"dateModified\":\"2023-03-30T13:06:10+00:00\",\"mainEntityOfPage\":{\"@id\":\"https:\\\/\\\/balkangreenenergynews.com\\\/rs\\\/djedovic-izmenama-zakona-srbija-podstice-instaliranje-sistema-za-skladistenje-energije\\\/\"},\"wordCount\":814,\"commentCount\":0,\"image\":{\"@id\":\"https:\\\/\\\/balkangreenenergynews.com\\\/rs\\\/djedovic-izmenama-zakona-srbija-podstice-instaliranje-sistema-za-skladistenje-energije\\\/#primaryimage\"},\"thumbnailUrl\":\"https:\\\/\\\/balkangreenenergynews.com\\\/rs\\\/wp-content\\\/uploads\\\/2023\\\/03\\\/Djedovic-Dedovic-izmenama-zakona-Srbija-skladistenje-energije.jpg?wsr\",\"keywords\":[\"baterije\",\"dekarbonizacija\",\"distribucija elektri\u010dne energije\",\"Dubravka \u0110edovi\u0107\",\"EDS\",\"elektri\u010dna energija\",\"Elektrodistribucija Srbije\",\"Elektromre\u017ea Srbije\",\"EMS\",\"energetska tranzicija\",\"Izjava dana\",\"litijum\",\"Mercedes-Benz\",\"obnovljivi izvori energije\",\"operator distributivnog sistema\",\"operator prenosnog sistema\",\"prenos elektri\u010dne energije\",\"Siemens Energy\",\"skladi\u0161tenje energije\",\"solarne elektrane\",\"vetroelektrane\",\"\u017eivotna sredina\"],\"articleSection\":[\"Elektri\u010dna energija\",\"OIE\",\"\u017divotna sredina\"],\"inLanguage\":\"sr-RS\",\"potentialAction\":[{\"@type\":\"CommentAction\",\"name\":\"Comment\",\"target\":[\"https:\\\/\\\/balkangreenenergynews.com\\\/rs\\\/djedovic-izmenama-zakona-srbija-podstice-instaliranje-sistema-za-skladistenje-energije\\\/#respond\"]}]},{\"@type\":\"WebPage\",\"@id\":\"https:\\\/\\\/balkangreenenergynews.com\\\/rs\\\/djedovic-izmenama-zakona-srbija-podstice-instaliranje-sistema-za-skladistenje-energije\\\/\",\"url\":\"https:\\\/\\\/balkangreenenergynews.com\\\/rs\\\/djedovic-izmenama-zakona-srbija-podstice-instaliranje-sistema-za-skladistenje-energije\\\/\",\"name\":\"\u0110edovi\u0107: Izmenama zakona Srbija podsti\u010de instaliranje sistema za skladi\u0161tenje energije\",\"isPartOf\":{\"@id\":\"https:\\\/\\\/balkangreenenergynews.com\\\/rs\\\/#website\"},\"primaryImageOfPage\":{\"@id\":\"https:\\\/\\\/balkangreenenergynews.com\\\/rs\\\/djedovic-izmenama-zakona-srbija-podstice-instaliranje-sistema-za-skladistenje-energije\\\/#primaryimage\"},\"image\":{\"@id\":\"https:\\\/\\\/balkangreenenergynews.com\\\/rs\\\/djedovic-izmenama-zakona-srbija-podstice-instaliranje-sistema-za-skladistenje-energije\\\/#primaryimage\"},\"thumbnailUrl\":\"https:\\\/\\\/balkangreenenergynews.com\\\/rs\\\/wp-content\\\/uploads\\\/2023\\\/03\\\/Djedovic-Dedovic-izmenama-zakona-Srbija-skladistenje-energije.jpg?wsr\",\"datePublished\":\"2023-03-30T11:27:35+00:00\",\"dateModified\":\"2023-03-30T13:06:10+00:00\",\"author\":{\"@id\":\"https:\\\/\\\/balkangreenenergynews.com\\\/rs\\\/#\\\/schema\\\/person\\\/d8f80a244c4e9f2b55e4f6968c253246\"},\"description\":\"Po izmenama Zakona o kori\u0161\u0107enju obnovljivih izvora energije, investitori \u0107e odlaganje priklju\u010denja elektrane izbe\u0107i ugradnjom baterija.\",\"breadcrumb\":{\"@id\":\"https:\\\/\\\/balkangreenenergynews.com\\\/rs\\\/djedovic-izmenama-zakona-srbija-podstice-instaliranje-sistema-za-skladistenje-energije\\\/#breadcrumb\"},\"inLanguage\":\"sr-RS\",\"potentialAction\":[{\"@type\":\"ReadAction\",\"target\":[\"https:\\\/\\\/balkangreenenergynews.com\\\/rs\\\/djedovic-izmenama-zakona-srbija-podstice-instaliranje-sistema-za-skladistenje-energije\\\/\"]}]},{\"@type\":\"ImageObject\",\"inLanguage\":\"sr-RS\",\"@id\":\"https:\\\/\\\/balkangreenenergynews.com\\\/rs\\\/djedovic-izmenama-zakona-srbija-podstice-instaliranje-sistema-za-skladistenje-energije\\\/#primaryimage\",\"url\":\"https:\\\/\\\/balkangreenenergynews.com\\\/rs\\\/wp-content\\\/uploads\\\/2023\\\/03\\\/Djedovic-Dedovic-izmenama-zakona-Srbija-skladistenje-energije.jpg?wsr\",\"contentUrl\":\"https:\\\/\\\/balkangreenenergynews.com\\\/rs\\\/wp-content\\\/uploads\\\/2023\\\/03\\\/Djedovic-Dedovic-izmenama-zakona-Srbija-skladistenje-energije.jpg?wsr\",\"width\":840,\"height\":430,\"caption\":\"Djedovic Dedovic izmenama zakona Srbija skladistenje energije\"},{\"@type\":\"BreadcrumbList\",\"@id\":\"https:\\\/\\\/balkangreenenergynews.com\\\/rs\\\/djedovic-izmenama-zakona-srbija-podstice-instaliranje-sistema-za-skladistenje-energije\\\/#breadcrumb\",\"itemListElement\":[{\"@type\":\"ListItem\",\"position\":1,\"name\":\"Po\u010detna\",\"item\":\"https:\\\/\\\/balkangreenenergynews.com\\\/rs\\\/\"},{\"@type\":\"ListItem\",\"position\":2,\"name\":\"Vesti\",\"item\":\"https:\\\/\\\/balkangreenenergynews.com\\\/rs\\\/kategorija\\\/vesti\\\/\"},{\"@type\":\"ListItem\",\"position\":3,\"name\":\"OIE\",\"item\":\"https:\\\/\\\/balkangreenenergynews.com\\\/rs\\\/kategorija\\\/vesti\\\/obnovljivi-izvori-energije\\\/\"},{\"@type\":\"ListItem\",\"position\":4,\"name\":\"\u0110edovi\u0107: Izmenama zakona Srbija podsti\u010de instaliranje sistema za skladi\u0161tenje energije\"}]},{\"@type\":\"WebSite\",\"@id\":\"https:\\\/\\\/balkangreenenergynews.com\\\/rs\\\/#website\",\"url\":\"https:\\\/\\\/balkangreenenergynews.com\\\/rs\\\/\",\"name\":\"Balkan Green Energy News\",\"description\":\"Naj\u0161iri izbor vesti sa Balkana o zelenoj energiji\",\"potentialAction\":[{\"@type\":\"SearchAction\",\"target\":{\"@type\":\"EntryPoint\",\"urlTemplate\":\"https:\\\/\\\/balkangreenenergynews.com\\\/rs\\\/?s={search_term_string}\"},\"query-input\":{\"@type\":\"PropertyValueSpecification\",\"valueRequired\":true,\"valueName\":\"search_term_string\"}}],\"inLanguage\":\"sr-RS\"},{\"@type\":\"Person\",\"@id\":\"https:\\\/\\\/balkangreenenergynews.com\\\/rs\\\/#\\\/schema\\\/person\\\/d8f80a244c4e9f2b55e4f6968c253246\",\"name\":\"Igor Todorovi\u0107\",\"url\":\"https:\\\/\\\/balkangreenenergynews.com\\\/rs\\\/author\\\/igor-todorovic\\\/\"}]}<\/script>\n<!-- \/ Yoast SEO plugin. -->","yoast_head_json":{"title":"\u0110edovi\u0107: Izmenama zakona Srbija podsti\u010de instaliranje sistema za skladi\u0161tenje energije","description":"Po izmenama Zakona o kori\u0161\u0107enju obnovljivih izvora energije, investitori \u0107e odlaganje priklju\u010denja elektrane izbe\u0107i ugradnjom baterija.","robots":{"index":"index","follow":"follow","max-snippet":"max-snippet:-1","max-image-preview":"max-image-preview:large","max-video-preview":"max-video-preview:-1"},"canonical":"https:\/\/balkangreenenergynews.com\/rs\/djedovic-izmenama-zakona-srbija-podstice-instaliranje-sistema-za-skladistenje-energije\/","og_locale":"sr_RS","og_type":"article","og_title":"\u0110edovi\u0107: Izmenama zakona Srbija podsti\u010de instaliranje sistema za skladi\u0161tenje energije","og_description":"Po izmenama Zakona o kori\u0161\u0107enju obnovljivih izvora energije, investitori \u0107e odlaganje priklju\u010denja elektrane izbe\u0107i ugradnjom baterija.","og_url":"https:\/\/balkangreenenergynews.com\/rs\/djedovic-izmenama-zakona-srbija-podstice-instaliranje-sistema-za-skladistenje-energije\/","og_site_name":"Balkan Green Energy News","article_published_time":"2023-03-30T11:27:35+00:00","article_modified_time":"2023-03-30T13:06:10+00:00","og_image":[{"width":840,"height":430,"url":"https:\/\/balkangreenenergynews.com\/rs\/wp-content\/uploads\/2023\/03\/Djedovic-Dedovic-izmenama-zakona-Srbija-skladistenje-energije.jpg","type":"image\/jpeg"}],"author":"Igor Todorovi\u0107","twitter_card":"summary_large_image","twitter_misc":{"\u041d\u0430\u043f\u0438\u0441\u0430\u043d\u043e \u043e\u0434":"Igor Todorovi\u0107","\u041f\u0440\u043e\u0446\u0435\u045a\u0435\u043d\u043e \u0432\u0440\u0435\u043c\u0435 \u0447\u0438\u0442\u0430\u045a\u0430":"5 \u043c\u0438\u043d\u0443\u0442\u0430"},"schema":{"@context":"https:\/\/schema.org","@graph":[{"@type":"Article","@id":"https:\/\/balkangreenenergynews.com\/rs\/djedovic-izmenama-zakona-srbija-podstice-instaliranje-sistema-za-skladistenje-energije\/#article","isPartOf":{"@id":"https:\/\/balkangreenenergynews.com\/rs\/djedovic-izmenama-zakona-srbija-podstice-instaliranje-sistema-za-skladistenje-energije\/"},"author":{"name":"Igor Todorovi\u0107","@id":"https:\/\/balkangreenenergynews.com\/rs\/#\/schema\/person\/d8f80a244c4e9f2b55e4f6968c253246"},"headline":"\u0110edovi\u0107: Izmenama zakona Srbija podsti\u010de instaliranje sistema za skladi\u0161tenje energije","datePublished":"2023-03-30T11:27:35+00:00","dateModified":"2023-03-30T13:06:10+00:00","mainEntityOfPage":{"@id":"https:\/\/balkangreenenergynews.com\/rs\/djedovic-izmenama-zakona-srbija-podstice-instaliranje-sistema-za-skladistenje-energije\/"},"wordCount":814,"commentCount":0,"image":{"@id":"https:\/\/balkangreenenergynews.com\/rs\/djedovic-izmenama-zakona-srbija-podstice-instaliranje-sistema-za-skladistenje-energije\/#primaryimage"},"thumbnailUrl":"https:\/\/balkangreenenergynews.com\/rs\/wp-content\/uploads\/2023\/03\/Djedovic-Dedovic-izmenama-zakona-Srbija-skladistenje-energije.jpg?wsr","keywords":["baterije","dekarbonizacija","distribucija elektri\u010dne energije","Dubravka \u0110edovi\u0107","EDS","elektri\u010dna energija","Elektrodistribucija Srbije","Elektromre\u017ea Srbije","EMS","energetska tranzicija","Izjava dana","litijum","Mercedes-Benz","obnovljivi izvori energije","operator distributivnog sistema","operator prenosnog sistema","prenos elektri\u010dne energije","Siemens Energy","skladi\u0161tenje energije","solarne elektrane","vetroelektrane","\u017eivotna sredina"],"articleSection":["Elektri\u010dna energija","OIE","\u017divotna sredina"],"inLanguage":"sr-RS","potentialAction":[{"@type":"CommentAction","name":"Comment","target":["https:\/\/balkangreenenergynews.com\/rs\/djedovic-izmenama-zakona-srbija-podstice-instaliranje-sistema-za-skladistenje-energije\/#respond"]}]},{"@type":"WebPage","@id":"https:\/\/balkangreenenergynews.com\/rs\/djedovic-izmenama-zakona-srbija-podstice-instaliranje-sistema-za-skladistenje-energije\/","url":"https:\/\/balkangreenenergynews.com\/rs\/djedovic-izmenama-zakona-srbija-podstice-instaliranje-sistema-za-skladistenje-energije\/","name":"\u0110edovi\u0107: Izmenama zakona Srbija podsti\u010de instaliranje sistema za skladi\u0161tenje energije","isPartOf":{"@id":"https:\/\/balkangreenenergynews.com\/rs\/#website"},"primaryImageOfPage":{"@id":"https:\/\/balkangreenenergynews.com\/rs\/djedovic-izmenama-zakona-srbija-podstice-instaliranje-sistema-za-skladistenje-energije\/#primaryimage"},"image":{"@id":"https:\/\/balkangreenenergynews.com\/rs\/djedovic-izmenama-zakona-srbija-podstice-instaliranje-sistema-za-skladistenje-energije\/#primaryimage"},"thumbnailUrl":"https:\/\/balkangreenenergynews.com\/rs\/wp-content\/uploads\/2023\/03\/Djedovic-Dedovic-izmenama-zakona-Srbija-skladistenje-energije.jpg?wsr","datePublished":"2023-03-30T11:27:35+00:00","dateModified":"2023-03-30T13:06:10+00:00","author":{"@id":"https:\/\/balkangreenenergynews.com\/rs\/#\/schema\/person\/d8f80a244c4e9f2b55e4f6968c253246"},"description":"Po izmenama Zakona o kori\u0161\u0107enju obnovljivih izvora energije, investitori \u0107e odlaganje priklju\u010denja elektrane izbe\u0107i ugradnjom baterija.","breadcrumb":{"@id":"https:\/\/balkangreenenergynews.com\/rs\/djedovic-izmenama-zakona-srbija-podstice-instaliranje-sistema-za-skladistenje-energije\/#breadcrumb"},"inLanguage":"sr-RS","potentialAction":[{"@type":"ReadAction","target":["https:\/\/balkangreenenergynews.com\/rs\/djedovic-izmenama-zakona-srbija-podstice-instaliranje-sistema-za-skladistenje-energije\/"]}]},{"@type":"ImageObject","inLanguage":"sr-RS","@id":"https:\/\/balkangreenenergynews.com\/rs\/djedovic-izmenama-zakona-srbija-podstice-instaliranje-sistema-za-skladistenje-energije\/#primaryimage","url":"https:\/\/balkangreenenergynews.com\/rs\/wp-content\/uploads\/2023\/03\/Djedovic-Dedovic-izmenama-zakona-Srbija-skladistenje-energije.jpg?wsr","contentUrl":"https:\/\/balkangreenenergynews.com\/rs\/wp-content\/uploads\/2023\/03\/Djedovic-Dedovic-izmenama-zakona-Srbija-skladistenje-energije.jpg?wsr","width":840,"height":430,"caption":"Djedovic Dedovic izmenama zakona Srbija skladistenje energije"},{"@type":"BreadcrumbList","@id":"https:\/\/balkangreenenergynews.com\/rs\/djedovic-izmenama-zakona-srbija-podstice-instaliranje-sistema-za-skladistenje-energije\/#breadcrumb","itemListElement":[{"@type":"ListItem","position":1,"name":"Po\u010detna","item":"https:\/\/balkangreenenergynews.com\/rs\/"},{"@type":"ListItem","position":2,"name":"Vesti","item":"https:\/\/balkangreenenergynews.com\/rs\/kategorija\/vesti\/"},{"@type":"ListItem","position":3,"name":"OIE","item":"https:\/\/balkangreenenergynews.com\/rs\/kategorija\/vesti\/obnovljivi-izvori-energije\/"},{"@type":"ListItem","position":4,"name":"\u0110edovi\u0107: Izmenama zakona Srbija podsti\u010de instaliranje sistema za skladi\u0161tenje energije"}]},{"@type":"WebSite","@id":"https:\/\/balkangreenenergynews.com\/rs\/#website","url":"https:\/\/balkangreenenergynews.com\/rs\/","name":"Balkan Green Energy News","description":"Naj\u0161iri izbor vesti sa Balkana o zelenoj energiji","potentialAction":[{"@type":"SearchAction","target":{"@type":"EntryPoint","urlTemplate":"https:\/\/balkangreenenergynews.com\/rs\/?s={search_term_string}"},"query-input":{"@type":"PropertyValueSpecification","valueRequired":true,"valueName":"search_term_string"}}],"inLanguage":"sr-RS"},{"@type":"Person","@id":"https:\/\/balkangreenenergynews.com\/rs\/#\/schema\/person\/d8f80a244c4e9f2b55e4f6968c253246","name":"Igor Todorovi\u0107","url":"https:\/\/balkangreenenergynews.com\/rs\/author\/igor-todorovic\/"}]}},"_links":{"self":[{"href":"https:\/\/balkangreenenergynews.com\/rs\/wp-json\/wp\/v2\/posts\/57671","targetHints":{"allow":["GET"]}}],"collection":[{"href":"https:\/\/balkangreenenergynews.com\/rs\/wp-json\/wp\/v2\/posts"}],"about":[{"href":"https:\/\/balkangreenenergynews.com\/rs\/wp-json\/wp\/v2\/types\/post"}],"author":[{"embeddable":true,"href":"https:\/\/balkangreenenergynews.com\/rs\/wp-json\/wp\/v2\/users\/27"}],"replies":[{"embeddable":true,"href":"https:\/\/balkangreenenergynews.com\/rs\/wp-json\/wp\/v2\/comments?post=57671"}],"version-history":[{"count":0,"href":"https:\/\/balkangreenenergynews.com\/rs\/wp-json\/wp\/v2\/posts\/57671\/revisions"}],"wp:featuredmedia":[{"embeddable":true,"href":"https:\/\/balkangreenenergynews.com\/rs\/wp-json\/wp\/v2\/media\/57676"}],"wp:attachment":[{"href":"https:\/\/balkangreenenergynews.com\/rs\/wp-json\/wp\/v2\/media?parent=57671"}],"wp:term":[{"taxonomy":"category","embeddable":true,"href":"https:\/\/balkangreenenergynews.com\/rs\/wp-json\/wp\/v2\/categories?post=57671"},{"taxonomy":"post_tag","embeddable":true,"href":"https:\/\/balkangreenenergynews.com\/rs\/wp-json\/wp\/v2\/tags?post=57671"}],"curies":[{"name":"wp","href":"https:\/\/api.w.org\/{rel}","templated":true}]}}