{"id":57531,"date":"2023-03-27T17:10:38","date_gmt":"2023-03-27T15:10:38","guid":{"rendered":"https:\/\/balkangreenenergynews.com\/rs\/?p=57531"},"modified":"2023-03-29T12:11:55","modified_gmt":"2023-03-29T10:11:55","slug":"aktivisti-na-sodrosu-drvece-poseceno-bez-procene-uticaja-na-zivotnu-sredinu","status":"publish","type":"post","link":"https:\/\/balkangreenenergynews.com\/rs\/aktivisti-na-sodrosu-drvece-poseceno-bez-procene-uticaja-na-zivotnu-sredinu\/","title":{"rendered":"Aktivisti na \u0160odro\u0161u: Drve\u0107e pose\u010deno bez procene uticaja na \u017eivotnu sredinu"},"content":{"rendered":"<h2>Na \u0160odro\u0161u i na Kameni\u010dkoj adi, u priobalju Dunava u Novom Sadu, pose\u010deno je 140 autohotonih stabala na trasi za izgradnju mosta. Aktivisti su mesecima kampovali u \u0161umi kako bi spre\u010dili se\u010du drve\u0107a i isticali da postoje i druga re\u0161enja za rastere\u0107enje saobra\u0107aja i izgradnju \u010detvrtog gradskog mosta.<\/h2>\n<p>Nakon vi\u0161emese\u010dene borbe da se o\u010duva \u0161uma <a href=\"https:\/\/balkangreenenergynews.com\/rs\/svaki-dan-je-dan-dunava-znacaj-priobalja-i-bogatstvo-reke\/\">u priobalju Dunava<\/a> u Novom Sadu, na trasi mosta je ipak pose\u010deno 140 stabala.<\/p>\n<p>Gradske vlasti i nadle\u017ene institucije sprovele su ono \u0161to su predvidele urbanisti\u010dkim planom. Aktivisti okupljeni u neformalnoj inicijativi za o\u010duvanje i odbranu podru\u010dja \u0160odro\u0161a i Dunavca rezignirano tvrde da to nije ura\u0111eno po propisima i u skladu sa zakonom.<\/p>\n<blockquote><p>Aktivisti rezignirano isti\u010du da se\u010da nije sprovedena po propisima i u skladu sa zakonom<\/p><\/blockquote>\n<p>U autorskoj emisiji Olje Be\u0107kovi\u0107 Utisak nedelje, jedan od utisaka bila je izjava aktivistkinje Jovane Radevi\u0107. Vidno potresena, opisala je pad jednog drveta na Kameni\u010dkoj adi na novosadskoj obali Dunava.<\/p>\n<p>\u201eJa ne mogu da vam do\u010daram kakav je to osje\u0107aj. Ja sam prisustvovala situaciji u kojoj \u010dovjek sije\u010de drvo, ko zna koliko godina staro. Vi ne mo\u017eete da shvatite koliko je to monstruozno. Taj \u010dovjek ne mo\u017ee ni da obgrli to stablo, koliko je ono. Njegov korijen je jo\u0161 ve\u0107i od onoga \u0161to mi zapravo vidimo sa gornje strane&#8220;, izjavila je Radevi\u0107.<\/p>\n<p>To drvo pada zbog ne\u010dega za \u0161ta ljudi zapravo nemaju dozvolu, navela je i istakla da nije izvr\u0161ena strate\u0161ka procena uticaja na \u017eivotnu sredinu.<\/p>\n<p>&#8222;Mi se nalazimo u situaciji da poku\u0161avamo da \u0161titimo zakon, a da nas policija u tome sprije\u010dava. Onog trenutka kada im ka\u017eemo: dajte nam papir na osnovu koga ovo sve treba da radite, oni nama ka\u017eu \u2013 mi za to nismo nadle\u017eni\u201c, rekla je Radevi\u0107.<\/p>\n<blockquote><p>Vojvodina\u0161ume navode da je podru\u010dje sada gra\u0111evinska parcela, nad kojom nemaju ingerencija<\/p><\/blockquote>\n<p>U javnom preduze\u0107u Vojvodina\u0161ume, koje je poseklo stabla, navode da je to sada gra\u0111evinska parcela i da nad njom nemaju ingerencija, ve\u0107 da je u dr\u017eavnoj nadle\u017enosti. Stabla su za se\u010du ozna\u010dena u saradnji sa Institutom za nizijsko \u0161umarstvo i Pokrajinskim zavodom za za\u0161titu prirode (PZZP).<\/p>\n<p>Aktivisti isti\u010du da su se pokrajinske inspekcije i zavod oglu\u0161ili o re\u0161enja koja su i sami doneli.<\/p>\n<p>Kako navodi Ekolo\u0161ki front, prema PZZP-ovom re\u0161enju o uslovima za\u0161tite, drve\u0107e sa dupljama se zbog gne\u017e\u0111enja ptica i hibernacije slepih mi\u0161eva mo\u017ee se\u0107i isklju\u010divo izme\u0111u 1. avgusta i 1. novembra.<\/p>\n<p>U re\u0161enju je navedeno da se radovi moraju najaviti osam dana unapred, kako bi zavod mogao da nadzire primenu mera za\u0161tite, podsetila je ta organizacija.<\/p>\n","protected":false},"excerpt":{"rendered":"<p>Na \u0160odro\u0161u u Novom Sadu je pose\u010deno 140 autohotonih stabala na trasi za izgradnju \u010detvrtog gradskog mosta<\/p>\n","protected":false},"author":25,"featured_media":57536,"comment_status":"open","ping_status":"open","sticky":false,"template":"","format":"standard","meta":{"_acf_changed":false,"_monsterinsights_skip_tracking":false,"_monsterinsights_sitenote_active":false,"_monsterinsights_sitenote_note":"","_monsterinsights_sitenote_category":0,"footnotes":""},"categories":[5253,4],"tags":[6170,6415,6434,5921],"class_list":["post-57531","post","type-post","status-publish","format-standard","has-post-thumbnail","hentry","category-biodiverzitet","category-zivotna-sredina","tag-aktivizam","tag-izjava-dana","tag-sodros","tag-zivotna-sredina","country-srbija"],"acf":[],"yoast_head":"<!-- This site is optimized with the Yoast SEO plugin v27.4 - https:\/\/yoast.com\/product\/yoast-seo-wordpress\/ -->\n<title>Aktivisti na \u0160odro\u0161u: Drve\u0107e pose\u010deno bez procene uticaja na \u017eivotnu sredinu<\/title>\n<meta name=\"description\" content=\"Na \u0160odro\u0161u u Novom Sadu je pose\u010deno 140 autohotonih stabala na trasi za izgradnju \u010detvrtog gradskog mosta.\" \/>\n<meta name=\"robots\" content=\"index, follow, max-snippet:-1, max-image-preview:large, max-video-preview:-1\" \/>\n<link rel=\"canonical\" href=\"https:\/\/balkangreenenergynews.com\/rs\/aktivisti-na-sodrosu-drvece-poseceno-bez-procene-uticaja-na-zivotnu-sredinu\/\" \/>\n<meta property=\"og:locale\" content=\"sr_RS\" \/>\n<meta property=\"og:type\" content=\"article\" \/>\n<meta property=\"og:title\" content=\"Aktivisti na \u0160odro\u0161u: Drve\u0107e pose\u010deno bez procene uticaja na \u017eivotnu sredinu\" \/>\n<meta property=\"og:description\" content=\"Na \u0160odro\u0161u u Novom Sadu je pose\u010deno 140 autohotonih stabala na trasi za izgradnju \u010detvrtog gradskog mosta.\" \/>\n<meta property=\"og:url\" content=\"https:\/\/balkangreenenergynews.com\/rs\/aktivisti-na-sodrosu-drvece-poseceno-bez-procene-uticaja-na-zivotnu-sredinu\/\" \/>\n<meta property=\"og:site_name\" content=\"Balkan Green Energy News\" \/>\n<meta property=\"article:published_time\" content=\"2023-03-27T15:10:38+00:00\" \/>\n<meta property=\"article:modified_time\" content=\"2023-03-29T10:11:55+00:00\" \/>\n<meta property=\"og:image\" content=\"https:\/\/balkangreenenergynews.com\/rs\/wp-content\/uploads\/2023\/03\/sodros-fb.jpg\" \/>\n\t<meta property=\"og:image:width\" content=\"840\" \/>\n\t<meta property=\"og:image:height\" content=\"430\" \/>\n\t<meta property=\"og:image:type\" content=\"image\/jpeg\" \/>\n<meta name=\"author\" content=\"Balkan Green Energy News\" \/>\n<meta name=\"twitter:card\" content=\"summary_large_image\" \/>\n<meta name=\"twitter:label1\" content=\"\u041d\u0430\u043f\u0438\u0441\u0430\u043d\u043e \u043e\u0434\" \/>\n\t<meta name=\"twitter:data1\" content=\"Balkan Green Energy News\" \/>\n\t<meta name=\"twitter:label2\" content=\"\u041f\u0440\u043e\u0446\u0435\u045a\u0435\u043d\u043e \u0432\u0440\u0435\u043c\u0435 \u0447\u0438\u0442\u0430\u045a\u0430\" \/>\n\t<meta name=\"twitter:data2\" content=\"3 \u043c\u0438\u043d\u0443\u0442\u0430\" \/>\n<script type=\"application\/ld+json\" class=\"yoast-schema-graph\">{\"@context\":\"https:\\\/\\\/schema.org\",\"@graph\":[{\"@type\":\"Article\",\"@id\":\"https:\\\/\\\/balkangreenenergynews.com\\\/rs\\\/aktivisti-na-sodrosu-drvece-poseceno-bez-procene-uticaja-na-zivotnu-sredinu\\\/#article\",\"isPartOf\":{\"@id\":\"https:\\\/\\\/balkangreenenergynews.com\\\/rs\\\/aktivisti-na-sodrosu-drvece-poseceno-bez-procene-uticaja-na-zivotnu-sredinu\\\/\"},\"author\":{\"name\":\"Balkan Green Energy News\",\"@id\":\"https:\\\/\\\/balkangreenenergynews.com\\\/rs\\\/#\\\/schema\\\/person\\\/dee275e6036b1a0f7ceaf956d79d4eff\"},\"headline\":\"Aktivisti na \u0160odro\u0161u: Drve\u0107e pose\u010deno bez procene uticaja na \u017eivotnu sredinu\",\"datePublished\":\"2023-03-27T15:10:38+00:00\",\"dateModified\":\"2023-03-29T10:11:55+00:00\",\"mainEntityOfPage\":{\"@id\":\"https:\\\/\\\/balkangreenenergynews.com\\\/rs\\\/aktivisti-na-sodrosu-drvece-poseceno-bez-procene-uticaja-na-zivotnu-sredinu\\\/\"},\"wordCount\":485,\"commentCount\":0,\"image\":{\"@id\":\"https:\\\/\\\/balkangreenenergynews.com\\\/rs\\\/aktivisti-na-sodrosu-drvece-poseceno-bez-procene-uticaja-na-zivotnu-sredinu\\\/#primaryimage\"},\"thumbnailUrl\":\"https:\\\/\\\/balkangreenenergynews.com\\\/rs\\\/wp-content\\\/uploads\\\/2023\\\/03\\\/sodros-fb.jpg?wsr\",\"keywords\":[\"aktivizam\",\"Izjava dana\",\"\u0160odro\u0161\",\"\u017eivotna sredina\"],\"articleSection\":[\"Biodiverzitet\",\"\u017divotna sredina\"],\"inLanguage\":\"sr-RS\",\"potentialAction\":[{\"@type\":\"CommentAction\",\"name\":\"Comment\",\"target\":[\"https:\\\/\\\/balkangreenenergynews.com\\\/rs\\\/aktivisti-na-sodrosu-drvece-poseceno-bez-procene-uticaja-na-zivotnu-sredinu\\\/#respond\"]}]},{\"@type\":\"WebPage\",\"@id\":\"https:\\\/\\\/balkangreenenergynews.com\\\/rs\\\/aktivisti-na-sodrosu-drvece-poseceno-bez-procene-uticaja-na-zivotnu-sredinu\\\/\",\"url\":\"https:\\\/\\\/balkangreenenergynews.com\\\/rs\\\/aktivisti-na-sodrosu-drvece-poseceno-bez-procene-uticaja-na-zivotnu-sredinu\\\/\",\"name\":\"Aktivisti na \u0160odro\u0161u: Drve\u0107e pose\u010deno bez procene uticaja na \u017eivotnu sredinu\",\"isPartOf\":{\"@id\":\"https:\\\/\\\/balkangreenenergynews.com\\\/rs\\\/#website\"},\"primaryImageOfPage\":{\"@id\":\"https:\\\/\\\/balkangreenenergynews.com\\\/rs\\\/aktivisti-na-sodrosu-drvece-poseceno-bez-procene-uticaja-na-zivotnu-sredinu\\\/#primaryimage\"},\"image\":{\"@id\":\"https:\\\/\\\/balkangreenenergynews.com\\\/rs\\\/aktivisti-na-sodrosu-drvece-poseceno-bez-procene-uticaja-na-zivotnu-sredinu\\\/#primaryimage\"},\"thumbnailUrl\":\"https:\\\/\\\/balkangreenenergynews.com\\\/rs\\\/wp-content\\\/uploads\\\/2023\\\/03\\\/sodros-fb.jpg?wsr\",\"datePublished\":\"2023-03-27T15:10:38+00:00\",\"dateModified\":\"2023-03-29T10:11:55+00:00\",\"author\":{\"@id\":\"https:\\\/\\\/balkangreenenergynews.com\\\/rs\\\/#\\\/schema\\\/person\\\/dee275e6036b1a0f7ceaf956d79d4eff\"},\"description\":\"Na \u0160odro\u0161u u Novom Sadu je pose\u010deno 140 autohotonih stabala na trasi za izgradnju \u010detvrtog gradskog mosta.\",\"breadcrumb\":{\"@id\":\"https:\\\/\\\/balkangreenenergynews.com\\\/rs\\\/aktivisti-na-sodrosu-drvece-poseceno-bez-procene-uticaja-na-zivotnu-sredinu\\\/#breadcrumb\"},\"inLanguage\":\"sr-RS\",\"potentialAction\":[{\"@type\":\"ReadAction\",\"target\":[\"https:\\\/\\\/balkangreenenergynews.com\\\/rs\\\/aktivisti-na-sodrosu-drvece-poseceno-bez-procene-uticaja-na-zivotnu-sredinu\\\/\"]}]},{\"@type\":\"ImageObject\",\"inLanguage\":\"sr-RS\",\"@id\":\"https:\\\/\\\/balkangreenenergynews.com\\\/rs\\\/aktivisti-na-sodrosu-drvece-poseceno-bez-procene-uticaja-na-zivotnu-sredinu\\\/#primaryimage\",\"url\":\"https:\\\/\\\/balkangreenenergynews.com\\\/rs\\\/wp-content\\\/uploads\\\/2023\\\/03\\\/sodros-fb.jpg?wsr\",\"contentUrl\":\"https:\\\/\\\/balkangreenenergynews.com\\\/rs\\\/wp-content\\\/uploads\\\/2023\\\/03\\\/sodros-fb.jpg?wsr\",\"width\":840,\"height\":430,\"caption\":\"Aktivisti na \u0160odro\u0161u: Drve\u0107e pose\u010deno\"},{\"@type\":\"BreadcrumbList\",\"@id\":\"https:\\\/\\\/balkangreenenergynews.com\\\/rs\\\/aktivisti-na-sodrosu-drvece-poseceno-bez-procene-uticaja-na-zivotnu-sredinu\\\/#breadcrumb\",\"itemListElement\":[{\"@type\":\"ListItem\",\"position\":1,\"name\":\"Po\u010detna\",\"item\":\"https:\\\/\\\/balkangreenenergynews.com\\\/rs\\\/\"},{\"@type\":\"ListItem\",\"position\":2,\"name\":\"Vesti\",\"item\":\"https:\\\/\\\/balkangreenenergynews.com\\\/rs\\\/kategorija\\\/vesti\\\/\"},{\"@type\":\"ListItem\",\"position\":3,\"name\":\"Biodiverzitet\",\"item\":\"https:\\\/\\\/balkangreenenergynews.com\\\/rs\\\/kategorija\\\/vesti\\\/biodiverzitet\\\/\"},{\"@type\":\"ListItem\",\"position\":4,\"name\":\"Aktivisti na \u0160odro\u0161u: Drve\u0107e pose\u010deno bez procene uticaja na \u017eivotnu sredinu\"}]},{\"@type\":\"WebSite\",\"@id\":\"https:\\\/\\\/balkangreenenergynews.com\\\/rs\\\/#website\",\"url\":\"https:\\\/\\\/balkangreenenergynews.com\\\/rs\\\/\",\"name\":\"Balkan Green Energy News\",\"description\":\"Naj\u0161iri izbor vesti sa Balkana o zelenoj energiji\",\"potentialAction\":[{\"@type\":\"SearchAction\",\"target\":{\"@type\":\"EntryPoint\",\"urlTemplate\":\"https:\\\/\\\/balkangreenenergynews.com\\\/rs\\\/?s={search_term_string}\"},\"query-input\":{\"@type\":\"PropertyValueSpecification\",\"valueRequired\":true,\"valueName\":\"search_term_string\"}}],\"inLanguage\":\"sr-RS\"},{\"@type\":\"Person\",\"@id\":\"https:\\\/\\\/balkangreenenergynews.com\\\/rs\\\/#\\\/schema\\\/person\\\/dee275e6036b1a0f7ceaf956d79d4eff\",\"name\":\"Balkan Green Energy News\",\"url\":\"https:\\\/\\\/balkangreenenergynews.com\\\/rs\\\/author\\\/balkangreenenergynews\\\/\"}]}<\/script>\n<!-- \/ Yoast SEO plugin. -->","yoast_head_json":{"title":"Aktivisti na \u0160odro\u0161u: Drve\u0107e pose\u010deno bez procene uticaja na \u017eivotnu sredinu","description":"Na \u0160odro\u0161u u Novom Sadu je pose\u010deno 140 autohotonih stabala na trasi za izgradnju \u010detvrtog gradskog mosta.","robots":{"index":"index","follow":"follow","max-snippet":"max-snippet:-1","max-image-preview":"max-image-preview:large","max-video-preview":"max-video-preview:-1"},"canonical":"https:\/\/balkangreenenergynews.com\/rs\/aktivisti-na-sodrosu-drvece-poseceno-bez-procene-uticaja-na-zivotnu-sredinu\/","og_locale":"sr_RS","og_type":"article","og_title":"Aktivisti na \u0160odro\u0161u: Drve\u0107e pose\u010deno bez procene uticaja na \u017eivotnu sredinu","og_description":"Na \u0160odro\u0161u u Novom Sadu je pose\u010deno 140 autohotonih stabala na trasi za izgradnju \u010detvrtog gradskog mosta.","og_url":"https:\/\/balkangreenenergynews.com\/rs\/aktivisti-na-sodrosu-drvece-poseceno-bez-procene-uticaja-na-zivotnu-sredinu\/","og_site_name":"Balkan Green Energy News","article_published_time":"2023-03-27T15:10:38+00:00","article_modified_time":"2023-03-29T10:11:55+00:00","og_image":[{"width":840,"height":430,"url":"https:\/\/balkangreenenergynews.com\/rs\/wp-content\/uploads\/2023\/03\/sodros-fb.jpg","type":"image\/jpeg"}],"author":"Balkan Green Energy News","twitter_card":"summary_large_image","twitter_misc":{"\u041d\u0430\u043f\u0438\u0441\u0430\u043d\u043e \u043e\u0434":"Balkan Green Energy News","\u041f\u0440\u043e\u0446\u0435\u045a\u0435\u043d\u043e \u0432\u0440\u0435\u043c\u0435 \u0447\u0438\u0442\u0430\u045a\u0430":"3 \u043c\u0438\u043d\u0443\u0442\u0430"},"schema":{"@context":"https:\/\/schema.org","@graph":[{"@type":"Article","@id":"https:\/\/balkangreenenergynews.com\/rs\/aktivisti-na-sodrosu-drvece-poseceno-bez-procene-uticaja-na-zivotnu-sredinu\/#article","isPartOf":{"@id":"https:\/\/balkangreenenergynews.com\/rs\/aktivisti-na-sodrosu-drvece-poseceno-bez-procene-uticaja-na-zivotnu-sredinu\/"},"author":{"name":"Balkan Green Energy News","@id":"https:\/\/balkangreenenergynews.com\/rs\/#\/schema\/person\/dee275e6036b1a0f7ceaf956d79d4eff"},"headline":"Aktivisti na \u0160odro\u0161u: Drve\u0107e pose\u010deno bez procene uticaja na \u017eivotnu sredinu","datePublished":"2023-03-27T15:10:38+00:00","dateModified":"2023-03-29T10:11:55+00:00","mainEntityOfPage":{"@id":"https:\/\/balkangreenenergynews.com\/rs\/aktivisti-na-sodrosu-drvece-poseceno-bez-procene-uticaja-na-zivotnu-sredinu\/"},"wordCount":485,"commentCount":0,"image":{"@id":"https:\/\/balkangreenenergynews.com\/rs\/aktivisti-na-sodrosu-drvece-poseceno-bez-procene-uticaja-na-zivotnu-sredinu\/#primaryimage"},"thumbnailUrl":"https:\/\/balkangreenenergynews.com\/rs\/wp-content\/uploads\/2023\/03\/sodros-fb.jpg?wsr","keywords":["aktivizam","Izjava dana","\u0160odro\u0161","\u017eivotna sredina"],"articleSection":["Biodiverzitet","\u017divotna sredina"],"inLanguage":"sr-RS","potentialAction":[{"@type":"CommentAction","name":"Comment","target":["https:\/\/balkangreenenergynews.com\/rs\/aktivisti-na-sodrosu-drvece-poseceno-bez-procene-uticaja-na-zivotnu-sredinu\/#respond"]}]},{"@type":"WebPage","@id":"https:\/\/balkangreenenergynews.com\/rs\/aktivisti-na-sodrosu-drvece-poseceno-bez-procene-uticaja-na-zivotnu-sredinu\/","url":"https:\/\/balkangreenenergynews.com\/rs\/aktivisti-na-sodrosu-drvece-poseceno-bez-procene-uticaja-na-zivotnu-sredinu\/","name":"Aktivisti na \u0160odro\u0161u: Drve\u0107e pose\u010deno bez procene uticaja na \u017eivotnu sredinu","isPartOf":{"@id":"https:\/\/balkangreenenergynews.com\/rs\/#website"},"primaryImageOfPage":{"@id":"https:\/\/balkangreenenergynews.com\/rs\/aktivisti-na-sodrosu-drvece-poseceno-bez-procene-uticaja-na-zivotnu-sredinu\/#primaryimage"},"image":{"@id":"https:\/\/balkangreenenergynews.com\/rs\/aktivisti-na-sodrosu-drvece-poseceno-bez-procene-uticaja-na-zivotnu-sredinu\/#primaryimage"},"thumbnailUrl":"https:\/\/balkangreenenergynews.com\/rs\/wp-content\/uploads\/2023\/03\/sodros-fb.jpg?wsr","datePublished":"2023-03-27T15:10:38+00:00","dateModified":"2023-03-29T10:11:55+00:00","author":{"@id":"https:\/\/balkangreenenergynews.com\/rs\/#\/schema\/person\/dee275e6036b1a0f7ceaf956d79d4eff"},"description":"Na \u0160odro\u0161u u Novom Sadu je pose\u010deno 140 autohotonih stabala na trasi za izgradnju \u010detvrtog gradskog mosta.","breadcrumb":{"@id":"https:\/\/balkangreenenergynews.com\/rs\/aktivisti-na-sodrosu-drvece-poseceno-bez-procene-uticaja-na-zivotnu-sredinu\/#breadcrumb"},"inLanguage":"sr-RS","potentialAction":[{"@type":"ReadAction","target":["https:\/\/balkangreenenergynews.com\/rs\/aktivisti-na-sodrosu-drvece-poseceno-bez-procene-uticaja-na-zivotnu-sredinu\/"]}]},{"@type":"ImageObject","inLanguage":"sr-RS","@id":"https:\/\/balkangreenenergynews.com\/rs\/aktivisti-na-sodrosu-drvece-poseceno-bez-procene-uticaja-na-zivotnu-sredinu\/#primaryimage","url":"https:\/\/balkangreenenergynews.com\/rs\/wp-content\/uploads\/2023\/03\/sodros-fb.jpg?wsr","contentUrl":"https:\/\/balkangreenenergynews.com\/rs\/wp-content\/uploads\/2023\/03\/sodros-fb.jpg?wsr","width":840,"height":430,"caption":"Aktivisti na \u0160odro\u0161u: Drve\u0107e pose\u010deno"},{"@type":"BreadcrumbList","@id":"https:\/\/balkangreenenergynews.com\/rs\/aktivisti-na-sodrosu-drvece-poseceno-bez-procene-uticaja-na-zivotnu-sredinu\/#breadcrumb","itemListElement":[{"@type":"ListItem","position":1,"name":"Po\u010detna","item":"https:\/\/balkangreenenergynews.com\/rs\/"},{"@type":"ListItem","position":2,"name":"Vesti","item":"https:\/\/balkangreenenergynews.com\/rs\/kategorija\/vesti\/"},{"@type":"ListItem","position":3,"name":"Biodiverzitet","item":"https:\/\/balkangreenenergynews.com\/rs\/kategorija\/vesti\/biodiverzitet\/"},{"@type":"ListItem","position":4,"name":"Aktivisti na \u0160odro\u0161u: Drve\u0107e pose\u010deno bez procene uticaja na \u017eivotnu sredinu"}]},{"@type":"WebSite","@id":"https:\/\/balkangreenenergynews.com\/rs\/#website","url":"https:\/\/balkangreenenergynews.com\/rs\/","name":"Balkan Green Energy News","description":"Naj\u0161iri izbor vesti sa Balkana o zelenoj energiji","potentialAction":[{"@type":"SearchAction","target":{"@type":"EntryPoint","urlTemplate":"https:\/\/balkangreenenergynews.com\/rs\/?s={search_term_string}"},"query-input":{"@type":"PropertyValueSpecification","valueRequired":true,"valueName":"search_term_string"}}],"inLanguage":"sr-RS"},{"@type":"Person","@id":"https:\/\/balkangreenenergynews.com\/rs\/#\/schema\/person\/dee275e6036b1a0f7ceaf956d79d4eff","name":"Balkan Green Energy News","url":"https:\/\/balkangreenenergynews.com\/rs\/author\/balkangreenenergynews\/"}]}},"_links":{"self":[{"href":"https:\/\/balkangreenenergynews.com\/rs\/wp-json\/wp\/v2\/posts\/57531","targetHints":{"allow":["GET"]}}],"collection":[{"href":"https:\/\/balkangreenenergynews.com\/rs\/wp-json\/wp\/v2\/posts"}],"about":[{"href":"https:\/\/balkangreenenergynews.com\/rs\/wp-json\/wp\/v2\/types\/post"}],"author":[{"embeddable":true,"href":"https:\/\/balkangreenenergynews.com\/rs\/wp-json\/wp\/v2\/users\/25"}],"replies":[{"embeddable":true,"href":"https:\/\/balkangreenenergynews.com\/rs\/wp-json\/wp\/v2\/comments?post=57531"}],"version-history":[{"count":0,"href":"https:\/\/balkangreenenergynews.com\/rs\/wp-json\/wp\/v2\/posts\/57531\/revisions"}],"wp:featuredmedia":[{"embeddable":true,"href":"https:\/\/balkangreenenergynews.com\/rs\/wp-json\/wp\/v2\/media\/57536"}],"wp:attachment":[{"href":"https:\/\/balkangreenenergynews.com\/rs\/wp-json\/wp\/v2\/media?parent=57531"}],"wp:term":[{"taxonomy":"category","embeddable":true,"href":"https:\/\/balkangreenenergynews.com\/rs\/wp-json\/wp\/v2\/categories?post=57531"},{"taxonomy":"post_tag","embeddable":true,"href":"https:\/\/balkangreenenergynews.com\/rs\/wp-json\/wp\/v2\/tags?post=57531"}],"curies":[{"name":"wp","href":"https:\/\/api.w.org\/{rel}","templated":true}]}}