{"id":57132,"date":"2023-03-17T16:55:52","date_gmt":"2023-03-17T15:55:52","guid":{"rendered":"https:\/\/balkangreenenergynews.com\/rs\/?p=57132"},"modified":"2023-03-18T09:42:57","modified_gmt":"2023-03-18T08:42:57","slug":"globalni-dan-reciklaze-od-separacije-otpada-do-smanjenja-emisija-co2","status":"publish","type":"post","link":"https:\/\/balkangreenenergynews.com\/rs\/globalni-dan-reciklaze-od-separacije-otpada-do-smanjenja-emisija-co2\/","title":{"rendered":"Globalni dan recikla\u017ee: od separacije otpada do smanjenja emisija CO2"},"content":{"rendered":"<h2>Globalni dan recikla\u017ee se obele\u017eava 18. marta, radi ukazivanja na va\u017enost ponovne upotrebe predmeta i materijala i o\u010duvanja resursa. Procenjuje se da \u0107e recikla\u017ena industrija 2030. doprinositi smanjenju emisija ugljen-dioksida sa oko milijardu tona godi\u0161nje.<\/h2>\n<p>Globalni dan recikla\u017ee su 2018. godine usvojile Ujedinjene nacije, podse\u0107aju u Globalnoj fondaciji za recikla\u017eu. Ta organizacija isti\u010de da je hitno potreban globalni pristup recikliranju.<\/p>\n<p>Recikla\u017ea doprinosi o\u010duvanju prirodnih resursa i klju\u010dna je za prelazak na cirkularnu ekonomiju.<\/p>\n<p lang=\"sr-Latn-RS\"><a href=\"https:\/\/balkangreenenergynews.com\/rs\/globalni-dan-reciklaze-sedmi-resurs-za-ocuvanje-planete\/\">Pri obele\u017eavanju<\/a> ovog dana isti\u010de se potreba za <a href=\"https:\/\/balkangreenenergynews.com\/rs\/moze-li-eu-novim-predlogom-ekodizajna-ubrzati-put-ka-cirkularnoj-ekonomiji\/\">unapre\u0111ivanjem<\/a> upravljanja ne samo otpadom, nego i resursima, jer se recikliranje ti\u010de jednog i drugog, obja\u0161njava Kristina Cvejanov, ekspertkinja za otpad iz mre\u017ee Greenloop.<\/p>\n<p lang=\"sr-Latn-RS\">&#8222;Moramo da se povezujemo sa sistemom, da razumemo tok materije i tok novca, kao i mogu\u0107nosti koje imamo da smanjimo svoj ekolo\u0161ki otisak&#8220;, kazala je za Balkan Green Energy News.<\/p>\n<blockquote>\n<p lang=\"sr-Latn-RS\">Cvejanov: Neophodno je da se \u0161to bolje razumeju procesi i efekti na\u0161eg uticaja na na \u017eivotnu sredinu<\/p>\n<\/blockquote>\n<p lang=\"sr-Latn-RS\">Neophodno je da se \u0161to bolje razumeju procesi i efekti na\u0161eg uticaja na na \u017eivotnu sredinu, navodi Cvejanov. Dodala je da je neophodno <a href=\"https:\/\/balkangreenenergynews.com\/rs\/ambalazni-otpad-neodgovornost-privrede-koju-gradjani-placaju\/\">povezivanje<\/a> svih aktera.<\/p>\n<p lang=\"sr-Latn-RS\">&#8222;Dan recikla\u017ee upravo simboli\u0161e ono \u0161to je osnova za takav uspeh, a to je zajedni\u010dki rad, to je saradnja. To je jedan dan u kome cela planeta razmi\u0161lja o recikla\u017ei, kada mediji pi\u0161u o tome, kada gra\u0111ani i kompanije prave akcije. To je veliki doprinos \u0161irenju svesti i me\u0111usobnom povezivanju i umre\u017eavanju&#8220;, isti\u010de na\u0161a sagovornica.<\/p>\n<h3>Sortiranjem otpada do smanjenja emisija CO2<\/h3>\n<p>U procesu recikiranja, nezaobilazna je selekcija i separacija. <a href=\"https:\/\/balkangreenenergynews.com\/rs\/grad-zagreb-dobija-sortirnicu-otpada-kapaciteta-120-hiljada-tona-godisnje\/\">Zagreb<\/a> je uveo takav sistem za komunalni otpad za doma\u0107instva i firme i brzo postigao zna\u010dajan pomak. Oko 80 procenata stanovnika glavnog grada Hrvatske razvrstava otpad.<\/p>\n<p>U Evropskoj uniji se skoro polovina komunalnog otpada reciklira i kompostira, a ne\u0161to manje od tre\u0107ine se <a href=\"https:\/\/balkangreenenergynews.com\/rs\/energija-iz-otpada-realna-briga-ili-prilika-za-ekolosko-klimatsko-energetsku-dobit\/\">iskoristi za dobijanje energije<\/a>. Prema podacima Eurostata, oko \u010detvrtine komunalnog otpada se ne iskoristi i zavr\u0161i na deponijama. dok u Srbiji udeo dosti\u017ee skoro 90 procenata.<\/p>\n<p>Godi\u0161nje se na planeti proizvede 2,1 milijarda metri\u010dkih tona \u010dvrstog otpada, od \u010dega se reciklira tek oko 16 procenata. Me\u0111utim, i pored tako slabog u\u010dinka, svake godine se recikliranjem u\u0161tedi preko 700 miliona tona emisija ugljen-dioksida (CO2),\u00a0po podacima Globalne fondacije za recikla\u017eu. Do kraja decenije bi ta koli\u010dina trebalo da se uve\u0107a na milijardu tona, saop\u0161teno je.<\/p>\n<h3>Recikliranje vetroturbina<\/h3>\n<p>Oko 90 procenata mase vetroturbine mo\u017ee da se recikilira. Ve\u0107i deo tih ma\u0161ina se sastoji od \u010delika i bakra, koji mogu da se prerade. Me\u0111utim, elise se naj\u010de\u0161\u0107e izra\u0111uju od kompozitnih materijala, plastike i kombinacije ugljeni\u010dkih i staklenih vlakana, radi postizanja \u010dvrstine. One uglavnom zavr\u0161avaju na deponijama nakon isteka radnog veka vetroturbine, koji u proseku traje 25 godina.<\/p>\n<p>Proizvo\u0111a\u010di su po\u010deli da prave vetroturbine koje se <a href=\"https:\/\/balkangreenenergynews.com\/rs\/vetar-promene-odrzivo-recikliranje-elisa-postaje-moguce\/\">mogu reciklirati<\/a>. Prvi takav prototip &#8211; <a href=\"https:\/\/balkangreenenergynews.com\/rs\/projekat-zebra-prva-vetroturbina-koja-moze-u-potpunosti-da-se-reciklira\/\">ZEBRA<\/a> (Zero wastE Blade ReseArch), proizveden je pro\u0161le godine od termoplasti\u010dne smole oja\u010dane staklenim vlaknima.<\/p>\n<h3>Reciklabilni materijal je sedmi resurs planete<\/h3>\n<p>Pored \u0161est primarnih resursa \u2013 vode, vazduha, nafte, prirodnog gasa, uglja i minerala, za civilizaciju postaje neophodan i sedmi, reciklabilni materijal.<\/p>\n<p>Resursi su ograni\u010deni, a zbog <a href=\"https:\/\/balkangreenenergynews.com\/rs\/svet-se-ujedinio-u-borbi-protiv-zagadjenja-plastikom-usvojen-najznacajniji-ekoloski-dokument-posle-pariskog-sporazuma\/\">preteranog i nemarnog<\/a> iskori\u0161tavanja milijarde tona otpada <a href=\"https:\/\/balkangreenenergynews.com\/rs\/komunalni-otpad-neiskorisceni-resurs-srbije\/\">zavr\u0161e na deponijama<\/a> svake godine.<\/p>\n<p>\u010cove\u010danstvo je u poslednjih pola veka potro\u0161ilo vi\u0161e resursa nego u celoj istoriji do tada.<\/p>\n<p>Danas se preko 50 procenata proizvedenih aluminijumskih limenki reciklira. Staklo mo\u017ee ponovo da se iskoristi bez promene kvaliteta, dok se stari \u010dasopisi i novine za samo sedam dana recikliraju u nove. Pri tome, za svaku tonu recikliranih novina sa\u010duva se 17 stabala.<\/p>\n<p>Oko 1,6 miliona ljudi \u0161irom sveta zaposleno je u procesima prerade materijala koji se mo\u017ee reciklirati, navodi pomenuta fondacija.<\/p>\n","protected":false},"excerpt":{"rendered":"<p>Procenjuje se da \u0107e recikla\u017ena industrija 2030. doprinositi smanjenju emisija sa milijardu tona ugljen-dioksida godi\u0161nje<\/p>\n","protected":false},"author":30,"featured_media":57166,"comment_status":"open","ping_status":"open","sticky":false,"template":"","format":"standard","meta":{"_acf_changed":false,"_monsterinsights_skip_tracking":false,"_monsterinsights_sitenote_active":false,"_monsterinsights_sitenote_note":"","_monsterinsights_sitenote_category":0,"footnotes":""},"categories":[5,4],"tags":[948,509,6087,6395,679,825,6774,708],"class_list":["post-57132","post","type-post","status-publish","format-standard","has-post-thumbnail","hentry","category-otpad","category-zivotna-sredina","tag-cirkularna-ekonomija","tag-co2","tag-co2-emisije","tag-kristina-cvejanov","tag-otpad","tag-reciklaza","tag-svetski-dan-reciklaze","tag-vetroturbine","country-srbija","country-svet"],"acf":[],"yoast_head":"<!-- This site is optimized with the Yoast SEO plugin v27.4 - https:\/\/yoast.com\/product\/yoast-seo-wordpress\/ -->\n<title>Globalni dan recikla\u017ee: od separacije otpada do smanjenja emisija CO2<\/title>\n<meta name=\"description\" content=\"Procenjuje se da \u0107e recikla\u017ena industrija 2030. doprinositi smanjenju emisija sa milijardu tona ugljen-dioksida godi\u0161nje.\" \/>\n<meta name=\"robots\" content=\"index, follow, max-snippet:-1, max-image-preview:large, max-video-preview:-1\" \/>\n<link rel=\"canonical\" href=\"https:\/\/balkangreenenergynews.com\/rs\/globalni-dan-reciklaze-od-separacije-otpada-do-smanjenja-emisija-co2\/\" \/>\n<meta property=\"og:locale\" content=\"sr_RS\" \/>\n<meta property=\"og:type\" content=\"article\" \/>\n<meta property=\"og:title\" content=\"Globalni dan recikla\u017ee: od separacije otpada do smanjenja emisija CO2\" \/>\n<meta property=\"og:description\" content=\"Procenjuje se da \u0107e recikla\u017ena industrija 2030. doprinositi smanjenju emisija sa milijardu tona ugljen-dioksida godi\u0161nje.\" \/>\n<meta property=\"og:url\" content=\"https:\/\/balkangreenenergynews.com\/rs\/globalni-dan-reciklaze-od-separacije-otpada-do-smanjenja-emisija-co2\/\" \/>\n<meta property=\"og:site_name\" content=\"Balkan Green Energy News\" \/>\n<meta property=\"article:published_time\" content=\"2023-03-17T15:55:52+00:00\" \/>\n<meta property=\"article:modified_time\" content=\"2023-03-18T08:42:57+00:00\" \/>\n<meta property=\"og:image\" content=\"https:\/\/balkangreenenergynews.com\/rs\/wp-content\/uploads\/2023\/03\/pexels-mali-maeder-802221-1.jpg\" \/>\n\t<meta property=\"og:image:width\" content=\"840\" \/>\n\t<meta property=\"og:image:height\" content=\"430\" \/>\n\t<meta property=\"og:image:type\" content=\"image\/jpeg\" \/>\n<meta name=\"author\" content=\"Mihajlo Vujasin\" \/>\n<meta name=\"twitter:card\" content=\"summary_large_image\" \/>\n<meta name=\"twitter:label1\" content=\"\u041d\u0430\u043f\u0438\u0441\u0430\u043d\u043e \u043e\u0434\" \/>\n\t<meta name=\"twitter:data1\" content=\"Mihajlo Vujasin\" \/>\n\t<meta name=\"twitter:label2\" content=\"\u041f\u0440\u043e\u0446\u0435\u045a\u0435\u043d\u043e \u0432\u0440\u0435\u043c\u0435 \u0447\u0438\u0442\u0430\u045a\u0430\" \/>\n\t<meta name=\"twitter:data2\" content=\"4 \u043c\u0438\u043d\u0443\u0442\u0430\" \/>\n<script type=\"application\/ld+json\" class=\"yoast-schema-graph\">{\"@context\":\"https:\\\/\\\/schema.org\",\"@graph\":[{\"@type\":\"Article\",\"@id\":\"https:\\\/\\\/balkangreenenergynews.com\\\/rs\\\/globalni-dan-reciklaze-od-separacije-otpada-do-smanjenja-emisija-co2\\\/#article\",\"isPartOf\":{\"@id\":\"https:\\\/\\\/balkangreenenergynews.com\\\/rs\\\/globalni-dan-reciklaze-od-separacije-otpada-do-smanjenja-emisija-co2\\\/\"},\"author\":{\"name\":\"Mihajlo Vujasin\",\"@id\":\"https:\\\/\\\/balkangreenenergynews.com\\\/rs\\\/#\\\/schema\\\/person\\\/6b3cd0445eb192f645c773282d0747ca\"},\"headline\":\"Globalni dan recikla\u017ee: od separacije otpada do smanjenja emisija CO2\",\"datePublished\":\"2023-03-17T15:55:52+00:00\",\"dateModified\":\"2023-03-18T08:42:57+00:00\",\"mainEntityOfPage\":{\"@id\":\"https:\\\/\\\/balkangreenenergynews.com\\\/rs\\\/globalni-dan-reciklaze-od-separacije-otpada-do-smanjenja-emisija-co2\\\/\"},\"wordCount\":653,\"commentCount\":0,\"image\":{\"@id\":\"https:\\\/\\\/balkangreenenergynews.com\\\/rs\\\/globalni-dan-reciklaze-od-separacije-otpada-do-smanjenja-emisija-co2\\\/#primaryimage\"},\"thumbnailUrl\":\"https:\\\/\\\/balkangreenenergynews.com\\\/rs\\\/wp-content\\\/uploads\\\/2023\\\/03\\\/pexels-mali-maeder-802221-1.jpg?wsr\",\"keywords\":[\"cirkularna ekonomija\",\"CO2\",\"CO2 emisije\",\"Kristina Cvejanov\",\"otpad\",\"recikla\u017ea\",\"Svetski dan recikla\u017ee\",\"vetroturbine\"],\"articleSection\":[\"Otpad\",\"\u017divotna sredina\"],\"inLanguage\":\"sr-RS\",\"potentialAction\":[{\"@type\":\"CommentAction\",\"name\":\"Comment\",\"target\":[\"https:\\\/\\\/balkangreenenergynews.com\\\/rs\\\/globalni-dan-reciklaze-od-separacije-otpada-do-smanjenja-emisija-co2\\\/#respond\"]}]},{\"@type\":\"WebPage\",\"@id\":\"https:\\\/\\\/balkangreenenergynews.com\\\/rs\\\/globalni-dan-reciklaze-od-separacije-otpada-do-smanjenja-emisija-co2\\\/\",\"url\":\"https:\\\/\\\/balkangreenenergynews.com\\\/rs\\\/globalni-dan-reciklaze-od-separacije-otpada-do-smanjenja-emisija-co2\\\/\",\"name\":\"Globalni dan recikla\u017ee: od separacije otpada do smanjenja emisija CO2\",\"isPartOf\":{\"@id\":\"https:\\\/\\\/balkangreenenergynews.com\\\/rs\\\/#website\"},\"primaryImageOfPage\":{\"@id\":\"https:\\\/\\\/balkangreenenergynews.com\\\/rs\\\/globalni-dan-reciklaze-od-separacije-otpada-do-smanjenja-emisija-co2\\\/#primaryimage\"},\"image\":{\"@id\":\"https:\\\/\\\/balkangreenenergynews.com\\\/rs\\\/globalni-dan-reciklaze-od-separacije-otpada-do-smanjenja-emisija-co2\\\/#primaryimage\"},\"thumbnailUrl\":\"https:\\\/\\\/balkangreenenergynews.com\\\/rs\\\/wp-content\\\/uploads\\\/2023\\\/03\\\/pexels-mali-maeder-802221-1.jpg?wsr\",\"datePublished\":\"2023-03-17T15:55:52+00:00\",\"dateModified\":\"2023-03-18T08:42:57+00:00\",\"author\":{\"@id\":\"https:\\\/\\\/balkangreenenergynews.com\\\/rs\\\/#\\\/schema\\\/person\\\/6b3cd0445eb192f645c773282d0747ca\"},\"description\":\"Procenjuje se da \u0107e recikla\u017ena industrija 2030. doprinositi smanjenju emisija sa milijardu tona ugljen-dioksida godi\u0161nje.\",\"breadcrumb\":{\"@id\":\"https:\\\/\\\/balkangreenenergynews.com\\\/rs\\\/globalni-dan-reciklaze-od-separacije-otpada-do-smanjenja-emisija-co2\\\/#breadcrumb\"},\"inLanguage\":\"sr-RS\",\"potentialAction\":[{\"@type\":\"ReadAction\",\"target\":[\"https:\\\/\\\/balkangreenenergynews.com\\\/rs\\\/globalni-dan-reciklaze-od-separacije-otpada-do-smanjenja-emisija-co2\\\/\"]}]},{\"@type\":\"ImageObject\",\"inLanguage\":\"sr-RS\",\"@id\":\"https:\\\/\\\/balkangreenenergynews.com\\\/rs\\\/globalni-dan-reciklaze-od-separacije-otpada-do-smanjenja-emisija-co2\\\/#primaryimage\",\"url\":\"https:\\\/\\\/balkangreenenergynews.com\\\/rs\\\/wp-content\\\/uploads\\\/2023\\\/03\\\/pexels-mali-maeder-802221-1.jpg?wsr\",\"contentUrl\":\"https:\\\/\\\/balkangreenenergynews.com\\\/rs\\\/wp-content\\\/uploads\\\/2023\\\/03\\\/pexels-mali-maeder-802221-1.jpg?wsr\",\"width\":840,\"height\":430},{\"@type\":\"BreadcrumbList\",\"@id\":\"https:\\\/\\\/balkangreenenergynews.com\\\/rs\\\/globalni-dan-reciklaze-od-separacije-otpada-do-smanjenja-emisija-co2\\\/#breadcrumb\",\"itemListElement\":[{\"@type\":\"ListItem\",\"position\":1,\"name\":\"Po\u010detna\",\"item\":\"https:\\\/\\\/balkangreenenergynews.com\\\/rs\\\/\"},{\"@type\":\"ListItem\",\"position\":2,\"name\":\"Vesti\",\"item\":\"https:\\\/\\\/balkangreenenergynews.com\\\/rs\\\/kategorija\\\/vesti\\\/\"},{\"@type\":\"ListItem\",\"position\":3,\"name\":\"Otpad\",\"item\":\"https:\\\/\\\/balkangreenenergynews.com\\\/rs\\\/kategorija\\\/vesti\\\/otpad\\\/\"},{\"@type\":\"ListItem\",\"position\":4,\"name\":\"Globalni dan recikla\u017ee: od separacije otpada do smanjenja emisija CO2\"}]},{\"@type\":\"WebSite\",\"@id\":\"https:\\\/\\\/balkangreenenergynews.com\\\/rs\\\/#website\",\"url\":\"https:\\\/\\\/balkangreenenergynews.com\\\/rs\\\/\",\"name\":\"Balkan Green Energy News\",\"description\":\"Naj\u0161iri izbor vesti sa Balkana o zelenoj energiji\",\"potentialAction\":[{\"@type\":\"SearchAction\",\"target\":{\"@type\":\"EntryPoint\",\"urlTemplate\":\"https:\\\/\\\/balkangreenenergynews.com\\\/rs\\\/?s={search_term_string}\"},\"query-input\":{\"@type\":\"PropertyValueSpecification\",\"valueRequired\":true,\"valueName\":\"search_term_string\"}}],\"inLanguage\":\"sr-RS\"},{\"@type\":\"Person\",\"@id\":\"https:\\\/\\\/balkangreenenergynews.com\\\/rs\\\/#\\\/schema\\\/person\\\/6b3cd0445eb192f645c773282d0747ca\",\"name\":\"Mihajlo Vujasin\",\"url\":\"https:\\\/\\\/balkangreenenergynews.com\\\/rs\\\/author\\\/mihajlo-vujasin\\\/\"}]}<\/script>\n<!-- \/ Yoast SEO plugin. -->","yoast_head_json":{"title":"Globalni dan recikla\u017ee: od separacije otpada do smanjenja emisija CO2","description":"Procenjuje se da \u0107e recikla\u017ena industrija 2030. doprinositi smanjenju emisija sa milijardu tona ugljen-dioksida godi\u0161nje.","robots":{"index":"index","follow":"follow","max-snippet":"max-snippet:-1","max-image-preview":"max-image-preview:large","max-video-preview":"max-video-preview:-1"},"canonical":"https:\/\/balkangreenenergynews.com\/rs\/globalni-dan-reciklaze-od-separacije-otpada-do-smanjenja-emisija-co2\/","og_locale":"sr_RS","og_type":"article","og_title":"Globalni dan recikla\u017ee: od separacije otpada do smanjenja emisija CO2","og_description":"Procenjuje se da \u0107e recikla\u017ena industrija 2030. doprinositi smanjenju emisija sa milijardu tona ugljen-dioksida godi\u0161nje.","og_url":"https:\/\/balkangreenenergynews.com\/rs\/globalni-dan-reciklaze-od-separacije-otpada-do-smanjenja-emisija-co2\/","og_site_name":"Balkan Green Energy News","article_published_time":"2023-03-17T15:55:52+00:00","article_modified_time":"2023-03-18T08:42:57+00:00","og_image":[{"width":840,"height":430,"url":"https:\/\/balkangreenenergynews.com\/rs\/wp-content\/uploads\/2023\/03\/pexels-mali-maeder-802221-1.jpg","type":"image\/jpeg"}],"author":"Mihajlo Vujasin","twitter_card":"summary_large_image","twitter_misc":{"\u041d\u0430\u043f\u0438\u0441\u0430\u043d\u043e \u043e\u0434":"Mihajlo Vujasin","\u041f\u0440\u043e\u0446\u0435\u045a\u0435\u043d\u043e \u0432\u0440\u0435\u043c\u0435 \u0447\u0438\u0442\u0430\u045a\u0430":"4 \u043c\u0438\u043d\u0443\u0442\u0430"},"schema":{"@context":"https:\/\/schema.org","@graph":[{"@type":"Article","@id":"https:\/\/balkangreenenergynews.com\/rs\/globalni-dan-reciklaze-od-separacije-otpada-do-smanjenja-emisija-co2\/#article","isPartOf":{"@id":"https:\/\/balkangreenenergynews.com\/rs\/globalni-dan-reciklaze-od-separacije-otpada-do-smanjenja-emisija-co2\/"},"author":{"name":"Mihajlo Vujasin","@id":"https:\/\/balkangreenenergynews.com\/rs\/#\/schema\/person\/6b3cd0445eb192f645c773282d0747ca"},"headline":"Globalni dan recikla\u017ee: od separacije otpada do smanjenja emisija CO2","datePublished":"2023-03-17T15:55:52+00:00","dateModified":"2023-03-18T08:42:57+00:00","mainEntityOfPage":{"@id":"https:\/\/balkangreenenergynews.com\/rs\/globalni-dan-reciklaze-od-separacije-otpada-do-smanjenja-emisija-co2\/"},"wordCount":653,"commentCount":0,"image":{"@id":"https:\/\/balkangreenenergynews.com\/rs\/globalni-dan-reciklaze-od-separacije-otpada-do-smanjenja-emisija-co2\/#primaryimage"},"thumbnailUrl":"https:\/\/balkangreenenergynews.com\/rs\/wp-content\/uploads\/2023\/03\/pexels-mali-maeder-802221-1.jpg?wsr","keywords":["cirkularna ekonomija","CO2","CO2 emisije","Kristina Cvejanov","otpad","recikla\u017ea","Svetski dan recikla\u017ee","vetroturbine"],"articleSection":["Otpad","\u017divotna sredina"],"inLanguage":"sr-RS","potentialAction":[{"@type":"CommentAction","name":"Comment","target":["https:\/\/balkangreenenergynews.com\/rs\/globalni-dan-reciklaze-od-separacije-otpada-do-smanjenja-emisija-co2\/#respond"]}]},{"@type":"WebPage","@id":"https:\/\/balkangreenenergynews.com\/rs\/globalni-dan-reciklaze-od-separacije-otpada-do-smanjenja-emisija-co2\/","url":"https:\/\/balkangreenenergynews.com\/rs\/globalni-dan-reciklaze-od-separacije-otpada-do-smanjenja-emisija-co2\/","name":"Globalni dan recikla\u017ee: od separacije otpada do smanjenja emisija CO2","isPartOf":{"@id":"https:\/\/balkangreenenergynews.com\/rs\/#website"},"primaryImageOfPage":{"@id":"https:\/\/balkangreenenergynews.com\/rs\/globalni-dan-reciklaze-od-separacije-otpada-do-smanjenja-emisija-co2\/#primaryimage"},"image":{"@id":"https:\/\/balkangreenenergynews.com\/rs\/globalni-dan-reciklaze-od-separacije-otpada-do-smanjenja-emisija-co2\/#primaryimage"},"thumbnailUrl":"https:\/\/balkangreenenergynews.com\/rs\/wp-content\/uploads\/2023\/03\/pexels-mali-maeder-802221-1.jpg?wsr","datePublished":"2023-03-17T15:55:52+00:00","dateModified":"2023-03-18T08:42:57+00:00","author":{"@id":"https:\/\/balkangreenenergynews.com\/rs\/#\/schema\/person\/6b3cd0445eb192f645c773282d0747ca"},"description":"Procenjuje se da \u0107e recikla\u017ena industrija 2030. doprinositi smanjenju emisija sa milijardu tona ugljen-dioksida godi\u0161nje.","breadcrumb":{"@id":"https:\/\/balkangreenenergynews.com\/rs\/globalni-dan-reciklaze-od-separacije-otpada-do-smanjenja-emisija-co2\/#breadcrumb"},"inLanguage":"sr-RS","potentialAction":[{"@type":"ReadAction","target":["https:\/\/balkangreenenergynews.com\/rs\/globalni-dan-reciklaze-od-separacije-otpada-do-smanjenja-emisija-co2\/"]}]},{"@type":"ImageObject","inLanguage":"sr-RS","@id":"https:\/\/balkangreenenergynews.com\/rs\/globalni-dan-reciklaze-od-separacije-otpada-do-smanjenja-emisija-co2\/#primaryimage","url":"https:\/\/balkangreenenergynews.com\/rs\/wp-content\/uploads\/2023\/03\/pexels-mali-maeder-802221-1.jpg?wsr","contentUrl":"https:\/\/balkangreenenergynews.com\/rs\/wp-content\/uploads\/2023\/03\/pexels-mali-maeder-802221-1.jpg?wsr","width":840,"height":430},{"@type":"BreadcrumbList","@id":"https:\/\/balkangreenenergynews.com\/rs\/globalni-dan-reciklaze-od-separacije-otpada-do-smanjenja-emisija-co2\/#breadcrumb","itemListElement":[{"@type":"ListItem","position":1,"name":"Po\u010detna","item":"https:\/\/balkangreenenergynews.com\/rs\/"},{"@type":"ListItem","position":2,"name":"Vesti","item":"https:\/\/balkangreenenergynews.com\/rs\/kategorija\/vesti\/"},{"@type":"ListItem","position":3,"name":"Otpad","item":"https:\/\/balkangreenenergynews.com\/rs\/kategorija\/vesti\/otpad\/"},{"@type":"ListItem","position":4,"name":"Globalni dan recikla\u017ee: od separacije otpada do smanjenja emisija CO2"}]},{"@type":"WebSite","@id":"https:\/\/balkangreenenergynews.com\/rs\/#website","url":"https:\/\/balkangreenenergynews.com\/rs\/","name":"Balkan Green Energy News","description":"Naj\u0161iri izbor vesti sa Balkana o zelenoj energiji","potentialAction":[{"@type":"SearchAction","target":{"@type":"EntryPoint","urlTemplate":"https:\/\/balkangreenenergynews.com\/rs\/?s={search_term_string}"},"query-input":{"@type":"PropertyValueSpecification","valueRequired":true,"valueName":"search_term_string"}}],"inLanguage":"sr-RS"},{"@type":"Person","@id":"https:\/\/balkangreenenergynews.com\/rs\/#\/schema\/person\/6b3cd0445eb192f645c773282d0747ca","name":"Mihajlo Vujasin","url":"https:\/\/balkangreenenergynews.com\/rs\/author\/mihajlo-vujasin\/"}]}},"_links":{"self":[{"href":"https:\/\/balkangreenenergynews.com\/rs\/wp-json\/wp\/v2\/posts\/57132","targetHints":{"allow":["GET"]}}],"collection":[{"href":"https:\/\/balkangreenenergynews.com\/rs\/wp-json\/wp\/v2\/posts"}],"about":[{"href":"https:\/\/balkangreenenergynews.com\/rs\/wp-json\/wp\/v2\/types\/post"}],"author":[{"embeddable":true,"href":"https:\/\/balkangreenenergynews.com\/rs\/wp-json\/wp\/v2\/users\/30"}],"replies":[{"embeddable":true,"href":"https:\/\/balkangreenenergynews.com\/rs\/wp-json\/wp\/v2\/comments?post=57132"}],"version-history":[{"count":0,"href":"https:\/\/balkangreenenergynews.com\/rs\/wp-json\/wp\/v2\/posts\/57132\/revisions"}],"wp:featuredmedia":[{"embeddable":true,"href":"https:\/\/balkangreenenergynews.com\/rs\/wp-json\/wp\/v2\/media\/57166"}],"wp:attachment":[{"href":"https:\/\/balkangreenenergynews.com\/rs\/wp-json\/wp\/v2\/media?parent=57132"}],"wp:term":[{"taxonomy":"category","embeddable":true,"href":"https:\/\/balkangreenenergynews.com\/rs\/wp-json\/wp\/v2\/categories?post=57132"},{"taxonomy":"post_tag","embeddable":true,"href":"https:\/\/balkangreenenergynews.com\/rs\/wp-json\/wp\/v2\/tags?post=57132"}],"curies":[{"name":"wp","href":"https:\/\/api.w.org\/{rel}","templated":true}]}}